{"id":109847,"date":"2025-11-23T20:30:46","date_gmt":"2025-11-23T20:30:46","guid":{"rendered":"https:\/\/jornaldasoficinas.com\/pt\/?p=109847"},"modified":"2025-11-23T20:25:25","modified_gmt":"2025-11-23T20:25:25","slug":"20-anos-aftermarket-duas-decadas-que-mudaram-tudo","status":"publish","type":"post","link":"https:\/\/jornaldasoficinas.com\/pt\/20-anos-aftermarket-duas-decadas-que-mudaram-tudo\/","title":{"rendered":"20 anos Aftermarket: Duas d\u00e9cadas que mudaram tudo!"},"content":{"rendered":"<p><img loading=\"lazy\" decoding=\"async\" class=\"alignnone size-full wp-image-109850\" src=\"https:\/\/jornaldasoficinas.com\/pt\/wp-content\/uploads\/2025\/11\/20anos_aftermarket.jpeg\" alt=\"11 - 20anos_aftermarket\" width=\"1024\" height=\"581\" srcset=\"https:\/\/jornaldasoficinas.com\/pt\/wp-content\/uploads\/2025\/11\/20anos_aftermarket.jpeg 1024w, https:\/\/jornaldasoficinas.com\/pt\/wp-content\/uploads\/2025\/11\/20anos_aftermarket-300x170.jpeg 300w, https:\/\/jornaldasoficinas.com\/pt\/wp-content\/uploads\/2025\/11\/20anos_aftermarket-150x85.jpeg 150w, https:\/\/jornaldasoficinas.com\/pt\/wp-content\/uploads\/2025\/11\/20anos_aftermarket-768x436.jpeg 768w\" sizes=\"auto, (max-width: 1024px) 100vw, 1024px\" \/><\/p>\n<p><strong>No ano em que o Jornal das Oficinas celebra o seu vig\u00e9simo anivers\u00e1rio, o balan\u00e7o do setor de p\u00f3s-venda autom\u00f3vel reflete uma trajet\u00f3ria marcada por transforma\u00e7\u00e3o, resili\u00eancia e capacidade de adapta\u00e7\u00e3o. Nas p\u00e1ginas seguintes, damos voz aos protagonistas do aftermarket, que partilham a sua vis\u00e3o sobre a evolu\u00e7\u00e3o do setor e as tend\u00eancias que moldar\u00e3o o seu futuro<\/strong><\/p>\n<p>Ao longo das duas \u00faltimas d\u00e9cadas, o aftermarket deixou de ser um espa\u00e7o fragmentado e artesanal para se afirmar como uma ind\u00fastria estruturada, digital e global. A evolu\u00e7\u00e3o n\u00e3o ocorreu de forma linear, mas acompanhou os grandes ciclos econ\u00f3micos, tecnol\u00f3gicos e sociais que moldaram o mercado autom\u00f3vel europeu. A crescente idade m\u00e9dia das viaturas, a mudan\u00e7a no comportamento dos consumidores e o avan\u00e7o das tecnologias de diagn\u00f3stico e gest\u00e3o impulsionaram o crescimento de um ecossistema mais profissional e competitivo.<\/p>\n<p>Os respons\u00e1veis das marcas do aftermarket reconhecem que o setor viveu uma aut\u00eantica revolu\u00e7\u00e3o silenciosa. O que antes era dominado por pequenas empresas familiares com recursos limitados tornou-se num universo altamente especializado, sustentado por forma\u00e7\u00e3o t\u00e9cnica, investimento em infraestruturas e aposta na inova\u00e7\u00e3o. A digitaliza\u00e7\u00e3o, a globaliza\u00e7\u00e3o e a exig\u00eancia crescente dos clientes redefiniram os modelos de neg\u00f3cio. As oficinas, outrora focadas na repara\u00e7\u00e3o mec\u00e2nica, s\u00e3o hoje centros tecnol\u00f3gicos capazes de lidar com software, eletr\u00f3nica e dados.<\/p>\n<p><strong>Da fragmenta\u00e7\u00e3o \u00e0 consolida\u00e7\u00e3o<\/strong><br \/>\nEsta transforma\u00e7\u00e3o reflete-se tamb\u00e9m na consolida\u00e7\u00e3o da distribui\u00e7\u00e3o: grandes grupos e plataformas digitais impuseram um novo paradigma de efici\u00eancia, log\u00edstica avan\u00e7ada e cobertura territorial. A concentra\u00e7\u00e3o do mercado \u00e9 apontada como um fen\u00f3meno inevit\u00e1vel. A uni\u00e3o de distribuidores sob redes comuns e a integra\u00e7\u00e3o em grupos de compra transformaram a estrutura competitiva. Essa consolida\u00e7\u00e3o, longe de ser apenas um movimento financeiro, representa um salto de maturidade: permitiu ganhos de escala, refor\u00e7ou o poder de negocia\u00e7\u00e3o e incentivou a profissionaliza\u00e7\u00e3o. Contudo, os l\u00edderes do setor sublinham que a proximidade com o cliente continua a ser a ess\u00eancia do neg\u00f3cio. As pequenas e m\u00e9dias empresas que apostam na especializa\u00e7\u00e3o, na rapidez e no servi\u00e7o de valor acrescentado mant\u00eam espa\u00e7o pr\u00f3prio neste ecossistema cada vez mais exigente. A coexist\u00eancia entre grandes operadores globais e distribuidores regionais din\u00e2micos tem sido um dos pilares da vitalidade do aftermarket europeu.<\/p>\n<p><strong>Eletrifica\u00e7\u00e3o do parque autom\u00f3vel<\/strong><br \/>\nEntre as for\u00e7as que mais moldaram esta evolu\u00e7\u00e3o destaca-se a eletrifica\u00e7\u00e3o do parque autom\u00f3vel. Embora ainda coexistam motores t\u00e9rmicos e h\u00edbridos, o avan\u00e7o dos ve\u00edculos el\u00e9tricos est\u00e1 a reconfigurar a cadeia de valor. Os respons\u00e1veis das marcas encaram esta mudan\u00e7a como um desafio e uma oportunidade. Se por um lado desaparecem componentes de desgaste r\u00e1pido, por outro surgem novas categorias de produtos e servi\u00e7os: baterias, sistemas de gest\u00e3o t\u00e9rmica, sensores, carregadores e software de controlo. A transi\u00e7\u00e3o n\u00e3o ser\u00e1 abrupta, mas progressiva, exigindo requalifica\u00e7\u00e3o t\u00e9cnica e investimento cont\u00ednuo. O setor que souber antecipar necessidades e adaptar-se \u00e0 mobilidade eletrificada ter\u00e1 vantagem competitiva num cen\u00e1rio em que tecnologia e sustentabilidade se tornam indissoci\u00e1veis.<\/p>\n<p><strong>O Impacto do com\u00e9rcio eletr\u00f3nico<\/strong><br \/>\nO com\u00e9rcio eletr\u00f3nico \u00e9 outro vetor decisivo desta transforma\u00e7\u00e3o. As plataformas digitais e os marketplaces redefiniram as rela\u00e7\u00f5es entre distribuidores, oficinas e clientes. O acesso \u00e0 informa\u00e7\u00e3o e a possibilidade de comparar pre\u00e7os e disponibilidade em tempo real aumentaram a transpar\u00eancia e a efici\u00eancia do processo de compra. Contudo, o e-commerce n\u00e3o elimina o papel do distribuidor tradicional \u2014 antes o refor\u00e7a, desde que este ofere\u00e7a valor acrescentado atrav\u00e9s de apoio t\u00e9cnico, forma\u00e7\u00e3o e servi\u00e7o p\u00f3s-venda. A digitaliza\u00e7\u00e3o \u00e9 uma aliada estrat\u00e9gica, mas exige atualiza\u00e7\u00e3o permanente, seguran\u00e7a de dados e integra\u00e7\u00e3o de sistemas. O equil\u00edbrio entre tecnologia e proximidade humana \u00e9 hoje a fronteira que distingue as marcas mais fortes e sustent\u00e1veis.<\/p>\n<p><strong>Forma\u00e7\u00e3o e compet\u00eancias<\/strong><br \/>\nA forma\u00e7\u00e3o surge como outro eixo estruturante do futuro. A complexidade eletr\u00f3nica dos ve\u00edculos, a presen\u00e7a crescente de sistemas ADAS, a gest\u00e3o de dados e o diagn\u00f3stico de software exigem compet\u00eancias que aproximam o mec\u00e2nico moderno de um engenheiro especializado. As entidades formadoras, em parceria com marcas e distribuidores, t\u00eam um papel fundamental na requalifica\u00e7\u00e3o do setor. Dominar a alta tens\u00e3o nos ve\u00edculos eletrificados, interpretar dados telem\u00e1ticos e operar plataformas digitais s\u00e3o agora requisitos b\u00e1sicos. Paralelamente, compet\u00eancias humanas como a comunica\u00e7\u00e3o com o cliente, a transpar\u00eancia e o acompanhamento personalizado tornaram-se diferenciais competitivos. A atratividade do p\u00f3s-venda para as novas gera\u00e7\u00f5es depender\u00e1 da capacidade de projetar a oficina como um espa\u00e7o tecnol\u00f3gico, sustent\u00e1vel e de progress\u00e3o profissional.<\/p>\n<p><strong>O Papel do MVBER e a sustentabilidade<\/strong><br \/>\nO enquadramento regulat\u00f3rio, em especial o regulamento MVBER, permanece tema central. A defesa do acesso equitativo \u00e0 informa\u00e7\u00e3o t\u00e9cnica e aos dados do ve\u00edculo \u00e9 vista como condi\u00e7\u00e3o essencial para a concorr\u00eancia justa e para a sobreviv\u00eancia do aftermarket independente. A revis\u00e3o do regulamento dever\u00e1 garantir que oficinas e distribuidores independentes continuem a operar em igualdade de condi\u00e7\u00f5es com os fabricantes. Num contexto de ve\u00edculos conectados, intelig\u00eancia artificial e novos modelos de mobilidade, a clareza legislativa ser\u00e1 determinante para assegurar a diversidade e a liberdade de escolha do consumidor europeu.<\/p>\n<p>A sustentabilidade, por sua vez, deixou de ser uma tend\u00eancia para se tornar um imperativo estrat\u00e9gico. O p\u00f3s-venda sempre foi, em ess\u00eancia, um setor sustent\u00e1vel, ao prolongar a vida \u00fatil dos ve\u00edculos e promover a remanufactura. Hoje, este valor hist\u00f3rico ganha nova relev\u00e2ncia com a ado\u00e7\u00e3o de pr\u00e1ticas de economia circular, utiliza\u00e7\u00e3o de materiais reciclados e gest\u00e3o respons\u00e1vel de res\u00edduos. A integra\u00e7\u00e3o de pol\u00edticas ESG refor\u00e7am o compromisso ambiental. O consumidor, mais consciente e exigente, valoriza produtos duradouros e marcas transparentes, fazendo da sustentabilidade n\u00e3o apenas uma exig\u00eancia legal, mas um diferencial competitivo.<\/p>\n<p><strong>O Aftermarket do futuro<\/strong><br \/>\nAs perspetivas para os pr\u00f3ximos cinco a dez anos apontam para um aftermarket cada vez mais digital, sustent\u00e1vel e automatizado. A intelig\u00eancia artificial otimizar\u00e1 invent\u00e1rios e prever\u00e1 necessidades de manuten\u00e7\u00e3o; os ve\u00edculos conectados gerar\u00e3o novos modelos de servi\u00e7o preditivo; a log\u00edstica evoluir\u00e1 para sistemas de resposta imediata e ecologicamente eficientes. O parque autom\u00f3vel europeu continuar\u00e1 a envelhecer, o que garantir\u00e1 procura consistente por manuten\u00e7\u00e3o e repara\u00e7\u00e3o, mesmo num contexto de eletrifica\u00e7\u00e3o progressiva. As oficinas transformar-se-\u00e3o em verdadeiras \u201cMobility Service Stations\u201d, centros integrados de mobilidade que combinam tecnologia, dados e experi\u00eancia do cliente.<br \/>\nO futuro do aftermarket ser\u00e1, inevitavelmente, h\u00edbrido: coexistir\u00e3o motores de combust\u00e3o, h\u00edbridos e el\u00e9tricos, integrados numa rede cada vez mais digital e global. As empresas que compreenderem esta converg\u00eancia e investirem em inova\u00e7\u00e3o, forma\u00e7\u00e3o e sustentabilidade estar\u00e3o melhor preparadas para liderar. Mais do que uma fase de transi\u00e7\u00e3o, o setor vive uma redefini\u00e7\u00e3o estrutural.<\/p>\n<p>O p\u00f3s-venda do amanh\u00e3 n\u00e3o ser\u00e1 apenas o espa\u00e7o onde se repara um autom\u00f3vel, mas o centro onde se gere a mobilidade de milh\u00f5es de pessoas. O sucesso depender\u00e1 da capacidade de antecipar tend\u00eancias, adotar tecnologia e manter viva a ess\u00eancia do relacionamento humano que sempre definiu este mercado.<\/p>\n<p>Este artigo est\u00e1 tamb\u00e9m dispon\u00edvel na edi\u00e7\u00e3o online da Revista TOP100, <a href=\"https:\/\/www.yumpu.com\/pt\/document\/read\/70847884\/revista-top-100-2025\/124\">aqui<\/a>.<\/p>\n<p>&nbsp;<\/p>\n","protected":false},"excerpt":{"rendered":"<p>No ano em que o Jornal&#8230;<\/p>\n","protected":false},"author":15,"featured_media":109850,"comment_status":"closed","ping_status":"closed","sticky":false,"template":"","format":"standard","meta":{"footnotes":""},"categories":[37],"tags":[14047,7552,336,1100,6876,5524,3930,4584,10546],"class_list":["post-109847","post","type-post","status-publish","format-standard","has-post-thumbnail","hentry","category-mercado","tag-20-anos-aftermarket","tag-adaptacao","tag-digitalizacao","tag-eletrificacao","tag-futuro-aftermarket","tag-globalizacao","tag-pos-venda-automovel","tag-resiliencia","tag-transformacao"],"yoast_head":"<!-- This site is optimized with the Yoast SEO plugin v27.4 - https:\/\/yoast.com\/product\/yoast-seo-wordpress\/ -->\n<title>20 anos Aftermarket: Duas d\u00e9cadas que mudaram tudo! - Jornal das Oficinas<\/title>\n<meta name=\"description\" content=\"No ano em que o JO celebra 20 anos, damos voz aos protagonistas do aftermarket, sobre a evolu\u00e7\u00e3o e as tend\u00eancias futuras deste setor\" \/>\n<meta name=\"robots\" content=\"index, follow, max-snippet:-1, max-image-preview:large, max-video-preview:-1\" \/>\n<link rel=\"canonical\" href=\"https:\/\/jornaldasoficinas.com\/pt\/20-anos-aftermarket-duas-decadas-que-mudaram-tudo\/\" \/>\n<meta property=\"og:locale\" content=\"pt_PT\" \/>\n<meta property=\"og:type\" content=\"article\" \/>\n<meta property=\"og:title\" content=\"20 anos Aftermarket: Duas d\u00e9cadas que mudaram tudo! - Jornal das Oficinas\" \/>\n<meta property=\"og:description\" content=\"No ano em que o JO celebra 20 anos, damos voz aos protagonistas do aftermarket, sobre a evolu\u00e7\u00e3o e as tend\u00eancias futuras deste setor\" \/>\n<meta property=\"og:url\" content=\"https:\/\/jornaldasoficinas.com\/pt\/20-anos-aftermarket-duas-decadas-que-mudaram-tudo\/\" \/>\n<meta property=\"og:site_name\" content=\"Jornal das Oficinas\" \/>\n<meta property=\"article:publisher\" content=\"https:\/\/www.facebook.com\/jornaloficinas\" \/>\n<meta property=\"article:published_time\" content=\"2025-11-23T20:30:46+00:00\" \/>\n<meta property=\"og:image\" content=\"https:\/\/jornaldasoficinas.com\/pt\/wp-content\/uploads\/2025\/11\/20anos_aftermarket.jpeg\" \/>\n\t<meta property=\"og:image:width\" content=\"1024\" \/>\n\t<meta property=\"og:image:height\" content=\"581\" \/>\n\t<meta property=\"og:image:type\" content=\"image\/jpeg\" \/>\n<meta name=\"author\" content=\"Reda\u00e7\u00e3o JO\" \/>\n<meta name=\"twitter:card\" content=\"summary_large_image\" \/>\n<meta name=\"twitter:creator\" content=\"@jornaloficinas\" \/>\n<meta name=\"twitter:site\" content=\"@jornaloficinas\" \/>\n<meta name=\"twitter:label1\" content=\"Escrito por\" \/>\n\t<meta name=\"twitter:data1\" content=\"Reda\u00e7\u00e3o JO\" \/>\n\t<meta name=\"twitter:label2\" content=\"Tempo estimado de leitura\" \/>\n\t<meta name=\"twitter:data2\" content=\"7 minutos\" \/>\n<script type=\"application\/ld+json\" class=\"yoast-schema-graph\">{\"@context\":\"https:\\\/\\\/schema.org\",\"@graph\":[{\"@type\":\"Article\",\"@id\":\"https:\\\/\\\/jornaldasoficinas.com\\\/pt\\\/20-anos-aftermarket-duas-decadas-que-mudaram-tudo\\\/#article\",\"isPartOf\":{\"@id\":\"https:\\\/\\\/jornaldasoficinas.com\\\/pt\\\/20-anos-aftermarket-duas-decadas-que-mudaram-tudo\\\/\"},\"author\":{\"name\":\"Reda\u00e7\u00e3o JO\",\"@id\":\"https:\\\/\\\/jornaldasoficinas.com\\\/pt\\\/#\\\/schema\\\/person\\\/a38eef5de2c41d9e7c9ac10141afddf3\"},\"headline\":\"20 anos Aftermarket: Duas d\u00e9cadas que mudaram tudo!\",\"datePublished\":\"2025-11-23T20:30:46+00:00\",\"mainEntityOfPage\":{\"@id\":\"https:\\\/\\\/jornaldasoficinas.com\\\/pt\\\/20-anos-aftermarket-duas-decadas-que-mudaram-tudo\\\/\"},\"wordCount\":1327,\"publisher\":{\"@id\":\"https:\\\/\\\/jornaldasoficinas.com\\\/pt\\\/#organization\"},\"image\":{\"@id\":\"https:\\\/\\\/jornaldasoficinas.com\\\/pt\\\/20-anos-aftermarket-duas-decadas-que-mudaram-tudo\\\/#primaryimage\"},\"thumbnailUrl\":\"https:\\\/\\\/jornaldasoficinas.com\\\/pt\\\/wp-content\\\/uploads\\\/2025\\\/11\\\/20anos_aftermarket.jpeg\",\"keywords\":[\"20 anos Aftermarket\",\"adapta\u00e7\u00e3o\",\"Digitaliza\u00e7\u00e3o\",\"Eletrifica\u00e7\u00e3o\",\"Futuro Aftermarket\",\"globaliza\u00e7\u00e3o\",\"p\u00f3s-venda autom\u00f3vel\",\"Resili\u00eancia\",\"transforma\u00e7\u00e3o\"],\"articleSection\":[\"Mercado\"],\"inLanguage\":\"pt-PT\"},{\"@type\":\"WebPage\",\"@id\":\"https:\\\/\\\/jornaldasoficinas.com\\\/pt\\\/20-anos-aftermarket-duas-decadas-que-mudaram-tudo\\\/\",\"url\":\"https:\\\/\\\/jornaldasoficinas.com\\\/pt\\\/20-anos-aftermarket-duas-decadas-que-mudaram-tudo\\\/\",\"name\":\"20 anos Aftermarket: Duas d\u00e9cadas que mudaram tudo! - Jornal das Oficinas\",\"isPartOf\":{\"@id\":\"https:\\\/\\\/jornaldasoficinas.com\\\/pt\\\/#website\"},\"primaryImageOfPage\":{\"@id\":\"https:\\\/\\\/jornaldasoficinas.com\\\/pt\\\/20-anos-aftermarket-duas-decadas-que-mudaram-tudo\\\/#primaryimage\"},\"image\":{\"@id\":\"https:\\\/\\\/jornaldasoficinas.com\\\/pt\\\/20-anos-aftermarket-duas-decadas-que-mudaram-tudo\\\/#primaryimage\"},\"thumbnailUrl\":\"https:\\\/\\\/jornaldasoficinas.com\\\/pt\\\/wp-content\\\/uploads\\\/2025\\\/11\\\/20anos_aftermarket.jpeg\",\"datePublished\":\"2025-11-23T20:30:46+00:00\",\"description\":\"No ano em que o JO celebra 20 anos, damos voz aos protagonistas do aftermarket, sobre a evolu\u00e7\u00e3o e as tend\u00eancias futuras deste setor\",\"breadcrumb\":{\"@id\":\"https:\\\/\\\/jornaldasoficinas.com\\\/pt\\\/20-anos-aftermarket-duas-decadas-que-mudaram-tudo\\\/#breadcrumb\"},\"inLanguage\":\"pt-PT\",\"potentialAction\":[{\"@type\":\"ReadAction\",\"target\":[\"https:\\\/\\\/jornaldasoficinas.com\\\/pt\\\/20-anos-aftermarket-duas-decadas-que-mudaram-tudo\\\/\"]}]},{\"@type\":\"ImageObject\",\"inLanguage\":\"pt-PT\",\"@id\":\"https:\\\/\\\/jornaldasoficinas.com\\\/pt\\\/20-anos-aftermarket-duas-decadas-que-mudaram-tudo\\\/#primaryimage\",\"url\":\"https:\\\/\\\/jornaldasoficinas.com\\\/pt\\\/wp-content\\\/uploads\\\/2025\\\/11\\\/20anos_aftermarket.jpeg\",\"contentUrl\":\"https:\\\/\\\/jornaldasoficinas.com\\\/pt\\\/wp-content\\\/uploads\\\/2025\\\/11\\\/20anos_aftermarket.jpeg\",\"width\":1024,\"height\":581,\"caption\":\"11 - 20anos_aftermarket\"},{\"@type\":\"BreadcrumbList\",\"@id\":\"https:\\\/\\\/jornaldasoficinas.com\\\/pt\\\/20-anos-aftermarket-duas-decadas-que-mudaram-tudo\\\/#breadcrumb\",\"itemListElement\":[{\"@type\":\"ListItem\",\"position\":1,\"name\":\"In\u00edcio\",\"item\":\"https:\\\/\\\/jornaldasoficinas.com\\\/pt\\\/\"},{\"@type\":\"ListItem\",\"position\":2,\"name\":\"20 anos Aftermarket: Duas d\u00e9cadas que mudaram tudo!\"}]},{\"@type\":\"WebSite\",\"@id\":\"https:\\\/\\\/jornaldasoficinas.com\\\/pt\\\/#website\",\"url\":\"https:\\\/\\\/jornaldasoficinas.com\\\/pt\\\/\",\"name\":\"Jornal das Oficinas\",\"description\":\"Jornal independente do Aftermarket Autom\u00f3vel em Portugal\",\"publisher\":{\"@id\":\"https:\\\/\\\/jornaldasoficinas.com\\\/pt\\\/#organization\"},\"potentialAction\":[{\"@type\":\"SearchAction\",\"target\":{\"@type\":\"EntryPoint\",\"urlTemplate\":\"https:\\\/\\\/jornaldasoficinas.com\\\/pt\\\/?s={search_term_string}\"},\"query-input\":{\"@type\":\"PropertyValueSpecification\",\"valueRequired\":true,\"valueName\":\"search_term_string\"}}],\"inLanguage\":\"pt-PT\"},{\"@type\":\"Organization\",\"@id\":\"https:\\\/\\\/jornaldasoficinas.com\\\/pt\\\/#organization\",\"name\":\"Jornal das Oficinas\",\"url\":\"https:\\\/\\\/jornaldasoficinas.com\\\/pt\\\/\",\"logo\":{\"@type\":\"ImageObject\",\"inLanguage\":\"pt-PT\",\"@id\":\"https:\\\/\\\/jornaldasoficinas.com\\\/pt\\\/#\\\/schema\\\/logo\\\/image\\\/\",\"url\":\"https:\\\/\\\/jornaldasoficinas.com\\\/pt\\\/wp-content\\\/uploads\\\/logoJO-SEO.png\",\"contentUrl\":\"https:\\\/\\\/jornaldasoficinas.com\\\/pt\\\/wp-content\\\/uploads\\\/logoJO-SEO.png\",\"width\":285,\"height\":450,\"caption\":\"Jornal das Oficinas\"},\"image\":{\"@id\":\"https:\\\/\\\/jornaldasoficinas.com\\\/pt\\\/#\\\/schema\\\/logo\\\/image\\\/\"},\"sameAs\":[\"https:\\\/\\\/www.facebook.com\\\/jornaloficinas\",\"https:\\\/\\\/x.com\\\/jornaloficinas\",\"https:\\\/\\\/www.instagram.com\\\/jornal_oficinas\\\/\",\"https:\\\/\\\/www.linkedin.com\\\/company\\\/jornal-das-oficinas\\\/\",\"https:\\\/\\\/www.youtube.com\\\/channel\\\/UCbQZBqtcvV-oSQrr7RzINGg\"]},{\"@type\":\"Person\",\"@id\":\"https:\\\/\\\/jornaldasoficinas.com\\\/pt\\\/#\\\/schema\\\/person\\\/a38eef5de2c41d9e7c9ac10141afddf3\",\"name\":\"Reda\u00e7\u00e3o JO\",\"image\":{\"@type\":\"ImageObject\",\"inLanguage\":\"pt-PT\",\"@id\":\"https:\\\/\\\/secure.gravatar.com\\\/avatar\\\/71f2fa71737ad68a84fea94bc708ddac8ea5b0c4788dc2ad202f3ccb2887742f?s=96&d=wp_user_avatar&r=g\",\"url\":\"https:\\\/\\\/secure.gravatar.com\\\/avatar\\\/71f2fa71737ad68a84fea94bc708ddac8ea5b0c4788dc2ad202f3ccb2887742f?s=96&d=wp_user_avatar&r=g\",\"contentUrl\":\"https:\\\/\\\/secure.gravatar.com\\\/avatar\\\/71f2fa71737ad68a84fea94bc708ddac8ea5b0c4788dc2ad202f3ccb2887742f?s=96&d=wp_user_avatar&r=g\",\"caption\":\"Reda\u00e7\u00e3o JO\"},\"url\":\"https:\\\/\\\/jornaldasoficinas.com\\\/pt\\\/author\\\/joredacao\\\/\"}]}<\/script>\n<!-- \/ Yoast SEO plugin. -->","yoast_head_json":{"title":"20 anos Aftermarket: Duas d\u00e9cadas que mudaram tudo! - Jornal das Oficinas","description":"No ano em que o JO celebra 20 anos, damos voz aos protagonistas do aftermarket, sobre a evolu\u00e7\u00e3o e as tend\u00eancias futuras deste setor","robots":{"index":"index","follow":"follow","max-snippet":"max-snippet:-1","max-image-preview":"max-image-preview:large","max-video-preview":"max-video-preview:-1"},"canonical":"https:\/\/jornaldasoficinas.com\/pt\/20-anos-aftermarket-duas-decadas-que-mudaram-tudo\/","og_locale":"pt_PT","og_type":"article","og_title":"20 anos Aftermarket: Duas d\u00e9cadas que mudaram tudo! - Jornal das Oficinas","og_description":"No ano em que o JO celebra 20 anos, damos voz aos protagonistas do aftermarket, sobre a evolu\u00e7\u00e3o e as tend\u00eancias futuras deste setor","og_url":"https:\/\/jornaldasoficinas.com\/pt\/20-anos-aftermarket-duas-decadas-que-mudaram-tudo\/","og_site_name":"Jornal das Oficinas","article_publisher":"https:\/\/www.facebook.com\/jornaloficinas","article_published_time":"2025-11-23T20:30:46+00:00","og_image":[{"width":1024,"height":581,"url":"https:\/\/jornaldasoficinas.com\/pt\/wp-content\/uploads\/2025\/11\/20anos_aftermarket.jpeg","type":"image\/jpeg"}],"author":"Reda\u00e7\u00e3o JO","twitter_card":"summary_large_image","twitter_creator":"@jornaloficinas","twitter_site":"@jornaloficinas","twitter_misc":{"Escrito por":"Reda\u00e7\u00e3o JO","Tempo estimado de leitura":"7 minutos"},"schema":{"@context":"https:\/\/schema.org","@graph":[{"@type":"Article","@id":"https:\/\/jornaldasoficinas.com\/pt\/20-anos-aftermarket-duas-decadas-que-mudaram-tudo\/#article","isPartOf":{"@id":"https:\/\/jornaldasoficinas.com\/pt\/20-anos-aftermarket-duas-decadas-que-mudaram-tudo\/"},"author":{"name":"Reda\u00e7\u00e3o JO","@id":"https:\/\/jornaldasoficinas.com\/pt\/#\/schema\/person\/a38eef5de2c41d9e7c9ac10141afddf3"},"headline":"20 anos Aftermarket: Duas d\u00e9cadas que mudaram tudo!","datePublished":"2025-11-23T20:30:46+00:00","mainEntityOfPage":{"@id":"https:\/\/jornaldasoficinas.com\/pt\/20-anos-aftermarket-duas-decadas-que-mudaram-tudo\/"},"wordCount":1327,"publisher":{"@id":"https:\/\/jornaldasoficinas.com\/pt\/#organization"},"image":{"@id":"https:\/\/jornaldasoficinas.com\/pt\/20-anos-aftermarket-duas-decadas-que-mudaram-tudo\/#primaryimage"},"thumbnailUrl":"https:\/\/jornaldasoficinas.com\/pt\/wp-content\/uploads\/2025\/11\/20anos_aftermarket.jpeg","keywords":["20 anos Aftermarket","adapta\u00e7\u00e3o","Digitaliza\u00e7\u00e3o","Eletrifica\u00e7\u00e3o","Futuro Aftermarket","globaliza\u00e7\u00e3o","p\u00f3s-venda autom\u00f3vel","Resili\u00eancia","transforma\u00e7\u00e3o"],"articleSection":["Mercado"],"inLanguage":"pt-PT"},{"@type":"WebPage","@id":"https:\/\/jornaldasoficinas.com\/pt\/20-anos-aftermarket-duas-decadas-que-mudaram-tudo\/","url":"https:\/\/jornaldasoficinas.com\/pt\/20-anos-aftermarket-duas-decadas-que-mudaram-tudo\/","name":"20 anos Aftermarket: Duas d\u00e9cadas que mudaram tudo! - Jornal das Oficinas","isPartOf":{"@id":"https:\/\/jornaldasoficinas.com\/pt\/#website"},"primaryImageOfPage":{"@id":"https:\/\/jornaldasoficinas.com\/pt\/20-anos-aftermarket-duas-decadas-que-mudaram-tudo\/#primaryimage"},"image":{"@id":"https:\/\/jornaldasoficinas.com\/pt\/20-anos-aftermarket-duas-decadas-que-mudaram-tudo\/#primaryimage"},"thumbnailUrl":"https:\/\/jornaldasoficinas.com\/pt\/wp-content\/uploads\/2025\/11\/20anos_aftermarket.jpeg","datePublished":"2025-11-23T20:30:46+00:00","description":"No ano em que o JO celebra 20 anos, damos voz aos protagonistas do aftermarket, sobre a evolu\u00e7\u00e3o e as tend\u00eancias futuras deste setor","breadcrumb":{"@id":"https:\/\/jornaldasoficinas.com\/pt\/20-anos-aftermarket-duas-decadas-que-mudaram-tudo\/#breadcrumb"},"inLanguage":"pt-PT","potentialAction":[{"@type":"ReadAction","target":["https:\/\/jornaldasoficinas.com\/pt\/20-anos-aftermarket-duas-decadas-que-mudaram-tudo\/"]}]},{"@type":"ImageObject","inLanguage":"pt-PT","@id":"https:\/\/jornaldasoficinas.com\/pt\/20-anos-aftermarket-duas-decadas-que-mudaram-tudo\/#primaryimage","url":"https:\/\/jornaldasoficinas.com\/pt\/wp-content\/uploads\/2025\/11\/20anos_aftermarket.jpeg","contentUrl":"https:\/\/jornaldasoficinas.com\/pt\/wp-content\/uploads\/2025\/11\/20anos_aftermarket.jpeg","width":1024,"height":581,"caption":"11 - 20anos_aftermarket"},{"@type":"BreadcrumbList","@id":"https:\/\/jornaldasoficinas.com\/pt\/20-anos-aftermarket-duas-decadas-que-mudaram-tudo\/#breadcrumb","itemListElement":[{"@type":"ListItem","position":1,"name":"In\u00edcio","item":"https:\/\/jornaldasoficinas.com\/pt\/"},{"@type":"ListItem","position":2,"name":"20 anos Aftermarket: Duas d\u00e9cadas que mudaram tudo!"}]},{"@type":"WebSite","@id":"https:\/\/jornaldasoficinas.com\/pt\/#website","url":"https:\/\/jornaldasoficinas.com\/pt\/","name":"Jornal das Oficinas","description":"Jornal independente do Aftermarket Autom\u00f3vel em Portugal","publisher":{"@id":"https:\/\/jornaldasoficinas.com\/pt\/#organization"},"potentialAction":[{"@type":"SearchAction","target":{"@type":"EntryPoint","urlTemplate":"https:\/\/jornaldasoficinas.com\/pt\/?s={search_term_string}"},"query-input":{"@type":"PropertyValueSpecification","valueRequired":true,"valueName":"search_term_string"}}],"inLanguage":"pt-PT"},{"@type":"Organization","@id":"https:\/\/jornaldasoficinas.com\/pt\/#organization","name":"Jornal das Oficinas","url":"https:\/\/jornaldasoficinas.com\/pt\/","logo":{"@type":"ImageObject","inLanguage":"pt-PT","@id":"https:\/\/jornaldasoficinas.com\/pt\/#\/schema\/logo\/image\/","url":"https:\/\/jornaldasoficinas.com\/pt\/wp-content\/uploads\/logoJO-SEO.png","contentUrl":"https:\/\/jornaldasoficinas.com\/pt\/wp-content\/uploads\/logoJO-SEO.png","width":285,"height":450,"caption":"Jornal das Oficinas"},"image":{"@id":"https:\/\/jornaldasoficinas.com\/pt\/#\/schema\/logo\/image\/"},"sameAs":["https:\/\/www.facebook.com\/jornaloficinas","https:\/\/x.com\/jornaloficinas","https:\/\/www.instagram.com\/jornal_oficinas\/","https:\/\/www.linkedin.com\/company\/jornal-das-oficinas\/","https:\/\/www.youtube.com\/channel\/UCbQZBqtcvV-oSQrr7RzINGg"]},{"@type":"Person","@id":"https:\/\/jornaldasoficinas.com\/pt\/#\/schema\/person\/a38eef5de2c41d9e7c9ac10141afddf3","name":"Reda\u00e7\u00e3o JO","image":{"@type":"ImageObject","inLanguage":"pt-PT","@id":"https:\/\/secure.gravatar.com\/avatar\/71f2fa71737ad68a84fea94bc708ddac8ea5b0c4788dc2ad202f3ccb2887742f?s=96&d=wp_user_avatar&r=g","url":"https:\/\/secure.gravatar.com\/avatar\/71f2fa71737ad68a84fea94bc708ddac8ea5b0c4788dc2ad202f3ccb2887742f?s=96&d=wp_user_avatar&r=g","contentUrl":"https:\/\/secure.gravatar.com\/avatar\/71f2fa71737ad68a84fea94bc708ddac8ea5b0c4788dc2ad202f3ccb2887742f?s=96&d=wp_user_avatar&r=g","caption":"Reda\u00e7\u00e3o JO"},"url":"https:\/\/jornaldasoficinas.com\/pt\/author\/joredacao\/"}]}},"_links":{"self":[{"href":"https:\/\/jornaldasoficinas.com\/pt\/wp-json\/wp\/v2\/posts\/109847","targetHints":{"allow":["GET"]}}],"collection":[{"href":"https:\/\/jornaldasoficinas.com\/pt\/wp-json\/wp\/v2\/posts"}],"about":[{"href":"https:\/\/jornaldasoficinas.com\/pt\/wp-json\/wp\/v2\/types\/post"}],"author":[{"embeddable":true,"href":"https:\/\/jornaldasoficinas.com\/pt\/wp-json\/wp\/v2\/users\/15"}],"replies":[{"embeddable":true,"href":"https:\/\/jornaldasoficinas.com\/pt\/wp-json\/wp\/v2\/comments?post=109847"}],"version-history":[{"count":5,"href":"https:\/\/jornaldasoficinas.com\/pt\/wp-json\/wp\/v2\/posts\/109847\/revisions"}],"predecessor-version":[{"id":109924,"href":"https:\/\/jornaldasoficinas.com\/pt\/wp-json\/wp\/v2\/posts\/109847\/revisions\/109924"}],"wp:featuredmedia":[{"embeddable":true,"href":"https:\/\/jornaldasoficinas.com\/pt\/wp-json\/wp\/v2\/media\/109850"}],"wp:attachment":[{"href":"https:\/\/jornaldasoficinas.com\/pt\/wp-json\/wp\/v2\/media?parent=109847"}],"wp:term":[{"taxonomy":"category","embeddable":true,"href":"https:\/\/jornaldasoficinas.com\/pt\/wp-json\/wp\/v2\/categories?post=109847"},{"taxonomy":"post_tag","embeddable":true,"href":"https:\/\/jornaldasoficinas.com\/pt\/wp-json\/wp\/v2\/tags?post=109847"}],"curies":[{"name":"wp","href":"https:\/\/api.w.org\/{rel}","templated":true}]}}