{"id":109860,"date":"2025-11-23T21:00:18","date_gmt":"2025-11-23T21:00:18","guid":{"rendered":"https:\/\/jornaldasoficinas.com\/pt\/?p=109860"},"modified":"2025-11-23T20:33:18","modified_gmt":"2025-11-23T20:33:18","slug":"consolidacao-da-rede-de-clientes-e-a-principal-prioridade-zf-aftermarket","status":"publish","type":"post","link":"https:\/\/jornaldasoficinas.com\/pt\/consolidacao-da-rede-de-clientes-e-a-principal-prioridade-zf-aftermarket\/","title":{"rendered":"&#8220;Consolida\u00e7\u00e3o da rede de clientes \u00e9 a principal prioridade!&#8221;, ZF Aftermarket"},"content":{"rendered":"<p><img loading=\"lazy\" decoding=\"async\" class=\"alignnone size-full wp-image-109849\" src=\"https:\/\/jornaldasoficinas.com\/pt\/wp-content\/uploads\/2025\/11\/ZF_aftermarket_pedro_diaz.jpeg\" alt=\"11 - ZF_aftermarket_pedro_diaz\" width=\"1024\" height=\"581\" srcset=\"https:\/\/jornaldasoficinas.com\/pt\/wp-content\/uploads\/2025\/11\/ZF_aftermarket_pedro_diaz.jpeg 1024w, https:\/\/jornaldasoficinas.com\/pt\/wp-content\/uploads\/2025\/11\/ZF_aftermarket_pedro_diaz-300x170.jpeg 300w, https:\/\/jornaldasoficinas.com\/pt\/wp-content\/uploads\/2025\/11\/ZF_aftermarket_pedro_diaz-150x85.jpeg 150w, https:\/\/jornaldasoficinas.com\/pt\/wp-content\/uploads\/2025\/11\/ZF_aftermarket_pedro_diaz-768x436.jpeg 768w\" sizes=\"auto, (max-width: 1024px) 100vw, 1024px\" \/><\/p>\n<p><strong>A <a href=\"https:\/\/aftermarket.zf.com\/us\/aftermarket-portal\/\" target=\"_blank\" rel=\"noopener\">ZF Aftermarket<\/a> encerrou o \u00faltimo ano com um balan\u00e7o bastante positivo em Portugal, destacando-se pelo crescimento nas vendas, pela melhoria dos resultados l\u00edquidos e pelo refor\u00e7o da sua quota de mercado em v\u00e1rias linhas de produto. Segundo Pedro Diaz, estes indicadores demonstram a resili\u00eancia da empresa num contexto desafiante, marcado pelo abrandamento da procura global de ve\u00edculos a combust\u00e3o e por um parque autom\u00f3vel nacional com idade m\u00e9dia elevada<\/strong><\/p>\n<p>O desempenho alcan\u00e7ado pela ZF Aftermarket resulta de uma combina\u00e7\u00e3o de fatores estrat\u00e9gicos. A confian\u00e7a na qualidade dos produtos, amplamente reconhecida pelo facto de estarem presentes em primeiro equipamento, mant\u00e9m a fidelidade tanto de mec\u00e2nicos como de condutores, mesmo num mercado em que predominam ve\u00edculos mais antigos. Outro elemento diferenciador tem sido o forte investimento em forma\u00e7\u00e3o t\u00e9cnica. A empresa dedica in\u00fameras horas \u00e0 capacita\u00e7\u00e3o dos profissionais n\u00e3o apenas nas solu\u00e7\u00f5es j\u00e1 comercializadas, mas tamb\u00e9m em \u00e1reas emergentes como alta tens\u00e3o e eletrifica\u00e7\u00e3o, preparando o setor para as novas exig\u00eancias da mobilidade.<\/p>\n<p>A opera\u00e7\u00e3o log\u00edstica tamb\u00e9m desempenha um papel central. Com v\u00e1rios armaz\u00e9ns e f\u00e1bricas na Pen\u00ednsula Ib\u00e9rica, a ZF garante ao mercado portugu\u00eas um fornecimento r\u00e1pido e com elevada disponibilidade de pe\u00e7as. Paralelamente, iniciativas de apoio \u00e0 venda \u2014 como a\u00e7\u00f5es de marketing, publicidade e plataformas digitais (ZF [pro]Tech, ZF [pro]Service e propoints) \u2014 fortalecem a proximidade com os parceiros e aumentam o valor acrescentado oferecido ao cliente. Por outro lado, a equipa de colaboradores, composta por profissionais experientes em v\u00e1rias \u00e1reas, contribui diretamente para os resultados positivos e para a consist\u00eancia da opera\u00e7\u00e3o em Portugal.<\/p>\n<p>Com uma presen\u00e7a consolidada no pa\u00eds, alicer\u00e7ada em parcerias duradouras e de confian\u00e7a, a ZF tem vindo a refor\u00e7ar a sua opera\u00e7\u00e3o em Portugal ao longo dos anos. As aquisi\u00e7\u00f5es e integra\u00e7\u00f5es realizadas pelo grupo n\u00e3o s\u00f3 ampliaram o portef\u00f3lio de produtos e servi\u00e7os, como tamb\u00e9m fortaleceram a rede de apoio local, incluindo armaz\u00e9ns e uma equipa dedicada.<\/p>\n<p><strong>A ZF Aftermarket opera com um portf\u00f3lio bastante abrangente, que inclui marcas como <a href=\"https:\/\/aftermarket.zf.com\/pt\/portal-da-zf-aftermarket\/nossas-marcas\/lemfoerder\/\" target=\"_blank\" rel=\"noopener\">LEMF\u00d6RDER<\/a>, <a href=\"https:\/\/aftermarket.zf.com\/pt\/portal-da-zf-aftermarket\/nossas-marcas\/sachs\/\" target=\"_blank\" rel=\"noopener\">SACHS<\/a>, <a href=\"https:\/\/aftermarket.zf.com\/pt\/portal-da-zf-aftermarket\/nossas-marcas\/trw\/\" target=\"_blank\" rel=\"noopener\">TRW<\/a>, <a href=\"https:\/\/aftermarket.zf.com\/pt\/portal-da-zf-aftermarket\/nossas-marcas\/wabco\/\" target=\"_blank\" rel=\"noopener\">WABCO<\/a> e <a href=\"https:\/\/aftermarket.zf.com\/en\/aftermarket-portal\/our-brands\/boge\/\" target=\"_blank\" rel=\"noopener\">BOGE<\/a>. Como \u00e9 feita a gest\u00e3o estrat\u00e9gica deste portf\u00f3lio no mercado portugu\u00eas?<\/strong><br \/>\nEfetivamente dispomos de um portef\u00f3lio de marcas bastante abrangente com solu\u00e7\u00f5es tanto para ve\u00edculos ligeiros como de pesados. Essa diversidade permite oferecer solu\u00e7\u00f5es completas e integradas para diferentes linhas de producto e clientes. Ap\u00f3s a aquisi\u00e7\u00e3o da TRW e da WABCO, reorganizamos o portf\u00f3lio para garantir que cada marca mantivesse sua identidade (mesmo em gamas coincidentes), mas operasse de forma complementar. Isso fortaleceu a presen\u00e7a da ZF no mercado, ampliando a oferta de produtos e servi\u00e7os com maior valor agregado.<\/p>\n<p><strong>Existem gamas ou marcas do grupo que se destacam particularmente em Portugal?<\/strong><br \/>\nEm Portugal, no segmento de ve\u00edculos ligeiros, destacam-se sobretudo as marcas SACHS e TRW, que s\u00e3o amplamente reconhecidas pelos profissionais do setor pela sua fiabilidade, desempenho e cobertura de mercado. J\u00e1 nos ve\u00edculos pesados, al\u00e9m da SACHS, que mant\u00e9m uma presen\u00e7a s\u00f3lida, a WABCO assume um papel de grande import\u00e2ncia, fruto da sua especializa\u00e7\u00e3o em tecnologias de travagem, seguran\u00e7a e sistemas de controlo. Esta diversidade permite ao grupo responder de forma eficaz \u00e0s necessidades espec\u00edficas de cada segmento.<\/p>\n<p><strong>A prote\u00e7\u00e3o ambiental \u00e9 um dos principais objetivos na ZF, e a reconstru\u00e7\u00e3o de componentes tem sido uma das medidas da empresa na ind\u00fastria autom\u00f3vel. Qual a gama de produtos reconstru\u00eddos atualmente comercializados pela ZF Aftermarket?<\/strong><br \/>\nA ZF Aftermarket comercializa atualmente uma ampla gama de produtos reconstru\u00eddos atrav\u00e9s do seu programa ZF REMAN, que visa promover a sustentabilidade e a efici\u00eancia na ind\u00fastria autom\u00f3vel. Este programa inclui mais de 5.000 pe\u00e7as reconstru\u00eddas de elevada qualidade das marcas ZF, TRW, SACHS e WABCO, abrangendo diversos tipos de ve\u00edculos \u2014 desde ligeiros e comerciais at\u00e9 m\u00e1quinas agr\u00edcolas e de constru\u00e7\u00e3o. Entre os principais componentes reconstru\u00eddos dispon\u00edveis est\u00e3o: transmiss\u00f5es para ve\u00edculos ligeiros e comerciais, embraiagens para ve\u00edculos pesados, compressores de ar e de suspens\u00e3o pneum\u00e1tica, moduladores EBS para cami\u00f5es e reboques, caixas de dire\u00e7\u00e3o, bombas de dire\u00e7\u00e3o e colunas de dire\u00e7\u00e3o, e pin\u00e7as de trav\u00e3o. Todos estes produtos passam por processos industriais rigorosos que garantem que cumprem ou excedam as especifica\u00e7\u00f5es originais, oferecendo desempenho equivalente ao de pe\u00e7as novas, com garantia e fiabilidade asseguradas.<\/p>\n<p><strong>Que valor acrescentado oferecem as vossas marcas ao cliente final e aos parceiros de distribui\u00e7\u00e3o e oficinas?<\/strong><br \/>\nAs marcas da ZF Aftermarket oferecem um valor acrescentado significativo tanto ao cliente final como aos parceiros de distribui\u00e7\u00e3o e oficinas. Para o cliente final, esse valor traduz-se em produtos de qualidade original, fiabilidade comprovada e desempenho superior, o que se reflete numa maior seguran\u00e7a, conforto e durabilidade dos componentes. Para os parceiros de distribui\u00e7\u00e3o e oficinas, o valor est\u00e1 na combina\u00e7\u00e3o entre inova\u00e7\u00e3o tecnol\u00f3gica, suporte t\u00e9cnico e comercial especializado e solu\u00e7\u00f5es digitais que facilitam o dia a dia. A ZF Aftermarket disponibiliza forma\u00e7\u00e3o cont\u00ednua, acesso a plataformas como ZF [pro]Tech e propoints, apoio log\u00edstico eficiente e ferramentas de marketing que ajudam a fortalecer a rela\u00e7\u00e3o com os clientes e a aumentar a competitividade no mercado.<\/p>\n<p><strong>Em que consiste o conceito ZF [pro]Tech?<\/strong><br \/>\nO ZF [pro]Tech \u00e9 um conceito da ZF Aftermarket, lan\u00e7ado recentemente em Portugal, concebido para apoiar oficinas independentes de ve\u00edculos ligeiros. na sua adapta\u00e7\u00e3o \u00e0s novas tecnologias autom\u00f3veis. Esta iniciativa reflete o compromisso da ZF com o desenvolvimento das oficinas independentes, proporcionando-lhes acesso direto a todo o conhecimento t\u00e9cnico e experi\u00eancia que acumul\u00e1mos enquanto l\u00edder no setor de equipamento de origem. Atrav\u00e9s do ZF [pro]Tech, as oficinas t\u00eam acesso a uma plataforma digital completa, que disponibiliza forma\u00e7\u00e3o t\u00e9cnica, instru\u00e7\u00f5es de montagem espec\u00edficas, suporte direto da equipa ZF, campanhas de servi\u00e7o dos fabricantes e ferramentas digitais como cat\u00e1logos e materiais promocionais. Em Portugal, est\u00e1 dispon\u00edvel na vers\u00e3o ZF [pro]Tech start.<\/p>\n<p><strong>E o programa propoints?<\/strong><br \/>\nO propoints \u00e9 um programa de fideliza\u00e7\u00e3o gratuito para oficinas, que valoriza e recompensa a compra de produtos das marcas da ZF Aftermarket e das marcas parceiras do programa. Atualmente o programa inclui cinco parceiros de refer\u00eancia que com 10 marcas de produtos que cobrem mais de 75% das necessidades das oficinas.\u2028A cada compra, os pontos s\u00e3o creditados automaticamente pelos distribuidores aderentes e podem ser trocados por pr\u00e9mios atrativos. Para al\u00e9m disso, o programa oferece campanhas promocionais regulares, uma plataforma online de f\u00e1cil utiliza\u00e7\u00e3o para gest\u00e3o de pontos e a entrega direta dos pr\u00e9mios nas oficinas.<\/p>\n<p><strong>Quais s\u00e3o as principais prioridades estrat\u00e9gicas da ZF Aftermarket Portugal para os pr\u00f3ximos 2-3 anos?<\/strong><br \/>\nFace \u00e0s mudan\u00e7as significativas que o mercado tem vindo a registar nos \u00faltimos anos \u2014 marcadas por fus\u00f5es, aquisi\u00e7\u00f5es e agrupa\u00e7\u00f5es ib\u00e9ricas \u2014 uma das principais prioridades estrat\u00e9gicas da ZF Aftermarket para os pr\u00f3ximos dois a tr\u00eas anos ser\u00e1 a consolida\u00e7\u00e3o da sua rede de clientes. Este foco torna-se ainda mais relevante considerando as aquisi\u00e7\u00f5es da TRW e da WABCO, que exigem uma reorganiza\u00e7\u00e3o eficaz das diversas estruturas log\u00edsticas existentes, com o objetivo de melhor servir os nossos clientes.<\/p>\n<p><strong>Est\u00e1 prevista a introdu\u00e7\u00e3o de novos produtos, servi\u00e7os ou parcerias no curto\/m\u00e9dio prazo?<\/strong><\/p>\n<p>Saiba a resposta a esta e a outras quest\u00f5es na edi\u00e7\u00e3o impressa ou online do Jornal das Oficinas n\u00ba225, <a href=\"https:\/\/www.yumpu.com\/pt\/document\/read\/70825951\/jornal-das-oficinas-225\/84\">aqui<\/a>.<\/p>\n<p>&nbsp;<\/p>\n<p>&nbsp;<\/p>\n","protected":false},"excerpt":{"rendered":"<p>A ZF Aftermarket encerrou o \u00faltimo&#8230;<\/p>\n","protected":false},"author":15,"featured_media":109849,"comment_status":"closed","ping_status":"closed","sticky":false,"template":"","format":"standard","meta":{"footnotes":""},"categories":[38],"tags":[6900,14042,212,665,335,5702,4584,562,666,301,10944,181],"class_list":["post-109860","post","type-post","status-publish","format-standard","has-post-thumbnail","hentry","category-entrevistas","tag-balanco-positivo","tag-boge","tag-formacao","tag-lemforder","tag-mobilidade","tag-pedro-diaz","tag-resiliencia","tag-sachs","tag-trw","tag-wabco","tag-zf-protech","tag-zf-aftermarket"],"yoast_head":"<!-- This site is optimized with the Yoast SEO plugin v27.4 - https:\/\/yoast.com\/product\/yoast-seo-wordpress\/ -->\n<title>&quot;Consolida\u00e7\u00e3o da rede de clientes \u00e9 a principal prioridade!&quot;, ZF Aftermarket - Jornal das Oficinas<\/title>\n<meta name=\"description\" content=\"A ZF Aftermarket encerrou o \u00faltimo ano com um balan\u00e7o bastante positivo em Portugal, o JO esteve \u00e0 conversa com Pedro Diaz\" \/>\n<meta name=\"robots\" content=\"index, follow, max-snippet:-1, max-image-preview:large, max-video-preview:-1\" \/>\n<link rel=\"canonical\" href=\"https:\/\/jornaldasoficinas.com\/pt\/consolidacao-da-rede-de-clientes-e-a-principal-prioridade-zf-aftermarket\/\" \/>\n<meta property=\"og:locale\" content=\"pt_PT\" \/>\n<meta property=\"og:type\" content=\"article\" \/>\n<meta property=\"og:title\" content=\"&quot;Consolida\u00e7\u00e3o da rede de clientes \u00e9 a principal prioridade!&quot;, ZF Aftermarket - Jornal das Oficinas\" \/>\n<meta property=\"og:description\" content=\"A ZF Aftermarket encerrou o \u00faltimo ano com um balan\u00e7o bastante positivo em Portugal, o JO esteve \u00e0 conversa com Pedro Diaz\" \/>\n<meta property=\"og:url\" content=\"https:\/\/jornaldasoficinas.com\/pt\/consolidacao-da-rede-de-clientes-e-a-principal-prioridade-zf-aftermarket\/\" \/>\n<meta property=\"og:site_name\" content=\"Jornal das Oficinas\" \/>\n<meta property=\"article:publisher\" content=\"https:\/\/www.facebook.com\/jornaloficinas\" \/>\n<meta property=\"article:published_time\" content=\"2025-11-23T21:00:18+00:00\" \/>\n<meta property=\"og:image\" content=\"https:\/\/jornaldasoficinas.com\/pt\/wp-content\/uploads\/2025\/11\/ZF_aftermarket_pedro_diaz.jpeg\" \/>\n\t<meta property=\"og:image:width\" content=\"1024\" \/>\n\t<meta property=\"og:image:height\" content=\"581\" \/>\n\t<meta property=\"og:image:type\" content=\"image\/jpeg\" \/>\n<meta name=\"author\" content=\"Reda\u00e7\u00e3o JO\" \/>\n<meta name=\"twitter:card\" content=\"summary_large_image\" \/>\n<meta name=\"twitter:creator\" content=\"@jornaloficinas\" \/>\n<meta name=\"twitter:site\" content=\"@jornaloficinas\" \/>\n<meta name=\"twitter:label1\" content=\"Escrito por\" \/>\n\t<meta name=\"twitter:data1\" content=\"Reda\u00e7\u00e3o JO\" \/>\n\t<meta name=\"twitter:label2\" content=\"Tempo estimado de leitura\" \/>\n\t<meta name=\"twitter:data2\" content=\"7 minutos\" \/>\n<script type=\"application\/ld+json\" class=\"yoast-schema-graph\">{\"@context\":\"https:\\\/\\\/schema.org\",\"@graph\":[{\"@type\":\"Article\",\"@id\":\"https:\\\/\\\/jornaldasoficinas.com\\\/pt\\\/consolidacao-da-rede-de-clientes-e-a-principal-prioridade-zf-aftermarket\\\/#article\",\"isPartOf\":{\"@id\":\"https:\\\/\\\/jornaldasoficinas.com\\\/pt\\\/consolidacao-da-rede-de-clientes-e-a-principal-prioridade-zf-aftermarket\\\/\"},\"author\":{\"name\":\"Reda\u00e7\u00e3o JO\",\"@id\":\"https:\\\/\\\/jornaldasoficinas.com\\\/pt\\\/#\\\/schema\\\/person\\\/a38eef5de2c41d9e7c9ac10141afddf3\"},\"headline\":\"&#8220;Consolida\u00e7\u00e3o da rede de clientes \u00e9 a principal prioridade!&#8221;, ZF Aftermarket\",\"datePublished\":\"2025-11-23T21:00:18+00:00\",\"mainEntityOfPage\":{\"@id\":\"https:\\\/\\\/jornaldasoficinas.com\\\/pt\\\/consolidacao-da-rede-de-clientes-e-a-principal-prioridade-zf-aftermarket\\\/\"},\"wordCount\":1342,\"publisher\":{\"@id\":\"https:\\\/\\\/jornaldasoficinas.com\\\/pt\\\/#organization\"},\"image\":{\"@id\":\"https:\\\/\\\/jornaldasoficinas.com\\\/pt\\\/consolidacao-da-rede-de-clientes-e-a-principal-prioridade-zf-aftermarket\\\/#primaryimage\"},\"thumbnailUrl\":\"https:\\\/\\\/jornaldasoficinas.com\\\/pt\\\/wp-content\\\/uploads\\\/2025\\\/11\\\/ZF_aftermarket_pedro_diaz.jpeg\",\"keywords\":[\"Balan\u00e7o positivo\",\"Boge\",\"Forma\u00e7\u00e3o\",\"Lemf\u00f6rder\",\"Mobilidade\",\"Pedro D\u00edaz\",\"Resili\u00eancia\",\"Sachs\",\"TRW\",\"Wabco\",\"ZF [pro]Tech\",\"ZF Aftermarket\"],\"articleSection\":[\"Entrevistas\"],\"inLanguage\":\"pt-PT\"},{\"@type\":\"WebPage\",\"@id\":\"https:\\\/\\\/jornaldasoficinas.com\\\/pt\\\/consolidacao-da-rede-de-clientes-e-a-principal-prioridade-zf-aftermarket\\\/\",\"url\":\"https:\\\/\\\/jornaldasoficinas.com\\\/pt\\\/consolidacao-da-rede-de-clientes-e-a-principal-prioridade-zf-aftermarket\\\/\",\"name\":\"\\\"Consolida\u00e7\u00e3o da rede de clientes \u00e9 a principal prioridade!\\\", ZF Aftermarket - Jornal das Oficinas\",\"isPartOf\":{\"@id\":\"https:\\\/\\\/jornaldasoficinas.com\\\/pt\\\/#website\"},\"primaryImageOfPage\":{\"@id\":\"https:\\\/\\\/jornaldasoficinas.com\\\/pt\\\/consolidacao-da-rede-de-clientes-e-a-principal-prioridade-zf-aftermarket\\\/#primaryimage\"},\"image\":{\"@id\":\"https:\\\/\\\/jornaldasoficinas.com\\\/pt\\\/consolidacao-da-rede-de-clientes-e-a-principal-prioridade-zf-aftermarket\\\/#primaryimage\"},\"thumbnailUrl\":\"https:\\\/\\\/jornaldasoficinas.com\\\/pt\\\/wp-content\\\/uploads\\\/2025\\\/11\\\/ZF_aftermarket_pedro_diaz.jpeg\",\"datePublished\":\"2025-11-23T21:00:18+00:00\",\"description\":\"A ZF Aftermarket encerrou o \u00faltimo ano com um balan\u00e7o bastante positivo em Portugal, o JO esteve \u00e0 conversa com Pedro Diaz\",\"breadcrumb\":{\"@id\":\"https:\\\/\\\/jornaldasoficinas.com\\\/pt\\\/consolidacao-da-rede-de-clientes-e-a-principal-prioridade-zf-aftermarket\\\/#breadcrumb\"},\"inLanguage\":\"pt-PT\",\"potentialAction\":[{\"@type\":\"ReadAction\",\"target\":[\"https:\\\/\\\/jornaldasoficinas.com\\\/pt\\\/consolidacao-da-rede-de-clientes-e-a-principal-prioridade-zf-aftermarket\\\/\"]}]},{\"@type\":\"ImageObject\",\"inLanguage\":\"pt-PT\",\"@id\":\"https:\\\/\\\/jornaldasoficinas.com\\\/pt\\\/consolidacao-da-rede-de-clientes-e-a-principal-prioridade-zf-aftermarket\\\/#primaryimage\",\"url\":\"https:\\\/\\\/jornaldasoficinas.com\\\/pt\\\/wp-content\\\/uploads\\\/2025\\\/11\\\/ZF_aftermarket_pedro_diaz.jpeg\",\"contentUrl\":\"https:\\\/\\\/jornaldasoficinas.com\\\/pt\\\/wp-content\\\/uploads\\\/2025\\\/11\\\/ZF_aftermarket_pedro_diaz.jpeg\",\"width\":1024,\"height\":581,\"caption\":\"11 - ZF_aftermarket_pedro_diaz\"},{\"@type\":\"BreadcrumbList\",\"@id\":\"https:\\\/\\\/jornaldasoficinas.com\\\/pt\\\/consolidacao-da-rede-de-clientes-e-a-principal-prioridade-zf-aftermarket\\\/#breadcrumb\",\"itemListElement\":[{\"@type\":\"ListItem\",\"position\":1,\"name\":\"In\u00edcio\",\"item\":\"https:\\\/\\\/jornaldasoficinas.com\\\/pt\\\/\"},{\"@type\":\"ListItem\",\"position\":2,\"name\":\"&#8220;Consolida\u00e7\u00e3o da rede de clientes \u00e9 a principal prioridade!&#8221;, ZF Aftermarket\"}]},{\"@type\":\"WebSite\",\"@id\":\"https:\\\/\\\/jornaldasoficinas.com\\\/pt\\\/#website\",\"url\":\"https:\\\/\\\/jornaldasoficinas.com\\\/pt\\\/\",\"name\":\"Jornal das Oficinas\",\"description\":\"Jornal independente do Aftermarket Autom\u00f3vel em Portugal\",\"publisher\":{\"@id\":\"https:\\\/\\\/jornaldasoficinas.com\\\/pt\\\/#organization\"},\"potentialAction\":[{\"@type\":\"SearchAction\",\"target\":{\"@type\":\"EntryPoint\",\"urlTemplate\":\"https:\\\/\\\/jornaldasoficinas.com\\\/pt\\\/?s={search_term_string}\"},\"query-input\":{\"@type\":\"PropertyValueSpecification\",\"valueRequired\":true,\"valueName\":\"search_term_string\"}}],\"inLanguage\":\"pt-PT\"},{\"@type\":\"Organization\",\"@id\":\"https:\\\/\\\/jornaldasoficinas.com\\\/pt\\\/#organization\",\"name\":\"Jornal das Oficinas\",\"url\":\"https:\\\/\\\/jornaldasoficinas.com\\\/pt\\\/\",\"logo\":{\"@type\":\"ImageObject\",\"inLanguage\":\"pt-PT\",\"@id\":\"https:\\\/\\\/jornaldasoficinas.com\\\/pt\\\/#\\\/schema\\\/logo\\\/image\\\/\",\"url\":\"https:\\\/\\\/jornaldasoficinas.com\\\/pt\\\/wp-content\\\/uploads\\\/logoJO-SEO.png\",\"contentUrl\":\"https:\\\/\\\/jornaldasoficinas.com\\\/pt\\\/wp-content\\\/uploads\\\/logoJO-SEO.png\",\"width\":285,\"height\":450,\"caption\":\"Jornal das Oficinas\"},\"image\":{\"@id\":\"https:\\\/\\\/jornaldasoficinas.com\\\/pt\\\/#\\\/schema\\\/logo\\\/image\\\/\"},\"sameAs\":[\"https:\\\/\\\/www.facebook.com\\\/jornaloficinas\",\"https:\\\/\\\/x.com\\\/jornaloficinas\",\"https:\\\/\\\/www.instagram.com\\\/jornal_oficinas\\\/\",\"https:\\\/\\\/www.linkedin.com\\\/company\\\/jornal-das-oficinas\\\/\",\"https:\\\/\\\/www.youtube.com\\\/channel\\\/UCbQZBqtcvV-oSQrr7RzINGg\"]},{\"@type\":\"Person\",\"@id\":\"https:\\\/\\\/jornaldasoficinas.com\\\/pt\\\/#\\\/schema\\\/person\\\/a38eef5de2c41d9e7c9ac10141afddf3\",\"name\":\"Reda\u00e7\u00e3o JO\",\"image\":{\"@type\":\"ImageObject\",\"inLanguage\":\"pt-PT\",\"@id\":\"https:\\\/\\\/secure.gravatar.com\\\/avatar\\\/71f2fa71737ad68a84fea94bc708ddac8ea5b0c4788dc2ad202f3ccb2887742f?s=96&d=wp_user_avatar&r=g\",\"url\":\"https:\\\/\\\/secure.gravatar.com\\\/avatar\\\/71f2fa71737ad68a84fea94bc708ddac8ea5b0c4788dc2ad202f3ccb2887742f?s=96&d=wp_user_avatar&r=g\",\"contentUrl\":\"https:\\\/\\\/secure.gravatar.com\\\/avatar\\\/71f2fa71737ad68a84fea94bc708ddac8ea5b0c4788dc2ad202f3ccb2887742f?s=96&d=wp_user_avatar&r=g\",\"caption\":\"Reda\u00e7\u00e3o JO\"},\"url\":\"https:\\\/\\\/jornaldasoficinas.com\\\/pt\\\/author\\\/joredacao\\\/\"}]}<\/script>\n<!-- \/ Yoast SEO plugin. -->","yoast_head_json":{"title":"\"Consolida\u00e7\u00e3o da rede de clientes \u00e9 a principal prioridade!\", ZF Aftermarket - Jornal das Oficinas","description":"A ZF Aftermarket encerrou o \u00faltimo ano com um balan\u00e7o bastante positivo em Portugal, o JO esteve \u00e0 conversa com Pedro Diaz","robots":{"index":"index","follow":"follow","max-snippet":"max-snippet:-1","max-image-preview":"max-image-preview:large","max-video-preview":"max-video-preview:-1"},"canonical":"https:\/\/jornaldasoficinas.com\/pt\/consolidacao-da-rede-de-clientes-e-a-principal-prioridade-zf-aftermarket\/","og_locale":"pt_PT","og_type":"article","og_title":"\"Consolida\u00e7\u00e3o da rede de clientes \u00e9 a principal prioridade!\", ZF Aftermarket - Jornal das Oficinas","og_description":"A ZF Aftermarket encerrou o \u00faltimo ano com um balan\u00e7o bastante positivo em Portugal, o JO esteve \u00e0 conversa com Pedro Diaz","og_url":"https:\/\/jornaldasoficinas.com\/pt\/consolidacao-da-rede-de-clientes-e-a-principal-prioridade-zf-aftermarket\/","og_site_name":"Jornal das Oficinas","article_publisher":"https:\/\/www.facebook.com\/jornaloficinas","article_published_time":"2025-11-23T21:00:18+00:00","og_image":[{"width":1024,"height":581,"url":"https:\/\/jornaldasoficinas.com\/pt\/wp-content\/uploads\/2025\/11\/ZF_aftermarket_pedro_diaz.jpeg","type":"image\/jpeg"}],"author":"Reda\u00e7\u00e3o JO","twitter_card":"summary_large_image","twitter_creator":"@jornaloficinas","twitter_site":"@jornaloficinas","twitter_misc":{"Escrito por":"Reda\u00e7\u00e3o JO","Tempo estimado de leitura":"7 minutos"},"schema":{"@context":"https:\/\/schema.org","@graph":[{"@type":"Article","@id":"https:\/\/jornaldasoficinas.com\/pt\/consolidacao-da-rede-de-clientes-e-a-principal-prioridade-zf-aftermarket\/#article","isPartOf":{"@id":"https:\/\/jornaldasoficinas.com\/pt\/consolidacao-da-rede-de-clientes-e-a-principal-prioridade-zf-aftermarket\/"},"author":{"name":"Reda\u00e7\u00e3o JO","@id":"https:\/\/jornaldasoficinas.com\/pt\/#\/schema\/person\/a38eef5de2c41d9e7c9ac10141afddf3"},"headline":"&#8220;Consolida\u00e7\u00e3o da rede de clientes \u00e9 a principal prioridade!&#8221;, ZF Aftermarket","datePublished":"2025-11-23T21:00:18+00:00","mainEntityOfPage":{"@id":"https:\/\/jornaldasoficinas.com\/pt\/consolidacao-da-rede-de-clientes-e-a-principal-prioridade-zf-aftermarket\/"},"wordCount":1342,"publisher":{"@id":"https:\/\/jornaldasoficinas.com\/pt\/#organization"},"image":{"@id":"https:\/\/jornaldasoficinas.com\/pt\/consolidacao-da-rede-de-clientes-e-a-principal-prioridade-zf-aftermarket\/#primaryimage"},"thumbnailUrl":"https:\/\/jornaldasoficinas.com\/pt\/wp-content\/uploads\/2025\/11\/ZF_aftermarket_pedro_diaz.jpeg","keywords":["Balan\u00e7o positivo","Boge","Forma\u00e7\u00e3o","Lemf\u00f6rder","Mobilidade","Pedro D\u00edaz","Resili\u00eancia","Sachs","TRW","Wabco","ZF [pro]Tech","ZF Aftermarket"],"articleSection":["Entrevistas"],"inLanguage":"pt-PT"},{"@type":"WebPage","@id":"https:\/\/jornaldasoficinas.com\/pt\/consolidacao-da-rede-de-clientes-e-a-principal-prioridade-zf-aftermarket\/","url":"https:\/\/jornaldasoficinas.com\/pt\/consolidacao-da-rede-de-clientes-e-a-principal-prioridade-zf-aftermarket\/","name":"\"Consolida\u00e7\u00e3o da rede de clientes \u00e9 a principal prioridade!\", ZF Aftermarket - Jornal das Oficinas","isPartOf":{"@id":"https:\/\/jornaldasoficinas.com\/pt\/#website"},"primaryImageOfPage":{"@id":"https:\/\/jornaldasoficinas.com\/pt\/consolidacao-da-rede-de-clientes-e-a-principal-prioridade-zf-aftermarket\/#primaryimage"},"image":{"@id":"https:\/\/jornaldasoficinas.com\/pt\/consolidacao-da-rede-de-clientes-e-a-principal-prioridade-zf-aftermarket\/#primaryimage"},"thumbnailUrl":"https:\/\/jornaldasoficinas.com\/pt\/wp-content\/uploads\/2025\/11\/ZF_aftermarket_pedro_diaz.jpeg","datePublished":"2025-11-23T21:00:18+00:00","description":"A ZF Aftermarket encerrou o \u00faltimo ano com um balan\u00e7o bastante positivo em Portugal, o JO esteve \u00e0 conversa com Pedro Diaz","breadcrumb":{"@id":"https:\/\/jornaldasoficinas.com\/pt\/consolidacao-da-rede-de-clientes-e-a-principal-prioridade-zf-aftermarket\/#breadcrumb"},"inLanguage":"pt-PT","potentialAction":[{"@type":"ReadAction","target":["https:\/\/jornaldasoficinas.com\/pt\/consolidacao-da-rede-de-clientes-e-a-principal-prioridade-zf-aftermarket\/"]}]},{"@type":"ImageObject","inLanguage":"pt-PT","@id":"https:\/\/jornaldasoficinas.com\/pt\/consolidacao-da-rede-de-clientes-e-a-principal-prioridade-zf-aftermarket\/#primaryimage","url":"https:\/\/jornaldasoficinas.com\/pt\/wp-content\/uploads\/2025\/11\/ZF_aftermarket_pedro_diaz.jpeg","contentUrl":"https:\/\/jornaldasoficinas.com\/pt\/wp-content\/uploads\/2025\/11\/ZF_aftermarket_pedro_diaz.jpeg","width":1024,"height":581,"caption":"11 - ZF_aftermarket_pedro_diaz"},{"@type":"BreadcrumbList","@id":"https:\/\/jornaldasoficinas.com\/pt\/consolidacao-da-rede-de-clientes-e-a-principal-prioridade-zf-aftermarket\/#breadcrumb","itemListElement":[{"@type":"ListItem","position":1,"name":"In\u00edcio","item":"https:\/\/jornaldasoficinas.com\/pt\/"},{"@type":"ListItem","position":2,"name":"&#8220;Consolida\u00e7\u00e3o da rede de clientes \u00e9 a principal prioridade!&#8221;, ZF Aftermarket"}]},{"@type":"WebSite","@id":"https:\/\/jornaldasoficinas.com\/pt\/#website","url":"https:\/\/jornaldasoficinas.com\/pt\/","name":"Jornal das Oficinas","description":"Jornal independente do Aftermarket Autom\u00f3vel em Portugal","publisher":{"@id":"https:\/\/jornaldasoficinas.com\/pt\/#organization"},"potentialAction":[{"@type":"SearchAction","target":{"@type":"EntryPoint","urlTemplate":"https:\/\/jornaldasoficinas.com\/pt\/?s={search_term_string}"},"query-input":{"@type":"PropertyValueSpecification","valueRequired":true,"valueName":"search_term_string"}}],"inLanguage":"pt-PT"},{"@type":"Organization","@id":"https:\/\/jornaldasoficinas.com\/pt\/#organization","name":"Jornal das Oficinas","url":"https:\/\/jornaldasoficinas.com\/pt\/","logo":{"@type":"ImageObject","inLanguage":"pt-PT","@id":"https:\/\/jornaldasoficinas.com\/pt\/#\/schema\/logo\/image\/","url":"https:\/\/jornaldasoficinas.com\/pt\/wp-content\/uploads\/logoJO-SEO.png","contentUrl":"https:\/\/jornaldasoficinas.com\/pt\/wp-content\/uploads\/logoJO-SEO.png","width":285,"height":450,"caption":"Jornal das Oficinas"},"image":{"@id":"https:\/\/jornaldasoficinas.com\/pt\/#\/schema\/logo\/image\/"},"sameAs":["https:\/\/www.facebook.com\/jornaloficinas","https:\/\/x.com\/jornaloficinas","https:\/\/www.instagram.com\/jornal_oficinas\/","https:\/\/www.linkedin.com\/company\/jornal-das-oficinas\/","https:\/\/www.youtube.com\/channel\/UCbQZBqtcvV-oSQrr7RzINGg"]},{"@type":"Person","@id":"https:\/\/jornaldasoficinas.com\/pt\/#\/schema\/person\/a38eef5de2c41d9e7c9ac10141afddf3","name":"Reda\u00e7\u00e3o JO","image":{"@type":"ImageObject","inLanguage":"pt-PT","@id":"https:\/\/secure.gravatar.com\/avatar\/71f2fa71737ad68a84fea94bc708ddac8ea5b0c4788dc2ad202f3ccb2887742f?s=96&d=wp_user_avatar&r=g","url":"https:\/\/secure.gravatar.com\/avatar\/71f2fa71737ad68a84fea94bc708ddac8ea5b0c4788dc2ad202f3ccb2887742f?s=96&d=wp_user_avatar&r=g","contentUrl":"https:\/\/secure.gravatar.com\/avatar\/71f2fa71737ad68a84fea94bc708ddac8ea5b0c4788dc2ad202f3ccb2887742f?s=96&d=wp_user_avatar&r=g","caption":"Reda\u00e7\u00e3o JO"},"url":"https:\/\/jornaldasoficinas.com\/pt\/author\/joredacao\/"}]}},"_links":{"self":[{"href":"https:\/\/jornaldasoficinas.com\/pt\/wp-json\/wp\/v2\/posts\/109860","targetHints":{"allow":["GET"]}}],"collection":[{"href":"https:\/\/jornaldasoficinas.com\/pt\/wp-json\/wp\/v2\/posts"}],"about":[{"href":"https:\/\/jornaldasoficinas.com\/pt\/wp-json\/wp\/v2\/types\/post"}],"author":[{"embeddable":true,"href":"https:\/\/jornaldasoficinas.com\/pt\/wp-json\/wp\/v2\/users\/15"}],"replies":[{"embeddable":true,"href":"https:\/\/jornaldasoficinas.com\/pt\/wp-json\/wp\/v2\/comments?post=109860"}],"version-history":[{"count":7,"href":"https:\/\/jornaldasoficinas.com\/pt\/wp-json\/wp\/v2\/posts\/109860\/revisions"}],"predecessor-version":[{"id":109930,"href":"https:\/\/jornaldasoficinas.com\/pt\/wp-json\/wp\/v2\/posts\/109860\/revisions\/109930"}],"wp:featuredmedia":[{"embeddable":true,"href":"https:\/\/jornaldasoficinas.com\/pt\/wp-json\/wp\/v2\/media\/109849"}],"wp:attachment":[{"href":"https:\/\/jornaldasoficinas.com\/pt\/wp-json\/wp\/v2\/media?parent=109860"}],"wp:term":[{"taxonomy":"category","embeddable":true,"href":"https:\/\/jornaldasoficinas.com\/pt\/wp-json\/wp\/v2\/categories?post=109860"},{"taxonomy":"post_tag","embeddable":true,"href":"https:\/\/jornaldasoficinas.com\/pt\/wp-json\/wp\/v2\/tags?post=109860"}],"curies":[{"name":"wp","href":"https:\/\/api.w.org\/{rel}","templated":true}]}}