{"id":109980,"date":"2025-11-25T08:00:05","date_gmt":"2025-11-25T08:00:05","guid":{"rendered":"https:\/\/jornaldasoficinas.com\/pt\/?p=109980"},"modified":"2025-11-24T13:36:07","modified_gmt":"2025-11-24T13:36:07","slug":"terrepower-lanca-oe-turbopower-na-europa","status":"publish","type":"post","link":"https:\/\/jornaldasoficinas.com\/pt\/terrepower-lanca-oe-turbopower-na-europa\/","title":{"rendered":"TERREPOWER lan\u00e7a OE-TurboPower na Europa"},"content":{"rendered":"<p><strong><img loading=\"lazy\" decoding=\"async\" class=\"alignnone size-full wp-image-109986\" src=\"https:\/\/jornaldasoficinas.com\/pt\/wp-content\/uploads\/2025\/11\/TERREPOWER-lanca-OE-TurboPower-na-Europa.png\" alt=\"11 - TERREPOWER lanca OE TurboPower na Europa\" width=\"1024\" height=\"581\" srcset=\"https:\/\/jornaldasoficinas.com\/pt\/wp-content\/uploads\/2025\/11\/TERREPOWER-lanca-OE-TurboPower-na-Europa.png 1024w, https:\/\/jornaldasoficinas.com\/pt\/wp-content\/uploads\/2025\/11\/TERREPOWER-lanca-OE-TurboPower-na-Europa-300x170.png 300w, https:\/\/jornaldasoficinas.com\/pt\/wp-content\/uploads\/2025\/11\/TERREPOWER-lanca-OE-TurboPower-na-Europa-150x85.png 150w, https:\/\/jornaldasoficinas.com\/pt\/wp-content\/uploads\/2025\/11\/TERREPOWER-lanca-OE-TurboPower-na-Europa-768x436.png 768w\" sizes=\"auto, (max-width: 1024px) 100vw, 1024px\" \/><\/strong><\/p>\n<p><strong>A <a href=\"https:\/\/www.terrepower.com\/\" target=\"_blank\" rel=\"noopener\">TERREPOWER<\/a> anunciou o lan\u00e7amento europeu dos seus turbocompressores OE-TurboPower, uma solu\u00e7\u00e3o produzida de forma sustent\u00e1vel e que chega ao mercado europeu ap\u00f3s quase uma d\u00e9cada de reconhecimento na Am\u00e9rica do Norte<\/strong><\/p>\n<p>A marca passa agora a disponibilizar no mercado europeu turbocompressores com qualidade de equipamento original (OE), testes avan\u00e7ados, elevada disponibilidade e ampla cobertura de aplica\u00e7\u00f5es, refor\u00e7ando o crescimento da sua oferta de produtos refabricados.<\/p>\n<p>&#8220;Os turbocompressores continuar\u00e3o a ser fundamentais para o mercado de pe\u00e7as de substitui\u00e7\u00e3o europeu durante muitos anos. Com o OE-TurboPower, a TERREPOWER combinou a sua comprovada tradi\u00e7\u00e3o em equipamento original com um foco espec\u00edfico na Europa, oferecendo aos nossos parceiros a fiabilidade e as oportunidades de crescimento de que necessitam&#8221;, afirmou Michael Boe, presidente da TERREPOWER Europa.<\/p>\n<p><strong>Porqu\u00ea OE-TurboPower?<\/strong><\/p>\n<p>&#8211; Distribui\u00e7\u00e3o pan-europeia e cobertura de mercado de 80%;<\/p>\n<p>&#8211; Qualidade OE garantida pelas normas internacionais de ensaios;<\/p>\n<p>&#8211; Prazos de entrega curtos atrav\u00e9s de cadeias de abastecimento flex\u00edveis;<\/p>\n<p>&#8211; Devolu\u00e7\u00e3o de pe\u00e7as usadas em circuito fechado, simplificando a log\u00edstica.<\/p>\n<p><strong>Oportunidades de mercado<\/strong><\/p>\n<p>A TERREPOWER destacou que mais de 90% dos novos ve\u00edculos de passageiros com motores de combust\u00e3o interna na Europa s\u00e3o equipados de f\u00e1brica com turbocompressores. Paralelamente, a idade m\u00e9dia das frotas europeias ronda os 12 anos, o que significa que cada vez mais aplica\u00e7\u00f5es est\u00e3o a ultrapassar a garantia do fabricante e a migrar para o mercado de pe\u00e7as de substitui\u00e7\u00e3o.<\/p>\n<p>Com um crescimento anual de 5%, os turbocompressores est\u00e3o entre as categorias mais din\u00e2micas do p\u00f3s-venda autom\u00f3vel europeu, refor\u00e7ando o interesse comercial nesta tecnologia.<\/p>\n","protected":false},"excerpt":{"rendered":"<p>A TERREPOWER anunciou o lan\u00e7amento europeu&#8230;<\/p>\n","protected":false},"author":15,"featured_media":109986,"comment_status":"closed","ping_status":"closed","sticky":false,"template":"","format":"standard","meta":{"footnotes":""},"categories":[29],"tags":[7924,14058,14059,10446,1402],"class_list":["post-109980","post","type-post","status-publish","format-standard","has-post-thumbnail","hentry","category-empresas","tag-equipamento-original","tag-lancamento-europeu","tag-oe-turbopower","tag-terrepower","tag-turbocompressores"],"yoast_head":"<!-- This site is optimized with the Yoast SEO plugin v27.4 - https:\/\/yoast.com\/product\/yoast-seo-wordpress\/ -->\n<title>TERREPOWER lan\u00e7a OE-TurboPower na Europa - Jornal das Oficinas<\/title>\n<meta name=\"description\" content=\"A TERREPOWER anunciou o lan\u00e7amento europeu dos seus turbocompressores OE-TurboPower, uma solu\u00e7\u00e3o produzida de forma sustent\u00e1vel\" \/>\n<meta name=\"robots\" content=\"index, follow, max-snippet:-1, max-image-preview:large, max-video-preview:-1\" \/>\n<link rel=\"canonical\" href=\"https:\/\/jornaldasoficinas.com\/pt\/terrepower-lanca-oe-turbopower-na-europa\/\" \/>\n<meta property=\"og:locale\" content=\"pt_PT\" \/>\n<meta property=\"og:type\" content=\"article\" \/>\n<meta property=\"og:title\" content=\"TERREPOWER lan\u00e7a OE-TurboPower na Europa - Jornal das Oficinas\" \/>\n<meta property=\"og:description\" content=\"A TERREPOWER anunciou o lan\u00e7amento europeu dos seus turbocompressores OE-TurboPower, uma solu\u00e7\u00e3o produzida de forma sustent\u00e1vel\" \/>\n<meta property=\"og:url\" content=\"https:\/\/jornaldasoficinas.com\/pt\/terrepower-lanca-oe-turbopower-na-europa\/\" \/>\n<meta property=\"og:site_name\" content=\"Jornal das Oficinas\" \/>\n<meta property=\"article:publisher\" content=\"https:\/\/www.facebook.com\/jornaloficinas\" \/>\n<meta property=\"article:published_time\" content=\"2025-11-25T08:00:05+00:00\" \/>\n<meta property=\"og:image\" content=\"https:\/\/jornaldasoficinas.com\/pt\/wp-content\/uploads\/2025\/11\/TERREPOWER-lanca-OE-TurboPower-na-Europa.png\" \/>\n\t<meta property=\"og:image:width\" content=\"1024\" \/>\n\t<meta property=\"og:image:height\" content=\"581\" \/>\n\t<meta property=\"og:image:type\" content=\"image\/png\" \/>\n<meta name=\"author\" content=\"Reda\u00e7\u00e3o JO\" \/>\n<meta name=\"twitter:card\" content=\"summary_large_image\" \/>\n<meta name=\"twitter:creator\" content=\"@jornaloficinas\" \/>\n<meta name=\"twitter:site\" content=\"@jornaloficinas\" \/>\n<meta name=\"twitter:label1\" content=\"Escrito por\" \/>\n\t<meta name=\"twitter:data1\" content=\"Reda\u00e7\u00e3o JO\" \/>\n\t<meta name=\"twitter:label2\" content=\"Tempo estimado de leitura\" \/>\n\t<meta name=\"twitter:data2\" content=\"2 minutos\" \/>\n<script type=\"application\/ld+json\" class=\"yoast-schema-graph\">{\"@context\":\"https:\\\/\\\/schema.org\",\"@graph\":[{\"@type\":\"Article\",\"@id\":\"https:\\\/\\\/jornaldasoficinas.com\\\/pt\\\/terrepower-lanca-oe-turbopower-na-europa\\\/#article\",\"isPartOf\":{\"@id\":\"https:\\\/\\\/jornaldasoficinas.com\\\/pt\\\/terrepower-lanca-oe-turbopower-na-europa\\\/\"},\"author\":{\"name\":\"Reda\u00e7\u00e3o JO\",\"@id\":\"https:\\\/\\\/jornaldasoficinas.com\\\/pt\\\/#\\\/schema\\\/person\\\/a38eef5de2c41d9e7c9ac10141afddf3\"},\"headline\":\"TERREPOWER lan\u00e7a OE-TurboPower na Europa\",\"datePublished\":\"2025-11-25T08:00:05+00:00\",\"mainEntityOfPage\":{\"@id\":\"https:\\\/\\\/jornaldasoficinas.com\\\/pt\\\/terrepower-lanca-oe-turbopower-na-europa\\\/\"},\"wordCount\":289,\"publisher\":{\"@id\":\"https:\\\/\\\/jornaldasoficinas.com\\\/pt\\\/#organization\"},\"image\":{\"@id\":\"https:\\\/\\\/jornaldasoficinas.com\\\/pt\\\/terrepower-lanca-oe-turbopower-na-europa\\\/#primaryimage\"},\"thumbnailUrl\":\"https:\\\/\\\/jornaldasoficinas.com\\\/pt\\\/wp-content\\\/uploads\\\/2025\\\/11\\\/TERREPOWER-lanca-OE-TurboPower-na-Europa.png\",\"keywords\":[\"equipamento original\",\"lan\u00e7amento europeu\",\"OE-TurboPower\",\"Terrepower\",\"Turbocompressores\"],\"articleSection\":[\"Empresas\"],\"inLanguage\":\"pt-PT\"},{\"@type\":\"WebPage\",\"@id\":\"https:\\\/\\\/jornaldasoficinas.com\\\/pt\\\/terrepower-lanca-oe-turbopower-na-europa\\\/\",\"url\":\"https:\\\/\\\/jornaldasoficinas.com\\\/pt\\\/terrepower-lanca-oe-turbopower-na-europa\\\/\",\"name\":\"TERREPOWER lan\u00e7a OE-TurboPower na Europa - Jornal das Oficinas\",\"isPartOf\":{\"@id\":\"https:\\\/\\\/jornaldasoficinas.com\\\/pt\\\/#website\"},\"primaryImageOfPage\":{\"@id\":\"https:\\\/\\\/jornaldasoficinas.com\\\/pt\\\/terrepower-lanca-oe-turbopower-na-europa\\\/#primaryimage\"},\"image\":{\"@id\":\"https:\\\/\\\/jornaldasoficinas.com\\\/pt\\\/terrepower-lanca-oe-turbopower-na-europa\\\/#primaryimage\"},\"thumbnailUrl\":\"https:\\\/\\\/jornaldasoficinas.com\\\/pt\\\/wp-content\\\/uploads\\\/2025\\\/11\\\/TERREPOWER-lanca-OE-TurboPower-na-Europa.png\",\"datePublished\":\"2025-11-25T08:00:05+00:00\",\"description\":\"A TERREPOWER anunciou o lan\u00e7amento europeu dos seus turbocompressores OE-TurboPower, uma solu\u00e7\u00e3o produzida de forma sustent\u00e1vel\",\"breadcrumb\":{\"@id\":\"https:\\\/\\\/jornaldasoficinas.com\\\/pt\\\/terrepower-lanca-oe-turbopower-na-europa\\\/#breadcrumb\"},\"inLanguage\":\"pt-PT\",\"potentialAction\":[{\"@type\":\"ReadAction\",\"target\":[\"https:\\\/\\\/jornaldasoficinas.com\\\/pt\\\/terrepower-lanca-oe-turbopower-na-europa\\\/\"]}]},{\"@type\":\"ImageObject\",\"inLanguage\":\"pt-PT\",\"@id\":\"https:\\\/\\\/jornaldasoficinas.com\\\/pt\\\/terrepower-lanca-oe-turbopower-na-europa\\\/#primaryimage\",\"url\":\"https:\\\/\\\/jornaldasoficinas.com\\\/pt\\\/wp-content\\\/uploads\\\/2025\\\/11\\\/TERREPOWER-lanca-OE-TurboPower-na-Europa.png\",\"contentUrl\":\"https:\\\/\\\/jornaldasoficinas.com\\\/pt\\\/wp-content\\\/uploads\\\/2025\\\/11\\\/TERREPOWER-lanca-OE-TurboPower-na-Europa.png\",\"width\":1024,\"height\":581,\"caption\":\"11 - TERREPOWER lanca OE TurboPower na Europa\"},{\"@type\":\"BreadcrumbList\",\"@id\":\"https:\\\/\\\/jornaldasoficinas.com\\\/pt\\\/terrepower-lanca-oe-turbopower-na-europa\\\/#breadcrumb\",\"itemListElement\":[{\"@type\":\"ListItem\",\"position\":1,\"name\":\"In\u00edcio\",\"item\":\"https:\\\/\\\/jornaldasoficinas.com\\\/pt\\\/\"},{\"@type\":\"ListItem\",\"position\":2,\"name\":\"TERREPOWER lan\u00e7a OE-TurboPower na Europa\"}]},{\"@type\":\"WebSite\",\"@id\":\"https:\\\/\\\/jornaldasoficinas.com\\\/pt\\\/#website\",\"url\":\"https:\\\/\\\/jornaldasoficinas.com\\\/pt\\\/\",\"name\":\"Jornal das Oficinas\",\"description\":\"Jornal independente do Aftermarket Autom\u00f3vel em Portugal\",\"publisher\":{\"@id\":\"https:\\\/\\\/jornaldasoficinas.com\\\/pt\\\/#organization\"},\"potentialAction\":[{\"@type\":\"SearchAction\",\"target\":{\"@type\":\"EntryPoint\",\"urlTemplate\":\"https:\\\/\\\/jornaldasoficinas.com\\\/pt\\\/?s={search_term_string}\"},\"query-input\":{\"@type\":\"PropertyValueSpecification\",\"valueRequired\":true,\"valueName\":\"search_term_string\"}}],\"inLanguage\":\"pt-PT\"},{\"@type\":\"Organization\",\"@id\":\"https:\\\/\\\/jornaldasoficinas.com\\\/pt\\\/#organization\",\"name\":\"Jornal das Oficinas\",\"url\":\"https:\\\/\\\/jornaldasoficinas.com\\\/pt\\\/\",\"logo\":{\"@type\":\"ImageObject\",\"inLanguage\":\"pt-PT\",\"@id\":\"https:\\\/\\\/jornaldasoficinas.com\\\/pt\\\/#\\\/schema\\\/logo\\\/image\\\/\",\"url\":\"https:\\\/\\\/jornaldasoficinas.com\\\/pt\\\/wp-content\\\/uploads\\\/logoJO-SEO.png\",\"contentUrl\":\"https:\\\/\\\/jornaldasoficinas.com\\\/pt\\\/wp-content\\\/uploads\\\/logoJO-SEO.png\",\"width\":285,\"height\":450,\"caption\":\"Jornal das Oficinas\"},\"image\":{\"@id\":\"https:\\\/\\\/jornaldasoficinas.com\\\/pt\\\/#\\\/schema\\\/logo\\\/image\\\/\"},\"sameAs\":[\"https:\\\/\\\/www.facebook.com\\\/jornaloficinas\",\"https:\\\/\\\/x.com\\\/jornaloficinas\",\"https:\\\/\\\/www.instagram.com\\\/jornal_oficinas\\\/\",\"https:\\\/\\\/www.linkedin.com\\\/company\\\/jornal-das-oficinas\\\/\",\"https:\\\/\\\/www.youtube.com\\\/channel\\\/UCbQZBqtcvV-oSQrr7RzINGg\"]},{\"@type\":\"Person\",\"@id\":\"https:\\\/\\\/jornaldasoficinas.com\\\/pt\\\/#\\\/schema\\\/person\\\/a38eef5de2c41d9e7c9ac10141afddf3\",\"name\":\"Reda\u00e7\u00e3o JO\",\"image\":{\"@type\":\"ImageObject\",\"inLanguage\":\"pt-PT\",\"@id\":\"https:\\\/\\\/secure.gravatar.com\\\/avatar\\\/71f2fa71737ad68a84fea94bc708ddac8ea5b0c4788dc2ad202f3ccb2887742f?s=96&d=wp_user_avatar&r=g\",\"url\":\"https:\\\/\\\/secure.gravatar.com\\\/avatar\\\/71f2fa71737ad68a84fea94bc708ddac8ea5b0c4788dc2ad202f3ccb2887742f?s=96&d=wp_user_avatar&r=g\",\"contentUrl\":\"https:\\\/\\\/secure.gravatar.com\\\/avatar\\\/71f2fa71737ad68a84fea94bc708ddac8ea5b0c4788dc2ad202f3ccb2887742f?s=96&d=wp_user_avatar&r=g\",\"caption\":\"Reda\u00e7\u00e3o JO\"},\"url\":\"https:\\\/\\\/jornaldasoficinas.com\\\/pt\\\/author\\\/joredacao\\\/\"}]}<\/script>\n<!-- \/ Yoast SEO plugin. -->","yoast_head_json":{"title":"TERREPOWER lan\u00e7a OE-TurboPower na Europa - Jornal das Oficinas","description":"A TERREPOWER anunciou o lan\u00e7amento europeu dos seus turbocompressores OE-TurboPower, uma solu\u00e7\u00e3o produzida de forma sustent\u00e1vel","robots":{"index":"index","follow":"follow","max-snippet":"max-snippet:-1","max-image-preview":"max-image-preview:large","max-video-preview":"max-video-preview:-1"},"canonical":"https:\/\/jornaldasoficinas.com\/pt\/terrepower-lanca-oe-turbopower-na-europa\/","og_locale":"pt_PT","og_type":"article","og_title":"TERREPOWER lan\u00e7a OE-TurboPower na Europa - Jornal das Oficinas","og_description":"A TERREPOWER anunciou o lan\u00e7amento europeu dos seus turbocompressores OE-TurboPower, uma solu\u00e7\u00e3o produzida de forma sustent\u00e1vel","og_url":"https:\/\/jornaldasoficinas.com\/pt\/terrepower-lanca-oe-turbopower-na-europa\/","og_site_name":"Jornal das Oficinas","article_publisher":"https:\/\/www.facebook.com\/jornaloficinas","article_published_time":"2025-11-25T08:00:05+00:00","og_image":[{"width":1024,"height":581,"url":"https:\/\/jornaldasoficinas.com\/pt\/wp-content\/uploads\/2025\/11\/TERREPOWER-lanca-OE-TurboPower-na-Europa.png","type":"image\/png"}],"author":"Reda\u00e7\u00e3o JO","twitter_card":"summary_large_image","twitter_creator":"@jornaloficinas","twitter_site":"@jornaloficinas","twitter_misc":{"Escrito por":"Reda\u00e7\u00e3o JO","Tempo estimado de leitura":"2 minutos"},"schema":{"@context":"https:\/\/schema.org","@graph":[{"@type":"Article","@id":"https:\/\/jornaldasoficinas.com\/pt\/terrepower-lanca-oe-turbopower-na-europa\/#article","isPartOf":{"@id":"https:\/\/jornaldasoficinas.com\/pt\/terrepower-lanca-oe-turbopower-na-europa\/"},"author":{"name":"Reda\u00e7\u00e3o JO","@id":"https:\/\/jornaldasoficinas.com\/pt\/#\/schema\/person\/a38eef5de2c41d9e7c9ac10141afddf3"},"headline":"TERREPOWER lan\u00e7a OE-TurboPower na Europa","datePublished":"2025-11-25T08:00:05+00:00","mainEntityOfPage":{"@id":"https:\/\/jornaldasoficinas.com\/pt\/terrepower-lanca-oe-turbopower-na-europa\/"},"wordCount":289,"publisher":{"@id":"https:\/\/jornaldasoficinas.com\/pt\/#organization"},"image":{"@id":"https:\/\/jornaldasoficinas.com\/pt\/terrepower-lanca-oe-turbopower-na-europa\/#primaryimage"},"thumbnailUrl":"https:\/\/jornaldasoficinas.com\/pt\/wp-content\/uploads\/2025\/11\/TERREPOWER-lanca-OE-TurboPower-na-Europa.png","keywords":["equipamento original","lan\u00e7amento europeu","OE-TurboPower","Terrepower","Turbocompressores"],"articleSection":["Empresas"],"inLanguage":"pt-PT"},{"@type":"WebPage","@id":"https:\/\/jornaldasoficinas.com\/pt\/terrepower-lanca-oe-turbopower-na-europa\/","url":"https:\/\/jornaldasoficinas.com\/pt\/terrepower-lanca-oe-turbopower-na-europa\/","name":"TERREPOWER lan\u00e7a OE-TurboPower na Europa - Jornal das Oficinas","isPartOf":{"@id":"https:\/\/jornaldasoficinas.com\/pt\/#website"},"primaryImageOfPage":{"@id":"https:\/\/jornaldasoficinas.com\/pt\/terrepower-lanca-oe-turbopower-na-europa\/#primaryimage"},"image":{"@id":"https:\/\/jornaldasoficinas.com\/pt\/terrepower-lanca-oe-turbopower-na-europa\/#primaryimage"},"thumbnailUrl":"https:\/\/jornaldasoficinas.com\/pt\/wp-content\/uploads\/2025\/11\/TERREPOWER-lanca-OE-TurboPower-na-Europa.png","datePublished":"2025-11-25T08:00:05+00:00","description":"A TERREPOWER anunciou o lan\u00e7amento europeu dos seus turbocompressores OE-TurboPower, uma solu\u00e7\u00e3o produzida de forma sustent\u00e1vel","breadcrumb":{"@id":"https:\/\/jornaldasoficinas.com\/pt\/terrepower-lanca-oe-turbopower-na-europa\/#breadcrumb"},"inLanguage":"pt-PT","potentialAction":[{"@type":"ReadAction","target":["https:\/\/jornaldasoficinas.com\/pt\/terrepower-lanca-oe-turbopower-na-europa\/"]}]},{"@type":"ImageObject","inLanguage":"pt-PT","@id":"https:\/\/jornaldasoficinas.com\/pt\/terrepower-lanca-oe-turbopower-na-europa\/#primaryimage","url":"https:\/\/jornaldasoficinas.com\/pt\/wp-content\/uploads\/2025\/11\/TERREPOWER-lanca-OE-TurboPower-na-Europa.png","contentUrl":"https:\/\/jornaldasoficinas.com\/pt\/wp-content\/uploads\/2025\/11\/TERREPOWER-lanca-OE-TurboPower-na-Europa.png","width":1024,"height":581,"caption":"11 - TERREPOWER lanca OE TurboPower na Europa"},{"@type":"BreadcrumbList","@id":"https:\/\/jornaldasoficinas.com\/pt\/terrepower-lanca-oe-turbopower-na-europa\/#breadcrumb","itemListElement":[{"@type":"ListItem","position":1,"name":"In\u00edcio","item":"https:\/\/jornaldasoficinas.com\/pt\/"},{"@type":"ListItem","position":2,"name":"TERREPOWER lan\u00e7a OE-TurboPower na Europa"}]},{"@type":"WebSite","@id":"https:\/\/jornaldasoficinas.com\/pt\/#website","url":"https:\/\/jornaldasoficinas.com\/pt\/","name":"Jornal das Oficinas","description":"Jornal independente do Aftermarket Autom\u00f3vel em Portugal","publisher":{"@id":"https:\/\/jornaldasoficinas.com\/pt\/#organization"},"potentialAction":[{"@type":"SearchAction","target":{"@type":"EntryPoint","urlTemplate":"https:\/\/jornaldasoficinas.com\/pt\/?s={search_term_string}"},"query-input":{"@type":"PropertyValueSpecification","valueRequired":true,"valueName":"search_term_string"}}],"inLanguage":"pt-PT"},{"@type":"Organization","@id":"https:\/\/jornaldasoficinas.com\/pt\/#organization","name":"Jornal das Oficinas","url":"https:\/\/jornaldasoficinas.com\/pt\/","logo":{"@type":"ImageObject","inLanguage":"pt-PT","@id":"https:\/\/jornaldasoficinas.com\/pt\/#\/schema\/logo\/image\/","url":"https:\/\/jornaldasoficinas.com\/pt\/wp-content\/uploads\/logoJO-SEO.png","contentUrl":"https:\/\/jornaldasoficinas.com\/pt\/wp-content\/uploads\/logoJO-SEO.png","width":285,"height":450,"caption":"Jornal das Oficinas"},"image":{"@id":"https:\/\/jornaldasoficinas.com\/pt\/#\/schema\/logo\/image\/"},"sameAs":["https:\/\/www.facebook.com\/jornaloficinas","https:\/\/x.com\/jornaloficinas","https:\/\/www.instagram.com\/jornal_oficinas\/","https:\/\/www.linkedin.com\/company\/jornal-das-oficinas\/","https:\/\/www.youtube.com\/channel\/UCbQZBqtcvV-oSQrr7RzINGg"]},{"@type":"Person","@id":"https:\/\/jornaldasoficinas.com\/pt\/#\/schema\/person\/a38eef5de2c41d9e7c9ac10141afddf3","name":"Reda\u00e7\u00e3o JO","image":{"@type":"ImageObject","inLanguage":"pt-PT","@id":"https:\/\/secure.gravatar.com\/avatar\/71f2fa71737ad68a84fea94bc708ddac8ea5b0c4788dc2ad202f3ccb2887742f?s=96&d=wp_user_avatar&r=g","url":"https:\/\/secure.gravatar.com\/avatar\/71f2fa71737ad68a84fea94bc708ddac8ea5b0c4788dc2ad202f3ccb2887742f?s=96&d=wp_user_avatar&r=g","contentUrl":"https:\/\/secure.gravatar.com\/avatar\/71f2fa71737ad68a84fea94bc708ddac8ea5b0c4788dc2ad202f3ccb2887742f?s=96&d=wp_user_avatar&r=g","caption":"Reda\u00e7\u00e3o JO"},"url":"https:\/\/jornaldasoficinas.com\/pt\/author\/joredacao\/"}]}},"_links":{"self":[{"href":"https:\/\/jornaldasoficinas.com\/pt\/wp-json\/wp\/v2\/posts\/109980","targetHints":{"allow":["GET"]}}],"collection":[{"href":"https:\/\/jornaldasoficinas.com\/pt\/wp-json\/wp\/v2\/posts"}],"about":[{"href":"https:\/\/jornaldasoficinas.com\/pt\/wp-json\/wp\/v2\/types\/post"}],"author":[{"embeddable":true,"href":"https:\/\/jornaldasoficinas.com\/pt\/wp-json\/wp\/v2\/users\/15"}],"replies":[{"embeddable":true,"href":"https:\/\/jornaldasoficinas.com\/pt\/wp-json\/wp\/v2\/comments?post=109980"}],"version-history":[{"count":6,"href":"https:\/\/jornaldasoficinas.com\/pt\/wp-json\/wp\/v2\/posts\/109980\/revisions"}],"predecessor-version":[{"id":109987,"href":"https:\/\/jornaldasoficinas.com\/pt\/wp-json\/wp\/v2\/posts\/109980\/revisions\/109987"}],"wp:featuredmedia":[{"embeddable":true,"href":"https:\/\/jornaldasoficinas.com\/pt\/wp-json\/wp\/v2\/media\/109986"}],"wp:attachment":[{"href":"https:\/\/jornaldasoficinas.com\/pt\/wp-json\/wp\/v2\/media?parent=109980"}],"wp:term":[{"taxonomy":"category","embeddable":true,"href":"https:\/\/jornaldasoficinas.com\/pt\/wp-json\/wp\/v2\/categories?post=109980"},{"taxonomy":"post_tag","embeddable":true,"href":"https:\/\/jornaldasoficinas.com\/pt\/wp-json\/wp\/v2\/tags?post=109980"}],"curies":[{"name":"wp","href":"https:\/\/api.w.org\/{rel}","templated":true}]}}