{"id":110004,"date":"2025-11-25T18:00:35","date_gmt":"2025-11-25T18:00:35","guid":{"rendered":"https:\/\/jornaldasoficinas.com\/pt\/?p=110004"},"modified":"2025-11-25T10:07:36","modified_gmt":"2025-11-25T10:07:36","slug":"zf-aftermarket-renova-identidade-da-marca-provia","status":"publish","type":"post","link":"https:\/\/jornaldasoficinas.com\/pt\/zf-aftermarket-renova-identidade-da-marca-provia\/","title":{"rendered":"ZF Aftermarket renova identidade da marca ProVia"},"content":{"rendered":"<p><strong><img loading=\"lazy\" decoding=\"async\" class=\"alignnone size-full wp-image-110013\" src=\"https:\/\/jornaldasoficinas.com\/pt\/wp-content\/uploads\/2025\/11\/ZF-Aftermarket-renova-identidade-da-marca-ProVia.jpg\" alt=\"11 - ZF Aftermarket renova identidade da marca ProVia\" width=\"1024\" height=\"581\" srcset=\"https:\/\/jornaldasoficinas.com\/pt\/wp-content\/uploads\/2025\/11\/ZF-Aftermarket-renova-identidade-da-marca-ProVia.jpg 1024w, https:\/\/jornaldasoficinas.com\/pt\/wp-content\/uploads\/2025\/11\/ZF-Aftermarket-renova-identidade-da-marca-ProVia-300x170.jpg 300w, https:\/\/jornaldasoficinas.com\/pt\/wp-content\/uploads\/2025\/11\/ZF-Aftermarket-renova-identidade-da-marca-ProVia-150x85.jpg 150w, https:\/\/jornaldasoficinas.com\/pt\/wp-content\/uploads\/2025\/11\/ZF-Aftermarket-renova-identidade-da-marca-ProVia-768x436.jpg 768w\" sizes=\"auto, (max-width: 1024px) 100vw, 1024px\" \/><\/strong><\/p>\n<p><strong>A <a href=\"https:\/\/aftermarket.zf.com\/\" target=\"_blank\" rel=\"noopener\">ZF Aftermarket<\/a> apresentou uma nova identidade visual para a ProVia, a sua marca econ\u00f3mica para ve\u00edculos pesados, numa estrat\u00e9gia que pretende aumentar a visibilidade junto de oficinas e mec\u00e2nicos<\/strong><\/p>\n<p>Criada em 2016, a ProVia tem vindo a posicionar-se como uma alternativa acess\u00edvel para cami\u00f5es, reboques e autocarros mais antigos, num segmento onde o custo \u00e9 um fator determinante. Com o rebranding agora anunciado, a ZF aposta numa comunica\u00e7\u00e3o mais direta com quem recomenda e instala as pe\u00e7as.<\/p>\n<p>Para Mark Hallam, marketing manager UK da ZF Aftermarket, a mudan\u00e7a responde a um pedido do pr\u00f3prio mercado: &#8220;Oficinas e mec\u00e2nicos s\u00e3o parte vital da comunidade do p\u00f3s-venda, e a nova ProVia foi pensada para eles. Est\u00e1 mais clara, precisa e f\u00e1cil de interagir, permitindo que os t\u00e9cnicos identifiquem e confiem rapidamente nas pe\u00e7as ProVia, enquanto distribuidores e frotas beneficiam da fiabilidade e da seguran\u00e7a que a marca oferece&#8221;.<\/p>\n<p>A nova imagem introduz um design mais marcado pelo vermelho ProVia, embalagens com leitura simplificada e uma comunica\u00e7\u00e3o mais objetiva. O foco est\u00e1 na facilita\u00e7\u00e3o da identifica\u00e7\u00e3o no ponto de venda e na diminui\u00e7\u00e3o de d\u00favidas sobre a origem, aplica\u00e7\u00e3o e fiabilidade.<\/p>\n<p>Com um portf\u00f3lio em crescimento que inclui componentes de travagem, suspens\u00e3o e sistemas pneum\u00e1ticos, a ProVia procura posicionar-se entre produtos de baixo custo com garantia de qualidade e desempenho, sem comprometer os padr\u00f5es de seguran\u00e7a.<\/p>\n","protected":false},"excerpt":{"rendered":"<p>A ZF Aftermarket apresentou uma nova&#8230;<\/p>\n","protected":false},"author":15,"featured_media":110013,"comment_status":"closed","ping_status":"closed","sticky":false,"template":"","format":"standard","meta":{"footnotes":""},"categories":[36],"tags":[14067,5088,386,299,3997,466,181],"class_list":["post-110004","post","type-post","status-publish","format-standard","has-post-thumbnail","hentry","category-pesados","tag-marca-economica","tag-nova-imagem","tag-oficinas","tag-provia","tag-renovacao","tag-veiculos-pesados","tag-zf-aftermarket"],"yoast_head":"<!-- This site is optimized with the Yoast SEO plugin v27.4 - https:\/\/yoast.com\/product\/yoast-seo-wordpress\/ -->\n<title>ZF Aftermarket renova identidade da marca ProVia - Jornal das Oficinas<\/title>\n<meta name=\"description\" content=\"A ZF Aftermarket apresentou uma nova identidade visual para a ProVia, a sua marca econ\u00f3mica para ve\u00edculos pesados\" \/>\n<meta name=\"robots\" content=\"index, follow, max-snippet:-1, max-image-preview:large, max-video-preview:-1\" \/>\n<link rel=\"canonical\" href=\"https:\/\/jornaldasoficinas.com\/pt\/zf-aftermarket-renova-identidade-da-marca-provia\/\" \/>\n<meta property=\"og:locale\" content=\"pt_PT\" \/>\n<meta property=\"og:type\" content=\"article\" \/>\n<meta property=\"og:title\" content=\"ZF Aftermarket renova identidade da marca ProVia - Jornal das Oficinas\" \/>\n<meta property=\"og:description\" content=\"A ZF Aftermarket apresentou uma nova identidade visual para a ProVia, a sua marca econ\u00f3mica para ve\u00edculos pesados\" \/>\n<meta property=\"og:url\" content=\"https:\/\/jornaldasoficinas.com\/pt\/zf-aftermarket-renova-identidade-da-marca-provia\/\" \/>\n<meta property=\"og:site_name\" content=\"Jornal das Oficinas\" \/>\n<meta property=\"article:publisher\" content=\"https:\/\/www.facebook.com\/jornaloficinas\" \/>\n<meta property=\"article:published_time\" content=\"2025-11-25T18:00:35+00:00\" \/>\n<meta property=\"og:image\" content=\"https:\/\/jornaldasoficinas.com\/pt\/wp-content\/uploads\/2025\/11\/ZF-Aftermarket-renova-identidade-da-marca-ProVia.jpg\" \/>\n\t<meta property=\"og:image:width\" content=\"1024\" \/>\n\t<meta property=\"og:image:height\" content=\"581\" \/>\n\t<meta property=\"og:image:type\" content=\"image\/jpeg\" \/>\n<meta name=\"author\" content=\"Reda\u00e7\u00e3o JO\" \/>\n<meta name=\"twitter:card\" content=\"summary_large_image\" \/>\n<meta name=\"twitter:creator\" content=\"@jornaloficinas\" \/>\n<meta name=\"twitter:site\" content=\"@jornaloficinas\" \/>\n<meta name=\"twitter:label1\" content=\"Escrito por\" \/>\n\t<meta name=\"twitter:data1\" content=\"Reda\u00e7\u00e3o JO\" \/>\n\t<meta name=\"twitter:label2\" content=\"Tempo estimado de leitura\" \/>\n\t<meta name=\"twitter:data2\" content=\"2 minutos\" \/>\n<script type=\"application\/ld+json\" class=\"yoast-schema-graph\">{\"@context\":\"https:\\\/\\\/schema.org\",\"@graph\":[{\"@type\":\"Article\",\"@id\":\"https:\\\/\\\/jornaldasoficinas.com\\\/pt\\\/zf-aftermarket-renova-identidade-da-marca-provia\\\/#article\",\"isPartOf\":{\"@id\":\"https:\\\/\\\/jornaldasoficinas.com\\\/pt\\\/zf-aftermarket-renova-identidade-da-marca-provia\\\/\"},\"author\":{\"name\":\"Reda\u00e7\u00e3o JO\",\"@id\":\"https:\\\/\\\/jornaldasoficinas.com\\\/pt\\\/#\\\/schema\\\/person\\\/a38eef5de2c41d9e7c9ac10141afddf3\"},\"headline\":\"ZF Aftermarket renova identidade da marca ProVia\",\"datePublished\":\"2025-11-25T18:00:35+00:00\",\"mainEntityOfPage\":{\"@id\":\"https:\\\/\\\/jornaldasoficinas.com\\\/pt\\\/zf-aftermarket-renova-identidade-da-marca-provia\\\/\"},\"wordCount\":257,\"publisher\":{\"@id\":\"https:\\\/\\\/jornaldasoficinas.com\\\/pt\\\/#organization\"},\"image\":{\"@id\":\"https:\\\/\\\/jornaldasoficinas.com\\\/pt\\\/zf-aftermarket-renova-identidade-da-marca-provia\\\/#primaryimage\"},\"thumbnailUrl\":\"https:\\\/\\\/jornaldasoficinas.com\\\/pt\\\/wp-content\\\/uploads\\\/2025\\\/11\\\/ZF-Aftermarket-renova-identidade-da-marca-ProVia.jpg\",\"keywords\":[\"marca econ\u00f3mica\",\"nova imagem\",\"Oficinas\",\"ProVia\",\"renovacao\",\"Ve\u00edculos Pesados\",\"ZF Aftermarket\"],\"articleSection\":[\"Pesados\"],\"inLanguage\":\"pt-PT\"},{\"@type\":\"WebPage\",\"@id\":\"https:\\\/\\\/jornaldasoficinas.com\\\/pt\\\/zf-aftermarket-renova-identidade-da-marca-provia\\\/\",\"url\":\"https:\\\/\\\/jornaldasoficinas.com\\\/pt\\\/zf-aftermarket-renova-identidade-da-marca-provia\\\/\",\"name\":\"ZF Aftermarket renova identidade da marca ProVia - Jornal das Oficinas\",\"isPartOf\":{\"@id\":\"https:\\\/\\\/jornaldasoficinas.com\\\/pt\\\/#website\"},\"primaryImageOfPage\":{\"@id\":\"https:\\\/\\\/jornaldasoficinas.com\\\/pt\\\/zf-aftermarket-renova-identidade-da-marca-provia\\\/#primaryimage\"},\"image\":{\"@id\":\"https:\\\/\\\/jornaldasoficinas.com\\\/pt\\\/zf-aftermarket-renova-identidade-da-marca-provia\\\/#primaryimage\"},\"thumbnailUrl\":\"https:\\\/\\\/jornaldasoficinas.com\\\/pt\\\/wp-content\\\/uploads\\\/2025\\\/11\\\/ZF-Aftermarket-renova-identidade-da-marca-ProVia.jpg\",\"datePublished\":\"2025-11-25T18:00:35+00:00\",\"description\":\"A ZF Aftermarket apresentou uma nova identidade visual para a ProVia, a sua marca econ\u00f3mica para ve\u00edculos pesados\",\"breadcrumb\":{\"@id\":\"https:\\\/\\\/jornaldasoficinas.com\\\/pt\\\/zf-aftermarket-renova-identidade-da-marca-provia\\\/#breadcrumb\"},\"inLanguage\":\"pt-PT\",\"potentialAction\":[{\"@type\":\"ReadAction\",\"target\":[\"https:\\\/\\\/jornaldasoficinas.com\\\/pt\\\/zf-aftermarket-renova-identidade-da-marca-provia\\\/\"]}]},{\"@type\":\"ImageObject\",\"inLanguage\":\"pt-PT\",\"@id\":\"https:\\\/\\\/jornaldasoficinas.com\\\/pt\\\/zf-aftermarket-renova-identidade-da-marca-provia\\\/#primaryimage\",\"url\":\"https:\\\/\\\/jornaldasoficinas.com\\\/pt\\\/wp-content\\\/uploads\\\/2025\\\/11\\\/ZF-Aftermarket-renova-identidade-da-marca-ProVia.jpg\",\"contentUrl\":\"https:\\\/\\\/jornaldasoficinas.com\\\/pt\\\/wp-content\\\/uploads\\\/2025\\\/11\\\/ZF-Aftermarket-renova-identidade-da-marca-ProVia.jpg\",\"width\":1024,\"height\":581,\"caption\":\"11 - ZF Aftermarket renova identidade da marca ProVia\"},{\"@type\":\"BreadcrumbList\",\"@id\":\"https:\\\/\\\/jornaldasoficinas.com\\\/pt\\\/zf-aftermarket-renova-identidade-da-marca-provia\\\/#breadcrumb\",\"itemListElement\":[{\"@type\":\"ListItem\",\"position\":1,\"name\":\"In\u00edcio\",\"item\":\"https:\\\/\\\/jornaldasoficinas.com\\\/pt\\\/\"},{\"@type\":\"ListItem\",\"position\":2,\"name\":\"ZF Aftermarket renova identidade da marca ProVia\"}]},{\"@type\":\"WebSite\",\"@id\":\"https:\\\/\\\/jornaldasoficinas.com\\\/pt\\\/#website\",\"url\":\"https:\\\/\\\/jornaldasoficinas.com\\\/pt\\\/\",\"name\":\"Jornal das Oficinas\",\"description\":\"Jornal independente do Aftermarket Autom\u00f3vel em Portugal\",\"publisher\":{\"@id\":\"https:\\\/\\\/jornaldasoficinas.com\\\/pt\\\/#organization\"},\"potentialAction\":[{\"@type\":\"SearchAction\",\"target\":{\"@type\":\"EntryPoint\",\"urlTemplate\":\"https:\\\/\\\/jornaldasoficinas.com\\\/pt\\\/?s={search_term_string}\"},\"query-input\":{\"@type\":\"PropertyValueSpecification\",\"valueRequired\":true,\"valueName\":\"search_term_string\"}}],\"inLanguage\":\"pt-PT\"},{\"@type\":\"Organization\",\"@id\":\"https:\\\/\\\/jornaldasoficinas.com\\\/pt\\\/#organization\",\"name\":\"Jornal das Oficinas\",\"url\":\"https:\\\/\\\/jornaldasoficinas.com\\\/pt\\\/\",\"logo\":{\"@type\":\"ImageObject\",\"inLanguage\":\"pt-PT\",\"@id\":\"https:\\\/\\\/jornaldasoficinas.com\\\/pt\\\/#\\\/schema\\\/logo\\\/image\\\/\",\"url\":\"https:\\\/\\\/jornaldasoficinas.com\\\/pt\\\/wp-content\\\/uploads\\\/logoJO-SEO.png\",\"contentUrl\":\"https:\\\/\\\/jornaldasoficinas.com\\\/pt\\\/wp-content\\\/uploads\\\/logoJO-SEO.png\",\"width\":285,\"height\":450,\"caption\":\"Jornal das Oficinas\"},\"image\":{\"@id\":\"https:\\\/\\\/jornaldasoficinas.com\\\/pt\\\/#\\\/schema\\\/logo\\\/image\\\/\"},\"sameAs\":[\"https:\\\/\\\/www.facebook.com\\\/jornaloficinas\",\"https:\\\/\\\/x.com\\\/jornaloficinas\",\"https:\\\/\\\/www.instagram.com\\\/jornal_oficinas\\\/\",\"https:\\\/\\\/www.linkedin.com\\\/company\\\/jornal-das-oficinas\\\/\",\"https:\\\/\\\/www.youtube.com\\\/channel\\\/UCbQZBqtcvV-oSQrr7RzINGg\"]},{\"@type\":\"Person\",\"@id\":\"https:\\\/\\\/jornaldasoficinas.com\\\/pt\\\/#\\\/schema\\\/person\\\/a38eef5de2c41d9e7c9ac10141afddf3\",\"name\":\"Reda\u00e7\u00e3o JO\",\"image\":{\"@type\":\"ImageObject\",\"inLanguage\":\"pt-PT\",\"@id\":\"https:\\\/\\\/secure.gravatar.com\\\/avatar\\\/71f2fa71737ad68a84fea94bc708ddac8ea5b0c4788dc2ad202f3ccb2887742f?s=96&d=wp_user_avatar&r=g\",\"url\":\"https:\\\/\\\/secure.gravatar.com\\\/avatar\\\/71f2fa71737ad68a84fea94bc708ddac8ea5b0c4788dc2ad202f3ccb2887742f?s=96&d=wp_user_avatar&r=g\",\"contentUrl\":\"https:\\\/\\\/secure.gravatar.com\\\/avatar\\\/71f2fa71737ad68a84fea94bc708ddac8ea5b0c4788dc2ad202f3ccb2887742f?s=96&d=wp_user_avatar&r=g\",\"caption\":\"Reda\u00e7\u00e3o JO\"},\"url\":\"https:\\\/\\\/jornaldasoficinas.com\\\/pt\\\/author\\\/joredacao\\\/\"}]}<\/script>\n<!-- \/ Yoast SEO plugin. -->","yoast_head_json":{"title":"ZF Aftermarket renova identidade da marca ProVia - Jornal das Oficinas","description":"A ZF Aftermarket apresentou uma nova identidade visual para a ProVia, a sua marca econ\u00f3mica para ve\u00edculos pesados","robots":{"index":"index","follow":"follow","max-snippet":"max-snippet:-1","max-image-preview":"max-image-preview:large","max-video-preview":"max-video-preview:-1"},"canonical":"https:\/\/jornaldasoficinas.com\/pt\/zf-aftermarket-renova-identidade-da-marca-provia\/","og_locale":"pt_PT","og_type":"article","og_title":"ZF Aftermarket renova identidade da marca ProVia - Jornal das Oficinas","og_description":"A ZF Aftermarket apresentou uma nova identidade visual para a ProVia, a sua marca econ\u00f3mica para ve\u00edculos pesados","og_url":"https:\/\/jornaldasoficinas.com\/pt\/zf-aftermarket-renova-identidade-da-marca-provia\/","og_site_name":"Jornal das Oficinas","article_publisher":"https:\/\/www.facebook.com\/jornaloficinas","article_published_time":"2025-11-25T18:00:35+00:00","og_image":[{"width":1024,"height":581,"url":"https:\/\/jornaldasoficinas.com\/pt\/wp-content\/uploads\/2025\/11\/ZF-Aftermarket-renova-identidade-da-marca-ProVia.jpg","type":"image\/jpeg"}],"author":"Reda\u00e7\u00e3o JO","twitter_card":"summary_large_image","twitter_creator":"@jornaloficinas","twitter_site":"@jornaloficinas","twitter_misc":{"Escrito por":"Reda\u00e7\u00e3o JO","Tempo estimado de leitura":"2 minutos"},"schema":{"@context":"https:\/\/schema.org","@graph":[{"@type":"Article","@id":"https:\/\/jornaldasoficinas.com\/pt\/zf-aftermarket-renova-identidade-da-marca-provia\/#article","isPartOf":{"@id":"https:\/\/jornaldasoficinas.com\/pt\/zf-aftermarket-renova-identidade-da-marca-provia\/"},"author":{"name":"Reda\u00e7\u00e3o JO","@id":"https:\/\/jornaldasoficinas.com\/pt\/#\/schema\/person\/a38eef5de2c41d9e7c9ac10141afddf3"},"headline":"ZF Aftermarket renova identidade da marca ProVia","datePublished":"2025-11-25T18:00:35+00:00","mainEntityOfPage":{"@id":"https:\/\/jornaldasoficinas.com\/pt\/zf-aftermarket-renova-identidade-da-marca-provia\/"},"wordCount":257,"publisher":{"@id":"https:\/\/jornaldasoficinas.com\/pt\/#organization"},"image":{"@id":"https:\/\/jornaldasoficinas.com\/pt\/zf-aftermarket-renova-identidade-da-marca-provia\/#primaryimage"},"thumbnailUrl":"https:\/\/jornaldasoficinas.com\/pt\/wp-content\/uploads\/2025\/11\/ZF-Aftermarket-renova-identidade-da-marca-ProVia.jpg","keywords":["marca econ\u00f3mica","nova imagem","Oficinas","ProVia","renovacao","Ve\u00edculos Pesados","ZF Aftermarket"],"articleSection":["Pesados"],"inLanguage":"pt-PT"},{"@type":"WebPage","@id":"https:\/\/jornaldasoficinas.com\/pt\/zf-aftermarket-renova-identidade-da-marca-provia\/","url":"https:\/\/jornaldasoficinas.com\/pt\/zf-aftermarket-renova-identidade-da-marca-provia\/","name":"ZF Aftermarket renova identidade da marca ProVia - Jornal das Oficinas","isPartOf":{"@id":"https:\/\/jornaldasoficinas.com\/pt\/#website"},"primaryImageOfPage":{"@id":"https:\/\/jornaldasoficinas.com\/pt\/zf-aftermarket-renova-identidade-da-marca-provia\/#primaryimage"},"image":{"@id":"https:\/\/jornaldasoficinas.com\/pt\/zf-aftermarket-renova-identidade-da-marca-provia\/#primaryimage"},"thumbnailUrl":"https:\/\/jornaldasoficinas.com\/pt\/wp-content\/uploads\/2025\/11\/ZF-Aftermarket-renova-identidade-da-marca-ProVia.jpg","datePublished":"2025-11-25T18:00:35+00:00","description":"A ZF Aftermarket apresentou uma nova identidade visual para a ProVia, a sua marca econ\u00f3mica para ve\u00edculos pesados","breadcrumb":{"@id":"https:\/\/jornaldasoficinas.com\/pt\/zf-aftermarket-renova-identidade-da-marca-provia\/#breadcrumb"},"inLanguage":"pt-PT","potentialAction":[{"@type":"ReadAction","target":["https:\/\/jornaldasoficinas.com\/pt\/zf-aftermarket-renova-identidade-da-marca-provia\/"]}]},{"@type":"ImageObject","inLanguage":"pt-PT","@id":"https:\/\/jornaldasoficinas.com\/pt\/zf-aftermarket-renova-identidade-da-marca-provia\/#primaryimage","url":"https:\/\/jornaldasoficinas.com\/pt\/wp-content\/uploads\/2025\/11\/ZF-Aftermarket-renova-identidade-da-marca-ProVia.jpg","contentUrl":"https:\/\/jornaldasoficinas.com\/pt\/wp-content\/uploads\/2025\/11\/ZF-Aftermarket-renova-identidade-da-marca-ProVia.jpg","width":1024,"height":581,"caption":"11 - ZF Aftermarket renova identidade da marca ProVia"},{"@type":"BreadcrumbList","@id":"https:\/\/jornaldasoficinas.com\/pt\/zf-aftermarket-renova-identidade-da-marca-provia\/#breadcrumb","itemListElement":[{"@type":"ListItem","position":1,"name":"In\u00edcio","item":"https:\/\/jornaldasoficinas.com\/pt\/"},{"@type":"ListItem","position":2,"name":"ZF Aftermarket renova identidade da marca ProVia"}]},{"@type":"WebSite","@id":"https:\/\/jornaldasoficinas.com\/pt\/#website","url":"https:\/\/jornaldasoficinas.com\/pt\/","name":"Jornal das Oficinas","description":"Jornal independente do Aftermarket Autom\u00f3vel em Portugal","publisher":{"@id":"https:\/\/jornaldasoficinas.com\/pt\/#organization"},"potentialAction":[{"@type":"SearchAction","target":{"@type":"EntryPoint","urlTemplate":"https:\/\/jornaldasoficinas.com\/pt\/?s={search_term_string}"},"query-input":{"@type":"PropertyValueSpecification","valueRequired":true,"valueName":"search_term_string"}}],"inLanguage":"pt-PT"},{"@type":"Organization","@id":"https:\/\/jornaldasoficinas.com\/pt\/#organization","name":"Jornal das Oficinas","url":"https:\/\/jornaldasoficinas.com\/pt\/","logo":{"@type":"ImageObject","inLanguage":"pt-PT","@id":"https:\/\/jornaldasoficinas.com\/pt\/#\/schema\/logo\/image\/","url":"https:\/\/jornaldasoficinas.com\/pt\/wp-content\/uploads\/logoJO-SEO.png","contentUrl":"https:\/\/jornaldasoficinas.com\/pt\/wp-content\/uploads\/logoJO-SEO.png","width":285,"height":450,"caption":"Jornal das Oficinas"},"image":{"@id":"https:\/\/jornaldasoficinas.com\/pt\/#\/schema\/logo\/image\/"},"sameAs":["https:\/\/www.facebook.com\/jornaloficinas","https:\/\/x.com\/jornaloficinas","https:\/\/www.instagram.com\/jornal_oficinas\/","https:\/\/www.linkedin.com\/company\/jornal-das-oficinas\/","https:\/\/www.youtube.com\/channel\/UCbQZBqtcvV-oSQrr7RzINGg"]},{"@type":"Person","@id":"https:\/\/jornaldasoficinas.com\/pt\/#\/schema\/person\/a38eef5de2c41d9e7c9ac10141afddf3","name":"Reda\u00e7\u00e3o JO","image":{"@type":"ImageObject","inLanguage":"pt-PT","@id":"https:\/\/secure.gravatar.com\/avatar\/71f2fa71737ad68a84fea94bc708ddac8ea5b0c4788dc2ad202f3ccb2887742f?s=96&d=wp_user_avatar&r=g","url":"https:\/\/secure.gravatar.com\/avatar\/71f2fa71737ad68a84fea94bc708ddac8ea5b0c4788dc2ad202f3ccb2887742f?s=96&d=wp_user_avatar&r=g","contentUrl":"https:\/\/secure.gravatar.com\/avatar\/71f2fa71737ad68a84fea94bc708ddac8ea5b0c4788dc2ad202f3ccb2887742f?s=96&d=wp_user_avatar&r=g","caption":"Reda\u00e7\u00e3o JO"},"url":"https:\/\/jornaldasoficinas.com\/pt\/author\/joredacao\/"}]}},"_links":{"self":[{"href":"https:\/\/jornaldasoficinas.com\/pt\/wp-json\/wp\/v2\/posts\/110004","targetHints":{"allow":["GET"]}}],"collection":[{"href":"https:\/\/jornaldasoficinas.com\/pt\/wp-json\/wp\/v2\/posts"}],"about":[{"href":"https:\/\/jornaldasoficinas.com\/pt\/wp-json\/wp\/v2\/types\/post"}],"author":[{"embeddable":true,"href":"https:\/\/jornaldasoficinas.com\/pt\/wp-json\/wp\/v2\/users\/15"}],"replies":[{"embeddable":true,"href":"https:\/\/jornaldasoficinas.com\/pt\/wp-json\/wp\/v2\/comments?post=110004"}],"version-history":[{"count":6,"href":"https:\/\/jornaldasoficinas.com\/pt\/wp-json\/wp\/v2\/posts\/110004\/revisions"}],"predecessor-version":[{"id":110015,"href":"https:\/\/jornaldasoficinas.com\/pt\/wp-json\/wp\/v2\/posts\/110004\/revisions\/110015"}],"wp:featuredmedia":[{"embeddable":true,"href":"https:\/\/jornaldasoficinas.com\/pt\/wp-json\/wp\/v2\/media\/110013"}],"wp:attachment":[{"href":"https:\/\/jornaldasoficinas.com\/pt\/wp-json\/wp\/v2\/media?parent=110004"}],"wp:term":[{"taxonomy":"category","embeddable":true,"href":"https:\/\/jornaldasoficinas.com\/pt\/wp-json\/wp\/v2\/categories?post=110004"},{"taxonomy":"post_tag","embeddable":true,"href":"https:\/\/jornaldasoficinas.com\/pt\/wp-json\/wp\/v2\/tags?post=110004"}],"curies":[{"name":"wp","href":"https:\/\/api.w.org\/{rel}","templated":true}]}}