{"id":110046,"date":"2025-11-25T14:30:30","date_gmt":"2025-11-25T14:30:30","guid":{"rendered":"https:\/\/jornaldasoficinas.com\/pt\/?p=110046"},"modified":"2025-11-25T10:11:58","modified_gmt":"2025-11-25T10:11:58","slug":"remo-e-alves-bandeira-criam-rede-de-carregamento-ultrarrapido","status":"publish","type":"post","link":"https:\/\/jornaldasoficinas.com\/pt\/remo-e-alves-bandeira-criam-rede-de-carregamento-ultrarrapido\/","title":{"rendered":"REMO e Alves Bandeira criam rede de carregamento ultrarr\u00e1pido"},"content":{"rendered":"<p><strong><img loading=\"lazy\" decoding=\"async\" class=\"alignnone size-full wp-image-110062\" src=\"https:\/\/jornaldasoficinas.com\/pt\/wp-content\/uploads\/2025\/11\/REMO-e-Alves-Bandeira-criam-rede-de-carregamento-ultrarrapido.jpeg\" alt=\"11 - REMO e Alves Bandeira criam rede de carregamento ultrarrapido\" width=\"1024\" height=\"581\" srcset=\"https:\/\/jornaldasoficinas.com\/pt\/wp-content\/uploads\/2025\/11\/REMO-e-Alves-Bandeira-criam-rede-de-carregamento-ultrarrapido.jpeg 1024w, https:\/\/jornaldasoficinas.com\/pt\/wp-content\/uploads\/2025\/11\/REMO-e-Alves-Bandeira-criam-rede-de-carregamento-ultrarrapido-300x170.jpeg 300w, https:\/\/jornaldasoficinas.com\/pt\/wp-content\/uploads\/2025\/11\/REMO-e-Alves-Bandeira-criam-rede-de-carregamento-ultrarrapido-150x85.jpeg 150w, https:\/\/jornaldasoficinas.com\/pt\/wp-content\/uploads\/2025\/11\/REMO-e-Alves-Bandeira-criam-rede-de-carregamento-ultrarrapido-768x436.jpeg 768w\" sizes=\"auto, (max-width: 1024px) 100vw, 1024px\" \/><\/strong><\/p>\n<p><strong>A <a href=\"https:\/\/me-remo.com\/\" target=\"_blank\" rel=\"noopener\">REMO<\/a>, empresa cleantech do <a href=\"https:\/\/www.mota-engil.com\/\" target=\"_blank\" rel=\"noopener\">Grupo Mota-Engil<\/a>, e o <a href=\"https:\/\/www.grupoalvesbandeira.com\/\" target=\"_blank\" rel=\"noopener\">Grupo Alves Bandeira<\/a>, um dos maiores grupos nacionais de energia e mobilidade, anunciaram uma parceria estrat\u00e9gica para desenvolver uma das maiores redes de carregamento ultrarr\u00e1pido (&gt;150 kW) de ve\u00edculos el\u00e9tricos em Portugal<\/strong><\/p>\n<p>O projeto prev\u00ea a instala\u00e7\u00e3o de mais de 200 pontos de carregamento nos postos da marca Alves Bandeira, distribu\u00eddos de norte a sul do pa\u00eds, e noutros locais estrat\u00e9gicos. Os hubs, dotados de m\u00faltiplos pontos de carregamento, assegurar\u00e3o uma cobertura nacional, refor\u00e7ando a infraestrutura de mobilidade el\u00e9trica e respondendo \u00e0s necessidades reais dos utilizadores.<\/p>\n<p>Com uma pot\u00eancia total instalada superior a 36.000 kW, a rede permitir\u00e1 mais de 500.000 carregamentos anuais, correspondendo a mais de 80 milh\u00f5es de quil\u00f3metros percorridos em modo 100% el\u00e9trico. A opera\u00e7\u00e3o dever\u00e1 evitar a emiss\u00e3o de cerca de 12 mil toneladas de CO\u2082 por ano, o equivalente \u00e0 planta\u00e7\u00e3o de mais de 600.000 \u00e1rvores, gerando uma poupan\u00e7a energ\u00e9tica de aproximadamente 15.000.000 kWh anuais.<\/p>\n<p>Toda a energia fornecida ser\u00e1 100% renov\u00e1vel, assegurada pela EZU Energia, empresa de comercializa\u00e7\u00e3o de energia do Universo Grupo Alves Bandeira, refor\u00e7ando o compromisso ambiental do projeto e garantindo uma opera\u00e7\u00e3o neutra em carbono. Esta escolha reflete a ambi\u00e7\u00e3o conjunta de promover um ecossistema energ\u00e9tico mais limpo, eficiente e integrado, alinhado com as metas de descarboniza\u00e7\u00e3o nacional e europeia.<\/p>\n<p>O primeiro Posto de Carregamento Ultrarr\u00e1pido (PCUR) ser\u00e1 inaugurado no primeiro trimestre de 2026, marcando o in\u00edcio de uma rede com express\u00e3o nacional que dever\u00e1 estar conclu\u00edda em meados de 2027. Esta fase permitir\u00e1 aos condutores experimentar a rapidez e fiabilidade da rede, refor\u00e7ando o posicionamento de Portugal como refer\u00eancia na mobilidade el\u00e9trica na Europa.<\/p>\n<p>Esta parceria vai al\u00e9m da instala\u00e7\u00e3o de pontos de carregamento na rede atual da Alves Bandeira, focando-se no desenvolvimento de uma rede multisservi\u00e7os, estrategicamente localizada em zonas de elevado tr\u00e1fego, para responder de forma eficiente \u00e0s necessidades das frotas e dos utilizadores particulares.<\/p>\n<p>Lu\u00eds Castanheira, CEO da REMO, real\u00e7ou: &#8220;a colabora\u00e7\u00e3o com o Grupo Alves Bandeira representa um passo estrat\u00e9gico para a REMO, permitindo-nos complementar a nossa rede de carregamento el\u00e9trico e aumentar significativamente a sua capilaridade, criando uma infraestrutura de refer\u00eancia para a mobilidade el\u00e9trica em Portugal. Para al\u00e9m da expans\u00e3o f\u00edsica, beneficiamos da experi\u00eancia do Grupo Alves Bandeira na \u00e1rea da mobilidade, essencial para adotarmos as melhores pr\u00e1ticas adaptadas \u00e0 nova realidade da mobilidade el\u00e9trica&#8221;.<\/p>\n<p>Jo\u00e3o Pedro Justo, administrador executivo do Grupo Alves Bandeira, acrescentou que &#8220;este projeto reflete o compromisso do Grupo Alves Bandeira com a transi\u00e7\u00e3o energ\u00e9tica e a mobilidade sustent\u00e1vel. Acreditamos que a descarboniza\u00e7\u00e3o n\u00e3o \u00e9 apenas uma meta, mas uma responsabilidade coletiva. Por isso, investimos numa infraestrutura inovadora, alimentada exclusivamente por energia renov\u00e1vel, que permitir\u00e1 reduzir significativamente as emiss\u00f5es de CO2 e contribuir para um futuro mais verde. A parceria com a REMO, do Grupo Mota-Engil, \u00e9 estrat\u00e9gica e refor\u00e7a a nossa aposta em colabora\u00e7\u00f5es s\u00f3lidas e inovadoras para acelerar esta transforma\u00e7\u00e3o&#8221;.<\/p>\n<p>Com mais de 750 pontos de carregamento e mais de 2.000 em portef\u00f3lio, a REMO consolida a sua posi\u00e7\u00e3o como um dos operadores de mobilidade el\u00e9trica em maior crescimento na Europa. A integra\u00e7\u00e3o desta rede na infraestrutura Alves Bandeira potencia sinergias com a rede energ\u00e9tica existente, contribuindo para a consolida\u00e7\u00e3o de uma mobilidade mais verde e para o cumprimento das metas nacionais de neutralidade carb\u00f3nica at\u00e9 2050.<\/p>\n<p>Esta parceria refor\u00e7a o compromisso de ambas as empresas com a inova\u00e7\u00e3o, sustentabilidade e descarboniza\u00e7\u00e3o, construindo a infraestrutura el\u00e9trica do futuro e garantindo maior autonomia, rapidez e acessibilidade aos utilizadores de ve\u00edculos el\u00e9tricos.<\/p>\n","protected":false},"excerpt":{"rendered":"<p>A REMO, empresa cleantech do Grupo&#8230;<\/p>\n","protected":false},"author":15,"featured_media":110062,"comment_status":"closed","ping_status":"closed","sticky":false,"template":"","format":"standard","meta":{"footnotes":""},"categories":[29],"tags":[14076,2913,4190,4138,14075,89],"class_list":["post-110046","post","type-post","status-publish","format-standard","has-post-thumbnail","hentry","category-empresas","tag-200-pontos","tag-grupo-alves-bandeira","tag-parceria-estrategica","tag-rede-de-carregamento","tag-remo","tag-veiculos-eletricos"],"yoast_head":"<!-- This site is optimized with the Yoast SEO plugin v27.4 - https:\/\/yoast.com\/product\/yoast-seo-wordpress\/ -->\n<title>REMO e Alves Bandeira criam rede de carregamento ultrarr\u00e1pido - Jornal das Oficinas<\/title>\n<meta name=\"description\" content=\"A REMO e o Grupo Alves Bandeira anunciaram uma parceria estrat\u00e9gica para desenvolver uma das maiores redes de carregamento ultrarr\u00e1pido\" \/>\n<meta name=\"robots\" content=\"index, follow, max-snippet:-1, max-image-preview:large, max-video-preview:-1\" \/>\n<link rel=\"canonical\" href=\"https:\/\/jornaldasoficinas.com\/pt\/remo-e-alves-bandeira-criam-rede-de-carregamento-ultrarrapido\/\" \/>\n<meta property=\"og:locale\" content=\"pt_PT\" \/>\n<meta property=\"og:type\" content=\"article\" \/>\n<meta property=\"og:title\" content=\"REMO e Alves Bandeira criam rede de carregamento ultrarr\u00e1pido - Jornal das Oficinas\" \/>\n<meta property=\"og:description\" content=\"A REMO e o Grupo Alves Bandeira anunciaram uma parceria estrat\u00e9gica para desenvolver uma das maiores redes de carregamento ultrarr\u00e1pido\" \/>\n<meta property=\"og:url\" content=\"https:\/\/jornaldasoficinas.com\/pt\/remo-e-alves-bandeira-criam-rede-de-carregamento-ultrarrapido\/\" \/>\n<meta property=\"og:site_name\" content=\"Jornal das Oficinas\" \/>\n<meta property=\"article:publisher\" content=\"https:\/\/www.facebook.com\/jornaloficinas\" \/>\n<meta property=\"article:published_time\" content=\"2025-11-25T14:30:30+00:00\" \/>\n<meta property=\"og:image\" content=\"https:\/\/jornaldasoficinas.com\/pt\/wp-content\/uploads\/2025\/11\/REMO-e-Alves-Bandeira-criam-rede-de-carregamento-ultrarrapido.jpeg\" \/>\n\t<meta property=\"og:image:width\" content=\"1024\" \/>\n\t<meta property=\"og:image:height\" content=\"581\" \/>\n\t<meta property=\"og:image:type\" content=\"image\/jpeg\" \/>\n<meta name=\"author\" content=\"Reda\u00e7\u00e3o JO\" \/>\n<meta name=\"twitter:card\" content=\"summary_large_image\" \/>\n<meta name=\"twitter:creator\" content=\"@jornaloficinas\" \/>\n<meta name=\"twitter:site\" content=\"@jornaloficinas\" \/>\n<meta name=\"twitter:label1\" content=\"Escrito por\" \/>\n\t<meta name=\"twitter:data1\" content=\"Reda\u00e7\u00e3o JO\" \/>\n\t<meta name=\"twitter:label2\" content=\"Tempo estimado de leitura\" \/>\n\t<meta name=\"twitter:data2\" content=\"4 minutos\" \/>\n<script type=\"application\/ld+json\" class=\"yoast-schema-graph\">{\"@context\":\"https:\\\/\\\/schema.org\",\"@graph\":[{\"@type\":\"Article\",\"@id\":\"https:\\\/\\\/jornaldasoficinas.com\\\/pt\\\/remo-e-alves-bandeira-criam-rede-de-carregamento-ultrarrapido\\\/#article\",\"isPartOf\":{\"@id\":\"https:\\\/\\\/jornaldasoficinas.com\\\/pt\\\/remo-e-alves-bandeira-criam-rede-de-carregamento-ultrarrapido\\\/\"},\"author\":{\"name\":\"Reda\u00e7\u00e3o JO\",\"@id\":\"https:\\\/\\\/jornaldasoficinas.com\\\/pt\\\/#\\\/schema\\\/person\\\/a38eef5de2c41d9e7c9ac10141afddf3\"},\"headline\":\"REMO e Alves Bandeira criam rede de carregamento ultrarr\u00e1pido\",\"datePublished\":\"2025-11-25T14:30:30+00:00\",\"mainEntityOfPage\":{\"@id\":\"https:\\\/\\\/jornaldasoficinas.com\\\/pt\\\/remo-e-alves-bandeira-criam-rede-de-carregamento-ultrarrapido\\\/\"},\"wordCount\":651,\"publisher\":{\"@id\":\"https:\\\/\\\/jornaldasoficinas.com\\\/pt\\\/#organization\"},\"image\":{\"@id\":\"https:\\\/\\\/jornaldasoficinas.com\\\/pt\\\/remo-e-alves-bandeira-criam-rede-de-carregamento-ultrarrapido\\\/#primaryimage\"},\"thumbnailUrl\":\"https:\\\/\\\/jornaldasoficinas.com\\\/pt\\\/wp-content\\\/uploads\\\/2025\\\/11\\\/REMO-e-Alves-Bandeira-criam-rede-de-carregamento-ultrarrapido.jpeg\",\"keywords\":[\"200 pontos\",\"Grupo Alves Bandeira\",\"Parceria Estrat\u00e9gica\",\"rede de carregamento\",\"REMO\",\"Ve\u00edculos el\u00e9tricos\"],\"articleSection\":[\"Empresas\"],\"inLanguage\":\"pt-PT\"},{\"@type\":\"WebPage\",\"@id\":\"https:\\\/\\\/jornaldasoficinas.com\\\/pt\\\/remo-e-alves-bandeira-criam-rede-de-carregamento-ultrarrapido\\\/\",\"url\":\"https:\\\/\\\/jornaldasoficinas.com\\\/pt\\\/remo-e-alves-bandeira-criam-rede-de-carregamento-ultrarrapido\\\/\",\"name\":\"REMO e Alves Bandeira criam rede de carregamento ultrarr\u00e1pido - Jornal das Oficinas\",\"isPartOf\":{\"@id\":\"https:\\\/\\\/jornaldasoficinas.com\\\/pt\\\/#website\"},\"primaryImageOfPage\":{\"@id\":\"https:\\\/\\\/jornaldasoficinas.com\\\/pt\\\/remo-e-alves-bandeira-criam-rede-de-carregamento-ultrarrapido\\\/#primaryimage\"},\"image\":{\"@id\":\"https:\\\/\\\/jornaldasoficinas.com\\\/pt\\\/remo-e-alves-bandeira-criam-rede-de-carregamento-ultrarrapido\\\/#primaryimage\"},\"thumbnailUrl\":\"https:\\\/\\\/jornaldasoficinas.com\\\/pt\\\/wp-content\\\/uploads\\\/2025\\\/11\\\/REMO-e-Alves-Bandeira-criam-rede-de-carregamento-ultrarrapido.jpeg\",\"datePublished\":\"2025-11-25T14:30:30+00:00\",\"description\":\"A REMO e o Grupo Alves Bandeira anunciaram uma parceria estrat\u00e9gica para desenvolver uma das maiores redes de carregamento ultrarr\u00e1pido\",\"breadcrumb\":{\"@id\":\"https:\\\/\\\/jornaldasoficinas.com\\\/pt\\\/remo-e-alves-bandeira-criam-rede-de-carregamento-ultrarrapido\\\/#breadcrumb\"},\"inLanguage\":\"pt-PT\",\"potentialAction\":[{\"@type\":\"ReadAction\",\"target\":[\"https:\\\/\\\/jornaldasoficinas.com\\\/pt\\\/remo-e-alves-bandeira-criam-rede-de-carregamento-ultrarrapido\\\/\"]}]},{\"@type\":\"ImageObject\",\"inLanguage\":\"pt-PT\",\"@id\":\"https:\\\/\\\/jornaldasoficinas.com\\\/pt\\\/remo-e-alves-bandeira-criam-rede-de-carregamento-ultrarrapido\\\/#primaryimage\",\"url\":\"https:\\\/\\\/jornaldasoficinas.com\\\/pt\\\/wp-content\\\/uploads\\\/2025\\\/11\\\/REMO-e-Alves-Bandeira-criam-rede-de-carregamento-ultrarrapido.jpeg\",\"contentUrl\":\"https:\\\/\\\/jornaldasoficinas.com\\\/pt\\\/wp-content\\\/uploads\\\/2025\\\/11\\\/REMO-e-Alves-Bandeira-criam-rede-de-carregamento-ultrarrapido.jpeg\",\"width\":1024,\"height\":581,\"caption\":\"11 - REMO e Alves Bandeira criam rede de carregamento ultrarrapido\"},{\"@type\":\"BreadcrumbList\",\"@id\":\"https:\\\/\\\/jornaldasoficinas.com\\\/pt\\\/remo-e-alves-bandeira-criam-rede-de-carregamento-ultrarrapido\\\/#breadcrumb\",\"itemListElement\":[{\"@type\":\"ListItem\",\"position\":1,\"name\":\"In\u00edcio\",\"item\":\"https:\\\/\\\/jornaldasoficinas.com\\\/pt\\\/\"},{\"@type\":\"ListItem\",\"position\":2,\"name\":\"REMO e Alves Bandeira criam rede de carregamento ultrarr\u00e1pido\"}]},{\"@type\":\"WebSite\",\"@id\":\"https:\\\/\\\/jornaldasoficinas.com\\\/pt\\\/#website\",\"url\":\"https:\\\/\\\/jornaldasoficinas.com\\\/pt\\\/\",\"name\":\"Jornal das Oficinas\",\"description\":\"Jornal independente do Aftermarket Autom\u00f3vel em Portugal\",\"publisher\":{\"@id\":\"https:\\\/\\\/jornaldasoficinas.com\\\/pt\\\/#organization\"},\"potentialAction\":[{\"@type\":\"SearchAction\",\"target\":{\"@type\":\"EntryPoint\",\"urlTemplate\":\"https:\\\/\\\/jornaldasoficinas.com\\\/pt\\\/?s={search_term_string}\"},\"query-input\":{\"@type\":\"PropertyValueSpecification\",\"valueRequired\":true,\"valueName\":\"search_term_string\"}}],\"inLanguage\":\"pt-PT\"},{\"@type\":\"Organization\",\"@id\":\"https:\\\/\\\/jornaldasoficinas.com\\\/pt\\\/#organization\",\"name\":\"Jornal das Oficinas\",\"url\":\"https:\\\/\\\/jornaldasoficinas.com\\\/pt\\\/\",\"logo\":{\"@type\":\"ImageObject\",\"inLanguage\":\"pt-PT\",\"@id\":\"https:\\\/\\\/jornaldasoficinas.com\\\/pt\\\/#\\\/schema\\\/logo\\\/image\\\/\",\"url\":\"https:\\\/\\\/jornaldasoficinas.com\\\/pt\\\/wp-content\\\/uploads\\\/logoJO-SEO.png\",\"contentUrl\":\"https:\\\/\\\/jornaldasoficinas.com\\\/pt\\\/wp-content\\\/uploads\\\/logoJO-SEO.png\",\"width\":285,\"height\":450,\"caption\":\"Jornal das Oficinas\"},\"image\":{\"@id\":\"https:\\\/\\\/jornaldasoficinas.com\\\/pt\\\/#\\\/schema\\\/logo\\\/image\\\/\"},\"sameAs\":[\"https:\\\/\\\/www.facebook.com\\\/jornaloficinas\",\"https:\\\/\\\/x.com\\\/jornaloficinas\",\"https:\\\/\\\/www.instagram.com\\\/jornal_oficinas\\\/\",\"https:\\\/\\\/www.linkedin.com\\\/company\\\/jornal-das-oficinas\\\/\",\"https:\\\/\\\/www.youtube.com\\\/channel\\\/UCbQZBqtcvV-oSQrr7RzINGg\"]},{\"@type\":\"Person\",\"@id\":\"https:\\\/\\\/jornaldasoficinas.com\\\/pt\\\/#\\\/schema\\\/person\\\/a38eef5de2c41d9e7c9ac10141afddf3\",\"name\":\"Reda\u00e7\u00e3o JO\",\"image\":{\"@type\":\"ImageObject\",\"inLanguage\":\"pt-PT\",\"@id\":\"https:\\\/\\\/secure.gravatar.com\\\/avatar\\\/71f2fa71737ad68a84fea94bc708ddac8ea5b0c4788dc2ad202f3ccb2887742f?s=96&d=wp_user_avatar&r=g\",\"url\":\"https:\\\/\\\/secure.gravatar.com\\\/avatar\\\/71f2fa71737ad68a84fea94bc708ddac8ea5b0c4788dc2ad202f3ccb2887742f?s=96&d=wp_user_avatar&r=g\",\"contentUrl\":\"https:\\\/\\\/secure.gravatar.com\\\/avatar\\\/71f2fa71737ad68a84fea94bc708ddac8ea5b0c4788dc2ad202f3ccb2887742f?s=96&d=wp_user_avatar&r=g\",\"caption\":\"Reda\u00e7\u00e3o JO\"},\"url\":\"https:\\\/\\\/jornaldasoficinas.com\\\/pt\\\/author\\\/joredacao\\\/\"}]}<\/script>\n<!-- \/ Yoast SEO plugin. -->","yoast_head_json":{"title":"REMO e Alves Bandeira criam rede de carregamento ultrarr\u00e1pido - Jornal das Oficinas","description":"A REMO e o Grupo Alves Bandeira anunciaram uma parceria estrat\u00e9gica para desenvolver uma das maiores redes de carregamento ultrarr\u00e1pido","robots":{"index":"index","follow":"follow","max-snippet":"max-snippet:-1","max-image-preview":"max-image-preview:large","max-video-preview":"max-video-preview:-1"},"canonical":"https:\/\/jornaldasoficinas.com\/pt\/remo-e-alves-bandeira-criam-rede-de-carregamento-ultrarrapido\/","og_locale":"pt_PT","og_type":"article","og_title":"REMO e Alves Bandeira criam rede de carregamento ultrarr\u00e1pido - Jornal das Oficinas","og_description":"A REMO e o Grupo Alves Bandeira anunciaram uma parceria estrat\u00e9gica para desenvolver uma das maiores redes de carregamento ultrarr\u00e1pido","og_url":"https:\/\/jornaldasoficinas.com\/pt\/remo-e-alves-bandeira-criam-rede-de-carregamento-ultrarrapido\/","og_site_name":"Jornal das Oficinas","article_publisher":"https:\/\/www.facebook.com\/jornaloficinas","article_published_time":"2025-11-25T14:30:30+00:00","og_image":[{"width":1024,"height":581,"url":"https:\/\/jornaldasoficinas.com\/pt\/wp-content\/uploads\/2025\/11\/REMO-e-Alves-Bandeira-criam-rede-de-carregamento-ultrarrapido.jpeg","type":"image\/jpeg"}],"author":"Reda\u00e7\u00e3o JO","twitter_card":"summary_large_image","twitter_creator":"@jornaloficinas","twitter_site":"@jornaloficinas","twitter_misc":{"Escrito por":"Reda\u00e7\u00e3o JO","Tempo estimado de leitura":"4 minutos"},"schema":{"@context":"https:\/\/schema.org","@graph":[{"@type":"Article","@id":"https:\/\/jornaldasoficinas.com\/pt\/remo-e-alves-bandeira-criam-rede-de-carregamento-ultrarrapido\/#article","isPartOf":{"@id":"https:\/\/jornaldasoficinas.com\/pt\/remo-e-alves-bandeira-criam-rede-de-carregamento-ultrarrapido\/"},"author":{"name":"Reda\u00e7\u00e3o JO","@id":"https:\/\/jornaldasoficinas.com\/pt\/#\/schema\/person\/a38eef5de2c41d9e7c9ac10141afddf3"},"headline":"REMO e Alves Bandeira criam rede de carregamento ultrarr\u00e1pido","datePublished":"2025-11-25T14:30:30+00:00","mainEntityOfPage":{"@id":"https:\/\/jornaldasoficinas.com\/pt\/remo-e-alves-bandeira-criam-rede-de-carregamento-ultrarrapido\/"},"wordCount":651,"publisher":{"@id":"https:\/\/jornaldasoficinas.com\/pt\/#organization"},"image":{"@id":"https:\/\/jornaldasoficinas.com\/pt\/remo-e-alves-bandeira-criam-rede-de-carregamento-ultrarrapido\/#primaryimage"},"thumbnailUrl":"https:\/\/jornaldasoficinas.com\/pt\/wp-content\/uploads\/2025\/11\/REMO-e-Alves-Bandeira-criam-rede-de-carregamento-ultrarrapido.jpeg","keywords":["200 pontos","Grupo Alves Bandeira","Parceria Estrat\u00e9gica","rede de carregamento","REMO","Ve\u00edculos el\u00e9tricos"],"articleSection":["Empresas"],"inLanguage":"pt-PT"},{"@type":"WebPage","@id":"https:\/\/jornaldasoficinas.com\/pt\/remo-e-alves-bandeira-criam-rede-de-carregamento-ultrarrapido\/","url":"https:\/\/jornaldasoficinas.com\/pt\/remo-e-alves-bandeira-criam-rede-de-carregamento-ultrarrapido\/","name":"REMO e Alves Bandeira criam rede de carregamento ultrarr\u00e1pido - Jornal das Oficinas","isPartOf":{"@id":"https:\/\/jornaldasoficinas.com\/pt\/#website"},"primaryImageOfPage":{"@id":"https:\/\/jornaldasoficinas.com\/pt\/remo-e-alves-bandeira-criam-rede-de-carregamento-ultrarrapido\/#primaryimage"},"image":{"@id":"https:\/\/jornaldasoficinas.com\/pt\/remo-e-alves-bandeira-criam-rede-de-carregamento-ultrarrapido\/#primaryimage"},"thumbnailUrl":"https:\/\/jornaldasoficinas.com\/pt\/wp-content\/uploads\/2025\/11\/REMO-e-Alves-Bandeira-criam-rede-de-carregamento-ultrarrapido.jpeg","datePublished":"2025-11-25T14:30:30+00:00","description":"A REMO e o Grupo Alves Bandeira anunciaram uma parceria estrat\u00e9gica para desenvolver uma das maiores redes de carregamento ultrarr\u00e1pido","breadcrumb":{"@id":"https:\/\/jornaldasoficinas.com\/pt\/remo-e-alves-bandeira-criam-rede-de-carregamento-ultrarrapido\/#breadcrumb"},"inLanguage":"pt-PT","potentialAction":[{"@type":"ReadAction","target":["https:\/\/jornaldasoficinas.com\/pt\/remo-e-alves-bandeira-criam-rede-de-carregamento-ultrarrapido\/"]}]},{"@type":"ImageObject","inLanguage":"pt-PT","@id":"https:\/\/jornaldasoficinas.com\/pt\/remo-e-alves-bandeira-criam-rede-de-carregamento-ultrarrapido\/#primaryimage","url":"https:\/\/jornaldasoficinas.com\/pt\/wp-content\/uploads\/2025\/11\/REMO-e-Alves-Bandeira-criam-rede-de-carregamento-ultrarrapido.jpeg","contentUrl":"https:\/\/jornaldasoficinas.com\/pt\/wp-content\/uploads\/2025\/11\/REMO-e-Alves-Bandeira-criam-rede-de-carregamento-ultrarrapido.jpeg","width":1024,"height":581,"caption":"11 - REMO e Alves Bandeira criam rede de carregamento ultrarrapido"},{"@type":"BreadcrumbList","@id":"https:\/\/jornaldasoficinas.com\/pt\/remo-e-alves-bandeira-criam-rede-de-carregamento-ultrarrapido\/#breadcrumb","itemListElement":[{"@type":"ListItem","position":1,"name":"In\u00edcio","item":"https:\/\/jornaldasoficinas.com\/pt\/"},{"@type":"ListItem","position":2,"name":"REMO e Alves Bandeira criam rede de carregamento ultrarr\u00e1pido"}]},{"@type":"WebSite","@id":"https:\/\/jornaldasoficinas.com\/pt\/#website","url":"https:\/\/jornaldasoficinas.com\/pt\/","name":"Jornal das Oficinas","description":"Jornal independente do Aftermarket Autom\u00f3vel em Portugal","publisher":{"@id":"https:\/\/jornaldasoficinas.com\/pt\/#organization"},"potentialAction":[{"@type":"SearchAction","target":{"@type":"EntryPoint","urlTemplate":"https:\/\/jornaldasoficinas.com\/pt\/?s={search_term_string}"},"query-input":{"@type":"PropertyValueSpecification","valueRequired":true,"valueName":"search_term_string"}}],"inLanguage":"pt-PT"},{"@type":"Organization","@id":"https:\/\/jornaldasoficinas.com\/pt\/#organization","name":"Jornal das Oficinas","url":"https:\/\/jornaldasoficinas.com\/pt\/","logo":{"@type":"ImageObject","inLanguage":"pt-PT","@id":"https:\/\/jornaldasoficinas.com\/pt\/#\/schema\/logo\/image\/","url":"https:\/\/jornaldasoficinas.com\/pt\/wp-content\/uploads\/logoJO-SEO.png","contentUrl":"https:\/\/jornaldasoficinas.com\/pt\/wp-content\/uploads\/logoJO-SEO.png","width":285,"height":450,"caption":"Jornal das Oficinas"},"image":{"@id":"https:\/\/jornaldasoficinas.com\/pt\/#\/schema\/logo\/image\/"},"sameAs":["https:\/\/www.facebook.com\/jornaloficinas","https:\/\/x.com\/jornaloficinas","https:\/\/www.instagram.com\/jornal_oficinas\/","https:\/\/www.linkedin.com\/company\/jornal-das-oficinas\/","https:\/\/www.youtube.com\/channel\/UCbQZBqtcvV-oSQrr7RzINGg"]},{"@type":"Person","@id":"https:\/\/jornaldasoficinas.com\/pt\/#\/schema\/person\/a38eef5de2c41d9e7c9ac10141afddf3","name":"Reda\u00e7\u00e3o JO","image":{"@type":"ImageObject","inLanguage":"pt-PT","@id":"https:\/\/secure.gravatar.com\/avatar\/71f2fa71737ad68a84fea94bc708ddac8ea5b0c4788dc2ad202f3ccb2887742f?s=96&d=wp_user_avatar&r=g","url":"https:\/\/secure.gravatar.com\/avatar\/71f2fa71737ad68a84fea94bc708ddac8ea5b0c4788dc2ad202f3ccb2887742f?s=96&d=wp_user_avatar&r=g","contentUrl":"https:\/\/secure.gravatar.com\/avatar\/71f2fa71737ad68a84fea94bc708ddac8ea5b0c4788dc2ad202f3ccb2887742f?s=96&d=wp_user_avatar&r=g","caption":"Reda\u00e7\u00e3o JO"},"url":"https:\/\/jornaldasoficinas.com\/pt\/author\/joredacao\/"}]}},"_links":{"self":[{"href":"https:\/\/jornaldasoficinas.com\/pt\/wp-json\/wp\/v2\/posts\/110046","targetHints":{"allow":["GET"]}}],"collection":[{"href":"https:\/\/jornaldasoficinas.com\/pt\/wp-json\/wp\/v2\/posts"}],"about":[{"href":"https:\/\/jornaldasoficinas.com\/pt\/wp-json\/wp\/v2\/types\/post"}],"author":[{"embeddable":true,"href":"https:\/\/jornaldasoficinas.com\/pt\/wp-json\/wp\/v2\/users\/15"}],"replies":[{"embeddable":true,"href":"https:\/\/jornaldasoficinas.com\/pt\/wp-json\/wp\/v2\/comments?post=110046"}],"version-history":[{"count":4,"href":"https:\/\/jornaldasoficinas.com\/pt\/wp-json\/wp\/v2\/posts\/110046\/revisions"}],"predecessor-version":[{"id":110063,"href":"https:\/\/jornaldasoficinas.com\/pt\/wp-json\/wp\/v2\/posts\/110046\/revisions\/110063"}],"wp:featuredmedia":[{"embeddable":true,"href":"https:\/\/jornaldasoficinas.com\/pt\/wp-json\/wp\/v2\/media\/110062"}],"wp:attachment":[{"href":"https:\/\/jornaldasoficinas.com\/pt\/wp-json\/wp\/v2\/media?parent=110046"}],"wp:term":[{"taxonomy":"category","embeddable":true,"href":"https:\/\/jornaldasoficinas.com\/pt\/wp-json\/wp\/v2\/categories?post=110046"},{"taxonomy":"post_tag","embeddable":true,"href":"https:\/\/jornaldasoficinas.com\/pt\/wp-json\/wp\/v2\/tags?post=110046"}],"curies":[{"name":"wp","href":"https:\/\/api.w.org\/{rel}","templated":true}]}}