{"id":110105,"date":"2025-11-27T12:30:38","date_gmt":"2025-11-27T12:30:38","guid":{"rendered":"https:\/\/jornaldasoficinas.com\/pt\/?p=110105"},"modified":"2025-11-26T08:25:45","modified_gmt":"2025-11-26T08:25:45","slug":"aran-reuniu-rebocadores-e-debateu-desafios-do-setor","status":"publish","type":"post","link":"https:\/\/jornaldasoficinas.com\/pt\/aran-reuniu-rebocadores-e-debateu-desafios-do-setor\/","title":{"rendered":"ARAN reuniu rebocadores e debateu desafios do setor"},"content":{"rendered":"<p><strong><img loading=\"lazy\" decoding=\"async\" class=\"alignnone size-full wp-image-110123\" src=\"https:\/\/jornaldasoficinas.com\/pt\/wp-content\/uploads\/2025\/11\/Encontro-Nacional-dos-Rebocadores-2025_ARAN-8.jpg\" alt=\"11 - Encontro Nacional dos Rebocadores 2025_ARAN 8\" width=\"1024\" height=\"581\" srcset=\"https:\/\/jornaldasoficinas.com\/pt\/wp-content\/uploads\/2025\/11\/Encontro-Nacional-dos-Rebocadores-2025_ARAN-8.jpg 1024w, https:\/\/jornaldasoficinas.com\/pt\/wp-content\/uploads\/2025\/11\/Encontro-Nacional-dos-Rebocadores-2025_ARAN-8-300x170.jpg 300w, https:\/\/jornaldasoficinas.com\/pt\/wp-content\/uploads\/2025\/11\/Encontro-Nacional-dos-Rebocadores-2025_ARAN-8-150x85.jpg 150w, https:\/\/jornaldasoficinas.com\/pt\/wp-content\/uploads\/2025\/11\/Encontro-Nacional-dos-Rebocadores-2025_ARAN-8-768x436.jpg 768w\" sizes=\"auto, (max-width: 1024px) 100vw, 1024px\" \/><\/strong><\/p>\n<p><strong>Sustentabilidade econ\u00f3mica, regulamenta\u00e7\u00e3o da atividade, envelhecimento da profiss\u00e3o, dificuldades na atra\u00e7\u00e3o e reten\u00e7\u00e3o de talento foram alguns dos temas debatidos no Encontro Nacional dos Rebocadores, organizado pela <a href=\"https:\/\/aran.pt\/\" target=\"_blank\" rel=\"noopener\">ARAN<\/a><\/strong><\/p>\n<p>A ARAN \u2013 Associa\u00e7\u00e3o Nacional do Ramo Autom\u00f3vel realizou no dia 12 de novembro, no Grande Hotel de Luso \u2013 Mealhada, um evento dedicado \u00e0 atividade de Pronto-Socorro onde reuniu mais de uma centena de participantes entre empresas associadas, parceiros e entidades decisoras, todos com o comum objetivo de debater os desafios que o setor enfrenta, bem como promover o di\u00e1logo, a proximidade e a partilha de ideias sobre o presente e o futuro da atividade.<\/p>\n<p>&#8220;A maioria das pessoas aqui presentes sabe que a minha preocupa\u00e7\u00e3o, desde o primeiro dia como presidente da ARAN, foi valorizar a actividade e contribuir para resolver os problemas com que o sector dos rebocadores se debate diariamente, \u00e9 o que aqui e hoje vamos discutir entre n\u00f3s, com di\u00e1logo e mente aberta&#8221;, afirmou Rodrigo Ferreira da Silva, Presidente da Dire\u00e7\u00e3o da ARAN, na sess\u00e3o de abertura.<\/p>\n<p>Na edi\u00e7\u00e3o de 2025, o seu conceito expandiu-se na medida em que foram dinamizadas diversas apresenta\u00e7\u00f5es, n\u00e3o s\u00f3 da ARAN com as principais propostas que tem vindo a apresentar \u00e0s entidades decisoras, como tamb\u00e9m de parceiros com solu\u00e7\u00f5es importantes em resposta a duas problem\u00e1ticas que prevalecem no setor: forma\u00e7\u00e3o profissional e gest\u00e3o empresarial, e com a realiza\u00e7\u00e3o de duas mesas-redondas que contaram com a interven\u00e7\u00e3o cr\u00edtica das principais entidades nacionais \u2013 ACT, GNR e IMT, e das principais companhias de assist\u00eancia em viagem.<\/p>\n<p>Al\u00e9m de uma forte presen\u00e7a institucional, centenas de empresas de Pronto-Socorro do pa\u00eds estiveram representadas. Esta mobiliza\u00e7\u00e3o reflete bem os desafios que a atividade de pronto-socorro atravessa e a necessidade de o Governo e as entidades competentes olharem para este setor e adotarem medidas e apoios para a sua valoriza\u00e7\u00e3o, os quais vem sendo devidamente identificadas pela ARAN.<\/p>\n<p>&#8220;\u00c9 urgente a defini\u00e7\u00e3o de um conjunto de incentivos que vise melhorar a seguran\u00e7a rodovi\u00e1ria, a qualidade dos servi\u00e7os prestados e a satisfa\u00e7\u00e3o dos seus benefici\u00e1rios, bem como para apoiar diretamente as empresas que prestam servi\u00e7os de assist\u00eancia, salvaguardando a sua manuten\u00e7\u00e3o e a dos postos de trabalho, especialmente num tempo em que as empresas enfrentam tamb\u00e9m os desafios da intelig\u00eancia artificial&#8221;, afirmou a ARAN.<\/p>\n<p>J\u00e1 se encontra em execu\u00e7\u00e3o algumas das decis\u00f5es emanadas deste encontro entre as quais a Associa\u00e7\u00e3o destacou o agendamento, j\u00e1 confirmado, de reuni\u00f5es com decisores pol\u00edticos na Assembleia da Rep\u00fablica.<\/p>\n<p>&#8220;A ARAN agradece a presen\u00e7a de todos os participantes e entidades envolvidas, sublinhando que este evento representa um passo decisivo para modernizar, valorizar e fortalecer um setor essencial para a economia portuguesa e para salvaguardar a seguran\u00e7a rodovi\u00e1ria nacional, das pessoas e dos seus bens&#8221;, concluiu.<\/p>\n<div class=\"wonderplugingallery-container\" id=\"wonderplugingallery-container-275\" style=\"max-width:960px;margin:0 auto;\"><div class=\"wonderplugingallery\" id=\"wonderplugingallery-275\" data-galleryid=\"275\" data-width=\"960\" data-height=\"540\" data-skin=\"gallery\" data-playsinline=\"false\" data-mutevideo=\"false\" data-random=\"false\" data-autoslide=\"false\" data-autoplayvideo=\"false\" data-schemamarkup=\"false\" data-stopallplaying=\"false\" data-reloadonvideoend=\"false\" data-donotuseposter=\"false\" data-enabletabindex=\"false\" data-loadnextonvideoend=\"false\" data-hidetitlewhenvideoisplaying=\"false\" data-disablehovereventontouch=\"false\" data-ratioresponsive=\"false\" data-autoslideandplayafterfirstplayed=\"false\" data-html5player=\"true\" data-responsive=\"true\" data-fullwidth=\"false\" data-showtitle=\"true\" data-showdescription=\"true\" data-showplaybutton=\"true\" data-showfullscreenbutton=\"true\" data-showtimer=\"true\" data-showcarousel=\"true\" data-galleryshadow=\"false\" data-slideshadow=\"true\" data-thumbshowtitle=\"false\" data-thumbshowimage=\"true\" data-thumbshadow=\"true\" data-lightboxshowtitle=\"true\" data-lightboxshowdescription=\"true\" data-specifyid=\"true\" data-donotinit=\"false\" data-addinitscript=\"false\" data-triggerresize=\"false\" data-thumbcolumnsresponsive=\"false\" data-thumbverticalmiddle=\"true\" data-removeinlinecss=\"true\" data-switchonmouseover=\"false\" data-showcategory=\"true\" data-carouselpagination=\"false\" data-showimgtitle=\"false\" data-titlesmallscreen=\"false\" data-initsocial=\"true\" data-showsocial=\"false\" data-showemail=\"false\" data-showfacebook=\"true\" data-showtwitter=\"true\" data-showpinterest=\"true\" data-socialrotateeffect=\"true\" data-doshortcodeontext=\"false\" data-loop=\"0\" data-duration=\"1500\" data-slideduration=\"1000\" data-slideshowinterval=\"6000\" data-googleanalyticsaccount=\"\" data-ga4account=\"\" data-resizemode=\"fill\" data-imagetoolboxmode=\"mouseover\" data-effect=\"fade\" data-padding=\"12\" data-bgcolor=\"\" data-bgimage=\"\" data-thumbwidth=\"120\" data-thumbheight=\"60\" data-thumbgap=\"8\" data-thumbrowgap=\"16\" data-lightboxtextheight=\"72\" data-lightboxtitlecss=\"{color:#333333; font:bold 12px Arial,Helvetica,sans-serif; overflow:hidden; white-space:normal; line-height:18px;}\" data-lightboxdescriptioncss=\"{color:#333333; font:normal 12px Arial,Helvetica,sans-serif; overflow:hidden; white-space:normal; line-height:14px;}\" data-titlecss=\"{color:#ffffff; font-size:14px; font-family:Armata, sans-serif, Arial; overflow:hidden; text-align:left; padding:10px 0px 10px 10px; background:rgb(102, 102, 102) transparent; background:rgba(102, 102, 102, 0.6);}\" data-descriptioncss=\"{color:#ffffff; font-size:13px; font-family:Armata, sans-serif, Arial; overflow:hidden; text-align:left; padding:0px 0px 10px 10px; background:rgb(102, 102, 102) transparent; background:rgba(102, 102, 102, 0.6);}\" data-titleheight=\"72\" data-titlesmallscreenwidth=\"640\" data-titleheightsmallscreen=\"148\" data-socialmode=\"mouseover\" data-socialposition=\"position:absolute;top:8px;right:8px;\" data-socialpositionlightbox=\"position:absolute;top:8px;right:8px;\" data-socialdirection=\"horizontal\" data-socialbuttonsize=\"32\" data-socialbuttonfontsize=\"18\" data-defaultvideovolume=\"1\" data-ratiomediumscreen=\"1024\" data-ratiomediumheight=\"1.6\" data-ratiosmallscreen=\"767\" data-ratiosmallheight=\"2.4\" data-thumbtitleheight=\"24\" data-thumbmediumtitleheight=\"48\" data-thumbsmalltitleheight=\"72\" data-categoryheight=\"48\" data-categorydefault=\"all\" data-triggerresizedelay=\"100\" data-thumbmediumsize=\"800\" data-thumbsmallsize=\"480\" data-thumbmediumwidth=\"64\" data-thumbmediumheight=\"64\" data-thumbsmallwidth=\"48\" data-thumbsmallheight=\"48\" data-imgtitle=\"title\" data-carouselpaginationrow=\"3\" data-categorystyle=\"dropdown\" data-categorylist=\"[{&quot;slug&quot;:&quot;all&quot;,&quot;caption&quot;:&quot;Show All&quot;}]\" data-jsfolder=\"https:\/\/jornaldasoficinas.com\/pt\/wp-content\/plugins\/wonderplugin-gallery\/engine\/\" style=\"display:none;\" ><a class=\"html5galleryimglink\" href=\"https:\/\/jornaldasoficinas.com\/pt\/wp-content\/uploads\/2025\/11\/ARANrebocadores\/Encontro-Nacional-dos-Rebocadores-2025_ARAN-10.jpg\" data-mediatype=1><img decoding=\"async\" class=\"html5galleryimg html5gallery-tn-image\" src=\"https:\/\/jornaldasoficinas.com\/pt\/wp-content\/uploads\/2025\/11\/ARANrebocadores\/Encontro-Nacional-dos-Rebocadores-2025_ARAN-10.jpg\" alt=\"\"><\/a><div class=\"html5gallery-info\"><\/div><a class=\"html5galleryimglink\" href=\"https:\/\/jornaldasoficinas.com\/pt\/wp-content\/uploads\/2025\/11\/ARANrebocadores\/Encontro-Nacional-dos-Rebocadores-2025_ARAN-12.jpg\" data-mediatype=1><img decoding=\"async\" class=\"html5galleryimg html5gallery-tn-image\" src=\"https:\/\/jornaldasoficinas.com\/pt\/wp-content\/uploads\/2025\/11\/ARANrebocadores\/Encontro-Nacional-dos-Rebocadores-2025_ARAN-12.jpg\" alt=\"\"><\/a><div class=\"html5gallery-info\"><\/div><a class=\"html5galleryimglink\" href=\"https:\/\/jornaldasoficinas.com\/pt\/wp-content\/uploads\/2025\/11\/ARANrebocadores\/Encontro-Nacional-dos-Rebocadores-2025_ARAN-13.jpg\" data-mediatype=1><img decoding=\"async\" class=\"html5galleryimg html5gallery-tn-image\" src=\"https:\/\/jornaldasoficinas.com\/pt\/wp-content\/uploads\/2025\/11\/ARANrebocadores\/Encontro-Nacional-dos-Rebocadores-2025_ARAN-13.jpg\" alt=\"\"><\/a><div class=\"html5gallery-info\"><\/div><a class=\"html5galleryimglink\" href=\"https:\/\/jornaldasoficinas.com\/pt\/wp-content\/uploads\/2025\/11\/ARANrebocadores\/Encontro-Nacional-dos-Rebocadores-2025_ARAN-14.jpg\" data-mediatype=1><img decoding=\"async\" class=\"html5galleryimg html5gallery-tn-image\" src=\"https:\/\/jornaldasoficinas.com\/pt\/wp-content\/uploads\/2025\/11\/ARANrebocadores\/Encontro-Nacional-dos-Rebocadores-2025_ARAN-14.jpg\" alt=\"\"><\/a><div class=\"html5gallery-info\"><\/div><a class=\"html5galleryimglink\" href=\"https:\/\/jornaldasoficinas.com\/pt\/wp-content\/uploads\/2025\/11\/ARANrebocadores\/Encontro-Nacional-dos-Rebocadores-2025_ARAN-2.jpg\" data-mediatype=1><img decoding=\"async\" class=\"html5galleryimg html5gallery-tn-image\" src=\"https:\/\/jornaldasoficinas.com\/pt\/wp-content\/uploads\/2025\/11\/ARANrebocadores\/Encontro-Nacional-dos-Rebocadores-2025_ARAN-2.jpg\" alt=\"\"><\/a><div class=\"html5gallery-info\"><\/div><a class=\"html5galleryimglink\" href=\"https:\/\/jornaldasoficinas.com\/pt\/wp-content\/uploads\/2025\/11\/ARANrebocadores\/Encontro-Nacional-dos-Rebocadores-2025_ARAN-3.jpg\" data-mediatype=1><img decoding=\"async\" class=\"html5galleryimg html5gallery-tn-image\" src=\"https:\/\/jornaldasoficinas.com\/pt\/wp-content\/uploads\/2025\/11\/ARANrebocadores\/Encontro-Nacional-dos-Rebocadores-2025_ARAN-3.jpg\" alt=\"\"><\/a><div class=\"html5gallery-info\"><\/div><a class=\"html5galleryimglink\" href=\"https:\/\/jornaldasoficinas.com\/pt\/wp-content\/uploads\/2025\/11\/ARANrebocadores\/Encontro-Nacional-dos-Rebocadores-2025_ARAN-4.jpg\" data-mediatype=1><img decoding=\"async\" class=\"html5galleryimg html5gallery-tn-image\" src=\"https:\/\/jornaldasoficinas.com\/pt\/wp-content\/uploads\/2025\/11\/ARANrebocadores\/Encontro-Nacional-dos-Rebocadores-2025_ARAN-4.jpg\" alt=\"\"><\/a><div class=\"html5gallery-info\"><\/div><a class=\"html5galleryimglink\" href=\"https:\/\/jornaldasoficinas.com\/pt\/wp-content\/uploads\/2025\/11\/ARANrebocadores\/Encontro-Nacional-dos-Rebocadores-2025_ARAN-5.jpg\" data-mediatype=1><img decoding=\"async\" class=\"html5galleryimg html5gallery-tn-image\" src=\"https:\/\/jornaldasoficinas.com\/pt\/wp-content\/uploads\/2025\/11\/ARANrebocadores\/Encontro-Nacional-dos-Rebocadores-2025_ARAN-5.jpg\" alt=\"\"><\/a><div class=\"html5gallery-info\"><\/div><a class=\"html5galleryimglink\" href=\"https:\/\/jornaldasoficinas.com\/pt\/wp-content\/uploads\/2025\/11\/ARANrebocadores\/Encontro-Nacional-dos-Rebocadores-2025_ARAN-6.jpg\" data-mediatype=1><img decoding=\"async\" class=\"html5galleryimg html5gallery-tn-image\" src=\"https:\/\/jornaldasoficinas.com\/pt\/wp-content\/uploads\/2025\/11\/ARANrebocadores\/Encontro-Nacional-dos-Rebocadores-2025_ARAN-6.jpg\" alt=\"\"><\/a><div class=\"html5gallery-info\"><\/div><a class=\"html5galleryimglink\" href=\"https:\/\/jornaldasoficinas.com\/pt\/wp-content\/uploads\/2025\/11\/ARANrebocadores\/Encontro-Nacional-dos-Rebocadores-2025_ARAN-7.jpg\" data-mediatype=1><img decoding=\"async\" class=\"html5galleryimg html5gallery-tn-image\" src=\"https:\/\/jornaldasoficinas.com\/pt\/wp-content\/uploads\/2025\/11\/ARANrebocadores\/Encontro-Nacional-dos-Rebocadores-2025_ARAN-7.jpg\" alt=\"\"><\/a><div class=\"html5gallery-info\"><\/div><a class=\"html5galleryimglink\" href=\"https:\/\/jornaldasoficinas.com\/pt\/wp-content\/uploads\/2025\/11\/ARANrebocadores\/Encontro-Nacional-dos-Rebocadores-2025_ARAN-8.jpg\" data-mediatype=1><img decoding=\"async\" class=\"html5galleryimg html5gallery-tn-image\" src=\"https:\/\/jornaldasoficinas.com\/pt\/wp-content\/uploads\/2025\/11\/ARANrebocadores\/Encontro-Nacional-dos-Rebocadores-2025_ARAN-8.jpg\" alt=\"\"><\/a><div class=\"html5gallery-info\"><\/div><a class=\"html5galleryimglink\" href=\"https:\/\/jornaldasoficinas.com\/pt\/wp-content\/uploads\/2025\/11\/ARANrebocadores\/Encontro-Nacional-dos-Rebocadores-2025_ARAN-9.jpg\" data-mediatype=1><img decoding=\"async\" class=\"html5galleryimg html5gallery-tn-image\" src=\"https:\/\/jornaldasoficinas.com\/pt\/wp-content\/uploads\/2025\/11\/ARANrebocadores\/Encontro-Nacional-dos-Rebocadores-2025_ARAN-9.jpg\" alt=\"\"><\/a><div class=\"html5gallery-info\"><\/div><\/div><\/div><script>function wondergallery_275_appendcss(csscode) {var head=document.head || document.getElementsByTagName(\"head\")[0];var style=document.createElement(\"style\");head.appendChild(style);style.type=\"text\/css\";if (style.styleSheet){style.styleSheet.cssText=csscode;} else {style.appendChild(document.createTextNode(csscode));}};wondergallery_275_appendcss(\"#wonderplugingallery-275 .html5gallery-cat-selection-275 { \tbox-sizing: border-box; \ttext-align: center; }  #wonderplugingallery-275 .html5gallery-cat-selection-275 select { \tbox-sizing: border-box; \tmargin: 4px auto; }\");<\/script>\n","protected":false},"excerpt":{"rendered":"<p>Sustentabilidade econ\u00f3mica, regulamenta\u00e7\u00e3o da atividade, envelhecimento&#8230;<\/p>\n","protected":false},"author":15,"featured_media":110123,"comment_status":"closed","ping_status":"closed","sticky":false,"template":"","format":"standard","meta":{"footnotes":""},"categories":[37],"tags":[136,9969,8497,14080,14081,6666],"class_list":["post-110105","post","type-post","status-publish","format-standard","has-post-thumbnail","hentry","category-mercado","tag-aran","tag-debate","tag-desafios","tag-encontro-nacional-dos-rebocadores","tag-futuro-da-atividade","tag-pronto-socorro"],"yoast_head":"<!-- This site is optimized with the Yoast SEO plugin v27.4 - https:\/\/yoast.com\/product\/yoast-seo-wordpress\/ -->\n<title>ARAN reuniu rebocadores e debateu desafios do setor - Jornal das Oficinas<\/title>\n<meta name=\"description\" content=\"Sustentabilidade econ\u00f3mica e regulamenta\u00e7\u00e3o da atividade foram alguns dos temas debatidos no Encontro Nacional dos Rebocadores\" \/>\n<meta name=\"robots\" content=\"index, follow, max-snippet:-1, max-image-preview:large, max-video-preview:-1\" \/>\n<link rel=\"canonical\" href=\"https:\/\/jornaldasoficinas.com\/pt\/aran-reuniu-rebocadores-e-debateu-desafios-do-setor\/\" \/>\n<meta property=\"og:locale\" content=\"pt_PT\" \/>\n<meta property=\"og:type\" content=\"article\" \/>\n<meta property=\"og:title\" content=\"ARAN reuniu rebocadores e debateu desafios do setor - Jornal das Oficinas\" \/>\n<meta property=\"og:description\" content=\"Sustentabilidade econ\u00f3mica e regulamenta\u00e7\u00e3o da atividade foram alguns dos temas debatidos no Encontro Nacional dos Rebocadores\" \/>\n<meta property=\"og:url\" content=\"https:\/\/jornaldasoficinas.com\/pt\/aran-reuniu-rebocadores-e-debateu-desafios-do-setor\/\" \/>\n<meta property=\"og:site_name\" content=\"Jornal das Oficinas\" \/>\n<meta property=\"article:publisher\" content=\"https:\/\/www.facebook.com\/jornaloficinas\" \/>\n<meta property=\"article:published_time\" content=\"2025-11-27T12:30:38+00:00\" \/>\n<meta property=\"og:image\" content=\"https:\/\/jornaldasoficinas.com\/pt\/wp-content\/uploads\/2025\/11\/Encontro-Nacional-dos-Rebocadores-2025_ARAN-8.jpg\" \/>\n\t<meta property=\"og:image:width\" content=\"1024\" \/>\n\t<meta property=\"og:image:height\" content=\"581\" \/>\n\t<meta property=\"og:image:type\" content=\"image\/jpeg\" \/>\n<meta name=\"author\" content=\"Reda\u00e7\u00e3o JO\" \/>\n<meta name=\"twitter:card\" content=\"summary_large_image\" \/>\n<meta name=\"twitter:creator\" content=\"@jornaloficinas\" \/>\n<meta name=\"twitter:site\" content=\"@jornaloficinas\" \/>\n<meta name=\"twitter:label1\" content=\"Escrito por\" \/>\n\t<meta name=\"twitter:data1\" content=\"Reda\u00e7\u00e3o JO\" \/>\n\t<meta name=\"twitter:label2\" content=\"Tempo estimado de leitura\" \/>\n\t<meta name=\"twitter:data2\" content=\"3 minutos\" \/>\n<script type=\"application\/ld+json\" class=\"yoast-schema-graph\">{\"@context\":\"https:\\\/\\\/schema.org\",\"@graph\":[{\"@type\":\"Article\",\"@id\":\"https:\\\/\\\/jornaldasoficinas.com\\\/pt\\\/aran-reuniu-rebocadores-e-debateu-desafios-do-setor\\\/#article\",\"isPartOf\":{\"@id\":\"https:\\\/\\\/jornaldasoficinas.com\\\/pt\\\/aran-reuniu-rebocadores-e-debateu-desafios-do-setor\\\/\"},\"author\":{\"name\":\"Reda\u00e7\u00e3o JO\",\"@id\":\"https:\\\/\\\/jornaldasoficinas.com\\\/pt\\\/#\\\/schema\\\/person\\\/a38eef5de2c41d9e7c9ac10141afddf3\"},\"headline\":\"ARAN reuniu rebocadores e debateu desafios do setor\",\"datePublished\":\"2025-11-27T12:30:38+00:00\",\"mainEntityOfPage\":{\"@id\":\"https:\\\/\\\/jornaldasoficinas.com\\\/pt\\\/aran-reuniu-rebocadores-e-debateu-desafios-do-setor\\\/\"},\"wordCount\":506,\"publisher\":{\"@id\":\"https:\\\/\\\/jornaldasoficinas.com\\\/pt\\\/#organization\"},\"image\":{\"@id\":\"https:\\\/\\\/jornaldasoficinas.com\\\/pt\\\/aran-reuniu-rebocadores-e-debateu-desafios-do-setor\\\/#primaryimage\"},\"thumbnailUrl\":\"https:\\\/\\\/jornaldasoficinas.com\\\/pt\\\/wp-content\\\/uploads\\\/2025\\\/11\\\/Encontro-Nacional-dos-Rebocadores-2025_ARAN-8.jpg\",\"keywords\":[\"ARAN\",\"debate\",\"desafios\",\"Encontro Nacional dos Rebocadores\",\"futuro da atividade\",\"Pronto-socorro\"],\"articleSection\":[\"Mercado\"],\"inLanguage\":\"pt-PT\"},{\"@type\":\"WebPage\",\"@id\":\"https:\\\/\\\/jornaldasoficinas.com\\\/pt\\\/aran-reuniu-rebocadores-e-debateu-desafios-do-setor\\\/\",\"url\":\"https:\\\/\\\/jornaldasoficinas.com\\\/pt\\\/aran-reuniu-rebocadores-e-debateu-desafios-do-setor\\\/\",\"name\":\"ARAN reuniu rebocadores e debateu desafios do setor - Jornal das Oficinas\",\"isPartOf\":{\"@id\":\"https:\\\/\\\/jornaldasoficinas.com\\\/pt\\\/#website\"},\"primaryImageOfPage\":{\"@id\":\"https:\\\/\\\/jornaldasoficinas.com\\\/pt\\\/aran-reuniu-rebocadores-e-debateu-desafios-do-setor\\\/#primaryimage\"},\"image\":{\"@id\":\"https:\\\/\\\/jornaldasoficinas.com\\\/pt\\\/aran-reuniu-rebocadores-e-debateu-desafios-do-setor\\\/#primaryimage\"},\"thumbnailUrl\":\"https:\\\/\\\/jornaldasoficinas.com\\\/pt\\\/wp-content\\\/uploads\\\/2025\\\/11\\\/Encontro-Nacional-dos-Rebocadores-2025_ARAN-8.jpg\",\"datePublished\":\"2025-11-27T12:30:38+00:00\",\"description\":\"Sustentabilidade econ\u00f3mica e regulamenta\u00e7\u00e3o da atividade foram alguns dos temas debatidos no Encontro Nacional dos Rebocadores\",\"breadcrumb\":{\"@id\":\"https:\\\/\\\/jornaldasoficinas.com\\\/pt\\\/aran-reuniu-rebocadores-e-debateu-desafios-do-setor\\\/#breadcrumb\"},\"inLanguage\":\"pt-PT\",\"potentialAction\":[{\"@type\":\"ReadAction\",\"target\":[\"https:\\\/\\\/jornaldasoficinas.com\\\/pt\\\/aran-reuniu-rebocadores-e-debateu-desafios-do-setor\\\/\"]}]},{\"@type\":\"ImageObject\",\"inLanguage\":\"pt-PT\",\"@id\":\"https:\\\/\\\/jornaldasoficinas.com\\\/pt\\\/aran-reuniu-rebocadores-e-debateu-desafios-do-setor\\\/#primaryimage\",\"url\":\"https:\\\/\\\/jornaldasoficinas.com\\\/pt\\\/wp-content\\\/uploads\\\/2025\\\/11\\\/Encontro-Nacional-dos-Rebocadores-2025_ARAN-8.jpg\",\"contentUrl\":\"https:\\\/\\\/jornaldasoficinas.com\\\/pt\\\/wp-content\\\/uploads\\\/2025\\\/11\\\/Encontro-Nacional-dos-Rebocadores-2025_ARAN-8.jpg\",\"width\":1024,\"height\":581,\"caption\":\"11 - Encontro Nacional dos Rebocadores 2025_ARAN 8\"},{\"@type\":\"BreadcrumbList\",\"@id\":\"https:\\\/\\\/jornaldasoficinas.com\\\/pt\\\/aran-reuniu-rebocadores-e-debateu-desafios-do-setor\\\/#breadcrumb\",\"itemListElement\":[{\"@type\":\"ListItem\",\"position\":1,\"name\":\"In\u00edcio\",\"item\":\"https:\\\/\\\/jornaldasoficinas.com\\\/pt\\\/\"},{\"@type\":\"ListItem\",\"position\":2,\"name\":\"ARAN reuniu rebocadores e debateu desafios do setor\"}]},{\"@type\":\"WebSite\",\"@id\":\"https:\\\/\\\/jornaldasoficinas.com\\\/pt\\\/#website\",\"url\":\"https:\\\/\\\/jornaldasoficinas.com\\\/pt\\\/\",\"name\":\"Jornal das Oficinas\",\"description\":\"Jornal independente do Aftermarket Autom\u00f3vel em Portugal\",\"publisher\":{\"@id\":\"https:\\\/\\\/jornaldasoficinas.com\\\/pt\\\/#organization\"},\"potentialAction\":[{\"@type\":\"SearchAction\",\"target\":{\"@type\":\"EntryPoint\",\"urlTemplate\":\"https:\\\/\\\/jornaldasoficinas.com\\\/pt\\\/?s={search_term_string}\"},\"query-input\":{\"@type\":\"PropertyValueSpecification\",\"valueRequired\":true,\"valueName\":\"search_term_string\"}}],\"inLanguage\":\"pt-PT\"},{\"@type\":\"Organization\",\"@id\":\"https:\\\/\\\/jornaldasoficinas.com\\\/pt\\\/#organization\",\"name\":\"Jornal das Oficinas\",\"url\":\"https:\\\/\\\/jornaldasoficinas.com\\\/pt\\\/\",\"logo\":{\"@type\":\"ImageObject\",\"inLanguage\":\"pt-PT\",\"@id\":\"https:\\\/\\\/jornaldasoficinas.com\\\/pt\\\/#\\\/schema\\\/logo\\\/image\\\/\",\"url\":\"https:\\\/\\\/jornaldasoficinas.com\\\/pt\\\/wp-content\\\/uploads\\\/logoJO-SEO.png\",\"contentUrl\":\"https:\\\/\\\/jornaldasoficinas.com\\\/pt\\\/wp-content\\\/uploads\\\/logoJO-SEO.png\",\"width\":285,\"height\":450,\"caption\":\"Jornal das Oficinas\"},\"image\":{\"@id\":\"https:\\\/\\\/jornaldasoficinas.com\\\/pt\\\/#\\\/schema\\\/logo\\\/image\\\/\"},\"sameAs\":[\"https:\\\/\\\/www.facebook.com\\\/jornaloficinas\",\"https:\\\/\\\/x.com\\\/jornaloficinas\",\"https:\\\/\\\/www.instagram.com\\\/jornal_oficinas\\\/\",\"https:\\\/\\\/www.linkedin.com\\\/company\\\/jornal-das-oficinas\\\/\",\"https:\\\/\\\/www.youtube.com\\\/channel\\\/UCbQZBqtcvV-oSQrr7RzINGg\"]},{\"@type\":\"Person\",\"@id\":\"https:\\\/\\\/jornaldasoficinas.com\\\/pt\\\/#\\\/schema\\\/person\\\/a38eef5de2c41d9e7c9ac10141afddf3\",\"name\":\"Reda\u00e7\u00e3o JO\",\"image\":{\"@type\":\"ImageObject\",\"inLanguage\":\"pt-PT\",\"@id\":\"https:\\\/\\\/secure.gravatar.com\\\/avatar\\\/71f2fa71737ad68a84fea94bc708ddac8ea5b0c4788dc2ad202f3ccb2887742f?s=96&d=wp_user_avatar&r=g\",\"url\":\"https:\\\/\\\/secure.gravatar.com\\\/avatar\\\/71f2fa71737ad68a84fea94bc708ddac8ea5b0c4788dc2ad202f3ccb2887742f?s=96&d=wp_user_avatar&r=g\",\"contentUrl\":\"https:\\\/\\\/secure.gravatar.com\\\/avatar\\\/71f2fa71737ad68a84fea94bc708ddac8ea5b0c4788dc2ad202f3ccb2887742f?s=96&d=wp_user_avatar&r=g\",\"caption\":\"Reda\u00e7\u00e3o JO\"},\"url\":\"https:\\\/\\\/jornaldasoficinas.com\\\/pt\\\/author\\\/joredacao\\\/\"}]}<\/script>\n<!-- \/ Yoast SEO plugin. -->","yoast_head_json":{"title":"ARAN reuniu rebocadores e debateu desafios do setor - Jornal das Oficinas","description":"Sustentabilidade econ\u00f3mica e regulamenta\u00e7\u00e3o da atividade foram alguns dos temas debatidos no Encontro Nacional dos Rebocadores","robots":{"index":"index","follow":"follow","max-snippet":"max-snippet:-1","max-image-preview":"max-image-preview:large","max-video-preview":"max-video-preview:-1"},"canonical":"https:\/\/jornaldasoficinas.com\/pt\/aran-reuniu-rebocadores-e-debateu-desafios-do-setor\/","og_locale":"pt_PT","og_type":"article","og_title":"ARAN reuniu rebocadores e debateu desafios do setor - Jornal das Oficinas","og_description":"Sustentabilidade econ\u00f3mica e regulamenta\u00e7\u00e3o da atividade foram alguns dos temas debatidos no Encontro Nacional dos Rebocadores","og_url":"https:\/\/jornaldasoficinas.com\/pt\/aran-reuniu-rebocadores-e-debateu-desafios-do-setor\/","og_site_name":"Jornal das Oficinas","article_publisher":"https:\/\/www.facebook.com\/jornaloficinas","article_published_time":"2025-11-27T12:30:38+00:00","og_image":[{"width":1024,"height":581,"url":"https:\/\/jornaldasoficinas.com\/pt\/wp-content\/uploads\/2025\/11\/Encontro-Nacional-dos-Rebocadores-2025_ARAN-8.jpg","type":"image\/jpeg"}],"author":"Reda\u00e7\u00e3o JO","twitter_card":"summary_large_image","twitter_creator":"@jornaloficinas","twitter_site":"@jornaloficinas","twitter_misc":{"Escrito por":"Reda\u00e7\u00e3o JO","Tempo estimado de leitura":"3 minutos"},"schema":{"@context":"https:\/\/schema.org","@graph":[{"@type":"Article","@id":"https:\/\/jornaldasoficinas.com\/pt\/aran-reuniu-rebocadores-e-debateu-desafios-do-setor\/#article","isPartOf":{"@id":"https:\/\/jornaldasoficinas.com\/pt\/aran-reuniu-rebocadores-e-debateu-desafios-do-setor\/"},"author":{"name":"Reda\u00e7\u00e3o JO","@id":"https:\/\/jornaldasoficinas.com\/pt\/#\/schema\/person\/a38eef5de2c41d9e7c9ac10141afddf3"},"headline":"ARAN reuniu rebocadores e debateu desafios do setor","datePublished":"2025-11-27T12:30:38+00:00","mainEntityOfPage":{"@id":"https:\/\/jornaldasoficinas.com\/pt\/aran-reuniu-rebocadores-e-debateu-desafios-do-setor\/"},"wordCount":506,"publisher":{"@id":"https:\/\/jornaldasoficinas.com\/pt\/#organization"},"image":{"@id":"https:\/\/jornaldasoficinas.com\/pt\/aran-reuniu-rebocadores-e-debateu-desafios-do-setor\/#primaryimage"},"thumbnailUrl":"https:\/\/jornaldasoficinas.com\/pt\/wp-content\/uploads\/2025\/11\/Encontro-Nacional-dos-Rebocadores-2025_ARAN-8.jpg","keywords":["ARAN","debate","desafios","Encontro Nacional dos Rebocadores","futuro da atividade","Pronto-socorro"],"articleSection":["Mercado"],"inLanguage":"pt-PT"},{"@type":"WebPage","@id":"https:\/\/jornaldasoficinas.com\/pt\/aran-reuniu-rebocadores-e-debateu-desafios-do-setor\/","url":"https:\/\/jornaldasoficinas.com\/pt\/aran-reuniu-rebocadores-e-debateu-desafios-do-setor\/","name":"ARAN reuniu rebocadores e debateu desafios do setor - Jornal das Oficinas","isPartOf":{"@id":"https:\/\/jornaldasoficinas.com\/pt\/#website"},"primaryImageOfPage":{"@id":"https:\/\/jornaldasoficinas.com\/pt\/aran-reuniu-rebocadores-e-debateu-desafios-do-setor\/#primaryimage"},"image":{"@id":"https:\/\/jornaldasoficinas.com\/pt\/aran-reuniu-rebocadores-e-debateu-desafios-do-setor\/#primaryimage"},"thumbnailUrl":"https:\/\/jornaldasoficinas.com\/pt\/wp-content\/uploads\/2025\/11\/Encontro-Nacional-dos-Rebocadores-2025_ARAN-8.jpg","datePublished":"2025-11-27T12:30:38+00:00","description":"Sustentabilidade econ\u00f3mica e regulamenta\u00e7\u00e3o da atividade foram alguns dos temas debatidos no Encontro Nacional dos Rebocadores","breadcrumb":{"@id":"https:\/\/jornaldasoficinas.com\/pt\/aran-reuniu-rebocadores-e-debateu-desafios-do-setor\/#breadcrumb"},"inLanguage":"pt-PT","potentialAction":[{"@type":"ReadAction","target":["https:\/\/jornaldasoficinas.com\/pt\/aran-reuniu-rebocadores-e-debateu-desafios-do-setor\/"]}]},{"@type":"ImageObject","inLanguage":"pt-PT","@id":"https:\/\/jornaldasoficinas.com\/pt\/aran-reuniu-rebocadores-e-debateu-desafios-do-setor\/#primaryimage","url":"https:\/\/jornaldasoficinas.com\/pt\/wp-content\/uploads\/2025\/11\/Encontro-Nacional-dos-Rebocadores-2025_ARAN-8.jpg","contentUrl":"https:\/\/jornaldasoficinas.com\/pt\/wp-content\/uploads\/2025\/11\/Encontro-Nacional-dos-Rebocadores-2025_ARAN-8.jpg","width":1024,"height":581,"caption":"11 - Encontro Nacional dos Rebocadores 2025_ARAN 8"},{"@type":"BreadcrumbList","@id":"https:\/\/jornaldasoficinas.com\/pt\/aran-reuniu-rebocadores-e-debateu-desafios-do-setor\/#breadcrumb","itemListElement":[{"@type":"ListItem","position":1,"name":"In\u00edcio","item":"https:\/\/jornaldasoficinas.com\/pt\/"},{"@type":"ListItem","position":2,"name":"ARAN reuniu rebocadores e debateu desafios do setor"}]},{"@type":"WebSite","@id":"https:\/\/jornaldasoficinas.com\/pt\/#website","url":"https:\/\/jornaldasoficinas.com\/pt\/","name":"Jornal das Oficinas","description":"Jornal independente do Aftermarket Autom\u00f3vel em Portugal","publisher":{"@id":"https:\/\/jornaldasoficinas.com\/pt\/#organization"},"potentialAction":[{"@type":"SearchAction","target":{"@type":"EntryPoint","urlTemplate":"https:\/\/jornaldasoficinas.com\/pt\/?s={search_term_string}"},"query-input":{"@type":"PropertyValueSpecification","valueRequired":true,"valueName":"search_term_string"}}],"inLanguage":"pt-PT"},{"@type":"Organization","@id":"https:\/\/jornaldasoficinas.com\/pt\/#organization","name":"Jornal das Oficinas","url":"https:\/\/jornaldasoficinas.com\/pt\/","logo":{"@type":"ImageObject","inLanguage":"pt-PT","@id":"https:\/\/jornaldasoficinas.com\/pt\/#\/schema\/logo\/image\/","url":"https:\/\/jornaldasoficinas.com\/pt\/wp-content\/uploads\/logoJO-SEO.png","contentUrl":"https:\/\/jornaldasoficinas.com\/pt\/wp-content\/uploads\/logoJO-SEO.png","width":285,"height":450,"caption":"Jornal das Oficinas"},"image":{"@id":"https:\/\/jornaldasoficinas.com\/pt\/#\/schema\/logo\/image\/"},"sameAs":["https:\/\/www.facebook.com\/jornaloficinas","https:\/\/x.com\/jornaloficinas","https:\/\/www.instagram.com\/jornal_oficinas\/","https:\/\/www.linkedin.com\/company\/jornal-das-oficinas\/","https:\/\/www.youtube.com\/channel\/UCbQZBqtcvV-oSQrr7RzINGg"]},{"@type":"Person","@id":"https:\/\/jornaldasoficinas.com\/pt\/#\/schema\/person\/a38eef5de2c41d9e7c9ac10141afddf3","name":"Reda\u00e7\u00e3o JO","image":{"@type":"ImageObject","inLanguage":"pt-PT","@id":"https:\/\/secure.gravatar.com\/avatar\/71f2fa71737ad68a84fea94bc708ddac8ea5b0c4788dc2ad202f3ccb2887742f?s=96&d=wp_user_avatar&r=g","url":"https:\/\/secure.gravatar.com\/avatar\/71f2fa71737ad68a84fea94bc708ddac8ea5b0c4788dc2ad202f3ccb2887742f?s=96&d=wp_user_avatar&r=g","contentUrl":"https:\/\/secure.gravatar.com\/avatar\/71f2fa71737ad68a84fea94bc708ddac8ea5b0c4788dc2ad202f3ccb2887742f?s=96&d=wp_user_avatar&r=g","caption":"Reda\u00e7\u00e3o JO"},"url":"https:\/\/jornaldasoficinas.com\/pt\/author\/joredacao\/"}]}},"_links":{"self":[{"href":"https:\/\/jornaldasoficinas.com\/pt\/wp-json\/wp\/v2\/posts\/110105","targetHints":{"allow":["GET"]}}],"collection":[{"href":"https:\/\/jornaldasoficinas.com\/pt\/wp-json\/wp\/v2\/posts"}],"about":[{"href":"https:\/\/jornaldasoficinas.com\/pt\/wp-json\/wp\/v2\/types\/post"}],"author":[{"embeddable":true,"href":"https:\/\/jornaldasoficinas.com\/pt\/wp-json\/wp\/v2\/users\/15"}],"replies":[{"embeddable":true,"href":"https:\/\/jornaldasoficinas.com\/pt\/wp-json\/wp\/v2\/comments?post=110105"}],"version-history":[{"count":7,"href":"https:\/\/jornaldasoficinas.com\/pt\/wp-json\/wp\/v2\/posts\/110105\/revisions"}],"predecessor-version":[{"id":110139,"href":"https:\/\/jornaldasoficinas.com\/pt\/wp-json\/wp\/v2\/posts\/110105\/revisions\/110139"}],"wp:featuredmedia":[{"embeddable":true,"href":"https:\/\/jornaldasoficinas.com\/pt\/wp-json\/wp\/v2\/media\/110123"}],"wp:attachment":[{"href":"https:\/\/jornaldasoficinas.com\/pt\/wp-json\/wp\/v2\/media?parent=110105"}],"wp:term":[{"taxonomy":"category","embeddable":true,"href":"https:\/\/jornaldasoficinas.com\/pt\/wp-json\/wp\/v2\/categories?post=110105"},{"taxonomy":"post_tag","embeddable":true,"href":"https:\/\/jornaldasoficinas.com\/pt\/wp-json\/wp\/v2\/tags?post=110105"}],"curies":[{"name":"wp","href":"https:\/\/api.w.org\/{rel}","templated":true}]}}