{"id":110197,"date":"2025-11-30T20:30:50","date_gmt":"2025-11-30T20:30:50","guid":{"rendered":"https:\/\/jornaldasoficinas.com\/pt\/?p=110197"},"modified":"2025-11-30T18:00:36","modified_gmt":"2025-11-30T18:00:36","slug":"a-corteco-tem-demonstrado-resiliencia-e-capacidade-de-adaptacao-corteco","status":"publish","type":"post","link":"https:\/\/jornaldasoficinas.com\/pt\/a-corteco-tem-demonstrado-resiliencia-e-capacidade-de-adaptacao-corteco\/","title":{"rendered":"&#8220;A Corteco tem demonstrado resili\u00eancia e capacidade de adapta\u00e7\u00e3o!&#8221;"},"content":{"rendered":"<p><img loading=\"lazy\" decoding=\"async\" class=\"alignnone size-full wp-image-110196\" src=\"https:\/\/jornaldasoficinas.com\/pt\/wp-content\/uploads\/2025\/11\/jose_boavida_corteco_.jpeg\" alt=\"11 - jose_boavida_corteco_\" width=\"1024\" height=\"581\" srcset=\"https:\/\/jornaldasoficinas.com\/pt\/wp-content\/uploads\/2025\/11\/jose_boavida_corteco_.jpeg 1024w, https:\/\/jornaldasoficinas.com\/pt\/wp-content\/uploads\/2025\/11\/jose_boavida_corteco_-300x170.jpeg 300w, https:\/\/jornaldasoficinas.com\/pt\/wp-content\/uploads\/2025\/11\/jose_boavida_corteco_-150x85.jpeg 150w, https:\/\/jornaldasoficinas.com\/pt\/wp-content\/uploads\/2025\/11\/jose_boavida_corteco_-768x436.jpeg 768w\" sizes=\"auto, (max-width: 1024px) 100vw, 1024px\" \/><\/p>\n<p><strong>Apesar de um cen\u00e1rio marcado por desafios externos, a <a href=\"https:\/\/www.corteco.com\/\" target=\"_blank\" rel=\"noopener\">Corteco<\/a> em Portugal tem demonstrado resili\u00eancia e capacidade de adapta\u00e7\u00e3o. O equil\u00edbrio entre os fatores internos \u2014 como a proximidade com os distribuidores, a qualidade e inova\u00e7\u00e3o \u2014 e os fatores externos \u2014 como o crescimento do mercado e a digitaliza\u00e7\u00e3o \u2014 tem permitido consolidar a sua presen\u00e7a e continuar a crescer no setor p\u00f3s-venda autom\u00f3vel<\/strong><\/p>\n<p>O \u00faltimo ano revelou-se particularmente desafiante para a Corteco em Portugal, devido a diversos fatores externos que impactaram o setor autom\u00f3vel e o mercado de p\u00f3s-venda. Apesar destas adversidades, a empresa conseguiu manter o desempenho esperado, respondendo de forma r\u00e1pida e eficaz \u00e0s exig\u00eancias do mercado nacional. Um dos pilares que sustenta a evolu\u00e7\u00e3o da Corteco em Portugal \u00e9 a proximidade com os seus distribuidores e, por consequ\u00eancia, com o pr\u00f3prio mercado. Essa rela\u00e7\u00e3o direta traduz-se numa maior agilidade na resposta \u00e0s necessidades locais e numa taxa de servi\u00e7o superior a 90%, indicador que refor\u00e7a a confian\u00e7a e a credibilidade da marca. Al\u00e9m disso, a qualidade dos produtos, a ampla cobertura da gama e o investimento cont\u00ednuo em pesquisa e desenvolvimento contribuem para o fortalecimento da posi\u00e7\u00e3o da Corteco. A introdu\u00e7\u00e3o de novas refer\u00eancias e solu\u00e7\u00f5es adequadas \u00e0s exig\u00eancias do mercado portugu\u00eas demonstra a capacidade de inova\u00e7\u00e3o da empresa e o compromisso em oferecer valor acrescentado aos seus clientes.<\/p>\n<p><strong>Como se processa a distribui\u00e7\u00e3o dos produtos Corteco no mercado portugu\u00eas?<\/strong><br \/>\nA distribui\u00e7\u00e3o dos produtos Corteco \u00e9 efetuada de uma forma indireta atrav\u00e9s dos nossos quinze distribuidores de todos os sectores em que estamos inseridos (autom\u00f3vel, pesados, agr\u00edcola, ind\u00fastria e naval). Todos os distribuidores t\u00eam acesso ao portfolio de produtos Corteco, suporte vendas, marketing e log\u00edstico, apoio t\u00e9cnico e p\u00f3s-venda, forma\u00e7\u00e3o exclusiva, pol\u00edticas flex\u00edveis e que transmitem confian\u00e7a aos nossos distribuidores.<\/p>\n<p><strong>Relativamente \u00e0 forma\u00e7\u00e3o t\u00e9cnica, o que tem sido feito?<\/strong><br \/>\nTendo em conta o tipo de produto que oferecemos ao mercado, a forma\u00e7\u00e3o t\u00e9cnica\u00a0e o apoio ao cliente s\u00e3o elementos fundamentais, na rela\u00e7\u00e3o existente com os nossos distribuidores de modo a refor\u00e7ar a presen\u00e7a da Corteco no p\u00f3s-venda.<\/p>\n<p><strong>Quais s\u00e3o os segmentos do mercado onde a Corteco tem registado maior procura?\u2028<\/strong><br \/>\nProporcionalmente ao peso de cada segmento dentro do mercado portugu\u00eas os segmentos t\u00eam de uma procura muito id\u00eantica, mas os que t\u00eam mais rotatividade \u00e9 o autom\u00f3vel e o dos pesados.<\/p>\n<p><strong>Existem desafios espec\u00edficos que a marca enfrenta em Portugal?<\/strong><br \/>\nFelizmente existem bastantes desafios para a Corteco em Portugal, pois s\u00f3 assim podemos evoluir e caminhar rumo ao sucesso. Os mesmos s\u00e3o ultrapassados devido ao excelente trabalho de equipa da Corteco e dos seus distribuidores.<\/p>\n<p><strong>A Corteco \u00e9 conhecida pelas suas solu\u00e7\u00f5es em veda\u00e7\u00e3o, controlo de vibra\u00e7\u00e3o e filtragem de cabine. Quais destas gamas t\u00eam maior peso nas vendas em Portugal?\u2028<\/strong><br \/>\nOs vedantes s\u00e3o o produto que t\u00eam maior peso nas vendas da Corteco, mas nos \u00faltimos anos assistimos a um crescimento exponencial no controlo de vibra\u00e7\u00e3o e neste momento a diferen\u00e7a existente j\u00e1 n\u00e3o \u00e9 significativa.<\/p>\n<p><strong>O que diferencia os produtos Corteco face \u00e0 concorr\u00eancia no mercado p\u00f3s-venda?\u2028<\/strong><br \/>\nA qualidade \u00e9 a imagem de marca, pois atrav\u00e9s do <a href=\"https:\/\/www.freudenberg.com\/en\" target=\"_blank\" rel=\"noopener\">Grupo Freudenberg<\/a>, no qual a Corteco est\u00e1 inserida,\u00a0conseguimos ter acesso as novas tecnologias em termos de vedantes, controlo de vibra\u00e7\u00e3o e filtragem, por isso os principais fabricantes elegem o Grupo Freudenberg como o seu parceiro ideal e deste modo somos fabricantes \u201cPremium\u201d.<\/p>\n<p><strong>A Corteco ampliou a sua capacidade log\u00edstica, com a constru\u00e7\u00e3o de um novo armaz\u00e9m na Alemanha. Que mais valias trouxe este novo armaz\u00e9m para a empresa e clientes?<\/strong><br \/>\nA constru\u00e7\u00e3o deste novo armaz\u00e9m permite uma distribui\u00e7\u00e3o mais r\u00e1pida e eficaz por toda a Europa pois este armaz\u00e9m foi constru\u00eddo com as tecnologias mais recentes de modo a ser mais eficaz e ao mesmo tempo mais sustent\u00e1vel, um ponto muito importante para o Grupo Freudenberg.<\/p>\n<p><strong>E relativamente \u00e0 sustentabilidade, o que tem sido feito pela Corteco no que diz respeito \u00e0 energia gasta nas instala\u00e7\u00f5es e nas embalagens?<\/strong><br \/>\nA sustentabilidade \u00e9 um ponto muito importante para a Corteco e para o Grupo Freudenberg, por isso, existe um trabalho exaustivo em reduzir a quantidade de pl\u00e1stico existente nas nossas embalagens, em tornar as f\u00e1bricas amigas do ambiente e cada vez mais sustent\u00e1veis, por exemplo atrav\u00e9s da montagem de pain\u00e9is solares que alimentam as mesmas diariamente e deste modo reduzindo o consumo energ\u00e9tico e das emiss\u00f5es. A redu\u00e7\u00e3o da nossa pegada ecol\u00f3gica \u00e9 um objetivo que todo o Grupo Freudenberg trabalha arduamente.<\/p>\n<p><strong>Quantas refer\u00eancias t\u00eam em cat\u00e1logo e qual a cobertura do parque autom\u00f3vel europeu?<\/strong><br \/>\nNo nosso cat\u00e1logo temos mais de 30.000 refer\u00eancias o que nos permite uma cobertura do parque autom\u00f3vel europeu acima dos 90%.<\/p>\n<p><strong>A Corteco foi das primeiras empresas a ser certificada como \u201cPremier Data Supplier\u201d pela TecAlliance. O que significa esta certifica\u00e7\u00e3o para a empresa?<\/strong><br \/>\nEsta certifica\u00e7\u00e3o \u00e9 o resultado do esfor\u00e7o e do &#8230; fica a par da resposta a esta e a outras quest\u00f5es na edi\u00e7\u00e3o impressa ou online do Jornal das Oficinas n\u00ba225, <a href=\"https:\/\/www.yumpu.com\/pt\/document\/read\/70825951\/jornal-das-oficinas-225\/88\">aqui<\/a>.<\/p>\n<p>&nbsp;<\/p>\n","protected":false},"excerpt":{"rendered":"<p>Apesar de um cen\u00e1rio marcado por&#8230;<\/p>\n","protected":false},"author":15,"featured_media":110196,"comment_status":"closed","ping_status":"closed","sticky":false,"template":"","format":"standard","meta":{"footnotes":""},"categories":[38],"tags":[581,2781,336,205,5595,585,14098,1421,1767],"class_list":["post-110197","post","type-post","status-publish","format-standard","has-post-thumbnail","hentry","category-entrevistas","tag-corteco","tag-crescimento","tag-digitalizacao","tag-distribuicao","tag-filtragem","tag-grupo-freudenberg","tag-jose-boavida","tag-mobilidade-eletrica","tag-sustentabilidade"],"yoast_head":"<!-- This site is optimized with the Yoast SEO plugin v27.4 - https:\/\/yoast.com\/product\/yoast-seo-wordpress\/ -->\n<title>&quot;A Corteco tem demonstrado resili\u00eancia e capacidade de adapta\u00e7\u00e3o!&quot; - Jornal das Oficinas<\/title>\n<meta name=\"description\" content=\"A Corteco em Portugal tem demonstrado resili\u00eancia e capacidade de adapta\u00e7\u00e3o. O equil\u00edbrio entre os fatores internos tem permitido crescer\" \/>\n<meta name=\"robots\" content=\"index, follow, max-snippet:-1, max-image-preview:large, max-video-preview:-1\" \/>\n<link rel=\"canonical\" href=\"https:\/\/jornaldasoficinas.com\/pt\/a-corteco-tem-demonstrado-resiliencia-e-capacidade-de-adaptacao-corteco\/\" \/>\n<meta property=\"og:locale\" content=\"pt_PT\" \/>\n<meta property=\"og:type\" content=\"article\" \/>\n<meta property=\"og:title\" content=\"&quot;A Corteco tem demonstrado resili\u00eancia e capacidade de adapta\u00e7\u00e3o!&quot; - Jornal das Oficinas\" \/>\n<meta property=\"og:description\" content=\"A Corteco em Portugal tem demonstrado resili\u00eancia e capacidade de adapta\u00e7\u00e3o. O equil\u00edbrio entre os fatores internos tem permitido crescer\" \/>\n<meta property=\"og:url\" content=\"https:\/\/jornaldasoficinas.com\/pt\/a-corteco-tem-demonstrado-resiliencia-e-capacidade-de-adaptacao-corteco\/\" \/>\n<meta property=\"og:site_name\" content=\"Jornal das Oficinas\" \/>\n<meta property=\"article:publisher\" content=\"https:\/\/www.facebook.com\/jornaloficinas\" \/>\n<meta property=\"article:published_time\" content=\"2025-11-30T20:30:50+00:00\" \/>\n<meta property=\"og:image\" content=\"https:\/\/jornaldasoficinas.com\/pt\/wp-content\/uploads\/2025\/11\/jose_boavida_corteco_.jpeg\" \/>\n\t<meta property=\"og:image:width\" content=\"1024\" \/>\n\t<meta property=\"og:image:height\" content=\"581\" \/>\n\t<meta property=\"og:image:type\" content=\"image\/jpeg\" \/>\n<meta name=\"author\" content=\"Reda\u00e7\u00e3o JO\" \/>\n<meta name=\"twitter:card\" content=\"summary_large_image\" \/>\n<meta name=\"twitter:creator\" content=\"@jornaloficinas\" \/>\n<meta name=\"twitter:site\" content=\"@jornaloficinas\" \/>\n<meta name=\"twitter:label1\" content=\"Escrito por\" \/>\n\t<meta name=\"twitter:data1\" content=\"Reda\u00e7\u00e3o JO\" \/>\n\t<meta name=\"twitter:label2\" content=\"Tempo estimado de leitura\" \/>\n\t<meta name=\"twitter:data2\" content=\"5 minutos\" \/>\n<script type=\"application\/ld+json\" class=\"yoast-schema-graph\">{\"@context\":\"https:\\\/\\\/schema.org\",\"@graph\":[{\"@type\":\"Article\",\"@id\":\"https:\\\/\\\/jornaldasoficinas.com\\\/pt\\\/a-corteco-tem-demonstrado-resiliencia-e-capacidade-de-adaptacao-corteco\\\/#article\",\"isPartOf\":{\"@id\":\"https:\\\/\\\/jornaldasoficinas.com\\\/pt\\\/a-corteco-tem-demonstrado-resiliencia-e-capacidade-de-adaptacao-corteco\\\/\"},\"author\":{\"name\":\"Reda\u00e7\u00e3o JO\",\"@id\":\"https:\\\/\\\/jornaldasoficinas.com\\\/pt\\\/#\\\/schema\\\/person\\\/a38eef5de2c41d9e7c9ac10141afddf3\"},\"headline\":\"&#8220;A Corteco tem demonstrado resili\u00eancia e capacidade de adapta\u00e7\u00e3o!&#8221;\",\"datePublished\":\"2025-11-30T20:30:50+00:00\",\"mainEntityOfPage\":{\"@id\":\"https:\\\/\\\/jornaldasoficinas.com\\\/pt\\\/a-corteco-tem-demonstrado-resiliencia-e-capacidade-de-adaptacao-corteco\\\/\"},\"wordCount\":924,\"publisher\":{\"@id\":\"https:\\\/\\\/jornaldasoficinas.com\\\/pt\\\/#organization\"},\"image\":{\"@id\":\"https:\\\/\\\/jornaldasoficinas.com\\\/pt\\\/a-corteco-tem-demonstrado-resiliencia-e-capacidade-de-adaptacao-corteco\\\/#primaryimage\"},\"thumbnailUrl\":\"https:\\\/\\\/jornaldasoficinas.com\\\/pt\\\/wp-content\\\/uploads\\\/2025\\\/11\\\/jose_boavida_corteco_.jpeg\",\"keywords\":[\"Corteco\",\"Crescimento\",\"Digitaliza\u00e7\u00e3o\",\"Distribui\u00e7\u00e3o\",\"Filtragem\",\"Grupo Freudenberg\",\"Jos\u00e9 Boavida\",\"Mobilidade el\u00e9trica\",\"Sustentabilidade\"],\"articleSection\":[\"Entrevistas\"],\"inLanguage\":\"pt-PT\"},{\"@type\":\"WebPage\",\"@id\":\"https:\\\/\\\/jornaldasoficinas.com\\\/pt\\\/a-corteco-tem-demonstrado-resiliencia-e-capacidade-de-adaptacao-corteco\\\/\",\"url\":\"https:\\\/\\\/jornaldasoficinas.com\\\/pt\\\/a-corteco-tem-demonstrado-resiliencia-e-capacidade-de-adaptacao-corteco\\\/\",\"name\":\"\\\"A Corteco tem demonstrado resili\u00eancia e capacidade de adapta\u00e7\u00e3o!\\\" - Jornal das Oficinas\",\"isPartOf\":{\"@id\":\"https:\\\/\\\/jornaldasoficinas.com\\\/pt\\\/#website\"},\"primaryImageOfPage\":{\"@id\":\"https:\\\/\\\/jornaldasoficinas.com\\\/pt\\\/a-corteco-tem-demonstrado-resiliencia-e-capacidade-de-adaptacao-corteco\\\/#primaryimage\"},\"image\":{\"@id\":\"https:\\\/\\\/jornaldasoficinas.com\\\/pt\\\/a-corteco-tem-demonstrado-resiliencia-e-capacidade-de-adaptacao-corteco\\\/#primaryimage\"},\"thumbnailUrl\":\"https:\\\/\\\/jornaldasoficinas.com\\\/pt\\\/wp-content\\\/uploads\\\/2025\\\/11\\\/jose_boavida_corteco_.jpeg\",\"datePublished\":\"2025-11-30T20:30:50+00:00\",\"description\":\"A Corteco em Portugal tem demonstrado resili\u00eancia e capacidade de adapta\u00e7\u00e3o. O equil\u00edbrio entre os fatores internos tem permitido crescer\",\"breadcrumb\":{\"@id\":\"https:\\\/\\\/jornaldasoficinas.com\\\/pt\\\/a-corteco-tem-demonstrado-resiliencia-e-capacidade-de-adaptacao-corteco\\\/#breadcrumb\"},\"inLanguage\":\"pt-PT\",\"potentialAction\":[{\"@type\":\"ReadAction\",\"target\":[\"https:\\\/\\\/jornaldasoficinas.com\\\/pt\\\/a-corteco-tem-demonstrado-resiliencia-e-capacidade-de-adaptacao-corteco\\\/\"]}]},{\"@type\":\"ImageObject\",\"inLanguage\":\"pt-PT\",\"@id\":\"https:\\\/\\\/jornaldasoficinas.com\\\/pt\\\/a-corteco-tem-demonstrado-resiliencia-e-capacidade-de-adaptacao-corteco\\\/#primaryimage\",\"url\":\"https:\\\/\\\/jornaldasoficinas.com\\\/pt\\\/wp-content\\\/uploads\\\/2025\\\/11\\\/jose_boavida_corteco_.jpeg\",\"contentUrl\":\"https:\\\/\\\/jornaldasoficinas.com\\\/pt\\\/wp-content\\\/uploads\\\/2025\\\/11\\\/jose_boavida_corteco_.jpeg\",\"width\":1024,\"height\":581,\"caption\":\"11 - jose_boavida_corteco_\"},{\"@type\":\"BreadcrumbList\",\"@id\":\"https:\\\/\\\/jornaldasoficinas.com\\\/pt\\\/a-corteco-tem-demonstrado-resiliencia-e-capacidade-de-adaptacao-corteco\\\/#breadcrumb\",\"itemListElement\":[{\"@type\":\"ListItem\",\"position\":1,\"name\":\"In\u00edcio\",\"item\":\"https:\\\/\\\/jornaldasoficinas.com\\\/pt\\\/\"},{\"@type\":\"ListItem\",\"position\":2,\"name\":\"&#8220;A Corteco tem demonstrado resili\u00eancia e capacidade de adapta\u00e7\u00e3o!&#8221;\"}]},{\"@type\":\"WebSite\",\"@id\":\"https:\\\/\\\/jornaldasoficinas.com\\\/pt\\\/#website\",\"url\":\"https:\\\/\\\/jornaldasoficinas.com\\\/pt\\\/\",\"name\":\"Jornal das Oficinas\",\"description\":\"Jornal independente do Aftermarket Autom\u00f3vel em Portugal\",\"publisher\":{\"@id\":\"https:\\\/\\\/jornaldasoficinas.com\\\/pt\\\/#organization\"},\"potentialAction\":[{\"@type\":\"SearchAction\",\"target\":{\"@type\":\"EntryPoint\",\"urlTemplate\":\"https:\\\/\\\/jornaldasoficinas.com\\\/pt\\\/?s={search_term_string}\"},\"query-input\":{\"@type\":\"PropertyValueSpecification\",\"valueRequired\":true,\"valueName\":\"search_term_string\"}}],\"inLanguage\":\"pt-PT\"},{\"@type\":\"Organization\",\"@id\":\"https:\\\/\\\/jornaldasoficinas.com\\\/pt\\\/#organization\",\"name\":\"Jornal das Oficinas\",\"url\":\"https:\\\/\\\/jornaldasoficinas.com\\\/pt\\\/\",\"logo\":{\"@type\":\"ImageObject\",\"inLanguage\":\"pt-PT\",\"@id\":\"https:\\\/\\\/jornaldasoficinas.com\\\/pt\\\/#\\\/schema\\\/logo\\\/image\\\/\",\"url\":\"https:\\\/\\\/jornaldasoficinas.com\\\/pt\\\/wp-content\\\/uploads\\\/logoJO-SEO.png\",\"contentUrl\":\"https:\\\/\\\/jornaldasoficinas.com\\\/pt\\\/wp-content\\\/uploads\\\/logoJO-SEO.png\",\"width\":285,\"height\":450,\"caption\":\"Jornal das Oficinas\"},\"image\":{\"@id\":\"https:\\\/\\\/jornaldasoficinas.com\\\/pt\\\/#\\\/schema\\\/logo\\\/image\\\/\"},\"sameAs\":[\"https:\\\/\\\/www.facebook.com\\\/jornaloficinas\",\"https:\\\/\\\/x.com\\\/jornaloficinas\",\"https:\\\/\\\/www.instagram.com\\\/jornal_oficinas\\\/\",\"https:\\\/\\\/www.linkedin.com\\\/company\\\/jornal-das-oficinas\\\/\",\"https:\\\/\\\/www.youtube.com\\\/channel\\\/UCbQZBqtcvV-oSQrr7RzINGg\"]},{\"@type\":\"Person\",\"@id\":\"https:\\\/\\\/jornaldasoficinas.com\\\/pt\\\/#\\\/schema\\\/person\\\/a38eef5de2c41d9e7c9ac10141afddf3\",\"name\":\"Reda\u00e7\u00e3o JO\",\"image\":{\"@type\":\"ImageObject\",\"inLanguage\":\"pt-PT\",\"@id\":\"https:\\\/\\\/secure.gravatar.com\\\/avatar\\\/71f2fa71737ad68a84fea94bc708ddac8ea5b0c4788dc2ad202f3ccb2887742f?s=96&d=wp_user_avatar&r=g\",\"url\":\"https:\\\/\\\/secure.gravatar.com\\\/avatar\\\/71f2fa71737ad68a84fea94bc708ddac8ea5b0c4788dc2ad202f3ccb2887742f?s=96&d=wp_user_avatar&r=g\",\"contentUrl\":\"https:\\\/\\\/secure.gravatar.com\\\/avatar\\\/71f2fa71737ad68a84fea94bc708ddac8ea5b0c4788dc2ad202f3ccb2887742f?s=96&d=wp_user_avatar&r=g\",\"caption\":\"Reda\u00e7\u00e3o JO\"},\"url\":\"https:\\\/\\\/jornaldasoficinas.com\\\/pt\\\/author\\\/joredacao\\\/\"}]}<\/script>\n<!-- \/ Yoast SEO plugin. -->","yoast_head_json":{"title":"\"A Corteco tem demonstrado resili\u00eancia e capacidade de adapta\u00e7\u00e3o!\" - Jornal das Oficinas","description":"A Corteco em Portugal tem demonstrado resili\u00eancia e capacidade de adapta\u00e7\u00e3o. O equil\u00edbrio entre os fatores internos tem permitido crescer","robots":{"index":"index","follow":"follow","max-snippet":"max-snippet:-1","max-image-preview":"max-image-preview:large","max-video-preview":"max-video-preview:-1"},"canonical":"https:\/\/jornaldasoficinas.com\/pt\/a-corteco-tem-demonstrado-resiliencia-e-capacidade-de-adaptacao-corteco\/","og_locale":"pt_PT","og_type":"article","og_title":"\"A Corteco tem demonstrado resili\u00eancia e capacidade de adapta\u00e7\u00e3o!\" - Jornal das Oficinas","og_description":"A Corteco em Portugal tem demonstrado resili\u00eancia e capacidade de adapta\u00e7\u00e3o. O equil\u00edbrio entre os fatores internos tem permitido crescer","og_url":"https:\/\/jornaldasoficinas.com\/pt\/a-corteco-tem-demonstrado-resiliencia-e-capacidade-de-adaptacao-corteco\/","og_site_name":"Jornal das Oficinas","article_publisher":"https:\/\/www.facebook.com\/jornaloficinas","article_published_time":"2025-11-30T20:30:50+00:00","og_image":[{"width":1024,"height":581,"url":"https:\/\/jornaldasoficinas.com\/pt\/wp-content\/uploads\/2025\/11\/jose_boavida_corteco_.jpeg","type":"image\/jpeg"}],"author":"Reda\u00e7\u00e3o JO","twitter_card":"summary_large_image","twitter_creator":"@jornaloficinas","twitter_site":"@jornaloficinas","twitter_misc":{"Escrito por":"Reda\u00e7\u00e3o JO","Tempo estimado de leitura":"5 minutos"},"schema":{"@context":"https:\/\/schema.org","@graph":[{"@type":"Article","@id":"https:\/\/jornaldasoficinas.com\/pt\/a-corteco-tem-demonstrado-resiliencia-e-capacidade-de-adaptacao-corteco\/#article","isPartOf":{"@id":"https:\/\/jornaldasoficinas.com\/pt\/a-corteco-tem-demonstrado-resiliencia-e-capacidade-de-adaptacao-corteco\/"},"author":{"name":"Reda\u00e7\u00e3o JO","@id":"https:\/\/jornaldasoficinas.com\/pt\/#\/schema\/person\/a38eef5de2c41d9e7c9ac10141afddf3"},"headline":"&#8220;A Corteco tem demonstrado resili\u00eancia e capacidade de adapta\u00e7\u00e3o!&#8221;","datePublished":"2025-11-30T20:30:50+00:00","mainEntityOfPage":{"@id":"https:\/\/jornaldasoficinas.com\/pt\/a-corteco-tem-demonstrado-resiliencia-e-capacidade-de-adaptacao-corteco\/"},"wordCount":924,"publisher":{"@id":"https:\/\/jornaldasoficinas.com\/pt\/#organization"},"image":{"@id":"https:\/\/jornaldasoficinas.com\/pt\/a-corteco-tem-demonstrado-resiliencia-e-capacidade-de-adaptacao-corteco\/#primaryimage"},"thumbnailUrl":"https:\/\/jornaldasoficinas.com\/pt\/wp-content\/uploads\/2025\/11\/jose_boavida_corteco_.jpeg","keywords":["Corteco","Crescimento","Digitaliza\u00e7\u00e3o","Distribui\u00e7\u00e3o","Filtragem","Grupo Freudenberg","Jos\u00e9 Boavida","Mobilidade el\u00e9trica","Sustentabilidade"],"articleSection":["Entrevistas"],"inLanguage":"pt-PT"},{"@type":"WebPage","@id":"https:\/\/jornaldasoficinas.com\/pt\/a-corteco-tem-demonstrado-resiliencia-e-capacidade-de-adaptacao-corteco\/","url":"https:\/\/jornaldasoficinas.com\/pt\/a-corteco-tem-demonstrado-resiliencia-e-capacidade-de-adaptacao-corteco\/","name":"\"A Corteco tem demonstrado resili\u00eancia e capacidade de adapta\u00e7\u00e3o!\" - Jornal das Oficinas","isPartOf":{"@id":"https:\/\/jornaldasoficinas.com\/pt\/#website"},"primaryImageOfPage":{"@id":"https:\/\/jornaldasoficinas.com\/pt\/a-corteco-tem-demonstrado-resiliencia-e-capacidade-de-adaptacao-corteco\/#primaryimage"},"image":{"@id":"https:\/\/jornaldasoficinas.com\/pt\/a-corteco-tem-demonstrado-resiliencia-e-capacidade-de-adaptacao-corteco\/#primaryimage"},"thumbnailUrl":"https:\/\/jornaldasoficinas.com\/pt\/wp-content\/uploads\/2025\/11\/jose_boavida_corteco_.jpeg","datePublished":"2025-11-30T20:30:50+00:00","description":"A Corteco em Portugal tem demonstrado resili\u00eancia e capacidade de adapta\u00e7\u00e3o. O equil\u00edbrio entre os fatores internos tem permitido crescer","breadcrumb":{"@id":"https:\/\/jornaldasoficinas.com\/pt\/a-corteco-tem-demonstrado-resiliencia-e-capacidade-de-adaptacao-corteco\/#breadcrumb"},"inLanguage":"pt-PT","potentialAction":[{"@type":"ReadAction","target":["https:\/\/jornaldasoficinas.com\/pt\/a-corteco-tem-demonstrado-resiliencia-e-capacidade-de-adaptacao-corteco\/"]}]},{"@type":"ImageObject","inLanguage":"pt-PT","@id":"https:\/\/jornaldasoficinas.com\/pt\/a-corteco-tem-demonstrado-resiliencia-e-capacidade-de-adaptacao-corteco\/#primaryimage","url":"https:\/\/jornaldasoficinas.com\/pt\/wp-content\/uploads\/2025\/11\/jose_boavida_corteco_.jpeg","contentUrl":"https:\/\/jornaldasoficinas.com\/pt\/wp-content\/uploads\/2025\/11\/jose_boavida_corteco_.jpeg","width":1024,"height":581,"caption":"11 - jose_boavida_corteco_"},{"@type":"BreadcrumbList","@id":"https:\/\/jornaldasoficinas.com\/pt\/a-corteco-tem-demonstrado-resiliencia-e-capacidade-de-adaptacao-corteco\/#breadcrumb","itemListElement":[{"@type":"ListItem","position":1,"name":"In\u00edcio","item":"https:\/\/jornaldasoficinas.com\/pt\/"},{"@type":"ListItem","position":2,"name":"&#8220;A Corteco tem demonstrado resili\u00eancia e capacidade de adapta\u00e7\u00e3o!&#8221;"}]},{"@type":"WebSite","@id":"https:\/\/jornaldasoficinas.com\/pt\/#website","url":"https:\/\/jornaldasoficinas.com\/pt\/","name":"Jornal das Oficinas","description":"Jornal independente do Aftermarket Autom\u00f3vel em Portugal","publisher":{"@id":"https:\/\/jornaldasoficinas.com\/pt\/#organization"},"potentialAction":[{"@type":"SearchAction","target":{"@type":"EntryPoint","urlTemplate":"https:\/\/jornaldasoficinas.com\/pt\/?s={search_term_string}"},"query-input":{"@type":"PropertyValueSpecification","valueRequired":true,"valueName":"search_term_string"}}],"inLanguage":"pt-PT"},{"@type":"Organization","@id":"https:\/\/jornaldasoficinas.com\/pt\/#organization","name":"Jornal das Oficinas","url":"https:\/\/jornaldasoficinas.com\/pt\/","logo":{"@type":"ImageObject","inLanguage":"pt-PT","@id":"https:\/\/jornaldasoficinas.com\/pt\/#\/schema\/logo\/image\/","url":"https:\/\/jornaldasoficinas.com\/pt\/wp-content\/uploads\/logoJO-SEO.png","contentUrl":"https:\/\/jornaldasoficinas.com\/pt\/wp-content\/uploads\/logoJO-SEO.png","width":285,"height":450,"caption":"Jornal das Oficinas"},"image":{"@id":"https:\/\/jornaldasoficinas.com\/pt\/#\/schema\/logo\/image\/"},"sameAs":["https:\/\/www.facebook.com\/jornaloficinas","https:\/\/x.com\/jornaloficinas","https:\/\/www.instagram.com\/jornal_oficinas\/","https:\/\/www.linkedin.com\/company\/jornal-das-oficinas\/","https:\/\/www.youtube.com\/channel\/UCbQZBqtcvV-oSQrr7RzINGg"]},{"@type":"Person","@id":"https:\/\/jornaldasoficinas.com\/pt\/#\/schema\/person\/a38eef5de2c41d9e7c9ac10141afddf3","name":"Reda\u00e7\u00e3o JO","image":{"@type":"ImageObject","inLanguage":"pt-PT","@id":"https:\/\/secure.gravatar.com\/avatar\/71f2fa71737ad68a84fea94bc708ddac8ea5b0c4788dc2ad202f3ccb2887742f?s=96&d=wp_user_avatar&r=g","url":"https:\/\/secure.gravatar.com\/avatar\/71f2fa71737ad68a84fea94bc708ddac8ea5b0c4788dc2ad202f3ccb2887742f?s=96&d=wp_user_avatar&r=g","contentUrl":"https:\/\/secure.gravatar.com\/avatar\/71f2fa71737ad68a84fea94bc708ddac8ea5b0c4788dc2ad202f3ccb2887742f?s=96&d=wp_user_avatar&r=g","caption":"Reda\u00e7\u00e3o JO"},"url":"https:\/\/jornaldasoficinas.com\/pt\/author\/joredacao\/"}]}},"_links":{"self":[{"href":"https:\/\/jornaldasoficinas.com\/pt\/wp-json\/wp\/v2\/posts\/110197","targetHints":{"allow":["GET"]}}],"collection":[{"href":"https:\/\/jornaldasoficinas.com\/pt\/wp-json\/wp\/v2\/posts"}],"about":[{"href":"https:\/\/jornaldasoficinas.com\/pt\/wp-json\/wp\/v2\/types\/post"}],"author":[{"embeddable":true,"href":"https:\/\/jornaldasoficinas.com\/pt\/wp-json\/wp\/v2\/users\/15"}],"replies":[{"embeddable":true,"href":"https:\/\/jornaldasoficinas.com\/pt\/wp-json\/wp\/v2\/comments?post=110197"}],"version-history":[{"count":9,"href":"https:\/\/jornaldasoficinas.com\/pt\/wp-json\/wp\/v2\/posts\/110197\/revisions"}],"predecessor-version":[{"id":110365,"href":"https:\/\/jornaldasoficinas.com\/pt\/wp-json\/wp\/v2\/posts\/110197\/revisions\/110365"}],"wp:featuredmedia":[{"embeddable":true,"href":"https:\/\/jornaldasoficinas.com\/pt\/wp-json\/wp\/v2\/media\/110196"}],"wp:attachment":[{"href":"https:\/\/jornaldasoficinas.com\/pt\/wp-json\/wp\/v2\/media?parent=110197"}],"wp:term":[{"taxonomy":"category","embeddable":true,"href":"https:\/\/jornaldasoficinas.com\/pt\/wp-json\/wp\/v2\/categories?post=110197"},{"taxonomy":"post_tag","embeddable":true,"href":"https:\/\/jornaldasoficinas.com\/pt\/wp-json\/wp\/v2\/tags?post=110197"}],"curies":[{"name":"wp","href":"https:\/\/api.w.org\/{rel}","templated":true}]}}