{"id":110275,"date":"2025-12-03T18:00:06","date_gmt":"2025-12-03T18:00:06","guid":{"rendered":"https:\/\/jornaldasoficinas.com\/pt\/?p=110275"},"modified":"2025-12-03T18:12:55","modified_gmt":"2025-12-03T18:12:55","slug":"philips-estreia-nova-geracao-de-lampadas-h1-led","status":"publish","type":"post","link":"https:\/\/jornaldasoficinas.com\/pt\/philips-estreia-nova-geracao-de-lampadas-h1-led\/","title":{"rendered":"Philips estreia nova gera\u00e7\u00e3o de l\u00e2mpadas H1-LED"},"content":{"rendered":"<p><strong><img loading=\"lazy\" decoding=\"async\" class=\"alignnone size-full wp-image-110284\" src=\"https:\/\/jornaldasoficinas.com\/pt\/wp-content\/uploads\/2025\/11\/Philips-estreia-nova-geracao-de-lampadas-H1-LED.png\" alt=\"11 - Philips estreia nova geracao de lampadas H1 LED\" width=\"1024\" height=\"581\" srcset=\"https:\/\/jornaldasoficinas.com\/pt\/wp-content\/uploads\/2025\/11\/Philips-estreia-nova-geracao-de-lampadas-H1-LED.png 1024w, https:\/\/jornaldasoficinas.com\/pt\/wp-content\/uploads\/2025\/11\/Philips-estreia-nova-geracao-de-lampadas-H1-LED-300x170.png 300w, https:\/\/jornaldasoficinas.com\/pt\/wp-content\/uploads\/2025\/11\/Philips-estreia-nova-geracao-de-lampadas-H1-LED-150x85.png 150w, https:\/\/jornaldasoficinas.com\/pt\/wp-content\/uploads\/2025\/11\/Philips-estreia-nova-geracao-de-lampadas-H1-LED-768x436.png 768w\" sizes=\"auto, (max-width: 1024px) 100vw, 1024px\" \/><\/strong><\/p>\n<p><strong>A <a href=\"https:\/\/www.philips.pt\/\" target=\"_blank\" rel=\"noopener\">Philips<\/a> apresenta<\/strong><strong>\u00a0a sua nova gera\u00e7\u00e3o de l\u00e2mpadas H1-LED Ultinon Pro6000 Boost, lan\u00e7ada pela <a href=\"https:\/\/www.ultinon-motion.com\/\" target=\"_blank\" rel=\"noopener\">Ultinon Motion<\/a><\/strong><\/p>\n<p>A Ultinon Motion anunciou recentemente o lan\u00e7amento da sua nova H1-LED Ultinon Pro6000 Boost sob a marca Philips. Esta nova gera\u00e7\u00e3o de l\u00e2mpadas H1-LED certificadas para utiliza\u00e7\u00e3o em estrada adapta-se a &#8220;uma gama sem precedentes de ve\u00edculos e oferece uma ilumina\u00e7\u00e3o mais brilhante na estrada e at\u00e9 3.000 horas de vida \u00fatil&#8221;, avan\u00e7ou o comunicado.<\/p>\n<p>&#8220;As nossas l\u00e2mpadas t\u00eam um tamanho compacto que permite encaixar mesmo nas carca\u00e7as mais estreitas dos far\u00f3is. A sua linha elegante e minimalista facilita a substitui\u00e7\u00e3o das l\u00e2mpadas, tanto para luzes de m\u00e1ximos como de m\u00e9dios, oferecendo aos condutores maior versatilidade e funcionalidade&#8221;, sublinhou.<\/p>\n<p>Os condutores podem agora desfrutar de &#8220;m\u00e1xima visibilidade com menor consumo de energia&#8221;, afirmou. A Philips Ultinon Pro6000 Boost H1-LED oferece uma pot\u00eancia luminosa efetiva de 1.550 l\u00famenes para um &#8220;desempenho excecional\u201d na estrada. O seu padr\u00e3o de feixe otimizado ajuda os condutores a detetar obst\u00e1culos mais cedo e a conduzir maior clareza e confian\u00e7a, mesmo nas estradas mais escuras.<\/p>\n<p>A s\u00e9rie Philips Ultinon Pro6000 Boost oferece um espectro de luz e uma temperatura de cor de 5800 K, melhorando o contraste para sinais de tr\u00e2nsito e riscos, mesmo a altas velocidades.<\/p>\n<p>Cada l\u00e2mpada LED Philips vem com uma garantia de 5 anos: 2 anos padr\u00e3o + 3 anos de garantia prolongada. A gama de l\u00e2mpadas LED Philips cumpre com os requisitos de compatibilidade eletromagn\u00e9tica (EMI) com os sistemas do ve\u00edculo e oferece uma ilumina\u00e7\u00e3o est\u00e1vel e de qualidade profissional.<\/p>\n<p>&#8220;A gama Philips Ultinon Pro6000 oferece um desempenho de ilumina\u00e7\u00e3o excecional com at\u00e9 mais de 450% de brilho na estrada, garantindo o pleno cumprimento das normas europeias de seguran\u00e7a rodovi\u00e1ria&#8221;, referiu.<\/p>\n<p>Estas l\u00e2mpadas LED certificadas est\u00e3o aprovadas para utiliza\u00e7\u00e3o em v\u00e1rios pa\u00edses e s\u00e3o compat\u00edveis com uma vasta gama de modelos de ve\u00edculos. A s\u00e9rie Philips Ultinon Pro6000 Boost abrange agora mais de 1000 ve\u00edculos. A nossa l\u00e2mpada LED Philips Ultinon Pro6000 Boost H11 obteve recentemente a certifica\u00e7\u00e3o UNECE R37, o que a torna totalmente homologada para utiliza\u00e7\u00e3o internacional na estrada.<\/p>\n<p>A gama Philips Ultinon Pro6000 Boost est\u00e1 dispon\u00edvel nos tipos de l\u00e2mpadas mais comuns: H1-LED, H7-LED, H4-LED de ajuste direto e H11 LEDr (certificada ECE R37).<\/p>\n","protected":false},"excerpt":{"rendered":"<p>A Philips apresenta\u00a0a sua nova gera\u00e7\u00e3o&#8230;<\/p>\n","protected":false},"author":15,"featured_media":110284,"comment_status":"closed","ping_status":"closed","sticky":false,"template":"","format":"standard","meta":{"footnotes":""},"categories":[29],"tags":[14104,8590,2287,7834,263,14103],"class_list":["post-110275","post","type-post","status-publish","format-standard","has-post-thumbnail","hentry","category-empresas","tag-h1-led-ultinon-pro6000-boost","tag-iluminacao-automovel","tag-lampadas","tag-lancamento","tag-philips","tag-ultinon-motion"],"yoast_head":"<!-- This site is optimized with the Yoast SEO plugin v27.4 - https:\/\/yoast.com\/product\/yoast-seo-wordpress\/ -->\n<title>Philips estreia nova gera\u00e7\u00e3o de l\u00e2mpadas H1-LED - Jornal das Oficinas<\/title>\n<meta name=\"description\" content=\"A Philips acaba de apresentar a nova gera\u00e7\u00e3o de l\u00e2mpadas H1-LED Ultinon Pro6000 Boost, lan\u00e7ada pela Ultinon Motion\" \/>\n<meta name=\"robots\" content=\"index, follow, max-snippet:-1, max-image-preview:large, max-video-preview:-1\" \/>\n<link rel=\"canonical\" href=\"https:\/\/jornaldasoficinas.com\/pt\/philips-estreia-nova-geracao-de-lampadas-h1-led\/\" \/>\n<meta property=\"og:locale\" content=\"pt_PT\" \/>\n<meta property=\"og:type\" content=\"article\" \/>\n<meta property=\"og:title\" content=\"Philips estreia nova gera\u00e7\u00e3o de l\u00e2mpadas H1-LED - Jornal das Oficinas\" \/>\n<meta property=\"og:description\" content=\"A Philips acaba de apresentar a nova gera\u00e7\u00e3o de l\u00e2mpadas H1-LED Ultinon Pro6000 Boost, lan\u00e7ada pela Ultinon Motion\" \/>\n<meta property=\"og:url\" content=\"https:\/\/jornaldasoficinas.com\/pt\/philips-estreia-nova-geracao-de-lampadas-h1-led\/\" \/>\n<meta property=\"og:site_name\" content=\"Jornal das Oficinas\" \/>\n<meta property=\"article:publisher\" content=\"https:\/\/www.facebook.com\/jornaloficinas\" \/>\n<meta property=\"article:published_time\" content=\"2025-12-03T18:00:06+00:00\" \/>\n<meta property=\"article:modified_time\" content=\"2025-12-03T18:12:55+00:00\" \/>\n<meta property=\"og:image\" content=\"https:\/\/jornaldasoficinas.com\/pt\/wp-content\/uploads\/2025\/11\/Philips-estreia-nova-geracao-de-lampadas-H1-LED.png\" \/>\n\t<meta property=\"og:image:width\" content=\"1024\" \/>\n\t<meta property=\"og:image:height\" content=\"581\" \/>\n\t<meta property=\"og:image:type\" content=\"image\/png\" \/>\n<meta name=\"author\" content=\"Reda\u00e7\u00e3o JO\" \/>\n<meta name=\"twitter:card\" content=\"summary_large_image\" \/>\n<meta name=\"twitter:creator\" content=\"@jornaloficinas\" \/>\n<meta name=\"twitter:site\" content=\"@jornaloficinas\" \/>\n<meta name=\"twitter:label1\" content=\"Escrito por\" \/>\n\t<meta name=\"twitter:data1\" content=\"Reda\u00e7\u00e3o JO\" \/>\n\t<meta name=\"twitter:label2\" content=\"Tempo estimado de leitura\" \/>\n\t<meta name=\"twitter:data2\" content=\"3 minutos\" \/>\n<script type=\"application\/ld+json\" class=\"yoast-schema-graph\">{\"@context\":\"https:\\\/\\\/schema.org\",\"@graph\":[{\"@type\":\"Article\",\"@id\":\"https:\\\/\\\/jornaldasoficinas.com\\\/pt\\\/philips-estreia-nova-geracao-de-lampadas-h1-led\\\/#article\",\"isPartOf\":{\"@id\":\"https:\\\/\\\/jornaldasoficinas.com\\\/pt\\\/philips-estreia-nova-geracao-de-lampadas-h1-led\\\/\"},\"author\":{\"name\":\"Reda\u00e7\u00e3o JO\",\"@id\":\"https:\\\/\\\/jornaldasoficinas.com\\\/pt\\\/#\\\/schema\\\/person\\\/a38eef5de2c41d9e7c9ac10141afddf3\"},\"headline\":\"Philips estreia nova gera\u00e7\u00e3o de l\u00e2mpadas H1-LED\",\"datePublished\":\"2025-12-03T18:00:06+00:00\",\"dateModified\":\"2025-12-03T18:12:55+00:00\",\"mainEntityOfPage\":{\"@id\":\"https:\\\/\\\/jornaldasoficinas.com\\\/pt\\\/philips-estreia-nova-geracao-de-lampadas-h1-led\\\/\"},\"wordCount\":432,\"publisher\":{\"@id\":\"https:\\\/\\\/jornaldasoficinas.com\\\/pt\\\/#organization\"},\"image\":{\"@id\":\"https:\\\/\\\/jornaldasoficinas.com\\\/pt\\\/philips-estreia-nova-geracao-de-lampadas-h1-led\\\/#primaryimage\"},\"thumbnailUrl\":\"https:\\\/\\\/jornaldasoficinas.com\\\/pt\\\/wp-content\\\/uploads\\\/2025\\\/11\\\/Philips-estreia-nova-geracao-de-lampadas-H1-LED.png\",\"keywords\":[\"H1-LED Ultinon Pro6000 Boost\",\"ilumina\u00e7\u00e3o autom\u00f3vel\",\"L\u00e2mpadas\",\"lan\u00e7amento\",\"Philips\",\"Ultinon Motion\"],\"articleSection\":[\"Empresas\"],\"inLanguage\":\"pt-PT\"},{\"@type\":\"WebPage\",\"@id\":\"https:\\\/\\\/jornaldasoficinas.com\\\/pt\\\/philips-estreia-nova-geracao-de-lampadas-h1-led\\\/\",\"url\":\"https:\\\/\\\/jornaldasoficinas.com\\\/pt\\\/philips-estreia-nova-geracao-de-lampadas-h1-led\\\/\",\"name\":\"Philips estreia nova gera\u00e7\u00e3o de l\u00e2mpadas H1-LED - Jornal das Oficinas\",\"isPartOf\":{\"@id\":\"https:\\\/\\\/jornaldasoficinas.com\\\/pt\\\/#website\"},\"primaryImageOfPage\":{\"@id\":\"https:\\\/\\\/jornaldasoficinas.com\\\/pt\\\/philips-estreia-nova-geracao-de-lampadas-h1-led\\\/#primaryimage\"},\"image\":{\"@id\":\"https:\\\/\\\/jornaldasoficinas.com\\\/pt\\\/philips-estreia-nova-geracao-de-lampadas-h1-led\\\/#primaryimage\"},\"thumbnailUrl\":\"https:\\\/\\\/jornaldasoficinas.com\\\/pt\\\/wp-content\\\/uploads\\\/2025\\\/11\\\/Philips-estreia-nova-geracao-de-lampadas-H1-LED.png\",\"datePublished\":\"2025-12-03T18:00:06+00:00\",\"dateModified\":\"2025-12-03T18:12:55+00:00\",\"description\":\"A Philips acaba de apresentar a nova gera\u00e7\u00e3o de l\u00e2mpadas H1-LED Ultinon Pro6000 Boost, lan\u00e7ada pela Ultinon Motion\",\"breadcrumb\":{\"@id\":\"https:\\\/\\\/jornaldasoficinas.com\\\/pt\\\/philips-estreia-nova-geracao-de-lampadas-h1-led\\\/#breadcrumb\"},\"inLanguage\":\"pt-PT\",\"potentialAction\":[{\"@type\":\"ReadAction\",\"target\":[\"https:\\\/\\\/jornaldasoficinas.com\\\/pt\\\/philips-estreia-nova-geracao-de-lampadas-h1-led\\\/\"]}]},{\"@type\":\"ImageObject\",\"inLanguage\":\"pt-PT\",\"@id\":\"https:\\\/\\\/jornaldasoficinas.com\\\/pt\\\/philips-estreia-nova-geracao-de-lampadas-h1-led\\\/#primaryimage\",\"url\":\"https:\\\/\\\/jornaldasoficinas.com\\\/pt\\\/wp-content\\\/uploads\\\/2025\\\/11\\\/Philips-estreia-nova-geracao-de-lampadas-H1-LED.png\",\"contentUrl\":\"https:\\\/\\\/jornaldasoficinas.com\\\/pt\\\/wp-content\\\/uploads\\\/2025\\\/11\\\/Philips-estreia-nova-geracao-de-lampadas-H1-LED.png\",\"width\":1024,\"height\":581,\"caption\":\"11 - Philips estreia nova geracao de lampadas H1 LED\"},{\"@type\":\"BreadcrumbList\",\"@id\":\"https:\\\/\\\/jornaldasoficinas.com\\\/pt\\\/philips-estreia-nova-geracao-de-lampadas-h1-led\\\/#breadcrumb\",\"itemListElement\":[{\"@type\":\"ListItem\",\"position\":1,\"name\":\"In\u00edcio\",\"item\":\"https:\\\/\\\/jornaldasoficinas.com\\\/pt\\\/\"},{\"@type\":\"ListItem\",\"position\":2,\"name\":\"Philips estreia nova gera\u00e7\u00e3o de l\u00e2mpadas H1-LED\"}]},{\"@type\":\"WebSite\",\"@id\":\"https:\\\/\\\/jornaldasoficinas.com\\\/pt\\\/#website\",\"url\":\"https:\\\/\\\/jornaldasoficinas.com\\\/pt\\\/\",\"name\":\"Jornal das Oficinas\",\"description\":\"Jornal independente do Aftermarket Autom\u00f3vel em Portugal\",\"publisher\":{\"@id\":\"https:\\\/\\\/jornaldasoficinas.com\\\/pt\\\/#organization\"},\"potentialAction\":[{\"@type\":\"SearchAction\",\"target\":{\"@type\":\"EntryPoint\",\"urlTemplate\":\"https:\\\/\\\/jornaldasoficinas.com\\\/pt\\\/?s={search_term_string}\"},\"query-input\":{\"@type\":\"PropertyValueSpecification\",\"valueRequired\":true,\"valueName\":\"search_term_string\"}}],\"inLanguage\":\"pt-PT\"},{\"@type\":\"Organization\",\"@id\":\"https:\\\/\\\/jornaldasoficinas.com\\\/pt\\\/#organization\",\"name\":\"Jornal das Oficinas\",\"url\":\"https:\\\/\\\/jornaldasoficinas.com\\\/pt\\\/\",\"logo\":{\"@type\":\"ImageObject\",\"inLanguage\":\"pt-PT\",\"@id\":\"https:\\\/\\\/jornaldasoficinas.com\\\/pt\\\/#\\\/schema\\\/logo\\\/image\\\/\",\"url\":\"https:\\\/\\\/jornaldasoficinas.com\\\/pt\\\/wp-content\\\/uploads\\\/logoJO-SEO.png\",\"contentUrl\":\"https:\\\/\\\/jornaldasoficinas.com\\\/pt\\\/wp-content\\\/uploads\\\/logoJO-SEO.png\",\"width\":285,\"height\":450,\"caption\":\"Jornal das Oficinas\"},\"image\":{\"@id\":\"https:\\\/\\\/jornaldasoficinas.com\\\/pt\\\/#\\\/schema\\\/logo\\\/image\\\/\"},\"sameAs\":[\"https:\\\/\\\/www.facebook.com\\\/jornaloficinas\",\"https:\\\/\\\/x.com\\\/jornaloficinas\",\"https:\\\/\\\/www.instagram.com\\\/jornal_oficinas\\\/\",\"https:\\\/\\\/www.linkedin.com\\\/company\\\/jornal-das-oficinas\\\/\",\"https:\\\/\\\/www.youtube.com\\\/channel\\\/UCbQZBqtcvV-oSQrr7RzINGg\"]},{\"@type\":\"Person\",\"@id\":\"https:\\\/\\\/jornaldasoficinas.com\\\/pt\\\/#\\\/schema\\\/person\\\/a38eef5de2c41d9e7c9ac10141afddf3\",\"name\":\"Reda\u00e7\u00e3o JO\",\"image\":{\"@type\":\"ImageObject\",\"inLanguage\":\"pt-PT\",\"@id\":\"https:\\\/\\\/secure.gravatar.com\\\/avatar\\\/71f2fa71737ad68a84fea94bc708ddac8ea5b0c4788dc2ad202f3ccb2887742f?s=96&d=wp_user_avatar&r=g\",\"url\":\"https:\\\/\\\/secure.gravatar.com\\\/avatar\\\/71f2fa71737ad68a84fea94bc708ddac8ea5b0c4788dc2ad202f3ccb2887742f?s=96&d=wp_user_avatar&r=g\",\"contentUrl\":\"https:\\\/\\\/secure.gravatar.com\\\/avatar\\\/71f2fa71737ad68a84fea94bc708ddac8ea5b0c4788dc2ad202f3ccb2887742f?s=96&d=wp_user_avatar&r=g\",\"caption\":\"Reda\u00e7\u00e3o JO\"},\"url\":\"https:\\\/\\\/jornaldasoficinas.com\\\/pt\\\/author\\\/joredacao\\\/\"}]}<\/script>\n<!-- \/ Yoast SEO plugin. -->","yoast_head_json":{"title":"Philips estreia nova gera\u00e7\u00e3o de l\u00e2mpadas H1-LED - Jornal das Oficinas","description":"A Philips acaba de apresentar a nova gera\u00e7\u00e3o de l\u00e2mpadas H1-LED Ultinon Pro6000 Boost, lan\u00e7ada pela Ultinon Motion","robots":{"index":"index","follow":"follow","max-snippet":"max-snippet:-1","max-image-preview":"max-image-preview:large","max-video-preview":"max-video-preview:-1"},"canonical":"https:\/\/jornaldasoficinas.com\/pt\/philips-estreia-nova-geracao-de-lampadas-h1-led\/","og_locale":"pt_PT","og_type":"article","og_title":"Philips estreia nova gera\u00e7\u00e3o de l\u00e2mpadas H1-LED - Jornal das Oficinas","og_description":"A Philips acaba de apresentar a nova gera\u00e7\u00e3o de l\u00e2mpadas H1-LED Ultinon Pro6000 Boost, lan\u00e7ada pela Ultinon Motion","og_url":"https:\/\/jornaldasoficinas.com\/pt\/philips-estreia-nova-geracao-de-lampadas-h1-led\/","og_site_name":"Jornal das Oficinas","article_publisher":"https:\/\/www.facebook.com\/jornaloficinas","article_published_time":"2025-12-03T18:00:06+00:00","article_modified_time":"2025-12-03T18:12:55+00:00","og_image":[{"width":1024,"height":581,"url":"https:\/\/jornaldasoficinas.com\/pt\/wp-content\/uploads\/2025\/11\/Philips-estreia-nova-geracao-de-lampadas-H1-LED.png","type":"image\/png"}],"author":"Reda\u00e7\u00e3o JO","twitter_card":"summary_large_image","twitter_creator":"@jornaloficinas","twitter_site":"@jornaloficinas","twitter_misc":{"Escrito por":"Reda\u00e7\u00e3o JO","Tempo estimado de leitura":"3 minutos"},"schema":{"@context":"https:\/\/schema.org","@graph":[{"@type":"Article","@id":"https:\/\/jornaldasoficinas.com\/pt\/philips-estreia-nova-geracao-de-lampadas-h1-led\/#article","isPartOf":{"@id":"https:\/\/jornaldasoficinas.com\/pt\/philips-estreia-nova-geracao-de-lampadas-h1-led\/"},"author":{"name":"Reda\u00e7\u00e3o JO","@id":"https:\/\/jornaldasoficinas.com\/pt\/#\/schema\/person\/a38eef5de2c41d9e7c9ac10141afddf3"},"headline":"Philips estreia nova gera\u00e7\u00e3o de l\u00e2mpadas H1-LED","datePublished":"2025-12-03T18:00:06+00:00","dateModified":"2025-12-03T18:12:55+00:00","mainEntityOfPage":{"@id":"https:\/\/jornaldasoficinas.com\/pt\/philips-estreia-nova-geracao-de-lampadas-h1-led\/"},"wordCount":432,"publisher":{"@id":"https:\/\/jornaldasoficinas.com\/pt\/#organization"},"image":{"@id":"https:\/\/jornaldasoficinas.com\/pt\/philips-estreia-nova-geracao-de-lampadas-h1-led\/#primaryimage"},"thumbnailUrl":"https:\/\/jornaldasoficinas.com\/pt\/wp-content\/uploads\/2025\/11\/Philips-estreia-nova-geracao-de-lampadas-H1-LED.png","keywords":["H1-LED Ultinon Pro6000 Boost","ilumina\u00e7\u00e3o autom\u00f3vel","L\u00e2mpadas","lan\u00e7amento","Philips","Ultinon Motion"],"articleSection":["Empresas"],"inLanguage":"pt-PT"},{"@type":"WebPage","@id":"https:\/\/jornaldasoficinas.com\/pt\/philips-estreia-nova-geracao-de-lampadas-h1-led\/","url":"https:\/\/jornaldasoficinas.com\/pt\/philips-estreia-nova-geracao-de-lampadas-h1-led\/","name":"Philips estreia nova gera\u00e7\u00e3o de l\u00e2mpadas H1-LED - Jornal das Oficinas","isPartOf":{"@id":"https:\/\/jornaldasoficinas.com\/pt\/#website"},"primaryImageOfPage":{"@id":"https:\/\/jornaldasoficinas.com\/pt\/philips-estreia-nova-geracao-de-lampadas-h1-led\/#primaryimage"},"image":{"@id":"https:\/\/jornaldasoficinas.com\/pt\/philips-estreia-nova-geracao-de-lampadas-h1-led\/#primaryimage"},"thumbnailUrl":"https:\/\/jornaldasoficinas.com\/pt\/wp-content\/uploads\/2025\/11\/Philips-estreia-nova-geracao-de-lampadas-H1-LED.png","datePublished":"2025-12-03T18:00:06+00:00","dateModified":"2025-12-03T18:12:55+00:00","description":"A Philips acaba de apresentar a nova gera\u00e7\u00e3o de l\u00e2mpadas H1-LED Ultinon Pro6000 Boost, lan\u00e7ada pela Ultinon Motion","breadcrumb":{"@id":"https:\/\/jornaldasoficinas.com\/pt\/philips-estreia-nova-geracao-de-lampadas-h1-led\/#breadcrumb"},"inLanguage":"pt-PT","potentialAction":[{"@type":"ReadAction","target":["https:\/\/jornaldasoficinas.com\/pt\/philips-estreia-nova-geracao-de-lampadas-h1-led\/"]}]},{"@type":"ImageObject","inLanguage":"pt-PT","@id":"https:\/\/jornaldasoficinas.com\/pt\/philips-estreia-nova-geracao-de-lampadas-h1-led\/#primaryimage","url":"https:\/\/jornaldasoficinas.com\/pt\/wp-content\/uploads\/2025\/11\/Philips-estreia-nova-geracao-de-lampadas-H1-LED.png","contentUrl":"https:\/\/jornaldasoficinas.com\/pt\/wp-content\/uploads\/2025\/11\/Philips-estreia-nova-geracao-de-lampadas-H1-LED.png","width":1024,"height":581,"caption":"11 - Philips estreia nova geracao de lampadas H1 LED"},{"@type":"BreadcrumbList","@id":"https:\/\/jornaldasoficinas.com\/pt\/philips-estreia-nova-geracao-de-lampadas-h1-led\/#breadcrumb","itemListElement":[{"@type":"ListItem","position":1,"name":"In\u00edcio","item":"https:\/\/jornaldasoficinas.com\/pt\/"},{"@type":"ListItem","position":2,"name":"Philips estreia nova gera\u00e7\u00e3o de l\u00e2mpadas H1-LED"}]},{"@type":"WebSite","@id":"https:\/\/jornaldasoficinas.com\/pt\/#website","url":"https:\/\/jornaldasoficinas.com\/pt\/","name":"Jornal das Oficinas","description":"Jornal independente do Aftermarket Autom\u00f3vel em Portugal","publisher":{"@id":"https:\/\/jornaldasoficinas.com\/pt\/#organization"},"potentialAction":[{"@type":"SearchAction","target":{"@type":"EntryPoint","urlTemplate":"https:\/\/jornaldasoficinas.com\/pt\/?s={search_term_string}"},"query-input":{"@type":"PropertyValueSpecification","valueRequired":true,"valueName":"search_term_string"}}],"inLanguage":"pt-PT"},{"@type":"Organization","@id":"https:\/\/jornaldasoficinas.com\/pt\/#organization","name":"Jornal das Oficinas","url":"https:\/\/jornaldasoficinas.com\/pt\/","logo":{"@type":"ImageObject","inLanguage":"pt-PT","@id":"https:\/\/jornaldasoficinas.com\/pt\/#\/schema\/logo\/image\/","url":"https:\/\/jornaldasoficinas.com\/pt\/wp-content\/uploads\/logoJO-SEO.png","contentUrl":"https:\/\/jornaldasoficinas.com\/pt\/wp-content\/uploads\/logoJO-SEO.png","width":285,"height":450,"caption":"Jornal das Oficinas"},"image":{"@id":"https:\/\/jornaldasoficinas.com\/pt\/#\/schema\/logo\/image\/"},"sameAs":["https:\/\/www.facebook.com\/jornaloficinas","https:\/\/x.com\/jornaloficinas","https:\/\/www.instagram.com\/jornal_oficinas\/","https:\/\/www.linkedin.com\/company\/jornal-das-oficinas\/","https:\/\/www.youtube.com\/channel\/UCbQZBqtcvV-oSQrr7RzINGg"]},{"@type":"Person","@id":"https:\/\/jornaldasoficinas.com\/pt\/#\/schema\/person\/a38eef5de2c41d9e7c9ac10141afddf3","name":"Reda\u00e7\u00e3o JO","image":{"@type":"ImageObject","inLanguage":"pt-PT","@id":"https:\/\/secure.gravatar.com\/avatar\/71f2fa71737ad68a84fea94bc708ddac8ea5b0c4788dc2ad202f3ccb2887742f?s=96&d=wp_user_avatar&r=g","url":"https:\/\/secure.gravatar.com\/avatar\/71f2fa71737ad68a84fea94bc708ddac8ea5b0c4788dc2ad202f3ccb2887742f?s=96&d=wp_user_avatar&r=g","contentUrl":"https:\/\/secure.gravatar.com\/avatar\/71f2fa71737ad68a84fea94bc708ddac8ea5b0c4788dc2ad202f3ccb2887742f?s=96&d=wp_user_avatar&r=g","caption":"Reda\u00e7\u00e3o JO"},"url":"https:\/\/jornaldasoficinas.com\/pt\/author\/joredacao\/"}]}},"_links":{"self":[{"href":"https:\/\/jornaldasoficinas.com\/pt\/wp-json\/wp\/v2\/posts\/110275","targetHints":{"allow":["GET"]}}],"collection":[{"href":"https:\/\/jornaldasoficinas.com\/pt\/wp-json\/wp\/v2\/posts"}],"about":[{"href":"https:\/\/jornaldasoficinas.com\/pt\/wp-json\/wp\/v2\/types\/post"}],"author":[{"embeddable":true,"href":"https:\/\/jornaldasoficinas.com\/pt\/wp-json\/wp\/v2\/users\/15"}],"replies":[{"embeddable":true,"href":"https:\/\/jornaldasoficinas.com\/pt\/wp-json\/wp\/v2\/comments?post=110275"}],"version-history":[{"count":6,"href":"https:\/\/jornaldasoficinas.com\/pt\/wp-json\/wp\/v2\/posts\/110275\/revisions"}],"predecessor-version":[{"id":110317,"href":"https:\/\/jornaldasoficinas.com\/pt\/wp-json\/wp\/v2\/posts\/110275\/revisions\/110317"}],"wp:featuredmedia":[{"embeddable":true,"href":"https:\/\/jornaldasoficinas.com\/pt\/wp-json\/wp\/v2\/media\/110284"}],"wp:attachment":[{"href":"https:\/\/jornaldasoficinas.com\/pt\/wp-json\/wp\/v2\/media?parent=110275"}],"wp:term":[{"taxonomy":"category","embeddable":true,"href":"https:\/\/jornaldasoficinas.com\/pt\/wp-json\/wp\/v2\/categories?post=110275"},{"taxonomy":"post_tag","embeddable":true,"href":"https:\/\/jornaldasoficinas.com\/pt\/wp-json\/wp\/v2\/tags?post=110275"}],"curies":[{"name":"wp","href":"https:\/\/api.w.org\/{rel}","templated":true}]}}