{"id":110295,"date":"2025-12-03T08:00:25","date_gmt":"2025-12-03T08:00:25","guid":{"rendered":"https:\/\/jornaldasoficinas.com\/pt\/?p=110295"},"modified":"2025-11-30T09:39:18","modified_gmt":"2025-11-30T09:39:18","slug":"fundacao-moeve-apoia-tres-projetos-com-70-mil-euros","status":"publish","type":"post","link":"https:\/\/jornaldasoficinas.com\/pt\/fundacao-moeve-apoia-tres-projetos-com-70-mil-euros\/","title":{"rendered":"Funda\u00e7\u00e3o Moeve apoia tr\u00eas projetos com 70 mil euros"},"content":{"rendered":"<p><strong><img loading=\"lazy\" decoding=\"async\" class=\"alignnone size-full wp-image-110315\" src=\"https:\/\/jornaldasoficinas.com\/pt\/wp-content\/uploads\/2025\/11\/Premios-Ao-Valor-Social-2025.jpg\" alt=\"11 - Premios Ao Valor Social 2025\" width=\"1024\" height=\"581\" srcset=\"https:\/\/jornaldasoficinas.com\/pt\/wp-content\/uploads\/2025\/11\/Premios-Ao-Valor-Social-2025.jpg 1024w, https:\/\/jornaldasoficinas.com\/pt\/wp-content\/uploads\/2025\/11\/Premios-Ao-Valor-Social-2025-300x170.jpg 300w, https:\/\/jornaldasoficinas.com\/pt\/wp-content\/uploads\/2025\/11\/Premios-Ao-Valor-Social-2025-150x85.jpg 150w, https:\/\/jornaldasoficinas.com\/pt\/wp-content\/uploads\/2025\/11\/Premios-Ao-Valor-Social-2025-768x436.jpg 768w\" sizes=\"auto, (max-width: 1024px) 100vw, 1024px\" \/><\/strong><\/p>\n<p><strong>A <a href=\"https:\/\/fundacion.moeveglobal.com\/pt\" target=\"_blank\" rel=\"noopener\">Funda\u00e7\u00e3o Moeve<\/a> premiou tr\u00eas iniciativas de elevado impacto social na edi\u00e7\u00e3o de 2025 dos Pr\u00e9mios ao Valor Social, atribuindo um total de 70 mil euros a projetos da <a href=\"https:\/\/nuvemvitoria.pt\/\" target=\"_blank\" rel=\"noopener\">Nuvem Vit\u00f3ria<\/a>, <a href=\"https:\/\/www.adice.pt\/\" target=\"_blank\" rel=\"noopener\">ADICE<\/a> e ABRAA<\/strong><\/p>\n<p>Os Pr\u00e9mios ao Valor Social distinguem projetos sem fins lucrativos implementados em Portugal e que contribuem para a inclus\u00e3o, dignidade e melhoria da qualidade de vida de pessoas em situa\u00e7\u00e3o de vulnerabilidade.<\/p>\n<p>De acordo com Cl\u00e1udia Soares-Mendes, diretora de marketing, comunica\u00e7\u00e3o e clientes da Moeve em Portugal &#8220;os Pr\u00e9mios ao Valor Social refletem o compromisso da Funda\u00e7\u00e3o Moeve em apoiar organiza\u00e7\u00f5es que transformam realidades todos os dias, refor\u00e7ando o nosso prop\u00f3sito de contribuir para comunidades mais justas, humanas e solid\u00e1rias. Os projetos distinguidos este ano s\u00e3o um exemplo claro do impacto que queremos promover&#8221;.<\/p>\n<p>A Associa\u00e7\u00e3o Nuvem Vit\u00f3ria foi distinguida com o projeto &#8220;Vit\u00f3ria, Vit\u00f3ria&#8230; vai come\u00e7ar mais uma hist\u00f3ria!&#8221;. A organiza\u00e7\u00e3o, dedicada a promover o bem-estar de crian\u00e7as hospitalizadas atrav\u00e9s da leitura de hist\u00f3rias antes de dormir, ir\u00e1 recrutar e capacitar cerca de 140 volunt\u00e1rios para levar, diariamente, conforto emocional, redu\u00e7\u00e3o de ansiedade e melhoria da qualidade do sono a crian\u00e7as internadas no IPO do Porto e na ULS Gaia-Espinho. O projeto atua num momento crucial do dia, contribuindo para a humaniza\u00e7\u00e3o dos servi\u00e7os de pediatria e ajudando crian\u00e7as e cuidadores a enfrentar o ambiente hospitalar com mais seguran\u00e7a e tranquilidade.<\/p>\n<p>A ADICE, por sua vez, foi premiada pelo projeto &#8220;Dona ADICE \u2013 Lavandaria Social&#8221;, que visa criar novos postos de trabalho e promover compet\u00eancias profissionais e pessoais junto de pessoas em situa\u00e7\u00e3o de vulnerabilidade, nomeadamente pessoas com defici\u00eancia, incapacidade ou dificuldades de acesso ao mercado laboral. A lavandaria oferecer\u00e1 servi\u00e7os a pre\u00e7os sociais \u00e0 comunidade, enquanto funcionar\u00e1 como um espa\u00e7o de forma\u00e7\u00e3o, aprendizagem e inclus\u00e3o ativa, apostando tamb\u00e9m em pr\u00e1ticas ambientais respons\u00e1veis.<\/p>\n<p>A ABRAA foi, igualmente, distinguida com o projeto &#8220;\u00c0 Descoberta dos Sentidos&#8221;, que pretende renovar e equipar uma sala terap\u00eautica do seu Centro de Acolhimento Tempor\u00e1rio com tecnologia Snoezelen e materiais de Integra\u00e7\u00e3o Sensorial. O objetivo \u00e9 proporcionar um ambiente seguro, imersivo e multissensorial que apoie o desenvolvimento emocional, motor e cognitivo das crian\u00e7as dos 0 aos 6 anos que ali residem, muitas delas v\u00edtimas de trauma, neglig\u00eancia ou contextos familiares de risco. A cria\u00e7\u00e3o deste espa\u00e7o pretende oferecer momentos de estabilidade, bem-estar e cura emocional a crian\u00e7as em situa\u00e7\u00e3o particularmente vulner\u00e1vel.<\/p>\n<p>Os Pr\u00e9mios ao Valor Social da Funda\u00e7\u00e3o Moeve procuram, anualmente, apoiar iniciativas de elevado impacto humano e comunit\u00e1rio, refor\u00e7ando o compromisso da organiza\u00e7\u00e3o com projetos que geram transforma\u00e7\u00e3o real e sustent\u00e1vel na sociedade.<\/p>\n<p>A Funda\u00e7\u00e3o Moeve j\u00e1 apoiou, em Portugal, 70 associa\u00e7\u00f5es, num total de mais de 830 mil euros investidos, no \u00e2mbito das 17 edi\u00e7\u00f5es realizadas entre 2009 e 2025, \u00e0s quais concorreram 989 projetos. Em 2025, na sua 17.\u00aa edi\u00e7\u00e3o, foram apresentados 72 projetos.<\/p>\n<p>No contexto global, entre 2005-2025, os Pr\u00e9mios ao Valor Social da Funda\u00e7\u00e3o Moeve contabilizam 21 edi\u00e7\u00f5es, com 5.883 projetos apresentados, 527 projetos impulsionados, um investimento acumulado de 5,63 milh\u00f5es de euros e mais de 114 mil benefici\u00e1rios diretos.<\/p>\n","protected":false},"excerpt":{"rendered":"<p>A Funda\u00e7\u00e3o Moeve premiou tr\u00eas iniciativas&#8230;<\/p>\n","protected":false},"author":15,"featured_media":110315,"comment_status":"closed","ping_status":"closed","sticky":false,"template":"","format":"standard","meta":{"footnotes":""},"categories":[29],"tags":[14113,14112,14111,3574,14107,14110,14109,14108],"class_list":["post-110295","post","type-post","status-publish","format-standard","has-post-thumbnail","hentry","category-empresas","tag-70-mil-euros","tag-abraa","tag-adice","tag-distincao","tag-fundacao-moeve","tag-nuvem-vitoria","tag-premios-ao-valor-social-2025","tag-tres-iniciativas"],"yoast_head":"<!-- This site is optimized with the Yoast SEO plugin v27.4 - https:\/\/yoast.com\/product\/yoast-seo-wordpress\/ -->\n<title>Funda\u00e7\u00e3o Moeve apoia tr\u00eas projetos com 70 mil euros - Jornal das Oficinas<\/title>\n<meta name=\"description\" content=\"A Funda\u00e7\u00e3o Moeve premiou tr\u00eas iniciativas de elevado impacto social na edi\u00e7\u00e3o de 2025 dos Pr\u00e9mios ao Valor Social\" \/>\n<meta name=\"robots\" content=\"index, follow, max-snippet:-1, max-image-preview:large, max-video-preview:-1\" \/>\n<link rel=\"canonical\" href=\"https:\/\/jornaldasoficinas.com\/pt\/fundacao-moeve-apoia-tres-projetos-com-70-mil-euros\/\" \/>\n<meta property=\"og:locale\" content=\"pt_PT\" \/>\n<meta property=\"og:type\" content=\"article\" \/>\n<meta property=\"og:title\" content=\"Funda\u00e7\u00e3o Moeve apoia tr\u00eas projetos com 70 mil euros - Jornal das Oficinas\" \/>\n<meta property=\"og:description\" content=\"A Funda\u00e7\u00e3o Moeve premiou tr\u00eas iniciativas de elevado impacto social na edi\u00e7\u00e3o de 2025 dos Pr\u00e9mios ao Valor Social\" \/>\n<meta property=\"og:url\" content=\"https:\/\/jornaldasoficinas.com\/pt\/fundacao-moeve-apoia-tres-projetos-com-70-mil-euros\/\" \/>\n<meta property=\"og:site_name\" content=\"Jornal das Oficinas\" \/>\n<meta property=\"article:publisher\" content=\"https:\/\/www.facebook.com\/jornaloficinas\" \/>\n<meta property=\"article:published_time\" content=\"2025-12-03T08:00:25+00:00\" \/>\n<meta property=\"og:image\" content=\"https:\/\/jornaldasoficinas.com\/pt\/wp-content\/uploads\/2025\/11\/Premios-Ao-Valor-Social-2025.jpg\" \/>\n\t<meta property=\"og:image:width\" content=\"1024\" \/>\n\t<meta property=\"og:image:height\" content=\"581\" \/>\n\t<meta property=\"og:image:type\" content=\"image\/jpeg\" \/>\n<meta name=\"author\" content=\"Reda\u00e7\u00e3o JO\" \/>\n<meta name=\"twitter:card\" content=\"summary_large_image\" \/>\n<meta name=\"twitter:creator\" content=\"@jornaloficinas\" \/>\n<meta name=\"twitter:site\" content=\"@jornaloficinas\" \/>\n<meta name=\"twitter:label1\" content=\"Escrito por\" \/>\n\t<meta name=\"twitter:data1\" content=\"Reda\u00e7\u00e3o JO\" \/>\n\t<meta name=\"twitter:label2\" content=\"Tempo estimado de leitura\" \/>\n\t<meta name=\"twitter:data2\" content=\"4 minutos\" \/>\n<script type=\"application\/ld+json\" class=\"yoast-schema-graph\">{\"@context\":\"https:\\\/\\\/schema.org\",\"@graph\":[{\"@type\":\"Article\",\"@id\":\"https:\\\/\\\/jornaldasoficinas.com\\\/pt\\\/fundacao-moeve-apoia-tres-projetos-com-70-mil-euros\\\/#article\",\"isPartOf\":{\"@id\":\"https:\\\/\\\/jornaldasoficinas.com\\\/pt\\\/fundacao-moeve-apoia-tres-projetos-com-70-mil-euros\\\/\"},\"author\":{\"name\":\"Reda\u00e7\u00e3o JO\",\"@id\":\"https:\\\/\\\/jornaldasoficinas.com\\\/pt\\\/#\\\/schema\\\/person\\\/a38eef5de2c41d9e7c9ac10141afddf3\"},\"headline\":\"Funda\u00e7\u00e3o Moeve apoia tr\u00eas projetos com 70 mil euros\",\"datePublished\":\"2025-12-03T08:00:25+00:00\",\"mainEntityOfPage\":{\"@id\":\"https:\\\/\\\/jornaldasoficinas.com\\\/pt\\\/fundacao-moeve-apoia-tres-projetos-com-70-mil-euros\\\/\"},\"wordCount\":563,\"publisher\":{\"@id\":\"https:\\\/\\\/jornaldasoficinas.com\\\/pt\\\/#organization\"},\"image\":{\"@id\":\"https:\\\/\\\/jornaldasoficinas.com\\\/pt\\\/fundacao-moeve-apoia-tres-projetos-com-70-mil-euros\\\/#primaryimage\"},\"thumbnailUrl\":\"https:\\\/\\\/jornaldasoficinas.com\\\/pt\\\/wp-content\\\/uploads\\\/2025\\\/11\\\/Premios-Ao-Valor-Social-2025.jpg\",\"keywords\":[\"70 mil euros\",\"ABRAA\",\"ADICE\",\"Distin\u00e7\u00e3o\",\"Funda\u00e7\u00e3o Moeve\",\"Nuvem Vit\u00f3ria\",\"Pr\u00e9mios ao Valor Social 2025\",\"tr\u00eas iniciativas\"],\"articleSection\":[\"Empresas\"],\"inLanguage\":\"pt-PT\"},{\"@type\":\"WebPage\",\"@id\":\"https:\\\/\\\/jornaldasoficinas.com\\\/pt\\\/fundacao-moeve-apoia-tres-projetos-com-70-mil-euros\\\/\",\"url\":\"https:\\\/\\\/jornaldasoficinas.com\\\/pt\\\/fundacao-moeve-apoia-tres-projetos-com-70-mil-euros\\\/\",\"name\":\"Funda\u00e7\u00e3o Moeve apoia tr\u00eas projetos com 70 mil euros - Jornal das Oficinas\",\"isPartOf\":{\"@id\":\"https:\\\/\\\/jornaldasoficinas.com\\\/pt\\\/#website\"},\"primaryImageOfPage\":{\"@id\":\"https:\\\/\\\/jornaldasoficinas.com\\\/pt\\\/fundacao-moeve-apoia-tres-projetos-com-70-mil-euros\\\/#primaryimage\"},\"image\":{\"@id\":\"https:\\\/\\\/jornaldasoficinas.com\\\/pt\\\/fundacao-moeve-apoia-tres-projetos-com-70-mil-euros\\\/#primaryimage\"},\"thumbnailUrl\":\"https:\\\/\\\/jornaldasoficinas.com\\\/pt\\\/wp-content\\\/uploads\\\/2025\\\/11\\\/Premios-Ao-Valor-Social-2025.jpg\",\"datePublished\":\"2025-12-03T08:00:25+00:00\",\"description\":\"A Funda\u00e7\u00e3o Moeve premiou tr\u00eas iniciativas de elevado impacto social na edi\u00e7\u00e3o de 2025 dos Pr\u00e9mios ao Valor Social\",\"breadcrumb\":{\"@id\":\"https:\\\/\\\/jornaldasoficinas.com\\\/pt\\\/fundacao-moeve-apoia-tres-projetos-com-70-mil-euros\\\/#breadcrumb\"},\"inLanguage\":\"pt-PT\",\"potentialAction\":[{\"@type\":\"ReadAction\",\"target\":[\"https:\\\/\\\/jornaldasoficinas.com\\\/pt\\\/fundacao-moeve-apoia-tres-projetos-com-70-mil-euros\\\/\"]}]},{\"@type\":\"ImageObject\",\"inLanguage\":\"pt-PT\",\"@id\":\"https:\\\/\\\/jornaldasoficinas.com\\\/pt\\\/fundacao-moeve-apoia-tres-projetos-com-70-mil-euros\\\/#primaryimage\",\"url\":\"https:\\\/\\\/jornaldasoficinas.com\\\/pt\\\/wp-content\\\/uploads\\\/2025\\\/11\\\/Premios-Ao-Valor-Social-2025.jpg\",\"contentUrl\":\"https:\\\/\\\/jornaldasoficinas.com\\\/pt\\\/wp-content\\\/uploads\\\/2025\\\/11\\\/Premios-Ao-Valor-Social-2025.jpg\",\"width\":1024,\"height\":581,\"caption\":\"11 - Premios Ao Valor Social 2025\"},{\"@type\":\"BreadcrumbList\",\"@id\":\"https:\\\/\\\/jornaldasoficinas.com\\\/pt\\\/fundacao-moeve-apoia-tres-projetos-com-70-mil-euros\\\/#breadcrumb\",\"itemListElement\":[{\"@type\":\"ListItem\",\"position\":1,\"name\":\"In\u00edcio\",\"item\":\"https:\\\/\\\/jornaldasoficinas.com\\\/pt\\\/\"},{\"@type\":\"ListItem\",\"position\":2,\"name\":\"Funda\u00e7\u00e3o Moeve apoia tr\u00eas projetos com 70 mil euros\"}]},{\"@type\":\"WebSite\",\"@id\":\"https:\\\/\\\/jornaldasoficinas.com\\\/pt\\\/#website\",\"url\":\"https:\\\/\\\/jornaldasoficinas.com\\\/pt\\\/\",\"name\":\"Jornal das Oficinas\",\"description\":\"Jornal independente do Aftermarket Autom\u00f3vel em Portugal\",\"publisher\":{\"@id\":\"https:\\\/\\\/jornaldasoficinas.com\\\/pt\\\/#organization\"},\"potentialAction\":[{\"@type\":\"SearchAction\",\"target\":{\"@type\":\"EntryPoint\",\"urlTemplate\":\"https:\\\/\\\/jornaldasoficinas.com\\\/pt\\\/?s={search_term_string}\"},\"query-input\":{\"@type\":\"PropertyValueSpecification\",\"valueRequired\":true,\"valueName\":\"search_term_string\"}}],\"inLanguage\":\"pt-PT\"},{\"@type\":\"Organization\",\"@id\":\"https:\\\/\\\/jornaldasoficinas.com\\\/pt\\\/#organization\",\"name\":\"Jornal das Oficinas\",\"url\":\"https:\\\/\\\/jornaldasoficinas.com\\\/pt\\\/\",\"logo\":{\"@type\":\"ImageObject\",\"inLanguage\":\"pt-PT\",\"@id\":\"https:\\\/\\\/jornaldasoficinas.com\\\/pt\\\/#\\\/schema\\\/logo\\\/image\\\/\",\"url\":\"https:\\\/\\\/jornaldasoficinas.com\\\/pt\\\/wp-content\\\/uploads\\\/logoJO-SEO.png\",\"contentUrl\":\"https:\\\/\\\/jornaldasoficinas.com\\\/pt\\\/wp-content\\\/uploads\\\/logoJO-SEO.png\",\"width\":285,\"height\":450,\"caption\":\"Jornal das Oficinas\"},\"image\":{\"@id\":\"https:\\\/\\\/jornaldasoficinas.com\\\/pt\\\/#\\\/schema\\\/logo\\\/image\\\/\"},\"sameAs\":[\"https:\\\/\\\/www.facebook.com\\\/jornaloficinas\",\"https:\\\/\\\/x.com\\\/jornaloficinas\",\"https:\\\/\\\/www.instagram.com\\\/jornal_oficinas\\\/\",\"https:\\\/\\\/www.linkedin.com\\\/company\\\/jornal-das-oficinas\\\/\",\"https:\\\/\\\/www.youtube.com\\\/channel\\\/UCbQZBqtcvV-oSQrr7RzINGg\"]},{\"@type\":\"Person\",\"@id\":\"https:\\\/\\\/jornaldasoficinas.com\\\/pt\\\/#\\\/schema\\\/person\\\/a38eef5de2c41d9e7c9ac10141afddf3\",\"name\":\"Reda\u00e7\u00e3o JO\",\"image\":{\"@type\":\"ImageObject\",\"inLanguage\":\"pt-PT\",\"@id\":\"https:\\\/\\\/secure.gravatar.com\\\/avatar\\\/71f2fa71737ad68a84fea94bc708ddac8ea5b0c4788dc2ad202f3ccb2887742f?s=96&d=wp_user_avatar&r=g\",\"url\":\"https:\\\/\\\/secure.gravatar.com\\\/avatar\\\/71f2fa71737ad68a84fea94bc708ddac8ea5b0c4788dc2ad202f3ccb2887742f?s=96&d=wp_user_avatar&r=g\",\"contentUrl\":\"https:\\\/\\\/secure.gravatar.com\\\/avatar\\\/71f2fa71737ad68a84fea94bc708ddac8ea5b0c4788dc2ad202f3ccb2887742f?s=96&d=wp_user_avatar&r=g\",\"caption\":\"Reda\u00e7\u00e3o JO\"},\"url\":\"https:\\\/\\\/jornaldasoficinas.com\\\/pt\\\/author\\\/joredacao\\\/\"}]}<\/script>\n<!-- \/ Yoast SEO plugin. -->","yoast_head_json":{"title":"Funda\u00e7\u00e3o Moeve apoia tr\u00eas projetos com 70 mil euros - Jornal das Oficinas","description":"A Funda\u00e7\u00e3o Moeve premiou tr\u00eas iniciativas de elevado impacto social na edi\u00e7\u00e3o de 2025 dos Pr\u00e9mios ao Valor Social","robots":{"index":"index","follow":"follow","max-snippet":"max-snippet:-1","max-image-preview":"max-image-preview:large","max-video-preview":"max-video-preview:-1"},"canonical":"https:\/\/jornaldasoficinas.com\/pt\/fundacao-moeve-apoia-tres-projetos-com-70-mil-euros\/","og_locale":"pt_PT","og_type":"article","og_title":"Funda\u00e7\u00e3o Moeve apoia tr\u00eas projetos com 70 mil euros - Jornal das Oficinas","og_description":"A Funda\u00e7\u00e3o Moeve premiou tr\u00eas iniciativas de elevado impacto social na edi\u00e7\u00e3o de 2025 dos Pr\u00e9mios ao Valor Social","og_url":"https:\/\/jornaldasoficinas.com\/pt\/fundacao-moeve-apoia-tres-projetos-com-70-mil-euros\/","og_site_name":"Jornal das Oficinas","article_publisher":"https:\/\/www.facebook.com\/jornaloficinas","article_published_time":"2025-12-03T08:00:25+00:00","og_image":[{"width":1024,"height":581,"url":"https:\/\/jornaldasoficinas.com\/pt\/wp-content\/uploads\/2025\/11\/Premios-Ao-Valor-Social-2025.jpg","type":"image\/jpeg"}],"author":"Reda\u00e7\u00e3o JO","twitter_card":"summary_large_image","twitter_creator":"@jornaloficinas","twitter_site":"@jornaloficinas","twitter_misc":{"Escrito por":"Reda\u00e7\u00e3o JO","Tempo estimado de leitura":"4 minutos"},"schema":{"@context":"https:\/\/schema.org","@graph":[{"@type":"Article","@id":"https:\/\/jornaldasoficinas.com\/pt\/fundacao-moeve-apoia-tres-projetos-com-70-mil-euros\/#article","isPartOf":{"@id":"https:\/\/jornaldasoficinas.com\/pt\/fundacao-moeve-apoia-tres-projetos-com-70-mil-euros\/"},"author":{"name":"Reda\u00e7\u00e3o JO","@id":"https:\/\/jornaldasoficinas.com\/pt\/#\/schema\/person\/a38eef5de2c41d9e7c9ac10141afddf3"},"headline":"Funda\u00e7\u00e3o Moeve apoia tr\u00eas projetos com 70 mil euros","datePublished":"2025-12-03T08:00:25+00:00","mainEntityOfPage":{"@id":"https:\/\/jornaldasoficinas.com\/pt\/fundacao-moeve-apoia-tres-projetos-com-70-mil-euros\/"},"wordCount":563,"publisher":{"@id":"https:\/\/jornaldasoficinas.com\/pt\/#organization"},"image":{"@id":"https:\/\/jornaldasoficinas.com\/pt\/fundacao-moeve-apoia-tres-projetos-com-70-mil-euros\/#primaryimage"},"thumbnailUrl":"https:\/\/jornaldasoficinas.com\/pt\/wp-content\/uploads\/2025\/11\/Premios-Ao-Valor-Social-2025.jpg","keywords":["70 mil euros","ABRAA","ADICE","Distin\u00e7\u00e3o","Funda\u00e7\u00e3o Moeve","Nuvem Vit\u00f3ria","Pr\u00e9mios ao Valor Social 2025","tr\u00eas iniciativas"],"articleSection":["Empresas"],"inLanguage":"pt-PT"},{"@type":"WebPage","@id":"https:\/\/jornaldasoficinas.com\/pt\/fundacao-moeve-apoia-tres-projetos-com-70-mil-euros\/","url":"https:\/\/jornaldasoficinas.com\/pt\/fundacao-moeve-apoia-tres-projetos-com-70-mil-euros\/","name":"Funda\u00e7\u00e3o Moeve apoia tr\u00eas projetos com 70 mil euros - Jornal das Oficinas","isPartOf":{"@id":"https:\/\/jornaldasoficinas.com\/pt\/#website"},"primaryImageOfPage":{"@id":"https:\/\/jornaldasoficinas.com\/pt\/fundacao-moeve-apoia-tres-projetos-com-70-mil-euros\/#primaryimage"},"image":{"@id":"https:\/\/jornaldasoficinas.com\/pt\/fundacao-moeve-apoia-tres-projetos-com-70-mil-euros\/#primaryimage"},"thumbnailUrl":"https:\/\/jornaldasoficinas.com\/pt\/wp-content\/uploads\/2025\/11\/Premios-Ao-Valor-Social-2025.jpg","datePublished":"2025-12-03T08:00:25+00:00","description":"A Funda\u00e7\u00e3o Moeve premiou tr\u00eas iniciativas de elevado impacto social na edi\u00e7\u00e3o de 2025 dos Pr\u00e9mios ao Valor Social","breadcrumb":{"@id":"https:\/\/jornaldasoficinas.com\/pt\/fundacao-moeve-apoia-tres-projetos-com-70-mil-euros\/#breadcrumb"},"inLanguage":"pt-PT","potentialAction":[{"@type":"ReadAction","target":["https:\/\/jornaldasoficinas.com\/pt\/fundacao-moeve-apoia-tres-projetos-com-70-mil-euros\/"]}]},{"@type":"ImageObject","inLanguage":"pt-PT","@id":"https:\/\/jornaldasoficinas.com\/pt\/fundacao-moeve-apoia-tres-projetos-com-70-mil-euros\/#primaryimage","url":"https:\/\/jornaldasoficinas.com\/pt\/wp-content\/uploads\/2025\/11\/Premios-Ao-Valor-Social-2025.jpg","contentUrl":"https:\/\/jornaldasoficinas.com\/pt\/wp-content\/uploads\/2025\/11\/Premios-Ao-Valor-Social-2025.jpg","width":1024,"height":581,"caption":"11 - Premios Ao Valor Social 2025"},{"@type":"BreadcrumbList","@id":"https:\/\/jornaldasoficinas.com\/pt\/fundacao-moeve-apoia-tres-projetos-com-70-mil-euros\/#breadcrumb","itemListElement":[{"@type":"ListItem","position":1,"name":"In\u00edcio","item":"https:\/\/jornaldasoficinas.com\/pt\/"},{"@type":"ListItem","position":2,"name":"Funda\u00e7\u00e3o Moeve apoia tr\u00eas projetos com 70 mil euros"}]},{"@type":"WebSite","@id":"https:\/\/jornaldasoficinas.com\/pt\/#website","url":"https:\/\/jornaldasoficinas.com\/pt\/","name":"Jornal das Oficinas","description":"Jornal independente do Aftermarket Autom\u00f3vel em Portugal","publisher":{"@id":"https:\/\/jornaldasoficinas.com\/pt\/#organization"},"potentialAction":[{"@type":"SearchAction","target":{"@type":"EntryPoint","urlTemplate":"https:\/\/jornaldasoficinas.com\/pt\/?s={search_term_string}"},"query-input":{"@type":"PropertyValueSpecification","valueRequired":true,"valueName":"search_term_string"}}],"inLanguage":"pt-PT"},{"@type":"Organization","@id":"https:\/\/jornaldasoficinas.com\/pt\/#organization","name":"Jornal das Oficinas","url":"https:\/\/jornaldasoficinas.com\/pt\/","logo":{"@type":"ImageObject","inLanguage":"pt-PT","@id":"https:\/\/jornaldasoficinas.com\/pt\/#\/schema\/logo\/image\/","url":"https:\/\/jornaldasoficinas.com\/pt\/wp-content\/uploads\/logoJO-SEO.png","contentUrl":"https:\/\/jornaldasoficinas.com\/pt\/wp-content\/uploads\/logoJO-SEO.png","width":285,"height":450,"caption":"Jornal das Oficinas"},"image":{"@id":"https:\/\/jornaldasoficinas.com\/pt\/#\/schema\/logo\/image\/"},"sameAs":["https:\/\/www.facebook.com\/jornaloficinas","https:\/\/x.com\/jornaloficinas","https:\/\/www.instagram.com\/jornal_oficinas\/","https:\/\/www.linkedin.com\/company\/jornal-das-oficinas\/","https:\/\/www.youtube.com\/channel\/UCbQZBqtcvV-oSQrr7RzINGg"]},{"@type":"Person","@id":"https:\/\/jornaldasoficinas.com\/pt\/#\/schema\/person\/a38eef5de2c41d9e7c9ac10141afddf3","name":"Reda\u00e7\u00e3o JO","image":{"@type":"ImageObject","inLanguage":"pt-PT","@id":"https:\/\/secure.gravatar.com\/avatar\/71f2fa71737ad68a84fea94bc708ddac8ea5b0c4788dc2ad202f3ccb2887742f?s=96&d=wp_user_avatar&r=g","url":"https:\/\/secure.gravatar.com\/avatar\/71f2fa71737ad68a84fea94bc708ddac8ea5b0c4788dc2ad202f3ccb2887742f?s=96&d=wp_user_avatar&r=g","contentUrl":"https:\/\/secure.gravatar.com\/avatar\/71f2fa71737ad68a84fea94bc708ddac8ea5b0c4788dc2ad202f3ccb2887742f?s=96&d=wp_user_avatar&r=g","caption":"Reda\u00e7\u00e3o JO"},"url":"https:\/\/jornaldasoficinas.com\/pt\/author\/joredacao\/"}]}},"_links":{"self":[{"href":"https:\/\/jornaldasoficinas.com\/pt\/wp-json\/wp\/v2\/posts\/110295","targetHints":{"allow":["GET"]}}],"collection":[{"href":"https:\/\/jornaldasoficinas.com\/pt\/wp-json\/wp\/v2\/posts"}],"about":[{"href":"https:\/\/jornaldasoficinas.com\/pt\/wp-json\/wp\/v2\/types\/post"}],"author":[{"embeddable":true,"href":"https:\/\/jornaldasoficinas.com\/pt\/wp-json\/wp\/v2\/users\/15"}],"replies":[{"embeddable":true,"href":"https:\/\/jornaldasoficinas.com\/pt\/wp-json\/wp\/v2\/comments?post=110295"}],"version-history":[{"count":6,"href":"https:\/\/jornaldasoficinas.com\/pt\/wp-json\/wp\/v2\/posts\/110295\/revisions"}],"predecessor-version":[{"id":110318,"href":"https:\/\/jornaldasoficinas.com\/pt\/wp-json\/wp\/v2\/posts\/110295\/revisions\/110318"}],"wp:featuredmedia":[{"embeddable":true,"href":"https:\/\/jornaldasoficinas.com\/pt\/wp-json\/wp\/v2\/media\/110315"}],"wp:attachment":[{"href":"https:\/\/jornaldasoficinas.com\/pt\/wp-json\/wp\/v2\/media?parent=110295"}],"wp:term":[{"taxonomy":"category","embeddable":true,"href":"https:\/\/jornaldasoficinas.com\/pt\/wp-json\/wp\/v2\/categories?post=110295"},{"taxonomy":"post_tag","embeddable":true,"href":"https:\/\/jornaldasoficinas.com\/pt\/wp-json\/wp\/v2\/tags?post=110295"}],"curies":[{"name":"wp","href":"https:\/\/api.w.org\/{rel}","templated":true}]}}