{"id":110319,"date":"2025-12-03T12:30:57","date_gmt":"2025-12-03T12:30:57","guid":{"rendered":"https:\/\/jornaldasoficinas.com\/pt\/?p=110319"},"modified":"2025-12-01T12:33:31","modified_gmt":"2025-12-01T12:33:31","slug":"mercado-automovel-europeu-desacelera-mas-espanha-lidera","status":"publish","type":"post","link":"https:\/\/jornaldasoficinas.com\/pt\/mercado-automovel-europeu-desacelera-mas-espanha-lidera\/","title":{"rendered":"Mercado autom\u00f3vel europeu desacelera, mas Espanha lidera"},"content":{"rendered":"<p><strong><img loading=\"lazy\" decoding=\"async\" class=\"alignnone size-full wp-image-110389\" src=\"https:\/\/jornaldasoficinas.com\/pt\/wp-content\/uploads\/2025\/11\/Mercado-automovel-europeu-desacelera-mas-Espanha-lidera.jpg\" alt=\"11 - Mercado automovel europeu desacelera mas Espanha lidera\" width=\"1024\" height=\"581\" srcset=\"https:\/\/jornaldasoficinas.com\/pt\/wp-content\/uploads\/2025\/11\/Mercado-automovel-europeu-desacelera-mas-Espanha-lidera.jpg 1024w, https:\/\/jornaldasoficinas.com\/pt\/wp-content\/uploads\/2025\/11\/Mercado-automovel-europeu-desacelera-mas-Espanha-lidera-300x170.jpg 300w, https:\/\/jornaldasoficinas.com\/pt\/wp-content\/uploads\/2025\/11\/Mercado-automovel-europeu-desacelera-mas-Espanha-lidera-150x85.jpg 150w, https:\/\/jornaldasoficinas.com\/pt\/wp-content\/uploads\/2025\/11\/Mercado-automovel-europeu-desacelera-mas-Espanha-lidera-768x436.jpg 768w\" sizes=\"auto, (max-width: 1024px) 100vw, 1024px\" \/><\/strong><\/p>\n<p><strong>Apesar do abrandamento geral do mercado autom\u00f3vel na <a href=\"https:\/\/european-union.europa.eu\/index_pt\" target=\"_blank\" rel=\"noopener\">Uni\u00e3o Europeia<\/a> em 2025, alguns pa\u00edses registaram subidas relevantes, com a Espanha a destacar-se como o mercado com melhor desempenho nos primeiros nove meses do ano<\/strong><\/p>\n<p>Entre janeiro e setembro, os registos de autom\u00f3veis novos de passageiros em Espanha cresceram 15%, o resultado mais elevado da Europa, de acordo com dados do Conselho Internacional de Transportes Limpos (ICCT). Este crescimento foi impulsionado pela prorroga\u00e7\u00e3o em 400 milh\u00f5es de euros do programa de incentivos <a href=\"https:\/\/clean-energy-islands.ec.europa.eu\/countries\/spain\/legal\/transport-support\/subsidy-moves-iii-programme\" target=\"_blank\" rel=\"noopener\">Moves III<\/a>, destinado \u00e0 promo\u00e7\u00e3o da mobilidade el\u00e9trica.<\/p>\n<p>O programa, em vigor at\u00e9 ao final de 2025, j\u00e1 mobilizou mais de 1,3 mil milh\u00f5es de euros ao longo dos \u00faltimos quatro anos, apoiando n\u00e3o s\u00f3 a aquisi\u00e7\u00e3o de ve\u00edculos el\u00e9tricos como tamb\u00e9m a instala\u00e7\u00e3o de mais de 100 mil pontos de carregamento em todo o territ\u00f3rio espanhol.<\/p>\n<p>A \u00c1ustria apresentou tamb\u00e9m um desempenho positivo, com um aumento de 12% nas vendas no mesmo per\u00edodo. No entanto, segundo os especialistas, cerca de 70% do crescimento nos ve\u00edculos 100% el\u00e9tricos resultou de compras por frotas empresariais, o que poder\u00e1 tornar esta tend\u00eancia inst\u00e1vel, j\u00e1 que depende dos ciclos de renova\u00e7\u00e3o das empresas.<\/p>\n<p>Tal como refere a\u00a0<a href=\"https:\/\/www.euronews.com\/business\/2025\/09\/17\/which-european-country-offers-the-most-government-subsidies-to-buy-evs\" target=\"_blank\" rel=\"noopener\">Euronews Business<\/a>, a decis\u00e3o da \u00c1ustria de reduzir os incentivos aos particulares para a compra de ve\u00edculos el\u00e9tricos a bateria poder\u00e1 igualmente contribuir para uma desacelera\u00e7\u00e3o da procura nos pr\u00f3ximos meses.<\/p>\n<p><strong>Desempenho fraco em grande parte da Europa<\/strong><\/p>\n<p>De forma global, 2025 tem sido um ano modesto para o mercado autom\u00f3vel europeu. Nos primeiros nove meses do ano, as matr\u00edculas de ve\u00edculos ligeiros cresceram apenas 1% face ao mesmo per\u00edodo de 2024, segundo o ICCT. No total, foram vendidos pouco mais de 8,2 milh\u00f5es de autom\u00f3veis em pa\u00edses da UE e tamb\u00e9m em mercados associados, como Isl\u00e2ndia, Liechtenstein e Noruega.<\/p>\n<p>As vendas registaram quedas na B\u00e9lgica (-9%), Fran\u00e7a (-6%) e It\u00e1lia (-3%), enquanto a Alemanha manteve-se estagnada (0%).<\/p>\n<p><strong>Pol\u00edticas industriais podem inverter a tend\u00eancia<\/strong><\/p>\n<p>Apesar do cen\u00e1rio geral pouco din\u00e2mico, os analistas do <a href=\"https:\/\/www.delorscentre.eu\/en\/publications\/detail\/publication\/europes-car-industry-in-transition\" target=\"_blank\" rel=\"noopener\">Centro Jacques Delors<\/a> consideram que a ind\u00fastria autom\u00f3vel europeia tem margem para recupera\u00e7\u00e3o: &#8220;As recentes iniciativas nacionais demonstram que pol\u00edticas industriais bem concebidas podem atrair investimentos, revitalizar clusters de produ\u00e7\u00e3o antigos e construir novas cadeias de valor de VEB&#8221;.<\/p>\n<p>Segundo o instituto, o principal entrave continua a ser a inexist\u00eancia de uma abordagem coordenada \u00e0 escala europeia: &#8220;O que falta \u00e9 uma estrat\u00e9gia europeia coordenada para transformar esfor\u00e7os at\u00e9 agora d\u00edspares numa competitividade coletiva e duradoura&#8221;.<\/p>\n<p>Os analistas alertam tamb\u00e9m para uma leitura simplista das dificuldades enfrentadas pela transi\u00e7\u00e3o para os ve\u00edculos el\u00e9tricos: &#8220;Atribuir o atraso na transi\u00e7\u00e3o para os VEB apenas aos consumidores relutantes simplifica demasiado o problema, ocultando barreiras mais acion\u00e1veis \u00e0 ado\u00e7\u00e3o &#8211; principalmente pr\u00e9mios de pre\u00e7o persistentes em rela\u00e7\u00e3o aos ve\u00edculos ICE e sinais pol\u00edticos err\u00e1ticos&#8221;.<\/p>\n","protected":false},"excerpt":{"rendered":"<p>Apesar do abrandamento geral do mercado&#8230;<\/p>\n","protected":false},"author":15,"featured_media":110389,"comment_status":"closed","ping_status":"closed","sticky":false,"template":"","format":"standard","meta":{"footnotes":""},"categories":[37],"tags":[14114,308,1421,14115,14116,1819],"class_list":["post-110319","post","type-post","status-publish","format-standard","has-post-thumbnail","hentry","category-mercado","tag-abrandamento-geral","tag-mercado-automovel","tag-mobilidade-eletrica","tag-moves-lll","tag-programa-de-incentivos","tag-uniao-europeia"],"yoast_head":"<!-- This site is optimized with the Yoast SEO plugin v27.4 - https:\/\/yoast.com\/product\/yoast-seo-wordpress\/ -->\n<title>Mercado autom\u00f3vel europeu desacelera, mas Espanha lidera - Jornal das Oficinas<\/title>\n<meta name=\"description\" content=\"Apesar do abrandamento geral do mercado autom\u00f3vel na UE em 2025, alguns pa\u00edses registaram subidas relevantes, com a Espanha a destacar-se\" \/>\n<meta name=\"robots\" content=\"index, follow, max-snippet:-1, max-image-preview:large, max-video-preview:-1\" \/>\n<link rel=\"canonical\" href=\"https:\/\/jornaldasoficinas.com\/pt\/mercado-automovel-europeu-desacelera-mas-espanha-lidera\/\" \/>\n<meta property=\"og:locale\" content=\"pt_PT\" \/>\n<meta property=\"og:type\" content=\"article\" \/>\n<meta property=\"og:title\" content=\"Mercado autom\u00f3vel europeu desacelera, mas Espanha lidera - Jornal das Oficinas\" \/>\n<meta property=\"og:description\" content=\"Apesar do abrandamento geral do mercado autom\u00f3vel na UE em 2025, alguns pa\u00edses registaram subidas relevantes, com a Espanha a destacar-se\" \/>\n<meta property=\"og:url\" content=\"https:\/\/jornaldasoficinas.com\/pt\/mercado-automovel-europeu-desacelera-mas-espanha-lidera\/\" \/>\n<meta property=\"og:site_name\" content=\"Jornal das Oficinas\" \/>\n<meta property=\"article:publisher\" content=\"https:\/\/www.facebook.com\/jornaloficinas\" \/>\n<meta property=\"article:published_time\" content=\"2025-12-03T12:30:57+00:00\" \/>\n<meta property=\"og:image\" content=\"https:\/\/jornaldasoficinas.com\/pt\/wp-content\/uploads\/2025\/11\/Mercado-automovel-europeu-desacelera-mas-Espanha-lidera.jpg\" \/>\n\t<meta property=\"og:image:width\" content=\"1024\" \/>\n\t<meta property=\"og:image:height\" content=\"581\" \/>\n\t<meta property=\"og:image:type\" content=\"image\/jpeg\" \/>\n<meta name=\"author\" content=\"Reda\u00e7\u00e3o JO\" \/>\n<meta name=\"twitter:card\" content=\"summary_large_image\" \/>\n<meta name=\"twitter:creator\" content=\"@jornaloficinas\" \/>\n<meta name=\"twitter:site\" content=\"@jornaloficinas\" \/>\n<meta name=\"twitter:label1\" content=\"Escrito por\" \/>\n\t<meta name=\"twitter:data1\" content=\"Reda\u00e7\u00e3o JO\" \/>\n\t<meta name=\"twitter:label2\" content=\"Tempo estimado de leitura\" \/>\n\t<meta name=\"twitter:data2\" content=\"3 minutos\" \/>\n<script type=\"application\/ld+json\" class=\"yoast-schema-graph\">{\"@context\":\"https:\\\/\\\/schema.org\",\"@graph\":[{\"@type\":\"Article\",\"@id\":\"https:\\\/\\\/jornaldasoficinas.com\\\/pt\\\/mercado-automovel-europeu-desacelera-mas-espanha-lidera\\\/#article\",\"isPartOf\":{\"@id\":\"https:\\\/\\\/jornaldasoficinas.com\\\/pt\\\/mercado-automovel-europeu-desacelera-mas-espanha-lidera\\\/\"},\"author\":{\"name\":\"Reda\u00e7\u00e3o JO\",\"@id\":\"https:\\\/\\\/jornaldasoficinas.com\\\/pt\\\/#\\\/schema\\\/person\\\/a38eef5de2c41d9e7c9ac10141afddf3\"},\"headline\":\"Mercado autom\u00f3vel europeu desacelera, mas Espanha lidera\",\"datePublished\":\"2025-12-03T12:30:57+00:00\",\"mainEntityOfPage\":{\"@id\":\"https:\\\/\\\/jornaldasoficinas.com\\\/pt\\\/mercado-automovel-europeu-desacelera-mas-espanha-lidera\\\/\"},\"wordCount\":514,\"publisher\":{\"@id\":\"https:\\\/\\\/jornaldasoficinas.com\\\/pt\\\/#organization\"},\"image\":{\"@id\":\"https:\\\/\\\/jornaldasoficinas.com\\\/pt\\\/mercado-automovel-europeu-desacelera-mas-espanha-lidera\\\/#primaryimage\"},\"thumbnailUrl\":\"https:\\\/\\\/jornaldasoficinas.com\\\/pt\\\/wp-content\\\/uploads\\\/2025\\\/11\\\/Mercado-automovel-europeu-desacelera-mas-Espanha-lidera.jpg\",\"keywords\":[\"abrandamento geral\",\"Mercado Autom\u00f3vel\",\"Mobilidade el\u00e9trica\",\"Moves lll\",\"programa de incentivos\",\"Uni\u00e3o Europeia\"],\"articleSection\":[\"Mercado\"],\"inLanguage\":\"pt-PT\"},{\"@type\":\"WebPage\",\"@id\":\"https:\\\/\\\/jornaldasoficinas.com\\\/pt\\\/mercado-automovel-europeu-desacelera-mas-espanha-lidera\\\/\",\"url\":\"https:\\\/\\\/jornaldasoficinas.com\\\/pt\\\/mercado-automovel-europeu-desacelera-mas-espanha-lidera\\\/\",\"name\":\"Mercado autom\u00f3vel europeu desacelera, mas Espanha lidera - Jornal das Oficinas\",\"isPartOf\":{\"@id\":\"https:\\\/\\\/jornaldasoficinas.com\\\/pt\\\/#website\"},\"primaryImageOfPage\":{\"@id\":\"https:\\\/\\\/jornaldasoficinas.com\\\/pt\\\/mercado-automovel-europeu-desacelera-mas-espanha-lidera\\\/#primaryimage\"},\"image\":{\"@id\":\"https:\\\/\\\/jornaldasoficinas.com\\\/pt\\\/mercado-automovel-europeu-desacelera-mas-espanha-lidera\\\/#primaryimage\"},\"thumbnailUrl\":\"https:\\\/\\\/jornaldasoficinas.com\\\/pt\\\/wp-content\\\/uploads\\\/2025\\\/11\\\/Mercado-automovel-europeu-desacelera-mas-Espanha-lidera.jpg\",\"datePublished\":\"2025-12-03T12:30:57+00:00\",\"description\":\"Apesar do abrandamento geral do mercado autom\u00f3vel na UE em 2025, alguns pa\u00edses registaram subidas relevantes, com a Espanha a destacar-se\",\"breadcrumb\":{\"@id\":\"https:\\\/\\\/jornaldasoficinas.com\\\/pt\\\/mercado-automovel-europeu-desacelera-mas-espanha-lidera\\\/#breadcrumb\"},\"inLanguage\":\"pt-PT\",\"potentialAction\":[{\"@type\":\"ReadAction\",\"target\":[\"https:\\\/\\\/jornaldasoficinas.com\\\/pt\\\/mercado-automovel-europeu-desacelera-mas-espanha-lidera\\\/\"]}]},{\"@type\":\"ImageObject\",\"inLanguage\":\"pt-PT\",\"@id\":\"https:\\\/\\\/jornaldasoficinas.com\\\/pt\\\/mercado-automovel-europeu-desacelera-mas-espanha-lidera\\\/#primaryimage\",\"url\":\"https:\\\/\\\/jornaldasoficinas.com\\\/pt\\\/wp-content\\\/uploads\\\/2025\\\/11\\\/Mercado-automovel-europeu-desacelera-mas-Espanha-lidera.jpg\",\"contentUrl\":\"https:\\\/\\\/jornaldasoficinas.com\\\/pt\\\/wp-content\\\/uploads\\\/2025\\\/11\\\/Mercado-automovel-europeu-desacelera-mas-Espanha-lidera.jpg\",\"width\":1024,\"height\":581,\"caption\":\"11 - Mercado automovel europeu desacelera mas Espanha lidera\"},{\"@type\":\"BreadcrumbList\",\"@id\":\"https:\\\/\\\/jornaldasoficinas.com\\\/pt\\\/mercado-automovel-europeu-desacelera-mas-espanha-lidera\\\/#breadcrumb\",\"itemListElement\":[{\"@type\":\"ListItem\",\"position\":1,\"name\":\"In\u00edcio\",\"item\":\"https:\\\/\\\/jornaldasoficinas.com\\\/pt\\\/\"},{\"@type\":\"ListItem\",\"position\":2,\"name\":\"Mercado autom\u00f3vel europeu desacelera, mas Espanha lidera\"}]},{\"@type\":\"WebSite\",\"@id\":\"https:\\\/\\\/jornaldasoficinas.com\\\/pt\\\/#website\",\"url\":\"https:\\\/\\\/jornaldasoficinas.com\\\/pt\\\/\",\"name\":\"Jornal das Oficinas\",\"description\":\"Jornal independente do Aftermarket Autom\u00f3vel em Portugal\",\"publisher\":{\"@id\":\"https:\\\/\\\/jornaldasoficinas.com\\\/pt\\\/#organization\"},\"potentialAction\":[{\"@type\":\"SearchAction\",\"target\":{\"@type\":\"EntryPoint\",\"urlTemplate\":\"https:\\\/\\\/jornaldasoficinas.com\\\/pt\\\/?s={search_term_string}\"},\"query-input\":{\"@type\":\"PropertyValueSpecification\",\"valueRequired\":true,\"valueName\":\"search_term_string\"}}],\"inLanguage\":\"pt-PT\"},{\"@type\":\"Organization\",\"@id\":\"https:\\\/\\\/jornaldasoficinas.com\\\/pt\\\/#organization\",\"name\":\"Jornal das Oficinas\",\"url\":\"https:\\\/\\\/jornaldasoficinas.com\\\/pt\\\/\",\"logo\":{\"@type\":\"ImageObject\",\"inLanguage\":\"pt-PT\",\"@id\":\"https:\\\/\\\/jornaldasoficinas.com\\\/pt\\\/#\\\/schema\\\/logo\\\/image\\\/\",\"url\":\"https:\\\/\\\/jornaldasoficinas.com\\\/pt\\\/wp-content\\\/uploads\\\/logoJO-SEO.png\",\"contentUrl\":\"https:\\\/\\\/jornaldasoficinas.com\\\/pt\\\/wp-content\\\/uploads\\\/logoJO-SEO.png\",\"width\":285,\"height\":450,\"caption\":\"Jornal das Oficinas\"},\"image\":{\"@id\":\"https:\\\/\\\/jornaldasoficinas.com\\\/pt\\\/#\\\/schema\\\/logo\\\/image\\\/\"},\"sameAs\":[\"https:\\\/\\\/www.facebook.com\\\/jornaloficinas\",\"https:\\\/\\\/x.com\\\/jornaloficinas\",\"https:\\\/\\\/www.instagram.com\\\/jornal_oficinas\\\/\",\"https:\\\/\\\/www.linkedin.com\\\/company\\\/jornal-das-oficinas\\\/\",\"https:\\\/\\\/www.youtube.com\\\/channel\\\/UCbQZBqtcvV-oSQrr7RzINGg\"]},{\"@type\":\"Person\",\"@id\":\"https:\\\/\\\/jornaldasoficinas.com\\\/pt\\\/#\\\/schema\\\/person\\\/a38eef5de2c41d9e7c9ac10141afddf3\",\"name\":\"Reda\u00e7\u00e3o JO\",\"image\":{\"@type\":\"ImageObject\",\"inLanguage\":\"pt-PT\",\"@id\":\"https:\\\/\\\/secure.gravatar.com\\\/avatar\\\/71f2fa71737ad68a84fea94bc708ddac8ea5b0c4788dc2ad202f3ccb2887742f?s=96&d=wp_user_avatar&r=g\",\"url\":\"https:\\\/\\\/secure.gravatar.com\\\/avatar\\\/71f2fa71737ad68a84fea94bc708ddac8ea5b0c4788dc2ad202f3ccb2887742f?s=96&d=wp_user_avatar&r=g\",\"contentUrl\":\"https:\\\/\\\/secure.gravatar.com\\\/avatar\\\/71f2fa71737ad68a84fea94bc708ddac8ea5b0c4788dc2ad202f3ccb2887742f?s=96&d=wp_user_avatar&r=g\",\"caption\":\"Reda\u00e7\u00e3o JO\"},\"url\":\"https:\\\/\\\/jornaldasoficinas.com\\\/pt\\\/author\\\/joredacao\\\/\"}]}<\/script>\n<!-- \/ Yoast SEO plugin. -->","yoast_head_json":{"title":"Mercado autom\u00f3vel europeu desacelera, mas Espanha lidera - Jornal das Oficinas","description":"Apesar do abrandamento geral do mercado autom\u00f3vel na UE em 2025, alguns pa\u00edses registaram subidas relevantes, com a Espanha a destacar-se","robots":{"index":"index","follow":"follow","max-snippet":"max-snippet:-1","max-image-preview":"max-image-preview:large","max-video-preview":"max-video-preview:-1"},"canonical":"https:\/\/jornaldasoficinas.com\/pt\/mercado-automovel-europeu-desacelera-mas-espanha-lidera\/","og_locale":"pt_PT","og_type":"article","og_title":"Mercado autom\u00f3vel europeu desacelera, mas Espanha lidera - Jornal das Oficinas","og_description":"Apesar do abrandamento geral do mercado autom\u00f3vel na UE em 2025, alguns pa\u00edses registaram subidas relevantes, com a Espanha a destacar-se","og_url":"https:\/\/jornaldasoficinas.com\/pt\/mercado-automovel-europeu-desacelera-mas-espanha-lidera\/","og_site_name":"Jornal das Oficinas","article_publisher":"https:\/\/www.facebook.com\/jornaloficinas","article_published_time":"2025-12-03T12:30:57+00:00","og_image":[{"width":1024,"height":581,"url":"https:\/\/jornaldasoficinas.com\/pt\/wp-content\/uploads\/2025\/11\/Mercado-automovel-europeu-desacelera-mas-Espanha-lidera.jpg","type":"image\/jpeg"}],"author":"Reda\u00e7\u00e3o JO","twitter_card":"summary_large_image","twitter_creator":"@jornaloficinas","twitter_site":"@jornaloficinas","twitter_misc":{"Escrito por":"Reda\u00e7\u00e3o JO","Tempo estimado de leitura":"3 minutos"},"schema":{"@context":"https:\/\/schema.org","@graph":[{"@type":"Article","@id":"https:\/\/jornaldasoficinas.com\/pt\/mercado-automovel-europeu-desacelera-mas-espanha-lidera\/#article","isPartOf":{"@id":"https:\/\/jornaldasoficinas.com\/pt\/mercado-automovel-europeu-desacelera-mas-espanha-lidera\/"},"author":{"name":"Reda\u00e7\u00e3o JO","@id":"https:\/\/jornaldasoficinas.com\/pt\/#\/schema\/person\/a38eef5de2c41d9e7c9ac10141afddf3"},"headline":"Mercado autom\u00f3vel europeu desacelera, mas Espanha lidera","datePublished":"2025-12-03T12:30:57+00:00","mainEntityOfPage":{"@id":"https:\/\/jornaldasoficinas.com\/pt\/mercado-automovel-europeu-desacelera-mas-espanha-lidera\/"},"wordCount":514,"publisher":{"@id":"https:\/\/jornaldasoficinas.com\/pt\/#organization"},"image":{"@id":"https:\/\/jornaldasoficinas.com\/pt\/mercado-automovel-europeu-desacelera-mas-espanha-lidera\/#primaryimage"},"thumbnailUrl":"https:\/\/jornaldasoficinas.com\/pt\/wp-content\/uploads\/2025\/11\/Mercado-automovel-europeu-desacelera-mas-Espanha-lidera.jpg","keywords":["abrandamento geral","Mercado Autom\u00f3vel","Mobilidade el\u00e9trica","Moves lll","programa de incentivos","Uni\u00e3o Europeia"],"articleSection":["Mercado"],"inLanguage":"pt-PT"},{"@type":"WebPage","@id":"https:\/\/jornaldasoficinas.com\/pt\/mercado-automovel-europeu-desacelera-mas-espanha-lidera\/","url":"https:\/\/jornaldasoficinas.com\/pt\/mercado-automovel-europeu-desacelera-mas-espanha-lidera\/","name":"Mercado autom\u00f3vel europeu desacelera, mas Espanha lidera - Jornal das Oficinas","isPartOf":{"@id":"https:\/\/jornaldasoficinas.com\/pt\/#website"},"primaryImageOfPage":{"@id":"https:\/\/jornaldasoficinas.com\/pt\/mercado-automovel-europeu-desacelera-mas-espanha-lidera\/#primaryimage"},"image":{"@id":"https:\/\/jornaldasoficinas.com\/pt\/mercado-automovel-europeu-desacelera-mas-espanha-lidera\/#primaryimage"},"thumbnailUrl":"https:\/\/jornaldasoficinas.com\/pt\/wp-content\/uploads\/2025\/11\/Mercado-automovel-europeu-desacelera-mas-Espanha-lidera.jpg","datePublished":"2025-12-03T12:30:57+00:00","description":"Apesar do abrandamento geral do mercado autom\u00f3vel na UE em 2025, alguns pa\u00edses registaram subidas relevantes, com a Espanha a destacar-se","breadcrumb":{"@id":"https:\/\/jornaldasoficinas.com\/pt\/mercado-automovel-europeu-desacelera-mas-espanha-lidera\/#breadcrumb"},"inLanguage":"pt-PT","potentialAction":[{"@type":"ReadAction","target":["https:\/\/jornaldasoficinas.com\/pt\/mercado-automovel-europeu-desacelera-mas-espanha-lidera\/"]}]},{"@type":"ImageObject","inLanguage":"pt-PT","@id":"https:\/\/jornaldasoficinas.com\/pt\/mercado-automovel-europeu-desacelera-mas-espanha-lidera\/#primaryimage","url":"https:\/\/jornaldasoficinas.com\/pt\/wp-content\/uploads\/2025\/11\/Mercado-automovel-europeu-desacelera-mas-Espanha-lidera.jpg","contentUrl":"https:\/\/jornaldasoficinas.com\/pt\/wp-content\/uploads\/2025\/11\/Mercado-automovel-europeu-desacelera-mas-Espanha-lidera.jpg","width":1024,"height":581,"caption":"11 - Mercado automovel europeu desacelera mas Espanha lidera"},{"@type":"BreadcrumbList","@id":"https:\/\/jornaldasoficinas.com\/pt\/mercado-automovel-europeu-desacelera-mas-espanha-lidera\/#breadcrumb","itemListElement":[{"@type":"ListItem","position":1,"name":"In\u00edcio","item":"https:\/\/jornaldasoficinas.com\/pt\/"},{"@type":"ListItem","position":2,"name":"Mercado autom\u00f3vel europeu desacelera, mas Espanha lidera"}]},{"@type":"WebSite","@id":"https:\/\/jornaldasoficinas.com\/pt\/#website","url":"https:\/\/jornaldasoficinas.com\/pt\/","name":"Jornal das Oficinas","description":"Jornal independente do Aftermarket Autom\u00f3vel em Portugal","publisher":{"@id":"https:\/\/jornaldasoficinas.com\/pt\/#organization"},"potentialAction":[{"@type":"SearchAction","target":{"@type":"EntryPoint","urlTemplate":"https:\/\/jornaldasoficinas.com\/pt\/?s={search_term_string}"},"query-input":{"@type":"PropertyValueSpecification","valueRequired":true,"valueName":"search_term_string"}}],"inLanguage":"pt-PT"},{"@type":"Organization","@id":"https:\/\/jornaldasoficinas.com\/pt\/#organization","name":"Jornal das Oficinas","url":"https:\/\/jornaldasoficinas.com\/pt\/","logo":{"@type":"ImageObject","inLanguage":"pt-PT","@id":"https:\/\/jornaldasoficinas.com\/pt\/#\/schema\/logo\/image\/","url":"https:\/\/jornaldasoficinas.com\/pt\/wp-content\/uploads\/logoJO-SEO.png","contentUrl":"https:\/\/jornaldasoficinas.com\/pt\/wp-content\/uploads\/logoJO-SEO.png","width":285,"height":450,"caption":"Jornal das Oficinas"},"image":{"@id":"https:\/\/jornaldasoficinas.com\/pt\/#\/schema\/logo\/image\/"},"sameAs":["https:\/\/www.facebook.com\/jornaloficinas","https:\/\/x.com\/jornaloficinas","https:\/\/www.instagram.com\/jornal_oficinas\/","https:\/\/www.linkedin.com\/company\/jornal-das-oficinas\/","https:\/\/www.youtube.com\/channel\/UCbQZBqtcvV-oSQrr7RzINGg"]},{"@type":"Person","@id":"https:\/\/jornaldasoficinas.com\/pt\/#\/schema\/person\/a38eef5de2c41d9e7c9ac10141afddf3","name":"Reda\u00e7\u00e3o JO","image":{"@type":"ImageObject","inLanguage":"pt-PT","@id":"https:\/\/secure.gravatar.com\/avatar\/71f2fa71737ad68a84fea94bc708ddac8ea5b0c4788dc2ad202f3ccb2887742f?s=96&d=wp_user_avatar&r=g","url":"https:\/\/secure.gravatar.com\/avatar\/71f2fa71737ad68a84fea94bc708ddac8ea5b0c4788dc2ad202f3ccb2887742f?s=96&d=wp_user_avatar&r=g","contentUrl":"https:\/\/secure.gravatar.com\/avatar\/71f2fa71737ad68a84fea94bc708ddac8ea5b0c4788dc2ad202f3ccb2887742f?s=96&d=wp_user_avatar&r=g","caption":"Reda\u00e7\u00e3o JO"},"url":"https:\/\/jornaldasoficinas.com\/pt\/author\/joredacao\/"}]}},"_links":{"self":[{"href":"https:\/\/jornaldasoficinas.com\/pt\/wp-json\/wp\/v2\/posts\/110319","targetHints":{"allow":["GET"]}}],"collection":[{"href":"https:\/\/jornaldasoficinas.com\/pt\/wp-json\/wp\/v2\/posts"}],"about":[{"href":"https:\/\/jornaldasoficinas.com\/pt\/wp-json\/wp\/v2\/types\/post"}],"author":[{"embeddable":true,"href":"https:\/\/jornaldasoficinas.com\/pt\/wp-json\/wp\/v2\/users\/15"}],"replies":[{"embeddable":true,"href":"https:\/\/jornaldasoficinas.com\/pt\/wp-json\/wp\/v2\/comments?post=110319"}],"version-history":[{"count":4,"href":"https:\/\/jornaldasoficinas.com\/pt\/wp-json\/wp\/v2\/posts\/110319\/revisions"}],"predecessor-version":[{"id":110390,"href":"https:\/\/jornaldasoficinas.com\/pt\/wp-json\/wp\/v2\/posts\/110319\/revisions\/110390"}],"wp:featuredmedia":[{"embeddable":true,"href":"https:\/\/jornaldasoficinas.com\/pt\/wp-json\/wp\/v2\/media\/110389"}],"wp:attachment":[{"href":"https:\/\/jornaldasoficinas.com\/pt\/wp-json\/wp\/v2\/media?parent=110319"}],"wp:term":[{"taxonomy":"category","embeddable":true,"href":"https:\/\/jornaldasoficinas.com\/pt\/wp-json\/wp\/v2\/categories?post=110319"},{"taxonomy":"post_tag","embeddable":true,"href":"https:\/\/jornaldasoficinas.com\/pt\/wp-json\/wp\/v2\/tags?post=110319"}],"curies":[{"name":"wp","href":"https:\/\/api.w.org\/{rel}","templated":true}]}}