{"id":110482,"date":"2025-12-05T18:00:02","date_gmt":"2025-12-05T18:00:02","guid":{"rendered":"https:\/\/jornaldasoficinas.com\/pt\/?p=110482"},"modified":"2025-12-04T18:41:22","modified_gmt":"2025-12-04T18:41:22","slug":"midas-expande-presenca-no-minho","status":"publish","type":"post","link":"https:\/\/jornaldasoficinas.com\/pt\/midas-expande-presenca-no-minho\/","title":{"rendered":"Midas expande presen\u00e7a no Minho"},"content":{"rendered":"<p style=\"font-weight: 400;\"><a href=\"https:\/\/www.midas.pt\"><img loading=\"lazy\" decoding=\"async\" class=\"alignnone size-full wp-image-110490\" src=\"https:\/\/jornaldasoficinas.com\/pt\/wp-content\/uploads\/2025\/12\/Midas-expande.jpg\" alt=\"12 - Midas expande\" width=\"1024\" height=\"581\" srcset=\"https:\/\/jornaldasoficinas.com\/pt\/wp-content\/uploads\/2025\/12\/Midas-expande.jpg 1024w, https:\/\/jornaldasoficinas.com\/pt\/wp-content\/uploads\/2025\/12\/Midas-expande-300x170.jpg 300w, https:\/\/jornaldasoficinas.com\/pt\/wp-content\/uploads\/2025\/12\/Midas-expande-150x85.jpg 150w, https:\/\/jornaldasoficinas.com\/pt\/wp-content\/uploads\/2025\/12\/Midas-expande-768x436.jpg 768w\" sizes=\"auto, (max-width: 1024px) 100vw, 1024px\" \/><\/a><\/p>\n<p style=\"font-weight: 400;\"><a href=\"https:\/\/www.midas.pt\">Midas<\/a> assina contrato para 2\u00aa oficina na cidade de Guimar\u00e3es, a 33\u00aa da rede e expande a sua presen\u00e7a no Minho, com assinatura da 18\u00aa oficina franqueada. O <a href=\"https:\/\/www.google.com\/url?sa=t&amp;source=web&amp;rct=j&amp;opi=89978449&amp;url=https:\/\/www.maintarget.pt\/&amp;ved=2ahUKEwjouKq5wKSRAxW3UKQEHY5LAwQQFnoECEIQAQ&amp;usg=AOvVaw1ZMmHgsx1ta2JlYLZHeK-Y\">Grupo Maintarget<\/a> reafirma a confian\u00e7a na marca, com a sua 5\u00aa unidade em dois anos<\/p>\n<p style=\"font-weight: 400;\">Ap\u00f3s conquistar o Selo de Excel\u00eancia em Franchising 2025, a Midas refor\u00e7a a sua posi\u00e7\u00e3o como refer\u00eancia n\u00e3o apenas na manuten\u00e7\u00e3o autom\u00f3vel multimarca, mas tamb\u00e9m no panorama do franchising em Portugal. Com 32 oficinas no pa\u00eds, 16 j\u00e1 em regime de franquia, a assinatura para a abertura da segunda unidade franqueada em Guimar\u00e3es surge como prova clara da confian\u00e7a que a marca continua a gerar entre os seus parceiros.<\/p>\n<p style=\"font-weight: 400;\">A assinatura para esta nova oficina Midas, que ser\u00e1 a 5.\u00aa a cargo da Maintarget em apenas dois anos, teve lugar no passado dia 23 de novembro, contando com a presen\u00e7a das equipas deste grupo empresarial vimaranense e do Master Franchiser da Midas Portugal.<\/p>\n<p style=\"font-weight: 400;\">Miguel Silva, COO da MIDAS Portugal, considera esta abertura um passo importante na estrat\u00e9gia de crescimento da marca: \u201cEsta unidade demonstra a for\u00e7a e a credibilidade da MIDAS no setor. Quando um parceiro inaugura quatro oficinas em menos de tr\u00eas anos, fica claro que oferecemos um franchising competitivo, sustentado por um modelo de neg\u00f3cio robusto e rent\u00e1vel. Guimar\u00e3es \u00e9 uma localiza\u00e7\u00e3o essencial para refor\u00e7armos a presen\u00e7a no Minho e continuarmos a garantir um servi\u00e7o de excel\u00eancia aos condutores da regi\u00e3o.\u201d<\/p>\n<p style=\"font-weight: 400;\">Por sua vez, Carlos Silva, representante da Mainstation, empresa integrante do Grupo Maintarget, sublinha os resultados alcan\u00e7ados e o impulso para continuar: \u201cTemos toda a confian\u00e7a na MIDAS. O crescimento das nossas oficinas comprova que o modelo \u00e9 eficaz, que os clientes reconhecem a qualidade do servi\u00e7o e que ainda existe muito potencial por explorar. Estamos preparados para mais este desafio.\u201d<\/p>\n","protected":false},"excerpt":{"rendered":"<p>Midas assina contrato para 2\u00aa oficina&#8230;<\/p>\n","protected":false},"author":15,"featured_media":110490,"comment_status":"closed","ping_status":"closed","sticky":false,"template":"","format":"standard","meta":{"footnotes":""},"categories":[29],"tags":[14146,14145,3732,7008,939,5583],"class_list":["post-110482","post","type-post","status-publish","format-standard","has-post-thumbnail","hentry","category-empresas","tag-18a-oficina-franqueada","tag-33a-da-rede","tag-grupo-maintarget","tag-guimaraes","tag-midas","tag-minho"],"yoast_head":"<!-- This site is optimized with the Yoast SEO plugin v27.4 - https:\/\/yoast.com\/product\/yoast-seo-wordpress\/ -->\n<title>Midas expande presen\u00e7a no Minho - Jornal das Oficinas<\/title>\n<meta name=\"description\" content=\"Midas assina contrato para 2\u00aa oficina na cidade de Guimar\u00e3es, a 33\u00aa da rede e expande a sua presen\u00e7a no Minho\" \/>\n<meta name=\"robots\" content=\"index, follow, max-snippet:-1, max-image-preview:large, max-video-preview:-1\" \/>\n<link rel=\"canonical\" href=\"https:\/\/jornaldasoficinas.com\/pt\/midas-expande-presenca-no-minho\/\" \/>\n<meta property=\"og:locale\" content=\"pt_PT\" \/>\n<meta property=\"og:type\" content=\"article\" \/>\n<meta property=\"og:title\" content=\"Midas expande presen\u00e7a no Minho - Jornal das Oficinas\" \/>\n<meta property=\"og:description\" content=\"Midas assina contrato para 2\u00aa oficina na cidade de Guimar\u00e3es, a 33\u00aa da rede e expande a sua presen\u00e7a no Minho\" \/>\n<meta property=\"og:url\" content=\"https:\/\/jornaldasoficinas.com\/pt\/midas-expande-presenca-no-minho\/\" \/>\n<meta property=\"og:site_name\" content=\"Jornal das Oficinas\" \/>\n<meta property=\"article:publisher\" content=\"https:\/\/www.facebook.com\/jornaloficinas\" \/>\n<meta property=\"article:published_time\" content=\"2025-12-05T18:00:02+00:00\" \/>\n<meta property=\"og:image\" content=\"https:\/\/jornaldasoficinas.com\/pt\/wp-content\/uploads\/2025\/12\/Midas-expande.jpg\" \/>\n\t<meta property=\"og:image:width\" content=\"1024\" \/>\n\t<meta property=\"og:image:height\" content=\"581\" \/>\n\t<meta property=\"og:image:type\" content=\"image\/jpeg\" \/>\n<meta name=\"author\" content=\"Reda\u00e7\u00e3o JO\" \/>\n<meta name=\"twitter:card\" content=\"summary_large_image\" \/>\n<meta name=\"twitter:creator\" content=\"@jornaloficinas\" \/>\n<meta name=\"twitter:site\" content=\"@jornaloficinas\" \/>\n<meta name=\"twitter:label1\" content=\"Escrito por\" \/>\n\t<meta name=\"twitter:data1\" content=\"Reda\u00e7\u00e3o JO\" \/>\n\t<meta name=\"twitter:label2\" content=\"Tempo estimado de leitura\" \/>\n\t<meta name=\"twitter:data2\" content=\"2 minutos\" \/>\n<script type=\"application\/ld+json\" class=\"yoast-schema-graph\">{\"@context\":\"https:\\\/\\\/schema.org\",\"@graph\":[{\"@type\":\"Article\",\"@id\":\"https:\\\/\\\/jornaldasoficinas.com\\\/pt\\\/midas-expande-presenca-no-minho\\\/#article\",\"isPartOf\":{\"@id\":\"https:\\\/\\\/jornaldasoficinas.com\\\/pt\\\/midas-expande-presenca-no-minho\\\/\"},\"author\":{\"name\":\"Reda\u00e7\u00e3o JO\",\"@id\":\"https:\\\/\\\/jornaldasoficinas.com\\\/pt\\\/#\\\/schema\\\/person\\\/a38eef5de2c41d9e7c9ac10141afddf3\"},\"headline\":\"Midas expande presen\u00e7a no Minho\",\"datePublished\":\"2025-12-05T18:00:02+00:00\",\"mainEntityOfPage\":{\"@id\":\"https:\\\/\\\/jornaldasoficinas.com\\\/pt\\\/midas-expande-presenca-no-minho\\\/\"},\"wordCount\":323,\"publisher\":{\"@id\":\"https:\\\/\\\/jornaldasoficinas.com\\\/pt\\\/#organization\"},\"image\":{\"@id\":\"https:\\\/\\\/jornaldasoficinas.com\\\/pt\\\/midas-expande-presenca-no-minho\\\/#primaryimage\"},\"thumbnailUrl\":\"https:\\\/\\\/jornaldasoficinas.com\\\/pt\\\/wp-content\\\/uploads\\\/2025\\\/12\\\/Midas-expande.jpg\",\"keywords\":[\"18\u00aa oficina franqueada\",\"33\u00aa da rede\",\"Grupo Maintarget\",\"Guimar\u00e3es\",\"Midas\",\"Minho\"],\"articleSection\":[\"Empresas\"],\"inLanguage\":\"pt-PT\"},{\"@type\":\"WebPage\",\"@id\":\"https:\\\/\\\/jornaldasoficinas.com\\\/pt\\\/midas-expande-presenca-no-minho\\\/\",\"url\":\"https:\\\/\\\/jornaldasoficinas.com\\\/pt\\\/midas-expande-presenca-no-minho\\\/\",\"name\":\"Midas expande presen\u00e7a no Minho - Jornal das Oficinas\",\"isPartOf\":{\"@id\":\"https:\\\/\\\/jornaldasoficinas.com\\\/pt\\\/#website\"},\"primaryImageOfPage\":{\"@id\":\"https:\\\/\\\/jornaldasoficinas.com\\\/pt\\\/midas-expande-presenca-no-minho\\\/#primaryimage\"},\"image\":{\"@id\":\"https:\\\/\\\/jornaldasoficinas.com\\\/pt\\\/midas-expande-presenca-no-minho\\\/#primaryimage\"},\"thumbnailUrl\":\"https:\\\/\\\/jornaldasoficinas.com\\\/pt\\\/wp-content\\\/uploads\\\/2025\\\/12\\\/Midas-expande.jpg\",\"datePublished\":\"2025-12-05T18:00:02+00:00\",\"description\":\"Midas assina contrato para 2\u00aa oficina na cidade de Guimar\u00e3es, a 33\u00aa da rede e expande a sua presen\u00e7a no Minho\",\"breadcrumb\":{\"@id\":\"https:\\\/\\\/jornaldasoficinas.com\\\/pt\\\/midas-expande-presenca-no-minho\\\/#breadcrumb\"},\"inLanguage\":\"pt-PT\",\"potentialAction\":[{\"@type\":\"ReadAction\",\"target\":[\"https:\\\/\\\/jornaldasoficinas.com\\\/pt\\\/midas-expande-presenca-no-minho\\\/\"]}]},{\"@type\":\"ImageObject\",\"inLanguage\":\"pt-PT\",\"@id\":\"https:\\\/\\\/jornaldasoficinas.com\\\/pt\\\/midas-expande-presenca-no-minho\\\/#primaryimage\",\"url\":\"https:\\\/\\\/jornaldasoficinas.com\\\/pt\\\/wp-content\\\/uploads\\\/2025\\\/12\\\/Midas-expande.jpg\",\"contentUrl\":\"https:\\\/\\\/jornaldasoficinas.com\\\/pt\\\/wp-content\\\/uploads\\\/2025\\\/12\\\/Midas-expande.jpg\",\"width\":1024,\"height\":581,\"caption\":\"12 - Midas expande\"},{\"@type\":\"BreadcrumbList\",\"@id\":\"https:\\\/\\\/jornaldasoficinas.com\\\/pt\\\/midas-expande-presenca-no-minho\\\/#breadcrumb\",\"itemListElement\":[{\"@type\":\"ListItem\",\"position\":1,\"name\":\"In\u00edcio\",\"item\":\"https:\\\/\\\/jornaldasoficinas.com\\\/pt\\\/\"},{\"@type\":\"ListItem\",\"position\":2,\"name\":\"Midas expande presen\u00e7a no Minho\"}]},{\"@type\":\"WebSite\",\"@id\":\"https:\\\/\\\/jornaldasoficinas.com\\\/pt\\\/#website\",\"url\":\"https:\\\/\\\/jornaldasoficinas.com\\\/pt\\\/\",\"name\":\"Jornal das Oficinas\",\"description\":\"Jornal independente do Aftermarket Autom\u00f3vel em Portugal\",\"publisher\":{\"@id\":\"https:\\\/\\\/jornaldasoficinas.com\\\/pt\\\/#organization\"},\"potentialAction\":[{\"@type\":\"SearchAction\",\"target\":{\"@type\":\"EntryPoint\",\"urlTemplate\":\"https:\\\/\\\/jornaldasoficinas.com\\\/pt\\\/?s={search_term_string}\"},\"query-input\":{\"@type\":\"PropertyValueSpecification\",\"valueRequired\":true,\"valueName\":\"search_term_string\"}}],\"inLanguage\":\"pt-PT\"},{\"@type\":\"Organization\",\"@id\":\"https:\\\/\\\/jornaldasoficinas.com\\\/pt\\\/#organization\",\"name\":\"Jornal das Oficinas\",\"url\":\"https:\\\/\\\/jornaldasoficinas.com\\\/pt\\\/\",\"logo\":{\"@type\":\"ImageObject\",\"inLanguage\":\"pt-PT\",\"@id\":\"https:\\\/\\\/jornaldasoficinas.com\\\/pt\\\/#\\\/schema\\\/logo\\\/image\\\/\",\"url\":\"https:\\\/\\\/jornaldasoficinas.com\\\/pt\\\/wp-content\\\/uploads\\\/logoJO-SEO.png\",\"contentUrl\":\"https:\\\/\\\/jornaldasoficinas.com\\\/pt\\\/wp-content\\\/uploads\\\/logoJO-SEO.png\",\"width\":285,\"height\":450,\"caption\":\"Jornal das Oficinas\"},\"image\":{\"@id\":\"https:\\\/\\\/jornaldasoficinas.com\\\/pt\\\/#\\\/schema\\\/logo\\\/image\\\/\"},\"sameAs\":[\"https:\\\/\\\/www.facebook.com\\\/jornaloficinas\",\"https:\\\/\\\/x.com\\\/jornaloficinas\",\"https:\\\/\\\/www.instagram.com\\\/jornal_oficinas\\\/\",\"https:\\\/\\\/www.linkedin.com\\\/company\\\/jornal-das-oficinas\\\/\",\"https:\\\/\\\/www.youtube.com\\\/channel\\\/UCbQZBqtcvV-oSQrr7RzINGg\"]},{\"@type\":\"Person\",\"@id\":\"https:\\\/\\\/jornaldasoficinas.com\\\/pt\\\/#\\\/schema\\\/person\\\/a38eef5de2c41d9e7c9ac10141afddf3\",\"name\":\"Reda\u00e7\u00e3o JO\",\"image\":{\"@type\":\"ImageObject\",\"inLanguage\":\"pt-PT\",\"@id\":\"https:\\\/\\\/secure.gravatar.com\\\/avatar\\\/71f2fa71737ad68a84fea94bc708ddac8ea5b0c4788dc2ad202f3ccb2887742f?s=96&d=wp_user_avatar&r=g\",\"url\":\"https:\\\/\\\/secure.gravatar.com\\\/avatar\\\/71f2fa71737ad68a84fea94bc708ddac8ea5b0c4788dc2ad202f3ccb2887742f?s=96&d=wp_user_avatar&r=g\",\"contentUrl\":\"https:\\\/\\\/secure.gravatar.com\\\/avatar\\\/71f2fa71737ad68a84fea94bc708ddac8ea5b0c4788dc2ad202f3ccb2887742f?s=96&d=wp_user_avatar&r=g\",\"caption\":\"Reda\u00e7\u00e3o JO\"},\"url\":\"https:\\\/\\\/jornaldasoficinas.com\\\/pt\\\/author\\\/joredacao\\\/\"}]}<\/script>\n<!-- \/ Yoast SEO plugin. -->","yoast_head_json":{"title":"Midas expande presen\u00e7a no Minho - Jornal das Oficinas","description":"Midas assina contrato para 2\u00aa oficina na cidade de Guimar\u00e3es, a 33\u00aa da rede e expande a sua presen\u00e7a no Minho","robots":{"index":"index","follow":"follow","max-snippet":"max-snippet:-1","max-image-preview":"max-image-preview:large","max-video-preview":"max-video-preview:-1"},"canonical":"https:\/\/jornaldasoficinas.com\/pt\/midas-expande-presenca-no-minho\/","og_locale":"pt_PT","og_type":"article","og_title":"Midas expande presen\u00e7a no Minho - Jornal das Oficinas","og_description":"Midas assina contrato para 2\u00aa oficina na cidade de Guimar\u00e3es, a 33\u00aa da rede e expande a sua presen\u00e7a no Minho","og_url":"https:\/\/jornaldasoficinas.com\/pt\/midas-expande-presenca-no-minho\/","og_site_name":"Jornal das Oficinas","article_publisher":"https:\/\/www.facebook.com\/jornaloficinas","article_published_time":"2025-12-05T18:00:02+00:00","og_image":[{"width":1024,"height":581,"url":"https:\/\/jornaldasoficinas.com\/pt\/wp-content\/uploads\/2025\/12\/Midas-expande.jpg","type":"image\/jpeg"}],"author":"Reda\u00e7\u00e3o JO","twitter_card":"summary_large_image","twitter_creator":"@jornaloficinas","twitter_site":"@jornaloficinas","twitter_misc":{"Escrito por":"Reda\u00e7\u00e3o JO","Tempo estimado de leitura":"2 minutos"},"schema":{"@context":"https:\/\/schema.org","@graph":[{"@type":"Article","@id":"https:\/\/jornaldasoficinas.com\/pt\/midas-expande-presenca-no-minho\/#article","isPartOf":{"@id":"https:\/\/jornaldasoficinas.com\/pt\/midas-expande-presenca-no-minho\/"},"author":{"name":"Reda\u00e7\u00e3o JO","@id":"https:\/\/jornaldasoficinas.com\/pt\/#\/schema\/person\/a38eef5de2c41d9e7c9ac10141afddf3"},"headline":"Midas expande presen\u00e7a no Minho","datePublished":"2025-12-05T18:00:02+00:00","mainEntityOfPage":{"@id":"https:\/\/jornaldasoficinas.com\/pt\/midas-expande-presenca-no-minho\/"},"wordCount":323,"publisher":{"@id":"https:\/\/jornaldasoficinas.com\/pt\/#organization"},"image":{"@id":"https:\/\/jornaldasoficinas.com\/pt\/midas-expande-presenca-no-minho\/#primaryimage"},"thumbnailUrl":"https:\/\/jornaldasoficinas.com\/pt\/wp-content\/uploads\/2025\/12\/Midas-expande.jpg","keywords":["18\u00aa oficina franqueada","33\u00aa da rede","Grupo Maintarget","Guimar\u00e3es","Midas","Minho"],"articleSection":["Empresas"],"inLanguage":"pt-PT"},{"@type":"WebPage","@id":"https:\/\/jornaldasoficinas.com\/pt\/midas-expande-presenca-no-minho\/","url":"https:\/\/jornaldasoficinas.com\/pt\/midas-expande-presenca-no-minho\/","name":"Midas expande presen\u00e7a no Minho - Jornal das Oficinas","isPartOf":{"@id":"https:\/\/jornaldasoficinas.com\/pt\/#website"},"primaryImageOfPage":{"@id":"https:\/\/jornaldasoficinas.com\/pt\/midas-expande-presenca-no-minho\/#primaryimage"},"image":{"@id":"https:\/\/jornaldasoficinas.com\/pt\/midas-expande-presenca-no-minho\/#primaryimage"},"thumbnailUrl":"https:\/\/jornaldasoficinas.com\/pt\/wp-content\/uploads\/2025\/12\/Midas-expande.jpg","datePublished":"2025-12-05T18:00:02+00:00","description":"Midas assina contrato para 2\u00aa oficina na cidade de Guimar\u00e3es, a 33\u00aa da rede e expande a sua presen\u00e7a no Minho","breadcrumb":{"@id":"https:\/\/jornaldasoficinas.com\/pt\/midas-expande-presenca-no-minho\/#breadcrumb"},"inLanguage":"pt-PT","potentialAction":[{"@type":"ReadAction","target":["https:\/\/jornaldasoficinas.com\/pt\/midas-expande-presenca-no-minho\/"]}]},{"@type":"ImageObject","inLanguage":"pt-PT","@id":"https:\/\/jornaldasoficinas.com\/pt\/midas-expande-presenca-no-minho\/#primaryimage","url":"https:\/\/jornaldasoficinas.com\/pt\/wp-content\/uploads\/2025\/12\/Midas-expande.jpg","contentUrl":"https:\/\/jornaldasoficinas.com\/pt\/wp-content\/uploads\/2025\/12\/Midas-expande.jpg","width":1024,"height":581,"caption":"12 - Midas expande"},{"@type":"BreadcrumbList","@id":"https:\/\/jornaldasoficinas.com\/pt\/midas-expande-presenca-no-minho\/#breadcrumb","itemListElement":[{"@type":"ListItem","position":1,"name":"In\u00edcio","item":"https:\/\/jornaldasoficinas.com\/pt\/"},{"@type":"ListItem","position":2,"name":"Midas expande presen\u00e7a no Minho"}]},{"@type":"WebSite","@id":"https:\/\/jornaldasoficinas.com\/pt\/#website","url":"https:\/\/jornaldasoficinas.com\/pt\/","name":"Jornal das Oficinas","description":"Jornal independente do Aftermarket Autom\u00f3vel em Portugal","publisher":{"@id":"https:\/\/jornaldasoficinas.com\/pt\/#organization"},"potentialAction":[{"@type":"SearchAction","target":{"@type":"EntryPoint","urlTemplate":"https:\/\/jornaldasoficinas.com\/pt\/?s={search_term_string}"},"query-input":{"@type":"PropertyValueSpecification","valueRequired":true,"valueName":"search_term_string"}}],"inLanguage":"pt-PT"},{"@type":"Organization","@id":"https:\/\/jornaldasoficinas.com\/pt\/#organization","name":"Jornal das Oficinas","url":"https:\/\/jornaldasoficinas.com\/pt\/","logo":{"@type":"ImageObject","inLanguage":"pt-PT","@id":"https:\/\/jornaldasoficinas.com\/pt\/#\/schema\/logo\/image\/","url":"https:\/\/jornaldasoficinas.com\/pt\/wp-content\/uploads\/logoJO-SEO.png","contentUrl":"https:\/\/jornaldasoficinas.com\/pt\/wp-content\/uploads\/logoJO-SEO.png","width":285,"height":450,"caption":"Jornal das Oficinas"},"image":{"@id":"https:\/\/jornaldasoficinas.com\/pt\/#\/schema\/logo\/image\/"},"sameAs":["https:\/\/www.facebook.com\/jornaloficinas","https:\/\/x.com\/jornaloficinas","https:\/\/www.instagram.com\/jornal_oficinas\/","https:\/\/www.linkedin.com\/company\/jornal-das-oficinas\/","https:\/\/www.youtube.com\/channel\/UCbQZBqtcvV-oSQrr7RzINGg"]},{"@type":"Person","@id":"https:\/\/jornaldasoficinas.com\/pt\/#\/schema\/person\/a38eef5de2c41d9e7c9ac10141afddf3","name":"Reda\u00e7\u00e3o JO","image":{"@type":"ImageObject","inLanguage":"pt-PT","@id":"https:\/\/secure.gravatar.com\/avatar\/71f2fa71737ad68a84fea94bc708ddac8ea5b0c4788dc2ad202f3ccb2887742f?s=96&d=wp_user_avatar&r=g","url":"https:\/\/secure.gravatar.com\/avatar\/71f2fa71737ad68a84fea94bc708ddac8ea5b0c4788dc2ad202f3ccb2887742f?s=96&d=wp_user_avatar&r=g","contentUrl":"https:\/\/secure.gravatar.com\/avatar\/71f2fa71737ad68a84fea94bc708ddac8ea5b0c4788dc2ad202f3ccb2887742f?s=96&d=wp_user_avatar&r=g","caption":"Reda\u00e7\u00e3o JO"},"url":"https:\/\/jornaldasoficinas.com\/pt\/author\/joredacao\/"}]}},"_links":{"self":[{"href":"https:\/\/jornaldasoficinas.com\/pt\/wp-json\/wp\/v2\/posts\/110482","targetHints":{"allow":["GET"]}}],"collection":[{"href":"https:\/\/jornaldasoficinas.com\/pt\/wp-json\/wp\/v2\/posts"}],"about":[{"href":"https:\/\/jornaldasoficinas.com\/pt\/wp-json\/wp\/v2\/types\/post"}],"author":[{"embeddable":true,"href":"https:\/\/jornaldasoficinas.com\/pt\/wp-json\/wp\/v2\/users\/15"}],"replies":[{"embeddable":true,"href":"https:\/\/jornaldasoficinas.com\/pt\/wp-json\/wp\/v2\/comments?post=110482"}],"version-history":[{"count":2,"href":"https:\/\/jornaldasoficinas.com\/pt\/wp-json\/wp\/v2\/posts\/110482\/revisions"}],"predecessor-version":[{"id":110491,"href":"https:\/\/jornaldasoficinas.com\/pt\/wp-json\/wp\/v2\/posts\/110482\/revisions\/110491"}],"wp:featuredmedia":[{"embeddable":true,"href":"https:\/\/jornaldasoficinas.com\/pt\/wp-json\/wp\/v2\/media\/110490"}],"wp:attachment":[{"href":"https:\/\/jornaldasoficinas.com\/pt\/wp-json\/wp\/v2\/media?parent=110482"}],"wp:term":[{"taxonomy":"category","embeddable":true,"href":"https:\/\/jornaldasoficinas.com\/pt\/wp-json\/wp\/v2\/categories?post=110482"},{"taxonomy":"post_tag","embeddable":true,"href":"https:\/\/jornaldasoficinas.com\/pt\/wp-json\/wp\/v2\/tags?post=110482"}],"curies":[{"name":"wp","href":"https:\/\/api.w.org\/{rel}","templated":true}]}}