{"id":110580,"date":"2025-12-10T12:30:21","date_gmt":"2025-12-10T12:30:21","guid":{"rendered":"https:\/\/jornaldasoficinas.com\/pt\/?p=110580"},"modified":"2025-12-09T16:05:26","modified_gmt":"2025-12-09T16:05:26","slug":"acap-lanca-plataforma-recall","status":"publish","type":"post","link":"https:\/\/jornaldasoficinas.com\/pt\/acap-lanca-plataforma-recall\/","title":{"rendered":"ACAP lan\u00e7a plataforma RECALL"},"content":{"rendered":"<p><img loading=\"lazy\" decoding=\"async\" class=\"size-full wp-image-110583\" src=\"https:\/\/jornaldasoficinas.com\/pt\/wp-content\/uploads\/2025\/12\/ACAP-Lanca-plataforma.jpg\" alt=\"12 - ACAP Lanca plataforma\" width=\"1024\" height=\"581\" srcset=\"https:\/\/jornaldasoficinas.com\/pt\/wp-content\/uploads\/2025\/12\/ACAP-Lanca-plataforma.jpg 1024w, https:\/\/jornaldasoficinas.com\/pt\/wp-content\/uploads\/2025\/12\/ACAP-Lanca-plataforma-300x170.jpg 300w, https:\/\/jornaldasoficinas.com\/pt\/wp-content\/uploads\/2025\/12\/ACAP-Lanca-plataforma-150x85.jpg 150w, https:\/\/jornaldasoficinas.com\/pt\/wp-content\/uploads\/2025\/12\/ACAP-Lanca-plataforma-768x436.jpg 768w\" sizes=\"auto, (max-width: 1024px) 100vw, 1024px\" \/><\/p>\n<p style=\"font-weight: 400;\"><strong>A Associa\u00e7\u00e3o Autom\u00f3vel de Portugal (<a href=\"https:\/\/www.google.com\/url?sa=t&amp;source=web&amp;rct=j&amp;opi=89978449&amp;url=https:\/\/www.acap.pt\/&amp;ved=2ahUKEwiI59CH77CRAxWOlP0HHc2UB_wQFnoECDwQAQ&amp;usg=AOvVaw3L1_Keu68Tdg86-5DDSa_G\">ACAP<\/a>) acaba de lan\u00e7ar uma plataforma online, intitulada RECALL, em parceria com o Instituto da Mobilidade e dos Transportes (<a href=\"https:\/\/www.google.com\/url?sa=t&amp;source=web&amp;rct=j&amp;opi=89978449&amp;url=http:\/\/www.imtt.pt\/&amp;ved=2ahUKEwjt6-Kf77CRAxXtgf0HHS2iLjsQFnoECA4QAQ&amp;usg=AOvVaw3czpumVwcgr5m03UFDjrnv\">IMT<\/a>) e o apoio da Dire\u00e7\u00e3o-Geral do Consumidor (<a href=\"https:\/\/www.google.com\/url?sa=t&amp;source=web&amp;rct=j&amp;opi=89978449&amp;url=https:\/\/www.consumidor.gov.pt\/&amp;ved=2ahUKEwjNncqp77CRAxVO9rsIHT_VFw8QFnoECEEQAQ&amp;usg=AOvVaw21pHquKGvO1qauxlQ_sK5a\">DGC<\/a>), que permite saber se um ve\u00edculo est\u00e1 abrangido por alguma a\u00e7\u00e3o de chamada dos fabricantes, por motivos de seguran\u00e7a ou de emiss\u00f5es poluentes<\/strong><\/p>\n<p style=\"font-weight: 400;\">Na plataforma, gratuita para os utilizadores, devem inserir a matr\u00edcula ou o N\u00famero de Identifica\u00e7\u00e3o do Ve\u00edculo (VIN, no acr\u00f3nimo ingl\u00eas), de modo a verificarem se est\u00e1 identificado como alvo de uma ac\u00e7\u00e3o de recall pelo fabricante.<\/p>\n<p style=\"font-weight: 400;\">Caso assim seja, o propriet\u00e1rio do ve\u00edculo deve contactar um concession\u00e1rio oficial da marca, que assegurar\u00e1 a repara\u00e7\u00e3o sem custos. O facto de a pesquisa n\u00e3o indicar nenhuma ac\u00e7\u00e3o de recall, contudo, n\u00e3o significa que o ve\u00edculo n\u00e3o possa vir a ser inclu\u00eddo numa a\u00e7\u00e3o futura.<\/p>\n<p style=\"font-weight: 400;\">Por isso, os condutores devem consultar a plataforma antes de cada inspe\u00e7\u00e3o peri\u00f3dica, garantindo que o ve\u00edculo est\u00e1 sempre em conformidade e evitando situa\u00e7\u00f5es inesperadas.<\/p>\n<p style=\"font-weight: 400;\">Esta medida contribui para o cumprimento das inspe\u00e7\u00f5es obrigat\u00f3rias, para a redu\u00e7\u00e3o de riscos na estrada e para a prote\u00e7\u00e3o do meio ambiente.<\/p>\n<p style=\"font-weight: 400;\">Os dados inseridos s\u00e3o da responsabilidade dos representantes oficiais das marcas de autom\u00f3veis.<\/p>\n","protected":false},"excerpt":{"rendered":"<p>A Associa\u00e7\u00e3o Autom\u00f3vel de Portugal (ACAP)&#8230;<\/p>\n","protected":false},"author":15,"featured_media":110583,"comment_status":"closed","ping_status":"closed","sticky":false,"template":"","format":"standard","meta":{"footnotes":""},"categories":[37],"tags":[157,14173,2001,1112,3742,14172],"class_list":["post-110580","post","type-post","status-publish","format-standard","has-post-thumbnail","hentry","category-mercado","tag-acap","tag-dgc","tag-imt","tag-inspecoes","tag-nova-plataforma","tag-recall"],"yoast_head":"<!-- This site is optimized with the Yoast SEO plugin v27.4 - https:\/\/yoast.com\/product\/yoast-seo-wordpress\/ -->\n<title>ACAP lan\u00e7a plataforma RECALL - Jornal das Oficinas<\/title>\n<meta name=\"description\" content=\"A Associa\u00e7\u00e3o Autom\u00f3vel de Portugal (ACAP) acaba de lan\u00e7ar a plataforma online RECALL, em parceria com o IMT e com o apoio da DGC\" \/>\n<meta name=\"robots\" content=\"index, follow, max-snippet:-1, max-image-preview:large, max-video-preview:-1\" \/>\n<link rel=\"canonical\" href=\"https:\/\/jornaldasoficinas.com\/pt\/acap-lanca-plataforma-recall\/\" \/>\n<meta property=\"og:locale\" content=\"pt_PT\" \/>\n<meta property=\"og:type\" content=\"article\" \/>\n<meta property=\"og:title\" content=\"ACAP lan\u00e7a plataforma RECALL - Jornal das Oficinas\" \/>\n<meta property=\"og:description\" content=\"A Associa\u00e7\u00e3o Autom\u00f3vel de Portugal (ACAP) acaba de lan\u00e7ar a plataforma online RECALL, em parceria com o IMT e com o apoio da DGC\" \/>\n<meta property=\"og:url\" content=\"https:\/\/jornaldasoficinas.com\/pt\/acap-lanca-plataforma-recall\/\" \/>\n<meta property=\"og:site_name\" content=\"Jornal das Oficinas\" \/>\n<meta property=\"article:publisher\" content=\"https:\/\/www.facebook.com\/jornaloficinas\" \/>\n<meta property=\"article:published_time\" content=\"2025-12-10T12:30:21+00:00\" \/>\n<meta property=\"og:image\" content=\"https:\/\/jornaldasoficinas.com\/pt\/wp-content\/uploads\/2025\/12\/ACAP-Lanca-plataforma.jpg\" \/>\n\t<meta property=\"og:image:width\" content=\"1024\" \/>\n\t<meta property=\"og:image:height\" content=\"581\" \/>\n\t<meta property=\"og:image:type\" content=\"image\/jpeg\" \/>\n<meta name=\"author\" content=\"Reda\u00e7\u00e3o JO\" \/>\n<meta name=\"twitter:card\" content=\"summary_large_image\" \/>\n<meta name=\"twitter:creator\" content=\"@jornaloficinas\" \/>\n<meta name=\"twitter:site\" content=\"@jornaloficinas\" \/>\n<meta name=\"twitter:label1\" content=\"Escrito por\" \/>\n\t<meta name=\"twitter:data1\" content=\"Reda\u00e7\u00e3o JO\" \/>\n\t<meta name=\"twitter:label2\" content=\"Tempo estimado de leitura\" \/>\n\t<meta name=\"twitter:data2\" content=\"2 minutos\" \/>\n<script type=\"application\/ld+json\" class=\"yoast-schema-graph\">{\"@context\":\"https:\\\/\\\/schema.org\",\"@graph\":[{\"@type\":\"Article\",\"@id\":\"https:\\\/\\\/jornaldasoficinas.com\\\/pt\\\/acap-lanca-plataforma-recall\\\/#article\",\"isPartOf\":{\"@id\":\"https:\\\/\\\/jornaldasoficinas.com\\\/pt\\\/acap-lanca-plataforma-recall\\\/\"},\"author\":{\"name\":\"Reda\u00e7\u00e3o JO\",\"@id\":\"https:\\\/\\\/jornaldasoficinas.com\\\/pt\\\/#\\\/schema\\\/person\\\/a38eef5de2c41d9e7c9ac10141afddf3\"},\"headline\":\"ACAP lan\u00e7a plataforma RECALL\",\"datePublished\":\"2025-12-10T12:30:21+00:00\",\"mainEntityOfPage\":{\"@id\":\"https:\\\/\\\/jornaldasoficinas.com\\\/pt\\\/acap-lanca-plataforma-recall\\\/\"},\"wordCount\":241,\"publisher\":{\"@id\":\"https:\\\/\\\/jornaldasoficinas.com\\\/pt\\\/#organization\"},\"image\":{\"@id\":\"https:\\\/\\\/jornaldasoficinas.com\\\/pt\\\/acap-lanca-plataforma-recall\\\/#primaryimage\"},\"thumbnailUrl\":\"https:\\\/\\\/jornaldasoficinas.com\\\/pt\\\/wp-content\\\/uploads\\\/2025\\\/12\\\/ACAP-Lanca-plataforma.jpg\",\"keywords\":[\"ACAP\",\"DGC\",\"IMT\",\"Inspe\u00e7\u00f5es\",\"nova plataforma\",\"RECALL\"],\"articleSection\":[\"Mercado\"],\"inLanguage\":\"pt-PT\"},{\"@type\":\"WebPage\",\"@id\":\"https:\\\/\\\/jornaldasoficinas.com\\\/pt\\\/acap-lanca-plataforma-recall\\\/\",\"url\":\"https:\\\/\\\/jornaldasoficinas.com\\\/pt\\\/acap-lanca-plataforma-recall\\\/\",\"name\":\"ACAP lan\u00e7a plataforma RECALL - Jornal das Oficinas\",\"isPartOf\":{\"@id\":\"https:\\\/\\\/jornaldasoficinas.com\\\/pt\\\/#website\"},\"primaryImageOfPage\":{\"@id\":\"https:\\\/\\\/jornaldasoficinas.com\\\/pt\\\/acap-lanca-plataforma-recall\\\/#primaryimage\"},\"image\":{\"@id\":\"https:\\\/\\\/jornaldasoficinas.com\\\/pt\\\/acap-lanca-plataforma-recall\\\/#primaryimage\"},\"thumbnailUrl\":\"https:\\\/\\\/jornaldasoficinas.com\\\/pt\\\/wp-content\\\/uploads\\\/2025\\\/12\\\/ACAP-Lanca-plataforma.jpg\",\"datePublished\":\"2025-12-10T12:30:21+00:00\",\"description\":\"A Associa\u00e7\u00e3o Autom\u00f3vel de Portugal (ACAP) acaba de lan\u00e7ar a plataforma online RECALL, em parceria com o IMT e com o apoio da DGC\",\"breadcrumb\":{\"@id\":\"https:\\\/\\\/jornaldasoficinas.com\\\/pt\\\/acap-lanca-plataforma-recall\\\/#breadcrumb\"},\"inLanguage\":\"pt-PT\",\"potentialAction\":[{\"@type\":\"ReadAction\",\"target\":[\"https:\\\/\\\/jornaldasoficinas.com\\\/pt\\\/acap-lanca-plataforma-recall\\\/\"]}]},{\"@type\":\"ImageObject\",\"inLanguage\":\"pt-PT\",\"@id\":\"https:\\\/\\\/jornaldasoficinas.com\\\/pt\\\/acap-lanca-plataforma-recall\\\/#primaryimage\",\"url\":\"https:\\\/\\\/jornaldasoficinas.com\\\/pt\\\/wp-content\\\/uploads\\\/2025\\\/12\\\/ACAP-Lanca-plataforma.jpg\",\"contentUrl\":\"https:\\\/\\\/jornaldasoficinas.com\\\/pt\\\/wp-content\\\/uploads\\\/2025\\\/12\\\/ACAP-Lanca-plataforma.jpg\",\"width\":1024,\"height\":581,\"caption\":\"ACAP\"},{\"@type\":\"BreadcrumbList\",\"@id\":\"https:\\\/\\\/jornaldasoficinas.com\\\/pt\\\/acap-lanca-plataforma-recall\\\/#breadcrumb\",\"itemListElement\":[{\"@type\":\"ListItem\",\"position\":1,\"name\":\"In\u00edcio\",\"item\":\"https:\\\/\\\/jornaldasoficinas.com\\\/pt\\\/\"},{\"@type\":\"ListItem\",\"position\":2,\"name\":\"ACAP lan\u00e7a plataforma RECALL\"}]},{\"@type\":\"WebSite\",\"@id\":\"https:\\\/\\\/jornaldasoficinas.com\\\/pt\\\/#website\",\"url\":\"https:\\\/\\\/jornaldasoficinas.com\\\/pt\\\/\",\"name\":\"Jornal das Oficinas\",\"description\":\"Jornal independente do Aftermarket Autom\u00f3vel em Portugal\",\"publisher\":{\"@id\":\"https:\\\/\\\/jornaldasoficinas.com\\\/pt\\\/#organization\"},\"potentialAction\":[{\"@type\":\"SearchAction\",\"target\":{\"@type\":\"EntryPoint\",\"urlTemplate\":\"https:\\\/\\\/jornaldasoficinas.com\\\/pt\\\/?s={search_term_string}\"},\"query-input\":{\"@type\":\"PropertyValueSpecification\",\"valueRequired\":true,\"valueName\":\"search_term_string\"}}],\"inLanguage\":\"pt-PT\"},{\"@type\":\"Organization\",\"@id\":\"https:\\\/\\\/jornaldasoficinas.com\\\/pt\\\/#organization\",\"name\":\"Jornal das Oficinas\",\"url\":\"https:\\\/\\\/jornaldasoficinas.com\\\/pt\\\/\",\"logo\":{\"@type\":\"ImageObject\",\"inLanguage\":\"pt-PT\",\"@id\":\"https:\\\/\\\/jornaldasoficinas.com\\\/pt\\\/#\\\/schema\\\/logo\\\/image\\\/\",\"url\":\"https:\\\/\\\/jornaldasoficinas.com\\\/pt\\\/wp-content\\\/uploads\\\/logoJO-SEO.png\",\"contentUrl\":\"https:\\\/\\\/jornaldasoficinas.com\\\/pt\\\/wp-content\\\/uploads\\\/logoJO-SEO.png\",\"width\":285,\"height\":450,\"caption\":\"Jornal das Oficinas\"},\"image\":{\"@id\":\"https:\\\/\\\/jornaldasoficinas.com\\\/pt\\\/#\\\/schema\\\/logo\\\/image\\\/\"},\"sameAs\":[\"https:\\\/\\\/www.facebook.com\\\/jornaloficinas\",\"https:\\\/\\\/x.com\\\/jornaloficinas\",\"https:\\\/\\\/www.instagram.com\\\/jornal_oficinas\\\/\",\"https:\\\/\\\/www.linkedin.com\\\/company\\\/jornal-das-oficinas\\\/\",\"https:\\\/\\\/www.youtube.com\\\/channel\\\/UCbQZBqtcvV-oSQrr7RzINGg\"]},{\"@type\":\"Person\",\"@id\":\"https:\\\/\\\/jornaldasoficinas.com\\\/pt\\\/#\\\/schema\\\/person\\\/a38eef5de2c41d9e7c9ac10141afddf3\",\"name\":\"Reda\u00e7\u00e3o JO\",\"image\":{\"@type\":\"ImageObject\",\"inLanguage\":\"pt-PT\",\"@id\":\"https:\\\/\\\/secure.gravatar.com\\\/avatar\\\/71f2fa71737ad68a84fea94bc708ddac8ea5b0c4788dc2ad202f3ccb2887742f?s=96&d=wp_user_avatar&r=g\",\"url\":\"https:\\\/\\\/secure.gravatar.com\\\/avatar\\\/71f2fa71737ad68a84fea94bc708ddac8ea5b0c4788dc2ad202f3ccb2887742f?s=96&d=wp_user_avatar&r=g\",\"contentUrl\":\"https:\\\/\\\/secure.gravatar.com\\\/avatar\\\/71f2fa71737ad68a84fea94bc708ddac8ea5b0c4788dc2ad202f3ccb2887742f?s=96&d=wp_user_avatar&r=g\",\"caption\":\"Reda\u00e7\u00e3o JO\"},\"url\":\"https:\\\/\\\/jornaldasoficinas.com\\\/pt\\\/author\\\/joredacao\\\/\"}]}<\/script>\n<!-- \/ Yoast SEO plugin. -->","yoast_head_json":{"title":"ACAP lan\u00e7a plataforma RECALL - Jornal das Oficinas","description":"A Associa\u00e7\u00e3o Autom\u00f3vel de Portugal (ACAP) acaba de lan\u00e7ar a plataforma online RECALL, em parceria com o IMT e com o apoio da DGC","robots":{"index":"index","follow":"follow","max-snippet":"max-snippet:-1","max-image-preview":"max-image-preview:large","max-video-preview":"max-video-preview:-1"},"canonical":"https:\/\/jornaldasoficinas.com\/pt\/acap-lanca-plataforma-recall\/","og_locale":"pt_PT","og_type":"article","og_title":"ACAP lan\u00e7a plataforma RECALL - Jornal das Oficinas","og_description":"A Associa\u00e7\u00e3o Autom\u00f3vel de Portugal (ACAP) acaba de lan\u00e7ar a plataforma online RECALL, em parceria com o IMT e com o apoio da DGC","og_url":"https:\/\/jornaldasoficinas.com\/pt\/acap-lanca-plataforma-recall\/","og_site_name":"Jornal das Oficinas","article_publisher":"https:\/\/www.facebook.com\/jornaloficinas","article_published_time":"2025-12-10T12:30:21+00:00","og_image":[{"width":1024,"height":581,"url":"https:\/\/jornaldasoficinas.com\/pt\/wp-content\/uploads\/2025\/12\/ACAP-Lanca-plataforma.jpg","type":"image\/jpeg"}],"author":"Reda\u00e7\u00e3o JO","twitter_card":"summary_large_image","twitter_creator":"@jornaloficinas","twitter_site":"@jornaloficinas","twitter_misc":{"Escrito por":"Reda\u00e7\u00e3o JO","Tempo estimado de leitura":"2 minutos"},"schema":{"@context":"https:\/\/schema.org","@graph":[{"@type":"Article","@id":"https:\/\/jornaldasoficinas.com\/pt\/acap-lanca-plataforma-recall\/#article","isPartOf":{"@id":"https:\/\/jornaldasoficinas.com\/pt\/acap-lanca-plataforma-recall\/"},"author":{"name":"Reda\u00e7\u00e3o JO","@id":"https:\/\/jornaldasoficinas.com\/pt\/#\/schema\/person\/a38eef5de2c41d9e7c9ac10141afddf3"},"headline":"ACAP lan\u00e7a plataforma RECALL","datePublished":"2025-12-10T12:30:21+00:00","mainEntityOfPage":{"@id":"https:\/\/jornaldasoficinas.com\/pt\/acap-lanca-plataforma-recall\/"},"wordCount":241,"publisher":{"@id":"https:\/\/jornaldasoficinas.com\/pt\/#organization"},"image":{"@id":"https:\/\/jornaldasoficinas.com\/pt\/acap-lanca-plataforma-recall\/#primaryimage"},"thumbnailUrl":"https:\/\/jornaldasoficinas.com\/pt\/wp-content\/uploads\/2025\/12\/ACAP-Lanca-plataforma.jpg","keywords":["ACAP","DGC","IMT","Inspe\u00e7\u00f5es","nova plataforma","RECALL"],"articleSection":["Mercado"],"inLanguage":"pt-PT"},{"@type":"WebPage","@id":"https:\/\/jornaldasoficinas.com\/pt\/acap-lanca-plataforma-recall\/","url":"https:\/\/jornaldasoficinas.com\/pt\/acap-lanca-plataforma-recall\/","name":"ACAP lan\u00e7a plataforma RECALL - Jornal das Oficinas","isPartOf":{"@id":"https:\/\/jornaldasoficinas.com\/pt\/#website"},"primaryImageOfPage":{"@id":"https:\/\/jornaldasoficinas.com\/pt\/acap-lanca-plataforma-recall\/#primaryimage"},"image":{"@id":"https:\/\/jornaldasoficinas.com\/pt\/acap-lanca-plataforma-recall\/#primaryimage"},"thumbnailUrl":"https:\/\/jornaldasoficinas.com\/pt\/wp-content\/uploads\/2025\/12\/ACAP-Lanca-plataforma.jpg","datePublished":"2025-12-10T12:30:21+00:00","description":"A Associa\u00e7\u00e3o Autom\u00f3vel de Portugal (ACAP) acaba de lan\u00e7ar a plataforma online RECALL, em parceria com o IMT e com o apoio da DGC","breadcrumb":{"@id":"https:\/\/jornaldasoficinas.com\/pt\/acap-lanca-plataforma-recall\/#breadcrumb"},"inLanguage":"pt-PT","potentialAction":[{"@type":"ReadAction","target":["https:\/\/jornaldasoficinas.com\/pt\/acap-lanca-plataforma-recall\/"]}]},{"@type":"ImageObject","inLanguage":"pt-PT","@id":"https:\/\/jornaldasoficinas.com\/pt\/acap-lanca-plataforma-recall\/#primaryimage","url":"https:\/\/jornaldasoficinas.com\/pt\/wp-content\/uploads\/2025\/12\/ACAP-Lanca-plataforma.jpg","contentUrl":"https:\/\/jornaldasoficinas.com\/pt\/wp-content\/uploads\/2025\/12\/ACAP-Lanca-plataforma.jpg","width":1024,"height":581,"caption":"ACAP"},{"@type":"BreadcrumbList","@id":"https:\/\/jornaldasoficinas.com\/pt\/acap-lanca-plataforma-recall\/#breadcrumb","itemListElement":[{"@type":"ListItem","position":1,"name":"In\u00edcio","item":"https:\/\/jornaldasoficinas.com\/pt\/"},{"@type":"ListItem","position":2,"name":"ACAP lan\u00e7a plataforma RECALL"}]},{"@type":"WebSite","@id":"https:\/\/jornaldasoficinas.com\/pt\/#website","url":"https:\/\/jornaldasoficinas.com\/pt\/","name":"Jornal das Oficinas","description":"Jornal independente do Aftermarket Autom\u00f3vel em Portugal","publisher":{"@id":"https:\/\/jornaldasoficinas.com\/pt\/#organization"},"potentialAction":[{"@type":"SearchAction","target":{"@type":"EntryPoint","urlTemplate":"https:\/\/jornaldasoficinas.com\/pt\/?s={search_term_string}"},"query-input":{"@type":"PropertyValueSpecification","valueRequired":true,"valueName":"search_term_string"}}],"inLanguage":"pt-PT"},{"@type":"Organization","@id":"https:\/\/jornaldasoficinas.com\/pt\/#organization","name":"Jornal das Oficinas","url":"https:\/\/jornaldasoficinas.com\/pt\/","logo":{"@type":"ImageObject","inLanguage":"pt-PT","@id":"https:\/\/jornaldasoficinas.com\/pt\/#\/schema\/logo\/image\/","url":"https:\/\/jornaldasoficinas.com\/pt\/wp-content\/uploads\/logoJO-SEO.png","contentUrl":"https:\/\/jornaldasoficinas.com\/pt\/wp-content\/uploads\/logoJO-SEO.png","width":285,"height":450,"caption":"Jornal das Oficinas"},"image":{"@id":"https:\/\/jornaldasoficinas.com\/pt\/#\/schema\/logo\/image\/"},"sameAs":["https:\/\/www.facebook.com\/jornaloficinas","https:\/\/x.com\/jornaloficinas","https:\/\/www.instagram.com\/jornal_oficinas\/","https:\/\/www.linkedin.com\/company\/jornal-das-oficinas\/","https:\/\/www.youtube.com\/channel\/UCbQZBqtcvV-oSQrr7RzINGg"]},{"@type":"Person","@id":"https:\/\/jornaldasoficinas.com\/pt\/#\/schema\/person\/a38eef5de2c41d9e7c9ac10141afddf3","name":"Reda\u00e7\u00e3o JO","image":{"@type":"ImageObject","inLanguage":"pt-PT","@id":"https:\/\/secure.gravatar.com\/avatar\/71f2fa71737ad68a84fea94bc708ddac8ea5b0c4788dc2ad202f3ccb2887742f?s=96&d=wp_user_avatar&r=g","url":"https:\/\/secure.gravatar.com\/avatar\/71f2fa71737ad68a84fea94bc708ddac8ea5b0c4788dc2ad202f3ccb2887742f?s=96&d=wp_user_avatar&r=g","contentUrl":"https:\/\/secure.gravatar.com\/avatar\/71f2fa71737ad68a84fea94bc708ddac8ea5b0c4788dc2ad202f3ccb2887742f?s=96&d=wp_user_avatar&r=g","caption":"Reda\u00e7\u00e3o JO"},"url":"https:\/\/jornaldasoficinas.com\/pt\/author\/joredacao\/"}]}},"_links":{"self":[{"href":"https:\/\/jornaldasoficinas.com\/pt\/wp-json\/wp\/v2\/posts\/110580","targetHints":{"allow":["GET"]}}],"collection":[{"href":"https:\/\/jornaldasoficinas.com\/pt\/wp-json\/wp\/v2\/posts"}],"about":[{"href":"https:\/\/jornaldasoficinas.com\/pt\/wp-json\/wp\/v2\/types\/post"}],"author":[{"embeddable":true,"href":"https:\/\/jornaldasoficinas.com\/pt\/wp-json\/wp\/v2\/users\/15"}],"replies":[{"embeddable":true,"href":"https:\/\/jornaldasoficinas.com\/pt\/wp-json\/wp\/v2\/comments?post=110580"}],"version-history":[{"count":4,"href":"https:\/\/jornaldasoficinas.com\/pt\/wp-json\/wp\/v2\/posts\/110580\/revisions"}],"predecessor-version":[{"id":110588,"href":"https:\/\/jornaldasoficinas.com\/pt\/wp-json\/wp\/v2\/posts\/110580\/revisions\/110588"}],"wp:featuredmedia":[{"embeddable":true,"href":"https:\/\/jornaldasoficinas.com\/pt\/wp-json\/wp\/v2\/media\/110583"}],"wp:attachment":[{"href":"https:\/\/jornaldasoficinas.com\/pt\/wp-json\/wp\/v2\/media?parent=110580"}],"wp:term":[{"taxonomy":"category","embeddable":true,"href":"https:\/\/jornaldasoficinas.com\/pt\/wp-json\/wp\/v2\/categories?post=110580"},{"taxonomy":"post_tag","embeddable":true,"href":"https:\/\/jornaldasoficinas.com\/pt\/wp-json\/wp\/v2\/tags?post=110580"}],"curies":[{"name":"wp","href":"https:\/\/api.w.org\/{rel}","templated":true}]}}