{"id":110642,"date":"2025-12-11T14:00:54","date_gmt":"2025-12-11T14:00:54","guid":{"rendered":"https:\/\/jornaldasoficinas.com\/pt\/?p=110642"},"modified":"2025-12-11T08:23:28","modified_gmt":"2025-12-11T08:23:28","slug":"renault-e-ford-formam-parceria-estrategica","status":"publish","type":"post","link":"https:\/\/jornaldasoficinas.com\/pt\/renault-e-ford-formam-parceria-estrategica\/","title":{"rendered":"Renault e Ford formam parceria estrat\u00e9gica"},"content":{"rendered":"<p style=\"font-weight: 400;\"><strong><img loading=\"lazy\" decoding=\"async\" class=\"alignnone size-full wp-image-110672\" src=\"https:\/\/jornaldasoficinas.com\/pt\/wp-content\/uploads\/2025\/12\/Renault-e-Ford.jpg\" alt=\"12 - Renault e Ford\" width=\"1024\" height=\"581\" srcset=\"https:\/\/jornaldasoficinas.com\/pt\/wp-content\/uploads\/2025\/12\/Renault-e-Ford.jpg 1024w, https:\/\/jornaldasoficinas.com\/pt\/wp-content\/uploads\/2025\/12\/Renault-e-Ford-300x170.jpg 300w, https:\/\/jornaldasoficinas.com\/pt\/wp-content\/uploads\/2025\/12\/Renault-e-Ford-150x85.jpg 150w, https:\/\/jornaldasoficinas.com\/pt\/wp-content\/uploads\/2025\/12\/Renault-e-Ford-768x436.jpg 768w\" sizes=\"auto, (max-width: 1024px) 100vw, 1024px\" \/><\/strong><\/p>\n<p style=\"font-weight: 400;\"><strong>O <a href=\"https:\/\/www.google.com\/url?sa=t&amp;source=web&amp;rct=j&amp;opi=89978449&amp;url=https:\/\/www.renault.pt\/o-grupo-renault.html&amp;ved=2ahUKEwjtjPjRkLSRAxX-KvsDHfT7AOIQFnoECBAQAQ&amp;usg=AOvVaw1MsDdG1rG4XPEsiCm44yVl\">Grupo Renault<\/a> e a <a href=\"https:\/\/www.google.com\/url?sa=t&amp;source=web&amp;rct=j&amp;opi=89978449&amp;url=https:\/\/www.ford.pt\/&amp;ved=2ahUKEwio15jakLSRAxX8vicCHcWqCHIQFnoECA4QAQ&amp;usg=AOvVaw2VdvK0S1FCT3i_b3dB-m-s\">Ford<\/a> anunciaram uma parceria estrat\u00e9gica hist\u00f3rica com o objetivo de expandir a oferta de autom\u00f3veis el\u00e9tricos da Ford aos clientes europeus, aumentando significativamente a competitividade de ambas as empresas no panorama autom\u00f3vel em r\u00e1pida evolu\u00e7\u00e3o na Europa<\/strong><\/p>\n<p style=\"font-weight: 400;\">A pedra angular desta colabora\u00e7\u00e3o \u00e9 um acordo de parceria para o desenvolvimento de dois autom\u00f3veis el\u00e9tricos distintos da marca Ford. Os novos modelos ser\u00e3o baseados na plataforma Ampere, aproveitando os fortes ativos e a competitividade do Grupo Renault em autom\u00f3veis el\u00e9tricos, e produzidos pelo Grupo Renault no norte da Fran\u00e7a, ilustrando as capacidades e a experi\u00eancia de fabrico de ponta da Ampere ElectriCity.<\/p>\n<p style=\"font-weight: 400;\">Projetados pela Ford e desenvolvidos com o Grupo Renault, os dois autom\u00f3veis apresentar\u00e3o uma din\u00e2mica de condu\u00e7\u00e3o distinta, o aut\u00eantico DNA da marca Ford e experi\u00eancias intuitivas. Estes marcam o primeiro passo de uma nova ofensiva abrangente de produtos para a Ford na Europa. O primeiro dos dois autom\u00f3veis est\u00e1 previsto para chegar aos concession\u00e1rios no in\u00edcio de 2028.<\/p>\n<p style=\"font-weight: 400;\">Al\u00e9m da colabora\u00e7\u00e3o nos autom\u00f3veis el\u00e9tricos, o Grupo Renault e a Ford tamb\u00e9m assinaram uma Carta de Inten\u00e7\u00f5es (LOI) para uma colabora\u00e7\u00e3o europeia em ve\u00edculos comerciais ligeiros. Ao abrigo desta LOI, os parceiros ir\u00e3o explorar a oportunidade de desenvolver e fabricar em conjunto ve\u00edculos comerciais ligeiros (LCV) selecionados das marcas Renault e Ford.<\/p>\n<p style=\"font-weight: 400;\">Fran\u00e7ois Provost, CEO do Grupo Renault, afirmou: &#8220;O Grupo Renault tem o orgulho de anunciar uma nova coopera\u00e7\u00e3o estrat\u00e9gica com a Ford, um fabricante de autom\u00f3veis ic\u00f3nicos. Esta parceria demonstra a for\u00e7a do nosso know-how em mat\u00e9ria de parcerias e a nossa competitividade na Europa. A longo prazo, a combina\u00e7\u00e3o das nossas for\u00e7as com a Ford tornar-nos-\u00e1 mais inovadores e mais responsivos num mercado autom\u00f3vel europeu em r\u00e1pida mudan\u00e7a.&#8221;<\/p>\n<p style=\"font-weight: 400;\">Jim Farley, presidente e CEO da Ford Motor Company, afirmou: &#8220;A parceria estrat\u00e9gica com o Grupo Renault marca um passo importante para a Ford e apoia a nossa estrat\u00e9gia de construir um neg\u00f3cio altamente eficiente e preparado para o futuro na Europa. Iremos combinar a escala industrial e os ativos de autom\u00f3veis el\u00e9tricos do Grupo Renault com o design ic\u00f3nico e a din\u00e2mica de condu\u00e7\u00e3o da Ford para criar autom\u00f3veis divertidos, capazes e distintamente Ford no seu esp\u00edrito.&#8221;<\/p>\n<p style=\"font-weight: 400;\"><strong>Combinar pontos fortes<\/strong><\/p>\n<p style=\"font-weight: 400;\">As empresas ir\u00e3o tirar partido das capacidades comprovadas e da competitividade da plataforma Ampere do Grupo Renault, do ecossistema de fabrico de autom\u00f3veis el\u00e9tricos e das capacidades industriais no norte de Fran\u00e7a (ElectriCity) para produzir dois autom\u00f3veis el\u00e9tricos de passageiros totalmente novos da marca Ford.<\/p>\n<p style=\"font-weight: 400;\">Ao unir a sua experi\u00eancia como principais intervenientes na Europa em inova\u00e7\u00e3o, design, software e presta\u00e7\u00e3o de servi\u00e7os, o Grupo Renault e a Ford pretendem enfrentar os desafios do setor e servir melhor os clientes nos segmentos de autom\u00f3veis de retalho e ve\u00edculos comerciais.<\/p>\n<p style=\"font-weight: 400;\">A parceria estrat\u00e9gica entre o Grupo Renault e a Ford combinar\u00e1 d\u00e9cadas de experi\u00eancia no segmento de ve\u00edculos comerciais ligeiros, bem como a escala industrial e a extensa base de fornecimento de ambas as empresas, criando uma for\u00e7a formid\u00e1vel pronta para impulsionar a inova\u00e7\u00e3o e a efici\u00eancia no mercado europeu.<\/p>\n<p style=\"font-weight: 400;\">\n","protected":false},"excerpt":{"rendered":"<p>O Grupo Renault e a Ford&#8230;<\/p>\n","protected":false},"author":15,"featured_media":110672,"comment_status":"closed","ping_status":"closed","sticky":false,"template":"","format":"standard","meta":{"footnotes":""},"categories":[29],"tags":[14186,7997,362,4190,117,89],"class_list":["post-110642","post","type-post","status-publish","format-standard","has-post-thumbnail","hentry","category-empresas","tag-clientes-europeus","tag-competitividade","tag-ford","tag-parceria-estrategica","tag-renault","tag-veiculos-eletricos"],"yoast_head":"<!-- This site is optimized with the Yoast SEO plugin v27.4 - https:\/\/yoast.com\/product\/yoast-seo-wordpress\/ -->\n<title>Renault e Ford formam parceria estrat\u00e9gica - Jornal das Oficinas<\/title>\n<meta name=\"description\" content=\"O Grupo Renault e a Ford anunciaram uma parceria estrat\u00e9gica com o objetivo de expandir a oferta de el\u00e9tricos da Ford aos clientes europeus\" \/>\n<meta name=\"robots\" content=\"index, follow, max-snippet:-1, max-image-preview:large, max-video-preview:-1\" \/>\n<link rel=\"canonical\" href=\"https:\/\/jornaldasoficinas.com\/pt\/renault-e-ford-formam-parceria-estrategica\/\" \/>\n<meta property=\"og:locale\" content=\"pt_PT\" \/>\n<meta property=\"og:type\" content=\"article\" \/>\n<meta property=\"og:title\" content=\"Renault e Ford formam parceria estrat\u00e9gica - Jornal das Oficinas\" \/>\n<meta property=\"og:description\" content=\"O Grupo Renault e a Ford anunciaram uma parceria estrat\u00e9gica com o objetivo de expandir a oferta de el\u00e9tricos da Ford aos clientes europeus\" \/>\n<meta property=\"og:url\" content=\"https:\/\/jornaldasoficinas.com\/pt\/renault-e-ford-formam-parceria-estrategica\/\" \/>\n<meta property=\"og:site_name\" content=\"Jornal das Oficinas\" \/>\n<meta property=\"article:publisher\" content=\"https:\/\/www.facebook.com\/jornaloficinas\" \/>\n<meta property=\"article:published_time\" content=\"2025-12-11T14:00:54+00:00\" \/>\n<meta property=\"og:image\" content=\"https:\/\/jornaldasoficinas.com\/pt\/wp-content\/uploads\/2025\/12\/Renault-e-Ford.jpg\" \/>\n\t<meta property=\"og:image:width\" content=\"1024\" \/>\n\t<meta property=\"og:image:height\" content=\"581\" \/>\n\t<meta property=\"og:image:type\" content=\"image\/jpeg\" \/>\n<meta name=\"author\" content=\"Reda\u00e7\u00e3o JO\" \/>\n<meta name=\"twitter:card\" content=\"summary_large_image\" \/>\n<meta name=\"twitter:creator\" content=\"@jornaloficinas\" \/>\n<meta name=\"twitter:site\" content=\"@jornaloficinas\" \/>\n<meta name=\"twitter:label1\" content=\"Escrito por\" \/>\n\t<meta name=\"twitter:data1\" content=\"Reda\u00e7\u00e3o JO\" \/>\n\t<meta name=\"twitter:label2\" content=\"Tempo estimado de leitura\" \/>\n\t<meta name=\"twitter:data2\" content=\"4 minutos\" \/>\n<script type=\"application\/ld+json\" class=\"yoast-schema-graph\">{\"@context\":\"https:\\\/\\\/schema.org\",\"@graph\":[{\"@type\":\"Article\",\"@id\":\"https:\\\/\\\/jornaldasoficinas.com\\\/pt\\\/renault-e-ford-formam-parceria-estrategica\\\/#article\",\"isPartOf\":{\"@id\":\"https:\\\/\\\/jornaldasoficinas.com\\\/pt\\\/renault-e-ford-formam-parceria-estrategica\\\/\"},\"author\":{\"name\":\"Reda\u00e7\u00e3o JO\",\"@id\":\"https:\\\/\\\/jornaldasoficinas.com\\\/pt\\\/#\\\/schema\\\/person\\\/a38eef5de2c41d9e7c9ac10141afddf3\"},\"headline\":\"Renault e Ford formam parceria estrat\u00e9gica\",\"datePublished\":\"2025-12-11T14:00:54+00:00\",\"mainEntityOfPage\":{\"@id\":\"https:\\\/\\\/jornaldasoficinas.com\\\/pt\\\/renault-e-ford-formam-parceria-estrategica\\\/\"},\"wordCount\":588,\"publisher\":{\"@id\":\"https:\\\/\\\/jornaldasoficinas.com\\\/pt\\\/#organization\"},\"image\":{\"@id\":\"https:\\\/\\\/jornaldasoficinas.com\\\/pt\\\/renault-e-ford-formam-parceria-estrategica\\\/#primaryimage\"},\"thumbnailUrl\":\"https:\\\/\\\/jornaldasoficinas.com\\\/pt\\\/wp-content\\\/uploads\\\/2025\\\/12\\\/Renault-e-Ford.jpg\",\"keywords\":[\"clientes europeus\",\"competitividade\",\"Ford\",\"Parceria Estrat\u00e9gica\",\"Renault\",\"Ve\u00edculos el\u00e9tricos\"],\"articleSection\":[\"Empresas\"],\"inLanguage\":\"pt-PT\"},{\"@type\":\"WebPage\",\"@id\":\"https:\\\/\\\/jornaldasoficinas.com\\\/pt\\\/renault-e-ford-formam-parceria-estrategica\\\/\",\"url\":\"https:\\\/\\\/jornaldasoficinas.com\\\/pt\\\/renault-e-ford-formam-parceria-estrategica\\\/\",\"name\":\"Renault e Ford formam parceria estrat\u00e9gica - Jornal das Oficinas\",\"isPartOf\":{\"@id\":\"https:\\\/\\\/jornaldasoficinas.com\\\/pt\\\/#website\"},\"primaryImageOfPage\":{\"@id\":\"https:\\\/\\\/jornaldasoficinas.com\\\/pt\\\/renault-e-ford-formam-parceria-estrategica\\\/#primaryimage\"},\"image\":{\"@id\":\"https:\\\/\\\/jornaldasoficinas.com\\\/pt\\\/renault-e-ford-formam-parceria-estrategica\\\/#primaryimage\"},\"thumbnailUrl\":\"https:\\\/\\\/jornaldasoficinas.com\\\/pt\\\/wp-content\\\/uploads\\\/2025\\\/12\\\/Renault-e-Ford.jpg\",\"datePublished\":\"2025-12-11T14:00:54+00:00\",\"description\":\"O Grupo Renault e a Ford anunciaram uma parceria estrat\u00e9gica com o objetivo de expandir a oferta de el\u00e9tricos da Ford aos clientes europeus\",\"breadcrumb\":{\"@id\":\"https:\\\/\\\/jornaldasoficinas.com\\\/pt\\\/renault-e-ford-formam-parceria-estrategica\\\/#breadcrumb\"},\"inLanguage\":\"pt-PT\",\"potentialAction\":[{\"@type\":\"ReadAction\",\"target\":[\"https:\\\/\\\/jornaldasoficinas.com\\\/pt\\\/renault-e-ford-formam-parceria-estrategica\\\/\"]}]},{\"@type\":\"ImageObject\",\"inLanguage\":\"pt-PT\",\"@id\":\"https:\\\/\\\/jornaldasoficinas.com\\\/pt\\\/renault-e-ford-formam-parceria-estrategica\\\/#primaryimage\",\"url\":\"https:\\\/\\\/jornaldasoficinas.com\\\/pt\\\/wp-content\\\/uploads\\\/2025\\\/12\\\/Renault-e-Ford.jpg\",\"contentUrl\":\"https:\\\/\\\/jornaldasoficinas.com\\\/pt\\\/wp-content\\\/uploads\\\/2025\\\/12\\\/Renault-e-Ford.jpg\",\"width\":1024,\"height\":581,\"caption\":\"12 - Renault e Ford\"},{\"@type\":\"BreadcrumbList\",\"@id\":\"https:\\\/\\\/jornaldasoficinas.com\\\/pt\\\/renault-e-ford-formam-parceria-estrategica\\\/#breadcrumb\",\"itemListElement\":[{\"@type\":\"ListItem\",\"position\":1,\"name\":\"In\u00edcio\",\"item\":\"https:\\\/\\\/jornaldasoficinas.com\\\/pt\\\/\"},{\"@type\":\"ListItem\",\"position\":2,\"name\":\"Renault e Ford formam parceria estrat\u00e9gica\"}]},{\"@type\":\"WebSite\",\"@id\":\"https:\\\/\\\/jornaldasoficinas.com\\\/pt\\\/#website\",\"url\":\"https:\\\/\\\/jornaldasoficinas.com\\\/pt\\\/\",\"name\":\"Jornal das Oficinas\",\"description\":\"Jornal independente do Aftermarket Autom\u00f3vel em Portugal\",\"publisher\":{\"@id\":\"https:\\\/\\\/jornaldasoficinas.com\\\/pt\\\/#organization\"},\"potentialAction\":[{\"@type\":\"SearchAction\",\"target\":{\"@type\":\"EntryPoint\",\"urlTemplate\":\"https:\\\/\\\/jornaldasoficinas.com\\\/pt\\\/?s={search_term_string}\"},\"query-input\":{\"@type\":\"PropertyValueSpecification\",\"valueRequired\":true,\"valueName\":\"search_term_string\"}}],\"inLanguage\":\"pt-PT\"},{\"@type\":\"Organization\",\"@id\":\"https:\\\/\\\/jornaldasoficinas.com\\\/pt\\\/#organization\",\"name\":\"Jornal das Oficinas\",\"url\":\"https:\\\/\\\/jornaldasoficinas.com\\\/pt\\\/\",\"logo\":{\"@type\":\"ImageObject\",\"inLanguage\":\"pt-PT\",\"@id\":\"https:\\\/\\\/jornaldasoficinas.com\\\/pt\\\/#\\\/schema\\\/logo\\\/image\\\/\",\"url\":\"https:\\\/\\\/jornaldasoficinas.com\\\/pt\\\/wp-content\\\/uploads\\\/logoJO-SEO.png\",\"contentUrl\":\"https:\\\/\\\/jornaldasoficinas.com\\\/pt\\\/wp-content\\\/uploads\\\/logoJO-SEO.png\",\"width\":285,\"height\":450,\"caption\":\"Jornal das Oficinas\"},\"image\":{\"@id\":\"https:\\\/\\\/jornaldasoficinas.com\\\/pt\\\/#\\\/schema\\\/logo\\\/image\\\/\"},\"sameAs\":[\"https:\\\/\\\/www.facebook.com\\\/jornaloficinas\",\"https:\\\/\\\/x.com\\\/jornaloficinas\",\"https:\\\/\\\/www.instagram.com\\\/jornal_oficinas\\\/\",\"https:\\\/\\\/www.linkedin.com\\\/company\\\/jornal-das-oficinas\\\/\",\"https:\\\/\\\/www.youtube.com\\\/channel\\\/UCbQZBqtcvV-oSQrr7RzINGg\"]},{\"@type\":\"Person\",\"@id\":\"https:\\\/\\\/jornaldasoficinas.com\\\/pt\\\/#\\\/schema\\\/person\\\/a38eef5de2c41d9e7c9ac10141afddf3\",\"name\":\"Reda\u00e7\u00e3o JO\",\"image\":{\"@type\":\"ImageObject\",\"inLanguage\":\"pt-PT\",\"@id\":\"https:\\\/\\\/secure.gravatar.com\\\/avatar\\\/71f2fa71737ad68a84fea94bc708ddac8ea5b0c4788dc2ad202f3ccb2887742f?s=96&d=wp_user_avatar&r=g\",\"url\":\"https:\\\/\\\/secure.gravatar.com\\\/avatar\\\/71f2fa71737ad68a84fea94bc708ddac8ea5b0c4788dc2ad202f3ccb2887742f?s=96&d=wp_user_avatar&r=g\",\"contentUrl\":\"https:\\\/\\\/secure.gravatar.com\\\/avatar\\\/71f2fa71737ad68a84fea94bc708ddac8ea5b0c4788dc2ad202f3ccb2887742f?s=96&d=wp_user_avatar&r=g\",\"caption\":\"Reda\u00e7\u00e3o JO\"},\"url\":\"https:\\\/\\\/jornaldasoficinas.com\\\/pt\\\/author\\\/joredacao\\\/\"}]}<\/script>\n<!-- \/ Yoast SEO plugin. -->","yoast_head_json":{"title":"Renault e Ford formam parceria estrat\u00e9gica - Jornal das Oficinas","description":"O Grupo Renault e a Ford anunciaram uma parceria estrat\u00e9gica com o objetivo de expandir a oferta de el\u00e9tricos da Ford aos clientes europeus","robots":{"index":"index","follow":"follow","max-snippet":"max-snippet:-1","max-image-preview":"max-image-preview:large","max-video-preview":"max-video-preview:-1"},"canonical":"https:\/\/jornaldasoficinas.com\/pt\/renault-e-ford-formam-parceria-estrategica\/","og_locale":"pt_PT","og_type":"article","og_title":"Renault e Ford formam parceria estrat\u00e9gica - Jornal das Oficinas","og_description":"O Grupo Renault e a Ford anunciaram uma parceria estrat\u00e9gica com o objetivo de expandir a oferta de el\u00e9tricos da Ford aos clientes europeus","og_url":"https:\/\/jornaldasoficinas.com\/pt\/renault-e-ford-formam-parceria-estrategica\/","og_site_name":"Jornal das Oficinas","article_publisher":"https:\/\/www.facebook.com\/jornaloficinas","article_published_time":"2025-12-11T14:00:54+00:00","og_image":[{"width":1024,"height":581,"url":"https:\/\/jornaldasoficinas.com\/pt\/wp-content\/uploads\/2025\/12\/Renault-e-Ford.jpg","type":"image\/jpeg"}],"author":"Reda\u00e7\u00e3o JO","twitter_card":"summary_large_image","twitter_creator":"@jornaloficinas","twitter_site":"@jornaloficinas","twitter_misc":{"Escrito por":"Reda\u00e7\u00e3o JO","Tempo estimado de leitura":"4 minutos"},"schema":{"@context":"https:\/\/schema.org","@graph":[{"@type":"Article","@id":"https:\/\/jornaldasoficinas.com\/pt\/renault-e-ford-formam-parceria-estrategica\/#article","isPartOf":{"@id":"https:\/\/jornaldasoficinas.com\/pt\/renault-e-ford-formam-parceria-estrategica\/"},"author":{"name":"Reda\u00e7\u00e3o JO","@id":"https:\/\/jornaldasoficinas.com\/pt\/#\/schema\/person\/a38eef5de2c41d9e7c9ac10141afddf3"},"headline":"Renault e Ford formam parceria estrat\u00e9gica","datePublished":"2025-12-11T14:00:54+00:00","mainEntityOfPage":{"@id":"https:\/\/jornaldasoficinas.com\/pt\/renault-e-ford-formam-parceria-estrategica\/"},"wordCount":588,"publisher":{"@id":"https:\/\/jornaldasoficinas.com\/pt\/#organization"},"image":{"@id":"https:\/\/jornaldasoficinas.com\/pt\/renault-e-ford-formam-parceria-estrategica\/#primaryimage"},"thumbnailUrl":"https:\/\/jornaldasoficinas.com\/pt\/wp-content\/uploads\/2025\/12\/Renault-e-Ford.jpg","keywords":["clientes europeus","competitividade","Ford","Parceria Estrat\u00e9gica","Renault","Ve\u00edculos el\u00e9tricos"],"articleSection":["Empresas"],"inLanguage":"pt-PT"},{"@type":"WebPage","@id":"https:\/\/jornaldasoficinas.com\/pt\/renault-e-ford-formam-parceria-estrategica\/","url":"https:\/\/jornaldasoficinas.com\/pt\/renault-e-ford-formam-parceria-estrategica\/","name":"Renault e Ford formam parceria estrat\u00e9gica - Jornal das Oficinas","isPartOf":{"@id":"https:\/\/jornaldasoficinas.com\/pt\/#website"},"primaryImageOfPage":{"@id":"https:\/\/jornaldasoficinas.com\/pt\/renault-e-ford-formam-parceria-estrategica\/#primaryimage"},"image":{"@id":"https:\/\/jornaldasoficinas.com\/pt\/renault-e-ford-formam-parceria-estrategica\/#primaryimage"},"thumbnailUrl":"https:\/\/jornaldasoficinas.com\/pt\/wp-content\/uploads\/2025\/12\/Renault-e-Ford.jpg","datePublished":"2025-12-11T14:00:54+00:00","description":"O Grupo Renault e a Ford anunciaram uma parceria estrat\u00e9gica com o objetivo de expandir a oferta de el\u00e9tricos da Ford aos clientes europeus","breadcrumb":{"@id":"https:\/\/jornaldasoficinas.com\/pt\/renault-e-ford-formam-parceria-estrategica\/#breadcrumb"},"inLanguage":"pt-PT","potentialAction":[{"@type":"ReadAction","target":["https:\/\/jornaldasoficinas.com\/pt\/renault-e-ford-formam-parceria-estrategica\/"]}]},{"@type":"ImageObject","inLanguage":"pt-PT","@id":"https:\/\/jornaldasoficinas.com\/pt\/renault-e-ford-formam-parceria-estrategica\/#primaryimage","url":"https:\/\/jornaldasoficinas.com\/pt\/wp-content\/uploads\/2025\/12\/Renault-e-Ford.jpg","contentUrl":"https:\/\/jornaldasoficinas.com\/pt\/wp-content\/uploads\/2025\/12\/Renault-e-Ford.jpg","width":1024,"height":581,"caption":"12 - Renault e Ford"},{"@type":"BreadcrumbList","@id":"https:\/\/jornaldasoficinas.com\/pt\/renault-e-ford-formam-parceria-estrategica\/#breadcrumb","itemListElement":[{"@type":"ListItem","position":1,"name":"In\u00edcio","item":"https:\/\/jornaldasoficinas.com\/pt\/"},{"@type":"ListItem","position":2,"name":"Renault e Ford formam parceria estrat\u00e9gica"}]},{"@type":"WebSite","@id":"https:\/\/jornaldasoficinas.com\/pt\/#website","url":"https:\/\/jornaldasoficinas.com\/pt\/","name":"Jornal das Oficinas","description":"Jornal independente do Aftermarket Autom\u00f3vel em Portugal","publisher":{"@id":"https:\/\/jornaldasoficinas.com\/pt\/#organization"},"potentialAction":[{"@type":"SearchAction","target":{"@type":"EntryPoint","urlTemplate":"https:\/\/jornaldasoficinas.com\/pt\/?s={search_term_string}"},"query-input":{"@type":"PropertyValueSpecification","valueRequired":true,"valueName":"search_term_string"}}],"inLanguage":"pt-PT"},{"@type":"Organization","@id":"https:\/\/jornaldasoficinas.com\/pt\/#organization","name":"Jornal das Oficinas","url":"https:\/\/jornaldasoficinas.com\/pt\/","logo":{"@type":"ImageObject","inLanguage":"pt-PT","@id":"https:\/\/jornaldasoficinas.com\/pt\/#\/schema\/logo\/image\/","url":"https:\/\/jornaldasoficinas.com\/pt\/wp-content\/uploads\/logoJO-SEO.png","contentUrl":"https:\/\/jornaldasoficinas.com\/pt\/wp-content\/uploads\/logoJO-SEO.png","width":285,"height":450,"caption":"Jornal das Oficinas"},"image":{"@id":"https:\/\/jornaldasoficinas.com\/pt\/#\/schema\/logo\/image\/"},"sameAs":["https:\/\/www.facebook.com\/jornaloficinas","https:\/\/x.com\/jornaloficinas","https:\/\/www.instagram.com\/jornal_oficinas\/","https:\/\/www.linkedin.com\/company\/jornal-das-oficinas\/","https:\/\/www.youtube.com\/channel\/UCbQZBqtcvV-oSQrr7RzINGg"]},{"@type":"Person","@id":"https:\/\/jornaldasoficinas.com\/pt\/#\/schema\/person\/a38eef5de2c41d9e7c9ac10141afddf3","name":"Reda\u00e7\u00e3o JO","image":{"@type":"ImageObject","inLanguage":"pt-PT","@id":"https:\/\/secure.gravatar.com\/avatar\/71f2fa71737ad68a84fea94bc708ddac8ea5b0c4788dc2ad202f3ccb2887742f?s=96&d=wp_user_avatar&r=g","url":"https:\/\/secure.gravatar.com\/avatar\/71f2fa71737ad68a84fea94bc708ddac8ea5b0c4788dc2ad202f3ccb2887742f?s=96&d=wp_user_avatar&r=g","contentUrl":"https:\/\/secure.gravatar.com\/avatar\/71f2fa71737ad68a84fea94bc708ddac8ea5b0c4788dc2ad202f3ccb2887742f?s=96&d=wp_user_avatar&r=g","caption":"Reda\u00e7\u00e3o JO"},"url":"https:\/\/jornaldasoficinas.com\/pt\/author\/joredacao\/"}]}},"_links":{"self":[{"href":"https:\/\/jornaldasoficinas.com\/pt\/wp-json\/wp\/v2\/posts\/110642","targetHints":{"allow":["GET"]}}],"collection":[{"href":"https:\/\/jornaldasoficinas.com\/pt\/wp-json\/wp\/v2\/posts"}],"about":[{"href":"https:\/\/jornaldasoficinas.com\/pt\/wp-json\/wp\/v2\/types\/post"}],"author":[{"embeddable":true,"href":"https:\/\/jornaldasoficinas.com\/pt\/wp-json\/wp\/v2\/users\/15"}],"replies":[{"embeddable":true,"href":"https:\/\/jornaldasoficinas.com\/pt\/wp-json\/wp\/v2\/comments?post=110642"}],"version-history":[{"count":2,"href":"https:\/\/jornaldasoficinas.com\/pt\/wp-json\/wp\/v2\/posts\/110642\/revisions"}],"predecessor-version":[{"id":110678,"href":"https:\/\/jornaldasoficinas.com\/pt\/wp-json\/wp\/v2\/posts\/110642\/revisions\/110678"}],"wp:featuredmedia":[{"embeddable":true,"href":"https:\/\/jornaldasoficinas.com\/pt\/wp-json\/wp\/v2\/media\/110672"}],"wp:attachment":[{"href":"https:\/\/jornaldasoficinas.com\/pt\/wp-json\/wp\/v2\/media?parent=110642"}],"wp:term":[{"taxonomy":"category","embeddable":true,"href":"https:\/\/jornaldasoficinas.com\/pt\/wp-json\/wp\/v2\/categories?post=110642"},{"taxonomy":"post_tag","embeddable":true,"href":"https:\/\/jornaldasoficinas.com\/pt\/wp-json\/wp\/v2\/tags?post=110642"}],"curies":[{"name":"wp","href":"https:\/\/api.w.org\/{rel}","templated":true}]}}