{"id":110649,"date":"2025-12-15T14:00:50","date_gmt":"2025-12-15T14:00:50","guid":{"rendered":"https:\/\/jornaldasoficinas.com\/pt\/?p=110649"},"modified":"2025-12-11T19:00:03","modified_gmt":"2025-12-11T19:00:03","slug":"osram-apresenta-nova-geracao-de-luzes-de-bicicleta","status":"publish","type":"post","link":"https:\/\/jornaldasoficinas.com\/pt\/osram-apresenta-nova-geracao-de-luzes-de-bicicleta\/","title":{"rendered":"OSRAM apresenta nova gera\u00e7\u00e3o de luzes de bicicleta"},"content":{"rendered":"<p><strong><img loading=\"lazy\" decoding=\"async\" class=\"alignnone size-full wp-image-110671\" src=\"https:\/\/jornaldasoficinas.com\/pt\/wp-content\/uploads\/2025\/12\/OSRAM-apresenta-nova.jpg\" alt=\"12 - OSRAM apresenta nova\" width=\"1024\" height=\"581\" srcset=\"https:\/\/jornaldasoficinas.com\/pt\/wp-content\/uploads\/2025\/12\/OSRAM-apresenta-nova.jpg 1024w, https:\/\/jornaldasoficinas.com\/pt\/wp-content\/uploads\/2025\/12\/OSRAM-apresenta-nova-300x170.jpg 300w, https:\/\/jornaldasoficinas.com\/pt\/wp-content\/uploads\/2025\/12\/OSRAM-apresenta-nova-150x85.jpg 150w, https:\/\/jornaldasoficinas.com\/pt\/wp-content\/uploads\/2025\/12\/OSRAM-apresenta-nova-768x436.jpg 768w\" sizes=\"auto, (max-width: 1024px) 100vw, 1024px\" \/><\/strong><\/p>\n<p><strong>A <a href=\"https:\/\/www.google.com\/url?sa=t&amp;source=web&amp;rct=j&amp;opi=89978449&amp;url=https:\/\/www.osram.pt\/am\/&amp;ved=2ahUKEwjEv7_-lrSRAxXGVqQEHQrYAv8QFnoECCAQAQ&amp;usg=AOvVaw3ZFPmkWjHOinWhY0lbfx4a\">ams OSRAM<\/a>\u00a0apresentou a sua nova gera\u00e7\u00e3o de luzes de bicicleta de alto desempenho: LEDsBIKE COMPACT SET, bem como as luzes traseiras COMPACT REAR e RACE REAR, dispon\u00edveis separadamente. Com tr\u00eas n\u00edveis de brilho e luz de trav\u00e3o integrada proporcionam visibilidade ideal e longa dura\u00e7\u00e3o da bateria<\/strong><\/p>\n<p style=\"font-weight: 400;\">Quer seja no tr\u00e2nsito urbano, em estradas rurais ou fora de estrada, as luzes para bicicletas da ams OSRAM garantem visibilidade e seguran\u00e7a de forma fi\u00e1vel. A nova gera\u00e7\u00e3o de potentes luzes para bicicletas chegou mesmo a tempo da \u00e9poca escura: os inovadores conjuntos LEDsBIKE COMPACT incluem uma luz dianteira intuitiva com 50 ou 100 lux e uma luz traseira.<\/p>\n<p style=\"font-weight: 400;\">As luzes de alto desempenho oferecem tr\u00eas n\u00edveis de brilho que podem ser ajustados manualmente ou adaptados automaticamente \u00e0s condi\u00e7\u00f5es de luz ambiente atrav\u00e9s de um sensor de brilho. A luz de trav\u00e3o integrada na luz traseira sinaliza automaticamente a travagem aos outros utilizadores da estrada. Com uma autonomia de bateria de at\u00e9 14 horas, as luzes proporcionam um desempenho duradouro antes de precisarem de ser recarregadas. A montagem compat\u00edvel com Garmin, com um sistema pr\u00e1tico de liberta\u00e7\u00e3o r\u00e1pida, torna a instala\u00e7\u00e3o r\u00e1pida e f\u00e1cil.<\/p>\n<p style=\"font-weight: 400;\">Os novos conjuntos de luzes LEDsBIKE COMPACT da OSRAM Autom\u00f3vel est\u00e3o dispon\u00edveis em dois n\u00edveis de pot\u00eancia: 50 ou 100 lux. Ambas as vers\u00f5es apresentam um design compacto e leve com inv\u00f3lucro ABS, t\u00eam aprova\u00e7\u00e3o StVZO e impressionam com potentes LEDs ams OSRAM para visibilidade e seguran\u00e7a \u00f3timas no tr\u00e2nsito rodovi\u00e1rio. Ambos os conjuntos s\u00e3o resistentes \u00e0s intemp\u00e9ries segundo a IP54, v\u00eam com um suporte compat\u00edvel com Garmin para v\u00e1rios tamanhos de guiador, uma fun\u00e7\u00e3o de carregamento USB-C conveniente e incluem 2 anos de garantia1.<\/p>\n<p style=\"font-weight: 400;\"><strong>LEDsBIKE COMPACT 50 <\/strong><\/p>\n<p style=\"font-weight: 400;\">A vers\u00e3o de 50 lux impressiona com tr\u00eas n\u00edveis de brilho (25%, 50%, 100%) na luz frontal, um indicador de bateria e de carregamento, e at\u00e9 14 horas de autonomia. Este conjunto de ilumina\u00e7\u00e3o \u00e9 ideal para uso em bicicletas de cidade, bicicletas de trekking, bicicletas de montanha, bicicletas de estrada, bicicletas de gravilha e bicicletas el\u00e9tricas.<\/p>\n<p style=\"font-weight: 400;\">O conjunto de 100 lux oferece ainda um modo autom\u00e1tico para os n\u00edveis de brilho dianteiro e uma luz de trav\u00e3o integrada na luz traseira. O modo autom\u00e1tico deteta as condi\u00e7\u00f5es de ilumina\u00e7\u00e3o atuais e ajusta automaticamente o brilho. Na escurid\u00e3o ou com m\u00e1 visibilidade, o LED muda automaticamente para uma configura\u00e7\u00e3o mais alta, enquanto com luz ambiente suficiente, o brilho \u00e9 reduzido. Isto n\u00e3o s\u00f3 aumenta o conforto, como tamb\u00e9m garante a m\u00e1xima seguran\u00e7a e prolonga a dura\u00e7\u00e3o da bateria at\u00e9 12 horas.<\/p>\n<p style=\"font-weight: 400;\"><strong>LEDsBIKE COMPACT REAR <\/strong><\/p>\n<p style=\"font-weight: 400;\">Outro destaque \u00e9 a luz traseira inteligente com fun\u00e7\u00e3o de luz de trav\u00e3o. O sistema deteta de forma fi\u00e1vel a desacelera\u00e7\u00e3o ou travagem e ativa um sinal luminoso significativamente mais intenso nesses momentos. Isto garante que os outros utilizadores da estrada sejam alertados para a manobra de travagem desde cedo \u2013 um n\u00edvel adicional de seguran\u00e7a, especialmente ao circular no escuro ou em condi\u00e7\u00f5es de pouca visibilidade.<\/p>\n<p style=\"font-weight: 400;\">As luzes traseiras tamb\u00e9m est\u00e3o dispon\u00edveis separadamente como LEDsBIKE COMPACT REAR ou RACE REAR.<\/p>\n<p style=\"font-weight: 400;\">O OSRAM LEDsBIKE COMPACT 100 SET \u00e9 altamente vers\u00e1til e adequado para bicicletas de cidade, bicicletas de trekking, bicicletas de estrada, gravilha, bicicletas de montanha e bicicletas el\u00e9tricas.<\/p>\n","protected":false},"excerpt":{"rendered":"<p>A ams OSRAM\u00a0apresentou a sua nova&#8230;<\/p>\n","protected":false},"author":15,"featured_media":110671,"comment_status":"closed","ping_status":"closed","sticky":false,"template":"","format":"standard","meta":{"footnotes":""},"categories":[29],"tags":[5356,14192,14191,14190,60,13078,14193,14194],"class_list":["post-110649","post","type-post","status-publish","format-standard","has-post-thumbnail","hentry","category-empresas","tag-bicicletas","tag-compact-rear","tag-ledsbike-compact-set","tag-luzes-de-bicicleta","tag-osram","tag-osram-automovel","tag-race-rear","tag-visibilidade"],"yoast_head":"<!-- This site is optimized with the Yoast SEO plugin v27.4 - https:\/\/yoast.com\/product\/yoast-seo-wordpress\/ -->\n<title>OSRAM apresenta nova gera\u00e7\u00e3o de luzes de bicicleta - Jornal das Oficinas<\/title>\n<meta name=\"description\" content=\"A ams OSRAM\u00a0apresentou a sua nova gera\u00e7\u00e3o de luzes de bicicleta de alto desempenho: a LEDsBIKE COMPACT SET, a COMPACT REAR e a RACE REAR\" \/>\n<meta name=\"robots\" content=\"index, follow, max-snippet:-1, max-image-preview:large, max-video-preview:-1\" \/>\n<link rel=\"canonical\" href=\"https:\/\/jornaldasoficinas.com\/pt\/osram-apresenta-nova-geracao-de-luzes-de-bicicleta\/\" \/>\n<meta property=\"og:locale\" content=\"pt_PT\" \/>\n<meta property=\"og:type\" content=\"article\" \/>\n<meta property=\"og:title\" content=\"OSRAM apresenta nova gera\u00e7\u00e3o de luzes de bicicleta - Jornal das Oficinas\" \/>\n<meta property=\"og:description\" content=\"A ams OSRAM\u00a0apresentou a sua nova gera\u00e7\u00e3o de luzes de bicicleta de alto desempenho: a LEDsBIKE COMPACT SET, a COMPACT REAR e a RACE REAR\" \/>\n<meta property=\"og:url\" content=\"https:\/\/jornaldasoficinas.com\/pt\/osram-apresenta-nova-geracao-de-luzes-de-bicicleta\/\" \/>\n<meta property=\"og:site_name\" content=\"Jornal das Oficinas\" \/>\n<meta property=\"article:publisher\" content=\"https:\/\/www.facebook.com\/jornaloficinas\" \/>\n<meta property=\"article:published_time\" content=\"2025-12-15T14:00:50+00:00\" \/>\n<meta property=\"og:image\" content=\"https:\/\/jornaldasoficinas.com\/pt\/wp-content\/uploads\/2025\/12\/OSRAM-apresenta-nova.jpg\" \/>\n\t<meta property=\"og:image:width\" content=\"1024\" \/>\n\t<meta property=\"og:image:height\" content=\"581\" \/>\n\t<meta property=\"og:image:type\" content=\"image\/jpeg\" \/>\n<meta name=\"author\" content=\"Reda\u00e7\u00e3o JO\" \/>\n<meta name=\"twitter:card\" content=\"summary_large_image\" \/>\n<meta name=\"twitter:creator\" content=\"@jornaloficinas\" \/>\n<meta name=\"twitter:site\" content=\"@jornaloficinas\" \/>\n<meta name=\"twitter:label1\" content=\"Escrito por\" \/>\n\t<meta name=\"twitter:data1\" content=\"Reda\u00e7\u00e3o JO\" \/>\n\t<meta name=\"twitter:label2\" content=\"Tempo estimado de leitura\" \/>\n\t<meta name=\"twitter:data2\" content=\"4 minutos\" \/>\n<script type=\"application\/ld+json\" class=\"yoast-schema-graph\">{\"@context\":\"https:\\\/\\\/schema.org\",\"@graph\":[{\"@type\":\"Article\",\"@id\":\"https:\\\/\\\/jornaldasoficinas.com\\\/pt\\\/osram-apresenta-nova-geracao-de-luzes-de-bicicleta\\\/#article\",\"isPartOf\":{\"@id\":\"https:\\\/\\\/jornaldasoficinas.com\\\/pt\\\/osram-apresenta-nova-geracao-de-luzes-de-bicicleta\\\/\"},\"author\":{\"name\":\"Reda\u00e7\u00e3o JO\",\"@id\":\"https:\\\/\\\/jornaldasoficinas.com\\\/pt\\\/#\\\/schema\\\/person\\\/a38eef5de2c41d9e7c9ac10141afddf3\"},\"headline\":\"OSRAM apresenta nova gera\u00e7\u00e3o de luzes de bicicleta\",\"datePublished\":\"2025-12-15T14:00:50+00:00\",\"mainEntityOfPage\":{\"@id\":\"https:\\\/\\\/jornaldasoficinas.com\\\/pt\\\/osram-apresenta-nova-geracao-de-luzes-de-bicicleta\\\/\"},\"wordCount\":593,\"publisher\":{\"@id\":\"https:\\\/\\\/jornaldasoficinas.com\\\/pt\\\/#organization\"},\"image\":{\"@id\":\"https:\\\/\\\/jornaldasoficinas.com\\\/pt\\\/osram-apresenta-nova-geracao-de-luzes-de-bicicleta\\\/#primaryimage\"},\"thumbnailUrl\":\"https:\\\/\\\/jornaldasoficinas.com\\\/pt\\\/wp-content\\\/uploads\\\/2025\\\/12\\\/OSRAM-apresenta-nova.jpg\",\"keywords\":[\"Bicicletas\",\"COMPACT REAR\",\"LEDsBIKE COMPACT SET\",\"luzes de bicicleta\",\"OSRAM\",\"OSRAM Autom\u00f3vel\",\"RACE REAR\",\"visibilidade\"],\"articleSection\":[\"Empresas\"],\"inLanguage\":\"pt-PT\"},{\"@type\":\"WebPage\",\"@id\":\"https:\\\/\\\/jornaldasoficinas.com\\\/pt\\\/osram-apresenta-nova-geracao-de-luzes-de-bicicleta\\\/\",\"url\":\"https:\\\/\\\/jornaldasoficinas.com\\\/pt\\\/osram-apresenta-nova-geracao-de-luzes-de-bicicleta\\\/\",\"name\":\"OSRAM apresenta nova gera\u00e7\u00e3o de luzes de bicicleta - Jornal das Oficinas\",\"isPartOf\":{\"@id\":\"https:\\\/\\\/jornaldasoficinas.com\\\/pt\\\/#website\"},\"primaryImageOfPage\":{\"@id\":\"https:\\\/\\\/jornaldasoficinas.com\\\/pt\\\/osram-apresenta-nova-geracao-de-luzes-de-bicicleta\\\/#primaryimage\"},\"image\":{\"@id\":\"https:\\\/\\\/jornaldasoficinas.com\\\/pt\\\/osram-apresenta-nova-geracao-de-luzes-de-bicicleta\\\/#primaryimage\"},\"thumbnailUrl\":\"https:\\\/\\\/jornaldasoficinas.com\\\/pt\\\/wp-content\\\/uploads\\\/2025\\\/12\\\/OSRAM-apresenta-nova.jpg\",\"datePublished\":\"2025-12-15T14:00:50+00:00\",\"description\":\"A ams OSRAM\u00a0apresentou a sua nova gera\u00e7\u00e3o de luzes de bicicleta de alto desempenho: a LEDsBIKE COMPACT SET, a COMPACT REAR e a RACE REAR\",\"breadcrumb\":{\"@id\":\"https:\\\/\\\/jornaldasoficinas.com\\\/pt\\\/osram-apresenta-nova-geracao-de-luzes-de-bicicleta\\\/#breadcrumb\"},\"inLanguage\":\"pt-PT\",\"potentialAction\":[{\"@type\":\"ReadAction\",\"target\":[\"https:\\\/\\\/jornaldasoficinas.com\\\/pt\\\/osram-apresenta-nova-geracao-de-luzes-de-bicicleta\\\/\"]}]},{\"@type\":\"ImageObject\",\"inLanguage\":\"pt-PT\",\"@id\":\"https:\\\/\\\/jornaldasoficinas.com\\\/pt\\\/osram-apresenta-nova-geracao-de-luzes-de-bicicleta\\\/#primaryimage\",\"url\":\"https:\\\/\\\/jornaldasoficinas.com\\\/pt\\\/wp-content\\\/uploads\\\/2025\\\/12\\\/OSRAM-apresenta-nova.jpg\",\"contentUrl\":\"https:\\\/\\\/jornaldasoficinas.com\\\/pt\\\/wp-content\\\/uploads\\\/2025\\\/12\\\/OSRAM-apresenta-nova.jpg\",\"width\":1024,\"height\":581,\"caption\":\"12 - OSRAM apresenta nova\"},{\"@type\":\"BreadcrumbList\",\"@id\":\"https:\\\/\\\/jornaldasoficinas.com\\\/pt\\\/osram-apresenta-nova-geracao-de-luzes-de-bicicleta\\\/#breadcrumb\",\"itemListElement\":[{\"@type\":\"ListItem\",\"position\":1,\"name\":\"In\u00edcio\",\"item\":\"https:\\\/\\\/jornaldasoficinas.com\\\/pt\\\/\"},{\"@type\":\"ListItem\",\"position\":2,\"name\":\"OSRAM apresenta nova gera\u00e7\u00e3o de luzes de bicicleta\"}]},{\"@type\":\"WebSite\",\"@id\":\"https:\\\/\\\/jornaldasoficinas.com\\\/pt\\\/#website\",\"url\":\"https:\\\/\\\/jornaldasoficinas.com\\\/pt\\\/\",\"name\":\"Jornal das Oficinas\",\"description\":\"Jornal independente do Aftermarket Autom\u00f3vel em Portugal\",\"publisher\":{\"@id\":\"https:\\\/\\\/jornaldasoficinas.com\\\/pt\\\/#organization\"},\"potentialAction\":[{\"@type\":\"SearchAction\",\"target\":{\"@type\":\"EntryPoint\",\"urlTemplate\":\"https:\\\/\\\/jornaldasoficinas.com\\\/pt\\\/?s={search_term_string}\"},\"query-input\":{\"@type\":\"PropertyValueSpecification\",\"valueRequired\":true,\"valueName\":\"search_term_string\"}}],\"inLanguage\":\"pt-PT\"},{\"@type\":\"Organization\",\"@id\":\"https:\\\/\\\/jornaldasoficinas.com\\\/pt\\\/#organization\",\"name\":\"Jornal das Oficinas\",\"url\":\"https:\\\/\\\/jornaldasoficinas.com\\\/pt\\\/\",\"logo\":{\"@type\":\"ImageObject\",\"inLanguage\":\"pt-PT\",\"@id\":\"https:\\\/\\\/jornaldasoficinas.com\\\/pt\\\/#\\\/schema\\\/logo\\\/image\\\/\",\"url\":\"https:\\\/\\\/jornaldasoficinas.com\\\/pt\\\/wp-content\\\/uploads\\\/logoJO-SEO.png\",\"contentUrl\":\"https:\\\/\\\/jornaldasoficinas.com\\\/pt\\\/wp-content\\\/uploads\\\/logoJO-SEO.png\",\"width\":285,\"height\":450,\"caption\":\"Jornal das Oficinas\"},\"image\":{\"@id\":\"https:\\\/\\\/jornaldasoficinas.com\\\/pt\\\/#\\\/schema\\\/logo\\\/image\\\/\"},\"sameAs\":[\"https:\\\/\\\/www.facebook.com\\\/jornaloficinas\",\"https:\\\/\\\/x.com\\\/jornaloficinas\",\"https:\\\/\\\/www.instagram.com\\\/jornal_oficinas\\\/\",\"https:\\\/\\\/www.linkedin.com\\\/company\\\/jornal-das-oficinas\\\/\",\"https:\\\/\\\/www.youtube.com\\\/channel\\\/UCbQZBqtcvV-oSQrr7RzINGg\"]},{\"@type\":\"Person\",\"@id\":\"https:\\\/\\\/jornaldasoficinas.com\\\/pt\\\/#\\\/schema\\\/person\\\/a38eef5de2c41d9e7c9ac10141afddf3\",\"name\":\"Reda\u00e7\u00e3o JO\",\"image\":{\"@type\":\"ImageObject\",\"inLanguage\":\"pt-PT\",\"@id\":\"https:\\\/\\\/secure.gravatar.com\\\/avatar\\\/71f2fa71737ad68a84fea94bc708ddac8ea5b0c4788dc2ad202f3ccb2887742f?s=96&d=wp_user_avatar&r=g\",\"url\":\"https:\\\/\\\/secure.gravatar.com\\\/avatar\\\/71f2fa71737ad68a84fea94bc708ddac8ea5b0c4788dc2ad202f3ccb2887742f?s=96&d=wp_user_avatar&r=g\",\"contentUrl\":\"https:\\\/\\\/secure.gravatar.com\\\/avatar\\\/71f2fa71737ad68a84fea94bc708ddac8ea5b0c4788dc2ad202f3ccb2887742f?s=96&d=wp_user_avatar&r=g\",\"caption\":\"Reda\u00e7\u00e3o JO\"},\"url\":\"https:\\\/\\\/jornaldasoficinas.com\\\/pt\\\/author\\\/joredacao\\\/\"}]}<\/script>\n<!-- \/ Yoast SEO plugin. -->","yoast_head_json":{"title":"OSRAM apresenta nova gera\u00e7\u00e3o de luzes de bicicleta - Jornal das Oficinas","description":"A ams OSRAM\u00a0apresentou a sua nova gera\u00e7\u00e3o de luzes de bicicleta de alto desempenho: a LEDsBIKE COMPACT SET, a COMPACT REAR e a RACE REAR","robots":{"index":"index","follow":"follow","max-snippet":"max-snippet:-1","max-image-preview":"max-image-preview:large","max-video-preview":"max-video-preview:-1"},"canonical":"https:\/\/jornaldasoficinas.com\/pt\/osram-apresenta-nova-geracao-de-luzes-de-bicicleta\/","og_locale":"pt_PT","og_type":"article","og_title":"OSRAM apresenta nova gera\u00e7\u00e3o de luzes de bicicleta - Jornal das Oficinas","og_description":"A ams OSRAM\u00a0apresentou a sua nova gera\u00e7\u00e3o de luzes de bicicleta de alto desempenho: a LEDsBIKE COMPACT SET, a COMPACT REAR e a RACE REAR","og_url":"https:\/\/jornaldasoficinas.com\/pt\/osram-apresenta-nova-geracao-de-luzes-de-bicicleta\/","og_site_name":"Jornal das Oficinas","article_publisher":"https:\/\/www.facebook.com\/jornaloficinas","article_published_time":"2025-12-15T14:00:50+00:00","og_image":[{"width":1024,"height":581,"url":"https:\/\/jornaldasoficinas.com\/pt\/wp-content\/uploads\/2025\/12\/OSRAM-apresenta-nova.jpg","type":"image\/jpeg"}],"author":"Reda\u00e7\u00e3o JO","twitter_card":"summary_large_image","twitter_creator":"@jornaloficinas","twitter_site":"@jornaloficinas","twitter_misc":{"Escrito por":"Reda\u00e7\u00e3o JO","Tempo estimado de leitura":"4 minutos"},"schema":{"@context":"https:\/\/schema.org","@graph":[{"@type":"Article","@id":"https:\/\/jornaldasoficinas.com\/pt\/osram-apresenta-nova-geracao-de-luzes-de-bicicleta\/#article","isPartOf":{"@id":"https:\/\/jornaldasoficinas.com\/pt\/osram-apresenta-nova-geracao-de-luzes-de-bicicleta\/"},"author":{"name":"Reda\u00e7\u00e3o JO","@id":"https:\/\/jornaldasoficinas.com\/pt\/#\/schema\/person\/a38eef5de2c41d9e7c9ac10141afddf3"},"headline":"OSRAM apresenta nova gera\u00e7\u00e3o de luzes de bicicleta","datePublished":"2025-12-15T14:00:50+00:00","mainEntityOfPage":{"@id":"https:\/\/jornaldasoficinas.com\/pt\/osram-apresenta-nova-geracao-de-luzes-de-bicicleta\/"},"wordCount":593,"publisher":{"@id":"https:\/\/jornaldasoficinas.com\/pt\/#organization"},"image":{"@id":"https:\/\/jornaldasoficinas.com\/pt\/osram-apresenta-nova-geracao-de-luzes-de-bicicleta\/#primaryimage"},"thumbnailUrl":"https:\/\/jornaldasoficinas.com\/pt\/wp-content\/uploads\/2025\/12\/OSRAM-apresenta-nova.jpg","keywords":["Bicicletas","COMPACT REAR","LEDsBIKE COMPACT SET","luzes de bicicleta","OSRAM","OSRAM Autom\u00f3vel","RACE REAR","visibilidade"],"articleSection":["Empresas"],"inLanguage":"pt-PT"},{"@type":"WebPage","@id":"https:\/\/jornaldasoficinas.com\/pt\/osram-apresenta-nova-geracao-de-luzes-de-bicicleta\/","url":"https:\/\/jornaldasoficinas.com\/pt\/osram-apresenta-nova-geracao-de-luzes-de-bicicleta\/","name":"OSRAM apresenta nova gera\u00e7\u00e3o de luzes de bicicleta - Jornal das Oficinas","isPartOf":{"@id":"https:\/\/jornaldasoficinas.com\/pt\/#website"},"primaryImageOfPage":{"@id":"https:\/\/jornaldasoficinas.com\/pt\/osram-apresenta-nova-geracao-de-luzes-de-bicicleta\/#primaryimage"},"image":{"@id":"https:\/\/jornaldasoficinas.com\/pt\/osram-apresenta-nova-geracao-de-luzes-de-bicicleta\/#primaryimage"},"thumbnailUrl":"https:\/\/jornaldasoficinas.com\/pt\/wp-content\/uploads\/2025\/12\/OSRAM-apresenta-nova.jpg","datePublished":"2025-12-15T14:00:50+00:00","description":"A ams OSRAM\u00a0apresentou a sua nova gera\u00e7\u00e3o de luzes de bicicleta de alto desempenho: a LEDsBIKE COMPACT SET, a COMPACT REAR e a RACE REAR","breadcrumb":{"@id":"https:\/\/jornaldasoficinas.com\/pt\/osram-apresenta-nova-geracao-de-luzes-de-bicicleta\/#breadcrumb"},"inLanguage":"pt-PT","potentialAction":[{"@type":"ReadAction","target":["https:\/\/jornaldasoficinas.com\/pt\/osram-apresenta-nova-geracao-de-luzes-de-bicicleta\/"]}]},{"@type":"ImageObject","inLanguage":"pt-PT","@id":"https:\/\/jornaldasoficinas.com\/pt\/osram-apresenta-nova-geracao-de-luzes-de-bicicleta\/#primaryimage","url":"https:\/\/jornaldasoficinas.com\/pt\/wp-content\/uploads\/2025\/12\/OSRAM-apresenta-nova.jpg","contentUrl":"https:\/\/jornaldasoficinas.com\/pt\/wp-content\/uploads\/2025\/12\/OSRAM-apresenta-nova.jpg","width":1024,"height":581,"caption":"12 - OSRAM apresenta nova"},{"@type":"BreadcrumbList","@id":"https:\/\/jornaldasoficinas.com\/pt\/osram-apresenta-nova-geracao-de-luzes-de-bicicleta\/#breadcrumb","itemListElement":[{"@type":"ListItem","position":1,"name":"In\u00edcio","item":"https:\/\/jornaldasoficinas.com\/pt\/"},{"@type":"ListItem","position":2,"name":"OSRAM apresenta nova gera\u00e7\u00e3o de luzes de bicicleta"}]},{"@type":"WebSite","@id":"https:\/\/jornaldasoficinas.com\/pt\/#website","url":"https:\/\/jornaldasoficinas.com\/pt\/","name":"Jornal das Oficinas","description":"Jornal independente do Aftermarket Autom\u00f3vel em Portugal","publisher":{"@id":"https:\/\/jornaldasoficinas.com\/pt\/#organization"},"potentialAction":[{"@type":"SearchAction","target":{"@type":"EntryPoint","urlTemplate":"https:\/\/jornaldasoficinas.com\/pt\/?s={search_term_string}"},"query-input":{"@type":"PropertyValueSpecification","valueRequired":true,"valueName":"search_term_string"}}],"inLanguage":"pt-PT"},{"@type":"Organization","@id":"https:\/\/jornaldasoficinas.com\/pt\/#organization","name":"Jornal das Oficinas","url":"https:\/\/jornaldasoficinas.com\/pt\/","logo":{"@type":"ImageObject","inLanguage":"pt-PT","@id":"https:\/\/jornaldasoficinas.com\/pt\/#\/schema\/logo\/image\/","url":"https:\/\/jornaldasoficinas.com\/pt\/wp-content\/uploads\/logoJO-SEO.png","contentUrl":"https:\/\/jornaldasoficinas.com\/pt\/wp-content\/uploads\/logoJO-SEO.png","width":285,"height":450,"caption":"Jornal das Oficinas"},"image":{"@id":"https:\/\/jornaldasoficinas.com\/pt\/#\/schema\/logo\/image\/"},"sameAs":["https:\/\/www.facebook.com\/jornaloficinas","https:\/\/x.com\/jornaloficinas","https:\/\/www.instagram.com\/jornal_oficinas\/","https:\/\/www.linkedin.com\/company\/jornal-das-oficinas\/","https:\/\/www.youtube.com\/channel\/UCbQZBqtcvV-oSQrr7RzINGg"]},{"@type":"Person","@id":"https:\/\/jornaldasoficinas.com\/pt\/#\/schema\/person\/a38eef5de2c41d9e7c9ac10141afddf3","name":"Reda\u00e7\u00e3o JO","image":{"@type":"ImageObject","inLanguage":"pt-PT","@id":"https:\/\/secure.gravatar.com\/avatar\/71f2fa71737ad68a84fea94bc708ddac8ea5b0c4788dc2ad202f3ccb2887742f?s=96&d=wp_user_avatar&r=g","url":"https:\/\/secure.gravatar.com\/avatar\/71f2fa71737ad68a84fea94bc708ddac8ea5b0c4788dc2ad202f3ccb2887742f?s=96&d=wp_user_avatar&r=g","contentUrl":"https:\/\/secure.gravatar.com\/avatar\/71f2fa71737ad68a84fea94bc708ddac8ea5b0c4788dc2ad202f3ccb2887742f?s=96&d=wp_user_avatar&r=g","caption":"Reda\u00e7\u00e3o JO"},"url":"https:\/\/jornaldasoficinas.com\/pt\/author\/joredacao\/"}]}},"_links":{"self":[{"href":"https:\/\/jornaldasoficinas.com\/pt\/wp-json\/wp\/v2\/posts\/110649","targetHints":{"allow":["GET"]}}],"collection":[{"href":"https:\/\/jornaldasoficinas.com\/pt\/wp-json\/wp\/v2\/posts"}],"about":[{"href":"https:\/\/jornaldasoficinas.com\/pt\/wp-json\/wp\/v2\/types\/post"}],"author":[{"embeddable":true,"href":"https:\/\/jornaldasoficinas.com\/pt\/wp-json\/wp\/v2\/users\/15"}],"replies":[{"embeddable":true,"href":"https:\/\/jornaldasoficinas.com\/pt\/wp-json\/wp\/v2\/comments?post=110649"}],"version-history":[{"count":2,"href":"https:\/\/jornaldasoficinas.com\/pt\/wp-json\/wp\/v2\/posts\/110649\/revisions"}],"predecessor-version":[{"id":110675,"href":"https:\/\/jornaldasoficinas.com\/pt\/wp-json\/wp\/v2\/posts\/110649\/revisions\/110675"}],"wp:featuredmedia":[{"embeddable":true,"href":"https:\/\/jornaldasoficinas.com\/pt\/wp-json\/wp\/v2\/media\/110671"}],"wp:attachment":[{"href":"https:\/\/jornaldasoficinas.com\/pt\/wp-json\/wp\/v2\/media?parent=110649"}],"wp:term":[{"taxonomy":"category","embeddable":true,"href":"https:\/\/jornaldasoficinas.com\/pt\/wp-json\/wp\/v2\/categories?post=110649"},{"taxonomy":"post_tag","embeddable":true,"href":"https:\/\/jornaldasoficinas.com\/pt\/wp-json\/wp\/v2\/tags?post=110649"}],"curies":[{"name":"wp","href":"https:\/\/api.w.org\/{rel}","templated":true}]}}