{"id":110651,"date":"2025-12-12T14:00:05","date_gmt":"2025-12-12T14:00:05","guid":{"rendered":"https:\/\/jornaldasoficinas.com\/pt\/?p=110651"},"modified":"2025-12-11T08:29:59","modified_gmt":"2025-12-11T08:29:59","slug":"diesel-technic-marcou-presenca-nas-maiores-feiras-aftermarket","status":"publish","type":"post","link":"https:\/\/jornaldasoficinas.com\/pt\/diesel-technic-marcou-presenca-nas-maiores-feiras-aftermarket\/","title":{"rendered":"Diesel Technic marcou presen\u00e7a nas maiores feiras Aftermarket"},"content":{"rendered":"<p style=\"font-weight: 400;\"><strong><img loading=\"lazy\" decoding=\"async\" class=\"alignnone size-full wp-image-110669\" src=\"https:\/\/jornaldasoficinas.com\/pt\/wp-content\/uploads\/2025\/12\/Diesel-Technic.jpg\" alt=\"12 - Diesel Technic\" width=\"1024\" height=\"581\" srcset=\"https:\/\/jornaldasoficinas.com\/pt\/wp-content\/uploads\/2025\/12\/Diesel-Technic.jpg 1024w, https:\/\/jornaldasoficinas.com\/pt\/wp-content\/uploads\/2025\/12\/Diesel-Technic-300x170.jpg 300w, https:\/\/jornaldasoficinas.com\/pt\/wp-content\/uploads\/2025\/12\/Diesel-Technic-150x85.jpg 150w, https:\/\/jornaldasoficinas.com\/pt\/wp-content\/uploads\/2025\/12\/Diesel-Technic-768x436.jpg 768w\" sizes=\"auto, (max-width: 1024px) 100vw, 1024px\" \/><\/strong><\/p>\n<p style=\"font-weight: 400;\"><strong>Em 2025, a <a href=\"https:\/\/www.google.com\/url?sa=t&amp;source=web&amp;rct=j&amp;opi=89978449&amp;url=https:\/\/www.dieseltechnic.com\/pt-br\/&amp;ved=2ahUKEwiP54XMmLSRAxUKRKQEHX3dAa8QFnoECA8QAQ&amp;usg=AOvVaw1H5Q2Hgm4aYgjVggK_gYD3\">Diesel Technic<\/a> demonstrou mais uma vez o seu alcance global e forte presen\u00e7a no setor atrav\u00e9s da sua participa\u00e7\u00e3o em importantes feiras aftermarket na Europa e Am\u00e9rica do Sul<\/strong><\/p>\n<p style=\"font-weight: 400;\">Com a DT Spare Parts e a equipa dos Parts Specialists, a empresa conectou-se com profissionais do mercado p\u00f3s-venda na <a href=\"https:\/\/www.google.com\/url?sa=t&amp;source=web&amp;rct=j&amp;opi=89978449&amp;url=https:\/\/www.ifema.es\/en\/motortec&amp;ved=2ahUKEwiJ1PLdmLSRAxUgKvsDHTgVJvAQFnoECCQQAQ&amp;usg=AOvVaw3hzu6_9EzJNyvV3i4VcBSX\">Motortec<\/a>, em Madrid, na <a href=\"https:\/\/www.google.com\/url?sa=t&amp;source=web&amp;rct=j&amp;opi=89978449&amp;url=https:\/\/roadtransportexpo.co.uk\/&amp;ved=2ahUKEwi42ZDmmLSRAxXbRaQEHdhzK2YQFnoECA4QAQ&amp;usg=AOvVaw3sDpk05uk3EFEk62E24pYg\">Road Transport Expo<\/a> e na <a href=\"https:\/\/www.google.com\/url?sa=t&amp;source=web&amp;rct=j&amp;opi=89978449&amp;url=https:\/\/roadtransportexpo.co.uk\/scotland\/en\/page\/home&amp;ved=2ahUKEwjj6MrumLSRAxWeT6QEHZ3iD0kQFnoECA8QAQ&amp;usg=AOvVaw0mof-x-4FL5_67YoSL6kjy\">RTX Scotland<\/a>, no Reino Unido, na <a href=\"https:\/\/www.google.com\/url?sa=t&amp;source=web&amp;rct=j&amp;opi=89978449&amp;url=https:\/\/expopecas.eu\/&amp;ved=2ahUKEwj8gbf2mLSRAxXFSKQEHUOnAnIQFnoECCEQAQ&amp;usg=AOvVaw2APuOra4fuiXIeJSqzGN5g\">Expo Pe\u00e7as<\/a>, no Brasil, na <a href=\"https:\/\/www.google.com\/url?sa=t&amp;source=web&amp;rct=j&amp;opi=89978449&amp;url=https:\/\/autotecexpo.gr\/en\/profile\/&amp;ved=2ahUKEwjJhpGCmbSRAxURRqQEHQy5CjEQFnoECBoQAQ&amp;usg=AOvVaw1tlAXQ-Y_kt3-JIGwXh9_d\">AUTOTEC EXPO<\/a>, na Gr\u00e9cia, na <a href=\"https:\/\/www.google.com\/url?sa=t&amp;source=web&amp;rct=j&amp;opi=89978449&amp;url=https:\/\/www.solutrans.fr\/en&amp;ved=2ahUKEwjIo_KOmbSRAxXiU6QEHTxFKj0QFnoECB4QAQ&amp;usg=AOvVaw3Al81f2WBKB0bGmaJTZmBI\">Solutrans<\/a>, em Fran\u00e7a, e na <a href=\"https:\/\/www.google.com\/url?sa=t&amp;source=web&amp;rct=j&amp;opi=89978449&amp;url=https:\/\/automechanikadubai.ae.messefrankfurt.com\/dubai\/en.html&amp;ved=2ahUKEwip49GXmbSRAxUKOfsDHZnsDooQFnoECDYQAQ&amp;usg=AOvVaw3zfw-Xk-gxTnrm_u2YeYbD\">Automechanika<\/a>, nos Emirados \u00c1rabes Unidos. Esses eventos proporcionaram oportunidades valiosas para ampliar a rede de contatos, apresentando inova\u00e7\u00f5es de produtos e fortalecendo parcerias, especialmente com destaque para a Premium Shop e o rec\u00e9m-criado Armaz\u00e9m em Fran\u00e7a.<\/p>\n<p style=\"font-weight: 400;\">A primeira feira comercial do ano ocorreu em Madrid de 23 a 26 de abril de 2025, com a participa\u00e7\u00e3o da Diesel Technic Iberia S.L. na Motortec, o principal evento do sul da Europa para o setor de servi\u00e7os e reposi\u00e7\u00e3o automotivos. Os Parts Specialists Jes\u00fas e Sebas representaram a equipa, interagindo com os visitantes e mostrando o compromisso da Diesel Technic em dar apoio \u00e0s oficinas e profissionais da regi\u00e3o.<\/p>\n<p style=\"font-weight: 400;\">Para comemorar o evento, a equipa organizou um sorteio especial: todos os membros da Premium Shop que resgataram coroas durante abril e maio concorreram a um conjunto de m\u00f3veis modulares para oficina. Al\u00e9m disso, os membros registados receberam pequenos brindes no stand, enquanto os novos participantes foram recebidos com uma mochila dos Parts Specialists cheia de itens promocionais. O evento mais uma vez mostrou ser uma plataforma \u00fatil para cultivar boas rela\u00e7\u00f5es com os clientes e enfatizar os benef\u00edcios do programa de fidelidade da Diesel Technic.<\/p>\n<p style=\"font-weight: 400;\">De 24 a 26 de junho de 2025, a Diesel Technic UK &amp; Ireland LTD. participou da Road Transport Expo na NAEC Stoneleigh, em Warwickshire, perto de Birmingham, um evento que recebeu mais de 14.000 visitantes. A equipa aproveitou a ocasi\u00e3o para lan\u00e7ar o seu nov\u00edssimo cat\u00e1logo de 400 p\u00e1ginas para ve\u00edculos ligeiros \u00a0destinado especificamente a t\u00e9cnicos e profissionais de oficina. O cat\u00e1logo apresenta uma linha de produtos ampliada e refor\u00e7a o compromisso da Diesel Technic com a qualidade, a usabilidade e o suporte p\u00f3s-venda.<\/p>\n<p style=\"font-weight: 400;\">Outro destaque ocorreu de 16 a 18 de outubro de 2025 em Goi\u00e2nia, Goi\u00e1s, quando a Diesel Technic esteve presente na Expo Pe\u00e7as, a maior feira de pe\u00e7as, tecnologias e servi\u00e7os automotivos da regi\u00e3o Centro-Oeste do Brasil. Desde sua primeira edi\u00e7\u00e3o em 2015, a Expo Pe\u00e7as tornou-se um ponto de encontro fundamental para o setor regional do mercado de reposi\u00e7\u00e3o. Este ano, a Carreteiro Center Ltda., cliente da Diesel Technic, juntamente com o Parts Specialist brasileiro Aelson, apresentou a marca de produtos DT Spare Parts e a de servi\u00e7os, Parts Specialists, capturando o interesse dos visitantes e destacando a import\u00e2ncia de pe\u00e7as de alta qualidade e de suporte profissional no mercado brasileiro. Para aumentar a emo\u00e7\u00e3o, uma roda da fortuna no stand ofereceu aos participantes a chance de ganhar pr\u00e9mios atraentes.<\/p>\n<p style=\"font-weight: 400;\">Os visitantes da AUTOTEC EXPO, realizada de 31 de outubro a 2 de novembro de 2025, poderiam esperar algo semelhante. A Diesel Technic orgulhosamente apoiou Tsalopoulos, o seu parceiro de longa data. O evento ocorreu no Metropolitan Expo, em Atenas, o maior e mais avan\u00e7ado centro de exposi\u00e7\u00f5es da Gr\u00e9cia.<\/p>\n<p style=\"font-weight: 400;\">Al\u00e9m disso, a Diesel Technic France SARL participou da SOLUTRANS, realizada de 18 a 22 de novembro de 2025, na EUREXPO de Lyon. Um dos principais destaques do evento foi a inaugura\u00e7\u00e3o das novas instala\u00e7\u00f5es da empresa em Janz\u00e9, perto de Rennes. A moderna instala\u00e7\u00e3o fortaleceu as opera\u00e7\u00f5es log\u00edsticas, oferecendo espa\u00e7o adicional para crescimento, refor\u00e7ando o compromisso de longo prazo da Diesel Technic com o mercado franc\u00eas.<\/p>\n<p style=\"font-weight: 400;\">Com forte presen\u00e7a nos principais eventos do setor em 2025, a Diesel Technic reafirma seu compromisso de permanecer pr\u00f3xima de seus clientes e parceiros em todo o mundo. A empresa j\u00e1 se est\u00e1 a preparar para a pr\u00f3xima temporada de feiras, pronta para aproveitar essa energia e continuar a impulsionar a inova\u00e7\u00e3o no mercado de reposi\u00e7\u00e3o automotiva.<\/p>\n<p style=\"font-weight: 400;\"><div class=\"wonderplugingallery-container\" id=\"wonderplugingallery-container-277\" style=\"max-width:960px;margin:0 auto;\"><div class=\"wonderplugingallery\" id=\"wonderplugingallery-277\" data-galleryid=\"277\" data-width=\"960\" data-height=\"540\" data-skin=\"gallery\" data-playsinline=\"false\" data-mutevideo=\"false\" data-random=\"false\" data-autoslide=\"false\" data-autoplayvideo=\"false\" data-schemamarkup=\"false\" data-stopallplaying=\"false\" data-reloadonvideoend=\"false\" data-donotuseposter=\"false\" data-enabletabindex=\"false\" data-loadnextonvideoend=\"false\" data-hidetitlewhenvideoisplaying=\"false\" data-disablehovereventontouch=\"false\" data-ratioresponsive=\"false\" data-autoslideandplayafterfirstplayed=\"false\" data-html5player=\"true\" data-responsive=\"true\" data-fullwidth=\"false\" data-showtitle=\"true\" data-showdescription=\"true\" data-showplaybutton=\"true\" data-showfullscreenbutton=\"true\" data-showtimer=\"true\" data-showcarousel=\"true\" data-galleryshadow=\"false\" data-slideshadow=\"true\" data-thumbshowtitle=\"false\" data-thumbshowimage=\"true\" data-thumbshadow=\"true\" data-lightboxshowtitle=\"true\" data-lightboxshowdescription=\"true\" data-specifyid=\"true\" data-donotinit=\"false\" data-addinitscript=\"false\" data-triggerresize=\"false\" data-thumbcolumnsresponsive=\"false\" data-thumbverticalmiddle=\"true\" data-removeinlinecss=\"true\" data-switchonmouseover=\"false\" data-showcategory=\"true\" data-carouselpagination=\"false\" data-showimgtitle=\"false\" data-titlesmallscreen=\"false\" data-initsocial=\"true\" data-showsocial=\"false\" data-showemail=\"false\" data-showfacebook=\"true\" data-showtwitter=\"true\" data-showpinterest=\"true\" data-socialrotateeffect=\"true\" data-doshortcodeontext=\"false\" data-loop=\"0\" data-duration=\"1500\" data-slideduration=\"1000\" data-slideshowinterval=\"6000\" data-googleanalyticsaccount=\"\" data-ga4account=\"\" data-resizemode=\"fill\" data-imagetoolboxmode=\"mouseover\" data-effect=\"fade\" data-padding=\"12\" data-bgcolor=\"\" data-bgimage=\"\" data-thumbwidth=\"120\" data-thumbheight=\"60\" data-thumbgap=\"8\" data-thumbrowgap=\"16\" data-lightboxtextheight=\"72\" data-lightboxtitlecss=\"{color:#333333; font:bold 12px Arial,Helvetica,sans-serif; overflow:hidden; white-space:normal; line-height:18px;}\" data-lightboxdescriptioncss=\"{color:#333333; font:normal 12px Arial,Helvetica,sans-serif; overflow:hidden; white-space:normal; line-height:14px;}\" data-titlecss=\"{color:#ffffff; font-size:14px; font-family:Armata, sans-serif, Arial; overflow:hidden; text-align:left; padding:10px 0px 10px 10px; background:rgb(102, 102, 102) transparent; background:rgba(102, 102, 102, 0.6);}\" data-descriptioncss=\"{color:#ffffff; font-size:13px; font-family:Armata, sans-serif, Arial; overflow:hidden; text-align:left; padding:0px 0px 10px 10px; background:rgb(102, 102, 102) transparent; background:rgba(102, 102, 102, 0.6);}\" data-titleheight=\"72\" data-titlesmallscreenwidth=\"640\" data-titleheightsmallscreen=\"148\" data-socialmode=\"mouseover\" data-socialposition=\"position:absolute;top:8px;right:8px;\" data-socialpositionlightbox=\"position:absolute;top:8px;right:8px;\" data-socialdirection=\"horizontal\" data-socialbuttonsize=\"32\" data-socialbuttonfontsize=\"18\" data-defaultvideovolume=\"1\" data-ratiomediumscreen=\"1024\" data-ratiomediumheight=\"1.6\" data-ratiosmallscreen=\"767\" data-ratiosmallheight=\"2.4\" data-thumbtitleheight=\"24\" data-thumbmediumtitleheight=\"48\" data-thumbsmalltitleheight=\"72\" data-categoryheight=\"48\" data-categorydefault=\"all\" data-triggerresizedelay=\"100\" data-thumbmediumsize=\"800\" data-thumbsmallsize=\"480\" data-thumbmediumwidth=\"64\" data-thumbmediumheight=\"64\" data-thumbsmallwidth=\"48\" data-thumbsmallheight=\"48\" data-imgtitle=\"title\" data-carouselpaginationrow=\"3\" data-categorystyle=\"dropdown\" data-categorylist=\"[{&quot;slug&quot;:&quot;all&quot;,&quot;caption&quot;:&quot;Show All&quot;}]\" data-jsfolder=\"https:\/\/jornaldasoficinas.com\/pt\/wp-content\/plugins\/wonderplugin-gallery\/engine\/\" style=\"display:none;\" ><a class=\"html5galleryimglink\" href=\"https:\/\/jornaldasoficinas.com\/pt\/wp-content\/uploads\/2025\/12\/Dieseltechnic\/1Diesel Technic marcou presenc\u0327a nas maiores feiras Aftermarket .jpg\" data-mediatype=1><img decoding=\"async\" class=\"html5galleryimg html5gallery-tn-image\" src=\"https:\/\/jornaldasoficinas.com\/pt\/wp-content\/uploads\/2025\/12\/Dieseltechnic\/1Diesel Technic marcou presenc\u0327a nas maiores feiras Aftermarket .jpg\" alt=\"\"><\/a><div class=\"html5gallery-info\"><\/div><a class=\"html5galleryimglink\" href=\"https:\/\/jornaldasoficinas.com\/pt\/wp-content\/uploads\/2025\/12\/Dieseltechnic\/2Diesel Technic marcou presenc\u0327a nas maiores feiras Aftermarket .jpg\" data-mediatype=1><img decoding=\"async\" class=\"html5galleryimg html5gallery-tn-image\" src=\"https:\/\/jornaldasoficinas.com\/pt\/wp-content\/uploads\/2025\/12\/Dieseltechnic\/2Diesel Technic marcou presenc\u0327a nas maiores feiras Aftermarket .jpg\" alt=\"\"><\/a><div class=\"html5gallery-info\"><\/div><a class=\"html5galleryimglink\" href=\"https:\/\/jornaldasoficinas.com\/pt\/wp-content\/uploads\/2025\/12\/Dieseltechnic\/3Diesel Technic marcou presenc\u0327a nas maiores feiras Aftermarket .jpg\" data-mediatype=1><img decoding=\"async\" class=\"html5galleryimg html5gallery-tn-image\" src=\"https:\/\/jornaldasoficinas.com\/pt\/wp-content\/uploads\/2025\/12\/Dieseltechnic\/3Diesel Technic marcou presenc\u0327a nas maiores feiras Aftermarket .jpg\" alt=\"\"><\/a><div class=\"html5gallery-info\"><\/div><a class=\"html5galleryimglink\" href=\"https:\/\/jornaldasoficinas.com\/pt\/wp-content\/uploads\/2025\/12\/Dieseltechnic\/4Diesel Technic marcou presenc\u0327a nas maiores feiras Aftermarket .jpg\" data-mediatype=1><img decoding=\"async\" class=\"html5galleryimg html5gallery-tn-image\" src=\"https:\/\/jornaldasoficinas.com\/pt\/wp-content\/uploads\/2025\/12\/Dieseltechnic\/4Diesel Technic marcou presenc\u0327a nas maiores feiras Aftermarket .jpg\" alt=\"\"><\/a><div class=\"html5gallery-info\"><\/div><a class=\"html5galleryimglink\" href=\"https:\/\/jornaldasoficinas.com\/pt\/wp-content\/uploads\/2025\/12\/Dieseltechnic\/5Diesel Technic marcou presenc\u0327a nas maiores feiras Aftermarket .jpg\" data-mediatype=1><img decoding=\"async\" class=\"html5galleryimg html5gallery-tn-image\" src=\"https:\/\/jornaldasoficinas.com\/pt\/wp-content\/uploads\/2025\/12\/Dieseltechnic\/5Diesel Technic marcou presenc\u0327a nas maiores feiras Aftermarket .jpg\" alt=\"\"><\/a><div class=\"html5gallery-info\"><\/div><a class=\"html5galleryimglink\" href=\"https:\/\/jornaldasoficinas.com\/pt\/wp-content\/uploads\/2025\/12\/Dieseltechnic\/6Diesel Technic marcou presenc\u0327a nas maiores feiras Aftermarket .jpg\" data-mediatype=1><img decoding=\"async\" class=\"html5galleryimg html5gallery-tn-image\" src=\"https:\/\/jornaldasoficinas.com\/pt\/wp-content\/uploads\/2025\/12\/Dieseltechnic\/6Diesel Technic marcou presenc\u0327a nas maiores feiras Aftermarket .jpg\" alt=\"\"><\/a><div class=\"html5gallery-info\"><\/div><\/div><\/div><script>function wondergallery_277_appendcss(csscode) {var head=document.head || document.getElementsByTagName(\"head\")[0];var style=document.createElement(\"style\");head.appendChild(style);style.type=\"text\/css\";if (style.styleSheet){style.styleSheet.cssText=csscode;} else {style.appendChild(document.createTextNode(csscode));}};wondergallery_277_appendcss(\"#wonderplugingallery-277 .html5gallery-cat-selection-277 { \tbox-sizing: border-box; \ttext-align: center; }  #wonderplugingallery-277 .html5gallery-cat-selection-277 select { \tbox-sizing: border-box; \tmargin: 4px auto; }\");<\/script><\/p>\n","protected":false},"excerpt":{"rendered":"<p>Em 2025, a Diesel Technic demonstrou&#8230;<\/p>\n","protected":false},"author":15,"featured_media":110669,"comment_status":"closed","ping_status":"closed","sticky":false,"template":"","format":"standard","meta":{"footnotes":""},"categories":[36],"tags":[14196,6280,14200,298,7768,14199,14195,24,14197,14198,14201],"class_list":["post-110651","post","type-post","status-publish","format-standard","has-post-thumbnail","hentry","category-pesados","tag-america-do-sul","tag-automechanika-dubai","tag-autotec-expo","tag-diesel-technic","tag-europa","tag-expo-pecas","tag-feiras-aftermarket","tag-motortec","tag-road-transport-expo","tag-rtx-scotland","tag-solutrans"],"yoast_head":"<!-- This site is optimized with the Yoast SEO plugin v27.4 - https:\/\/yoast.com\/product\/yoast-seo-wordpress\/ -->\n<title>Diesel Technic marcou presen\u00e7a nas maiores feiras Aftermarket - Jornal das Oficinas<\/title>\n<meta name=\"description\" content=\"Em 2025, a Diesel Technic demonstrou forte presen\u00e7a no setor atrav\u00e9s da sua participa\u00e7\u00e3o em importantes feiras aftermarket\" \/>\n<meta name=\"robots\" content=\"index, follow, max-snippet:-1, max-image-preview:large, max-video-preview:-1\" \/>\n<link rel=\"canonical\" href=\"https:\/\/jornaldasoficinas.com\/pt\/diesel-technic-marcou-presenca-nas-maiores-feiras-aftermarket\/\" \/>\n<meta property=\"og:locale\" content=\"pt_PT\" \/>\n<meta property=\"og:type\" content=\"article\" \/>\n<meta property=\"og:title\" content=\"Diesel Technic marcou presen\u00e7a nas maiores feiras Aftermarket - Jornal das Oficinas\" \/>\n<meta property=\"og:description\" content=\"Em 2025, a Diesel Technic demonstrou forte presen\u00e7a no setor atrav\u00e9s da sua participa\u00e7\u00e3o em importantes feiras aftermarket\" \/>\n<meta property=\"og:url\" content=\"https:\/\/jornaldasoficinas.com\/pt\/diesel-technic-marcou-presenca-nas-maiores-feiras-aftermarket\/\" \/>\n<meta property=\"og:site_name\" content=\"Jornal das Oficinas\" \/>\n<meta property=\"article:publisher\" content=\"https:\/\/www.facebook.com\/jornaloficinas\" \/>\n<meta property=\"article:published_time\" content=\"2025-12-12T14:00:05+00:00\" \/>\n<meta property=\"og:image\" content=\"https:\/\/jornaldasoficinas.com\/pt\/wp-content\/uploads\/2025\/12\/Diesel-Technic.jpg\" \/>\n\t<meta property=\"og:image:width\" content=\"1024\" \/>\n\t<meta property=\"og:image:height\" content=\"581\" \/>\n\t<meta property=\"og:image:type\" content=\"image\/jpeg\" \/>\n<meta name=\"author\" content=\"Reda\u00e7\u00e3o JO\" \/>\n<meta name=\"twitter:card\" content=\"summary_large_image\" \/>\n<meta name=\"twitter:creator\" content=\"@jornaloficinas\" \/>\n<meta name=\"twitter:site\" content=\"@jornaloficinas\" \/>\n<meta name=\"twitter:label1\" content=\"Escrito por\" \/>\n\t<meta name=\"twitter:data1\" content=\"Reda\u00e7\u00e3o JO\" \/>\n\t<meta name=\"twitter:label2\" content=\"Tempo estimado de leitura\" \/>\n\t<meta name=\"twitter:data2\" content=\"5 minutos\" \/>\n<script type=\"application\/ld+json\" class=\"yoast-schema-graph\">{\"@context\":\"https:\\\/\\\/schema.org\",\"@graph\":[{\"@type\":\"Article\",\"@id\":\"https:\\\/\\\/jornaldasoficinas.com\\\/pt\\\/diesel-technic-marcou-presenca-nas-maiores-feiras-aftermarket\\\/#article\",\"isPartOf\":{\"@id\":\"https:\\\/\\\/jornaldasoficinas.com\\\/pt\\\/diesel-technic-marcou-presenca-nas-maiores-feiras-aftermarket\\\/\"},\"author\":{\"name\":\"Reda\u00e7\u00e3o JO\",\"@id\":\"https:\\\/\\\/jornaldasoficinas.com\\\/pt\\\/#\\\/schema\\\/person\\\/a38eef5de2c41d9e7c9ac10141afddf3\"},\"headline\":\"Diesel Technic marcou presen\u00e7a nas maiores feiras Aftermarket\",\"datePublished\":\"2025-12-12T14:00:05+00:00\",\"mainEntityOfPage\":{\"@id\":\"https:\\\/\\\/jornaldasoficinas.com\\\/pt\\\/diesel-technic-marcou-presenca-nas-maiores-feiras-aftermarket\\\/\"},\"wordCount\":720,\"publisher\":{\"@id\":\"https:\\\/\\\/jornaldasoficinas.com\\\/pt\\\/#organization\"},\"image\":{\"@id\":\"https:\\\/\\\/jornaldasoficinas.com\\\/pt\\\/diesel-technic-marcou-presenca-nas-maiores-feiras-aftermarket\\\/#primaryimage\"},\"thumbnailUrl\":\"https:\\\/\\\/jornaldasoficinas.com\\\/pt\\\/wp-content\\\/uploads\\\/2025\\\/12\\\/Diesel-Technic.jpg\",\"keywords\":[\"Am\u00e9rica do Sul\",\"Automechanika Dubai\",\"AUTOTEC EXPO\",\"Diesel Technic\",\"Europa\",\"Expo Pe\u00e7as\",\"feiras aftermarket\",\"Motortec\",\"Road Transport Expo\",\"RTX Scotland\",\"Solutrans\"],\"articleSection\":[\"Pesados\"],\"inLanguage\":\"pt-PT\"},{\"@type\":\"WebPage\",\"@id\":\"https:\\\/\\\/jornaldasoficinas.com\\\/pt\\\/diesel-technic-marcou-presenca-nas-maiores-feiras-aftermarket\\\/\",\"url\":\"https:\\\/\\\/jornaldasoficinas.com\\\/pt\\\/diesel-technic-marcou-presenca-nas-maiores-feiras-aftermarket\\\/\",\"name\":\"Diesel Technic marcou presen\u00e7a nas maiores feiras Aftermarket - Jornal das Oficinas\",\"isPartOf\":{\"@id\":\"https:\\\/\\\/jornaldasoficinas.com\\\/pt\\\/#website\"},\"primaryImageOfPage\":{\"@id\":\"https:\\\/\\\/jornaldasoficinas.com\\\/pt\\\/diesel-technic-marcou-presenca-nas-maiores-feiras-aftermarket\\\/#primaryimage\"},\"image\":{\"@id\":\"https:\\\/\\\/jornaldasoficinas.com\\\/pt\\\/diesel-technic-marcou-presenca-nas-maiores-feiras-aftermarket\\\/#primaryimage\"},\"thumbnailUrl\":\"https:\\\/\\\/jornaldasoficinas.com\\\/pt\\\/wp-content\\\/uploads\\\/2025\\\/12\\\/Diesel-Technic.jpg\",\"datePublished\":\"2025-12-12T14:00:05+00:00\",\"description\":\"Em 2025, a Diesel Technic demonstrou forte presen\u00e7a no setor atrav\u00e9s da sua participa\u00e7\u00e3o em importantes feiras aftermarket\",\"breadcrumb\":{\"@id\":\"https:\\\/\\\/jornaldasoficinas.com\\\/pt\\\/diesel-technic-marcou-presenca-nas-maiores-feiras-aftermarket\\\/#breadcrumb\"},\"inLanguage\":\"pt-PT\",\"potentialAction\":[{\"@type\":\"ReadAction\",\"target\":[\"https:\\\/\\\/jornaldasoficinas.com\\\/pt\\\/diesel-technic-marcou-presenca-nas-maiores-feiras-aftermarket\\\/\"]}]},{\"@type\":\"ImageObject\",\"inLanguage\":\"pt-PT\",\"@id\":\"https:\\\/\\\/jornaldasoficinas.com\\\/pt\\\/diesel-technic-marcou-presenca-nas-maiores-feiras-aftermarket\\\/#primaryimage\",\"url\":\"https:\\\/\\\/jornaldasoficinas.com\\\/pt\\\/wp-content\\\/uploads\\\/2025\\\/12\\\/Diesel-Technic.jpg\",\"contentUrl\":\"https:\\\/\\\/jornaldasoficinas.com\\\/pt\\\/wp-content\\\/uploads\\\/2025\\\/12\\\/Diesel-Technic.jpg\",\"width\":1024,\"height\":581,\"caption\":\"12 - Diesel Technic\"},{\"@type\":\"BreadcrumbList\",\"@id\":\"https:\\\/\\\/jornaldasoficinas.com\\\/pt\\\/diesel-technic-marcou-presenca-nas-maiores-feiras-aftermarket\\\/#breadcrumb\",\"itemListElement\":[{\"@type\":\"ListItem\",\"position\":1,\"name\":\"In\u00edcio\",\"item\":\"https:\\\/\\\/jornaldasoficinas.com\\\/pt\\\/\"},{\"@type\":\"ListItem\",\"position\":2,\"name\":\"Diesel Technic marcou presen\u00e7a nas maiores feiras Aftermarket\"}]},{\"@type\":\"WebSite\",\"@id\":\"https:\\\/\\\/jornaldasoficinas.com\\\/pt\\\/#website\",\"url\":\"https:\\\/\\\/jornaldasoficinas.com\\\/pt\\\/\",\"name\":\"Jornal das Oficinas\",\"description\":\"Jornal independente do Aftermarket Autom\u00f3vel em Portugal\",\"publisher\":{\"@id\":\"https:\\\/\\\/jornaldasoficinas.com\\\/pt\\\/#organization\"},\"potentialAction\":[{\"@type\":\"SearchAction\",\"target\":{\"@type\":\"EntryPoint\",\"urlTemplate\":\"https:\\\/\\\/jornaldasoficinas.com\\\/pt\\\/?s={search_term_string}\"},\"query-input\":{\"@type\":\"PropertyValueSpecification\",\"valueRequired\":true,\"valueName\":\"search_term_string\"}}],\"inLanguage\":\"pt-PT\"},{\"@type\":\"Organization\",\"@id\":\"https:\\\/\\\/jornaldasoficinas.com\\\/pt\\\/#organization\",\"name\":\"Jornal das Oficinas\",\"url\":\"https:\\\/\\\/jornaldasoficinas.com\\\/pt\\\/\",\"logo\":{\"@type\":\"ImageObject\",\"inLanguage\":\"pt-PT\",\"@id\":\"https:\\\/\\\/jornaldasoficinas.com\\\/pt\\\/#\\\/schema\\\/logo\\\/image\\\/\",\"url\":\"https:\\\/\\\/jornaldasoficinas.com\\\/pt\\\/wp-content\\\/uploads\\\/logoJO-SEO.png\",\"contentUrl\":\"https:\\\/\\\/jornaldasoficinas.com\\\/pt\\\/wp-content\\\/uploads\\\/logoJO-SEO.png\",\"width\":285,\"height\":450,\"caption\":\"Jornal das Oficinas\"},\"image\":{\"@id\":\"https:\\\/\\\/jornaldasoficinas.com\\\/pt\\\/#\\\/schema\\\/logo\\\/image\\\/\"},\"sameAs\":[\"https:\\\/\\\/www.facebook.com\\\/jornaloficinas\",\"https:\\\/\\\/x.com\\\/jornaloficinas\",\"https:\\\/\\\/www.instagram.com\\\/jornal_oficinas\\\/\",\"https:\\\/\\\/www.linkedin.com\\\/company\\\/jornal-das-oficinas\\\/\",\"https:\\\/\\\/www.youtube.com\\\/channel\\\/UCbQZBqtcvV-oSQrr7RzINGg\"]},{\"@type\":\"Person\",\"@id\":\"https:\\\/\\\/jornaldasoficinas.com\\\/pt\\\/#\\\/schema\\\/person\\\/a38eef5de2c41d9e7c9ac10141afddf3\",\"name\":\"Reda\u00e7\u00e3o JO\",\"image\":{\"@type\":\"ImageObject\",\"inLanguage\":\"pt-PT\",\"@id\":\"https:\\\/\\\/secure.gravatar.com\\\/avatar\\\/71f2fa71737ad68a84fea94bc708ddac8ea5b0c4788dc2ad202f3ccb2887742f?s=96&d=wp_user_avatar&r=g\",\"url\":\"https:\\\/\\\/secure.gravatar.com\\\/avatar\\\/71f2fa71737ad68a84fea94bc708ddac8ea5b0c4788dc2ad202f3ccb2887742f?s=96&d=wp_user_avatar&r=g\",\"contentUrl\":\"https:\\\/\\\/secure.gravatar.com\\\/avatar\\\/71f2fa71737ad68a84fea94bc708ddac8ea5b0c4788dc2ad202f3ccb2887742f?s=96&d=wp_user_avatar&r=g\",\"caption\":\"Reda\u00e7\u00e3o JO\"},\"url\":\"https:\\\/\\\/jornaldasoficinas.com\\\/pt\\\/author\\\/joredacao\\\/\"}]}<\/script>\n<!-- \/ Yoast SEO plugin. -->","yoast_head_json":{"title":"Diesel Technic marcou presen\u00e7a nas maiores feiras Aftermarket - Jornal das Oficinas","description":"Em 2025, a Diesel Technic demonstrou forte presen\u00e7a no setor atrav\u00e9s da sua participa\u00e7\u00e3o em importantes feiras aftermarket","robots":{"index":"index","follow":"follow","max-snippet":"max-snippet:-1","max-image-preview":"max-image-preview:large","max-video-preview":"max-video-preview:-1"},"canonical":"https:\/\/jornaldasoficinas.com\/pt\/diesel-technic-marcou-presenca-nas-maiores-feiras-aftermarket\/","og_locale":"pt_PT","og_type":"article","og_title":"Diesel Technic marcou presen\u00e7a nas maiores feiras Aftermarket - Jornal das Oficinas","og_description":"Em 2025, a Diesel Technic demonstrou forte presen\u00e7a no setor atrav\u00e9s da sua participa\u00e7\u00e3o em importantes feiras aftermarket","og_url":"https:\/\/jornaldasoficinas.com\/pt\/diesel-technic-marcou-presenca-nas-maiores-feiras-aftermarket\/","og_site_name":"Jornal das Oficinas","article_publisher":"https:\/\/www.facebook.com\/jornaloficinas","article_published_time":"2025-12-12T14:00:05+00:00","og_image":[{"width":1024,"height":581,"url":"https:\/\/jornaldasoficinas.com\/pt\/wp-content\/uploads\/2025\/12\/Diesel-Technic.jpg","type":"image\/jpeg"}],"author":"Reda\u00e7\u00e3o JO","twitter_card":"summary_large_image","twitter_creator":"@jornaloficinas","twitter_site":"@jornaloficinas","twitter_misc":{"Escrito por":"Reda\u00e7\u00e3o JO","Tempo estimado de leitura":"5 minutos"},"schema":{"@context":"https:\/\/schema.org","@graph":[{"@type":"Article","@id":"https:\/\/jornaldasoficinas.com\/pt\/diesel-technic-marcou-presenca-nas-maiores-feiras-aftermarket\/#article","isPartOf":{"@id":"https:\/\/jornaldasoficinas.com\/pt\/diesel-technic-marcou-presenca-nas-maiores-feiras-aftermarket\/"},"author":{"name":"Reda\u00e7\u00e3o JO","@id":"https:\/\/jornaldasoficinas.com\/pt\/#\/schema\/person\/a38eef5de2c41d9e7c9ac10141afddf3"},"headline":"Diesel Technic marcou presen\u00e7a nas maiores feiras Aftermarket","datePublished":"2025-12-12T14:00:05+00:00","mainEntityOfPage":{"@id":"https:\/\/jornaldasoficinas.com\/pt\/diesel-technic-marcou-presenca-nas-maiores-feiras-aftermarket\/"},"wordCount":720,"publisher":{"@id":"https:\/\/jornaldasoficinas.com\/pt\/#organization"},"image":{"@id":"https:\/\/jornaldasoficinas.com\/pt\/diesel-technic-marcou-presenca-nas-maiores-feiras-aftermarket\/#primaryimage"},"thumbnailUrl":"https:\/\/jornaldasoficinas.com\/pt\/wp-content\/uploads\/2025\/12\/Diesel-Technic.jpg","keywords":["Am\u00e9rica do Sul","Automechanika Dubai","AUTOTEC EXPO","Diesel Technic","Europa","Expo Pe\u00e7as","feiras aftermarket","Motortec","Road Transport Expo","RTX Scotland","Solutrans"],"articleSection":["Pesados"],"inLanguage":"pt-PT"},{"@type":"WebPage","@id":"https:\/\/jornaldasoficinas.com\/pt\/diesel-technic-marcou-presenca-nas-maiores-feiras-aftermarket\/","url":"https:\/\/jornaldasoficinas.com\/pt\/diesel-technic-marcou-presenca-nas-maiores-feiras-aftermarket\/","name":"Diesel Technic marcou presen\u00e7a nas maiores feiras Aftermarket - Jornal das Oficinas","isPartOf":{"@id":"https:\/\/jornaldasoficinas.com\/pt\/#website"},"primaryImageOfPage":{"@id":"https:\/\/jornaldasoficinas.com\/pt\/diesel-technic-marcou-presenca-nas-maiores-feiras-aftermarket\/#primaryimage"},"image":{"@id":"https:\/\/jornaldasoficinas.com\/pt\/diesel-technic-marcou-presenca-nas-maiores-feiras-aftermarket\/#primaryimage"},"thumbnailUrl":"https:\/\/jornaldasoficinas.com\/pt\/wp-content\/uploads\/2025\/12\/Diesel-Technic.jpg","datePublished":"2025-12-12T14:00:05+00:00","description":"Em 2025, a Diesel Technic demonstrou forte presen\u00e7a no setor atrav\u00e9s da sua participa\u00e7\u00e3o em importantes feiras aftermarket","breadcrumb":{"@id":"https:\/\/jornaldasoficinas.com\/pt\/diesel-technic-marcou-presenca-nas-maiores-feiras-aftermarket\/#breadcrumb"},"inLanguage":"pt-PT","potentialAction":[{"@type":"ReadAction","target":["https:\/\/jornaldasoficinas.com\/pt\/diesel-technic-marcou-presenca-nas-maiores-feiras-aftermarket\/"]}]},{"@type":"ImageObject","inLanguage":"pt-PT","@id":"https:\/\/jornaldasoficinas.com\/pt\/diesel-technic-marcou-presenca-nas-maiores-feiras-aftermarket\/#primaryimage","url":"https:\/\/jornaldasoficinas.com\/pt\/wp-content\/uploads\/2025\/12\/Diesel-Technic.jpg","contentUrl":"https:\/\/jornaldasoficinas.com\/pt\/wp-content\/uploads\/2025\/12\/Diesel-Technic.jpg","width":1024,"height":581,"caption":"12 - Diesel Technic"},{"@type":"BreadcrumbList","@id":"https:\/\/jornaldasoficinas.com\/pt\/diesel-technic-marcou-presenca-nas-maiores-feiras-aftermarket\/#breadcrumb","itemListElement":[{"@type":"ListItem","position":1,"name":"In\u00edcio","item":"https:\/\/jornaldasoficinas.com\/pt\/"},{"@type":"ListItem","position":2,"name":"Diesel Technic marcou presen\u00e7a nas maiores feiras Aftermarket"}]},{"@type":"WebSite","@id":"https:\/\/jornaldasoficinas.com\/pt\/#website","url":"https:\/\/jornaldasoficinas.com\/pt\/","name":"Jornal das Oficinas","description":"Jornal independente do Aftermarket Autom\u00f3vel em Portugal","publisher":{"@id":"https:\/\/jornaldasoficinas.com\/pt\/#organization"},"potentialAction":[{"@type":"SearchAction","target":{"@type":"EntryPoint","urlTemplate":"https:\/\/jornaldasoficinas.com\/pt\/?s={search_term_string}"},"query-input":{"@type":"PropertyValueSpecification","valueRequired":true,"valueName":"search_term_string"}}],"inLanguage":"pt-PT"},{"@type":"Organization","@id":"https:\/\/jornaldasoficinas.com\/pt\/#organization","name":"Jornal das Oficinas","url":"https:\/\/jornaldasoficinas.com\/pt\/","logo":{"@type":"ImageObject","inLanguage":"pt-PT","@id":"https:\/\/jornaldasoficinas.com\/pt\/#\/schema\/logo\/image\/","url":"https:\/\/jornaldasoficinas.com\/pt\/wp-content\/uploads\/logoJO-SEO.png","contentUrl":"https:\/\/jornaldasoficinas.com\/pt\/wp-content\/uploads\/logoJO-SEO.png","width":285,"height":450,"caption":"Jornal das Oficinas"},"image":{"@id":"https:\/\/jornaldasoficinas.com\/pt\/#\/schema\/logo\/image\/"},"sameAs":["https:\/\/www.facebook.com\/jornaloficinas","https:\/\/x.com\/jornaloficinas","https:\/\/www.instagram.com\/jornal_oficinas\/","https:\/\/www.linkedin.com\/company\/jornal-das-oficinas\/","https:\/\/www.youtube.com\/channel\/UCbQZBqtcvV-oSQrr7RzINGg"]},{"@type":"Person","@id":"https:\/\/jornaldasoficinas.com\/pt\/#\/schema\/person\/a38eef5de2c41d9e7c9ac10141afddf3","name":"Reda\u00e7\u00e3o JO","image":{"@type":"ImageObject","inLanguage":"pt-PT","@id":"https:\/\/secure.gravatar.com\/avatar\/71f2fa71737ad68a84fea94bc708ddac8ea5b0c4788dc2ad202f3ccb2887742f?s=96&d=wp_user_avatar&r=g","url":"https:\/\/secure.gravatar.com\/avatar\/71f2fa71737ad68a84fea94bc708ddac8ea5b0c4788dc2ad202f3ccb2887742f?s=96&d=wp_user_avatar&r=g","contentUrl":"https:\/\/secure.gravatar.com\/avatar\/71f2fa71737ad68a84fea94bc708ddac8ea5b0c4788dc2ad202f3ccb2887742f?s=96&d=wp_user_avatar&r=g","caption":"Reda\u00e7\u00e3o JO"},"url":"https:\/\/jornaldasoficinas.com\/pt\/author\/joredacao\/"}]}},"_links":{"self":[{"href":"https:\/\/jornaldasoficinas.com\/pt\/wp-json\/wp\/v2\/posts\/110651","targetHints":{"allow":["GET"]}}],"collection":[{"href":"https:\/\/jornaldasoficinas.com\/pt\/wp-json\/wp\/v2\/posts"}],"about":[{"href":"https:\/\/jornaldasoficinas.com\/pt\/wp-json\/wp\/v2\/types\/post"}],"author":[{"embeddable":true,"href":"https:\/\/jornaldasoficinas.com\/pt\/wp-json\/wp\/v2\/users\/15"}],"replies":[{"embeddable":true,"href":"https:\/\/jornaldasoficinas.com\/pt\/wp-json\/wp\/v2\/comments?post=110651"}],"version-history":[{"count":3,"href":"https:\/\/jornaldasoficinas.com\/pt\/wp-json\/wp\/v2\/posts\/110651\/revisions"}],"predecessor-version":[{"id":110680,"href":"https:\/\/jornaldasoficinas.com\/pt\/wp-json\/wp\/v2\/posts\/110651\/revisions\/110680"}],"wp:featuredmedia":[{"embeddable":true,"href":"https:\/\/jornaldasoficinas.com\/pt\/wp-json\/wp\/v2\/media\/110669"}],"wp:attachment":[{"href":"https:\/\/jornaldasoficinas.com\/pt\/wp-json\/wp\/v2\/media?parent=110651"}],"wp:term":[{"taxonomy":"category","embeddable":true,"href":"https:\/\/jornaldasoficinas.com\/pt\/wp-json\/wp\/v2\/categories?post=110651"},{"taxonomy":"post_tag","embeddable":true,"href":"https:\/\/jornaldasoficinas.com\/pt\/wp-json\/wp\/v2\/tags?post=110651"}],"curies":[{"name":"wp","href":"https:\/\/api.w.org\/{rel}","templated":true}]}}