{"id":110655,"date":"2025-12-15T12:30:22","date_gmt":"2025-12-15T12:30:22","guid":{"rendered":"https:\/\/jornaldasoficinas.com\/pt\/?p=110655"},"modified":"2025-12-11T08:16:25","modified_gmt":"2025-12-11T08:16:25","slug":"nors-aftermarket-abre-loja-em-perafita","status":"publish","type":"post","link":"https:\/\/jornaldasoficinas.com\/pt\/nors-aftermarket-abre-loja-em-perafita\/","title":{"rendered":"Nors Aftermarket abre loja em Perafita"},"content":{"rendered":"<p style=\"font-weight: 400;\"><strong><img loading=\"lazy\" decoding=\"async\" class=\"alignnone size-full wp-image-110663\" src=\"https:\/\/jornaldasoficinas.com\/pt\/wp-content\/uploads\/2025\/12\/Nors-Aftermarket-abre.jpg\" alt=\"12 - Nors Aftermarket abre\" width=\"1024\" height=\"581\" srcset=\"https:\/\/jornaldasoficinas.com\/pt\/wp-content\/uploads\/2025\/12\/Nors-Aftermarket-abre.jpg 1024w, https:\/\/jornaldasoficinas.com\/pt\/wp-content\/uploads\/2025\/12\/Nors-Aftermarket-abre-300x170.jpg 300w, https:\/\/jornaldasoficinas.com\/pt\/wp-content\/uploads\/2025\/12\/Nors-Aftermarket-abre-150x85.jpg 150w, https:\/\/jornaldasoficinas.com\/pt\/wp-content\/uploads\/2025\/12\/Nors-Aftermarket-abre-768x436.jpg 768w\" sizes=\"auto, (max-width: 1024px) 100vw, 1024px\" \/><\/strong><\/p>\n<p style=\"font-weight: 400;\"><strong>A <a href=\"https:\/\/www.google.com\/url?sa=t&amp;source=web&amp;rct=j&amp;opi=89978449&amp;url=https:\/\/aftermarket-ligeiros.nors.com\/&amp;ved=2ahUKEwibwuiTnrSRAxU8NPsDHdyuMTEQFnoECEoQAQ&amp;usg=AOvVaw2YRl4OmzQvN9G1px45vdP-\">Nors Aftermarket<\/a> anunciou a abertura de uma loja em Perafita, concelho de Matosinhos, que representa um passo decisivo para refor\u00e7ar a proximidade com os clientes e garantir maior agilidade na resposta \u00e0s suas necessidades<\/strong><\/p>\n<p style=\"font-weight: 400;\">Localizada estrategicamente junto \u00e0 A28, com acessos privilegiados aos principais centros urbanos do Norte do pa\u00eds e pr\u00f3xima de grandes parceiros e players do setor, a nova loja foi concebida para proporcionar uma experi\u00eancia mais pr\u00f3xima, eficiente e orientada para o cliente. Esta localiza\u00e7\u00e3o estrat\u00e9gica permite, ali\u00e1s, acelerar significativamente a cadeia de abastecimento e a presta\u00e7\u00e3o de suporte, solidificando a Nors Aftermarket, em Portugal, como um parceiro de excel\u00eancia para os seus clientes.<\/p>\n<p style=\"font-weight: 400;\">Isabel Basto, COO da Nors Aftermarket, sublinhou: \u201cEsta abertura reflete a nossa ambi\u00e7\u00e3o de evoluir continuamente e de antecipar as necessidades dos nossos clientes. Mais do que um espa\u00e7o f\u00edsico, esta loja \u00e9 um ponto de encontro para solu\u00e7\u00f5es, conhecimento e confian\u00e7a. Queremos que os nossos clientes sintam que t\u00eam um parceiro presente, capaz de apoiar os seus neg\u00f3cios com rapidez, qualidade e uma equipa dedicada.\u201d<\/p>\n<p style=\"font-weight: 400;\">O segmento de Aftermarket da Nors \u00e9 hoje uma \u00e1rea estrat\u00e9gica que assegura pe\u00e7as, servi\u00e7os e solu\u00e7\u00f5es para maximizar a performance e a longevidade dos ve\u00edculos e equipamentos dos clientes. Com uma hist\u00f3ria marcada pela inova\u00e7\u00e3o e proximidade, esta unidade trabalha com marcas de refer\u00eancia internacional, garantindo prontid\u00e3o, confian\u00e7a e suporte t\u00e9cnico especializado para manter as opera\u00e7\u00f5es dos clientes sempre em movimento.<\/p>\n<p style=\"font-weight: 400;\">Localizada na Rua Silva Aroso, n.\u00ba 1262, em Perafita, a nova loja da Nors Afttermarket est\u00e1 aberta de 2.\u00aa a 6.\u00aa feira, entre as 9h00 e as 13h00, as 14h30 e as 18h30, e ao s\u00e1bado entre as 9h00 e as 13h00.<\/p>\n<p style=\"font-weight: 400;\">\n","protected":false},"excerpt":{"rendered":"<p>A Nors Aftermarket anunciou a abertura&#8230;<\/p>\n","protected":false},"author":15,"featured_media":110663,"comment_status":"closed","ping_status":"closed","sticky":false,"template":"","format":"standard","meta":{"footnotes":""},"categories":[29],"tags":[14206,3395,1300,14086,14207,13056],"class_list":["post-110655","post","type-post","status-publish","format-standard","has-post-thumbnail","hentry","category-empresas","tag-abertura-loja","tag-isabel-basto","tag-matosinhos","tag-nors-aftermarket","tag-perafita","tag-proximidade"],"yoast_head":"<!-- This site is optimized with the Yoast SEO plugin v27.4 - https:\/\/yoast.com\/product\/yoast-seo-wordpress\/ -->\n<title>Nors Aftermarket abre loja em Perafita - Jornal das Oficinas<\/title>\n<meta name=\"description\" content=\"A Nors Aftermarket abriu uma loja em Perafita para refor\u00e7ar a proximidade com os clientes e garantir maior resposta \u00e0s suas necessidades\" \/>\n<meta name=\"robots\" content=\"index, follow, max-snippet:-1, max-image-preview:large, max-video-preview:-1\" \/>\n<link rel=\"canonical\" href=\"https:\/\/jornaldasoficinas.com\/pt\/nors-aftermarket-abre-loja-em-perafita\/\" \/>\n<meta property=\"og:locale\" content=\"pt_PT\" \/>\n<meta property=\"og:type\" content=\"article\" \/>\n<meta property=\"og:title\" content=\"Nors Aftermarket abre loja em Perafita - Jornal das Oficinas\" \/>\n<meta property=\"og:description\" content=\"A Nors Aftermarket abriu uma loja em Perafita para refor\u00e7ar a proximidade com os clientes e garantir maior resposta \u00e0s suas necessidades\" \/>\n<meta property=\"og:url\" content=\"https:\/\/jornaldasoficinas.com\/pt\/nors-aftermarket-abre-loja-em-perafita\/\" \/>\n<meta property=\"og:site_name\" content=\"Jornal das Oficinas\" \/>\n<meta property=\"article:publisher\" content=\"https:\/\/www.facebook.com\/jornaloficinas\" \/>\n<meta property=\"article:published_time\" content=\"2025-12-15T12:30:22+00:00\" \/>\n<meta property=\"og:image\" content=\"https:\/\/jornaldasoficinas.com\/pt\/wp-content\/uploads\/2025\/12\/Nors-Aftermarket-abre.jpg\" \/>\n\t<meta property=\"og:image:width\" content=\"1024\" \/>\n\t<meta property=\"og:image:height\" content=\"581\" \/>\n\t<meta property=\"og:image:type\" content=\"image\/jpeg\" \/>\n<meta name=\"author\" content=\"Reda\u00e7\u00e3o JO\" \/>\n<meta name=\"twitter:card\" content=\"summary_large_image\" \/>\n<meta name=\"twitter:creator\" content=\"@jornaloficinas\" \/>\n<meta name=\"twitter:site\" content=\"@jornaloficinas\" \/>\n<meta name=\"twitter:label1\" content=\"Escrito por\" \/>\n\t<meta name=\"twitter:data1\" content=\"Reda\u00e7\u00e3o JO\" \/>\n\t<meta name=\"twitter:label2\" content=\"Tempo estimado de leitura\" \/>\n\t<meta name=\"twitter:data2\" content=\"2 minutos\" \/>\n<script type=\"application\/ld+json\" class=\"yoast-schema-graph\">{\"@context\":\"https:\\\/\\\/schema.org\",\"@graph\":[{\"@type\":\"Article\",\"@id\":\"https:\\\/\\\/jornaldasoficinas.com\\\/pt\\\/nors-aftermarket-abre-loja-em-perafita\\\/#article\",\"isPartOf\":{\"@id\":\"https:\\\/\\\/jornaldasoficinas.com\\\/pt\\\/nors-aftermarket-abre-loja-em-perafita\\\/\"},\"author\":{\"name\":\"Reda\u00e7\u00e3o JO\",\"@id\":\"https:\\\/\\\/jornaldasoficinas.com\\\/pt\\\/#\\\/schema\\\/person\\\/a38eef5de2c41d9e7c9ac10141afddf3\"},\"headline\":\"Nors Aftermarket abre loja em Perafita\",\"datePublished\":\"2025-12-15T12:30:22+00:00\",\"mainEntityOfPage\":{\"@id\":\"https:\\\/\\\/jornaldasoficinas.com\\\/pt\\\/nors-aftermarket-abre-loja-em-perafita\\\/\"},\"wordCount\":308,\"publisher\":{\"@id\":\"https:\\\/\\\/jornaldasoficinas.com\\\/pt\\\/#organization\"},\"image\":{\"@id\":\"https:\\\/\\\/jornaldasoficinas.com\\\/pt\\\/nors-aftermarket-abre-loja-em-perafita\\\/#primaryimage\"},\"thumbnailUrl\":\"https:\\\/\\\/jornaldasoficinas.com\\\/pt\\\/wp-content\\\/uploads\\\/2025\\\/12\\\/Nors-Aftermarket-abre.jpg\",\"keywords\":[\"abertura loja\",\"Isabel Basto\",\"Matosinhos\",\"Nors Aftermarket\",\"Perafita\",\"proximidade\"],\"articleSection\":[\"Empresas\"],\"inLanguage\":\"pt-PT\"},{\"@type\":\"WebPage\",\"@id\":\"https:\\\/\\\/jornaldasoficinas.com\\\/pt\\\/nors-aftermarket-abre-loja-em-perafita\\\/\",\"url\":\"https:\\\/\\\/jornaldasoficinas.com\\\/pt\\\/nors-aftermarket-abre-loja-em-perafita\\\/\",\"name\":\"Nors Aftermarket abre loja em Perafita - Jornal das Oficinas\",\"isPartOf\":{\"@id\":\"https:\\\/\\\/jornaldasoficinas.com\\\/pt\\\/#website\"},\"primaryImageOfPage\":{\"@id\":\"https:\\\/\\\/jornaldasoficinas.com\\\/pt\\\/nors-aftermarket-abre-loja-em-perafita\\\/#primaryimage\"},\"image\":{\"@id\":\"https:\\\/\\\/jornaldasoficinas.com\\\/pt\\\/nors-aftermarket-abre-loja-em-perafita\\\/#primaryimage\"},\"thumbnailUrl\":\"https:\\\/\\\/jornaldasoficinas.com\\\/pt\\\/wp-content\\\/uploads\\\/2025\\\/12\\\/Nors-Aftermarket-abre.jpg\",\"datePublished\":\"2025-12-15T12:30:22+00:00\",\"description\":\"A Nors Aftermarket abriu uma loja em Perafita para refor\u00e7ar a proximidade com os clientes e garantir maior resposta \u00e0s suas necessidades\",\"breadcrumb\":{\"@id\":\"https:\\\/\\\/jornaldasoficinas.com\\\/pt\\\/nors-aftermarket-abre-loja-em-perafita\\\/#breadcrumb\"},\"inLanguage\":\"pt-PT\",\"potentialAction\":[{\"@type\":\"ReadAction\",\"target\":[\"https:\\\/\\\/jornaldasoficinas.com\\\/pt\\\/nors-aftermarket-abre-loja-em-perafita\\\/\"]}]},{\"@type\":\"ImageObject\",\"inLanguage\":\"pt-PT\",\"@id\":\"https:\\\/\\\/jornaldasoficinas.com\\\/pt\\\/nors-aftermarket-abre-loja-em-perafita\\\/#primaryimage\",\"url\":\"https:\\\/\\\/jornaldasoficinas.com\\\/pt\\\/wp-content\\\/uploads\\\/2025\\\/12\\\/Nors-Aftermarket-abre.jpg\",\"contentUrl\":\"https:\\\/\\\/jornaldasoficinas.com\\\/pt\\\/wp-content\\\/uploads\\\/2025\\\/12\\\/Nors-Aftermarket-abre.jpg\",\"width\":1024,\"height\":581,\"caption\":\"12 - Nors Aftermarket abre\"},{\"@type\":\"BreadcrumbList\",\"@id\":\"https:\\\/\\\/jornaldasoficinas.com\\\/pt\\\/nors-aftermarket-abre-loja-em-perafita\\\/#breadcrumb\",\"itemListElement\":[{\"@type\":\"ListItem\",\"position\":1,\"name\":\"In\u00edcio\",\"item\":\"https:\\\/\\\/jornaldasoficinas.com\\\/pt\\\/\"},{\"@type\":\"ListItem\",\"position\":2,\"name\":\"Nors Aftermarket abre loja em Perafita\"}]},{\"@type\":\"WebSite\",\"@id\":\"https:\\\/\\\/jornaldasoficinas.com\\\/pt\\\/#website\",\"url\":\"https:\\\/\\\/jornaldasoficinas.com\\\/pt\\\/\",\"name\":\"Jornal das Oficinas\",\"description\":\"Jornal independente do Aftermarket Autom\u00f3vel em Portugal\",\"publisher\":{\"@id\":\"https:\\\/\\\/jornaldasoficinas.com\\\/pt\\\/#organization\"},\"potentialAction\":[{\"@type\":\"SearchAction\",\"target\":{\"@type\":\"EntryPoint\",\"urlTemplate\":\"https:\\\/\\\/jornaldasoficinas.com\\\/pt\\\/?s={search_term_string}\"},\"query-input\":{\"@type\":\"PropertyValueSpecification\",\"valueRequired\":true,\"valueName\":\"search_term_string\"}}],\"inLanguage\":\"pt-PT\"},{\"@type\":\"Organization\",\"@id\":\"https:\\\/\\\/jornaldasoficinas.com\\\/pt\\\/#organization\",\"name\":\"Jornal das Oficinas\",\"url\":\"https:\\\/\\\/jornaldasoficinas.com\\\/pt\\\/\",\"logo\":{\"@type\":\"ImageObject\",\"inLanguage\":\"pt-PT\",\"@id\":\"https:\\\/\\\/jornaldasoficinas.com\\\/pt\\\/#\\\/schema\\\/logo\\\/image\\\/\",\"url\":\"https:\\\/\\\/jornaldasoficinas.com\\\/pt\\\/wp-content\\\/uploads\\\/logoJO-SEO.png\",\"contentUrl\":\"https:\\\/\\\/jornaldasoficinas.com\\\/pt\\\/wp-content\\\/uploads\\\/logoJO-SEO.png\",\"width\":285,\"height\":450,\"caption\":\"Jornal das Oficinas\"},\"image\":{\"@id\":\"https:\\\/\\\/jornaldasoficinas.com\\\/pt\\\/#\\\/schema\\\/logo\\\/image\\\/\"},\"sameAs\":[\"https:\\\/\\\/www.facebook.com\\\/jornaloficinas\",\"https:\\\/\\\/x.com\\\/jornaloficinas\",\"https:\\\/\\\/www.instagram.com\\\/jornal_oficinas\\\/\",\"https:\\\/\\\/www.linkedin.com\\\/company\\\/jornal-das-oficinas\\\/\",\"https:\\\/\\\/www.youtube.com\\\/channel\\\/UCbQZBqtcvV-oSQrr7RzINGg\"]},{\"@type\":\"Person\",\"@id\":\"https:\\\/\\\/jornaldasoficinas.com\\\/pt\\\/#\\\/schema\\\/person\\\/a38eef5de2c41d9e7c9ac10141afddf3\",\"name\":\"Reda\u00e7\u00e3o JO\",\"image\":{\"@type\":\"ImageObject\",\"inLanguage\":\"pt-PT\",\"@id\":\"https:\\\/\\\/secure.gravatar.com\\\/avatar\\\/71f2fa71737ad68a84fea94bc708ddac8ea5b0c4788dc2ad202f3ccb2887742f?s=96&d=wp_user_avatar&r=g\",\"url\":\"https:\\\/\\\/secure.gravatar.com\\\/avatar\\\/71f2fa71737ad68a84fea94bc708ddac8ea5b0c4788dc2ad202f3ccb2887742f?s=96&d=wp_user_avatar&r=g\",\"contentUrl\":\"https:\\\/\\\/secure.gravatar.com\\\/avatar\\\/71f2fa71737ad68a84fea94bc708ddac8ea5b0c4788dc2ad202f3ccb2887742f?s=96&d=wp_user_avatar&r=g\",\"caption\":\"Reda\u00e7\u00e3o JO\"},\"url\":\"https:\\\/\\\/jornaldasoficinas.com\\\/pt\\\/author\\\/joredacao\\\/\"}]}<\/script>\n<!-- \/ Yoast SEO plugin. -->","yoast_head_json":{"title":"Nors Aftermarket abre loja em Perafita - Jornal das Oficinas","description":"A Nors Aftermarket abriu uma loja em Perafita para refor\u00e7ar a proximidade com os clientes e garantir maior resposta \u00e0s suas necessidades","robots":{"index":"index","follow":"follow","max-snippet":"max-snippet:-1","max-image-preview":"max-image-preview:large","max-video-preview":"max-video-preview:-1"},"canonical":"https:\/\/jornaldasoficinas.com\/pt\/nors-aftermarket-abre-loja-em-perafita\/","og_locale":"pt_PT","og_type":"article","og_title":"Nors Aftermarket abre loja em Perafita - Jornal das Oficinas","og_description":"A Nors Aftermarket abriu uma loja em Perafita para refor\u00e7ar a proximidade com os clientes e garantir maior resposta \u00e0s suas necessidades","og_url":"https:\/\/jornaldasoficinas.com\/pt\/nors-aftermarket-abre-loja-em-perafita\/","og_site_name":"Jornal das Oficinas","article_publisher":"https:\/\/www.facebook.com\/jornaloficinas","article_published_time":"2025-12-15T12:30:22+00:00","og_image":[{"width":1024,"height":581,"url":"https:\/\/jornaldasoficinas.com\/pt\/wp-content\/uploads\/2025\/12\/Nors-Aftermarket-abre.jpg","type":"image\/jpeg"}],"author":"Reda\u00e7\u00e3o JO","twitter_card":"summary_large_image","twitter_creator":"@jornaloficinas","twitter_site":"@jornaloficinas","twitter_misc":{"Escrito por":"Reda\u00e7\u00e3o JO","Tempo estimado de leitura":"2 minutos"},"schema":{"@context":"https:\/\/schema.org","@graph":[{"@type":"Article","@id":"https:\/\/jornaldasoficinas.com\/pt\/nors-aftermarket-abre-loja-em-perafita\/#article","isPartOf":{"@id":"https:\/\/jornaldasoficinas.com\/pt\/nors-aftermarket-abre-loja-em-perafita\/"},"author":{"name":"Reda\u00e7\u00e3o JO","@id":"https:\/\/jornaldasoficinas.com\/pt\/#\/schema\/person\/a38eef5de2c41d9e7c9ac10141afddf3"},"headline":"Nors Aftermarket abre loja em Perafita","datePublished":"2025-12-15T12:30:22+00:00","mainEntityOfPage":{"@id":"https:\/\/jornaldasoficinas.com\/pt\/nors-aftermarket-abre-loja-em-perafita\/"},"wordCount":308,"publisher":{"@id":"https:\/\/jornaldasoficinas.com\/pt\/#organization"},"image":{"@id":"https:\/\/jornaldasoficinas.com\/pt\/nors-aftermarket-abre-loja-em-perafita\/#primaryimage"},"thumbnailUrl":"https:\/\/jornaldasoficinas.com\/pt\/wp-content\/uploads\/2025\/12\/Nors-Aftermarket-abre.jpg","keywords":["abertura loja","Isabel Basto","Matosinhos","Nors Aftermarket","Perafita","proximidade"],"articleSection":["Empresas"],"inLanguage":"pt-PT"},{"@type":"WebPage","@id":"https:\/\/jornaldasoficinas.com\/pt\/nors-aftermarket-abre-loja-em-perafita\/","url":"https:\/\/jornaldasoficinas.com\/pt\/nors-aftermarket-abre-loja-em-perafita\/","name":"Nors Aftermarket abre loja em Perafita - Jornal das Oficinas","isPartOf":{"@id":"https:\/\/jornaldasoficinas.com\/pt\/#website"},"primaryImageOfPage":{"@id":"https:\/\/jornaldasoficinas.com\/pt\/nors-aftermarket-abre-loja-em-perafita\/#primaryimage"},"image":{"@id":"https:\/\/jornaldasoficinas.com\/pt\/nors-aftermarket-abre-loja-em-perafita\/#primaryimage"},"thumbnailUrl":"https:\/\/jornaldasoficinas.com\/pt\/wp-content\/uploads\/2025\/12\/Nors-Aftermarket-abre.jpg","datePublished":"2025-12-15T12:30:22+00:00","description":"A Nors Aftermarket abriu uma loja em Perafita para refor\u00e7ar a proximidade com os clientes e garantir maior resposta \u00e0s suas necessidades","breadcrumb":{"@id":"https:\/\/jornaldasoficinas.com\/pt\/nors-aftermarket-abre-loja-em-perafita\/#breadcrumb"},"inLanguage":"pt-PT","potentialAction":[{"@type":"ReadAction","target":["https:\/\/jornaldasoficinas.com\/pt\/nors-aftermarket-abre-loja-em-perafita\/"]}]},{"@type":"ImageObject","inLanguage":"pt-PT","@id":"https:\/\/jornaldasoficinas.com\/pt\/nors-aftermarket-abre-loja-em-perafita\/#primaryimage","url":"https:\/\/jornaldasoficinas.com\/pt\/wp-content\/uploads\/2025\/12\/Nors-Aftermarket-abre.jpg","contentUrl":"https:\/\/jornaldasoficinas.com\/pt\/wp-content\/uploads\/2025\/12\/Nors-Aftermarket-abre.jpg","width":1024,"height":581,"caption":"12 - Nors Aftermarket abre"},{"@type":"BreadcrumbList","@id":"https:\/\/jornaldasoficinas.com\/pt\/nors-aftermarket-abre-loja-em-perafita\/#breadcrumb","itemListElement":[{"@type":"ListItem","position":1,"name":"In\u00edcio","item":"https:\/\/jornaldasoficinas.com\/pt\/"},{"@type":"ListItem","position":2,"name":"Nors Aftermarket abre loja em Perafita"}]},{"@type":"WebSite","@id":"https:\/\/jornaldasoficinas.com\/pt\/#website","url":"https:\/\/jornaldasoficinas.com\/pt\/","name":"Jornal das Oficinas","description":"Jornal independente do Aftermarket Autom\u00f3vel em Portugal","publisher":{"@id":"https:\/\/jornaldasoficinas.com\/pt\/#organization"},"potentialAction":[{"@type":"SearchAction","target":{"@type":"EntryPoint","urlTemplate":"https:\/\/jornaldasoficinas.com\/pt\/?s={search_term_string}"},"query-input":{"@type":"PropertyValueSpecification","valueRequired":true,"valueName":"search_term_string"}}],"inLanguage":"pt-PT"},{"@type":"Organization","@id":"https:\/\/jornaldasoficinas.com\/pt\/#organization","name":"Jornal das Oficinas","url":"https:\/\/jornaldasoficinas.com\/pt\/","logo":{"@type":"ImageObject","inLanguage":"pt-PT","@id":"https:\/\/jornaldasoficinas.com\/pt\/#\/schema\/logo\/image\/","url":"https:\/\/jornaldasoficinas.com\/pt\/wp-content\/uploads\/logoJO-SEO.png","contentUrl":"https:\/\/jornaldasoficinas.com\/pt\/wp-content\/uploads\/logoJO-SEO.png","width":285,"height":450,"caption":"Jornal das Oficinas"},"image":{"@id":"https:\/\/jornaldasoficinas.com\/pt\/#\/schema\/logo\/image\/"},"sameAs":["https:\/\/www.facebook.com\/jornaloficinas","https:\/\/x.com\/jornaloficinas","https:\/\/www.instagram.com\/jornal_oficinas\/","https:\/\/www.linkedin.com\/company\/jornal-das-oficinas\/","https:\/\/www.youtube.com\/channel\/UCbQZBqtcvV-oSQrr7RzINGg"]},{"@type":"Person","@id":"https:\/\/jornaldasoficinas.com\/pt\/#\/schema\/person\/a38eef5de2c41d9e7c9ac10141afddf3","name":"Reda\u00e7\u00e3o JO","image":{"@type":"ImageObject","inLanguage":"pt-PT","@id":"https:\/\/secure.gravatar.com\/avatar\/71f2fa71737ad68a84fea94bc708ddac8ea5b0c4788dc2ad202f3ccb2887742f?s=96&d=wp_user_avatar&r=g","url":"https:\/\/secure.gravatar.com\/avatar\/71f2fa71737ad68a84fea94bc708ddac8ea5b0c4788dc2ad202f3ccb2887742f?s=96&d=wp_user_avatar&r=g","contentUrl":"https:\/\/secure.gravatar.com\/avatar\/71f2fa71737ad68a84fea94bc708ddac8ea5b0c4788dc2ad202f3ccb2887742f?s=96&d=wp_user_avatar&r=g","caption":"Reda\u00e7\u00e3o JO"},"url":"https:\/\/jornaldasoficinas.com\/pt\/author\/joredacao\/"}]}},"_links":{"self":[{"href":"https:\/\/jornaldasoficinas.com\/pt\/wp-json\/wp\/v2\/posts\/110655","targetHints":{"allow":["GET"]}}],"collection":[{"href":"https:\/\/jornaldasoficinas.com\/pt\/wp-json\/wp\/v2\/posts"}],"about":[{"href":"https:\/\/jornaldasoficinas.com\/pt\/wp-json\/wp\/v2\/types\/post"}],"author":[{"embeddable":true,"href":"https:\/\/jornaldasoficinas.com\/pt\/wp-json\/wp\/v2\/users\/15"}],"replies":[{"embeddable":true,"href":"https:\/\/jornaldasoficinas.com\/pt\/wp-json\/wp\/v2\/comments?post=110655"}],"version-history":[{"count":2,"href":"https:\/\/jornaldasoficinas.com\/pt\/wp-json\/wp\/v2\/posts\/110655\/revisions"}],"predecessor-version":[{"id":110667,"href":"https:\/\/jornaldasoficinas.com\/pt\/wp-json\/wp\/v2\/posts\/110655\/revisions\/110667"}],"wp:featuredmedia":[{"embeddable":true,"href":"https:\/\/jornaldasoficinas.com\/pt\/wp-json\/wp\/v2\/media\/110663"}],"wp:attachment":[{"href":"https:\/\/jornaldasoficinas.com\/pt\/wp-json\/wp\/v2\/media?parent=110655"}],"wp:term":[{"taxonomy":"category","embeddable":true,"href":"https:\/\/jornaldasoficinas.com\/pt\/wp-json\/wp\/v2\/categories?post=110655"},{"taxonomy":"post_tag","embeddable":true,"href":"https:\/\/jornaldasoficinas.com\/pt\/wp-json\/wp\/v2\/tags?post=110655"}],"curies":[{"name":"wp","href":"https:\/\/api.w.org\/{rel}","templated":true}]}}