{"id":110657,"date":"2025-12-15T18:00:58","date_gmt":"2025-12-15T18:00:58","guid":{"rendered":"https:\/\/jornaldasoficinas.com\/pt\/?p=110657"},"modified":"2025-12-11T19:00:27","modified_gmt":"2025-12-11T19:00:27","slug":"kyb-eleva-fasquia-na-cobertura-de-pecas-direcao","status":"publish","type":"post","link":"https:\/\/jornaldasoficinas.com\/pt\/kyb-eleva-fasquia-na-cobertura-de-pecas-direcao\/","title":{"rendered":"KYB eleva fasquia na cobertura de pe\u00e7as dire\u00e7\u00e3o"},"content":{"rendered":"<p style=\"font-weight: 400;\"><strong><img loading=\"lazy\" decoding=\"async\" class=\"alignnone size-full wp-image-110664\" src=\"https:\/\/jornaldasoficinas.com\/pt\/wp-content\/uploads\/2025\/12\/KYB-eleva-fasquia-na-cobertura-de-pecas-direcao.png\" alt=\"12 - KYB eleva fasquia na cobertura de pecas direcao\" width=\"1024\" height=\"581\" srcset=\"https:\/\/jornaldasoficinas.com\/pt\/wp-content\/uploads\/2025\/12\/KYB-eleva-fasquia-na-cobertura-de-pecas-direcao.png 1024w, https:\/\/jornaldasoficinas.com\/pt\/wp-content\/uploads\/2025\/12\/KYB-eleva-fasquia-na-cobertura-de-pecas-direcao-300x170.png 300w, https:\/\/jornaldasoficinas.com\/pt\/wp-content\/uploads\/2025\/12\/KYB-eleva-fasquia-na-cobertura-de-pecas-direcao-150x85.png 150w, https:\/\/jornaldasoficinas.com\/pt\/wp-content\/uploads\/2025\/12\/KYB-eleva-fasquia-na-cobertura-de-pecas-direcao-768x436.png 768w\" sizes=\"auto, (max-width: 1024px) 100vw, 1024px\" \/><\/strong><\/p>\n<p style=\"font-weight: 400;\"><strong>A <a href=\"https:\/\/www.google.com\/url?sa=t&amp;source=web&amp;rct=j&amp;opi=89978449&amp;url=https:\/\/kyb-europe.com\/&amp;ved=2ahUKEwjcqofan7SRAxXsNvsDHQHsNy8QFnoECA4QAQ&amp;usg=AOvVaw010b4Qh0oTTkh4GTlvtyS5\">KYB Europe<\/a> anunciou uma grande expans\u00e3o da sua gama de pe\u00e7as de dire\u00e7\u00e3o, agora dispon\u00edvel atrav\u00e9s do cat\u00e1logo online<a href=\"https:\/\/www.google.com\/url?sa=t&amp;source=web&amp;rct=j&amp;opi=89978449&amp;url=https:\/\/www.tecalliance.net\/tecdoc-catalogue\/&amp;ved=2ahUKEwjygKr3n7SRAxVlOPsDHTpwBUYQFnoECA4QAQ&amp;usg=AOvVaw1-JsRVrUAire-Ktv6EkaGg\"> TecDoc<\/a>. Este desenvolvimento significativo permite que a KYB cubra 96% dos 350 milh\u00f5es de ve\u00edculos a circular atualmente na Europa, tornando a marca uma for\u00e7a motriz nesta categoria altamente competitiva de produtos<\/strong><\/p>\n<p style=\"font-weight: 400;\">Todas as pe\u00e7as de dire\u00e7\u00e3o da KYB foram projetadas e testadas para cumprir ou exceder as especifica\u00e7\u00f5es do equipamento original (OE). Cada componente \u00e9 submetido a uma garantia de qualidade rigorosa, incluindo controlo de rigidez, teste da carga material, resist\u00eancia do eixo esf\u00e9rico, teste do bin\u00e1rio de rota\u00e7\u00e3o e da tra\u00e7\u00e3o da barra de liga\u00e7\u00e3o, garantindo um desempenho consistente, em conformidade com o OE.<\/p>\n<p style=\"font-weight: 400;\">Os distribuidores de pe\u00e7as de dire\u00e7\u00e3o da KYB beneficiam do mesmo servi\u00e7o, log\u00edstica e suporte de vendas l\u00edder do setor que tornaram a KYB um parceiro de confian\u00e7a na Europa.<\/p>\n<p style=\"font-weight: 400;\">As equipas de dados e de cat\u00e1logo da KYB trabalham de forma incans\u00e1vel e diligente de forma a garantir a precis\u00e3o, fiabilidade e facilidade de acesso da gama expandida, o que resultou no reconhecimento da KYB como o primeiro fornecedor de amortecedores do mundo a alcan\u00e7ar o estatuto &#8220;Premier Data Supplier&#8221; do TecDoc.<\/p>\n<p style=\"font-weight: 400;\">Juan Carlos Diez, Diretor do mercado p\u00f3s-venda, comentou: &#8220;A nossa gama de pe\u00e7as de dire\u00e7\u00e3o em constante expans\u00e3o permite que as oficinas contem com um fornecedor global de confian\u00e7a para todas as suas necessidades em termos de dire\u00e7\u00e3o e suspens\u00e3o&#8221;.<\/p>\n<p style=\"font-weight: 400;\">\u00c9 importante destacar que todas as refer\u00eancias j\u00e1 est\u00e3o dispon\u00edveis no armaz\u00e9m em Alcal\u00e1 de Henares. Num an\u00fancio exclusivo, a KYB tamb\u00e9m confirma uma futura adi\u00e7\u00e3o de novas sub-gamas, com buchas de barras estabilizadoras e de vigas do eixo, sendo estes componentes de desgaste elevado devido \u00e0 exposi\u00e7\u00e3o cont\u00ednua a for\u00e7as de tor\u00e7\u00e3o.<\/p>\n<p style=\"font-weight: 400;\">Para ver a gama completa clique <a href=\"http:\/\/www.kyb-europe.com\/steering-parts\">aqui.<\/a><\/p>\n","protected":false},"excerpt":{"rendered":"<p>A KYB Europe anunciou uma grande&#8230;<\/p>\n","protected":false},"author":15,"featured_media":110664,"comment_status":"closed","ping_status":"closed","sticky":false,"template":"","format":"standard","meta":{"footnotes":""},"categories":[29],"tags":[13668,14208,526,4901,1026],"class_list":["post-110657","post","type-post","status-publish","format-standard","has-post-thumbnail","hentry","category-empresas","tag-expansao-da-gama","tag-juan-carlos-diez","tag-kyb-europe","tag-pecas-de-direcao","tag-tecdoc"],"yoast_head":"<!-- This site is optimized with the Yoast SEO plugin v27.4 - https:\/\/yoast.com\/product\/yoast-seo-wordpress\/ -->\n<title>KYB eleva fasquia na cobertura de pe\u00e7as dire\u00e7\u00e3o - Jornal das Oficinas<\/title>\n<meta name=\"description\" content=\"A KYB Europe anunciou uma grande expans\u00e3o da sua gama de pe\u00e7as de dire\u00e7\u00e3o, agora dispon\u00edvel atrav\u00e9s do cat\u00e1logo online TecDoc\" \/>\n<meta name=\"robots\" content=\"index, follow, max-snippet:-1, max-image-preview:large, max-video-preview:-1\" \/>\n<link rel=\"canonical\" href=\"https:\/\/jornaldasoficinas.com\/pt\/kyb-eleva-fasquia-na-cobertura-de-pecas-direcao\/\" \/>\n<meta property=\"og:locale\" content=\"pt_PT\" \/>\n<meta property=\"og:type\" content=\"article\" \/>\n<meta property=\"og:title\" content=\"KYB eleva fasquia na cobertura de pe\u00e7as dire\u00e7\u00e3o - Jornal das Oficinas\" \/>\n<meta property=\"og:description\" content=\"A KYB Europe anunciou uma grande expans\u00e3o da sua gama de pe\u00e7as de dire\u00e7\u00e3o, agora dispon\u00edvel atrav\u00e9s do cat\u00e1logo online TecDoc\" \/>\n<meta property=\"og:url\" content=\"https:\/\/jornaldasoficinas.com\/pt\/kyb-eleva-fasquia-na-cobertura-de-pecas-direcao\/\" \/>\n<meta property=\"og:site_name\" content=\"Jornal das Oficinas\" \/>\n<meta property=\"article:publisher\" content=\"https:\/\/www.facebook.com\/jornaloficinas\" \/>\n<meta property=\"article:published_time\" content=\"2025-12-15T18:00:58+00:00\" \/>\n<meta property=\"og:image\" content=\"https:\/\/jornaldasoficinas.com\/pt\/wp-content\/uploads\/2025\/12\/KYB-eleva-fasquia-na-cobertura-de-pecas-direcao.png\" \/>\n\t<meta property=\"og:image:width\" content=\"1024\" \/>\n\t<meta property=\"og:image:height\" content=\"581\" \/>\n\t<meta property=\"og:image:type\" content=\"image\/png\" \/>\n<meta name=\"author\" content=\"Reda\u00e7\u00e3o JO\" \/>\n<meta name=\"twitter:card\" content=\"summary_large_image\" \/>\n<meta name=\"twitter:creator\" content=\"@jornaloficinas\" \/>\n<meta name=\"twitter:site\" content=\"@jornaloficinas\" \/>\n<meta name=\"twitter:label1\" content=\"Escrito por\" \/>\n\t<meta name=\"twitter:data1\" content=\"Reda\u00e7\u00e3o JO\" \/>\n\t<meta name=\"twitter:label2\" content=\"Tempo estimado de leitura\" \/>\n\t<meta name=\"twitter:data2\" content=\"2 minutos\" \/>\n<script type=\"application\/ld+json\" class=\"yoast-schema-graph\">{\"@context\":\"https:\\\/\\\/schema.org\",\"@graph\":[{\"@type\":\"Article\",\"@id\":\"https:\\\/\\\/jornaldasoficinas.com\\\/pt\\\/kyb-eleva-fasquia-na-cobertura-de-pecas-direcao\\\/#article\",\"isPartOf\":{\"@id\":\"https:\\\/\\\/jornaldasoficinas.com\\\/pt\\\/kyb-eleva-fasquia-na-cobertura-de-pecas-direcao\\\/\"},\"author\":{\"name\":\"Reda\u00e7\u00e3o JO\",\"@id\":\"https:\\\/\\\/jornaldasoficinas.com\\\/pt\\\/#\\\/schema\\\/person\\\/a38eef5de2c41d9e7c9ac10141afddf3\"},\"headline\":\"KYB eleva fasquia na cobertura de pe\u00e7as dire\u00e7\u00e3o\",\"datePublished\":\"2025-12-15T18:00:58+00:00\",\"mainEntityOfPage\":{\"@id\":\"https:\\\/\\\/jornaldasoficinas.com\\\/pt\\\/kyb-eleva-fasquia-na-cobertura-de-pecas-direcao\\\/\"},\"wordCount\":350,\"publisher\":{\"@id\":\"https:\\\/\\\/jornaldasoficinas.com\\\/pt\\\/#organization\"},\"image\":{\"@id\":\"https:\\\/\\\/jornaldasoficinas.com\\\/pt\\\/kyb-eleva-fasquia-na-cobertura-de-pecas-direcao\\\/#primaryimage\"},\"thumbnailUrl\":\"https:\\\/\\\/jornaldasoficinas.com\\\/pt\\\/wp-content\\\/uploads\\\/2025\\\/12\\\/KYB-eleva-fasquia-na-cobertura-de-pecas-direcao.png\",\"keywords\":[\"expans\u00e3o da gama\",\"Juan Carlos Diez\",\"KYB Europe\",\"pe\u00e7as de dire\u00e7\u00e3o\",\"TecDoc\"],\"articleSection\":[\"Empresas\"],\"inLanguage\":\"pt-PT\"},{\"@type\":\"WebPage\",\"@id\":\"https:\\\/\\\/jornaldasoficinas.com\\\/pt\\\/kyb-eleva-fasquia-na-cobertura-de-pecas-direcao\\\/\",\"url\":\"https:\\\/\\\/jornaldasoficinas.com\\\/pt\\\/kyb-eleva-fasquia-na-cobertura-de-pecas-direcao\\\/\",\"name\":\"KYB eleva fasquia na cobertura de pe\u00e7as dire\u00e7\u00e3o - Jornal das Oficinas\",\"isPartOf\":{\"@id\":\"https:\\\/\\\/jornaldasoficinas.com\\\/pt\\\/#website\"},\"primaryImageOfPage\":{\"@id\":\"https:\\\/\\\/jornaldasoficinas.com\\\/pt\\\/kyb-eleva-fasquia-na-cobertura-de-pecas-direcao\\\/#primaryimage\"},\"image\":{\"@id\":\"https:\\\/\\\/jornaldasoficinas.com\\\/pt\\\/kyb-eleva-fasquia-na-cobertura-de-pecas-direcao\\\/#primaryimage\"},\"thumbnailUrl\":\"https:\\\/\\\/jornaldasoficinas.com\\\/pt\\\/wp-content\\\/uploads\\\/2025\\\/12\\\/KYB-eleva-fasquia-na-cobertura-de-pecas-direcao.png\",\"datePublished\":\"2025-12-15T18:00:58+00:00\",\"description\":\"A KYB Europe anunciou uma grande expans\u00e3o da sua gama de pe\u00e7as de dire\u00e7\u00e3o, agora dispon\u00edvel atrav\u00e9s do cat\u00e1logo online TecDoc\",\"breadcrumb\":{\"@id\":\"https:\\\/\\\/jornaldasoficinas.com\\\/pt\\\/kyb-eleva-fasquia-na-cobertura-de-pecas-direcao\\\/#breadcrumb\"},\"inLanguage\":\"pt-PT\",\"potentialAction\":[{\"@type\":\"ReadAction\",\"target\":[\"https:\\\/\\\/jornaldasoficinas.com\\\/pt\\\/kyb-eleva-fasquia-na-cobertura-de-pecas-direcao\\\/\"]}]},{\"@type\":\"ImageObject\",\"inLanguage\":\"pt-PT\",\"@id\":\"https:\\\/\\\/jornaldasoficinas.com\\\/pt\\\/kyb-eleva-fasquia-na-cobertura-de-pecas-direcao\\\/#primaryimage\",\"url\":\"https:\\\/\\\/jornaldasoficinas.com\\\/pt\\\/wp-content\\\/uploads\\\/2025\\\/12\\\/KYB-eleva-fasquia-na-cobertura-de-pecas-direcao.png\",\"contentUrl\":\"https:\\\/\\\/jornaldasoficinas.com\\\/pt\\\/wp-content\\\/uploads\\\/2025\\\/12\\\/KYB-eleva-fasquia-na-cobertura-de-pecas-direcao.png\",\"width\":1024,\"height\":581,\"caption\":\"12 - KYB eleva fasquia na cobertura de pecas direcao\"},{\"@type\":\"BreadcrumbList\",\"@id\":\"https:\\\/\\\/jornaldasoficinas.com\\\/pt\\\/kyb-eleva-fasquia-na-cobertura-de-pecas-direcao\\\/#breadcrumb\",\"itemListElement\":[{\"@type\":\"ListItem\",\"position\":1,\"name\":\"In\u00edcio\",\"item\":\"https:\\\/\\\/jornaldasoficinas.com\\\/pt\\\/\"},{\"@type\":\"ListItem\",\"position\":2,\"name\":\"KYB eleva fasquia na cobertura de pe\u00e7as dire\u00e7\u00e3o\"}]},{\"@type\":\"WebSite\",\"@id\":\"https:\\\/\\\/jornaldasoficinas.com\\\/pt\\\/#website\",\"url\":\"https:\\\/\\\/jornaldasoficinas.com\\\/pt\\\/\",\"name\":\"Jornal das Oficinas\",\"description\":\"Jornal independente do Aftermarket Autom\u00f3vel em Portugal\",\"publisher\":{\"@id\":\"https:\\\/\\\/jornaldasoficinas.com\\\/pt\\\/#organization\"},\"potentialAction\":[{\"@type\":\"SearchAction\",\"target\":{\"@type\":\"EntryPoint\",\"urlTemplate\":\"https:\\\/\\\/jornaldasoficinas.com\\\/pt\\\/?s={search_term_string}\"},\"query-input\":{\"@type\":\"PropertyValueSpecification\",\"valueRequired\":true,\"valueName\":\"search_term_string\"}}],\"inLanguage\":\"pt-PT\"},{\"@type\":\"Organization\",\"@id\":\"https:\\\/\\\/jornaldasoficinas.com\\\/pt\\\/#organization\",\"name\":\"Jornal das Oficinas\",\"url\":\"https:\\\/\\\/jornaldasoficinas.com\\\/pt\\\/\",\"logo\":{\"@type\":\"ImageObject\",\"inLanguage\":\"pt-PT\",\"@id\":\"https:\\\/\\\/jornaldasoficinas.com\\\/pt\\\/#\\\/schema\\\/logo\\\/image\\\/\",\"url\":\"https:\\\/\\\/jornaldasoficinas.com\\\/pt\\\/wp-content\\\/uploads\\\/logoJO-SEO.png\",\"contentUrl\":\"https:\\\/\\\/jornaldasoficinas.com\\\/pt\\\/wp-content\\\/uploads\\\/logoJO-SEO.png\",\"width\":285,\"height\":450,\"caption\":\"Jornal das Oficinas\"},\"image\":{\"@id\":\"https:\\\/\\\/jornaldasoficinas.com\\\/pt\\\/#\\\/schema\\\/logo\\\/image\\\/\"},\"sameAs\":[\"https:\\\/\\\/www.facebook.com\\\/jornaloficinas\",\"https:\\\/\\\/x.com\\\/jornaloficinas\",\"https:\\\/\\\/www.instagram.com\\\/jornal_oficinas\\\/\",\"https:\\\/\\\/www.linkedin.com\\\/company\\\/jornal-das-oficinas\\\/\",\"https:\\\/\\\/www.youtube.com\\\/channel\\\/UCbQZBqtcvV-oSQrr7RzINGg\"]},{\"@type\":\"Person\",\"@id\":\"https:\\\/\\\/jornaldasoficinas.com\\\/pt\\\/#\\\/schema\\\/person\\\/a38eef5de2c41d9e7c9ac10141afddf3\",\"name\":\"Reda\u00e7\u00e3o JO\",\"image\":{\"@type\":\"ImageObject\",\"inLanguage\":\"pt-PT\",\"@id\":\"https:\\\/\\\/secure.gravatar.com\\\/avatar\\\/71f2fa71737ad68a84fea94bc708ddac8ea5b0c4788dc2ad202f3ccb2887742f?s=96&d=wp_user_avatar&r=g\",\"url\":\"https:\\\/\\\/secure.gravatar.com\\\/avatar\\\/71f2fa71737ad68a84fea94bc708ddac8ea5b0c4788dc2ad202f3ccb2887742f?s=96&d=wp_user_avatar&r=g\",\"contentUrl\":\"https:\\\/\\\/secure.gravatar.com\\\/avatar\\\/71f2fa71737ad68a84fea94bc708ddac8ea5b0c4788dc2ad202f3ccb2887742f?s=96&d=wp_user_avatar&r=g\",\"caption\":\"Reda\u00e7\u00e3o JO\"},\"url\":\"https:\\\/\\\/jornaldasoficinas.com\\\/pt\\\/author\\\/joredacao\\\/\"}]}<\/script>\n<!-- \/ Yoast SEO plugin. -->","yoast_head_json":{"title":"KYB eleva fasquia na cobertura de pe\u00e7as dire\u00e7\u00e3o - Jornal das Oficinas","description":"A KYB Europe anunciou uma grande expans\u00e3o da sua gama de pe\u00e7as de dire\u00e7\u00e3o, agora dispon\u00edvel atrav\u00e9s do cat\u00e1logo online TecDoc","robots":{"index":"index","follow":"follow","max-snippet":"max-snippet:-1","max-image-preview":"max-image-preview:large","max-video-preview":"max-video-preview:-1"},"canonical":"https:\/\/jornaldasoficinas.com\/pt\/kyb-eleva-fasquia-na-cobertura-de-pecas-direcao\/","og_locale":"pt_PT","og_type":"article","og_title":"KYB eleva fasquia na cobertura de pe\u00e7as dire\u00e7\u00e3o - Jornal das Oficinas","og_description":"A KYB Europe anunciou uma grande expans\u00e3o da sua gama de pe\u00e7as de dire\u00e7\u00e3o, agora dispon\u00edvel atrav\u00e9s do cat\u00e1logo online TecDoc","og_url":"https:\/\/jornaldasoficinas.com\/pt\/kyb-eleva-fasquia-na-cobertura-de-pecas-direcao\/","og_site_name":"Jornal das Oficinas","article_publisher":"https:\/\/www.facebook.com\/jornaloficinas","article_published_time":"2025-12-15T18:00:58+00:00","og_image":[{"width":1024,"height":581,"url":"https:\/\/jornaldasoficinas.com\/pt\/wp-content\/uploads\/2025\/12\/KYB-eleva-fasquia-na-cobertura-de-pecas-direcao.png","type":"image\/png"}],"author":"Reda\u00e7\u00e3o JO","twitter_card":"summary_large_image","twitter_creator":"@jornaloficinas","twitter_site":"@jornaloficinas","twitter_misc":{"Escrito por":"Reda\u00e7\u00e3o JO","Tempo estimado de leitura":"2 minutos"},"schema":{"@context":"https:\/\/schema.org","@graph":[{"@type":"Article","@id":"https:\/\/jornaldasoficinas.com\/pt\/kyb-eleva-fasquia-na-cobertura-de-pecas-direcao\/#article","isPartOf":{"@id":"https:\/\/jornaldasoficinas.com\/pt\/kyb-eleva-fasquia-na-cobertura-de-pecas-direcao\/"},"author":{"name":"Reda\u00e7\u00e3o JO","@id":"https:\/\/jornaldasoficinas.com\/pt\/#\/schema\/person\/a38eef5de2c41d9e7c9ac10141afddf3"},"headline":"KYB eleva fasquia na cobertura de pe\u00e7as dire\u00e7\u00e3o","datePublished":"2025-12-15T18:00:58+00:00","mainEntityOfPage":{"@id":"https:\/\/jornaldasoficinas.com\/pt\/kyb-eleva-fasquia-na-cobertura-de-pecas-direcao\/"},"wordCount":350,"publisher":{"@id":"https:\/\/jornaldasoficinas.com\/pt\/#organization"},"image":{"@id":"https:\/\/jornaldasoficinas.com\/pt\/kyb-eleva-fasquia-na-cobertura-de-pecas-direcao\/#primaryimage"},"thumbnailUrl":"https:\/\/jornaldasoficinas.com\/pt\/wp-content\/uploads\/2025\/12\/KYB-eleva-fasquia-na-cobertura-de-pecas-direcao.png","keywords":["expans\u00e3o da gama","Juan Carlos Diez","KYB Europe","pe\u00e7as de dire\u00e7\u00e3o","TecDoc"],"articleSection":["Empresas"],"inLanguage":"pt-PT"},{"@type":"WebPage","@id":"https:\/\/jornaldasoficinas.com\/pt\/kyb-eleva-fasquia-na-cobertura-de-pecas-direcao\/","url":"https:\/\/jornaldasoficinas.com\/pt\/kyb-eleva-fasquia-na-cobertura-de-pecas-direcao\/","name":"KYB eleva fasquia na cobertura de pe\u00e7as dire\u00e7\u00e3o - Jornal das Oficinas","isPartOf":{"@id":"https:\/\/jornaldasoficinas.com\/pt\/#website"},"primaryImageOfPage":{"@id":"https:\/\/jornaldasoficinas.com\/pt\/kyb-eleva-fasquia-na-cobertura-de-pecas-direcao\/#primaryimage"},"image":{"@id":"https:\/\/jornaldasoficinas.com\/pt\/kyb-eleva-fasquia-na-cobertura-de-pecas-direcao\/#primaryimage"},"thumbnailUrl":"https:\/\/jornaldasoficinas.com\/pt\/wp-content\/uploads\/2025\/12\/KYB-eleva-fasquia-na-cobertura-de-pecas-direcao.png","datePublished":"2025-12-15T18:00:58+00:00","description":"A KYB Europe anunciou uma grande expans\u00e3o da sua gama de pe\u00e7as de dire\u00e7\u00e3o, agora dispon\u00edvel atrav\u00e9s do cat\u00e1logo online TecDoc","breadcrumb":{"@id":"https:\/\/jornaldasoficinas.com\/pt\/kyb-eleva-fasquia-na-cobertura-de-pecas-direcao\/#breadcrumb"},"inLanguage":"pt-PT","potentialAction":[{"@type":"ReadAction","target":["https:\/\/jornaldasoficinas.com\/pt\/kyb-eleva-fasquia-na-cobertura-de-pecas-direcao\/"]}]},{"@type":"ImageObject","inLanguage":"pt-PT","@id":"https:\/\/jornaldasoficinas.com\/pt\/kyb-eleva-fasquia-na-cobertura-de-pecas-direcao\/#primaryimage","url":"https:\/\/jornaldasoficinas.com\/pt\/wp-content\/uploads\/2025\/12\/KYB-eleva-fasquia-na-cobertura-de-pecas-direcao.png","contentUrl":"https:\/\/jornaldasoficinas.com\/pt\/wp-content\/uploads\/2025\/12\/KYB-eleva-fasquia-na-cobertura-de-pecas-direcao.png","width":1024,"height":581,"caption":"12 - KYB eleva fasquia na cobertura de pecas direcao"},{"@type":"BreadcrumbList","@id":"https:\/\/jornaldasoficinas.com\/pt\/kyb-eleva-fasquia-na-cobertura-de-pecas-direcao\/#breadcrumb","itemListElement":[{"@type":"ListItem","position":1,"name":"In\u00edcio","item":"https:\/\/jornaldasoficinas.com\/pt\/"},{"@type":"ListItem","position":2,"name":"KYB eleva fasquia na cobertura de pe\u00e7as dire\u00e7\u00e3o"}]},{"@type":"WebSite","@id":"https:\/\/jornaldasoficinas.com\/pt\/#website","url":"https:\/\/jornaldasoficinas.com\/pt\/","name":"Jornal das Oficinas","description":"Jornal independente do Aftermarket Autom\u00f3vel em Portugal","publisher":{"@id":"https:\/\/jornaldasoficinas.com\/pt\/#organization"},"potentialAction":[{"@type":"SearchAction","target":{"@type":"EntryPoint","urlTemplate":"https:\/\/jornaldasoficinas.com\/pt\/?s={search_term_string}"},"query-input":{"@type":"PropertyValueSpecification","valueRequired":true,"valueName":"search_term_string"}}],"inLanguage":"pt-PT"},{"@type":"Organization","@id":"https:\/\/jornaldasoficinas.com\/pt\/#organization","name":"Jornal das Oficinas","url":"https:\/\/jornaldasoficinas.com\/pt\/","logo":{"@type":"ImageObject","inLanguage":"pt-PT","@id":"https:\/\/jornaldasoficinas.com\/pt\/#\/schema\/logo\/image\/","url":"https:\/\/jornaldasoficinas.com\/pt\/wp-content\/uploads\/logoJO-SEO.png","contentUrl":"https:\/\/jornaldasoficinas.com\/pt\/wp-content\/uploads\/logoJO-SEO.png","width":285,"height":450,"caption":"Jornal das Oficinas"},"image":{"@id":"https:\/\/jornaldasoficinas.com\/pt\/#\/schema\/logo\/image\/"},"sameAs":["https:\/\/www.facebook.com\/jornaloficinas","https:\/\/x.com\/jornaloficinas","https:\/\/www.instagram.com\/jornal_oficinas\/","https:\/\/www.linkedin.com\/company\/jornal-das-oficinas\/","https:\/\/www.youtube.com\/channel\/UCbQZBqtcvV-oSQrr7RzINGg"]},{"@type":"Person","@id":"https:\/\/jornaldasoficinas.com\/pt\/#\/schema\/person\/a38eef5de2c41d9e7c9ac10141afddf3","name":"Reda\u00e7\u00e3o JO","image":{"@type":"ImageObject","inLanguage":"pt-PT","@id":"https:\/\/secure.gravatar.com\/avatar\/71f2fa71737ad68a84fea94bc708ddac8ea5b0c4788dc2ad202f3ccb2887742f?s=96&d=wp_user_avatar&r=g","url":"https:\/\/secure.gravatar.com\/avatar\/71f2fa71737ad68a84fea94bc708ddac8ea5b0c4788dc2ad202f3ccb2887742f?s=96&d=wp_user_avatar&r=g","contentUrl":"https:\/\/secure.gravatar.com\/avatar\/71f2fa71737ad68a84fea94bc708ddac8ea5b0c4788dc2ad202f3ccb2887742f?s=96&d=wp_user_avatar&r=g","caption":"Reda\u00e7\u00e3o JO"},"url":"https:\/\/jornaldasoficinas.com\/pt\/author\/joredacao\/"}]}},"_links":{"self":[{"href":"https:\/\/jornaldasoficinas.com\/pt\/wp-json\/wp\/v2\/posts\/110657","targetHints":{"allow":["GET"]}}],"collection":[{"href":"https:\/\/jornaldasoficinas.com\/pt\/wp-json\/wp\/v2\/posts"}],"about":[{"href":"https:\/\/jornaldasoficinas.com\/pt\/wp-json\/wp\/v2\/types\/post"}],"author":[{"embeddable":true,"href":"https:\/\/jornaldasoficinas.com\/pt\/wp-json\/wp\/v2\/users\/15"}],"replies":[{"embeddable":true,"href":"https:\/\/jornaldasoficinas.com\/pt\/wp-json\/wp\/v2\/comments?post=110657"}],"version-history":[{"count":3,"href":"https:\/\/jornaldasoficinas.com\/pt\/wp-json\/wp\/v2\/posts\/110657\/revisions"}],"predecessor-version":[{"id":110666,"href":"https:\/\/jornaldasoficinas.com\/pt\/wp-json\/wp\/v2\/posts\/110657\/revisions\/110666"}],"wp:featuredmedia":[{"embeddable":true,"href":"https:\/\/jornaldasoficinas.com\/pt\/wp-json\/wp\/v2\/media\/110664"}],"wp:attachment":[{"href":"https:\/\/jornaldasoficinas.com\/pt\/wp-json\/wp\/v2\/media?parent=110657"}],"wp:term":[{"taxonomy":"category","embeddable":true,"href":"https:\/\/jornaldasoficinas.com\/pt\/wp-json\/wp\/v2\/categories?post=110657"},{"taxonomy":"post_tag","embeddable":true,"href":"https:\/\/jornaldasoficinas.com\/pt\/wp-json\/wp\/v2\/tags?post=110657"}],"curies":[{"name":"wp","href":"https:\/\/api.w.org\/{rel}","templated":true}]}}