{"id":110713,"date":"2025-12-12T13:00:30","date_gmt":"2025-12-12T13:00:30","guid":{"rendered":"https:\/\/jornaldasoficinas.com\/pt\/?p=110713"},"modified":"2025-12-23T10:42:38","modified_gmt":"2025-12-23T10:42:38","slug":"motorbus-e-novo-distribuidor-autorizado-da-bosch","status":"publish","type":"post","link":"https:\/\/jornaldasoficinas.com\/pt\/motorbus-e-novo-distribuidor-autorizado-da-bosch\/","title":{"rendered":"Motorbus \u00e9 novo distribuidor autorizado da Bosch"},"content":{"rendered":"<p style=\"font-weight: 400;\"><strong><img loading=\"lazy\" decoding=\"async\" class=\"alignnone size-full wp-image-110727\" src=\"https:\/\/jornaldasoficinas.com\/pt\/wp-content\/uploads\/2025\/12\/Motorbus-e-novo-distribuidor-autorizado-da-Bosch.jpg\" alt=\"12 - Motorbus e novo distribuidor autorizado da Bosch\" width=\"1024\" height=\"581\" srcset=\"https:\/\/jornaldasoficinas.com\/pt\/wp-content\/uploads\/2025\/12\/Motorbus-e-novo-distribuidor-autorizado-da-Bosch.jpg 1024w, https:\/\/jornaldasoficinas.com\/pt\/wp-content\/uploads\/2025\/12\/Motorbus-e-novo-distribuidor-autorizado-da-Bosch-300x170.jpg 300w, https:\/\/jornaldasoficinas.com\/pt\/wp-content\/uploads\/2025\/12\/Motorbus-e-novo-distribuidor-autorizado-da-Bosch-150x85.jpg 150w, https:\/\/jornaldasoficinas.com\/pt\/wp-content\/uploads\/2025\/12\/Motorbus-e-novo-distribuidor-autorizado-da-Bosch-768x436.jpg 768w\" sizes=\"auto, (max-width: 1024px) 100vw, 1024px\" \/><\/strong><\/p>\n<p style=\"font-weight: 400;\"><strong>A <a href=\"https:\/\/www.google.com\/url?sa=t&amp;source=web&amp;rct=j&amp;opi=89978449&amp;url=https:\/\/motorbus.pt\/&amp;ved=2ahUKEwiT4qTKmraRAxVKgv0HHYXYClEQFnoECB4QAQ&amp;usg=AOvVaw0ruTEw3j054ixANXPtZu3P\">Motorbus<\/a> anunciou oficialmente a integra\u00e7\u00e3o da <a href=\"https:\/\/www.google.com\/url?sa=t&amp;source=web&amp;rct=j&amp;opi=89978449&amp;url=https:\/\/www.bosch.pt\/&amp;ved=2ahUKEwjfptDRmraRAxXDhv0HHZZMNkIQFnoECCcQAQ&amp;usg=AOvVaw260cfODGH5r4s_5_CeHAnO\">Bosch<\/a> como novo distribuidor autorizado. Esta parceria representa um avan\u00e7o significativo na estrat\u00e9gia da empresa para ampliar a oferta de componentes de elevada qualidade e fiabilidade para o setor do transporte rodovi\u00e1rio<\/strong><\/p>\n<p style=\"font-weight: 400;\">Reconhecida globalmente pela sua inova\u00e7\u00e3o tecnol\u00f3gica e rigor de fabrico, a Bosch junta-se agora \u00e0 rede de parceiros da Motorbus, trazendo ao mercado solu\u00e7\u00f5es premium para sistemas de motor, travagem, eletr\u00f3nica, diagn\u00f3stico e outros componentes para cami\u00f5es.<\/p>\n<p style=\"font-weight: 400;\">De acordo com a dire\u00e7\u00e3o da Motorbus, esta colabora\u00e7\u00e3o refor\u00e7a o compromisso da empresa em disponibilizar aos clientes produtos com elevados padr\u00f5es de desempenho e durabilidade: \u201cA associa\u00e7\u00e3o \u00e0 Bosch marca um momento importante na evolu\u00e7\u00e3o da Motorbus. Continuamos empenhados em oferecer solu\u00e7\u00f5es completas, robustas e tecnologicamente avan\u00e7adas para garantir a efici\u00eancia e seguran\u00e7a das frotas dos nossos clientes.\u201d<\/p>\n<p style=\"font-weight: 400;\">Com esta nova parceria, a Motorbus amplia o seu portf\u00f3lio e consolida a sua posi\u00e7\u00e3o como fornecedor de refer\u00eancia no setor dos ve\u00edculos pesados, mantendo o foco na qualidade, confian\u00e7a e rapidez de resposta ao mercado.<\/p>\n<p>&nbsp;<\/p>\n","protected":false},"excerpt":{"rendered":"<p>A Motorbus anunciou oficialmente a integra\u00e7\u00e3o&#8230;<\/p>\n","protected":false},"author":15,"featured_media":110727,"comment_status":"closed","ping_status":"closed","sticky":false,"template":"","format":"standard","meta":{"footnotes":""},"categories":[29],"tags":[123,14211,4467,9084,300,14212],"class_list":["post-110713","post","type-post","status-publish","format-standard","has-post-thumbnail","hentry","category-empresas","tag-bosch","tag-distribuidor-autorizado","tag-estrategia","tag-inovacao-tecnologica","tag-motorbus","tag-oferta-de-componentes"],"yoast_head":"<!-- This site is optimized with the Yoast SEO plugin v27.4 - https:\/\/yoast.com\/product\/yoast-seo-wordpress\/ -->\n<title>Motorbus \u00e9 novo distribuidor autorizado da Bosch - Jornal das Oficinas<\/title>\n<meta name=\"description\" content=\"A Motorbus anunciou a integra\u00e7\u00e3o da Bosch como novo distribuidor autorizado. Esta parceria \u00e9 um avan\u00e7o significativo na estrat\u00e9gia da empresa\" \/>\n<meta name=\"robots\" content=\"index, follow, max-snippet:-1, max-image-preview:large, max-video-preview:-1\" \/>\n<link rel=\"canonical\" href=\"https:\/\/jornaldasoficinas.com\/pt\/motorbus-e-novo-distribuidor-autorizado-da-bosch\/\" \/>\n<meta property=\"og:locale\" content=\"pt_PT\" \/>\n<meta property=\"og:type\" content=\"article\" \/>\n<meta property=\"og:title\" content=\"Motorbus \u00e9 novo distribuidor autorizado da Bosch - Jornal das Oficinas\" \/>\n<meta property=\"og:description\" content=\"A Motorbus anunciou a integra\u00e7\u00e3o da Bosch como novo distribuidor autorizado. Esta parceria \u00e9 um avan\u00e7o significativo na estrat\u00e9gia da empresa\" \/>\n<meta property=\"og:url\" content=\"https:\/\/jornaldasoficinas.com\/pt\/motorbus-e-novo-distribuidor-autorizado-da-bosch\/\" \/>\n<meta property=\"og:site_name\" content=\"Jornal das Oficinas\" \/>\n<meta property=\"article:publisher\" content=\"https:\/\/www.facebook.com\/jornaloficinas\" \/>\n<meta property=\"article:published_time\" content=\"2025-12-12T13:00:30+00:00\" \/>\n<meta property=\"article:modified_time\" content=\"2025-12-23T10:42:38+00:00\" \/>\n<meta property=\"og:image\" content=\"https:\/\/jornaldasoficinas.com\/pt\/wp-content\/uploads\/2025\/12\/Motorbus-e-novo-distribuidor-autorizado-da-Bosch.jpg\" \/>\n\t<meta property=\"og:image:width\" content=\"1024\" \/>\n\t<meta property=\"og:image:height\" content=\"581\" \/>\n\t<meta property=\"og:image:type\" content=\"image\/jpeg\" \/>\n<meta name=\"author\" content=\"Reda\u00e7\u00e3o JO\" \/>\n<meta name=\"twitter:card\" content=\"summary_large_image\" \/>\n<meta name=\"twitter:creator\" content=\"@jornaloficinas\" \/>\n<meta name=\"twitter:site\" content=\"@jornaloficinas\" \/>\n<meta name=\"twitter:label1\" content=\"Escrito por\" \/>\n\t<meta name=\"twitter:data1\" content=\"Reda\u00e7\u00e3o JO\" \/>\n\t<meta name=\"twitter:label2\" content=\"Tempo estimado de leitura\" \/>\n\t<meta name=\"twitter:data2\" content=\"2 minutos\" \/>\n<script type=\"application\/ld+json\" class=\"yoast-schema-graph\">{\"@context\":\"https:\\\/\\\/schema.org\",\"@graph\":[{\"@type\":\"Article\",\"@id\":\"https:\\\/\\\/jornaldasoficinas.com\\\/pt\\\/motorbus-e-novo-distribuidor-autorizado-da-bosch\\\/#article\",\"isPartOf\":{\"@id\":\"https:\\\/\\\/jornaldasoficinas.com\\\/pt\\\/motorbus-e-novo-distribuidor-autorizado-da-bosch\\\/\"},\"author\":{\"name\":\"Reda\u00e7\u00e3o JO\",\"@id\":\"https:\\\/\\\/jornaldasoficinas.com\\\/pt\\\/#\\\/schema\\\/person\\\/a38eef5de2c41d9e7c9ac10141afddf3\"},\"headline\":\"Motorbus \u00e9 novo distribuidor autorizado da Bosch\",\"datePublished\":\"2025-12-12T13:00:30+00:00\",\"dateModified\":\"2025-12-23T10:42:38+00:00\",\"mainEntityOfPage\":{\"@id\":\"https:\\\/\\\/jornaldasoficinas.com\\\/pt\\\/motorbus-e-novo-distribuidor-autorizado-da-bosch\\\/\"},\"wordCount\":201,\"publisher\":{\"@id\":\"https:\\\/\\\/jornaldasoficinas.com\\\/pt\\\/#organization\"},\"image\":{\"@id\":\"https:\\\/\\\/jornaldasoficinas.com\\\/pt\\\/motorbus-e-novo-distribuidor-autorizado-da-bosch\\\/#primaryimage\"},\"thumbnailUrl\":\"https:\\\/\\\/jornaldasoficinas.com\\\/pt\\\/wp-content\\\/uploads\\\/2025\\\/12\\\/Motorbus-e-novo-distribuidor-autorizado-da-Bosch.jpg\",\"keywords\":[\"Bosch\",\"Distribuidor Autorizado\",\"Estrat\u00e9gia\",\"inova\u00e7\u00e3o tecnol\u00f3gica\",\"Motorbus\",\"oferta de componentes\"],\"articleSection\":[\"Empresas\"],\"inLanguage\":\"pt-PT\"},{\"@type\":\"WebPage\",\"@id\":\"https:\\\/\\\/jornaldasoficinas.com\\\/pt\\\/motorbus-e-novo-distribuidor-autorizado-da-bosch\\\/\",\"url\":\"https:\\\/\\\/jornaldasoficinas.com\\\/pt\\\/motorbus-e-novo-distribuidor-autorizado-da-bosch\\\/\",\"name\":\"Motorbus \u00e9 novo distribuidor autorizado da Bosch - Jornal das Oficinas\",\"isPartOf\":{\"@id\":\"https:\\\/\\\/jornaldasoficinas.com\\\/pt\\\/#website\"},\"primaryImageOfPage\":{\"@id\":\"https:\\\/\\\/jornaldasoficinas.com\\\/pt\\\/motorbus-e-novo-distribuidor-autorizado-da-bosch\\\/#primaryimage\"},\"image\":{\"@id\":\"https:\\\/\\\/jornaldasoficinas.com\\\/pt\\\/motorbus-e-novo-distribuidor-autorizado-da-bosch\\\/#primaryimage\"},\"thumbnailUrl\":\"https:\\\/\\\/jornaldasoficinas.com\\\/pt\\\/wp-content\\\/uploads\\\/2025\\\/12\\\/Motorbus-e-novo-distribuidor-autorizado-da-Bosch.jpg\",\"datePublished\":\"2025-12-12T13:00:30+00:00\",\"dateModified\":\"2025-12-23T10:42:38+00:00\",\"description\":\"A Motorbus anunciou a integra\u00e7\u00e3o da Bosch como novo distribuidor autorizado. Esta parceria \u00e9 um avan\u00e7o significativo na estrat\u00e9gia da empresa\",\"breadcrumb\":{\"@id\":\"https:\\\/\\\/jornaldasoficinas.com\\\/pt\\\/motorbus-e-novo-distribuidor-autorizado-da-bosch\\\/#breadcrumb\"},\"inLanguage\":\"pt-PT\",\"potentialAction\":[{\"@type\":\"ReadAction\",\"target\":[\"https:\\\/\\\/jornaldasoficinas.com\\\/pt\\\/motorbus-e-novo-distribuidor-autorizado-da-bosch\\\/\"]}]},{\"@type\":\"ImageObject\",\"inLanguage\":\"pt-PT\",\"@id\":\"https:\\\/\\\/jornaldasoficinas.com\\\/pt\\\/motorbus-e-novo-distribuidor-autorizado-da-bosch\\\/#primaryimage\",\"url\":\"https:\\\/\\\/jornaldasoficinas.com\\\/pt\\\/wp-content\\\/uploads\\\/2025\\\/12\\\/Motorbus-e-novo-distribuidor-autorizado-da-Bosch.jpg\",\"contentUrl\":\"https:\\\/\\\/jornaldasoficinas.com\\\/pt\\\/wp-content\\\/uploads\\\/2025\\\/12\\\/Motorbus-e-novo-distribuidor-autorizado-da-Bosch.jpg\",\"width\":1024,\"height\":581,\"caption\":\"12 - Motorbus e novo distribuidor autorizado da Bosch\"},{\"@type\":\"BreadcrumbList\",\"@id\":\"https:\\\/\\\/jornaldasoficinas.com\\\/pt\\\/motorbus-e-novo-distribuidor-autorizado-da-bosch\\\/#breadcrumb\",\"itemListElement\":[{\"@type\":\"ListItem\",\"position\":1,\"name\":\"In\u00edcio\",\"item\":\"https:\\\/\\\/jornaldasoficinas.com\\\/pt\\\/\"},{\"@type\":\"ListItem\",\"position\":2,\"name\":\"Motorbus \u00e9 novo distribuidor autorizado da Bosch\"}]},{\"@type\":\"WebSite\",\"@id\":\"https:\\\/\\\/jornaldasoficinas.com\\\/pt\\\/#website\",\"url\":\"https:\\\/\\\/jornaldasoficinas.com\\\/pt\\\/\",\"name\":\"Jornal das Oficinas\",\"description\":\"Jornal independente do Aftermarket Autom\u00f3vel em Portugal\",\"publisher\":{\"@id\":\"https:\\\/\\\/jornaldasoficinas.com\\\/pt\\\/#organization\"},\"potentialAction\":[{\"@type\":\"SearchAction\",\"target\":{\"@type\":\"EntryPoint\",\"urlTemplate\":\"https:\\\/\\\/jornaldasoficinas.com\\\/pt\\\/?s={search_term_string}\"},\"query-input\":{\"@type\":\"PropertyValueSpecification\",\"valueRequired\":true,\"valueName\":\"search_term_string\"}}],\"inLanguage\":\"pt-PT\"},{\"@type\":\"Organization\",\"@id\":\"https:\\\/\\\/jornaldasoficinas.com\\\/pt\\\/#organization\",\"name\":\"Jornal das Oficinas\",\"url\":\"https:\\\/\\\/jornaldasoficinas.com\\\/pt\\\/\",\"logo\":{\"@type\":\"ImageObject\",\"inLanguage\":\"pt-PT\",\"@id\":\"https:\\\/\\\/jornaldasoficinas.com\\\/pt\\\/#\\\/schema\\\/logo\\\/image\\\/\",\"url\":\"https:\\\/\\\/jornaldasoficinas.com\\\/pt\\\/wp-content\\\/uploads\\\/logoJO-SEO.png\",\"contentUrl\":\"https:\\\/\\\/jornaldasoficinas.com\\\/pt\\\/wp-content\\\/uploads\\\/logoJO-SEO.png\",\"width\":285,\"height\":450,\"caption\":\"Jornal das Oficinas\"},\"image\":{\"@id\":\"https:\\\/\\\/jornaldasoficinas.com\\\/pt\\\/#\\\/schema\\\/logo\\\/image\\\/\"},\"sameAs\":[\"https:\\\/\\\/www.facebook.com\\\/jornaloficinas\",\"https:\\\/\\\/x.com\\\/jornaloficinas\",\"https:\\\/\\\/www.instagram.com\\\/jornal_oficinas\\\/\",\"https:\\\/\\\/www.linkedin.com\\\/company\\\/jornal-das-oficinas\\\/\",\"https:\\\/\\\/www.youtube.com\\\/channel\\\/UCbQZBqtcvV-oSQrr7RzINGg\"]},{\"@type\":\"Person\",\"@id\":\"https:\\\/\\\/jornaldasoficinas.com\\\/pt\\\/#\\\/schema\\\/person\\\/a38eef5de2c41d9e7c9ac10141afddf3\",\"name\":\"Reda\u00e7\u00e3o JO\",\"image\":{\"@type\":\"ImageObject\",\"inLanguage\":\"pt-PT\",\"@id\":\"https:\\\/\\\/secure.gravatar.com\\\/avatar\\\/71f2fa71737ad68a84fea94bc708ddac8ea5b0c4788dc2ad202f3ccb2887742f?s=96&d=wp_user_avatar&r=g\",\"url\":\"https:\\\/\\\/secure.gravatar.com\\\/avatar\\\/71f2fa71737ad68a84fea94bc708ddac8ea5b0c4788dc2ad202f3ccb2887742f?s=96&d=wp_user_avatar&r=g\",\"contentUrl\":\"https:\\\/\\\/secure.gravatar.com\\\/avatar\\\/71f2fa71737ad68a84fea94bc708ddac8ea5b0c4788dc2ad202f3ccb2887742f?s=96&d=wp_user_avatar&r=g\",\"caption\":\"Reda\u00e7\u00e3o JO\"},\"url\":\"https:\\\/\\\/jornaldasoficinas.com\\\/pt\\\/author\\\/joredacao\\\/\"}]}<\/script>\n<!-- \/ Yoast SEO plugin. -->","yoast_head_json":{"title":"Motorbus \u00e9 novo distribuidor autorizado da Bosch - Jornal das Oficinas","description":"A Motorbus anunciou a integra\u00e7\u00e3o da Bosch como novo distribuidor autorizado. Esta parceria \u00e9 um avan\u00e7o significativo na estrat\u00e9gia da empresa","robots":{"index":"index","follow":"follow","max-snippet":"max-snippet:-1","max-image-preview":"max-image-preview:large","max-video-preview":"max-video-preview:-1"},"canonical":"https:\/\/jornaldasoficinas.com\/pt\/motorbus-e-novo-distribuidor-autorizado-da-bosch\/","og_locale":"pt_PT","og_type":"article","og_title":"Motorbus \u00e9 novo distribuidor autorizado da Bosch - Jornal das Oficinas","og_description":"A Motorbus anunciou a integra\u00e7\u00e3o da Bosch como novo distribuidor autorizado. Esta parceria \u00e9 um avan\u00e7o significativo na estrat\u00e9gia da empresa","og_url":"https:\/\/jornaldasoficinas.com\/pt\/motorbus-e-novo-distribuidor-autorizado-da-bosch\/","og_site_name":"Jornal das Oficinas","article_publisher":"https:\/\/www.facebook.com\/jornaloficinas","article_published_time":"2025-12-12T13:00:30+00:00","article_modified_time":"2025-12-23T10:42:38+00:00","og_image":[{"width":1024,"height":581,"url":"https:\/\/jornaldasoficinas.com\/pt\/wp-content\/uploads\/2025\/12\/Motorbus-e-novo-distribuidor-autorizado-da-Bosch.jpg","type":"image\/jpeg"}],"author":"Reda\u00e7\u00e3o JO","twitter_card":"summary_large_image","twitter_creator":"@jornaloficinas","twitter_site":"@jornaloficinas","twitter_misc":{"Escrito por":"Reda\u00e7\u00e3o JO","Tempo estimado de leitura":"2 minutos"},"schema":{"@context":"https:\/\/schema.org","@graph":[{"@type":"Article","@id":"https:\/\/jornaldasoficinas.com\/pt\/motorbus-e-novo-distribuidor-autorizado-da-bosch\/#article","isPartOf":{"@id":"https:\/\/jornaldasoficinas.com\/pt\/motorbus-e-novo-distribuidor-autorizado-da-bosch\/"},"author":{"name":"Reda\u00e7\u00e3o JO","@id":"https:\/\/jornaldasoficinas.com\/pt\/#\/schema\/person\/a38eef5de2c41d9e7c9ac10141afddf3"},"headline":"Motorbus \u00e9 novo distribuidor autorizado da Bosch","datePublished":"2025-12-12T13:00:30+00:00","dateModified":"2025-12-23T10:42:38+00:00","mainEntityOfPage":{"@id":"https:\/\/jornaldasoficinas.com\/pt\/motorbus-e-novo-distribuidor-autorizado-da-bosch\/"},"wordCount":201,"publisher":{"@id":"https:\/\/jornaldasoficinas.com\/pt\/#organization"},"image":{"@id":"https:\/\/jornaldasoficinas.com\/pt\/motorbus-e-novo-distribuidor-autorizado-da-bosch\/#primaryimage"},"thumbnailUrl":"https:\/\/jornaldasoficinas.com\/pt\/wp-content\/uploads\/2025\/12\/Motorbus-e-novo-distribuidor-autorizado-da-Bosch.jpg","keywords":["Bosch","Distribuidor Autorizado","Estrat\u00e9gia","inova\u00e7\u00e3o tecnol\u00f3gica","Motorbus","oferta de componentes"],"articleSection":["Empresas"],"inLanguage":"pt-PT"},{"@type":"WebPage","@id":"https:\/\/jornaldasoficinas.com\/pt\/motorbus-e-novo-distribuidor-autorizado-da-bosch\/","url":"https:\/\/jornaldasoficinas.com\/pt\/motorbus-e-novo-distribuidor-autorizado-da-bosch\/","name":"Motorbus \u00e9 novo distribuidor autorizado da Bosch - Jornal das Oficinas","isPartOf":{"@id":"https:\/\/jornaldasoficinas.com\/pt\/#website"},"primaryImageOfPage":{"@id":"https:\/\/jornaldasoficinas.com\/pt\/motorbus-e-novo-distribuidor-autorizado-da-bosch\/#primaryimage"},"image":{"@id":"https:\/\/jornaldasoficinas.com\/pt\/motorbus-e-novo-distribuidor-autorizado-da-bosch\/#primaryimage"},"thumbnailUrl":"https:\/\/jornaldasoficinas.com\/pt\/wp-content\/uploads\/2025\/12\/Motorbus-e-novo-distribuidor-autorizado-da-Bosch.jpg","datePublished":"2025-12-12T13:00:30+00:00","dateModified":"2025-12-23T10:42:38+00:00","description":"A Motorbus anunciou a integra\u00e7\u00e3o da Bosch como novo distribuidor autorizado. Esta parceria \u00e9 um avan\u00e7o significativo na estrat\u00e9gia da empresa","breadcrumb":{"@id":"https:\/\/jornaldasoficinas.com\/pt\/motorbus-e-novo-distribuidor-autorizado-da-bosch\/#breadcrumb"},"inLanguage":"pt-PT","potentialAction":[{"@type":"ReadAction","target":["https:\/\/jornaldasoficinas.com\/pt\/motorbus-e-novo-distribuidor-autorizado-da-bosch\/"]}]},{"@type":"ImageObject","inLanguage":"pt-PT","@id":"https:\/\/jornaldasoficinas.com\/pt\/motorbus-e-novo-distribuidor-autorizado-da-bosch\/#primaryimage","url":"https:\/\/jornaldasoficinas.com\/pt\/wp-content\/uploads\/2025\/12\/Motorbus-e-novo-distribuidor-autorizado-da-Bosch.jpg","contentUrl":"https:\/\/jornaldasoficinas.com\/pt\/wp-content\/uploads\/2025\/12\/Motorbus-e-novo-distribuidor-autorizado-da-Bosch.jpg","width":1024,"height":581,"caption":"12 - Motorbus e novo distribuidor autorizado da Bosch"},{"@type":"BreadcrumbList","@id":"https:\/\/jornaldasoficinas.com\/pt\/motorbus-e-novo-distribuidor-autorizado-da-bosch\/#breadcrumb","itemListElement":[{"@type":"ListItem","position":1,"name":"In\u00edcio","item":"https:\/\/jornaldasoficinas.com\/pt\/"},{"@type":"ListItem","position":2,"name":"Motorbus \u00e9 novo distribuidor autorizado da Bosch"}]},{"@type":"WebSite","@id":"https:\/\/jornaldasoficinas.com\/pt\/#website","url":"https:\/\/jornaldasoficinas.com\/pt\/","name":"Jornal das Oficinas","description":"Jornal independente do Aftermarket Autom\u00f3vel em Portugal","publisher":{"@id":"https:\/\/jornaldasoficinas.com\/pt\/#organization"},"potentialAction":[{"@type":"SearchAction","target":{"@type":"EntryPoint","urlTemplate":"https:\/\/jornaldasoficinas.com\/pt\/?s={search_term_string}"},"query-input":{"@type":"PropertyValueSpecification","valueRequired":true,"valueName":"search_term_string"}}],"inLanguage":"pt-PT"},{"@type":"Organization","@id":"https:\/\/jornaldasoficinas.com\/pt\/#organization","name":"Jornal das Oficinas","url":"https:\/\/jornaldasoficinas.com\/pt\/","logo":{"@type":"ImageObject","inLanguage":"pt-PT","@id":"https:\/\/jornaldasoficinas.com\/pt\/#\/schema\/logo\/image\/","url":"https:\/\/jornaldasoficinas.com\/pt\/wp-content\/uploads\/logoJO-SEO.png","contentUrl":"https:\/\/jornaldasoficinas.com\/pt\/wp-content\/uploads\/logoJO-SEO.png","width":285,"height":450,"caption":"Jornal das Oficinas"},"image":{"@id":"https:\/\/jornaldasoficinas.com\/pt\/#\/schema\/logo\/image\/"},"sameAs":["https:\/\/www.facebook.com\/jornaloficinas","https:\/\/x.com\/jornaloficinas","https:\/\/www.instagram.com\/jornal_oficinas\/","https:\/\/www.linkedin.com\/company\/jornal-das-oficinas\/","https:\/\/www.youtube.com\/channel\/UCbQZBqtcvV-oSQrr7RzINGg"]},{"@type":"Person","@id":"https:\/\/jornaldasoficinas.com\/pt\/#\/schema\/person\/a38eef5de2c41d9e7c9ac10141afddf3","name":"Reda\u00e7\u00e3o JO","image":{"@type":"ImageObject","inLanguage":"pt-PT","@id":"https:\/\/secure.gravatar.com\/avatar\/71f2fa71737ad68a84fea94bc708ddac8ea5b0c4788dc2ad202f3ccb2887742f?s=96&d=wp_user_avatar&r=g","url":"https:\/\/secure.gravatar.com\/avatar\/71f2fa71737ad68a84fea94bc708ddac8ea5b0c4788dc2ad202f3ccb2887742f?s=96&d=wp_user_avatar&r=g","contentUrl":"https:\/\/secure.gravatar.com\/avatar\/71f2fa71737ad68a84fea94bc708ddac8ea5b0c4788dc2ad202f3ccb2887742f?s=96&d=wp_user_avatar&r=g","caption":"Reda\u00e7\u00e3o JO"},"url":"https:\/\/jornaldasoficinas.com\/pt\/author\/joredacao\/"}]}},"_links":{"self":[{"href":"https:\/\/jornaldasoficinas.com\/pt\/wp-json\/wp\/v2\/posts\/110713","targetHints":{"allow":["GET"]}}],"collection":[{"href":"https:\/\/jornaldasoficinas.com\/pt\/wp-json\/wp\/v2\/posts"}],"about":[{"href":"https:\/\/jornaldasoficinas.com\/pt\/wp-json\/wp\/v2\/types\/post"}],"author":[{"embeddable":true,"href":"https:\/\/jornaldasoficinas.com\/pt\/wp-json\/wp\/v2\/users\/15"}],"replies":[{"embeddable":true,"href":"https:\/\/jornaldasoficinas.com\/pt\/wp-json\/wp\/v2\/comments?post=110713"}],"version-history":[{"count":3,"href":"https:\/\/jornaldasoficinas.com\/pt\/wp-json\/wp\/v2\/posts\/110713\/revisions"}],"predecessor-version":[{"id":111174,"href":"https:\/\/jornaldasoficinas.com\/pt\/wp-json\/wp\/v2\/posts\/110713\/revisions\/111174"}],"wp:featuredmedia":[{"embeddable":true,"href":"https:\/\/jornaldasoficinas.com\/pt\/wp-json\/wp\/v2\/media\/110727"}],"wp:attachment":[{"href":"https:\/\/jornaldasoficinas.com\/pt\/wp-json\/wp\/v2\/media?parent=110713"}],"wp:term":[{"taxonomy":"category","embeddable":true,"href":"https:\/\/jornaldasoficinas.com\/pt\/wp-json\/wp\/v2\/categories?post=110713"},{"taxonomy":"post_tag","embeddable":true,"href":"https:\/\/jornaldasoficinas.com\/pt\/wp-json\/wp\/v2\/tags?post=110713"}],"curies":[{"name":"wp","href":"https:\/\/api.w.org\/{rel}","templated":true}]}}