{"id":110744,"date":"2025-12-16T14:00:22","date_gmt":"2025-12-16T14:00:22","guid":{"rendered":"https:\/\/jornaldasoficinas.com\/pt\/?p=110744"},"modified":"2025-12-12T12:01:53","modified_gmt":"2025-12-12T12:01:53","slug":"delphi-reforca-compromisso-com-as-oficinas","status":"publish","type":"post","link":"https:\/\/jornaldasoficinas.com\/pt\/delphi-reforca-compromisso-com-as-oficinas\/","title":{"rendered":"Delphi refor\u00e7a compromisso com as oficinas"},"content":{"rendered":"<p style=\"font-weight: 400;\"><strong><img loading=\"lazy\" decoding=\"async\" class=\"alignnone size-full wp-image-110751\" src=\"https:\/\/jornaldasoficinas.com\/pt\/wp-content\/uploads\/2025\/12\/Delphi-reforca.jpg\" alt=\"12 - Delphi reforca\" width=\"1024\" height=\"581\" srcset=\"https:\/\/jornaldasoficinas.com\/pt\/wp-content\/uploads\/2025\/12\/Delphi-reforca.jpg 1024w, https:\/\/jornaldasoficinas.com\/pt\/wp-content\/uploads\/2025\/12\/Delphi-reforca-300x170.jpg 300w, https:\/\/jornaldasoficinas.com\/pt\/wp-content\/uploads\/2025\/12\/Delphi-reforca-150x85.jpg 150w, https:\/\/jornaldasoficinas.com\/pt\/wp-content\/uploads\/2025\/12\/Delphi-reforca-768x436.jpg 768w\" sizes=\"auto, (max-width: 1024px) 100vw, 1024px\" \/><\/strong><\/p>\n<p style=\"font-weight: 400;\"><strong>A <a href=\"https:\/\/www.google.com\/url?sa=t&amp;source=web&amp;rct=j&amp;opi=89978449&amp;url=https:\/\/www.delphiautoparts.com\/pt-br&amp;ved=2ahUKEwiJxt7N_reRAxVaS_EDHY6HOYwQFnoECB8QAQ&amp;usg=AOvVaw3sNdpB7xUu1UkAJK3Pax1-\">\u00a0Delphi<\/a>, encerra o ano de 2025 com in\u00fameras novidades e inova\u00e7\u00f5es que representaram melhorias no diagn\u00f3stico, acesso a dados e forma\u00e7\u00e3o de t\u00e9cnicos. Com isso, a empresa confirma mais uma vez o seu firme apoio \u00e0s oficinas<\/strong><\/p>\n<p style=\"font-weight: 400;\">Assim, as atualiza\u00e7\u00f5es da Delphi em 2025 refor\u00e7aram o seu compromisso com a integra\u00e7\u00e3o fluida e a cobertura diagn\u00f3stica integral em todos os tipos de ve\u00edculos e sistemas. Com ferramentas de forma\u00e7\u00e3o melhoradas, op\u00e7\u00f5es de hardware flex\u00edveis e um ecossistema digital unificado, a Delphi garante assim que as suas solu\u00e7\u00f5es se baseiam nas necessidades reais das oficinas modernas.<\/p>\n<p style=\"font-weight: 400;\">&#8220;\u00c0 medida que os ve\u00edculos evoluem, as oficinas que os atendem tamb\u00e9m devem evoluir. As \u00faltimas inova\u00e7\u00f5es da Delphi foram concebidas para preparar o futuro das opera\u00e7\u00f5es das oficinas, integrando diagn\u00f3sticos avan\u00e7ados, hardware escal\u00e1vel e forma\u00e7\u00e3o para ve\u00edculos el\u00e9tricos, hidrog\u00e9nio e sistemas emergentes&#8221;, afirmou Juan Thomaz, vice-presidente e diretor-geral da EMEA Aftermarket. &#8220;Estamos a construir um ecossistema conectado que capacita os t\u00e9cnicos para liderar a transi\u00e7\u00e3o para uma mobilidade mais limpa e inteligente&#8221;, concluiu Thomaz.<\/p>\n<p style=\"font-weight: 400;\"><strong>Atualiza\u00e7\u00f5es de software de diagn\u00f3stico<\/strong><\/p>\n<p style=\"font-weight: 400;\">O primeiro grande lan\u00e7amento de software ocorreu em maio de 2025, com a introdu\u00e7\u00e3o do acesso Secure Gateway (SGW) para KIA, Porsche e Honda, ampliando a compatibilidade SGW da Delphi para 20 marcas OEM. Esta funcionalidade de software est\u00e1 dispon\u00edvel atrav\u00e9s da mais recente Interface de Comunica\u00e7\u00e3o Veicular da Delphi, BlueTech VCI, que conta com um processo aprimorado de login no gateway.<\/p>\n<p style=\"font-weight: 400;\">Com base nisso, a vers\u00e3o mais recente de novembro de 2025 amplia a cobertura de diagn\u00f3stico global para 69 marcas de autom\u00f3veis de passageiros e ve\u00edculos comerciais leves, com mais de 1.490 modelos, e para 80 marcas de ve\u00edculos pesados, com 791 modelos, refor\u00e7ando o compromisso da Delphi com o diagn\u00f3stico abrangente e de alto desempenho dos ve\u00edculos.<\/p>\n<p style=\"font-weight: 400;\">Totalmente compat\u00edvel com sistemas de 12V e 24V, o BlueTech VCI suporta diagn\u00f3sticos para autom\u00f3veis de passageiros, ve\u00edculos comerciais ligeiros e ve\u00edculos pesados, al\u00e9m de proporcionar maior cobertura e flexibilidade para oficinas modernas.<\/p>\n<p style=\"font-weight: 400;\"><strong>Atualiza\u00e7\u00f5es com acesso tudo em um para DS-CLOUD e DS-HUB<\/strong><\/p>\n<p style=\"font-weight: 400;\">Em seguida, a Delphi apresentou o DS-CLOUD, sua nova plataforma interna na nuvem projetada para armazenar e sincronizar automaticamente os registos de diagn\u00f3stico. Gra\u00e7as a ela, os t\u00e9cnicos j\u00e1 podem aceder a relat\u00f3rios de ve\u00edculos, hist\u00f3ricos de servi\u00e7o e digitalizar dados a partir de qualquer dispositivo conectado, melhorando a rastreabilidade e a efici\u00eancia nas opera\u00e7\u00f5es da oficina.<\/p>\n<p style=\"font-weight: 400;\">Dispon\u00edvel gratuitamente para todos os utilizadores do DS, o DS-CLOUD est\u00e1 totalmente integrado com o DS-HUB, o ecossistema digital centralizado da Delphi. Atrav\u00e9s do DS-HUB, os t\u00e9cnicos tamb\u00e9m obt\u00eam acesso fluido ao software de diagn\u00f3stico DS, \u00e0 base de dados da Ficha T\u00e9cnica do Ve\u00edculo, \u00e0 forma\u00e7\u00e3o da Delphi Academy e a outras ferramentas essenciais para a oficina. Tudo a partir de um \u00fanico ponto de acesso.<\/p>\n<p style=\"font-weight: 400;\">A Delphi tamb\u00e9m lan\u00e7ou novos m\u00f3dulos de forma\u00e7\u00e3o dentro do DS-HUB. Estes recursos, dispon\u00edveis em sete idiomas europeus, orientam os utilizadores para tirar o m\u00e1ximo partido das funcionalidades do software DS e, assim, otimizar os fluxos de trabalho di\u00e1rios.<\/p>\n<p style=\"font-weight: 400;\">Para as oficinas, estes lan\u00e7amentos representaram um passo importante no compromisso da Delphi com um diagn\u00f3stico mais inteligente e conectado.<\/p>\n<p style=\"font-weight: 400;\"><strong>Duas novas solu\u00e7\u00f5es em tablets<\/strong><\/p>\n<p style=\"font-weight: 400;\">Durante 2025, a Delphi apresentou ainda dois tablets de diagn\u00f3stico concebidos especificamente (DS380E, de 10,5 polegadas, e DS580E, de 13 polegadas), que oferecem \u00e0s oficinas maior flexibilidade na gest\u00e3o dos diagn\u00f3sticos.<\/p>\n<p style=\"font-weight: 400;\">Dispon\u00edveis em v\u00e1rias configura\u00e7\u00f5es de kits, as oficinas podem escolher um kit completo (tablet, acess\u00f3rios, VCI), apenas o tablet e acess\u00f3rios ou kits espec\u00edficos para cami\u00f5es com conjuntos de cabos. Com estes novos tablets, o objetivo da empresa \u00e9 permitir que os clientes configurem o hardware de acordo com as necessidades do seu neg\u00f3cio, agora e no futuro, sem terem de mudar de plataforma.<\/p>\n<p style=\"font-weight: 400;\"><strong>Forma\u00e7\u00e3o alargada, com sistemas de ve\u00edculos el\u00e9tricos, hidrog\u00e9nio e Tesla<\/strong><\/p>\n<p style=\"font-weight: 400;\">A Delphi tamb\u00e9m ampliou a sua oferta de forma\u00e7\u00e3o com novos m\u00f3dulos estruturados na Delphi Academy. O curr\u00edculo atualizado inclui agora ve\u00edculos el\u00e9tricos (VE), h\u00edbridos e sistemas de hidrog\u00e9nio, com uma aprendizagem progressiva desde o N\u00edvel 1 (consciencializa\u00e7\u00e3o) at\u00e9 ao N\u00edvel 4 (qualificado para trabalhar em sistemas de alta tens\u00e3o).<\/p>\n<p style=\"font-weight: 400;\">Para mais informa\u00e7\u00f5es, clique <a href=\"http:\/\/www.delphiautoparts.com\/\">aqui<\/a><\/p>\n","protected":false},"excerpt":{"rendered":"<p>A \u00a0Delphi, encerra o ano de&#8230;<\/p>\n","protected":false},"author":15,"featured_media":110751,"comment_status":"closed","ping_status":"closed","sticky":false,"template":"","format":"standard","meta":{"footnotes":""},"categories":[29],"tags":[14221,13989,1358,574,14224,14222,14225,14223],"class_list":["post-110744","post","type-post","status-publish","format-standard","has-post-thumbnail","hentry","category-empresas","tag-apoio-oficinal","tag-balanco-2025","tag-delphi","tag-diagnostico","tag-ecossistema-digital-unificado","tag-formacao-melhorada","tag-formacao-tecnicos","tag-hardwares-flexiveis"],"yoast_head":"<!-- This site is optimized with the Yoast SEO plugin v27.4 - https:\/\/yoast.com\/product\/yoast-seo-wordpress\/ -->\n<title>Delphi refor\u00e7a compromisso com as oficinas - Jornal das Oficinas<\/title>\n<meta name=\"description\" content=\"A \u00a0Delphi, encerra o ano de 2025 com in\u00fameras novidades que representaram melhorias no diagn\u00f3stico, acesso a dados e forma\u00e7\u00e3o de t\u00e9cnicos\" \/>\n<meta name=\"robots\" content=\"index, follow, max-snippet:-1, max-image-preview:large, max-video-preview:-1\" \/>\n<link rel=\"canonical\" href=\"https:\/\/jornaldasoficinas.com\/pt\/delphi-reforca-compromisso-com-as-oficinas\/\" \/>\n<meta property=\"og:locale\" content=\"pt_PT\" \/>\n<meta property=\"og:type\" content=\"article\" \/>\n<meta property=\"og:title\" content=\"Delphi refor\u00e7a compromisso com as oficinas - Jornal das Oficinas\" \/>\n<meta property=\"og:description\" content=\"A \u00a0Delphi, encerra o ano de 2025 com in\u00fameras novidades que representaram melhorias no diagn\u00f3stico, acesso a dados e forma\u00e7\u00e3o de t\u00e9cnicos\" \/>\n<meta property=\"og:url\" content=\"https:\/\/jornaldasoficinas.com\/pt\/delphi-reforca-compromisso-com-as-oficinas\/\" \/>\n<meta property=\"og:site_name\" content=\"Jornal das Oficinas\" \/>\n<meta property=\"article:publisher\" content=\"https:\/\/www.facebook.com\/jornaloficinas\" \/>\n<meta property=\"article:published_time\" content=\"2025-12-16T14:00:22+00:00\" \/>\n<meta property=\"og:image\" content=\"https:\/\/jornaldasoficinas.com\/pt\/wp-content\/uploads\/2025\/12\/Delphi-reforca.jpg\" \/>\n\t<meta property=\"og:image:width\" content=\"1024\" \/>\n\t<meta property=\"og:image:height\" content=\"581\" \/>\n\t<meta property=\"og:image:type\" content=\"image\/jpeg\" \/>\n<meta name=\"author\" content=\"Reda\u00e7\u00e3o JO\" \/>\n<meta name=\"twitter:card\" content=\"summary_large_image\" \/>\n<meta name=\"twitter:creator\" content=\"@jornaloficinas\" \/>\n<meta name=\"twitter:site\" content=\"@jornaloficinas\" \/>\n<meta name=\"twitter:label1\" content=\"Escrito por\" \/>\n\t<meta name=\"twitter:data1\" content=\"Reda\u00e7\u00e3o JO\" \/>\n\t<meta name=\"twitter:label2\" content=\"Tempo estimado de leitura\" \/>\n\t<meta name=\"twitter:data2\" content=\"4 minutos\" \/>\n<script type=\"application\/ld+json\" class=\"yoast-schema-graph\">{\"@context\":\"https:\\\/\\\/schema.org\",\"@graph\":[{\"@type\":\"Article\",\"@id\":\"https:\\\/\\\/jornaldasoficinas.com\\\/pt\\\/delphi-reforca-compromisso-com-as-oficinas\\\/#article\",\"isPartOf\":{\"@id\":\"https:\\\/\\\/jornaldasoficinas.com\\\/pt\\\/delphi-reforca-compromisso-com-as-oficinas\\\/\"},\"author\":{\"name\":\"Reda\u00e7\u00e3o JO\",\"@id\":\"https:\\\/\\\/jornaldasoficinas.com\\\/pt\\\/#\\\/schema\\\/person\\\/a38eef5de2c41d9e7c9ac10141afddf3\"},\"headline\":\"Delphi refor\u00e7a compromisso com as oficinas\",\"datePublished\":\"2025-12-16T14:00:22+00:00\",\"mainEntityOfPage\":{\"@id\":\"https:\\\/\\\/jornaldasoficinas.com\\\/pt\\\/delphi-reforca-compromisso-com-as-oficinas\\\/\"},\"wordCount\":783,\"publisher\":{\"@id\":\"https:\\\/\\\/jornaldasoficinas.com\\\/pt\\\/#organization\"},\"image\":{\"@id\":\"https:\\\/\\\/jornaldasoficinas.com\\\/pt\\\/delphi-reforca-compromisso-com-as-oficinas\\\/#primaryimage\"},\"thumbnailUrl\":\"https:\\\/\\\/jornaldasoficinas.com\\\/pt\\\/wp-content\\\/uploads\\\/2025\\\/12\\\/Delphi-reforca.jpg\",\"keywords\":[\"apoio oficinal\",\"Balan\u00e7o 2025\",\"Delphi\",\"Diagn\u00f3stico\",\"ecossistema digital unificado\",\"forma\u00e7\u00e3o melhorada\",\"forma\u00e7\u00e3o t\u00e9cnicos\",\"hardwares flex\u00edveis\"],\"articleSection\":[\"Empresas\"],\"inLanguage\":\"pt-PT\"},{\"@type\":\"WebPage\",\"@id\":\"https:\\\/\\\/jornaldasoficinas.com\\\/pt\\\/delphi-reforca-compromisso-com-as-oficinas\\\/\",\"url\":\"https:\\\/\\\/jornaldasoficinas.com\\\/pt\\\/delphi-reforca-compromisso-com-as-oficinas\\\/\",\"name\":\"Delphi refor\u00e7a compromisso com as oficinas - Jornal das Oficinas\",\"isPartOf\":{\"@id\":\"https:\\\/\\\/jornaldasoficinas.com\\\/pt\\\/#website\"},\"primaryImageOfPage\":{\"@id\":\"https:\\\/\\\/jornaldasoficinas.com\\\/pt\\\/delphi-reforca-compromisso-com-as-oficinas\\\/#primaryimage\"},\"image\":{\"@id\":\"https:\\\/\\\/jornaldasoficinas.com\\\/pt\\\/delphi-reforca-compromisso-com-as-oficinas\\\/#primaryimage\"},\"thumbnailUrl\":\"https:\\\/\\\/jornaldasoficinas.com\\\/pt\\\/wp-content\\\/uploads\\\/2025\\\/12\\\/Delphi-reforca.jpg\",\"datePublished\":\"2025-12-16T14:00:22+00:00\",\"description\":\"A \u00a0Delphi, encerra o ano de 2025 com in\u00fameras novidades que representaram melhorias no diagn\u00f3stico, acesso a dados e forma\u00e7\u00e3o de t\u00e9cnicos\",\"breadcrumb\":{\"@id\":\"https:\\\/\\\/jornaldasoficinas.com\\\/pt\\\/delphi-reforca-compromisso-com-as-oficinas\\\/#breadcrumb\"},\"inLanguage\":\"pt-PT\",\"potentialAction\":[{\"@type\":\"ReadAction\",\"target\":[\"https:\\\/\\\/jornaldasoficinas.com\\\/pt\\\/delphi-reforca-compromisso-com-as-oficinas\\\/\"]}]},{\"@type\":\"ImageObject\",\"inLanguage\":\"pt-PT\",\"@id\":\"https:\\\/\\\/jornaldasoficinas.com\\\/pt\\\/delphi-reforca-compromisso-com-as-oficinas\\\/#primaryimage\",\"url\":\"https:\\\/\\\/jornaldasoficinas.com\\\/pt\\\/wp-content\\\/uploads\\\/2025\\\/12\\\/Delphi-reforca.jpg\",\"contentUrl\":\"https:\\\/\\\/jornaldasoficinas.com\\\/pt\\\/wp-content\\\/uploads\\\/2025\\\/12\\\/Delphi-reforca.jpg\",\"width\":1024,\"height\":581,\"caption\":\"12 - Delphi reforca\"},{\"@type\":\"BreadcrumbList\",\"@id\":\"https:\\\/\\\/jornaldasoficinas.com\\\/pt\\\/delphi-reforca-compromisso-com-as-oficinas\\\/#breadcrumb\",\"itemListElement\":[{\"@type\":\"ListItem\",\"position\":1,\"name\":\"In\u00edcio\",\"item\":\"https:\\\/\\\/jornaldasoficinas.com\\\/pt\\\/\"},{\"@type\":\"ListItem\",\"position\":2,\"name\":\"Delphi refor\u00e7a compromisso com as oficinas\"}]},{\"@type\":\"WebSite\",\"@id\":\"https:\\\/\\\/jornaldasoficinas.com\\\/pt\\\/#website\",\"url\":\"https:\\\/\\\/jornaldasoficinas.com\\\/pt\\\/\",\"name\":\"Jornal das Oficinas\",\"description\":\"Jornal independente do Aftermarket Autom\u00f3vel em Portugal\",\"publisher\":{\"@id\":\"https:\\\/\\\/jornaldasoficinas.com\\\/pt\\\/#organization\"},\"potentialAction\":[{\"@type\":\"SearchAction\",\"target\":{\"@type\":\"EntryPoint\",\"urlTemplate\":\"https:\\\/\\\/jornaldasoficinas.com\\\/pt\\\/?s={search_term_string}\"},\"query-input\":{\"@type\":\"PropertyValueSpecification\",\"valueRequired\":true,\"valueName\":\"search_term_string\"}}],\"inLanguage\":\"pt-PT\"},{\"@type\":\"Organization\",\"@id\":\"https:\\\/\\\/jornaldasoficinas.com\\\/pt\\\/#organization\",\"name\":\"Jornal das Oficinas\",\"url\":\"https:\\\/\\\/jornaldasoficinas.com\\\/pt\\\/\",\"logo\":{\"@type\":\"ImageObject\",\"inLanguage\":\"pt-PT\",\"@id\":\"https:\\\/\\\/jornaldasoficinas.com\\\/pt\\\/#\\\/schema\\\/logo\\\/image\\\/\",\"url\":\"https:\\\/\\\/jornaldasoficinas.com\\\/pt\\\/wp-content\\\/uploads\\\/logoJO-SEO.png\",\"contentUrl\":\"https:\\\/\\\/jornaldasoficinas.com\\\/pt\\\/wp-content\\\/uploads\\\/logoJO-SEO.png\",\"width\":285,\"height\":450,\"caption\":\"Jornal das Oficinas\"},\"image\":{\"@id\":\"https:\\\/\\\/jornaldasoficinas.com\\\/pt\\\/#\\\/schema\\\/logo\\\/image\\\/\"},\"sameAs\":[\"https:\\\/\\\/www.facebook.com\\\/jornaloficinas\",\"https:\\\/\\\/x.com\\\/jornaloficinas\",\"https:\\\/\\\/www.instagram.com\\\/jornal_oficinas\\\/\",\"https:\\\/\\\/www.linkedin.com\\\/company\\\/jornal-das-oficinas\\\/\",\"https:\\\/\\\/www.youtube.com\\\/channel\\\/UCbQZBqtcvV-oSQrr7RzINGg\"]},{\"@type\":\"Person\",\"@id\":\"https:\\\/\\\/jornaldasoficinas.com\\\/pt\\\/#\\\/schema\\\/person\\\/a38eef5de2c41d9e7c9ac10141afddf3\",\"name\":\"Reda\u00e7\u00e3o JO\",\"image\":{\"@type\":\"ImageObject\",\"inLanguage\":\"pt-PT\",\"@id\":\"https:\\\/\\\/secure.gravatar.com\\\/avatar\\\/71f2fa71737ad68a84fea94bc708ddac8ea5b0c4788dc2ad202f3ccb2887742f?s=96&d=wp_user_avatar&r=g\",\"url\":\"https:\\\/\\\/secure.gravatar.com\\\/avatar\\\/71f2fa71737ad68a84fea94bc708ddac8ea5b0c4788dc2ad202f3ccb2887742f?s=96&d=wp_user_avatar&r=g\",\"contentUrl\":\"https:\\\/\\\/secure.gravatar.com\\\/avatar\\\/71f2fa71737ad68a84fea94bc708ddac8ea5b0c4788dc2ad202f3ccb2887742f?s=96&d=wp_user_avatar&r=g\",\"caption\":\"Reda\u00e7\u00e3o JO\"},\"url\":\"https:\\\/\\\/jornaldasoficinas.com\\\/pt\\\/author\\\/joredacao\\\/\"}]}<\/script>\n<!-- \/ Yoast SEO plugin. -->","yoast_head_json":{"title":"Delphi refor\u00e7a compromisso com as oficinas - Jornal das Oficinas","description":"A \u00a0Delphi, encerra o ano de 2025 com in\u00fameras novidades que representaram melhorias no diagn\u00f3stico, acesso a dados e forma\u00e7\u00e3o de t\u00e9cnicos","robots":{"index":"index","follow":"follow","max-snippet":"max-snippet:-1","max-image-preview":"max-image-preview:large","max-video-preview":"max-video-preview:-1"},"canonical":"https:\/\/jornaldasoficinas.com\/pt\/delphi-reforca-compromisso-com-as-oficinas\/","og_locale":"pt_PT","og_type":"article","og_title":"Delphi refor\u00e7a compromisso com as oficinas - Jornal das Oficinas","og_description":"A \u00a0Delphi, encerra o ano de 2025 com in\u00fameras novidades que representaram melhorias no diagn\u00f3stico, acesso a dados e forma\u00e7\u00e3o de t\u00e9cnicos","og_url":"https:\/\/jornaldasoficinas.com\/pt\/delphi-reforca-compromisso-com-as-oficinas\/","og_site_name":"Jornal das Oficinas","article_publisher":"https:\/\/www.facebook.com\/jornaloficinas","article_published_time":"2025-12-16T14:00:22+00:00","og_image":[{"width":1024,"height":581,"url":"https:\/\/jornaldasoficinas.com\/pt\/wp-content\/uploads\/2025\/12\/Delphi-reforca.jpg","type":"image\/jpeg"}],"author":"Reda\u00e7\u00e3o JO","twitter_card":"summary_large_image","twitter_creator":"@jornaloficinas","twitter_site":"@jornaloficinas","twitter_misc":{"Escrito por":"Reda\u00e7\u00e3o JO","Tempo estimado de leitura":"4 minutos"},"schema":{"@context":"https:\/\/schema.org","@graph":[{"@type":"Article","@id":"https:\/\/jornaldasoficinas.com\/pt\/delphi-reforca-compromisso-com-as-oficinas\/#article","isPartOf":{"@id":"https:\/\/jornaldasoficinas.com\/pt\/delphi-reforca-compromisso-com-as-oficinas\/"},"author":{"name":"Reda\u00e7\u00e3o JO","@id":"https:\/\/jornaldasoficinas.com\/pt\/#\/schema\/person\/a38eef5de2c41d9e7c9ac10141afddf3"},"headline":"Delphi refor\u00e7a compromisso com as oficinas","datePublished":"2025-12-16T14:00:22+00:00","mainEntityOfPage":{"@id":"https:\/\/jornaldasoficinas.com\/pt\/delphi-reforca-compromisso-com-as-oficinas\/"},"wordCount":783,"publisher":{"@id":"https:\/\/jornaldasoficinas.com\/pt\/#organization"},"image":{"@id":"https:\/\/jornaldasoficinas.com\/pt\/delphi-reforca-compromisso-com-as-oficinas\/#primaryimage"},"thumbnailUrl":"https:\/\/jornaldasoficinas.com\/pt\/wp-content\/uploads\/2025\/12\/Delphi-reforca.jpg","keywords":["apoio oficinal","Balan\u00e7o 2025","Delphi","Diagn\u00f3stico","ecossistema digital unificado","forma\u00e7\u00e3o melhorada","forma\u00e7\u00e3o t\u00e9cnicos","hardwares flex\u00edveis"],"articleSection":["Empresas"],"inLanguage":"pt-PT"},{"@type":"WebPage","@id":"https:\/\/jornaldasoficinas.com\/pt\/delphi-reforca-compromisso-com-as-oficinas\/","url":"https:\/\/jornaldasoficinas.com\/pt\/delphi-reforca-compromisso-com-as-oficinas\/","name":"Delphi refor\u00e7a compromisso com as oficinas - Jornal das Oficinas","isPartOf":{"@id":"https:\/\/jornaldasoficinas.com\/pt\/#website"},"primaryImageOfPage":{"@id":"https:\/\/jornaldasoficinas.com\/pt\/delphi-reforca-compromisso-com-as-oficinas\/#primaryimage"},"image":{"@id":"https:\/\/jornaldasoficinas.com\/pt\/delphi-reforca-compromisso-com-as-oficinas\/#primaryimage"},"thumbnailUrl":"https:\/\/jornaldasoficinas.com\/pt\/wp-content\/uploads\/2025\/12\/Delphi-reforca.jpg","datePublished":"2025-12-16T14:00:22+00:00","description":"A \u00a0Delphi, encerra o ano de 2025 com in\u00fameras novidades que representaram melhorias no diagn\u00f3stico, acesso a dados e forma\u00e7\u00e3o de t\u00e9cnicos","breadcrumb":{"@id":"https:\/\/jornaldasoficinas.com\/pt\/delphi-reforca-compromisso-com-as-oficinas\/#breadcrumb"},"inLanguage":"pt-PT","potentialAction":[{"@type":"ReadAction","target":["https:\/\/jornaldasoficinas.com\/pt\/delphi-reforca-compromisso-com-as-oficinas\/"]}]},{"@type":"ImageObject","inLanguage":"pt-PT","@id":"https:\/\/jornaldasoficinas.com\/pt\/delphi-reforca-compromisso-com-as-oficinas\/#primaryimage","url":"https:\/\/jornaldasoficinas.com\/pt\/wp-content\/uploads\/2025\/12\/Delphi-reforca.jpg","contentUrl":"https:\/\/jornaldasoficinas.com\/pt\/wp-content\/uploads\/2025\/12\/Delphi-reforca.jpg","width":1024,"height":581,"caption":"12 - Delphi reforca"},{"@type":"BreadcrumbList","@id":"https:\/\/jornaldasoficinas.com\/pt\/delphi-reforca-compromisso-com-as-oficinas\/#breadcrumb","itemListElement":[{"@type":"ListItem","position":1,"name":"In\u00edcio","item":"https:\/\/jornaldasoficinas.com\/pt\/"},{"@type":"ListItem","position":2,"name":"Delphi refor\u00e7a compromisso com as oficinas"}]},{"@type":"WebSite","@id":"https:\/\/jornaldasoficinas.com\/pt\/#website","url":"https:\/\/jornaldasoficinas.com\/pt\/","name":"Jornal das Oficinas","description":"Jornal independente do Aftermarket Autom\u00f3vel em Portugal","publisher":{"@id":"https:\/\/jornaldasoficinas.com\/pt\/#organization"},"potentialAction":[{"@type":"SearchAction","target":{"@type":"EntryPoint","urlTemplate":"https:\/\/jornaldasoficinas.com\/pt\/?s={search_term_string}"},"query-input":{"@type":"PropertyValueSpecification","valueRequired":true,"valueName":"search_term_string"}}],"inLanguage":"pt-PT"},{"@type":"Organization","@id":"https:\/\/jornaldasoficinas.com\/pt\/#organization","name":"Jornal das Oficinas","url":"https:\/\/jornaldasoficinas.com\/pt\/","logo":{"@type":"ImageObject","inLanguage":"pt-PT","@id":"https:\/\/jornaldasoficinas.com\/pt\/#\/schema\/logo\/image\/","url":"https:\/\/jornaldasoficinas.com\/pt\/wp-content\/uploads\/logoJO-SEO.png","contentUrl":"https:\/\/jornaldasoficinas.com\/pt\/wp-content\/uploads\/logoJO-SEO.png","width":285,"height":450,"caption":"Jornal das Oficinas"},"image":{"@id":"https:\/\/jornaldasoficinas.com\/pt\/#\/schema\/logo\/image\/"},"sameAs":["https:\/\/www.facebook.com\/jornaloficinas","https:\/\/x.com\/jornaloficinas","https:\/\/www.instagram.com\/jornal_oficinas\/","https:\/\/www.linkedin.com\/company\/jornal-das-oficinas\/","https:\/\/www.youtube.com\/channel\/UCbQZBqtcvV-oSQrr7RzINGg"]},{"@type":"Person","@id":"https:\/\/jornaldasoficinas.com\/pt\/#\/schema\/person\/a38eef5de2c41d9e7c9ac10141afddf3","name":"Reda\u00e7\u00e3o JO","image":{"@type":"ImageObject","inLanguage":"pt-PT","@id":"https:\/\/secure.gravatar.com\/avatar\/71f2fa71737ad68a84fea94bc708ddac8ea5b0c4788dc2ad202f3ccb2887742f?s=96&d=wp_user_avatar&r=g","url":"https:\/\/secure.gravatar.com\/avatar\/71f2fa71737ad68a84fea94bc708ddac8ea5b0c4788dc2ad202f3ccb2887742f?s=96&d=wp_user_avatar&r=g","contentUrl":"https:\/\/secure.gravatar.com\/avatar\/71f2fa71737ad68a84fea94bc708ddac8ea5b0c4788dc2ad202f3ccb2887742f?s=96&d=wp_user_avatar&r=g","caption":"Reda\u00e7\u00e3o JO"},"url":"https:\/\/jornaldasoficinas.com\/pt\/author\/joredacao\/"}]}},"_links":{"self":[{"href":"https:\/\/jornaldasoficinas.com\/pt\/wp-json\/wp\/v2\/posts\/110744","targetHints":{"allow":["GET"]}}],"collection":[{"href":"https:\/\/jornaldasoficinas.com\/pt\/wp-json\/wp\/v2\/posts"}],"about":[{"href":"https:\/\/jornaldasoficinas.com\/pt\/wp-json\/wp\/v2\/types\/post"}],"author":[{"embeddable":true,"href":"https:\/\/jornaldasoficinas.com\/pt\/wp-json\/wp\/v2\/users\/15"}],"replies":[{"embeddable":true,"href":"https:\/\/jornaldasoficinas.com\/pt\/wp-json\/wp\/v2\/comments?post=110744"}],"version-history":[{"count":2,"href":"https:\/\/jornaldasoficinas.com\/pt\/wp-json\/wp\/v2\/posts\/110744\/revisions"}],"predecessor-version":[{"id":110752,"href":"https:\/\/jornaldasoficinas.com\/pt\/wp-json\/wp\/v2\/posts\/110744\/revisions\/110752"}],"wp:featuredmedia":[{"embeddable":true,"href":"https:\/\/jornaldasoficinas.com\/pt\/wp-json\/wp\/v2\/media\/110751"}],"wp:attachment":[{"href":"https:\/\/jornaldasoficinas.com\/pt\/wp-json\/wp\/v2\/media?parent=110744"}],"wp:term":[{"taxonomy":"category","embeddable":true,"href":"https:\/\/jornaldasoficinas.com\/pt\/wp-json\/wp\/v2\/categories?post=110744"},{"taxonomy":"post_tag","embeddable":true,"href":"https:\/\/jornaldasoficinas.com\/pt\/wp-json\/wp\/v2\/tags?post=110744"}],"curies":[{"name":"wp","href":"https:\/\/api.w.org\/{rel}","templated":true}]}}