{"id":110957,"date":"2025-12-19T18:00:41","date_gmt":"2025-12-19T18:00:41","guid":{"rendered":"https:\/\/jornaldasoficinas.com\/pt\/?p=110957"},"modified":"2025-12-18T13:52:33","modified_gmt":"2025-12-18T13:52:33","slug":"renault-estreia-oleos-de-motor-com-menor-pegada-de-carbono","status":"publish","type":"post","link":"https:\/\/jornaldasoficinas.com\/pt\/renault-estreia-oleos-de-motor-com-menor-pegada-de-carbono\/","title":{"rendered":"Renault estreia \u00f3leos de motor com menor pegada de carbono"},"content":{"rendered":"<p><strong><img loading=\"lazy\" decoding=\"async\" class=\"alignnone size-full wp-image-110967\" src=\"https:\/\/jornaldasoficinas.com\/pt\/wp-content\/uploads\/2025\/12\/Renault-estreia-oleos-de-motor-com-menor-pegada-de-carbono.jpg\" alt=\"12 - Renault estreia oleos de motor com menor pegada de carbono\" width=\"1024\" height=\"581\" srcset=\"https:\/\/jornaldasoficinas.com\/pt\/wp-content\/uploads\/2025\/12\/Renault-estreia-oleos-de-motor-com-menor-pegada-de-carbono.jpg 1024w, https:\/\/jornaldasoficinas.com\/pt\/wp-content\/uploads\/2025\/12\/Renault-estreia-oleos-de-motor-com-menor-pegada-de-carbono-300x170.jpg 300w, https:\/\/jornaldasoficinas.com\/pt\/wp-content\/uploads\/2025\/12\/Renault-estreia-oleos-de-motor-com-menor-pegada-de-carbono-150x85.jpg 150w, https:\/\/jornaldasoficinas.com\/pt\/wp-content\/uploads\/2025\/12\/Renault-estreia-oleos-de-motor-com-menor-pegada-de-carbono-768x436.jpg 768w\" sizes=\"auto, (max-width: 1024px) 100vw, 1024px\" \/><\/strong><\/p>\n<p><strong>O <a href=\"https:\/\/www.renault.pt\/\" target=\"_blank\" rel=\"noopener\">Grupo Renault<\/a> tornou-se o primeiro fabricante autom\u00f3vel a oferecer, em exclusivo, uma gama completa de \u00f3leos de motor premium formulados com \u00f3leos base re-refinados, desenvolvidos em parceria com a <a href=\"https:\/\/www.castrol.com\/\" target=\"_blank\" rel=\"noopener\">Castrol<\/a><\/strong><\/p>\n<p>O primeiro produto a chegar ao mercado \u00e9 o RN17 (5W-30), j\u00e1 dispon\u00edvel em toda a rede de concession\u00e1rios europeia e compat\u00edvel com mais de 50% dos ve\u00edculos do Grupo Renault em circula\u00e7\u00e3o na Europa. Esta refer\u00eancia junta-se aos \u00f3leos RN700 e RN710, j\u00e1 lan\u00e7ados, estando previstos para 2026 os RN720 e AN2022. Com esta evolu\u00e7\u00e3o, o Grupo Renault ser\u00e1 o \u00fanico construtor a disponibilizar uma gama completa de \u00f3leos de motor premium, formulados segundo o processo RRBO, para todos os seus modelos.<\/p>\n<p>Os \u00f3leos usados s\u00e3o novamente refinados atrav\u00e9s de tecnologia avan\u00e7ada, atingindo um n\u00edvel de qualidade equivalente ao do \u00f3leo virgem. Aliada \u00e0 experi\u00eancia t\u00e9cnica da Castrol, esta solu\u00e7\u00e3o cumpre \u2014 ou supera \u2014 os requisitos t\u00e9cnicos do Grupo Renault, garantindo prote\u00e7\u00e3o do motor, desempenho e manuten\u00e7\u00e3o integral da garantia.<\/p>\n<p>Com uma redu\u00e7\u00e3o estimada entre 13% e 24% da pegada de carbono, esta aposta exclusiva reflete a ambi\u00e7\u00e3o do Grupo Renault em promover uma economia mais circular na ind\u00fastria autom\u00f3vel. A iniciativa contribui para aumentar a reciclagem de \u00f3leos usados, reduzir o desperd\u00edcio, diminuir o consumo de petr\u00f3leo bruto e baixar as emiss\u00f5es associadas (Scope 3).<\/p>\n<p>&#8220;Este lan\u00e7amento torna o Grupo Renault o primeiro fabricante de equipamentos originais (OEM) a fornecer toda a sua gama recente de ve\u00edculos com lubrificantes de \u00faltima gera\u00e7\u00e3o formulados com \u00f3leo base re-refinado&#8221;, afirmou Fran\u00e7ois Delion, vice-presidente global do p\u00f3s-venda do Grupo Renault. &#8220;\u00c9 uma verdadeira demonstra\u00e7\u00e3o de que a sustentabilidade pode andar de m\u00e3os dadas com o desempenho e uma qualidade sem compromissos, ao longo de todo o ciclo de vida do ve\u00edculo&#8221;, salientou.<\/p>\n<p>&#8220;Ao co-desenvolver estes produtos, estamos a ajudar o Grupo Renault a satisfazer as necessidades atuais e futuras dos clientes com lubrificantes de alto desempenho, com menos carbono e mais circulares para o setor autom\u00f3vel&#8221;, acrescentou Slawek Radon, vice-presidente de desenvolvimento de neg\u00f3cios e parcerias da Castrol.<\/p>\n","protected":false},"excerpt":{"rendered":"<p>O Grupo Renault tornou-se o primeiro&#8230;<\/p>\n","protected":false},"author":15,"featured_media":110967,"comment_status":"closed","ping_status":"closed","sticky":false,"template":"","format":"standard","meta":{"footnotes":""},"categories":[29],"tags":[2897,7626,903,7834,155],"class_list":["post-110957","post","type-post","status-publish","format-standard","has-post-thumbnail","hentry","category-empresas","tag-castrol","tag-gama-premium","tag-grupo-renault","tag-lancamento","tag-lubrificantes"],"yoast_head":"<!-- This site is optimized with the Yoast SEO plugin v27.4 - https:\/\/yoast.com\/product\/yoast-seo-wordpress\/ -->\n<title>Renault estreia \u00f3leos de motor com menor pegada de carbono - Jornal das Oficinas<\/title>\n<meta name=\"description\" content=\"O Grupo Renault tornou-se o primeiro fabricante a oferecer uma gama completa de \u00f3leos de motor formulados com \u00f3leos base re-refinados\" \/>\n<meta name=\"robots\" content=\"index, follow, max-snippet:-1, max-image-preview:large, max-video-preview:-1\" \/>\n<link rel=\"canonical\" href=\"https:\/\/jornaldasoficinas.com\/pt\/renault-estreia-oleos-de-motor-com-menor-pegada-de-carbono\/\" \/>\n<meta property=\"og:locale\" content=\"pt_PT\" \/>\n<meta property=\"og:type\" content=\"article\" \/>\n<meta property=\"og:title\" content=\"Renault estreia \u00f3leos de motor com menor pegada de carbono - Jornal das Oficinas\" \/>\n<meta property=\"og:description\" content=\"O Grupo Renault tornou-se o primeiro fabricante a oferecer uma gama completa de \u00f3leos de motor formulados com \u00f3leos base re-refinados\" \/>\n<meta property=\"og:url\" content=\"https:\/\/jornaldasoficinas.com\/pt\/renault-estreia-oleos-de-motor-com-menor-pegada-de-carbono\/\" \/>\n<meta property=\"og:site_name\" content=\"Jornal das Oficinas\" \/>\n<meta property=\"article:publisher\" content=\"https:\/\/www.facebook.com\/jornaloficinas\" \/>\n<meta property=\"article:published_time\" content=\"2025-12-19T18:00:41+00:00\" \/>\n<meta property=\"og:image\" content=\"https:\/\/jornaldasoficinas.com\/pt\/wp-content\/uploads\/2025\/12\/Renault-estreia-oleos-de-motor-com-menor-pegada-de-carbono.jpg\" \/>\n\t<meta property=\"og:image:width\" content=\"1024\" \/>\n\t<meta property=\"og:image:height\" content=\"581\" \/>\n\t<meta property=\"og:image:type\" content=\"image\/jpeg\" \/>\n<meta name=\"author\" content=\"Reda\u00e7\u00e3o JO\" \/>\n<meta name=\"twitter:card\" content=\"summary_large_image\" \/>\n<meta name=\"twitter:creator\" content=\"@jornaloficinas\" \/>\n<meta name=\"twitter:site\" content=\"@jornaloficinas\" \/>\n<meta name=\"twitter:label1\" content=\"Escrito por\" \/>\n\t<meta name=\"twitter:data1\" content=\"Reda\u00e7\u00e3o JO\" \/>\n\t<meta name=\"twitter:label2\" content=\"Tempo estimado de leitura\" \/>\n\t<meta name=\"twitter:data2\" content=\"3 minutos\" \/>\n<script type=\"application\/ld+json\" class=\"yoast-schema-graph\">{\"@context\":\"https:\\\/\\\/schema.org\",\"@graph\":[{\"@type\":\"Article\",\"@id\":\"https:\\\/\\\/jornaldasoficinas.com\\\/pt\\\/renault-estreia-oleos-de-motor-com-menor-pegada-de-carbono\\\/#article\",\"isPartOf\":{\"@id\":\"https:\\\/\\\/jornaldasoficinas.com\\\/pt\\\/renault-estreia-oleos-de-motor-com-menor-pegada-de-carbono\\\/\"},\"author\":{\"name\":\"Reda\u00e7\u00e3o JO\",\"@id\":\"https:\\\/\\\/jornaldasoficinas.com\\\/pt\\\/#\\\/schema\\\/person\\\/a38eef5de2c41d9e7c9ac10141afddf3\"},\"headline\":\"Renault estreia \u00f3leos de motor com menor pegada de carbono\",\"datePublished\":\"2025-12-19T18:00:41+00:00\",\"mainEntityOfPage\":{\"@id\":\"https:\\\/\\\/jornaldasoficinas.com\\\/pt\\\/renault-estreia-oleos-de-motor-com-menor-pegada-de-carbono\\\/\"},\"wordCount\":375,\"publisher\":{\"@id\":\"https:\\\/\\\/jornaldasoficinas.com\\\/pt\\\/#organization\"},\"image\":{\"@id\":\"https:\\\/\\\/jornaldasoficinas.com\\\/pt\\\/renault-estreia-oleos-de-motor-com-menor-pegada-de-carbono\\\/#primaryimage\"},\"thumbnailUrl\":\"https:\\\/\\\/jornaldasoficinas.com\\\/pt\\\/wp-content\\\/uploads\\\/2025\\\/12\\\/Renault-estreia-oleos-de-motor-com-menor-pegada-de-carbono.jpg\",\"keywords\":[\"Castrol\",\"gama premium\",\"Grupo Renault\",\"lan\u00e7amento\",\"Lubrificantes\"],\"articleSection\":[\"Empresas\"],\"inLanguage\":\"pt-PT\"},{\"@type\":\"WebPage\",\"@id\":\"https:\\\/\\\/jornaldasoficinas.com\\\/pt\\\/renault-estreia-oleos-de-motor-com-menor-pegada-de-carbono\\\/\",\"url\":\"https:\\\/\\\/jornaldasoficinas.com\\\/pt\\\/renault-estreia-oleos-de-motor-com-menor-pegada-de-carbono\\\/\",\"name\":\"Renault estreia \u00f3leos de motor com menor pegada de carbono - Jornal das Oficinas\",\"isPartOf\":{\"@id\":\"https:\\\/\\\/jornaldasoficinas.com\\\/pt\\\/#website\"},\"primaryImageOfPage\":{\"@id\":\"https:\\\/\\\/jornaldasoficinas.com\\\/pt\\\/renault-estreia-oleos-de-motor-com-menor-pegada-de-carbono\\\/#primaryimage\"},\"image\":{\"@id\":\"https:\\\/\\\/jornaldasoficinas.com\\\/pt\\\/renault-estreia-oleos-de-motor-com-menor-pegada-de-carbono\\\/#primaryimage\"},\"thumbnailUrl\":\"https:\\\/\\\/jornaldasoficinas.com\\\/pt\\\/wp-content\\\/uploads\\\/2025\\\/12\\\/Renault-estreia-oleos-de-motor-com-menor-pegada-de-carbono.jpg\",\"datePublished\":\"2025-12-19T18:00:41+00:00\",\"description\":\"O Grupo Renault tornou-se o primeiro fabricante a oferecer uma gama completa de \u00f3leos de motor formulados com \u00f3leos base re-refinados\",\"breadcrumb\":{\"@id\":\"https:\\\/\\\/jornaldasoficinas.com\\\/pt\\\/renault-estreia-oleos-de-motor-com-menor-pegada-de-carbono\\\/#breadcrumb\"},\"inLanguage\":\"pt-PT\",\"potentialAction\":[{\"@type\":\"ReadAction\",\"target\":[\"https:\\\/\\\/jornaldasoficinas.com\\\/pt\\\/renault-estreia-oleos-de-motor-com-menor-pegada-de-carbono\\\/\"]}]},{\"@type\":\"ImageObject\",\"inLanguage\":\"pt-PT\",\"@id\":\"https:\\\/\\\/jornaldasoficinas.com\\\/pt\\\/renault-estreia-oleos-de-motor-com-menor-pegada-de-carbono\\\/#primaryimage\",\"url\":\"https:\\\/\\\/jornaldasoficinas.com\\\/pt\\\/wp-content\\\/uploads\\\/2025\\\/12\\\/Renault-estreia-oleos-de-motor-com-menor-pegada-de-carbono.jpg\",\"contentUrl\":\"https:\\\/\\\/jornaldasoficinas.com\\\/pt\\\/wp-content\\\/uploads\\\/2025\\\/12\\\/Renault-estreia-oleos-de-motor-com-menor-pegada-de-carbono.jpg\",\"width\":1024,\"height\":581,\"caption\":\"12 - Renault estreia oleos de motor com menor pegada de carbono\"},{\"@type\":\"BreadcrumbList\",\"@id\":\"https:\\\/\\\/jornaldasoficinas.com\\\/pt\\\/renault-estreia-oleos-de-motor-com-menor-pegada-de-carbono\\\/#breadcrumb\",\"itemListElement\":[{\"@type\":\"ListItem\",\"position\":1,\"name\":\"In\u00edcio\",\"item\":\"https:\\\/\\\/jornaldasoficinas.com\\\/pt\\\/\"},{\"@type\":\"ListItem\",\"position\":2,\"name\":\"Renault estreia \u00f3leos de motor com menor pegada de carbono\"}]},{\"@type\":\"WebSite\",\"@id\":\"https:\\\/\\\/jornaldasoficinas.com\\\/pt\\\/#website\",\"url\":\"https:\\\/\\\/jornaldasoficinas.com\\\/pt\\\/\",\"name\":\"Jornal das Oficinas\",\"description\":\"Jornal independente do Aftermarket Autom\u00f3vel em Portugal\",\"publisher\":{\"@id\":\"https:\\\/\\\/jornaldasoficinas.com\\\/pt\\\/#organization\"},\"potentialAction\":[{\"@type\":\"SearchAction\",\"target\":{\"@type\":\"EntryPoint\",\"urlTemplate\":\"https:\\\/\\\/jornaldasoficinas.com\\\/pt\\\/?s={search_term_string}\"},\"query-input\":{\"@type\":\"PropertyValueSpecification\",\"valueRequired\":true,\"valueName\":\"search_term_string\"}}],\"inLanguage\":\"pt-PT\"},{\"@type\":\"Organization\",\"@id\":\"https:\\\/\\\/jornaldasoficinas.com\\\/pt\\\/#organization\",\"name\":\"Jornal das Oficinas\",\"url\":\"https:\\\/\\\/jornaldasoficinas.com\\\/pt\\\/\",\"logo\":{\"@type\":\"ImageObject\",\"inLanguage\":\"pt-PT\",\"@id\":\"https:\\\/\\\/jornaldasoficinas.com\\\/pt\\\/#\\\/schema\\\/logo\\\/image\\\/\",\"url\":\"https:\\\/\\\/jornaldasoficinas.com\\\/pt\\\/wp-content\\\/uploads\\\/logoJO-SEO.png\",\"contentUrl\":\"https:\\\/\\\/jornaldasoficinas.com\\\/pt\\\/wp-content\\\/uploads\\\/logoJO-SEO.png\",\"width\":285,\"height\":450,\"caption\":\"Jornal das Oficinas\"},\"image\":{\"@id\":\"https:\\\/\\\/jornaldasoficinas.com\\\/pt\\\/#\\\/schema\\\/logo\\\/image\\\/\"},\"sameAs\":[\"https:\\\/\\\/www.facebook.com\\\/jornaloficinas\",\"https:\\\/\\\/x.com\\\/jornaloficinas\",\"https:\\\/\\\/www.instagram.com\\\/jornal_oficinas\\\/\",\"https:\\\/\\\/www.linkedin.com\\\/company\\\/jornal-das-oficinas\\\/\",\"https:\\\/\\\/www.youtube.com\\\/channel\\\/UCbQZBqtcvV-oSQrr7RzINGg\"]},{\"@type\":\"Person\",\"@id\":\"https:\\\/\\\/jornaldasoficinas.com\\\/pt\\\/#\\\/schema\\\/person\\\/a38eef5de2c41d9e7c9ac10141afddf3\",\"name\":\"Reda\u00e7\u00e3o JO\",\"image\":{\"@type\":\"ImageObject\",\"inLanguage\":\"pt-PT\",\"@id\":\"https:\\\/\\\/secure.gravatar.com\\\/avatar\\\/71f2fa71737ad68a84fea94bc708ddac8ea5b0c4788dc2ad202f3ccb2887742f?s=96&d=wp_user_avatar&r=g\",\"url\":\"https:\\\/\\\/secure.gravatar.com\\\/avatar\\\/71f2fa71737ad68a84fea94bc708ddac8ea5b0c4788dc2ad202f3ccb2887742f?s=96&d=wp_user_avatar&r=g\",\"contentUrl\":\"https:\\\/\\\/secure.gravatar.com\\\/avatar\\\/71f2fa71737ad68a84fea94bc708ddac8ea5b0c4788dc2ad202f3ccb2887742f?s=96&d=wp_user_avatar&r=g\",\"caption\":\"Reda\u00e7\u00e3o JO\"},\"url\":\"https:\\\/\\\/jornaldasoficinas.com\\\/pt\\\/author\\\/joredacao\\\/\"}]}<\/script>\n<!-- \/ Yoast SEO plugin. -->","yoast_head_json":{"title":"Renault estreia \u00f3leos de motor com menor pegada de carbono - Jornal das Oficinas","description":"O Grupo Renault tornou-se o primeiro fabricante a oferecer uma gama completa de \u00f3leos de motor formulados com \u00f3leos base re-refinados","robots":{"index":"index","follow":"follow","max-snippet":"max-snippet:-1","max-image-preview":"max-image-preview:large","max-video-preview":"max-video-preview:-1"},"canonical":"https:\/\/jornaldasoficinas.com\/pt\/renault-estreia-oleos-de-motor-com-menor-pegada-de-carbono\/","og_locale":"pt_PT","og_type":"article","og_title":"Renault estreia \u00f3leos de motor com menor pegada de carbono - Jornal das Oficinas","og_description":"O Grupo Renault tornou-se o primeiro fabricante a oferecer uma gama completa de \u00f3leos de motor formulados com \u00f3leos base re-refinados","og_url":"https:\/\/jornaldasoficinas.com\/pt\/renault-estreia-oleos-de-motor-com-menor-pegada-de-carbono\/","og_site_name":"Jornal das Oficinas","article_publisher":"https:\/\/www.facebook.com\/jornaloficinas","article_published_time":"2025-12-19T18:00:41+00:00","og_image":[{"width":1024,"height":581,"url":"https:\/\/jornaldasoficinas.com\/pt\/wp-content\/uploads\/2025\/12\/Renault-estreia-oleos-de-motor-com-menor-pegada-de-carbono.jpg","type":"image\/jpeg"}],"author":"Reda\u00e7\u00e3o JO","twitter_card":"summary_large_image","twitter_creator":"@jornaloficinas","twitter_site":"@jornaloficinas","twitter_misc":{"Escrito por":"Reda\u00e7\u00e3o JO","Tempo estimado de leitura":"3 minutos"},"schema":{"@context":"https:\/\/schema.org","@graph":[{"@type":"Article","@id":"https:\/\/jornaldasoficinas.com\/pt\/renault-estreia-oleos-de-motor-com-menor-pegada-de-carbono\/#article","isPartOf":{"@id":"https:\/\/jornaldasoficinas.com\/pt\/renault-estreia-oleos-de-motor-com-menor-pegada-de-carbono\/"},"author":{"name":"Reda\u00e7\u00e3o JO","@id":"https:\/\/jornaldasoficinas.com\/pt\/#\/schema\/person\/a38eef5de2c41d9e7c9ac10141afddf3"},"headline":"Renault estreia \u00f3leos de motor com menor pegada de carbono","datePublished":"2025-12-19T18:00:41+00:00","mainEntityOfPage":{"@id":"https:\/\/jornaldasoficinas.com\/pt\/renault-estreia-oleos-de-motor-com-menor-pegada-de-carbono\/"},"wordCount":375,"publisher":{"@id":"https:\/\/jornaldasoficinas.com\/pt\/#organization"},"image":{"@id":"https:\/\/jornaldasoficinas.com\/pt\/renault-estreia-oleos-de-motor-com-menor-pegada-de-carbono\/#primaryimage"},"thumbnailUrl":"https:\/\/jornaldasoficinas.com\/pt\/wp-content\/uploads\/2025\/12\/Renault-estreia-oleos-de-motor-com-menor-pegada-de-carbono.jpg","keywords":["Castrol","gama premium","Grupo Renault","lan\u00e7amento","Lubrificantes"],"articleSection":["Empresas"],"inLanguage":"pt-PT"},{"@type":"WebPage","@id":"https:\/\/jornaldasoficinas.com\/pt\/renault-estreia-oleos-de-motor-com-menor-pegada-de-carbono\/","url":"https:\/\/jornaldasoficinas.com\/pt\/renault-estreia-oleos-de-motor-com-menor-pegada-de-carbono\/","name":"Renault estreia \u00f3leos de motor com menor pegada de carbono - Jornal das Oficinas","isPartOf":{"@id":"https:\/\/jornaldasoficinas.com\/pt\/#website"},"primaryImageOfPage":{"@id":"https:\/\/jornaldasoficinas.com\/pt\/renault-estreia-oleos-de-motor-com-menor-pegada-de-carbono\/#primaryimage"},"image":{"@id":"https:\/\/jornaldasoficinas.com\/pt\/renault-estreia-oleos-de-motor-com-menor-pegada-de-carbono\/#primaryimage"},"thumbnailUrl":"https:\/\/jornaldasoficinas.com\/pt\/wp-content\/uploads\/2025\/12\/Renault-estreia-oleos-de-motor-com-menor-pegada-de-carbono.jpg","datePublished":"2025-12-19T18:00:41+00:00","description":"O Grupo Renault tornou-se o primeiro fabricante a oferecer uma gama completa de \u00f3leos de motor formulados com \u00f3leos base re-refinados","breadcrumb":{"@id":"https:\/\/jornaldasoficinas.com\/pt\/renault-estreia-oleos-de-motor-com-menor-pegada-de-carbono\/#breadcrumb"},"inLanguage":"pt-PT","potentialAction":[{"@type":"ReadAction","target":["https:\/\/jornaldasoficinas.com\/pt\/renault-estreia-oleos-de-motor-com-menor-pegada-de-carbono\/"]}]},{"@type":"ImageObject","inLanguage":"pt-PT","@id":"https:\/\/jornaldasoficinas.com\/pt\/renault-estreia-oleos-de-motor-com-menor-pegada-de-carbono\/#primaryimage","url":"https:\/\/jornaldasoficinas.com\/pt\/wp-content\/uploads\/2025\/12\/Renault-estreia-oleos-de-motor-com-menor-pegada-de-carbono.jpg","contentUrl":"https:\/\/jornaldasoficinas.com\/pt\/wp-content\/uploads\/2025\/12\/Renault-estreia-oleos-de-motor-com-menor-pegada-de-carbono.jpg","width":1024,"height":581,"caption":"12 - Renault estreia oleos de motor com menor pegada de carbono"},{"@type":"BreadcrumbList","@id":"https:\/\/jornaldasoficinas.com\/pt\/renault-estreia-oleos-de-motor-com-menor-pegada-de-carbono\/#breadcrumb","itemListElement":[{"@type":"ListItem","position":1,"name":"In\u00edcio","item":"https:\/\/jornaldasoficinas.com\/pt\/"},{"@type":"ListItem","position":2,"name":"Renault estreia \u00f3leos de motor com menor pegada de carbono"}]},{"@type":"WebSite","@id":"https:\/\/jornaldasoficinas.com\/pt\/#website","url":"https:\/\/jornaldasoficinas.com\/pt\/","name":"Jornal das Oficinas","description":"Jornal independente do Aftermarket Autom\u00f3vel em Portugal","publisher":{"@id":"https:\/\/jornaldasoficinas.com\/pt\/#organization"},"potentialAction":[{"@type":"SearchAction","target":{"@type":"EntryPoint","urlTemplate":"https:\/\/jornaldasoficinas.com\/pt\/?s={search_term_string}"},"query-input":{"@type":"PropertyValueSpecification","valueRequired":true,"valueName":"search_term_string"}}],"inLanguage":"pt-PT"},{"@type":"Organization","@id":"https:\/\/jornaldasoficinas.com\/pt\/#organization","name":"Jornal das Oficinas","url":"https:\/\/jornaldasoficinas.com\/pt\/","logo":{"@type":"ImageObject","inLanguage":"pt-PT","@id":"https:\/\/jornaldasoficinas.com\/pt\/#\/schema\/logo\/image\/","url":"https:\/\/jornaldasoficinas.com\/pt\/wp-content\/uploads\/logoJO-SEO.png","contentUrl":"https:\/\/jornaldasoficinas.com\/pt\/wp-content\/uploads\/logoJO-SEO.png","width":285,"height":450,"caption":"Jornal das Oficinas"},"image":{"@id":"https:\/\/jornaldasoficinas.com\/pt\/#\/schema\/logo\/image\/"},"sameAs":["https:\/\/www.facebook.com\/jornaloficinas","https:\/\/x.com\/jornaloficinas","https:\/\/www.instagram.com\/jornal_oficinas\/","https:\/\/www.linkedin.com\/company\/jornal-das-oficinas\/","https:\/\/www.youtube.com\/channel\/UCbQZBqtcvV-oSQrr7RzINGg"]},{"@type":"Person","@id":"https:\/\/jornaldasoficinas.com\/pt\/#\/schema\/person\/a38eef5de2c41d9e7c9ac10141afddf3","name":"Reda\u00e7\u00e3o JO","image":{"@type":"ImageObject","inLanguage":"pt-PT","@id":"https:\/\/secure.gravatar.com\/avatar\/71f2fa71737ad68a84fea94bc708ddac8ea5b0c4788dc2ad202f3ccb2887742f?s=96&d=wp_user_avatar&r=g","url":"https:\/\/secure.gravatar.com\/avatar\/71f2fa71737ad68a84fea94bc708ddac8ea5b0c4788dc2ad202f3ccb2887742f?s=96&d=wp_user_avatar&r=g","contentUrl":"https:\/\/secure.gravatar.com\/avatar\/71f2fa71737ad68a84fea94bc708ddac8ea5b0c4788dc2ad202f3ccb2887742f?s=96&d=wp_user_avatar&r=g","caption":"Reda\u00e7\u00e3o JO"},"url":"https:\/\/jornaldasoficinas.com\/pt\/author\/joredacao\/"}]}},"_links":{"self":[{"href":"https:\/\/jornaldasoficinas.com\/pt\/wp-json\/wp\/v2\/posts\/110957","targetHints":{"allow":["GET"]}}],"collection":[{"href":"https:\/\/jornaldasoficinas.com\/pt\/wp-json\/wp\/v2\/posts"}],"about":[{"href":"https:\/\/jornaldasoficinas.com\/pt\/wp-json\/wp\/v2\/types\/post"}],"author":[{"embeddable":true,"href":"https:\/\/jornaldasoficinas.com\/pt\/wp-json\/wp\/v2\/users\/15"}],"replies":[{"embeddable":true,"href":"https:\/\/jornaldasoficinas.com\/pt\/wp-json\/wp\/v2\/comments?post=110957"}],"version-history":[{"count":4,"href":"https:\/\/jornaldasoficinas.com\/pt\/wp-json\/wp\/v2\/posts\/110957\/revisions"}],"predecessor-version":[{"id":110968,"href":"https:\/\/jornaldasoficinas.com\/pt\/wp-json\/wp\/v2\/posts\/110957\/revisions\/110968"}],"wp:featuredmedia":[{"embeddable":true,"href":"https:\/\/jornaldasoficinas.com\/pt\/wp-json\/wp\/v2\/media\/110967"}],"wp:attachment":[{"href":"https:\/\/jornaldasoficinas.com\/pt\/wp-json\/wp\/v2\/media?parent=110957"}],"wp:term":[{"taxonomy":"category","embeddable":true,"href":"https:\/\/jornaldasoficinas.com\/pt\/wp-json\/wp\/v2\/categories?post=110957"},{"taxonomy":"post_tag","embeddable":true,"href":"https:\/\/jornaldasoficinas.com\/pt\/wp-json\/wp\/v2\/tags?post=110957"}],"curies":[{"name":"wp","href":"https:\/\/api.w.org\/{rel}","templated":true}]}}