{"id":111117,"date":"2025-12-29T12:30:08","date_gmt":"2025-12-29T12:30:08","guid":{"rendered":"https:\/\/jornaldasoficinas.com\/pt\/?p=111117"},"modified":"2025-12-26T14:28:36","modified_gmt":"2025-12-26T14:28:36","slug":"moeve-entra-em-2026-com-500-postos-transformados","status":"publish","type":"post","link":"https:\/\/jornaldasoficinas.com\/pt\/moeve-entra-em-2026-com-500-postos-transformados\/","title":{"rendered":"Moeve entra em 2026 com 500 postos transformados"},"content":{"rendered":"<p><strong>6<img loading=\"lazy\" decoding=\"async\" class=\"alignnone size-full wp-image-111131\" src=\"https:\/\/jornaldasoficinas.com\/pt\/wp-content\/uploads\/2025\/12\/Moeve-entra-em-2026-com-500-postos-transformados.jpg\" alt=\"12 - Moeve entra em 2026 com 500 postos transformados\" width=\"1024\" height=\"581\" srcset=\"https:\/\/jornaldasoficinas.com\/pt\/wp-content\/uploads\/2025\/12\/Moeve-entra-em-2026-com-500-postos-transformados.jpg 1024w, https:\/\/jornaldasoficinas.com\/pt\/wp-content\/uploads\/2025\/12\/Moeve-entra-em-2026-com-500-postos-transformados-300x170.jpg 300w, https:\/\/jornaldasoficinas.com\/pt\/wp-content\/uploads\/2025\/12\/Moeve-entra-em-2026-com-500-postos-transformados-150x85.jpg 150w, https:\/\/jornaldasoficinas.com\/pt\/wp-content\/uploads\/2025\/12\/Moeve-entra-em-2026-com-500-postos-transformados-768x436.jpg 768w\" sizes=\"auto, (max-width: 1024px) 100vw, 1024px\" \/><\/strong><\/p>\n<p><strong>A <a href=\"https:\/\/pt.moeveglobal.com\/\" target=\"_blank\" rel=\"noopener\">Moeve<\/a> entrar\u00e1 em 2026 com 500 postos, anteriormente operados sob a marca Cepsa, j\u00e1 adaptados \u00e0 nova identidade Moeve. Este n\u00famero representa cerca de um ter\u00e7o da sua rede, que j\u00e1 implementou a nova identidade, convertendo os postos em espa\u00e7os mais modernos e digitalizados<\/strong><\/p>\n<p>Estes 500 novos pontos integram novas solu\u00e7\u00f5es de energia sustent\u00e1vel e colocam o cliente no centro da experi\u00eancia, com uma &#8220;proposta assente na qualidade e na inova\u00e7\u00e3o&#8221;. A empresa energ\u00e9tica conta, atualmente, com postos Moeve em localidades e nas principais vias da Pen\u00ednsula Ib\u00e9rica.<\/p>\n<p>Em Portugal, a Moeve conta, atualmente, com 78 postos de abastecimento transformados, com o objetivo de alcan\u00e7ar os 100 at\u00e9 ao in\u00edcio de 2026. Estes postos est\u00e3o j\u00e1 presentes em localiza\u00e7\u00f5es estrat\u00e9gicas do pa\u00eds, incluindo Viseu, Lisboa, Faro, Viana do Castelo, Porto, Coimbra, Set\u00fabal, Leiria, Beja, Santar\u00e9m, Castelo Branco, Aveiro, Braga, Bragan\u00e7a, Portalegre e Vila Real, refor\u00e7ando a cobertura da nova marca em todo o territ\u00f3rio nacional.<\/p>\n<p>Paralelamente \u00e0 transforma\u00e7\u00e3o dos estabelecimentos, a Moeve avan\u00e7a tamb\u00e9m na sua oferta de mobilidade sustent\u00e1vel, atrav\u00e9s da implementa\u00e7\u00e3o de uma das maiores redes de carregamento el\u00e9trico em Portugal e Espanha. Esta rede utiliza energia 100% renov\u00e1vel e conta j\u00e1 com mais de 260 pontos de carregamento ultrarr\u00e1pido operacionais (150 kW), de acesso p\u00fablico e gratuito. Os carregadores permitem repor at\u00e9 80% da bateria de um ve\u00edculo el\u00e9trico num per\u00edodo estimado entre 10 e 20 minutos, consoante o modelo.<\/p>\n<p>Muitos destes postos funcionam com eletricidade produzida por pain\u00e9is solares instalados no pr\u00f3prio local. &#8220;A oferta dos postos da Moeve distingue-se pela qualidade e diversidade, atrav\u00e9s da disponibiliza\u00e7\u00e3o de produtos frescos no Moeve Market, bem como de caf\u00e9 e pastelaria premium nos espa\u00e7os R\u2019SpiRO&#8221;, referiu a empresa. Os postos da rede integram ainda o t\u00fanel de lavagem Moeve Wash, que utiliza produtos biodegrad\u00e1veis, e est\u00e3o, igualmente, a ser incorporados novos servi\u00e7os de encomendas e entregas, concentrando num \u00fanico espa\u00e7o v\u00e1rias das necessidades di\u00e1rias dos clientes.<\/p>\n<p>Esta oferta \u00e9 complementada pelo programa de fideliza\u00e7\u00e3o Moeve gow, que conta com cerca de 3,5 milh\u00f5es de clientes, os quais beneficiam de descontos e promo\u00e7\u00f5es nos postos e nos estabelecimentos parceiros da rede.<\/p>\n<p>Pierre-Yves Sachet, vice-presidente executivo de Mobility da Moeve, afirmou que &#8220;Estamos a avan\u00e7ar de forma consistente na transforma\u00e7\u00e3o da nossa rede. A Moeve \u00e9 uma aposta clara na qualidade e no cliente, e a melhor prova disso s\u00e3o estes estabelecimentos renovados, concebidos como espa\u00e7os onde apetece estar, com uma experi\u00eancia personaliz\u00e1vel e uma oferta alargada de servi\u00e7os do dia a dia. Continuaremos neste caminho para conquistar cada vez mais pessoas com a nossa proposta em energia e mobilidade&#8221;.<\/p>\n<p><strong>A marca Moeve consolida-se ap\u00f3s um ano<\/strong><\/p>\n<p>Para al\u00e9m da transforma\u00e7\u00e3o de 500 postos de abastecimento, a Moeve consolidou a sua nova marca em todas as \u00e1reas. Desde logo, os postos de abastecimento sob a nova ins\u00edgnia j\u00e1 registam volumes de vendas superiores aos dos antigos postos Cepsa. Paralelamente, a Moeve tem sido bem-sucedida na atra\u00e7\u00e3o de talento, com o portal externo de emprego a registar um aumento de cerca de 35% nas visitas desde a implementa\u00e7\u00e3o da nova marca. Ao n\u00edvel do reconhecimento e da notoriedade social, a Moeve apresenta igualmente resultados muito positivos. De acordo com a Ipsos, os consumidores j\u00e1 privilegiam a Moeve face \u00e0 Cepsa no reconhecimento espont\u00e2neo de marcas de energia e mobilidade, superando em 20 pontos a meta de notoriedade que a empresa tinha definido para o primeiro ano.<\/p>\n<p>De acordo com Isabel Gorgoso, CEO da Moeve Portugal &#8220;Hoje, a Moeve afirma-se como a materializa\u00e7\u00e3o da ambi\u00e7\u00e3o do setor em transformar a energia e a mobilidade, apresentando j\u00e1 n\u00edveis de reconhecimento superiores aos da marca anterior em atributos como a sustentabilidade, a inova\u00e7\u00e3o e a proximidade. Este desempenho reflete o impacto muito positivo do processo de mudan\u00e7a de identidade e de cultura da empresa, que tem permitido uma consolida\u00e7\u00e3o da marca mais r\u00e1pida do que o inicialmente antecipado&#8221;.<\/p>\n<ul>\n<li>Com estes avan\u00e7os, e acompanhando os clientes nos seus processos de descarboniza\u00e7\u00e3o, na mudan\u00e7a de marca e na transforma\u00e7\u00e3o dos postos, a Moeve continua a executar a sua estrat\u00e9gia de transforma\u00e7\u00e3o para 2030, Positive Motion, cuja implementa\u00e7\u00e3o teve in\u00edcio h\u00e1 tr\u00eas anos. A empresa energ\u00e9tica alienou tamb\u00e9m 70% dos seus ativos de explora\u00e7\u00e3o e produ\u00e7\u00e3o, est\u00e1 a desenvolver o Vale Andaluz do Hidrog\u00e9nio Verde e concluiu j\u00e1 cerca de metade da constru\u00e7\u00e3o da sua nova f\u00e1brica de biocombust\u00edveis de segunda gera\u00e7\u00e3o (2G), em La R\u00e1bida (Huelva), com a ambi\u00e7\u00e3o de se afirmar como uma refer\u00eancia europeia na transi\u00e7\u00e3o energ\u00e9tica.<\/li>\n<\/ul>\n","protected":false},"excerpt":{"rendered":"<p>6 A Moeve entrar\u00e1 em 2026&#8230;<\/p>\n","protected":false},"author":15,"featured_media":111131,"comment_status":"closed","ping_status":"closed","sticky":false,"template":"","format":"standard","meta":{"footnotes":""},"categories":[29],"tags":[14275,3220,11091,14276,7902],"class_list":["post-111117","post","type-post","status-publish","format-standard","has-post-thumbnail","hentry","category-empresas","tag-500-postos-transformados","tag-carregamento-eletrico","tag-moeve","tag-moeve-gow","tag-nova-identidade"],"yoast_head":"<!-- This site is optimized with the Yoast SEO plugin v27.4 - https:\/\/yoast.com\/product\/yoast-seo-wordpress\/ -->\n<title>Moeve entra em 2026 com 500 postos transformados - Jornal das Oficinas<\/title>\n<meta name=\"description\" content=\"A Moeve entrar\u00e1 em 2026 com 500 postos, anteriormente operados sob a marca Cepsa, j\u00e1 adaptados \u00e0 nova identidade Moeve\" \/>\n<meta name=\"robots\" content=\"index, follow, max-snippet:-1, max-image-preview:large, max-video-preview:-1\" \/>\n<link rel=\"canonical\" href=\"https:\/\/jornaldasoficinas.com\/pt\/moeve-entra-em-2026-com-500-postos-transformados\/\" \/>\n<meta property=\"og:locale\" content=\"pt_PT\" \/>\n<meta property=\"og:type\" content=\"article\" \/>\n<meta property=\"og:title\" content=\"Moeve entra em 2026 com 500 postos transformados - Jornal das Oficinas\" \/>\n<meta property=\"og:description\" content=\"A Moeve entrar\u00e1 em 2026 com 500 postos, anteriormente operados sob a marca Cepsa, j\u00e1 adaptados \u00e0 nova identidade Moeve\" \/>\n<meta property=\"og:url\" content=\"https:\/\/jornaldasoficinas.com\/pt\/moeve-entra-em-2026-com-500-postos-transformados\/\" \/>\n<meta property=\"og:site_name\" content=\"Jornal das Oficinas\" \/>\n<meta property=\"article:publisher\" content=\"https:\/\/www.facebook.com\/jornaloficinas\" \/>\n<meta property=\"article:published_time\" content=\"2025-12-29T12:30:08+00:00\" \/>\n<meta property=\"og:image\" content=\"https:\/\/jornaldasoficinas.com\/pt\/wp-content\/uploads\/2025\/12\/Moeve-entra-em-2026-com-500-postos-transformados.jpg\" \/>\n\t<meta property=\"og:image:width\" content=\"1024\" \/>\n\t<meta property=\"og:image:height\" content=\"581\" \/>\n\t<meta property=\"og:image:type\" content=\"image\/jpeg\" \/>\n<meta name=\"author\" content=\"Reda\u00e7\u00e3o JO\" \/>\n<meta name=\"twitter:card\" content=\"summary_large_image\" \/>\n<meta name=\"twitter:creator\" content=\"@jornaloficinas\" \/>\n<meta name=\"twitter:site\" content=\"@jornaloficinas\" \/>\n<meta name=\"twitter:label1\" content=\"Escrito por\" \/>\n\t<meta name=\"twitter:data1\" content=\"Reda\u00e7\u00e3o JO\" \/>\n\t<meta name=\"twitter:label2\" content=\"Tempo estimado de leitura\" \/>\n\t<meta name=\"twitter:data2\" content=\"5 minutos\" \/>\n<script type=\"application\/ld+json\" class=\"yoast-schema-graph\">{\"@context\":\"https:\\\/\\\/schema.org\",\"@graph\":[{\"@type\":\"Article\",\"@id\":\"https:\\\/\\\/jornaldasoficinas.com\\\/pt\\\/moeve-entra-em-2026-com-500-postos-transformados\\\/#article\",\"isPartOf\":{\"@id\":\"https:\\\/\\\/jornaldasoficinas.com\\\/pt\\\/moeve-entra-em-2026-com-500-postos-transformados\\\/\"},\"author\":{\"name\":\"Reda\u00e7\u00e3o JO\",\"@id\":\"https:\\\/\\\/jornaldasoficinas.com\\\/pt\\\/#\\\/schema\\\/person\\\/a38eef5de2c41d9e7c9ac10141afddf3\"},\"headline\":\"Moeve entra em 2026 com 500 postos transformados\",\"datePublished\":\"2025-12-29T12:30:08+00:00\",\"mainEntityOfPage\":{\"@id\":\"https:\\\/\\\/jornaldasoficinas.com\\\/pt\\\/moeve-entra-em-2026-com-500-postos-transformados\\\/\"},\"wordCount\":822,\"publisher\":{\"@id\":\"https:\\\/\\\/jornaldasoficinas.com\\\/pt\\\/#organization\"},\"image\":{\"@id\":\"https:\\\/\\\/jornaldasoficinas.com\\\/pt\\\/moeve-entra-em-2026-com-500-postos-transformados\\\/#primaryimage\"},\"thumbnailUrl\":\"https:\\\/\\\/jornaldasoficinas.com\\\/pt\\\/wp-content\\\/uploads\\\/2025\\\/12\\\/Moeve-entra-em-2026-com-500-postos-transformados.jpg\",\"keywords\":[\"500 postos transformados\",\"carregamento el\u00e9trico\",\"Moeve\",\"Moeve gow\",\"nova identidade\"],\"articleSection\":[\"Empresas\"],\"inLanguage\":\"pt-PT\"},{\"@type\":\"WebPage\",\"@id\":\"https:\\\/\\\/jornaldasoficinas.com\\\/pt\\\/moeve-entra-em-2026-com-500-postos-transformados\\\/\",\"url\":\"https:\\\/\\\/jornaldasoficinas.com\\\/pt\\\/moeve-entra-em-2026-com-500-postos-transformados\\\/\",\"name\":\"Moeve entra em 2026 com 500 postos transformados - Jornal das Oficinas\",\"isPartOf\":{\"@id\":\"https:\\\/\\\/jornaldasoficinas.com\\\/pt\\\/#website\"},\"primaryImageOfPage\":{\"@id\":\"https:\\\/\\\/jornaldasoficinas.com\\\/pt\\\/moeve-entra-em-2026-com-500-postos-transformados\\\/#primaryimage\"},\"image\":{\"@id\":\"https:\\\/\\\/jornaldasoficinas.com\\\/pt\\\/moeve-entra-em-2026-com-500-postos-transformados\\\/#primaryimage\"},\"thumbnailUrl\":\"https:\\\/\\\/jornaldasoficinas.com\\\/pt\\\/wp-content\\\/uploads\\\/2025\\\/12\\\/Moeve-entra-em-2026-com-500-postos-transformados.jpg\",\"datePublished\":\"2025-12-29T12:30:08+00:00\",\"description\":\"A Moeve entrar\u00e1 em 2026 com 500 postos, anteriormente operados sob a marca Cepsa, j\u00e1 adaptados \u00e0 nova identidade Moeve\",\"breadcrumb\":{\"@id\":\"https:\\\/\\\/jornaldasoficinas.com\\\/pt\\\/moeve-entra-em-2026-com-500-postos-transformados\\\/#breadcrumb\"},\"inLanguage\":\"pt-PT\",\"potentialAction\":[{\"@type\":\"ReadAction\",\"target\":[\"https:\\\/\\\/jornaldasoficinas.com\\\/pt\\\/moeve-entra-em-2026-com-500-postos-transformados\\\/\"]}]},{\"@type\":\"ImageObject\",\"inLanguage\":\"pt-PT\",\"@id\":\"https:\\\/\\\/jornaldasoficinas.com\\\/pt\\\/moeve-entra-em-2026-com-500-postos-transformados\\\/#primaryimage\",\"url\":\"https:\\\/\\\/jornaldasoficinas.com\\\/pt\\\/wp-content\\\/uploads\\\/2025\\\/12\\\/Moeve-entra-em-2026-com-500-postos-transformados.jpg\",\"contentUrl\":\"https:\\\/\\\/jornaldasoficinas.com\\\/pt\\\/wp-content\\\/uploads\\\/2025\\\/12\\\/Moeve-entra-em-2026-com-500-postos-transformados.jpg\",\"width\":1024,\"height\":581,\"caption\":\"12 - Moeve entra em 2026 com 500 postos transformados\"},{\"@type\":\"BreadcrumbList\",\"@id\":\"https:\\\/\\\/jornaldasoficinas.com\\\/pt\\\/moeve-entra-em-2026-com-500-postos-transformados\\\/#breadcrumb\",\"itemListElement\":[{\"@type\":\"ListItem\",\"position\":1,\"name\":\"In\u00edcio\",\"item\":\"https:\\\/\\\/jornaldasoficinas.com\\\/pt\\\/\"},{\"@type\":\"ListItem\",\"position\":2,\"name\":\"Moeve entra em 2026 com 500 postos transformados\"}]},{\"@type\":\"WebSite\",\"@id\":\"https:\\\/\\\/jornaldasoficinas.com\\\/pt\\\/#website\",\"url\":\"https:\\\/\\\/jornaldasoficinas.com\\\/pt\\\/\",\"name\":\"Jornal das Oficinas\",\"description\":\"Jornal independente do Aftermarket Autom\u00f3vel em Portugal\",\"publisher\":{\"@id\":\"https:\\\/\\\/jornaldasoficinas.com\\\/pt\\\/#organization\"},\"potentialAction\":[{\"@type\":\"SearchAction\",\"target\":{\"@type\":\"EntryPoint\",\"urlTemplate\":\"https:\\\/\\\/jornaldasoficinas.com\\\/pt\\\/?s={search_term_string}\"},\"query-input\":{\"@type\":\"PropertyValueSpecification\",\"valueRequired\":true,\"valueName\":\"search_term_string\"}}],\"inLanguage\":\"pt-PT\"},{\"@type\":\"Organization\",\"@id\":\"https:\\\/\\\/jornaldasoficinas.com\\\/pt\\\/#organization\",\"name\":\"Jornal das Oficinas\",\"url\":\"https:\\\/\\\/jornaldasoficinas.com\\\/pt\\\/\",\"logo\":{\"@type\":\"ImageObject\",\"inLanguage\":\"pt-PT\",\"@id\":\"https:\\\/\\\/jornaldasoficinas.com\\\/pt\\\/#\\\/schema\\\/logo\\\/image\\\/\",\"url\":\"https:\\\/\\\/jornaldasoficinas.com\\\/pt\\\/wp-content\\\/uploads\\\/logoJO-SEO.png\",\"contentUrl\":\"https:\\\/\\\/jornaldasoficinas.com\\\/pt\\\/wp-content\\\/uploads\\\/logoJO-SEO.png\",\"width\":285,\"height\":450,\"caption\":\"Jornal das Oficinas\"},\"image\":{\"@id\":\"https:\\\/\\\/jornaldasoficinas.com\\\/pt\\\/#\\\/schema\\\/logo\\\/image\\\/\"},\"sameAs\":[\"https:\\\/\\\/www.facebook.com\\\/jornaloficinas\",\"https:\\\/\\\/x.com\\\/jornaloficinas\",\"https:\\\/\\\/www.instagram.com\\\/jornal_oficinas\\\/\",\"https:\\\/\\\/www.linkedin.com\\\/company\\\/jornal-das-oficinas\\\/\",\"https:\\\/\\\/www.youtube.com\\\/channel\\\/UCbQZBqtcvV-oSQrr7RzINGg\"]},{\"@type\":\"Person\",\"@id\":\"https:\\\/\\\/jornaldasoficinas.com\\\/pt\\\/#\\\/schema\\\/person\\\/a38eef5de2c41d9e7c9ac10141afddf3\",\"name\":\"Reda\u00e7\u00e3o JO\",\"image\":{\"@type\":\"ImageObject\",\"inLanguage\":\"pt-PT\",\"@id\":\"https:\\\/\\\/secure.gravatar.com\\\/avatar\\\/71f2fa71737ad68a84fea94bc708ddac8ea5b0c4788dc2ad202f3ccb2887742f?s=96&d=wp_user_avatar&r=g\",\"url\":\"https:\\\/\\\/secure.gravatar.com\\\/avatar\\\/71f2fa71737ad68a84fea94bc708ddac8ea5b0c4788dc2ad202f3ccb2887742f?s=96&d=wp_user_avatar&r=g\",\"contentUrl\":\"https:\\\/\\\/secure.gravatar.com\\\/avatar\\\/71f2fa71737ad68a84fea94bc708ddac8ea5b0c4788dc2ad202f3ccb2887742f?s=96&d=wp_user_avatar&r=g\",\"caption\":\"Reda\u00e7\u00e3o JO\"},\"url\":\"https:\\\/\\\/jornaldasoficinas.com\\\/pt\\\/author\\\/joredacao\\\/\"}]}<\/script>\n<!-- \/ Yoast SEO plugin. -->","yoast_head_json":{"title":"Moeve entra em 2026 com 500 postos transformados - Jornal das Oficinas","description":"A Moeve entrar\u00e1 em 2026 com 500 postos, anteriormente operados sob a marca Cepsa, j\u00e1 adaptados \u00e0 nova identidade Moeve","robots":{"index":"index","follow":"follow","max-snippet":"max-snippet:-1","max-image-preview":"max-image-preview:large","max-video-preview":"max-video-preview:-1"},"canonical":"https:\/\/jornaldasoficinas.com\/pt\/moeve-entra-em-2026-com-500-postos-transformados\/","og_locale":"pt_PT","og_type":"article","og_title":"Moeve entra em 2026 com 500 postos transformados - Jornal das Oficinas","og_description":"A Moeve entrar\u00e1 em 2026 com 500 postos, anteriormente operados sob a marca Cepsa, j\u00e1 adaptados \u00e0 nova identidade Moeve","og_url":"https:\/\/jornaldasoficinas.com\/pt\/moeve-entra-em-2026-com-500-postos-transformados\/","og_site_name":"Jornal das Oficinas","article_publisher":"https:\/\/www.facebook.com\/jornaloficinas","article_published_time":"2025-12-29T12:30:08+00:00","og_image":[{"width":1024,"height":581,"url":"https:\/\/jornaldasoficinas.com\/pt\/wp-content\/uploads\/2025\/12\/Moeve-entra-em-2026-com-500-postos-transformados.jpg","type":"image\/jpeg"}],"author":"Reda\u00e7\u00e3o JO","twitter_card":"summary_large_image","twitter_creator":"@jornaloficinas","twitter_site":"@jornaloficinas","twitter_misc":{"Escrito por":"Reda\u00e7\u00e3o JO","Tempo estimado de leitura":"5 minutos"},"schema":{"@context":"https:\/\/schema.org","@graph":[{"@type":"Article","@id":"https:\/\/jornaldasoficinas.com\/pt\/moeve-entra-em-2026-com-500-postos-transformados\/#article","isPartOf":{"@id":"https:\/\/jornaldasoficinas.com\/pt\/moeve-entra-em-2026-com-500-postos-transformados\/"},"author":{"name":"Reda\u00e7\u00e3o JO","@id":"https:\/\/jornaldasoficinas.com\/pt\/#\/schema\/person\/a38eef5de2c41d9e7c9ac10141afddf3"},"headline":"Moeve entra em 2026 com 500 postos transformados","datePublished":"2025-12-29T12:30:08+00:00","mainEntityOfPage":{"@id":"https:\/\/jornaldasoficinas.com\/pt\/moeve-entra-em-2026-com-500-postos-transformados\/"},"wordCount":822,"publisher":{"@id":"https:\/\/jornaldasoficinas.com\/pt\/#organization"},"image":{"@id":"https:\/\/jornaldasoficinas.com\/pt\/moeve-entra-em-2026-com-500-postos-transformados\/#primaryimage"},"thumbnailUrl":"https:\/\/jornaldasoficinas.com\/pt\/wp-content\/uploads\/2025\/12\/Moeve-entra-em-2026-com-500-postos-transformados.jpg","keywords":["500 postos transformados","carregamento el\u00e9trico","Moeve","Moeve gow","nova identidade"],"articleSection":["Empresas"],"inLanguage":"pt-PT"},{"@type":"WebPage","@id":"https:\/\/jornaldasoficinas.com\/pt\/moeve-entra-em-2026-com-500-postos-transformados\/","url":"https:\/\/jornaldasoficinas.com\/pt\/moeve-entra-em-2026-com-500-postos-transformados\/","name":"Moeve entra em 2026 com 500 postos transformados - Jornal das Oficinas","isPartOf":{"@id":"https:\/\/jornaldasoficinas.com\/pt\/#website"},"primaryImageOfPage":{"@id":"https:\/\/jornaldasoficinas.com\/pt\/moeve-entra-em-2026-com-500-postos-transformados\/#primaryimage"},"image":{"@id":"https:\/\/jornaldasoficinas.com\/pt\/moeve-entra-em-2026-com-500-postos-transformados\/#primaryimage"},"thumbnailUrl":"https:\/\/jornaldasoficinas.com\/pt\/wp-content\/uploads\/2025\/12\/Moeve-entra-em-2026-com-500-postos-transformados.jpg","datePublished":"2025-12-29T12:30:08+00:00","description":"A Moeve entrar\u00e1 em 2026 com 500 postos, anteriormente operados sob a marca Cepsa, j\u00e1 adaptados \u00e0 nova identidade Moeve","breadcrumb":{"@id":"https:\/\/jornaldasoficinas.com\/pt\/moeve-entra-em-2026-com-500-postos-transformados\/#breadcrumb"},"inLanguage":"pt-PT","potentialAction":[{"@type":"ReadAction","target":["https:\/\/jornaldasoficinas.com\/pt\/moeve-entra-em-2026-com-500-postos-transformados\/"]}]},{"@type":"ImageObject","inLanguage":"pt-PT","@id":"https:\/\/jornaldasoficinas.com\/pt\/moeve-entra-em-2026-com-500-postos-transformados\/#primaryimage","url":"https:\/\/jornaldasoficinas.com\/pt\/wp-content\/uploads\/2025\/12\/Moeve-entra-em-2026-com-500-postos-transformados.jpg","contentUrl":"https:\/\/jornaldasoficinas.com\/pt\/wp-content\/uploads\/2025\/12\/Moeve-entra-em-2026-com-500-postos-transformados.jpg","width":1024,"height":581,"caption":"12 - Moeve entra em 2026 com 500 postos transformados"},{"@type":"BreadcrumbList","@id":"https:\/\/jornaldasoficinas.com\/pt\/moeve-entra-em-2026-com-500-postos-transformados\/#breadcrumb","itemListElement":[{"@type":"ListItem","position":1,"name":"In\u00edcio","item":"https:\/\/jornaldasoficinas.com\/pt\/"},{"@type":"ListItem","position":2,"name":"Moeve entra em 2026 com 500 postos transformados"}]},{"@type":"WebSite","@id":"https:\/\/jornaldasoficinas.com\/pt\/#website","url":"https:\/\/jornaldasoficinas.com\/pt\/","name":"Jornal das Oficinas","description":"Jornal independente do Aftermarket Autom\u00f3vel em Portugal","publisher":{"@id":"https:\/\/jornaldasoficinas.com\/pt\/#organization"},"potentialAction":[{"@type":"SearchAction","target":{"@type":"EntryPoint","urlTemplate":"https:\/\/jornaldasoficinas.com\/pt\/?s={search_term_string}"},"query-input":{"@type":"PropertyValueSpecification","valueRequired":true,"valueName":"search_term_string"}}],"inLanguage":"pt-PT"},{"@type":"Organization","@id":"https:\/\/jornaldasoficinas.com\/pt\/#organization","name":"Jornal das Oficinas","url":"https:\/\/jornaldasoficinas.com\/pt\/","logo":{"@type":"ImageObject","inLanguage":"pt-PT","@id":"https:\/\/jornaldasoficinas.com\/pt\/#\/schema\/logo\/image\/","url":"https:\/\/jornaldasoficinas.com\/pt\/wp-content\/uploads\/logoJO-SEO.png","contentUrl":"https:\/\/jornaldasoficinas.com\/pt\/wp-content\/uploads\/logoJO-SEO.png","width":285,"height":450,"caption":"Jornal das Oficinas"},"image":{"@id":"https:\/\/jornaldasoficinas.com\/pt\/#\/schema\/logo\/image\/"},"sameAs":["https:\/\/www.facebook.com\/jornaloficinas","https:\/\/x.com\/jornaloficinas","https:\/\/www.instagram.com\/jornal_oficinas\/","https:\/\/www.linkedin.com\/company\/jornal-das-oficinas\/","https:\/\/www.youtube.com\/channel\/UCbQZBqtcvV-oSQrr7RzINGg"]},{"@type":"Person","@id":"https:\/\/jornaldasoficinas.com\/pt\/#\/schema\/person\/a38eef5de2c41d9e7c9ac10141afddf3","name":"Reda\u00e7\u00e3o JO","image":{"@type":"ImageObject","inLanguage":"pt-PT","@id":"https:\/\/secure.gravatar.com\/avatar\/71f2fa71737ad68a84fea94bc708ddac8ea5b0c4788dc2ad202f3ccb2887742f?s=96&d=wp_user_avatar&r=g","url":"https:\/\/secure.gravatar.com\/avatar\/71f2fa71737ad68a84fea94bc708ddac8ea5b0c4788dc2ad202f3ccb2887742f?s=96&d=wp_user_avatar&r=g","contentUrl":"https:\/\/secure.gravatar.com\/avatar\/71f2fa71737ad68a84fea94bc708ddac8ea5b0c4788dc2ad202f3ccb2887742f?s=96&d=wp_user_avatar&r=g","caption":"Reda\u00e7\u00e3o JO"},"url":"https:\/\/jornaldasoficinas.com\/pt\/author\/joredacao\/"}]}},"_links":{"self":[{"href":"https:\/\/jornaldasoficinas.com\/pt\/wp-json\/wp\/v2\/posts\/111117","targetHints":{"allow":["GET"]}}],"collection":[{"href":"https:\/\/jornaldasoficinas.com\/pt\/wp-json\/wp\/v2\/posts"}],"about":[{"href":"https:\/\/jornaldasoficinas.com\/pt\/wp-json\/wp\/v2\/types\/post"}],"author":[{"embeddable":true,"href":"https:\/\/jornaldasoficinas.com\/pt\/wp-json\/wp\/v2\/users\/15"}],"replies":[{"embeddable":true,"href":"https:\/\/jornaldasoficinas.com\/pt\/wp-json\/wp\/v2\/comments?post=111117"}],"version-history":[{"count":8,"href":"https:\/\/jornaldasoficinas.com\/pt\/wp-json\/wp\/v2\/posts\/111117\/revisions"}],"predecessor-version":[{"id":111159,"href":"https:\/\/jornaldasoficinas.com\/pt\/wp-json\/wp\/v2\/posts\/111117\/revisions\/111159"}],"wp:featuredmedia":[{"embeddable":true,"href":"https:\/\/jornaldasoficinas.com\/pt\/wp-json\/wp\/v2\/media\/111131"}],"wp:attachment":[{"href":"https:\/\/jornaldasoficinas.com\/pt\/wp-json\/wp\/v2\/media?parent=111117"}],"wp:term":[{"taxonomy":"category","embeddable":true,"href":"https:\/\/jornaldasoficinas.com\/pt\/wp-json\/wp\/v2\/categories?post=111117"},{"taxonomy":"post_tag","embeddable":true,"href":"https:\/\/jornaldasoficinas.com\/pt\/wp-json\/wp\/v2\/tags?post=111117"}],"curies":[{"name":"wp","href":"https:\/\/api.w.org\/{rel}","templated":true}]}}