{"id":111178,"date":"2025-12-29T18:00:51","date_gmt":"2025-12-29T18:00:51","guid":{"rendered":"https:\/\/jornaldasoficinas.com\/pt\/?p=111178"},"modified":"2025-12-23T11:56:19","modified_gmt":"2025-12-23T11:56:19","slug":"portugal-entre-os-lideres-europeus-no-factoring-em-2025","status":"publish","type":"post","link":"https:\/\/jornaldasoficinas.com\/pt\/portugal-entre-os-lideres-europeus-no-factoring-em-2025\/","title":{"rendered":"Magneti Marelli alarga oferta para marcas chinesas na Europa"},"content":{"rendered":"<p><strong><img loading=\"lazy\" decoding=\"async\" class=\"alignnone size-full wp-image-111184\" src=\"https:\/\/jornaldasoficinas.com\/pt\/wp-content\/uploads\/2025\/12\/Magneti-Marelli-alarga-oferta-para-marcas-chinesas-na-Europa.png\" alt=\"12 - Magneti Marelli alarga oferta para marcas chinesas na Europa\" width=\"1024\" height=\"581\" srcset=\"https:\/\/jornaldasoficinas.com\/pt\/wp-content\/uploads\/2025\/12\/Magneti-Marelli-alarga-oferta-para-marcas-chinesas-na-Europa.png 1024w, https:\/\/jornaldasoficinas.com\/pt\/wp-content\/uploads\/2025\/12\/Magneti-Marelli-alarga-oferta-para-marcas-chinesas-na-Europa-300x170.png 300w, https:\/\/jornaldasoficinas.com\/pt\/wp-content\/uploads\/2025\/12\/Magneti-Marelli-alarga-oferta-para-marcas-chinesas-na-Europa-150x85.png 150w, https:\/\/jornaldasoficinas.com\/pt\/wp-content\/uploads\/2025\/12\/Magneti-Marelli-alarga-oferta-para-marcas-chinesas-na-Europa-768x436.png 768w\" sizes=\"auto, (max-width: 1024px) 100vw, 1024px\" \/><\/strong><\/p>\n<p><strong>A <a href=\"https:\/\/www.magnetimarelli-parts-and-services.pt\/\" target=\"_blank\" rel=\"noopener\">Magneti Marelli Parts &amp; Services<\/a> refor\u00e7ou o seu portf\u00f3lio de pe\u00e7as de substitui\u00e7\u00e3o para responder ao crescimento dos ve\u00edculos de origem chinesa no mercado europeu, cuja quota dever\u00e1 continuar a aumentar nos pr\u00f3ximos anos<\/strong><\/p>\n<p>Num contexto em que as vendas autom\u00f3veis na Europa permanecem globalmente est\u00e1veis, com um crescimento de apenas 0,9% nos primeiros nove meses de 2025, as marcas chinesas j\u00e1 representam cerca de 9% do mercado europeu. De acordo com proje\u00e7\u00f5es da consultora AlixPartners, esta quota poder\u00e1 atingir os 13% at\u00e9 2029.<\/p>\n<p>Mesmo quando a presen\u00e7a destas marcas era ainda reduzida, a Magneti Marelli Parts &amp; Services j\u00e1 apoiava o mercado do p\u00f3s-venda com uma vasta gama de componentes, incluindo filtros de ar e de habit\u00e1culo, discos e pastilhas de trav\u00e3o, filtros de combust\u00edvel e de \u00f3leo, sensores lambda, bombas de \u00e1gua, amortecedores, componentes de suspens\u00e3o e escovas limpa-vidros, entre outros, destinados a fabricantes ent\u00e3o menos conhecidos, como Brillance, Foton, Great Wall ou JAC.<\/p>\n<p><strong>Portf\u00f3lio alargado para novos modelos<\/strong><\/p>\n<p>Para acompanhar a evolu\u00e7\u00e3o do mercado, a empresa refor\u00e7ou o seu compromisso neste segmento, disponibilizando atualmente uma gama extensa e em constante atualiza\u00e7\u00e3o, com um n\u00famero crescente de refer\u00eancias (SKUs) para modelos chineses recentemente introduzidos na Europa.<\/p>\n<p>No caso da MG, hist\u00f3rica marca brit\u00e2nica atualmente detida pelo grupo SAIC Motor, est\u00e3o dispon\u00edveis pastilhas de trav\u00e3o, term\u00f3statos, rolamentos de roda, baterias e componentes de elevadores de vidros para o SUV ZS, bem como componentes de inje\u00e7\u00e3o e pastilhas de trav\u00e3o para o HS. Os modelos el\u00e9tricos MG 5 e Marvel contam com amortecedores e pastilhas de trav\u00e3o, enquanto o LYNK &amp; Co. 01 passa a dispor igualmente de pastilhas de trav\u00e3o.<\/p>\n<p>A oferta estende-se tamb\u00e9m \u00e0 Chery, com pe\u00e7as para modelos como o Omoda 5, incluindo amortecedores e bra\u00e7os de suspens\u00e3o, e para o Chery Tiggo 8, com pastilhas de trav\u00e3o, amortecedores, term\u00f3statos e componentes de elevadores de vidros. Para os modelos Chery Tiggo 3X, Tiggo 5X e Tiggo 7, comercializados em It\u00e1lia sob a marca DR (DR 3.0, DR 5.0 e DR 6.0), a gama inclui filtros de ar e de habit\u00e1culo, filtros de \u00f3leo e combust\u00edvel, pastilhas de trav\u00e3o, term\u00f3statos, escovas limpa-vidros e motores de arranque.<\/p>\n<p>A Magneti Marelli Parts &amp; Services responde ainda \u00e0s necessidades de utilizadores de modelos chineses mais recentes ou menos difundidos, com pe\u00e7as dispon\u00edveis para ve\u00edculos como o Nio ET7, Nio ES8 e Xpeng P7.<\/p>\n<p><strong>Forma\u00e7\u00e3o t\u00e9cnica acompanha a expans\u00e3o<\/strong><\/p>\n<p>Paralelamente ao alargamento da oferta de pe\u00e7as, a empresa continua a investir fortemente na forma\u00e7\u00e3o t\u00e9cnica, reconhecendo que o aumento da presen\u00e7a de ve\u00edculos chineses exige compet\u00eancias cada vez mais especializadas. Foram j\u00e1 lan\u00e7ados cursos espec\u00edficos dedicados a estes modelos, integrados num dos mais completos portef\u00f3lios de forma\u00e7\u00e3o do mercado de p\u00f3s-venda, com mais de 100 a\u00e7\u00f5es dispon\u00edveis em formato presencial e remoto.<\/p>\n<p>Entre as forma\u00e7\u00f5es ativas destaca-se uma monografia t\u00e9cnica dedicada ao MG3 Hybrid+, com oito horas de dura\u00e7\u00e3o, centrada nos componentes de alta tens\u00e3o, transmiss\u00e3o, motor de combust\u00e3o GS62H e principais sistemas de bordo. A forma\u00e7\u00e3o inclui documenta\u00e7\u00e3o t\u00e9cnica, esquemas el\u00e9tricos e certificado de participa\u00e7\u00e3o.<\/p>\n<p>A qualidade da oferta formativa \u00e9 assegurada por uma equipa interna altamente especializada, composta por oito especialistas \u2014 cinco formadores em atividade em toda a It\u00e1lia e tr\u00eas dedicados ao desenvolvimento de conte\u00fados e documenta\u00e7\u00e3o t\u00e9cnica \u2014 garantindo consist\u00eancia e excel\u00eancia a n\u00edvel nacional.<\/p>\n<p>Com esta abordagem integrada, a Magneti Marelli Parts &amp; Services refor\u00e7a a sua capacidade de antecipar tend\u00eancias do mercado, equipando oficinas e profissionais com produtos e conhecimentos atualizados para enfrentar com confian\u00e7a as novas tecnologias provenientes dos fabricantes chineses, assegurando uma oferta completa de pe\u00e7as de qualidade equivalente ao equipamento original.<\/p>\n","protected":false},"excerpt":{"rendered":"<p>A Magneti Marelli Parts &amp; Services&#8230;<\/p>\n","protected":false},"author":15,"featured_media":111184,"comment_status":"closed","ping_status":"closed","sticky":false,"template":"","format":"standard","meta":{"footnotes":""},"categories":[29],"tags":[6259,2248,5766,8701,5951],"class_list":["post-111178","post","type-post","status-publish","format-standard","has-post-thumbnail","hentry","category-empresas","tag-aumento-da-oferta","tag-formacao-tecnica","tag-magneti-marelli-parts-services","tag-marcas-chinesas","tag-mercado-europeu"],"yoast_head":"<!-- This site is optimized with the Yoast SEO plugin v27.4 - https:\/\/yoast.com\/product\/yoast-seo-wordpress\/ -->\n<title>Magneti Marelli alarga oferta para marcas chinesas na Europa - Jornal das Oficinas<\/title>\n<meta name=\"description\" content=\"A Magneti Marelli refor\u00e7ou o seu portf\u00f3lio de pe\u00e7as de substitui\u00e7\u00e3o para responder ao crescimento dos ve\u00edculos de origem chinesa\" \/>\n<meta name=\"robots\" content=\"index, follow, max-snippet:-1, max-image-preview:large, max-video-preview:-1\" \/>\n<link rel=\"canonical\" href=\"https:\/\/jornaldasoficinas.com\/pt\/portugal-entre-os-lideres-europeus-no-factoring-em-2025\/\" \/>\n<meta property=\"og:locale\" content=\"pt_PT\" \/>\n<meta property=\"og:type\" content=\"article\" \/>\n<meta property=\"og:title\" content=\"Magneti Marelli alarga oferta para marcas chinesas na Europa - Jornal das Oficinas\" \/>\n<meta property=\"og:description\" content=\"A Magneti Marelli refor\u00e7ou o seu portf\u00f3lio de pe\u00e7as de substitui\u00e7\u00e3o para responder ao crescimento dos ve\u00edculos de origem chinesa\" \/>\n<meta property=\"og:url\" content=\"https:\/\/jornaldasoficinas.com\/pt\/portugal-entre-os-lideres-europeus-no-factoring-em-2025\/\" \/>\n<meta property=\"og:site_name\" content=\"Jornal das Oficinas\" \/>\n<meta property=\"article:publisher\" content=\"https:\/\/www.facebook.com\/jornaloficinas\" \/>\n<meta property=\"article:published_time\" content=\"2025-12-29T18:00:51+00:00\" \/>\n<meta property=\"og:image\" content=\"https:\/\/jornaldasoficinas.com\/pt\/wp-content\/uploads\/2025\/12\/Magneti-Marelli-alarga-oferta-para-marcas-chinesas-na-Europa.png\" \/>\n\t<meta property=\"og:image:width\" content=\"1024\" \/>\n\t<meta property=\"og:image:height\" content=\"581\" \/>\n\t<meta property=\"og:image:type\" content=\"image\/png\" \/>\n<meta name=\"author\" content=\"Reda\u00e7\u00e3o JO\" \/>\n<meta name=\"twitter:card\" content=\"summary_large_image\" \/>\n<meta name=\"twitter:creator\" content=\"@jornaloficinas\" \/>\n<meta name=\"twitter:site\" content=\"@jornaloficinas\" \/>\n<meta name=\"twitter:label1\" content=\"Escrito por\" \/>\n\t<meta name=\"twitter:data1\" content=\"Reda\u00e7\u00e3o JO\" \/>\n\t<meta name=\"twitter:label2\" content=\"Tempo estimado de leitura\" \/>\n\t<meta name=\"twitter:data2\" content=\"4 minutos\" \/>\n<script type=\"application\/ld+json\" class=\"yoast-schema-graph\">{\"@context\":\"https:\\\/\\\/schema.org\",\"@graph\":[{\"@type\":\"Article\",\"@id\":\"https:\\\/\\\/jornaldasoficinas.com\\\/pt\\\/portugal-entre-os-lideres-europeus-no-factoring-em-2025\\\/#article\",\"isPartOf\":{\"@id\":\"https:\\\/\\\/jornaldasoficinas.com\\\/pt\\\/portugal-entre-os-lideres-europeus-no-factoring-em-2025\\\/\"},\"author\":{\"name\":\"Reda\u00e7\u00e3o JO\",\"@id\":\"https:\\\/\\\/jornaldasoficinas.com\\\/pt\\\/#\\\/schema\\\/person\\\/a38eef5de2c41d9e7c9ac10141afddf3\"},\"headline\":\"Magneti Marelli alarga oferta para marcas chinesas na Europa\",\"datePublished\":\"2025-12-29T18:00:51+00:00\",\"mainEntityOfPage\":{\"@id\":\"https:\\\/\\\/jornaldasoficinas.com\\\/pt\\\/portugal-entre-os-lideres-europeus-no-factoring-em-2025\\\/\"},\"wordCount\":678,\"publisher\":{\"@id\":\"https:\\\/\\\/jornaldasoficinas.com\\\/pt\\\/#organization\"},\"image\":{\"@id\":\"https:\\\/\\\/jornaldasoficinas.com\\\/pt\\\/portugal-entre-os-lideres-europeus-no-factoring-em-2025\\\/#primaryimage\"},\"thumbnailUrl\":\"https:\\\/\\\/jornaldasoficinas.com\\\/pt\\\/wp-content\\\/uploads\\\/2025\\\/12\\\/Magneti-Marelli-alarga-oferta-para-marcas-chinesas-na-Europa.png\",\"keywords\":[\"Aumento da oferta\",\"Forma\u00e7\u00e3o t\u00e9cnica\",\"Magneti Marelli Parts &amp; Services\",\"marcas chinesas\",\"Mercado Europeu\"],\"articleSection\":[\"Empresas\"],\"inLanguage\":\"pt-PT\"},{\"@type\":\"WebPage\",\"@id\":\"https:\\\/\\\/jornaldasoficinas.com\\\/pt\\\/portugal-entre-os-lideres-europeus-no-factoring-em-2025\\\/\",\"url\":\"https:\\\/\\\/jornaldasoficinas.com\\\/pt\\\/portugal-entre-os-lideres-europeus-no-factoring-em-2025\\\/\",\"name\":\"Magneti Marelli alarga oferta para marcas chinesas na Europa - Jornal das Oficinas\",\"isPartOf\":{\"@id\":\"https:\\\/\\\/jornaldasoficinas.com\\\/pt\\\/#website\"},\"primaryImageOfPage\":{\"@id\":\"https:\\\/\\\/jornaldasoficinas.com\\\/pt\\\/portugal-entre-os-lideres-europeus-no-factoring-em-2025\\\/#primaryimage\"},\"image\":{\"@id\":\"https:\\\/\\\/jornaldasoficinas.com\\\/pt\\\/portugal-entre-os-lideres-europeus-no-factoring-em-2025\\\/#primaryimage\"},\"thumbnailUrl\":\"https:\\\/\\\/jornaldasoficinas.com\\\/pt\\\/wp-content\\\/uploads\\\/2025\\\/12\\\/Magneti-Marelli-alarga-oferta-para-marcas-chinesas-na-Europa.png\",\"datePublished\":\"2025-12-29T18:00:51+00:00\",\"description\":\"A Magneti Marelli refor\u00e7ou o seu portf\u00f3lio de pe\u00e7as de substitui\u00e7\u00e3o para responder ao crescimento dos ve\u00edculos de origem chinesa\",\"breadcrumb\":{\"@id\":\"https:\\\/\\\/jornaldasoficinas.com\\\/pt\\\/portugal-entre-os-lideres-europeus-no-factoring-em-2025\\\/#breadcrumb\"},\"inLanguage\":\"pt-PT\",\"potentialAction\":[{\"@type\":\"ReadAction\",\"target\":[\"https:\\\/\\\/jornaldasoficinas.com\\\/pt\\\/portugal-entre-os-lideres-europeus-no-factoring-em-2025\\\/\"]}]},{\"@type\":\"ImageObject\",\"inLanguage\":\"pt-PT\",\"@id\":\"https:\\\/\\\/jornaldasoficinas.com\\\/pt\\\/portugal-entre-os-lideres-europeus-no-factoring-em-2025\\\/#primaryimage\",\"url\":\"https:\\\/\\\/jornaldasoficinas.com\\\/pt\\\/wp-content\\\/uploads\\\/2025\\\/12\\\/Magneti-Marelli-alarga-oferta-para-marcas-chinesas-na-Europa.png\",\"contentUrl\":\"https:\\\/\\\/jornaldasoficinas.com\\\/pt\\\/wp-content\\\/uploads\\\/2025\\\/12\\\/Magneti-Marelli-alarga-oferta-para-marcas-chinesas-na-Europa.png\",\"width\":1024,\"height\":581,\"caption\":\"12 - Magneti Marelli alarga oferta para marcas chinesas na Europa\"},{\"@type\":\"BreadcrumbList\",\"@id\":\"https:\\\/\\\/jornaldasoficinas.com\\\/pt\\\/portugal-entre-os-lideres-europeus-no-factoring-em-2025\\\/#breadcrumb\",\"itemListElement\":[{\"@type\":\"ListItem\",\"position\":1,\"name\":\"In\u00edcio\",\"item\":\"https:\\\/\\\/jornaldasoficinas.com\\\/pt\\\/\"},{\"@type\":\"ListItem\",\"position\":2,\"name\":\"Magneti Marelli alarga oferta para marcas chinesas na Europa\"}]},{\"@type\":\"WebSite\",\"@id\":\"https:\\\/\\\/jornaldasoficinas.com\\\/pt\\\/#website\",\"url\":\"https:\\\/\\\/jornaldasoficinas.com\\\/pt\\\/\",\"name\":\"Jornal das Oficinas\",\"description\":\"Jornal independente do Aftermarket Autom\u00f3vel em Portugal\",\"publisher\":{\"@id\":\"https:\\\/\\\/jornaldasoficinas.com\\\/pt\\\/#organization\"},\"potentialAction\":[{\"@type\":\"SearchAction\",\"target\":{\"@type\":\"EntryPoint\",\"urlTemplate\":\"https:\\\/\\\/jornaldasoficinas.com\\\/pt\\\/?s={search_term_string}\"},\"query-input\":{\"@type\":\"PropertyValueSpecification\",\"valueRequired\":true,\"valueName\":\"search_term_string\"}}],\"inLanguage\":\"pt-PT\"},{\"@type\":\"Organization\",\"@id\":\"https:\\\/\\\/jornaldasoficinas.com\\\/pt\\\/#organization\",\"name\":\"Jornal das Oficinas\",\"url\":\"https:\\\/\\\/jornaldasoficinas.com\\\/pt\\\/\",\"logo\":{\"@type\":\"ImageObject\",\"inLanguage\":\"pt-PT\",\"@id\":\"https:\\\/\\\/jornaldasoficinas.com\\\/pt\\\/#\\\/schema\\\/logo\\\/image\\\/\",\"url\":\"https:\\\/\\\/jornaldasoficinas.com\\\/pt\\\/wp-content\\\/uploads\\\/logoJO-SEO.png\",\"contentUrl\":\"https:\\\/\\\/jornaldasoficinas.com\\\/pt\\\/wp-content\\\/uploads\\\/logoJO-SEO.png\",\"width\":285,\"height\":450,\"caption\":\"Jornal das Oficinas\"},\"image\":{\"@id\":\"https:\\\/\\\/jornaldasoficinas.com\\\/pt\\\/#\\\/schema\\\/logo\\\/image\\\/\"},\"sameAs\":[\"https:\\\/\\\/www.facebook.com\\\/jornaloficinas\",\"https:\\\/\\\/x.com\\\/jornaloficinas\",\"https:\\\/\\\/www.instagram.com\\\/jornal_oficinas\\\/\",\"https:\\\/\\\/www.linkedin.com\\\/company\\\/jornal-das-oficinas\\\/\",\"https:\\\/\\\/www.youtube.com\\\/channel\\\/UCbQZBqtcvV-oSQrr7RzINGg\"]},{\"@type\":\"Person\",\"@id\":\"https:\\\/\\\/jornaldasoficinas.com\\\/pt\\\/#\\\/schema\\\/person\\\/a38eef5de2c41d9e7c9ac10141afddf3\",\"name\":\"Reda\u00e7\u00e3o JO\",\"image\":{\"@type\":\"ImageObject\",\"inLanguage\":\"pt-PT\",\"@id\":\"https:\\\/\\\/secure.gravatar.com\\\/avatar\\\/71f2fa71737ad68a84fea94bc708ddac8ea5b0c4788dc2ad202f3ccb2887742f?s=96&d=wp_user_avatar&r=g\",\"url\":\"https:\\\/\\\/secure.gravatar.com\\\/avatar\\\/71f2fa71737ad68a84fea94bc708ddac8ea5b0c4788dc2ad202f3ccb2887742f?s=96&d=wp_user_avatar&r=g\",\"contentUrl\":\"https:\\\/\\\/secure.gravatar.com\\\/avatar\\\/71f2fa71737ad68a84fea94bc708ddac8ea5b0c4788dc2ad202f3ccb2887742f?s=96&d=wp_user_avatar&r=g\",\"caption\":\"Reda\u00e7\u00e3o JO\"},\"url\":\"https:\\\/\\\/jornaldasoficinas.com\\\/pt\\\/author\\\/joredacao\\\/\"}]}<\/script>\n<!-- \/ Yoast SEO plugin. -->","yoast_head_json":{"title":"Magneti Marelli alarga oferta para marcas chinesas na Europa - Jornal das Oficinas","description":"A Magneti Marelli refor\u00e7ou o seu portf\u00f3lio de pe\u00e7as de substitui\u00e7\u00e3o para responder ao crescimento dos ve\u00edculos de origem chinesa","robots":{"index":"index","follow":"follow","max-snippet":"max-snippet:-1","max-image-preview":"max-image-preview:large","max-video-preview":"max-video-preview:-1"},"canonical":"https:\/\/jornaldasoficinas.com\/pt\/portugal-entre-os-lideres-europeus-no-factoring-em-2025\/","og_locale":"pt_PT","og_type":"article","og_title":"Magneti Marelli alarga oferta para marcas chinesas na Europa - Jornal das Oficinas","og_description":"A Magneti Marelli refor\u00e7ou o seu portf\u00f3lio de pe\u00e7as de substitui\u00e7\u00e3o para responder ao crescimento dos ve\u00edculos de origem chinesa","og_url":"https:\/\/jornaldasoficinas.com\/pt\/portugal-entre-os-lideres-europeus-no-factoring-em-2025\/","og_site_name":"Jornal das Oficinas","article_publisher":"https:\/\/www.facebook.com\/jornaloficinas","article_published_time":"2025-12-29T18:00:51+00:00","og_image":[{"width":1024,"height":581,"url":"https:\/\/jornaldasoficinas.com\/pt\/wp-content\/uploads\/2025\/12\/Magneti-Marelli-alarga-oferta-para-marcas-chinesas-na-Europa.png","type":"image\/png"}],"author":"Reda\u00e7\u00e3o JO","twitter_card":"summary_large_image","twitter_creator":"@jornaloficinas","twitter_site":"@jornaloficinas","twitter_misc":{"Escrito por":"Reda\u00e7\u00e3o JO","Tempo estimado de leitura":"4 minutos"},"schema":{"@context":"https:\/\/schema.org","@graph":[{"@type":"Article","@id":"https:\/\/jornaldasoficinas.com\/pt\/portugal-entre-os-lideres-europeus-no-factoring-em-2025\/#article","isPartOf":{"@id":"https:\/\/jornaldasoficinas.com\/pt\/portugal-entre-os-lideres-europeus-no-factoring-em-2025\/"},"author":{"name":"Reda\u00e7\u00e3o JO","@id":"https:\/\/jornaldasoficinas.com\/pt\/#\/schema\/person\/a38eef5de2c41d9e7c9ac10141afddf3"},"headline":"Magneti Marelli alarga oferta para marcas chinesas na Europa","datePublished":"2025-12-29T18:00:51+00:00","mainEntityOfPage":{"@id":"https:\/\/jornaldasoficinas.com\/pt\/portugal-entre-os-lideres-europeus-no-factoring-em-2025\/"},"wordCount":678,"publisher":{"@id":"https:\/\/jornaldasoficinas.com\/pt\/#organization"},"image":{"@id":"https:\/\/jornaldasoficinas.com\/pt\/portugal-entre-os-lideres-europeus-no-factoring-em-2025\/#primaryimage"},"thumbnailUrl":"https:\/\/jornaldasoficinas.com\/pt\/wp-content\/uploads\/2025\/12\/Magneti-Marelli-alarga-oferta-para-marcas-chinesas-na-Europa.png","keywords":["Aumento da oferta","Forma\u00e7\u00e3o t\u00e9cnica","Magneti Marelli Parts &amp; Services","marcas chinesas","Mercado Europeu"],"articleSection":["Empresas"],"inLanguage":"pt-PT"},{"@type":"WebPage","@id":"https:\/\/jornaldasoficinas.com\/pt\/portugal-entre-os-lideres-europeus-no-factoring-em-2025\/","url":"https:\/\/jornaldasoficinas.com\/pt\/portugal-entre-os-lideres-europeus-no-factoring-em-2025\/","name":"Magneti Marelli alarga oferta para marcas chinesas na Europa - Jornal das Oficinas","isPartOf":{"@id":"https:\/\/jornaldasoficinas.com\/pt\/#website"},"primaryImageOfPage":{"@id":"https:\/\/jornaldasoficinas.com\/pt\/portugal-entre-os-lideres-europeus-no-factoring-em-2025\/#primaryimage"},"image":{"@id":"https:\/\/jornaldasoficinas.com\/pt\/portugal-entre-os-lideres-europeus-no-factoring-em-2025\/#primaryimage"},"thumbnailUrl":"https:\/\/jornaldasoficinas.com\/pt\/wp-content\/uploads\/2025\/12\/Magneti-Marelli-alarga-oferta-para-marcas-chinesas-na-Europa.png","datePublished":"2025-12-29T18:00:51+00:00","description":"A Magneti Marelli refor\u00e7ou o seu portf\u00f3lio de pe\u00e7as de substitui\u00e7\u00e3o para responder ao crescimento dos ve\u00edculos de origem chinesa","breadcrumb":{"@id":"https:\/\/jornaldasoficinas.com\/pt\/portugal-entre-os-lideres-europeus-no-factoring-em-2025\/#breadcrumb"},"inLanguage":"pt-PT","potentialAction":[{"@type":"ReadAction","target":["https:\/\/jornaldasoficinas.com\/pt\/portugal-entre-os-lideres-europeus-no-factoring-em-2025\/"]}]},{"@type":"ImageObject","inLanguage":"pt-PT","@id":"https:\/\/jornaldasoficinas.com\/pt\/portugal-entre-os-lideres-europeus-no-factoring-em-2025\/#primaryimage","url":"https:\/\/jornaldasoficinas.com\/pt\/wp-content\/uploads\/2025\/12\/Magneti-Marelli-alarga-oferta-para-marcas-chinesas-na-Europa.png","contentUrl":"https:\/\/jornaldasoficinas.com\/pt\/wp-content\/uploads\/2025\/12\/Magneti-Marelli-alarga-oferta-para-marcas-chinesas-na-Europa.png","width":1024,"height":581,"caption":"12 - Magneti Marelli alarga oferta para marcas chinesas na Europa"},{"@type":"BreadcrumbList","@id":"https:\/\/jornaldasoficinas.com\/pt\/portugal-entre-os-lideres-europeus-no-factoring-em-2025\/#breadcrumb","itemListElement":[{"@type":"ListItem","position":1,"name":"In\u00edcio","item":"https:\/\/jornaldasoficinas.com\/pt\/"},{"@type":"ListItem","position":2,"name":"Magneti Marelli alarga oferta para marcas chinesas na Europa"}]},{"@type":"WebSite","@id":"https:\/\/jornaldasoficinas.com\/pt\/#website","url":"https:\/\/jornaldasoficinas.com\/pt\/","name":"Jornal das Oficinas","description":"Jornal independente do Aftermarket Autom\u00f3vel em Portugal","publisher":{"@id":"https:\/\/jornaldasoficinas.com\/pt\/#organization"},"potentialAction":[{"@type":"SearchAction","target":{"@type":"EntryPoint","urlTemplate":"https:\/\/jornaldasoficinas.com\/pt\/?s={search_term_string}"},"query-input":{"@type":"PropertyValueSpecification","valueRequired":true,"valueName":"search_term_string"}}],"inLanguage":"pt-PT"},{"@type":"Organization","@id":"https:\/\/jornaldasoficinas.com\/pt\/#organization","name":"Jornal das Oficinas","url":"https:\/\/jornaldasoficinas.com\/pt\/","logo":{"@type":"ImageObject","inLanguage":"pt-PT","@id":"https:\/\/jornaldasoficinas.com\/pt\/#\/schema\/logo\/image\/","url":"https:\/\/jornaldasoficinas.com\/pt\/wp-content\/uploads\/logoJO-SEO.png","contentUrl":"https:\/\/jornaldasoficinas.com\/pt\/wp-content\/uploads\/logoJO-SEO.png","width":285,"height":450,"caption":"Jornal das Oficinas"},"image":{"@id":"https:\/\/jornaldasoficinas.com\/pt\/#\/schema\/logo\/image\/"},"sameAs":["https:\/\/www.facebook.com\/jornaloficinas","https:\/\/x.com\/jornaloficinas","https:\/\/www.instagram.com\/jornal_oficinas\/","https:\/\/www.linkedin.com\/company\/jornal-das-oficinas\/","https:\/\/www.youtube.com\/channel\/UCbQZBqtcvV-oSQrr7RzINGg"]},{"@type":"Person","@id":"https:\/\/jornaldasoficinas.com\/pt\/#\/schema\/person\/a38eef5de2c41d9e7c9ac10141afddf3","name":"Reda\u00e7\u00e3o JO","image":{"@type":"ImageObject","inLanguage":"pt-PT","@id":"https:\/\/secure.gravatar.com\/avatar\/71f2fa71737ad68a84fea94bc708ddac8ea5b0c4788dc2ad202f3ccb2887742f?s=96&d=wp_user_avatar&r=g","url":"https:\/\/secure.gravatar.com\/avatar\/71f2fa71737ad68a84fea94bc708ddac8ea5b0c4788dc2ad202f3ccb2887742f?s=96&d=wp_user_avatar&r=g","contentUrl":"https:\/\/secure.gravatar.com\/avatar\/71f2fa71737ad68a84fea94bc708ddac8ea5b0c4788dc2ad202f3ccb2887742f?s=96&d=wp_user_avatar&r=g","caption":"Reda\u00e7\u00e3o JO"},"url":"https:\/\/jornaldasoficinas.com\/pt\/author\/joredacao\/"}]}},"_links":{"self":[{"href":"https:\/\/jornaldasoficinas.com\/pt\/wp-json\/wp\/v2\/posts\/111178","targetHints":{"allow":["GET"]}}],"collection":[{"href":"https:\/\/jornaldasoficinas.com\/pt\/wp-json\/wp\/v2\/posts"}],"about":[{"href":"https:\/\/jornaldasoficinas.com\/pt\/wp-json\/wp\/v2\/types\/post"}],"author":[{"embeddable":true,"href":"https:\/\/jornaldasoficinas.com\/pt\/wp-json\/wp\/v2\/users\/15"}],"replies":[{"embeddable":true,"href":"https:\/\/jornaldasoficinas.com\/pt\/wp-json\/wp\/v2\/comments?post=111178"}],"version-history":[{"count":5,"href":"https:\/\/jornaldasoficinas.com\/pt\/wp-json\/wp\/v2\/posts\/111178\/revisions"}],"predecessor-version":[{"id":111185,"href":"https:\/\/jornaldasoficinas.com\/pt\/wp-json\/wp\/v2\/posts\/111178\/revisions\/111185"}],"wp:featuredmedia":[{"embeddable":true,"href":"https:\/\/jornaldasoficinas.com\/pt\/wp-json\/wp\/v2\/media\/111184"}],"wp:attachment":[{"href":"https:\/\/jornaldasoficinas.com\/pt\/wp-json\/wp\/v2\/media?parent=111178"}],"wp:term":[{"taxonomy":"category","embeddable":true,"href":"https:\/\/jornaldasoficinas.com\/pt\/wp-json\/wp\/v2\/categories?post=111178"},{"taxonomy":"post_tag","embeddable":true,"href":"https:\/\/jornaldasoficinas.com\/pt\/wp-json\/wp\/v2\/tags?post=111178"}],"curies":[{"name":"wp","href":"https:\/\/api.w.org\/{rel}","templated":true}]}}