{"id":111186,"date":"2025-12-30T12:30:18","date_gmt":"2025-12-30T12:30:18","guid":{"rendered":"https:\/\/jornaldasoficinas.com\/pt\/?p=111186"},"modified":"2025-12-26T15:33:38","modified_gmt":"2025-12-26T15:33:38","slug":"bosch-aposta-no-software-para-redefinir-a-seguranca-automovel","status":"publish","type":"post","link":"https:\/\/jornaldasoficinas.com\/pt\/bosch-aposta-no-software-para-redefinir-a-seguranca-automovel\/","title":{"rendered":"Bosch aposta no software para redefinir a seguran\u00e7a autom\u00f3vel"},"content":{"rendered":"<p><strong><img loading=\"lazy\" decoding=\"async\" class=\"alignnone size-full wp-image-111196\" src=\"https:\/\/jornaldasoficinas.com\/pt\/wp-content\/uploads\/2025\/12\/Bosch-aposta-no-software-para-redefinir-a-seguranca-automovel.jpg\" alt=\"12 - Bosch aposta no software para redefinir a seguranca automovel\" width=\"1024\" height=\"581\" srcset=\"https:\/\/jornaldasoficinas.com\/pt\/wp-content\/uploads\/2025\/12\/Bosch-aposta-no-software-para-redefinir-a-seguranca-automovel.jpg 1024w, https:\/\/jornaldasoficinas.com\/pt\/wp-content\/uploads\/2025\/12\/Bosch-aposta-no-software-para-redefinir-a-seguranca-automovel-300x170.jpg 300w, https:\/\/jornaldasoficinas.com\/pt\/wp-content\/uploads\/2025\/12\/Bosch-aposta-no-software-para-redefinir-a-seguranca-automovel-150x85.jpg 150w, https:\/\/jornaldasoficinas.com\/pt\/wp-content\/uploads\/2025\/12\/Bosch-aposta-no-software-para-redefinir-a-seguranca-automovel-768x436.jpg 768w\" sizes=\"auto, (max-width: 1024px) 100vw, 1024px\" \/><\/strong><\/p>\n<p><strong>A <a href=\"https:\/\/www.bosch.pt\/\" target=\"_blank\" rel=\"noopener\">Bosch<\/a> est\u00e1 a acelerar a transi\u00e7\u00e3o para o ve\u00edculo definido por software, apostando numa nova gera\u00e7\u00e3o de tecnologias que prometem elevar a seguran\u00e7a rodovi\u00e1ria, reduzir acidentes e permitir atualiza\u00e7\u00f5es cont\u00ednuas ao longo de toda a vida \u00fatil do autom\u00f3vel<\/strong><\/p>\n<p>A Bosch est\u00e1 a redefinir a seguran\u00e7a autom\u00f3vel com uma nova gera\u00e7\u00e3o de sistemas baseados em software, impulsionando o conceito de ve\u00edculo definido por software (Software Defined Vehicle \u2013 SDV). Este modelo permite gerir de forma centralizada a maioria das fun\u00e7\u00f5es do autom\u00f3vel e atualiz\u00e1-las continuamente, acompanhando a crescente implementa\u00e7\u00e3o dos sistemas avan\u00e7ados de assist\u00eancia \u00e0 condu\u00e7\u00e3o (ADAS), que est\u00e3o a transformar a prote\u00e7\u00e3o dos ocupantes e a experi\u00eancia de mobilidade.<\/p>\n<p>A obrigatoriedade, desde junho de 2024, de v\u00e1rios sistemas ADAS em todos os ve\u00edculos de nova matr\u00edcula na Uni\u00e3o Europeia acelerou esta mudan\u00e7a. Estudos realizados no \u00e2mbito do projeto VIDAS, desenvolvido pela Bosch em conjunto com a Fesvial, indicam que a generaliza\u00e7\u00e3o destas tecnologias pode evitar at\u00e9 40% dos acidentes rodovi\u00e1rios e 29% das mortes nas estradas. Este impacto ser\u00e1 refor\u00e7ado com a ado\u00e7\u00e3o do SDV, no qual o software assume um papel central na gest\u00e3o eletr\u00f3nica do ve\u00edculo.<\/p>\n<p>No conceito de ve\u00edculo definido por software, o software funciona como o &#8220;c\u00e9rebro&#8221; do autom\u00f3vel, coordenando motor, transmiss\u00e3o, trav\u00f5es, suspens\u00e3o, dire\u00e7\u00e3o, infoentretenimento, conectividade e sistemas de seguran\u00e7a. A Bosch promove esta arquitetura atrav\u00e9s da integra\u00e7\u00e3o de sensores, atuadores e unidades eletr\u00f3nicas ligadas por redes internas de alta velocidade, permitindo uma gest\u00e3o mais eficiente e centralizada. Esta abordagem facilita ainda a introdu\u00e7\u00e3o de novas fun\u00e7\u00f5es por via de atualiza\u00e7\u00f5es remotas, sem necessidade de interven\u00e7\u00f5es f\u00edsicas no ve\u00edculo.<\/p>\n<p>Entre as solu\u00e7\u00f5es desenvolvidas destaca-se o Vehicle Motion Management (VMM), que coordena de forma inteligente sistemas como travagem, dire\u00e7\u00e3o, chassis e propuls\u00e3o, com o objetivo de otimizar a estabilidade, a efici\u00eancia e a seguran\u00e7a. A centraliza\u00e7\u00e3o das fun\u00e7\u00f5es em software permite tamb\u00e9m encurtar os ciclos de desenvolvimento, reduzir custos e acelerar a inova\u00e7\u00e3o, apoiando os fabricantes na transi\u00e7\u00e3o para modelos digitais mais \u00e1geis.<\/p>\n<p>As atualiza\u00e7\u00f5es over-the-air (OTA), suportadas pelas solu\u00e7\u00f5es cloud da Bosch, permitem melhorar continuamente sistemas como a travagem autom\u00e1tica de emerg\u00eancia, a manuten\u00e7\u00e3o na faixa, o reconhecimento de sinais ou a prote\u00e7\u00e3o contra ciberataques. Desta forma, os ve\u00edculos mant\u00eam \u2014 e at\u00e9 refor\u00e7am \u2014 os seus n\u00edveis de seguran\u00e7a ao longo do tempo, sem necessidade de desloca\u00e7\u00e3o a oficinas.<\/p>\n<p>A nova abordagem estende-se igualmente aos sensores inteligentes. Um exemplo \u00e9 o sensor SMP290, baseado em tecnologia MEMS e integrado com Bluetooth Low Energy, que combina medi\u00e7\u00e3o de press\u00e3o, temperatura e acelera\u00e7\u00e3o num \u00fanico chip com capacidade de atualiza\u00e7\u00e3o remota. Esta inova\u00e7\u00e3o simplifica a arquitetura do ve\u00edculo, melhora a efici\u00eancia energ\u00e9tica e refor\u00e7a a seguran\u00e7a ativa atrav\u00e9s da monitoriza\u00e7\u00e3o precisa do estado dos pneus.<\/p>\n<p>Com o aumento da conectividade, a ciberseguran\u00e7a tornou-se uma prioridade estrat\u00e9gica. A Bosch integra medidas avan\u00e7adas de prote\u00e7\u00e3o desde a fase de desenvolvimento, incluindo dete\u00e7\u00e3o de intrus\u00f5es, gest\u00e3o segura do software e prote\u00e7\u00e3o das comunica\u00e7\u00f5es internas e externas, garantindo a integridade dos sistemas ADAS e das atualiza\u00e7\u00f5es remotas.<\/p>\n<p>A estrat\u00e9gia do ve\u00edculo definido por software enquadra-se no plano global da Bosch para impulsionar a condu\u00e7\u00e3o assistida e automatizada. A empresa prev\u00ea duplicar, at\u00e9 meados da pr\u00f3xima d\u00e9cada, as vendas de software, sensores, computadores de bordo e componentes de rede, ultrapassando os 10 mil milh\u00f5es de euros em solu\u00e7\u00f5es baseadas em intelig\u00eancia artificial. Num mercado de software autom\u00f3vel que poder\u00e1 triplicar at\u00e9 2030, a Bosch posiciona-se como um dos principais protagonistas desta transforma\u00e7\u00e3o tecnol\u00f3gica.<\/p>\n","protected":false},"excerpt":{"rendered":"<p>A Bosch est\u00e1 a acelerar a&#8230;<\/p>\n","protected":false},"author":15,"featured_media":111196,"comment_status":"closed","ping_status":"closed","sticky":false,"template":"","format":"standard","meta":{"footnotes":""},"categories":[29],"tags":[123,14280,3563,5554,8490],"class_list":["post-111186","post","type-post","status-publish","format-standard","has-post-thumbnail","hentry","category-empresas","tag-bosch","tag-nova-geracao-de-tecnologia","tag-seguranca-rodoviaria","tag-sistemas-adas","tag-software-automovel"],"yoast_head":"<!-- This site is optimized with the Yoast SEO plugin v27.5 - https:\/\/yoast.com\/product\/yoast-seo-wordpress\/ -->\n<title>Bosch aposta no software para redefinir a seguran\u00e7a autom\u00f3vel - Jornal das Oficinas<\/title>\n<meta name=\"description\" content=\"A Bosch est\u00e1 a acelerar a transi\u00e7\u00e3o para o ve\u00edculo definido por software apostando numa nova gera\u00e7\u00e3o de tecnologias que elevam a seguran\u00e7a\" \/>\n<meta name=\"robots\" content=\"index, follow, max-snippet:-1, max-image-preview:large, max-video-preview:-1\" \/>\n<link rel=\"canonical\" href=\"https:\/\/jornaldasoficinas.com\/pt\/bosch-aposta-no-software-para-redefinir-a-seguranca-automovel\/\" \/>\n<meta property=\"og:locale\" content=\"pt_PT\" \/>\n<meta property=\"og:type\" content=\"article\" \/>\n<meta property=\"og:title\" content=\"Bosch aposta no software para redefinir a seguran\u00e7a autom\u00f3vel - Jornal das Oficinas\" \/>\n<meta property=\"og:description\" content=\"A Bosch est\u00e1 a acelerar a transi\u00e7\u00e3o para o ve\u00edculo definido por software apostando numa nova gera\u00e7\u00e3o de tecnologias que elevam a seguran\u00e7a\" \/>\n<meta property=\"og:url\" content=\"https:\/\/jornaldasoficinas.com\/pt\/bosch-aposta-no-software-para-redefinir-a-seguranca-automovel\/\" \/>\n<meta property=\"og:site_name\" content=\"Jornal das Oficinas\" \/>\n<meta property=\"article:publisher\" content=\"https:\/\/www.facebook.com\/jornaloficinas\" \/>\n<meta property=\"article:published_time\" content=\"2025-12-30T12:30:18+00:00\" \/>\n<meta property=\"og:image\" content=\"https:\/\/jornaldasoficinas.com\/pt\/wp-content\/uploads\/2025\/12\/Bosch-aposta-no-software-para-redefinir-a-seguranca-automovel.jpg\" \/>\n\t<meta property=\"og:image:width\" content=\"1024\" \/>\n\t<meta property=\"og:image:height\" content=\"581\" \/>\n\t<meta property=\"og:image:type\" content=\"image\/jpeg\" \/>\n<meta name=\"author\" content=\"Reda\u00e7\u00e3o JO\" \/>\n<meta name=\"twitter:card\" content=\"summary_large_image\" \/>\n<meta name=\"twitter:creator\" content=\"@jornaloficinas\" \/>\n<meta name=\"twitter:site\" content=\"@jornaloficinas\" \/>\n<meta name=\"twitter:label1\" content=\"Escrito por\" \/>\n\t<meta name=\"twitter:data1\" content=\"Reda\u00e7\u00e3o JO\" \/>\n\t<meta name=\"twitter:label2\" content=\"Tempo estimado de leitura\" \/>\n\t<meta name=\"twitter:data2\" content=\"4 minutos\" \/>\n<script type=\"application\/ld+json\" class=\"yoast-schema-graph\">{\"@context\":\"https:\\\/\\\/schema.org\",\"@graph\":[{\"@type\":\"Article\",\"@id\":\"https:\\\/\\\/jornaldasoficinas.com\\\/pt\\\/bosch-aposta-no-software-para-redefinir-a-seguranca-automovel\\\/#article\",\"isPartOf\":{\"@id\":\"https:\\\/\\\/jornaldasoficinas.com\\\/pt\\\/bosch-aposta-no-software-para-redefinir-a-seguranca-automovel\\\/\"},\"author\":{\"name\":\"Reda\u00e7\u00e3o JO\",\"@id\":\"https:\\\/\\\/jornaldasoficinas.com\\\/pt\\\/#\\\/schema\\\/person\\\/a38eef5de2c41d9e7c9ac10141afddf3\"},\"headline\":\"Bosch aposta no software para redefinir a seguran\u00e7a autom\u00f3vel\",\"datePublished\":\"2025-12-30T12:30:18+00:00\",\"mainEntityOfPage\":{\"@id\":\"https:\\\/\\\/jornaldasoficinas.com\\\/pt\\\/bosch-aposta-no-software-para-redefinir-a-seguranca-automovel\\\/\"},\"wordCount\":682,\"publisher\":{\"@id\":\"https:\\\/\\\/jornaldasoficinas.com\\\/pt\\\/#organization\"},\"image\":{\"@id\":\"https:\\\/\\\/jornaldasoficinas.com\\\/pt\\\/bosch-aposta-no-software-para-redefinir-a-seguranca-automovel\\\/#primaryimage\"},\"thumbnailUrl\":\"https:\\\/\\\/jornaldasoficinas.com\\\/pt\\\/wp-content\\\/uploads\\\/2025\\\/12\\\/Bosch-aposta-no-software-para-redefinir-a-seguranca-automovel.jpg\",\"keywords\":[\"Bosch\",\"nova gera\u00e7\u00e3o de tecnologia\",\"Seguran\u00e7a rodovi\u00e1ria\",\"sistemas ADAS\",\"software autom\u00f3vel\"],\"articleSection\":[\"Empresas\"],\"inLanguage\":\"pt-PT\"},{\"@type\":\"WebPage\",\"@id\":\"https:\\\/\\\/jornaldasoficinas.com\\\/pt\\\/bosch-aposta-no-software-para-redefinir-a-seguranca-automovel\\\/\",\"url\":\"https:\\\/\\\/jornaldasoficinas.com\\\/pt\\\/bosch-aposta-no-software-para-redefinir-a-seguranca-automovel\\\/\",\"name\":\"Bosch aposta no software para redefinir a seguran\u00e7a autom\u00f3vel - Jornal das Oficinas\",\"isPartOf\":{\"@id\":\"https:\\\/\\\/jornaldasoficinas.com\\\/pt\\\/#website\"},\"primaryImageOfPage\":{\"@id\":\"https:\\\/\\\/jornaldasoficinas.com\\\/pt\\\/bosch-aposta-no-software-para-redefinir-a-seguranca-automovel\\\/#primaryimage\"},\"image\":{\"@id\":\"https:\\\/\\\/jornaldasoficinas.com\\\/pt\\\/bosch-aposta-no-software-para-redefinir-a-seguranca-automovel\\\/#primaryimage\"},\"thumbnailUrl\":\"https:\\\/\\\/jornaldasoficinas.com\\\/pt\\\/wp-content\\\/uploads\\\/2025\\\/12\\\/Bosch-aposta-no-software-para-redefinir-a-seguranca-automovel.jpg\",\"datePublished\":\"2025-12-30T12:30:18+00:00\",\"description\":\"A Bosch est\u00e1 a acelerar a transi\u00e7\u00e3o para o ve\u00edculo definido por software apostando numa nova gera\u00e7\u00e3o de tecnologias que elevam a seguran\u00e7a\",\"breadcrumb\":{\"@id\":\"https:\\\/\\\/jornaldasoficinas.com\\\/pt\\\/bosch-aposta-no-software-para-redefinir-a-seguranca-automovel\\\/#breadcrumb\"},\"inLanguage\":\"pt-PT\",\"potentialAction\":[{\"@type\":\"ReadAction\",\"target\":[\"https:\\\/\\\/jornaldasoficinas.com\\\/pt\\\/bosch-aposta-no-software-para-redefinir-a-seguranca-automovel\\\/\"]}]},{\"@type\":\"ImageObject\",\"inLanguage\":\"pt-PT\",\"@id\":\"https:\\\/\\\/jornaldasoficinas.com\\\/pt\\\/bosch-aposta-no-software-para-redefinir-a-seguranca-automovel\\\/#primaryimage\",\"url\":\"https:\\\/\\\/jornaldasoficinas.com\\\/pt\\\/wp-content\\\/uploads\\\/2025\\\/12\\\/Bosch-aposta-no-software-para-redefinir-a-seguranca-automovel.jpg\",\"contentUrl\":\"https:\\\/\\\/jornaldasoficinas.com\\\/pt\\\/wp-content\\\/uploads\\\/2025\\\/12\\\/Bosch-aposta-no-software-para-redefinir-a-seguranca-automovel.jpg\",\"width\":1024,\"height\":581,\"caption\":\"12 - Bosch aposta no software para redefinir a seguranca automovel\"},{\"@type\":\"BreadcrumbList\",\"@id\":\"https:\\\/\\\/jornaldasoficinas.com\\\/pt\\\/bosch-aposta-no-software-para-redefinir-a-seguranca-automovel\\\/#breadcrumb\",\"itemListElement\":[{\"@type\":\"ListItem\",\"position\":1,\"name\":\"In\u00edcio\",\"item\":\"https:\\\/\\\/jornaldasoficinas.com\\\/pt\\\/\"},{\"@type\":\"ListItem\",\"position\":2,\"name\":\"Bosch aposta no software para redefinir a seguran\u00e7a autom\u00f3vel\"}]},{\"@type\":\"WebSite\",\"@id\":\"https:\\\/\\\/jornaldasoficinas.com\\\/pt\\\/#website\",\"url\":\"https:\\\/\\\/jornaldasoficinas.com\\\/pt\\\/\",\"name\":\"Jornal das Oficinas\",\"description\":\"Jornal independente do Aftermarket Autom\u00f3vel em Portugal\",\"publisher\":{\"@id\":\"https:\\\/\\\/jornaldasoficinas.com\\\/pt\\\/#organization\"},\"potentialAction\":[{\"@type\":\"SearchAction\",\"target\":{\"@type\":\"EntryPoint\",\"urlTemplate\":\"https:\\\/\\\/jornaldasoficinas.com\\\/pt\\\/?s={search_term_string}\"},\"query-input\":{\"@type\":\"PropertyValueSpecification\",\"valueRequired\":true,\"valueName\":\"search_term_string\"}}],\"inLanguage\":\"pt-PT\"},{\"@type\":\"Organization\",\"@id\":\"https:\\\/\\\/jornaldasoficinas.com\\\/pt\\\/#organization\",\"name\":\"Jornal das Oficinas\",\"url\":\"https:\\\/\\\/jornaldasoficinas.com\\\/pt\\\/\",\"logo\":{\"@type\":\"ImageObject\",\"inLanguage\":\"pt-PT\",\"@id\":\"https:\\\/\\\/jornaldasoficinas.com\\\/pt\\\/#\\\/schema\\\/logo\\\/image\\\/\",\"url\":\"https:\\\/\\\/jornaldasoficinas.com\\\/pt\\\/wp-content\\\/uploads\\\/logoJO-SEO.png\",\"contentUrl\":\"https:\\\/\\\/jornaldasoficinas.com\\\/pt\\\/wp-content\\\/uploads\\\/logoJO-SEO.png\",\"width\":285,\"height\":450,\"caption\":\"Jornal das Oficinas\"},\"image\":{\"@id\":\"https:\\\/\\\/jornaldasoficinas.com\\\/pt\\\/#\\\/schema\\\/logo\\\/image\\\/\"},\"sameAs\":[\"https:\\\/\\\/www.facebook.com\\\/jornaloficinas\",\"https:\\\/\\\/x.com\\\/jornaloficinas\",\"https:\\\/\\\/www.instagram.com\\\/jornal_oficinas\\\/\",\"https:\\\/\\\/www.linkedin.com\\\/company\\\/jornal-das-oficinas\\\/\",\"https:\\\/\\\/www.youtube.com\\\/channel\\\/UCbQZBqtcvV-oSQrr7RzINGg\"]},{\"@type\":\"Person\",\"@id\":\"https:\\\/\\\/jornaldasoficinas.com\\\/pt\\\/#\\\/schema\\\/person\\\/a38eef5de2c41d9e7c9ac10141afddf3\",\"name\":\"Reda\u00e7\u00e3o JO\",\"image\":{\"@type\":\"ImageObject\",\"inLanguage\":\"pt-PT\",\"@id\":\"https:\\\/\\\/secure.gravatar.com\\\/avatar\\\/71f2fa71737ad68a84fea94bc708ddac8ea5b0c4788dc2ad202f3ccb2887742f?s=96&d=wp_user_avatar&r=g\",\"url\":\"https:\\\/\\\/secure.gravatar.com\\\/avatar\\\/71f2fa71737ad68a84fea94bc708ddac8ea5b0c4788dc2ad202f3ccb2887742f?s=96&d=wp_user_avatar&r=g\",\"contentUrl\":\"https:\\\/\\\/secure.gravatar.com\\\/avatar\\\/71f2fa71737ad68a84fea94bc708ddac8ea5b0c4788dc2ad202f3ccb2887742f?s=96&d=wp_user_avatar&r=g\",\"caption\":\"Reda\u00e7\u00e3o JO\"},\"url\":\"https:\\\/\\\/jornaldasoficinas.com\\\/pt\\\/author\\\/joredacao\\\/\"}]}<\/script>\n<!-- \/ Yoast SEO plugin. -->","yoast_head_json":{"title":"Bosch aposta no software para redefinir a seguran\u00e7a autom\u00f3vel - Jornal das Oficinas","description":"A Bosch est\u00e1 a acelerar a transi\u00e7\u00e3o para o ve\u00edculo definido por software apostando numa nova gera\u00e7\u00e3o de tecnologias que elevam a seguran\u00e7a","robots":{"index":"index","follow":"follow","max-snippet":"max-snippet:-1","max-image-preview":"max-image-preview:large","max-video-preview":"max-video-preview:-1"},"canonical":"https:\/\/jornaldasoficinas.com\/pt\/bosch-aposta-no-software-para-redefinir-a-seguranca-automovel\/","og_locale":"pt_PT","og_type":"article","og_title":"Bosch aposta no software para redefinir a seguran\u00e7a autom\u00f3vel - Jornal das Oficinas","og_description":"A Bosch est\u00e1 a acelerar a transi\u00e7\u00e3o para o ve\u00edculo definido por software apostando numa nova gera\u00e7\u00e3o de tecnologias que elevam a seguran\u00e7a","og_url":"https:\/\/jornaldasoficinas.com\/pt\/bosch-aposta-no-software-para-redefinir-a-seguranca-automovel\/","og_site_name":"Jornal das Oficinas","article_publisher":"https:\/\/www.facebook.com\/jornaloficinas","article_published_time":"2025-12-30T12:30:18+00:00","og_image":[{"width":1024,"height":581,"url":"https:\/\/jornaldasoficinas.com\/pt\/wp-content\/uploads\/2025\/12\/Bosch-aposta-no-software-para-redefinir-a-seguranca-automovel.jpg","type":"image\/jpeg"}],"author":"Reda\u00e7\u00e3o JO","twitter_card":"summary_large_image","twitter_creator":"@jornaloficinas","twitter_site":"@jornaloficinas","twitter_misc":{"Escrito por":"Reda\u00e7\u00e3o JO","Tempo estimado de leitura":"4 minutos"},"schema":{"@context":"https:\/\/schema.org","@graph":[{"@type":"Article","@id":"https:\/\/jornaldasoficinas.com\/pt\/bosch-aposta-no-software-para-redefinir-a-seguranca-automovel\/#article","isPartOf":{"@id":"https:\/\/jornaldasoficinas.com\/pt\/bosch-aposta-no-software-para-redefinir-a-seguranca-automovel\/"},"author":{"name":"Reda\u00e7\u00e3o JO","@id":"https:\/\/jornaldasoficinas.com\/pt\/#\/schema\/person\/a38eef5de2c41d9e7c9ac10141afddf3"},"headline":"Bosch aposta no software para redefinir a seguran\u00e7a autom\u00f3vel","datePublished":"2025-12-30T12:30:18+00:00","mainEntityOfPage":{"@id":"https:\/\/jornaldasoficinas.com\/pt\/bosch-aposta-no-software-para-redefinir-a-seguranca-automovel\/"},"wordCount":682,"publisher":{"@id":"https:\/\/jornaldasoficinas.com\/pt\/#organization"},"image":{"@id":"https:\/\/jornaldasoficinas.com\/pt\/bosch-aposta-no-software-para-redefinir-a-seguranca-automovel\/#primaryimage"},"thumbnailUrl":"https:\/\/jornaldasoficinas.com\/pt\/wp-content\/uploads\/2025\/12\/Bosch-aposta-no-software-para-redefinir-a-seguranca-automovel.jpg","keywords":["Bosch","nova gera\u00e7\u00e3o de tecnologia","Seguran\u00e7a rodovi\u00e1ria","sistemas ADAS","software autom\u00f3vel"],"articleSection":["Empresas"],"inLanguage":"pt-PT"},{"@type":"WebPage","@id":"https:\/\/jornaldasoficinas.com\/pt\/bosch-aposta-no-software-para-redefinir-a-seguranca-automovel\/","url":"https:\/\/jornaldasoficinas.com\/pt\/bosch-aposta-no-software-para-redefinir-a-seguranca-automovel\/","name":"Bosch aposta no software para redefinir a seguran\u00e7a autom\u00f3vel - Jornal das Oficinas","isPartOf":{"@id":"https:\/\/jornaldasoficinas.com\/pt\/#website"},"primaryImageOfPage":{"@id":"https:\/\/jornaldasoficinas.com\/pt\/bosch-aposta-no-software-para-redefinir-a-seguranca-automovel\/#primaryimage"},"image":{"@id":"https:\/\/jornaldasoficinas.com\/pt\/bosch-aposta-no-software-para-redefinir-a-seguranca-automovel\/#primaryimage"},"thumbnailUrl":"https:\/\/jornaldasoficinas.com\/pt\/wp-content\/uploads\/2025\/12\/Bosch-aposta-no-software-para-redefinir-a-seguranca-automovel.jpg","datePublished":"2025-12-30T12:30:18+00:00","description":"A Bosch est\u00e1 a acelerar a transi\u00e7\u00e3o para o ve\u00edculo definido por software apostando numa nova gera\u00e7\u00e3o de tecnologias que elevam a seguran\u00e7a","breadcrumb":{"@id":"https:\/\/jornaldasoficinas.com\/pt\/bosch-aposta-no-software-para-redefinir-a-seguranca-automovel\/#breadcrumb"},"inLanguage":"pt-PT","potentialAction":[{"@type":"ReadAction","target":["https:\/\/jornaldasoficinas.com\/pt\/bosch-aposta-no-software-para-redefinir-a-seguranca-automovel\/"]}]},{"@type":"ImageObject","inLanguage":"pt-PT","@id":"https:\/\/jornaldasoficinas.com\/pt\/bosch-aposta-no-software-para-redefinir-a-seguranca-automovel\/#primaryimage","url":"https:\/\/jornaldasoficinas.com\/pt\/wp-content\/uploads\/2025\/12\/Bosch-aposta-no-software-para-redefinir-a-seguranca-automovel.jpg","contentUrl":"https:\/\/jornaldasoficinas.com\/pt\/wp-content\/uploads\/2025\/12\/Bosch-aposta-no-software-para-redefinir-a-seguranca-automovel.jpg","width":1024,"height":581,"caption":"12 - Bosch aposta no software para redefinir a seguranca automovel"},{"@type":"BreadcrumbList","@id":"https:\/\/jornaldasoficinas.com\/pt\/bosch-aposta-no-software-para-redefinir-a-seguranca-automovel\/#breadcrumb","itemListElement":[{"@type":"ListItem","position":1,"name":"In\u00edcio","item":"https:\/\/jornaldasoficinas.com\/pt\/"},{"@type":"ListItem","position":2,"name":"Bosch aposta no software para redefinir a seguran\u00e7a autom\u00f3vel"}]},{"@type":"WebSite","@id":"https:\/\/jornaldasoficinas.com\/pt\/#website","url":"https:\/\/jornaldasoficinas.com\/pt\/","name":"Jornal das Oficinas","description":"Jornal independente do Aftermarket Autom\u00f3vel em Portugal","publisher":{"@id":"https:\/\/jornaldasoficinas.com\/pt\/#organization"},"potentialAction":[{"@type":"SearchAction","target":{"@type":"EntryPoint","urlTemplate":"https:\/\/jornaldasoficinas.com\/pt\/?s={search_term_string}"},"query-input":{"@type":"PropertyValueSpecification","valueRequired":true,"valueName":"search_term_string"}}],"inLanguage":"pt-PT"},{"@type":"Organization","@id":"https:\/\/jornaldasoficinas.com\/pt\/#organization","name":"Jornal das Oficinas","url":"https:\/\/jornaldasoficinas.com\/pt\/","logo":{"@type":"ImageObject","inLanguage":"pt-PT","@id":"https:\/\/jornaldasoficinas.com\/pt\/#\/schema\/logo\/image\/","url":"https:\/\/jornaldasoficinas.com\/pt\/wp-content\/uploads\/logoJO-SEO.png","contentUrl":"https:\/\/jornaldasoficinas.com\/pt\/wp-content\/uploads\/logoJO-SEO.png","width":285,"height":450,"caption":"Jornal das Oficinas"},"image":{"@id":"https:\/\/jornaldasoficinas.com\/pt\/#\/schema\/logo\/image\/"},"sameAs":["https:\/\/www.facebook.com\/jornaloficinas","https:\/\/x.com\/jornaloficinas","https:\/\/www.instagram.com\/jornal_oficinas\/","https:\/\/www.linkedin.com\/company\/jornal-das-oficinas\/","https:\/\/www.youtube.com\/channel\/UCbQZBqtcvV-oSQrr7RzINGg"]},{"@type":"Person","@id":"https:\/\/jornaldasoficinas.com\/pt\/#\/schema\/person\/a38eef5de2c41d9e7c9ac10141afddf3","name":"Reda\u00e7\u00e3o JO","image":{"@type":"ImageObject","inLanguage":"pt-PT","@id":"https:\/\/secure.gravatar.com\/avatar\/71f2fa71737ad68a84fea94bc708ddac8ea5b0c4788dc2ad202f3ccb2887742f?s=96&d=wp_user_avatar&r=g","url":"https:\/\/secure.gravatar.com\/avatar\/71f2fa71737ad68a84fea94bc708ddac8ea5b0c4788dc2ad202f3ccb2887742f?s=96&d=wp_user_avatar&r=g","contentUrl":"https:\/\/secure.gravatar.com\/avatar\/71f2fa71737ad68a84fea94bc708ddac8ea5b0c4788dc2ad202f3ccb2887742f?s=96&d=wp_user_avatar&r=g","caption":"Reda\u00e7\u00e3o JO"},"url":"https:\/\/jornaldasoficinas.com\/pt\/author\/joredacao\/"}]}},"_links":{"self":[{"href":"https:\/\/jornaldasoficinas.com\/pt\/wp-json\/wp\/v2\/posts\/111186","targetHints":{"allow":["GET"]}}],"collection":[{"href":"https:\/\/jornaldasoficinas.com\/pt\/wp-json\/wp\/v2\/posts"}],"about":[{"href":"https:\/\/jornaldasoficinas.com\/pt\/wp-json\/wp\/v2\/types\/post"}],"author":[{"embeddable":true,"href":"https:\/\/jornaldasoficinas.com\/pt\/wp-json\/wp\/v2\/users\/15"}],"replies":[{"embeddable":true,"href":"https:\/\/jornaldasoficinas.com\/pt\/wp-json\/wp\/v2\/comments?post=111186"}],"version-history":[{"count":5,"href":"https:\/\/jornaldasoficinas.com\/pt\/wp-json\/wp\/v2\/posts\/111186\/revisions"}],"predecessor-version":[{"id":111197,"href":"https:\/\/jornaldasoficinas.com\/pt\/wp-json\/wp\/v2\/posts\/111186\/revisions\/111197"}],"wp:featuredmedia":[{"embeddable":true,"href":"https:\/\/jornaldasoficinas.com\/pt\/wp-json\/wp\/v2\/media\/111196"}],"wp:attachment":[{"href":"https:\/\/jornaldasoficinas.com\/pt\/wp-json\/wp\/v2\/media?parent=111186"}],"wp:term":[{"taxonomy":"category","embeddable":true,"href":"https:\/\/jornaldasoficinas.com\/pt\/wp-json\/wp\/v2\/categories?post=111186"},{"taxonomy":"post_tag","embeddable":true,"href":"https:\/\/jornaldasoficinas.com\/pt\/wp-json\/wp\/v2\/tags?post=111186"}],"curies":[{"name":"wp","href":"https:\/\/api.w.org\/{rel}","templated":true}]}}