{"id":11120,"date":"2020-03-20T16:35:18","date_gmt":"2020-03-20T16:35:18","guid":{"rendered":"https:\/\/jornaldasoficinas.com\/pt\/?p=11120"},"modified":"2023-08-21T13:06:09","modified_gmt":"2023-08-21T12:06:09","slug":"diesel-technic-continua-a-funcionar-a-plena-capacidade","status":"publish","type":"post","link":"https:\/\/jornaldasoficinas.com\/pt\/diesel-technic-continua-a-funcionar-a-plena-capacidade\/","title":{"rendered":"Diesel Technic Iberia continua a funcionar em toda a sua plenitude"},"content":{"rendered":"<p><img loading=\"lazy\" decoding=\"async\" class=\"alignnone size-full wp-image-11102\" src=\"https:\/\/jornaldasoficinas.com\/pt\/wp-content\/uploads\/2020\/03\/DIESEL-TECHNIC_001_.jpg\" alt=\"03 - DIESEL-TECHNIC_001_\" width=\"1024\" height=\"581\" srcset=\"https:\/\/jornaldasoficinas.com\/pt\/wp-content\/uploads\/2020\/03\/DIESEL-TECHNIC_001_.jpg 1024w, https:\/\/jornaldasoficinas.com\/pt\/wp-content\/uploads\/2020\/03\/DIESEL-TECHNIC_001_-300x170.jpg 300w, https:\/\/jornaldasoficinas.com\/pt\/wp-content\/uploads\/2020\/03\/DIESEL-TECHNIC_001_-150x85.jpg 150w, https:\/\/jornaldasoficinas.com\/pt\/wp-content\/uploads\/2020\/03\/DIESEL-TECHNIC_001_-768x436.jpg 768w\" sizes=\"auto, (max-width: 1024px) 100vw, 1024px\" \/><\/p>\n<p><strong>A subsidi\u00e1ria do Diesel Technic Group continua a operar com capacidade total para garantir a mobilidade de um setor estrat\u00e9gico como o transporte. O fornecimento de pe\u00e7as para semirreboques, autocarros e <em>vans<\/em> n\u00e3o parou, apesar do alerta de sa\u00fade e do Estado de Emerg\u00eancia decretado pelo Governo Espanhol.<\/strong><\/p>\n<p>Gra\u00e7as \u00e0 ampla gama de produtos das marcas DT Spare Parts e SIEGEL Automotive, as oficinas portuguesas e espanholas dedicadas \u00e0 repara\u00e7\u00e3o de ve\u00edculos comerciais garantiram o fornecimento de pe\u00e7as de reposi\u00e7\u00e3o para a realiza\u00e7\u00e3o de repara\u00e7\u00e3o completos, evitando atrasos desnecess\u00e1rios no tempo de paragem dos ve\u00edculos.<\/p>\n<p>Nas suas instala\u00e7\u00f5es, em Torrej\u00f3n de Ardoz, foi ativado um protocolo de seguran\u00e7a detalhado seguindo as recomenda\u00e7\u00f5es das autoridades governamentais e sanit\u00e1rias. Todo o pessoal dedicado \u00e0s tarefas de atendimento ao cliente, comercial, administrativa e de <em>marketing<\/em> est\u00e1 em regime de teletrabalho desde o in\u00edcio de mar\u00e7o.<\/p>\n<p>Em rela\u00e7\u00e3o ao pessoal do armaz\u00e9m, as medidas de higiene foram refor\u00e7adas para proteger tanto a sua sa\u00fade como a dos clientes. E foram divididas em equipas para evitar que fossem paralisadas devido a uma quarentena. Na mesma linha, o acesso a todo o pessoal que n\u00e3o \u00e9 da empresa tamb\u00e9m foi restrito e apenas um pequeno n\u00famero de ag\u00eancias de transporte recolhem e entregam mercadorias para minimizar os riscos.<\/p>\n<p>Em rela\u00e7\u00e3o \u00e0 entrada de mercadorias, as remessas continuam a chegar da sua sede, na Alemanha, onde nenhum incidente foi registado e onde os protocolos de seguran\u00e7a tamb\u00e9m est\u00e3o a ser aplicados h\u00e1 algumas semanas.<\/p>\n<p>Para agilizar a chegada de pe\u00e7as de reposi\u00e7\u00e3o \u00e0s oficinas e minimizar o risco de cont\u00e1gio, a <a href=\"https:\/\/www.dieseltechnic.com\/pt-br\/\" target=\"_blank\" rel=\"noopener noreferrer\">Diesel Technic<\/a> tamb\u00e9m envia diretamente para o cliente final, seguindo as instru\u00e7\u00f5es dos seus distribuidores autorizados.<\/p>\n","protected":false},"excerpt":{"rendered":"<p>A subsidi\u00e1ria do Diesel Technic Group&#8230;<\/p>\n","protected":false},"author":15,"featured_media":11102,"comment_status":"closed","ping_status":"closed","sticky":false,"template":"","format":"standard","meta":{"footnotes":""},"categories":[29,36],"tags":[1790,1789,298,1884,297,774],"class_list":["post-11120","post","type-post","status-publish","format-standard","has-post-thumbnail","hentry","category-empresas","category-pesados","tag-coronavirus","tag-covid-19","tag-diesel-technic","tag-diesel-technic-iberia","tag-dt-spare-parts","tag-siegel-automotive"],"yoast_head":"<!-- This site is optimized with the Yoast SEO plugin v27.5 - https:\/\/yoast.com\/product\/yoast-seo-wordpress\/ -->\n<title>Diesel Technic Iberia continua a funcionar em toda a sua plenitude - Jornal das Oficinas<\/title>\n<meta name=\"robots\" content=\"index, follow, max-snippet:-1, max-image-preview:large, max-video-preview:-1\" \/>\n<link rel=\"canonical\" href=\"https:\/\/jornaldasoficinas.com\/pt\/diesel-technic-continua-a-funcionar-a-plena-capacidade\/\" \/>\n<meta property=\"og:locale\" content=\"pt_PT\" \/>\n<meta property=\"og:type\" content=\"article\" \/>\n<meta property=\"og:title\" content=\"Diesel Technic Iberia continua a funcionar em toda a sua plenitude - Jornal das Oficinas\" \/>\n<meta property=\"og:description\" content=\"A subsidi\u00e1ria do Diesel Technic Group...\" \/>\n<meta property=\"og:url\" content=\"https:\/\/jornaldasoficinas.com\/pt\/diesel-technic-continua-a-funcionar-a-plena-capacidade\/\" \/>\n<meta property=\"og:site_name\" content=\"Jornal das Oficinas\" \/>\n<meta property=\"article:publisher\" content=\"https:\/\/www.facebook.com\/jornaloficinas\" \/>\n<meta property=\"article:published_time\" content=\"2020-03-20T16:35:18+00:00\" \/>\n<meta property=\"article:modified_time\" content=\"2023-08-21T12:06:09+00:00\" \/>\n<meta property=\"og:image\" content=\"https:\/\/jornaldasoficinas.com\/pt\/wp-content\/uploads\/2020\/03\/DIESEL-TECHNIC_001_.jpg\" \/>\n\t<meta property=\"og:image:width\" content=\"1024\" \/>\n\t<meta property=\"og:image:height\" content=\"581\" \/>\n\t<meta property=\"og:image:type\" content=\"image\/jpeg\" \/>\n<meta name=\"author\" content=\"Reda\u00e7\u00e3o JO\" \/>\n<meta name=\"twitter:card\" content=\"summary_large_image\" \/>\n<meta name=\"twitter:creator\" content=\"@jornaloficinas\" \/>\n<meta name=\"twitter:site\" content=\"@jornaloficinas\" \/>\n<meta name=\"twitter:label1\" content=\"Escrito por\" \/>\n\t<meta name=\"twitter:data1\" content=\"Reda\u00e7\u00e3o JO\" \/>\n\t<meta name=\"twitter:label2\" content=\"Tempo estimado de leitura\" \/>\n\t<meta name=\"twitter:data2\" content=\"2 minutos\" \/>\n<script type=\"application\/ld+json\" class=\"yoast-schema-graph\">{\"@context\":\"https:\\\/\\\/schema.org\",\"@graph\":[{\"@type\":\"Article\",\"@id\":\"https:\\\/\\\/jornaldasoficinas.com\\\/pt\\\/diesel-technic-continua-a-funcionar-a-plena-capacidade\\\/#article\",\"isPartOf\":{\"@id\":\"https:\\\/\\\/jornaldasoficinas.com\\\/pt\\\/diesel-technic-continua-a-funcionar-a-plena-capacidade\\\/\"},\"author\":{\"name\":\"Reda\u00e7\u00e3o JO\",\"@id\":\"https:\\\/\\\/jornaldasoficinas.com\\\/pt\\\/#\\\/schema\\\/person\\\/a38eef5de2c41d9e7c9ac10141afddf3\"},\"headline\":\"Diesel Technic Iberia continua a funcionar em toda a sua plenitude\",\"datePublished\":\"2020-03-20T16:35:18+00:00\",\"dateModified\":\"2023-08-21T12:06:09+00:00\",\"mainEntityOfPage\":{\"@id\":\"https:\\\/\\\/jornaldasoficinas.com\\\/pt\\\/diesel-technic-continua-a-funcionar-a-plena-capacidade\\\/\"},\"wordCount\":326,\"publisher\":{\"@id\":\"https:\\\/\\\/jornaldasoficinas.com\\\/pt\\\/#organization\"},\"image\":{\"@id\":\"https:\\\/\\\/jornaldasoficinas.com\\\/pt\\\/diesel-technic-continua-a-funcionar-a-plena-capacidade\\\/#primaryimage\"},\"thumbnailUrl\":\"https:\\\/\\\/jornaldasoficinas.com\\\/pt\\\/wp-content\\\/uploads\\\/2020\\\/03\\\/DIESEL-TECHNIC_001_.jpg\",\"keywords\":[\"Coronav\u00edrus\",\"COVID-19\",\"Diesel Technic\",\"Diesel Technic Iberia\",\"DT Spare Parts\",\"SIEGEL Automotive\"],\"articleSection\":[\"Empresas\",\"Pesados\"],\"inLanguage\":\"pt-PT\"},{\"@type\":\"WebPage\",\"@id\":\"https:\\\/\\\/jornaldasoficinas.com\\\/pt\\\/diesel-technic-continua-a-funcionar-a-plena-capacidade\\\/\",\"url\":\"https:\\\/\\\/jornaldasoficinas.com\\\/pt\\\/diesel-technic-continua-a-funcionar-a-plena-capacidade\\\/\",\"name\":\"Diesel Technic Iberia continua a funcionar em toda a sua plenitude - Jornal das Oficinas\",\"isPartOf\":{\"@id\":\"https:\\\/\\\/jornaldasoficinas.com\\\/pt\\\/#website\"},\"primaryImageOfPage\":{\"@id\":\"https:\\\/\\\/jornaldasoficinas.com\\\/pt\\\/diesel-technic-continua-a-funcionar-a-plena-capacidade\\\/#primaryimage\"},\"image\":{\"@id\":\"https:\\\/\\\/jornaldasoficinas.com\\\/pt\\\/diesel-technic-continua-a-funcionar-a-plena-capacidade\\\/#primaryimage\"},\"thumbnailUrl\":\"https:\\\/\\\/jornaldasoficinas.com\\\/pt\\\/wp-content\\\/uploads\\\/2020\\\/03\\\/DIESEL-TECHNIC_001_.jpg\",\"datePublished\":\"2020-03-20T16:35:18+00:00\",\"dateModified\":\"2023-08-21T12:06:09+00:00\",\"breadcrumb\":{\"@id\":\"https:\\\/\\\/jornaldasoficinas.com\\\/pt\\\/diesel-technic-continua-a-funcionar-a-plena-capacidade\\\/#breadcrumb\"},\"inLanguage\":\"pt-PT\",\"potentialAction\":[{\"@type\":\"ReadAction\",\"target\":[\"https:\\\/\\\/jornaldasoficinas.com\\\/pt\\\/diesel-technic-continua-a-funcionar-a-plena-capacidade\\\/\"]}]},{\"@type\":\"ImageObject\",\"inLanguage\":\"pt-PT\",\"@id\":\"https:\\\/\\\/jornaldasoficinas.com\\\/pt\\\/diesel-technic-continua-a-funcionar-a-plena-capacidade\\\/#primaryimage\",\"url\":\"https:\\\/\\\/jornaldasoficinas.com\\\/pt\\\/wp-content\\\/uploads\\\/2020\\\/03\\\/DIESEL-TECHNIC_001_.jpg\",\"contentUrl\":\"https:\\\/\\\/jornaldasoficinas.com\\\/pt\\\/wp-content\\\/uploads\\\/2020\\\/03\\\/DIESEL-TECHNIC_001_.jpg\",\"width\":1024,\"height\":581,\"caption\":\"03 - DIESEL-TECHNIC_001_\"},{\"@type\":\"BreadcrumbList\",\"@id\":\"https:\\\/\\\/jornaldasoficinas.com\\\/pt\\\/diesel-technic-continua-a-funcionar-a-plena-capacidade\\\/#breadcrumb\",\"itemListElement\":[{\"@type\":\"ListItem\",\"position\":1,\"name\":\"In\u00edcio\",\"item\":\"https:\\\/\\\/jornaldasoficinas.com\\\/pt\\\/\"},{\"@type\":\"ListItem\",\"position\":2,\"name\":\"Diesel Technic Iberia continua a funcionar em toda a sua plenitude\"}]},{\"@type\":\"WebSite\",\"@id\":\"https:\\\/\\\/jornaldasoficinas.com\\\/pt\\\/#website\",\"url\":\"https:\\\/\\\/jornaldasoficinas.com\\\/pt\\\/\",\"name\":\"Jornal das Oficinas\",\"description\":\"Jornal independente do Aftermarket Autom\u00f3vel em Portugal\",\"publisher\":{\"@id\":\"https:\\\/\\\/jornaldasoficinas.com\\\/pt\\\/#organization\"},\"potentialAction\":[{\"@type\":\"SearchAction\",\"target\":{\"@type\":\"EntryPoint\",\"urlTemplate\":\"https:\\\/\\\/jornaldasoficinas.com\\\/pt\\\/?s={search_term_string}\"},\"query-input\":{\"@type\":\"PropertyValueSpecification\",\"valueRequired\":true,\"valueName\":\"search_term_string\"}}],\"inLanguage\":\"pt-PT\"},{\"@type\":\"Organization\",\"@id\":\"https:\\\/\\\/jornaldasoficinas.com\\\/pt\\\/#organization\",\"name\":\"Jornal das Oficinas\",\"url\":\"https:\\\/\\\/jornaldasoficinas.com\\\/pt\\\/\",\"logo\":{\"@type\":\"ImageObject\",\"inLanguage\":\"pt-PT\",\"@id\":\"https:\\\/\\\/jornaldasoficinas.com\\\/pt\\\/#\\\/schema\\\/logo\\\/image\\\/\",\"url\":\"https:\\\/\\\/jornaldasoficinas.com\\\/pt\\\/wp-content\\\/uploads\\\/logoJO-SEO.png\",\"contentUrl\":\"https:\\\/\\\/jornaldasoficinas.com\\\/pt\\\/wp-content\\\/uploads\\\/logoJO-SEO.png\",\"width\":285,\"height\":450,\"caption\":\"Jornal das Oficinas\"},\"image\":{\"@id\":\"https:\\\/\\\/jornaldasoficinas.com\\\/pt\\\/#\\\/schema\\\/logo\\\/image\\\/\"},\"sameAs\":[\"https:\\\/\\\/www.facebook.com\\\/jornaloficinas\",\"https:\\\/\\\/x.com\\\/jornaloficinas\",\"https:\\\/\\\/www.instagram.com\\\/jornal_oficinas\\\/\",\"https:\\\/\\\/www.linkedin.com\\\/company\\\/jornal-das-oficinas\\\/\",\"https:\\\/\\\/www.youtube.com\\\/channel\\\/UCbQZBqtcvV-oSQrr7RzINGg\"]},{\"@type\":\"Person\",\"@id\":\"https:\\\/\\\/jornaldasoficinas.com\\\/pt\\\/#\\\/schema\\\/person\\\/a38eef5de2c41d9e7c9ac10141afddf3\",\"name\":\"Reda\u00e7\u00e3o JO\",\"image\":{\"@type\":\"ImageObject\",\"inLanguage\":\"pt-PT\",\"@id\":\"https:\\\/\\\/secure.gravatar.com\\\/avatar\\\/71f2fa71737ad68a84fea94bc708ddac8ea5b0c4788dc2ad202f3ccb2887742f?s=96&d=wp_user_avatar&r=g\",\"url\":\"https:\\\/\\\/secure.gravatar.com\\\/avatar\\\/71f2fa71737ad68a84fea94bc708ddac8ea5b0c4788dc2ad202f3ccb2887742f?s=96&d=wp_user_avatar&r=g\",\"contentUrl\":\"https:\\\/\\\/secure.gravatar.com\\\/avatar\\\/71f2fa71737ad68a84fea94bc708ddac8ea5b0c4788dc2ad202f3ccb2887742f?s=96&d=wp_user_avatar&r=g\",\"caption\":\"Reda\u00e7\u00e3o JO\"},\"url\":\"https:\\\/\\\/jornaldasoficinas.com\\\/pt\\\/author\\\/joredacao\\\/\"}]}<\/script>\n<!-- \/ Yoast SEO plugin. -->","yoast_head_json":{"title":"Diesel Technic Iberia continua a funcionar em toda a sua plenitude - Jornal das Oficinas","robots":{"index":"index","follow":"follow","max-snippet":"max-snippet:-1","max-image-preview":"max-image-preview:large","max-video-preview":"max-video-preview:-1"},"canonical":"https:\/\/jornaldasoficinas.com\/pt\/diesel-technic-continua-a-funcionar-a-plena-capacidade\/","og_locale":"pt_PT","og_type":"article","og_title":"Diesel Technic Iberia continua a funcionar em toda a sua plenitude - Jornal das Oficinas","og_description":"A subsidi\u00e1ria do Diesel Technic Group...","og_url":"https:\/\/jornaldasoficinas.com\/pt\/diesel-technic-continua-a-funcionar-a-plena-capacidade\/","og_site_name":"Jornal das Oficinas","article_publisher":"https:\/\/www.facebook.com\/jornaloficinas","article_published_time":"2020-03-20T16:35:18+00:00","article_modified_time":"2023-08-21T12:06:09+00:00","og_image":[{"width":1024,"height":581,"url":"https:\/\/jornaldasoficinas.com\/pt\/wp-content\/uploads\/2020\/03\/DIESEL-TECHNIC_001_.jpg","type":"image\/jpeg"}],"author":"Reda\u00e7\u00e3o JO","twitter_card":"summary_large_image","twitter_creator":"@jornaloficinas","twitter_site":"@jornaloficinas","twitter_misc":{"Escrito por":"Reda\u00e7\u00e3o JO","Tempo estimado de leitura":"2 minutos"},"schema":{"@context":"https:\/\/schema.org","@graph":[{"@type":"Article","@id":"https:\/\/jornaldasoficinas.com\/pt\/diesel-technic-continua-a-funcionar-a-plena-capacidade\/#article","isPartOf":{"@id":"https:\/\/jornaldasoficinas.com\/pt\/diesel-technic-continua-a-funcionar-a-plena-capacidade\/"},"author":{"name":"Reda\u00e7\u00e3o JO","@id":"https:\/\/jornaldasoficinas.com\/pt\/#\/schema\/person\/a38eef5de2c41d9e7c9ac10141afddf3"},"headline":"Diesel Technic Iberia continua a funcionar em toda a sua plenitude","datePublished":"2020-03-20T16:35:18+00:00","dateModified":"2023-08-21T12:06:09+00:00","mainEntityOfPage":{"@id":"https:\/\/jornaldasoficinas.com\/pt\/diesel-technic-continua-a-funcionar-a-plena-capacidade\/"},"wordCount":326,"publisher":{"@id":"https:\/\/jornaldasoficinas.com\/pt\/#organization"},"image":{"@id":"https:\/\/jornaldasoficinas.com\/pt\/diesel-technic-continua-a-funcionar-a-plena-capacidade\/#primaryimage"},"thumbnailUrl":"https:\/\/jornaldasoficinas.com\/pt\/wp-content\/uploads\/2020\/03\/DIESEL-TECHNIC_001_.jpg","keywords":["Coronav\u00edrus","COVID-19","Diesel Technic","Diesel Technic Iberia","DT Spare Parts","SIEGEL Automotive"],"articleSection":["Empresas","Pesados"],"inLanguage":"pt-PT"},{"@type":"WebPage","@id":"https:\/\/jornaldasoficinas.com\/pt\/diesel-technic-continua-a-funcionar-a-plena-capacidade\/","url":"https:\/\/jornaldasoficinas.com\/pt\/diesel-technic-continua-a-funcionar-a-plena-capacidade\/","name":"Diesel Technic Iberia continua a funcionar em toda a sua plenitude - Jornal das Oficinas","isPartOf":{"@id":"https:\/\/jornaldasoficinas.com\/pt\/#website"},"primaryImageOfPage":{"@id":"https:\/\/jornaldasoficinas.com\/pt\/diesel-technic-continua-a-funcionar-a-plena-capacidade\/#primaryimage"},"image":{"@id":"https:\/\/jornaldasoficinas.com\/pt\/diesel-technic-continua-a-funcionar-a-plena-capacidade\/#primaryimage"},"thumbnailUrl":"https:\/\/jornaldasoficinas.com\/pt\/wp-content\/uploads\/2020\/03\/DIESEL-TECHNIC_001_.jpg","datePublished":"2020-03-20T16:35:18+00:00","dateModified":"2023-08-21T12:06:09+00:00","breadcrumb":{"@id":"https:\/\/jornaldasoficinas.com\/pt\/diesel-technic-continua-a-funcionar-a-plena-capacidade\/#breadcrumb"},"inLanguage":"pt-PT","potentialAction":[{"@type":"ReadAction","target":["https:\/\/jornaldasoficinas.com\/pt\/diesel-technic-continua-a-funcionar-a-plena-capacidade\/"]}]},{"@type":"ImageObject","inLanguage":"pt-PT","@id":"https:\/\/jornaldasoficinas.com\/pt\/diesel-technic-continua-a-funcionar-a-plena-capacidade\/#primaryimage","url":"https:\/\/jornaldasoficinas.com\/pt\/wp-content\/uploads\/2020\/03\/DIESEL-TECHNIC_001_.jpg","contentUrl":"https:\/\/jornaldasoficinas.com\/pt\/wp-content\/uploads\/2020\/03\/DIESEL-TECHNIC_001_.jpg","width":1024,"height":581,"caption":"03 - DIESEL-TECHNIC_001_"},{"@type":"BreadcrumbList","@id":"https:\/\/jornaldasoficinas.com\/pt\/diesel-technic-continua-a-funcionar-a-plena-capacidade\/#breadcrumb","itemListElement":[{"@type":"ListItem","position":1,"name":"In\u00edcio","item":"https:\/\/jornaldasoficinas.com\/pt\/"},{"@type":"ListItem","position":2,"name":"Diesel Technic Iberia continua a funcionar em toda a sua plenitude"}]},{"@type":"WebSite","@id":"https:\/\/jornaldasoficinas.com\/pt\/#website","url":"https:\/\/jornaldasoficinas.com\/pt\/","name":"Jornal das Oficinas","description":"Jornal independente do Aftermarket Autom\u00f3vel em Portugal","publisher":{"@id":"https:\/\/jornaldasoficinas.com\/pt\/#organization"},"potentialAction":[{"@type":"SearchAction","target":{"@type":"EntryPoint","urlTemplate":"https:\/\/jornaldasoficinas.com\/pt\/?s={search_term_string}"},"query-input":{"@type":"PropertyValueSpecification","valueRequired":true,"valueName":"search_term_string"}}],"inLanguage":"pt-PT"},{"@type":"Organization","@id":"https:\/\/jornaldasoficinas.com\/pt\/#organization","name":"Jornal das Oficinas","url":"https:\/\/jornaldasoficinas.com\/pt\/","logo":{"@type":"ImageObject","inLanguage":"pt-PT","@id":"https:\/\/jornaldasoficinas.com\/pt\/#\/schema\/logo\/image\/","url":"https:\/\/jornaldasoficinas.com\/pt\/wp-content\/uploads\/logoJO-SEO.png","contentUrl":"https:\/\/jornaldasoficinas.com\/pt\/wp-content\/uploads\/logoJO-SEO.png","width":285,"height":450,"caption":"Jornal das Oficinas"},"image":{"@id":"https:\/\/jornaldasoficinas.com\/pt\/#\/schema\/logo\/image\/"},"sameAs":["https:\/\/www.facebook.com\/jornaloficinas","https:\/\/x.com\/jornaloficinas","https:\/\/www.instagram.com\/jornal_oficinas\/","https:\/\/www.linkedin.com\/company\/jornal-das-oficinas\/","https:\/\/www.youtube.com\/channel\/UCbQZBqtcvV-oSQrr7RzINGg"]},{"@type":"Person","@id":"https:\/\/jornaldasoficinas.com\/pt\/#\/schema\/person\/a38eef5de2c41d9e7c9ac10141afddf3","name":"Reda\u00e7\u00e3o JO","image":{"@type":"ImageObject","inLanguage":"pt-PT","@id":"https:\/\/secure.gravatar.com\/avatar\/71f2fa71737ad68a84fea94bc708ddac8ea5b0c4788dc2ad202f3ccb2887742f?s=96&d=wp_user_avatar&r=g","url":"https:\/\/secure.gravatar.com\/avatar\/71f2fa71737ad68a84fea94bc708ddac8ea5b0c4788dc2ad202f3ccb2887742f?s=96&d=wp_user_avatar&r=g","contentUrl":"https:\/\/secure.gravatar.com\/avatar\/71f2fa71737ad68a84fea94bc708ddac8ea5b0c4788dc2ad202f3ccb2887742f?s=96&d=wp_user_avatar&r=g","caption":"Reda\u00e7\u00e3o JO"},"url":"https:\/\/jornaldasoficinas.com\/pt\/author\/joredacao\/"}]}},"_links":{"self":[{"href":"https:\/\/jornaldasoficinas.com\/pt\/wp-json\/wp\/v2\/posts\/11120","targetHints":{"allow":["GET"]}}],"collection":[{"href":"https:\/\/jornaldasoficinas.com\/pt\/wp-json\/wp\/v2\/posts"}],"about":[{"href":"https:\/\/jornaldasoficinas.com\/pt\/wp-json\/wp\/v2\/types\/post"}],"author":[{"embeddable":true,"href":"https:\/\/jornaldasoficinas.com\/pt\/wp-json\/wp\/v2\/users\/15"}],"replies":[{"embeddable":true,"href":"https:\/\/jornaldasoficinas.com\/pt\/wp-json\/wp\/v2\/comments?post=11120"}],"version-history":[{"count":0,"href":"https:\/\/jornaldasoficinas.com\/pt\/wp-json\/wp\/v2\/posts\/11120\/revisions"}],"wp:featuredmedia":[{"embeddable":true,"href":"https:\/\/jornaldasoficinas.com\/pt\/wp-json\/wp\/v2\/media\/11102"}],"wp:attachment":[{"href":"https:\/\/jornaldasoficinas.com\/pt\/wp-json\/wp\/v2\/media?parent=11120"}],"wp:term":[{"taxonomy":"category","embeddable":true,"href":"https:\/\/jornaldasoficinas.com\/pt\/wp-json\/wp\/v2\/categories?post=11120"},{"taxonomy":"post_tag","embeddable":true,"href":"https:\/\/jornaldasoficinas.com\/pt\/wp-json\/wp\/v2\/tags?post=11120"}],"curies":[{"name":"wp","href":"https:\/\/api.w.org\/{rel}","templated":true}]}}