{"id":111221,"date":"2025-12-26T18:00:06","date_gmt":"2025-12-26T18:00:06","guid":{"rendered":"https:\/\/jornaldasoficinas.com\/pt\/?p=111221"},"modified":"2025-12-26T17:00:15","modified_gmt":"2025-12-26T17:00:15","slug":"curso-para-lideres-setor-automovel-arranca-em-marco-2026","status":"publish","type":"post","link":"https:\/\/jornaldasoficinas.com\/pt\/curso-para-lideres-setor-automovel-arranca-em-marco-2026\/","title":{"rendered":"Curso para l\u00edderes setor autom\u00f3vel arranca em mar\u00e7o 2026"},"content":{"rendered":"<p><strong><img loading=\"lazy\" decoding=\"async\" class=\"alignnone size-full wp-image-111226\" src=\"https:\/\/jornaldasoficinas.com\/pt\/wp-content\/uploads\/2025\/12\/Curso-para-lideres.jpg\" alt=\"12 - Curso para lideres\" width=\"1024\" height=\"581\" srcset=\"https:\/\/jornaldasoficinas.com\/pt\/wp-content\/uploads\/2025\/12\/Curso-para-lideres.jpg 1024w, https:\/\/jornaldasoficinas.com\/pt\/wp-content\/uploads\/2025\/12\/Curso-para-lideres-300x170.jpg 300w, https:\/\/jornaldasoficinas.com\/pt\/wp-content\/uploads\/2025\/12\/Curso-para-lideres-150x85.jpg 150w, https:\/\/jornaldasoficinas.com\/pt\/wp-content\/uploads\/2025\/12\/Curso-para-lideres-768x436.jpg 768w\" sizes=\"auto, (max-width: 1024px) 100vw, 1024px\" \/><\/strong><\/p>\n<p><strong>Jorge Cancella de Abreu est\u00e1 a coordenar para a <a href=\"https:\/\/www.ucp.pt\/\" target=\"_blank\" rel=\"noopener\">Universidade Cat\u00f3lica de Lisboa<\/a>, com o apoio da <a href=\"https:\/\/acap.pt\/\" target=\"_blank\" rel=\"noopener\">ACAP<\/a> e da <a href=\"https:\/\/www.salesforce.com\/\" target=\"_blank\" rel=\"noopener\">Salesforce<\/a>, o novo curso para l\u00edderes do setor autom\u00f3vel. J\u00e1 abriram as inscri\u00e7\u00f5es para um n\u00famero m\u00e1ximo de 30 participantes<\/strong><\/p>\n<p>O setor autom\u00f3vel atravessa uma das fases mais exigentes e transformadoras da sua hist\u00f3ria, marcada pela digitaliza\u00e7\u00e3o acelerada, pela emerg\u00eancia de novos modelos de mobilidade, por clientes cada vez mais omnicanal e por equipas multigeracionais que exigem novas abordagens de lideran\u00e7a.<\/p>\n<p>Para responder a este contexto desafiante, nasce o programa executivo Lideran\u00e7a e Transforma\u00e7\u00e3o no Setor Autom\u00f3vel, que arranca em mar\u00e7o de 2026 e pretende preparar l\u00edderes capazes de gerar impacto real nos resultados e na experi\u00eancia do cliente ao longo de toda a jornada autom\u00f3vel.<\/p>\n<p>Coordenado por Jorge Cancella de Abreu para a Universidade Cat\u00f3lica Portuguesa, campus de Lisboa, o programa conta com o apoio da ACAP e da Salesforce, refor\u00e7ando a sua liga\u00e7\u00e3o direta \u00e0 realidade do mercado e \u00e0s melhores pr\u00e1ticas internacionais.<\/p>\n<p>Com um n\u00famero m\u00e1ximo de 30 participantes, o curso dirige-se a diretores comerciais e de p\u00f3s-venda, gestores de opera\u00e7\u00f5es, service managers, chefes de vendas, empres\u00e1rios do setor da mobilidade e consultores especializados em automotive business.<\/p>\n<p>O car\u00e1ter transformacional do programa assenta numa abordagem integrada que combina lideran\u00e7a adaptativa aplicada ao setor autom\u00f3vel, gest\u00e3o de equipas multigeracionais, desenvolvimento de equipas de alto desempenho, coaching e comunica\u00e7\u00e3o eficaz.<\/p>\n<p>A experi\u00eancia do cliente ocupa um lugar central, com foco na jornada integrada digital e presencial, em estrat\u00e9gias de fideliza\u00e7\u00e3o, reten\u00e7\u00e3o, satisfa\u00e7\u00e3o e maximiza\u00e7\u00e3o do Customer Lifetime Value. Paralelamente, o programa aprofunda a gest\u00e3o da performance atrav\u00e9s de KPIs financeiros, comerciais e comportamentais, dashboards executivos, m\u00e9tricas de produtividade e efici\u00eancia, bem como automa\u00e7\u00e3o comercial e de p\u00f3s-venda suportada por intelig\u00eancia artificial.<\/p>\n<p>Com uma metodologia assumidamente pr\u00e1tica \u2014 75% aplicada e 100% orientada \u00e0 realidade do participante \u2014 o curso recorre a workshops, simula\u00e7\u00f5es, role-plays, projetos reais e ferramentas de IA de uso imediato.<\/p>\n<p>No final, os participantes estar\u00e3o preparados para liderar equipas com maior engagement e produtividade, implementar sistemas de performance e dashboards, estruturar experi\u00eancias omnicanal de excel\u00eancia, aplicar automa\u00e7\u00e3o e intelig\u00eancia artificial no dia a dia do neg\u00f3cio e aumentar a rentabilidade atrav\u00e9s de uma gest\u00e3o financeira orientada a dados.<\/p>\n<p>O investimento no programa \u00e9 de 2.950 euros, com condi\u00e7\u00f5es especiais para antigos alunos da Universidade Cat\u00f3lica Portuguesa, e inclui taxa de admiss\u00e3o, coffee breaks, estacionamento e jantar de encerramento.<\/p>\n<p>As candidaturas j\u00e1 se encontram abertas, sendo poss\u00edvel obter mais informa\u00e7\u00f5es junto da program manager Andreia Hidalgo, para o email: andreia.hidalgo@ucp.pt\u2028 ou telefone: 214 269 846<\/p>\n<p><strong>Destinat\u00e1rios<\/strong><\/p>\n<p>Este programa \u00e9 ideal para:<br \/>\n\u2022 Diretores Comerciais e de P\u00f3s-Venda;<br \/>\n\u2022 Gestores de opera\u00e7\u00f5es autom\u00f3veis;<br \/>\n\u2022 Service Managers e Chefes de Vendas;<br \/>\n\u2022 Empres\u00e1rios e l\u00edderes de mobilidade;<br \/>\n\u2022 Consultores especializados em automotive business.<\/p>\n","protected":false},"excerpt":{"rendered":"<p>Jorge Cancella de Abreu est\u00e1 a&#8230;<\/p>\n","protected":false},"author":15,"featured_media":111226,"comment_status":"closed","ping_status":"closed","sticky":false,"template":"","format":"standard","meta":{"footnotes":""},"categories":[37],"tags":[14284,157,9047,14282,2965,14283],"class_list":["post-111221","post","type-post","status-publish","format-standard","has-post-thumbnail","hentry","category-mercado","tag-30-participantes","tag-acap","tag-curso","tag-jorge-cancella-de-abreu","tag-salesforce","tag-universidade-catolica-de-lisboa"],"yoast_head":"<!-- This site is optimized with the Yoast SEO plugin v27.4 - https:\/\/yoast.com\/product\/yoast-seo-wordpress\/ -->\n<title>Curso para l\u00edderes setor autom\u00f3vel arranca em mar\u00e7o 2026 - Jornal das Oficinas<\/title>\n<meta name=\"description\" content=\"Jorge Cancella de Abreu est\u00e1 a coordenar para a UC de Lisboa, com o apoio da ACAP e Salesforce, o novo curso para l\u00edderes do setor autom\u00f3vel\" \/>\n<meta name=\"robots\" content=\"index, follow, max-snippet:-1, max-image-preview:large, max-video-preview:-1\" \/>\n<link rel=\"canonical\" href=\"https:\/\/jornaldasoficinas.com\/pt\/curso-para-lideres-setor-automovel-arranca-em-marco-2026\/\" \/>\n<meta property=\"og:locale\" content=\"pt_PT\" \/>\n<meta property=\"og:type\" content=\"article\" \/>\n<meta property=\"og:title\" content=\"Curso para l\u00edderes setor autom\u00f3vel arranca em mar\u00e7o 2026 - Jornal das Oficinas\" \/>\n<meta property=\"og:description\" content=\"Jorge Cancella de Abreu est\u00e1 a coordenar para a UC de Lisboa, com o apoio da ACAP e Salesforce, o novo curso para l\u00edderes do setor autom\u00f3vel\" \/>\n<meta property=\"og:url\" content=\"https:\/\/jornaldasoficinas.com\/pt\/curso-para-lideres-setor-automovel-arranca-em-marco-2026\/\" \/>\n<meta property=\"og:site_name\" content=\"Jornal das Oficinas\" \/>\n<meta property=\"article:publisher\" content=\"https:\/\/www.facebook.com\/jornaloficinas\" \/>\n<meta property=\"article:published_time\" content=\"2025-12-26T18:00:06+00:00\" \/>\n<meta property=\"og:image\" content=\"https:\/\/jornaldasoficinas.com\/pt\/wp-content\/uploads\/2025\/12\/Curso-para-lideres.jpg\" \/>\n\t<meta property=\"og:image:width\" content=\"1024\" \/>\n\t<meta property=\"og:image:height\" content=\"581\" \/>\n\t<meta property=\"og:image:type\" content=\"image\/jpeg\" \/>\n<meta name=\"author\" content=\"Reda\u00e7\u00e3o JO\" \/>\n<meta name=\"twitter:card\" content=\"summary_large_image\" \/>\n<meta name=\"twitter:creator\" content=\"@jornaloficinas\" \/>\n<meta name=\"twitter:site\" content=\"@jornaloficinas\" \/>\n<meta name=\"twitter:label1\" content=\"Escrito por\" \/>\n\t<meta name=\"twitter:data1\" content=\"Reda\u00e7\u00e3o JO\" \/>\n\t<meta name=\"twitter:label2\" content=\"Tempo estimado de leitura\" \/>\n\t<meta name=\"twitter:data2\" content=\"3 minutos\" \/>\n<script type=\"application\/ld+json\" class=\"yoast-schema-graph\">{\"@context\":\"https:\\\/\\\/schema.org\",\"@graph\":[{\"@type\":\"Article\",\"@id\":\"https:\\\/\\\/jornaldasoficinas.com\\\/pt\\\/curso-para-lideres-setor-automovel-arranca-em-marco-2026\\\/#article\",\"isPartOf\":{\"@id\":\"https:\\\/\\\/jornaldasoficinas.com\\\/pt\\\/curso-para-lideres-setor-automovel-arranca-em-marco-2026\\\/\"},\"author\":{\"name\":\"Reda\u00e7\u00e3o JO\",\"@id\":\"https:\\\/\\\/jornaldasoficinas.com\\\/pt\\\/#\\\/schema\\\/person\\\/a38eef5de2c41d9e7c9ac10141afddf3\"},\"headline\":\"Curso para l\u00edderes setor autom\u00f3vel arranca em mar\u00e7o 2026\",\"datePublished\":\"2025-12-26T18:00:06+00:00\",\"mainEntityOfPage\":{\"@id\":\"https:\\\/\\\/jornaldasoficinas.com\\\/pt\\\/curso-para-lideres-setor-automovel-arranca-em-marco-2026\\\/\"},\"wordCount\":524,\"publisher\":{\"@id\":\"https:\\\/\\\/jornaldasoficinas.com\\\/pt\\\/#organization\"},\"image\":{\"@id\":\"https:\\\/\\\/jornaldasoficinas.com\\\/pt\\\/curso-para-lideres-setor-automovel-arranca-em-marco-2026\\\/#primaryimage\"},\"thumbnailUrl\":\"https:\\\/\\\/jornaldasoficinas.com\\\/pt\\\/wp-content\\\/uploads\\\/2025\\\/12\\\/Curso-para-lideres.jpg\",\"keywords\":[\"30 participantes\",\"ACAP\",\"curso\",\"Jorge Cancella de Abreu\",\"Salesforce\",\"Universidade Cat\u00f3lica de Lisboa\"],\"articleSection\":[\"Mercado\"],\"inLanguage\":\"pt-PT\"},{\"@type\":\"WebPage\",\"@id\":\"https:\\\/\\\/jornaldasoficinas.com\\\/pt\\\/curso-para-lideres-setor-automovel-arranca-em-marco-2026\\\/\",\"url\":\"https:\\\/\\\/jornaldasoficinas.com\\\/pt\\\/curso-para-lideres-setor-automovel-arranca-em-marco-2026\\\/\",\"name\":\"Curso para l\u00edderes setor autom\u00f3vel arranca em mar\u00e7o 2026 - Jornal das Oficinas\",\"isPartOf\":{\"@id\":\"https:\\\/\\\/jornaldasoficinas.com\\\/pt\\\/#website\"},\"primaryImageOfPage\":{\"@id\":\"https:\\\/\\\/jornaldasoficinas.com\\\/pt\\\/curso-para-lideres-setor-automovel-arranca-em-marco-2026\\\/#primaryimage\"},\"image\":{\"@id\":\"https:\\\/\\\/jornaldasoficinas.com\\\/pt\\\/curso-para-lideres-setor-automovel-arranca-em-marco-2026\\\/#primaryimage\"},\"thumbnailUrl\":\"https:\\\/\\\/jornaldasoficinas.com\\\/pt\\\/wp-content\\\/uploads\\\/2025\\\/12\\\/Curso-para-lideres.jpg\",\"datePublished\":\"2025-12-26T18:00:06+00:00\",\"description\":\"Jorge Cancella de Abreu est\u00e1 a coordenar para a UC de Lisboa, com o apoio da ACAP e Salesforce, o novo curso para l\u00edderes do setor autom\u00f3vel\",\"breadcrumb\":{\"@id\":\"https:\\\/\\\/jornaldasoficinas.com\\\/pt\\\/curso-para-lideres-setor-automovel-arranca-em-marco-2026\\\/#breadcrumb\"},\"inLanguage\":\"pt-PT\",\"potentialAction\":[{\"@type\":\"ReadAction\",\"target\":[\"https:\\\/\\\/jornaldasoficinas.com\\\/pt\\\/curso-para-lideres-setor-automovel-arranca-em-marco-2026\\\/\"]}]},{\"@type\":\"ImageObject\",\"inLanguage\":\"pt-PT\",\"@id\":\"https:\\\/\\\/jornaldasoficinas.com\\\/pt\\\/curso-para-lideres-setor-automovel-arranca-em-marco-2026\\\/#primaryimage\",\"url\":\"https:\\\/\\\/jornaldasoficinas.com\\\/pt\\\/wp-content\\\/uploads\\\/2025\\\/12\\\/Curso-para-lideres.jpg\",\"contentUrl\":\"https:\\\/\\\/jornaldasoficinas.com\\\/pt\\\/wp-content\\\/uploads\\\/2025\\\/12\\\/Curso-para-lideres.jpg\",\"width\":1024,\"height\":581,\"caption\":\"12 - Curso para lideres\"},{\"@type\":\"BreadcrumbList\",\"@id\":\"https:\\\/\\\/jornaldasoficinas.com\\\/pt\\\/curso-para-lideres-setor-automovel-arranca-em-marco-2026\\\/#breadcrumb\",\"itemListElement\":[{\"@type\":\"ListItem\",\"position\":1,\"name\":\"In\u00edcio\",\"item\":\"https:\\\/\\\/jornaldasoficinas.com\\\/pt\\\/\"},{\"@type\":\"ListItem\",\"position\":2,\"name\":\"Curso para l\u00edderes setor autom\u00f3vel arranca em mar\u00e7o 2026\"}]},{\"@type\":\"WebSite\",\"@id\":\"https:\\\/\\\/jornaldasoficinas.com\\\/pt\\\/#website\",\"url\":\"https:\\\/\\\/jornaldasoficinas.com\\\/pt\\\/\",\"name\":\"Jornal das Oficinas\",\"description\":\"Jornal independente do Aftermarket Autom\u00f3vel em Portugal\",\"publisher\":{\"@id\":\"https:\\\/\\\/jornaldasoficinas.com\\\/pt\\\/#organization\"},\"potentialAction\":[{\"@type\":\"SearchAction\",\"target\":{\"@type\":\"EntryPoint\",\"urlTemplate\":\"https:\\\/\\\/jornaldasoficinas.com\\\/pt\\\/?s={search_term_string}\"},\"query-input\":{\"@type\":\"PropertyValueSpecification\",\"valueRequired\":true,\"valueName\":\"search_term_string\"}}],\"inLanguage\":\"pt-PT\"},{\"@type\":\"Organization\",\"@id\":\"https:\\\/\\\/jornaldasoficinas.com\\\/pt\\\/#organization\",\"name\":\"Jornal das Oficinas\",\"url\":\"https:\\\/\\\/jornaldasoficinas.com\\\/pt\\\/\",\"logo\":{\"@type\":\"ImageObject\",\"inLanguage\":\"pt-PT\",\"@id\":\"https:\\\/\\\/jornaldasoficinas.com\\\/pt\\\/#\\\/schema\\\/logo\\\/image\\\/\",\"url\":\"https:\\\/\\\/jornaldasoficinas.com\\\/pt\\\/wp-content\\\/uploads\\\/logoJO-SEO.png\",\"contentUrl\":\"https:\\\/\\\/jornaldasoficinas.com\\\/pt\\\/wp-content\\\/uploads\\\/logoJO-SEO.png\",\"width\":285,\"height\":450,\"caption\":\"Jornal das Oficinas\"},\"image\":{\"@id\":\"https:\\\/\\\/jornaldasoficinas.com\\\/pt\\\/#\\\/schema\\\/logo\\\/image\\\/\"},\"sameAs\":[\"https:\\\/\\\/www.facebook.com\\\/jornaloficinas\",\"https:\\\/\\\/x.com\\\/jornaloficinas\",\"https:\\\/\\\/www.instagram.com\\\/jornal_oficinas\\\/\",\"https:\\\/\\\/www.linkedin.com\\\/company\\\/jornal-das-oficinas\\\/\",\"https:\\\/\\\/www.youtube.com\\\/channel\\\/UCbQZBqtcvV-oSQrr7RzINGg\"]},{\"@type\":\"Person\",\"@id\":\"https:\\\/\\\/jornaldasoficinas.com\\\/pt\\\/#\\\/schema\\\/person\\\/a38eef5de2c41d9e7c9ac10141afddf3\",\"name\":\"Reda\u00e7\u00e3o JO\",\"image\":{\"@type\":\"ImageObject\",\"inLanguage\":\"pt-PT\",\"@id\":\"https:\\\/\\\/secure.gravatar.com\\\/avatar\\\/71f2fa71737ad68a84fea94bc708ddac8ea5b0c4788dc2ad202f3ccb2887742f?s=96&d=wp_user_avatar&r=g\",\"url\":\"https:\\\/\\\/secure.gravatar.com\\\/avatar\\\/71f2fa71737ad68a84fea94bc708ddac8ea5b0c4788dc2ad202f3ccb2887742f?s=96&d=wp_user_avatar&r=g\",\"contentUrl\":\"https:\\\/\\\/secure.gravatar.com\\\/avatar\\\/71f2fa71737ad68a84fea94bc708ddac8ea5b0c4788dc2ad202f3ccb2887742f?s=96&d=wp_user_avatar&r=g\",\"caption\":\"Reda\u00e7\u00e3o JO\"},\"url\":\"https:\\\/\\\/jornaldasoficinas.com\\\/pt\\\/author\\\/joredacao\\\/\"}]}<\/script>\n<!-- \/ Yoast SEO plugin. -->","yoast_head_json":{"title":"Curso para l\u00edderes setor autom\u00f3vel arranca em mar\u00e7o 2026 - Jornal das Oficinas","description":"Jorge Cancella de Abreu est\u00e1 a coordenar para a UC de Lisboa, com o apoio da ACAP e Salesforce, o novo curso para l\u00edderes do setor autom\u00f3vel","robots":{"index":"index","follow":"follow","max-snippet":"max-snippet:-1","max-image-preview":"max-image-preview:large","max-video-preview":"max-video-preview:-1"},"canonical":"https:\/\/jornaldasoficinas.com\/pt\/curso-para-lideres-setor-automovel-arranca-em-marco-2026\/","og_locale":"pt_PT","og_type":"article","og_title":"Curso para l\u00edderes setor autom\u00f3vel arranca em mar\u00e7o 2026 - Jornal das Oficinas","og_description":"Jorge Cancella de Abreu est\u00e1 a coordenar para a UC de Lisboa, com o apoio da ACAP e Salesforce, o novo curso para l\u00edderes do setor autom\u00f3vel","og_url":"https:\/\/jornaldasoficinas.com\/pt\/curso-para-lideres-setor-automovel-arranca-em-marco-2026\/","og_site_name":"Jornal das Oficinas","article_publisher":"https:\/\/www.facebook.com\/jornaloficinas","article_published_time":"2025-12-26T18:00:06+00:00","og_image":[{"width":1024,"height":581,"url":"https:\/\/jornaldasoficinas.com\/pt\/wp-content\/uploads\/2025\/12\/Curso-para-lideres.jpg","type":"image\/jpeg"}],"author":"Reda\u00e7\u00e3o JO","twitter_card":"summary_large_image","twitter_creator":"@jornaloficinas","twitter_site":"@jornaloficinas","twitter_misc":{"Escrito por":"Reda\u00e7\u00e3o JO","Tempo estimado de leitura":"3 minutos"},"schema":{"@context":"https:\/\/schema.org","@graph":[{"@type":"Article","@id":"https:\/\/jornaldasoficinas.com\/pt\/curso-para-lideres-setor-automovel-arranca-em-marco-2026\/#article","isPartOf":{"@id":"https:\/\/jornaldasoficinas.com\/pt\/curso-para-lideres-setor-automovel-arranca-em-marco-2026\/"},"author":{"name":"Reda\u00e7\u00e3o JO","@id":"https:\/\/jornaldasoficinas.com\/pt\/#\/schema\/person\/a38eef5de2c41d9e7c9ac10141afddf3"},"headline":"Curso para l\u00edderes setor autom\u00f3vel arranca em mar\u00e7o 2026","datePublished":"2025-12-26T18:00:06+00:00","mainEntityOfPage":{"@id":"https:\/\/jornaldasoficinas.com\/pt\/curso-para-lideres-setor-automovel-arranca-em-marco-2026\/"},"wordCount":524,"publisher":{"@id":"https:\/\/jornaldasoficinas.com\/pt\/#organization"},"image":{"@id":"https:\/\/jornaldasoficinas.com\/pt\/curso-para-lideres-setor-automovel-arranca-em-marco-2026\/#primaryimage"},"thumbnailUrl":"https:\/\/jornaldasoficinas.com\/pt\/wp-content\/uploads\/2025\/12\/Curso-para-lideres.jpg","keywords":["30 participantes","ACAP","curso","Jorge Cancella de Abreu","Salesforce","Universidade Cat\u00f3lica de Lisboa"],"articleSection":["Mercado"],"inLanguage":"pt-PT"},{"@type":"WebPage","@id":"https:\/\/jornaldasoficinas.com\/pt\/curso-para-lideres-setor-automovel-arranca-em-marco-2026\/","url":"https:\/\/jornaldasoficinas.com\/pt\/curso-para-lideres-setor-automovel-arranca-em-marco-2026\/","name":"Curso para l\u00edderes setor autom\u00f3vel arranca em mar\u00e7o 2026 - Jornal das Oficinas","isPartOf":{"@id":"https:\/\/jornaldasoficinas.com\/pt\/#website"},"primaryImageOfPage":{"@id":"https:\/\/jornaldasoficinas.com\/pt\/curso-para-lideres-setor-automovel-arranca-em-marco-2026\/#primaryimage"},"image":{"@id":"https:\/\/jornaldasoficinas.com\/pt\/curso-para-lideres-setor-automovel-arranca-em-marco-2026\/#primaryimage"},"thumbnailUrl":"https:\/\/jornaldasoficinas.com\/pt\/wp-content\/uploads\/2025\/12\/Curso-para-lideres.jpg","datePublished":"2025-12-26T18:00:06+00:00","description":"Jorge Cancella de Abreu est\u00e1 a coordenar para a UC de Lisboa, com o apoio da ACAP e Salesforce, o novo curso para l\u00edderes do setor autom\u00f3vel","breadcrumb":{"@id":"https:\/\/jornaldasoficinas.com\/pt\/curso-para-lideres-setor-automovel-arranca-em-marco-2026\/#breadcrumb"},"inLanguage":"pt-PT","potentialAction":[{"@type":"ReadAction","target":["https:\/\/jornaldasoficinas.com\/pt\/curso-para-lideres-setor-automovel-arranca-em-marco-2026\/"]}]},{"@type":"ImageObject","inLanguage":"pt-PT","@id":"https:\/\/jornaldasoficinas.com\/pt\/curso-para-lideres-setor-automovel-arranca-em-marco-2026\/#primaryimage","url":"https:\/\/jornaldasoficinas.com\/pt\/wp-content\/uploads\/2025\/12\/Curso-para-lideres.jpg","contentUrl":"https:\/\/jornaldasoficinas.com\/pt\/wp-content\/uploads\/2025\/12\/Curso-para-lideres.jpg","width":1024,"height":581,"caption":"12 - Curso para lideres"},{"@type":"BreadcrumbList","@id":"https:\/\/jornaldasoficinas.com\/pt\/curso-para-lideres-setor-automovel-arranca-em-marco-2026\/#breadcrumb","itemListElement":[{"@type":"ListItem","position":1,"name":"In\u00edcio","item":"https:\/\/jornaldasoficinas.com\/pt\/"},{"@type":"ListItem","position":2,"name":"Curso para l\u00edderes setor autom\u00f3vel arranca em mar\u00e7o 2026"}]},{"@type":"WebSite","@id":"https:\/\/jornaldasoficinas.com\/pt\/#website","url":"https:\/\/jornaldasoficinas.com\/pt\/","name":"Jornal das Oficinas","description":"Jornal independente do Aftermarket Autom\u00f3vel em Portugal","publisher":{"@id":"https:\/\/jornaldasoficinas.com\/pt\/#organization"},"potentialAction":[{"@type":"SearchAction","target":{"@type":"EntryPoint","urlTemplate":"https:\/\/jornaldasoficinas.com\/pt\/?s={search_term_string}"},"query-input":{"@type":"PropertyValueSpecification","valueRequired":true,"valueName":"search_term_string"}}],"inLanguage":"pt-PT"},{"@type":"Organization","@id":"https:\/\/jornaldasoficinas.com\/pt\/#organization","name":"Jornal das Oficinas","url":"https:\/\/jornaldasoficinas.com\/pt\/","logo":{"@type":"ImageObject","inLanguage":"pt-PT","@id":"https:\/\/jornaldasoficinas.com\/pt\/#\/schema\/logo\/image\/","url":"https:\/\/jornaldasoficinas.com\/pt\/wp-content\/uploads\/logoJO-SEO.png","contentUrl":"https:\/\/jornaldasoficinas.com\/pt\/wp-content\/uploads\/logoJO-SEO.png","width":285,"height":450,"caption":"Jornal das Oficinas"},"image":{"@id":"https:\/\/jornaldasoficinas.com\/pt\/#\/schema\/logo\/image\/"},"sameAs":["https:\/\/www.facebook.com\/jornaloficinas","https:\/\/x.com\/jornaloficinas","https:\/\/www.instagram.com\/jornal_oficinas\/","https:\/\/www.linkedin.com\/company\/jornal-das-oficinas\/","https:\/\/www.youtube.com\/channel\/UCbQZBqtcvV-oSQrr7RzINGg"]},{"@type":"Person","@id":"https:\/\/jornaldasoficinas.com\/pt\/#\/schema\/person\/a38eef5de2c41d9e7c9ac10141afddf3","name":"Reda\u00e7\u00e3o JO","image":{"@type":"ImageObject","inLanguage":"pt-PT","@id":"https:\/\/secure.gravatar.com\/avatar\/71f2fa71737ad68a84fea94bc708ddac8ea5b0c4788dc2ad202f3ccb2887742f?s=96&d=wp_user_avatar&r=g","url":"https:\/\/secure.gravatar.com\/avatar\/71f2fa71737ad68a84fea94bc708ddac8ea5b0c4788dc2ad202f3ccb2887742f?s=96&d=wp_user_avatar&r=g","contentUrl":"https:\/\/secure.gravatar.com\/avatar\/71f2fa71737ad68a84fea94bc708ddac8ea5b0c4788dc2ad202f3ccb2887742f?s=96&d=wp_user_avatar&r=g","caption":"Reda\u00e7\u00e3o JO"},"url":"https:\/\/jornaldasoficinas.com\/pt\/author\/joredacao\/"}]}},"_links":{"self":[{"href":"https:\/\/jornaldasoficinas.com\/pt\/wp-json\/wp\/v2\/posts\/111221","targetHints":{"allow":["GET"]}}],"collection":[{"href":"https:\/\/jornaldasoficinas.com\/pt\/wp-json\/wp\/v2\/posts"}],"about":[{"href":"https:\/\/jornaldasoficinas.com\/pt\/wp-json\/wp\/v2\/types\/post"}],"author":[{"embeddable":true,"href":"https:\/\/jornaldasoficinas.com\/pt\/wp-json\/wp\/v2\/users\/15"}],"replies":[{"embeddable":true,"href":"https:\/\/jornaldasoficinas.com\/pt\/wp-json\/wp\/v2\/comments?post=111221"}],"version-history":[{"count":4,"href":"https:\/\/jornaldasoficinas.com\/pt\/wp-json\/wp\/v2\/posts\/111221\/revisions"}],"predecessor-version":[{"id":111227,"href":"https:\/\/jornaldasoficinas.com\/pt\/wp-json\/wp\/v2\/posts\/111221\/revisions\/111227"}],"wp:featuredmedia":[{"embeddable":true,"href":"https:\/\/jornaldasoficinas.com\/pt\/wp-json\/wp\/v2\/media\/111226"}],"wp:attachment":[{"href":"https:\/\/jornaldasoficinas.com\/pt\/wp-json\/wp\/v2\/media?parent=111221"}],"wp:term":[{"taxonomy":"category","embeddable":true,"href":"https:\/\/jornaldasoficinas.com\/pt\/wp-json\/wp\/v2\/categories?post=111221"},{"taxonomy":"post_tag","embeddable":true,"href":"https:\/\/jornaldasoficinas.com\/pt\/wp-json\/wp\/v2\/tags?post=111221"}],"curies":[{"name":"wp","href":"https:\/\/api.w.org\/{rel}","templated":true}]}}