{"id":111324,"date":"2026-01-02T08:00:19","date_gmt":"2026-01-02T08:00:19","guid":{"rendered":"https:\/\/jornaldasoficinas.com\/pt\/?p=111324"},"modified":"2026-01-02T08:01:14","modified_gmt":"2026-01-02T08:01:14","slug":"grupo-alves-bandeira","status":"publish","type":"post","link":"https:\/\/jornaldasoficinas.com\/pt\/grupo-alves-bandeira\/","title":{"rendered":"Grupo Alves Bandeira apoia Hospital Pedi\u00e1trico de Coimbra"},"content":{"rendered":"<p><strong><img loading=\"lazy\" decoding=\"async\" class=\"alignnone size-full wp-image-111329\" src=\"https:\/\/jornaldasoficinas.com\/pt\/wp-content\/uploads\/2025\/12\/Grupo-Alves-Bandeira-apoia-Hospital-Pediatrico-de-Coimbra.jpg\" alt=\"12 - Grupo Alves Bandeira apoia Hospital Pediatrico de Coimbra\" width=\"1024\" height=\"581\" srcset=\"https:\/\/jornaldasoficinas.com\/pt\/wp-content\/uploads\/2025\/12\/Grupo-Alves-Bandeira-apoia-Hospital-Pediatrico-de-Coimbra.jpg 1024w, https:\/\/jornaldasoficinas.com\/pt\/wp-content\/uploads\/2025\/12\/Grupo-Alves-Bandeira-apoia-Hospital-Pediatrico-de-Coimbra-300x170.jpg 300w, https:\/\/jornaldasoficinas.com\/pt\/wp-content\/uploads\/2025\/12\/Grupo-Alves-Bandeira-apoia-Hospital-Pediatrico-de-Coimbra-150x85.jpg 150w, https:\/\/jornaldasoficinas.com\/pt\/wp-content\/uploads\/2025\/12\/Grupo-Alves-Bandeira-apoia-Hospital-Pediatrico-de-Coimbra-768x436.jpg 768w\" sizes=\"auto, (max-width: 1024px) 100vw, 1024px\" \/><\/strong><\/p>\n<p><strong>O <a href=\"https:\/\/www.grupoalvesbandeira.com\/\" target=\"_blank\" rel=\"noopener\">Grupo Alves Bandeira<\/a> promoveu, durante a \u00e9poca natal\u00edcia, uma iniciativa solid\u00e1ria que envolveu escolas, crian\u00e7as, clientes e colaboradores, com o objetivo de apoiar a \u00c1rea de Internamento do Hospital Pedi\u00e1trico de Coimbra<\/strong><\/p>\n<p>Atrav\u00e9s desta iniciativa de responsabilidade social, mais de 5.000 crian\u00e7as foram desafiadas a pintar estrelas em cart\u00e3o, onde cada estrela representava, simbolicamente, o valor de 1 euro de donativo. &#8220;O envolvimento coletivo permitiu angariar o montante necess\u00e1rio para dar resposta integral \u00e0 lista de necessidades preparada pelo Hospital para esta \u00e9poca natal\u00edcia&#8221;, avan\u00e7ou o Grupo Alves Bandeira em comunicado.<\/p>\n<p>Entre brinquedos, jogos, instrumentos musicais, materiais de papelaria e muitos outros, foram entregues diversos bens \u00e0 \u00c1rea de Educa\u00e7\u00e3o de Inf\u00e2ncia do Hospital, contribuindo para tornar o dia a dia das crian\u00e7as internadas mais leve, acolhedor e feliz.<\/p>\n<p>&#8220;As estrelas, agora cheias de cor e significado, simbolizam muito mais do que um gesto solid\u00e1rio. Representam a esperan\u00e7a, a empatia e a alegria que todos desejamos levar a quem mais precisa, especialmente nesta quadra festiva&#8221;, declarou.<\/p>\n<p>Para o diretor de marketing do Grupo Alves Bandeira, esta iniciativa reflete os valores que orientam a atua\u00e7\u00e3o do Grupo: &#8220;Ver milhares de crian\u00e7as, escolas, clientes e colaboradores unidos em torno desta causa demonstra que, unindo esfor\u00e7os em torno de um mesmo objetivo, conseguimos transformar pequenos gestos em a\u00e7\u00f5es com impacto real e positivo na vida de quem mais precisa&#8221;.<\/p>\n","protected":false},"excerpt":{"rendered":"<p>O Grupo Alves Bandeira promoveu, durante&#8230;<\/p>\n","protected":false},"author":15,"featured_media":111329,"comment_status":"closed","ping_status":"closed","sticky":false,"template":"","format":"standard","meta":{"footnotes":""},"categories":[29],"tags":[11550,14301,2913,14299,14300],"class_list":["post-111324","post","type-post","status-publish","format-standard","has-post-thumbnail","hentry","category-empresas","tag-donativos","tag-epoca-natalicia","tag-grupo-alves-bandeira","tag-hospital-pediatrico-de-coimbra","tag-iniciativa-solidaria"],"yoast_head":"<!-- This site is optimized with the Yoast SEO plugin v27.4 - https:\/\/yoast.com\/product\/yoast-seo-wordpress\/ -->\n<title>Grupo Alves Bandeira apoia Hospital Pedi\u00e1trico de Coimbra - Jornal das Oficinas<\/title>\n<meta name=\"description\" content=\"O Grupo Alves Bandeira promoveu, durante a \u00e9poca natal\u00edcia, uma iniciativa solid\u00e1ria que envolveu escolas, crian\u00e7as, clientes e colaboradores\" \/>\n<meta name=\"robots\" content=\"index, follow, max-snippet:-1, max-image-preview:large, max-video-preview:-1\" \/>\n<link rel=\"canonical\" href=\"https:\/\/jornaldasoficinas.com\/pt\/grupo-alves-bandeira\/\" \/>\n<meta property=\"og:locale\" content=\"pt_PT\" \/>\n<meta property=\"og:type\" content=\"article\" \/>\n<meta property=\"og:title\" content=\"Grupo Alves Bandeira apoia Hospital Pedi\u00e1trico de Coimbra - Jornal das Oficinas\" \/>\n<meta property=\"og:description\" content=\"O Grupo Alves Bandeira promoveu, durante a \u00e9poca natal\u00edcia, uma iniciativa solid\u00e1ria que envolveu escolas, crian\u00e7as, clientes e colaboradores\" \/>\n<meta property=\"og:url\" content=\"https:\/\/jornaldasoficinas.com\/pt\/grupo-alves-bandeira\/\" \/>\n<meta property=\"og:site_name\" content=\"Jornal das Oficinas\" \/>\n<meta property=\"article:publisher\" content=\"https:\/\/www.facebook.com\/jornaloficinas\" \/>\n<meta property=\"article:published_time\" content=\"2026-01-02T08:00:19+00:00\" \/>\n<meta property=\"article:modified_time\" content=\"2026-01-02T08:01:14+00:00\" \/>\n<meta property=\"og:image\" content=\"https:\/\/jornaldasoficinas.com\/pt\/wp-content\/uploads\/2025\/12\/Grupo-Alves-Bandeira-apoia-Hospital-Pediatrico-de-Coimbra.jpg\" \/>\n\t<meta property=\"og:image:width\" content=\"1024\" \/>\n\t<meta property=\"og:image:height\" content=\"581\" \/>\n\t<meta property=\"og:image:type\" content=\"image\/jpeg\" \/>\n<meta name=\"author\" content=\"Reda\u00e7\u00e3o JO\" \/>\n<meta name=\"twitter:card\" content=\"summary_large_image\" \/>\n<meta name=\"twitter:creator\" content=\"@jornaloficinas\" \/>\n<meta name=\"twitter:site\" content=\"@jornaloficinas\" \/>\n<meta name=\"twitter:label1\" content=\"Escrito por\" \/>\n\t<meta name=\"twitter:data1\" content=\"Reda\u00e7\u00e3o JO\" \/>\n\t<meta name=\"twitter:label2\" content=\"Tempo estimado de leitura\" \/>\n\t<meta name=\"twitter:data2\" content=\"2 minutos\" \/>\n<script type=\"application\/ld+json\" class=\"yoast-schema-graph\">{\"@context\":\"https:\\\/\\\/schema.org\",\"@graph\":[{\"@type\":\"Article\",\"@id\":\"https:\\\/\\\/jornaldasoficinas.com\\\/pt\\\/grupo-alves-bandeira\\\/#article\",\"isPartOf\":{\"@id\":\"https:\\\/\\\/jornaldasoficinas.com\\\/pt\\\/grupo-alves-bandeira\\\/\"},\"author\":{\"name\":\"Reda\u00e7\u00e3o JO\",\"@id\":\"https:\\\/\\\/jornaldasoficinas.com\\\/pt\\\/#\\\/schema\\\/person\\\/a38eef5de2c41d9e7c9ac10141afddf3\"},\"headline\":\"Grupo Alves Bandeira apoia Hospital Pedi\u00e1trico de Coimbra\",\"datePublished\":\"2026-01-02T08:00:19+00:00\",\"dateModified\":\"2026-01-02T08:01:14+00:00\",\"mainEntityOfPage\":{\"@id\":\"https:\\\/\\\/jornaldasoficinas.com\\\/pt\\\/grupo-alves-bandeira\\\/\"},\"wordCount\":251,\"publisher\":{\"@id\":\"https:\\\/\\\/jornaldasoficinas.com\\\/pt\\\/#organization\"},\"image\":{\"@id\":\"https:\\\/\\\/jornaldasoficinas.com\\\/pt\\\/grupo-alves-bandeira\\\/#primaryimage\"},\"thumbnailUrl\":\"https:\\\/\\\/jornaldasoficinas.com\\\/pt\\\/wp-content\\\/uploads\\\/2025\\\/12\\\/Grupo-Alves-Bandeira-apoia-Hospital-Pediatrico-de-Coimbra.jpg\",\"keywords\":[\"donativos\",\"\u00e9poca natal\u00edcia\",\"Grupo Alves Bandeira\",\"Hospital Pedi\u00e1trico de Coimbra\",\"iniciativa solid\u00e1ria\"],\"articleSection\":[\"Empresas\"],\"inLanguage\":\"pt-PT\"},{\"@type\":\"WebPage\",\"@id\":\"https:\\\/\\\/jornaldasoficinas.com\\\/pt\\\/grupo-alves-bandeira\\\/\",\"url\":\"https:\\\/\\\/jornaldasoficinas.com\\\/pt\\\/grupo-alves-bandeira\\\/\",\"name\":\"Grupo Alves Bandeira apoia Hospital Pedi\u00e1trico de Coimbra - Jornal das Oficinas\",\"isPartOf\":{\"@id\":\"https:\\\/\\\/jornaldasoficinas.com\\\/pt\\\/#website\"},\"primaryImageOfPage\":{\"@id\":\"https:\\\/\\\/jornaldasoficinas.com\\\/pt\\\/grupo-alves-bandeira\\\/#primaryimage\"},\"image\":{\"@id\":\"https:\\\/\\\/jornaldasoficinas.com\\\/pt\\\/grupo-alves-bandeira\\\/#primaryimage\"},\"thumbnailUrl\":\"https:\\\/\\\/jornaldasoficinas.com\\\/pt\\\/wp-content\\\/uploads\\\/2025\\\/12\\\/Grupo-Alves-Bandeira-apoia-Hospital-Pediatrico-de-Coimbra.jpg\",\"datePublished\":\"2026-01-02T08:00:19+00:00\",\"dateModified\":\"2026-01-02T08:01:14+00:00\",\"description\":\"O Grupo Alves Bandeira promoveu, durante a \u00e9poca natal\u00edcia, uma iniciativa solid\u00e1ria que envolveu escolas, crian\u00e7as, clientes e colaboradores\",\"breadcrumb\":{\"@id\":\"https:\\\/\\\/jornaldasoficinas.com\\\/pt\\\/grupo-alves-bandeira\\\/#breadcrumb\"},\"inLanguage\":\"pt-PT\",\"potentialAction\":[{\"@type\":\"ReadAction\",\"target\":[\"https:\\\/\\\/jornaldasoficinas.com\\\/pt\\\/grupo-alves-bandeira\\\/\"]}]},{\"@type\":\"ImageObject\",\"inLanguage\":\"pt-PT\",\"@id\":\"https:\\\/\\\/jornaldasoficinas.com\\\/pt\\\/grupo-alves-bandeira\\\/#primaryimage\",\"url\":\"https:\\\/\\\/jornaldasoficinas.com\\\/pt\\\/wp-content\\\/uploads\\\/2025\\\/12\\\/Grupo-Alves-Bandeira-apoia-Hospital-Pediatrico-de-Coimbra.jpg\",\"contentUrl\":\"https:\\\/\\\/jornaldasoficinas.com\\\/pt\\\/wp-content\\\/uploads\\\/2025\\\/12\\\/Grupo-Alves-Bandeira-apoia-Hospital-Pediatrico-de-Coimbra.jpg\",\"width\":1024,\"height\":581,\"caption\":\"12 - Grupo Alves Bandeira apoia Hospital Pediatrico de Coimbra\"},{\"@type\":\"BreadcrumbList\",\"@id\":\"https:\\\/\\\/jornaldasoficinas.com\\\/pt\\\/grupo-alves-bandeira\\\/#breadcrumb\",\"itemListElement\":[{\"@type\":\"ListItem\",\"position\":1,\"name\":\"In\u00edcio\",\"item\":\"https:\\\/\\\/jornaldasoficinas.com\\\/pt\\\/\"},{\"@type\":\"ListItem\",\"position\":2,\"name\":\"Grupo Alves Bandeira apoia Hospital Pedi\u00e1trico de Coimbra\"}]},{\"@type\":\"WebSite\",\"@id\":\"https:\\\/\\\/jornaldasoficinas.com\\\/pt\\\/#website\",\"url\":\"https:\\\/\\\/jornaldasoficinas.com\\\/pt\\\/\",\"name\":\"Jornal das Oficinas\",\"description\":\"Jornal independente do Aftermarket Autom\u00f3vel em Portugal\",\"publisher\":{\"@id\":\"https:\\\/\\\/jornaldasoficinas.com\\\/pt\\\/#organization\"},\"potentialAction\":[{\"@type\":\"SearchAction\",\"target\":{\"@type\":\"EntryPoint\",\"urlTemplate\":\"https:\\\/\\\/jornaldasoficinas.com\\\/pt\\\/?s={search_term_string}\"},\"query-input\":{\"@type\":\"PropertyValueSpecification\",\"valueRequired\":true,\"valueName\":\"search_term_string\"}}],\"inLanguage\":\"pt-PT\"},{\"@type\":\"Organization\",\"@id\":\"https:\\\/\\\/jornaldasoficinas.com\\\/pt\\\/#organization\",\"name\":\"Jornal das Oficinas\",\"url\":\"https:\\\/\\\/jornaldasoficinas.com\\\/pt\\\/\",\"logo\":{\"@type\":\"ImageObject\",\"inLanguage\":\"pt-PT\",\"@id\":\"https:\\\/\\\/jornaldasoficinas.com\\\/pt\\\/#\\\/schema\\\/logo\\\/image\\\/\",\"url\":\"https:\\\/\\\/jornaldasoficinas.com\\\/pt\\\/wp-content\\\/uploads\\\/logoJO-SEO.png\",\"contentUrl\":\"https:\\\/\\\/jornaldasoficinas.com\\\/pt\\\/wp-content\\\/uploads\\\/logoJO-SEO.png\",\"width\":285,\"height\":450,\"caption\":\"Jornal das Oficinas\"},\"image\":{\"@id\":\"https:\\\/\\\/jornaldasoficinas.com\\\/pt\\\/#\\\/schema\\\/logo\\\/image\\\/\"},\"sameAs\":[\"https:\\\/\\\/www.facebook.com\\\/jornaloficinas\",\"https:\\\/\\\/x.com\\\/jornaloficinas\",\"https:\\\/\\\/www.instagram.com\\\/jornal_oficinas\\\/\",\"https:\\\/\\\/www.linkedin.com\\\/company\\\/jornal-das-oficinas\\\/\",\"https:\\\/\\\/www.youtube.com\\\/channel\\\/UCbQZBqtcvV-oSQrr7RzINGg\"]},{\"@type\":\"Person\",\"@id\":\"https:\\\/\\\/jornaldasoficinas.com\\\/pt\\\/#\\\/schema\\\/person\\\/a38eef5de2c41d9e7c9ac10141afddf3\",\"name\":\"Reda\u00e7\u00e3o JO\",\"image\":{\"@type\":\"ImageObject\",\"inLanguage\":\"pt-PT\",\"@id\":\"https:\\\/\\\/secure.gravatar.com\\\/avatar\\\/71f2fa71737ad68a84fea94bc708ddac8ea5b0c4788dc2ad202f3ccb2887742f?s=96&d=wp_user_avatar&r=g\",\"url\":\"https:\\\/\\\/secure.gravatar.com\\\/avatar\\\/71f2fa71737ad68a84fea94bc708ddac8ea5b0c4788dc2ad202f3ccb2887742f?s=96&d=wp_user_avatar&r=g\",\"contentUrl\":\"https:\\\/\\\/secure.gravatar.com\\\/avatar\\\/71f2fa71737ad68a84fea94bc708ddac8ea5b0c4788dc2ad202f3ccb2887742f?s=96&d=wp_user_avatar&r=g\",\"caption\":\"Reda\u00e7\u00e3o JO\"},\"url\":\"https:\\\/\\\/jornaldasoficinas.com\\\/pt\\\/author\\\/joredacao\\\/\"}]}<\/script>\n<!-- \/ Yoast SEO plugin. -->","yoast_head_json":{"title":"Grupo Alves Bandeira apoia Hospital Pedi\u00e1trico de Coimbra - Jornal das Oficinas","description":"O Grupo Alves Bandeira promoveu, durante a \u00e9poca natal\u00edcia, uma iniciativa solid\u00e1ria que envolveu escolas, crian\u00e7as, clientes e colaboradores","robots":{"index":"index","follow":"follow","max-snippet":"max-snippet:-1","max-image-preview":"max-image-preview:large","max-video-preview":"max-video-preview:-1"},"canonical":"https:\/\/jornaldasoficinas.com\/pt\/grupo-alves-bandeira\/","og_locale":"pt_PT","og_type":"article","og_title":"Grupo Alves Bandeira apoia Hospital Pedi\u00e1trico de Coimbra - Jornal das Oficinas","og_description":"O Grupo Alves Bandeira promoveu, durante a \u00e9poca natal\u00edcia, uma iniciativa solid\u00e1ria que envolveu escolas, crian\u00e7as, clientes e colaboradores","og_url":"https:\/\/jornaldasoficinas.com\/pt\/grupo-alves-bandeira\/","og_site_name":"Jornal das Oficinas","article_publisher":"https:\/\/www.facebook.com\/jornaloficinas","article_published_time":"2026-01-02T08:00:19+00:00","article_modified_time":"2026-01-02T08:01:14+00:00","og_image":[{"width":1024,"height":581,"url":"https:\/\/jornaldasoficinas.com\/pt\/wp-content\/uploads\/2025\/12\/Grupo-Alves-Bandeira-apoia-Hospital-Pediatrico-de-Coimbra.jpg","type":"image\/jpeg"}],"author":"Reda\u00e7\u00e3o JO","twitter_card":"summary_large_image","twitter_creator":"@jornaloficinas","twitter_site":"@jornaloficinas","twitter_misc":{"Escrito por":"Reda\u00e7\u00e3o JO","Tempo estimado de leitura":"2 minutos"},"schema":{"@context":"https:\/\/schema.org","@graph":[{"@type":"Article","@id":"https:\/\/jornaldasoficinas.com\/pt\/grupo-alves-bandeira\/#article","isPartOf":{"@id":"https:\/\/jornaldasoficinas.com\/pt\/grupo-alves-bandeira\/"},"author":{"name":"Reda\u00e7\u00e3o JO","@id":"https:\/\/jornaldasoficinas.com\/pt\/#\/schema\/person\/a38eef5de2c41d9e7c9ac10141afddf3"},"headline":"Grupo Alves Bandeira apoia Hospital Pedi\u00e1trico de Coimbra","datePublished":"2026-01-02T08:00:19+00:00","dateModified":"2026-01-02T08:01:14+00:00","mainEntityOfPage":{"@id":"https:\/\/jornaldasoficinas.com\/pt\/grupo-alves-bandeira\/"},"wordCount":251,"publisher":{"@id":"https:\/\/jornaldasoficinas.com\/pt\/#organization"},"image":{"@id":"https:\/\/jornaldasoficinas.com\/pt\/grupo-alves-bandeira\/#primaryimage"},"thumbnailUrl":"https:\/\/jornaldasoficinas.com\/pt\/wp-content\/uploads\/2025\/12\/Grupo-Alves-Bandeira-apoia-Hospital-Pediatrico-de-Coimbra.jpg","keywords":["donativos","\u00e9poca natal\u00edcia","Grupo Alves Bandeira","Hospital Pedi\u00e1trico de Coimbra","iniciativa solid\u00e1ria"],"articleSection":["Empresas"],"inLanguage":"pt-PT"},{"@type":"WebPage","@id":"https:\/\/jornaldasoficinas.com\/pt\/grupo-alves-bandeira\/","url":"https:\/\/jornaldasoficinas.com\/pt\/grupo-alves-bandeira\/","name":"Grupo Alves Bandeira apoia Hospital Pedi\u00e1trico de Coimbra - Jornal das Oficinas","isPartOf":{"@id":"https:\/\/jornaldasoficinas.com\/pt\/#website"},"primaryImageOfPage":{"@id":"https:\/\/jornaldasoficinas.com\/pt\/grupo-alves-bandeira\/#primaryimage"},"image":{"@id":"https:\/\/jornaldasoficinas.com\/pt\/grupo-alves-bandeira\/#primaryimage"},"thumbnailUrl":"https:\/\/jornaldasoficinas.com\/pt\/wp-content\/uploads\/2025\/12\/Grupo-Alves-Bandeira-apoia-Hospital-Pediatrico-de-Coimbra.jpg","datePublished":"2026-01-02T08:00:19+00:00","dateModified":"2026-01-02T08:01:14+00:00","description":"O Grupo Alves Bandeira promoveu, durante a \u00e9poca natal\u00edcia, uma iniciativa solid\u00e1ria que envolveu escolas, crian\u00e7as, clientes e colaboradores","breadcrumb":{"@id":"https:\/\/jornaldasoficinas.com\/pt\/grupo-alves-bandeira\/#breadcrumb"},"inLanguage":"pt-PT","potentialAction":[{"@type":"ReadAction","target":["https:\/\/jornaldasoficinas.com\/pt\/grupo-alves-bandeira\/"]}]},{"@type":"ImageObject","inLanguage":"pt-PT","@id":"https:\/\/jornaldasoficinas.com\/pt\/grupo-alves-bandeira\/#primaryimage","url":"https:\/\/jornaldasoficinas.com\/pt\/wp-content\/uploads\/2025\/12\/Grupo-Alves-Bandeira-apoia-Hospital-Pediatrico-de-Coimbra.jpg","contentUrl":"https:\/\/jornaldasoficinas.com\/pt\/wp-content\/uploads\/2025\/12\/Grupo-Alves-Bandeira-apoia-Hospital-Pediatrico-de-Coimbra.jpg","width":1024,"height":581,"caption":"12 - Grupo Alves Bandeira apoia Hospital Pediatrico de Coimbra"},{"@type":"BreadcrumbList","@id":"https:\/\/jornaldasoficinas.com\/pt\/grupo-alves-bandeira\/#breadcrumb","itemListElement":[{"@type":"ListItem","position":1,"name":"In\u00edcio","item":"https:\/\/jornaldasoficinas.com\/pt\/"},{"@type":"ListItem","position":2,"name":"Grupo Alves Bandeira apoia Hospital Pedi\u00e1trico de Coimbra"}]},{"@type":"WebSite","@id":"https:\/\/jornaldasoficinas.com\/pt\/#website","url":"https:\/\/jornaldasoficinas.com\/pt\/","name":"Jornal das Oficinas","description":"Jornal independente do Aftermarket Autom\u00f3vel em Portugal","publisher":{"@id":"https:\/\/jornaldasoficinas.com\/pt\/#organization"},"potentialAction":[{"@type":"SearchAction","target":{"@type":"EntryPoint","urlTemplate":"https:\/\/jornaldasoficinas.com\/pt\/?s={search_term_string}"},"query-input":{"@type":"PropertyValueSpecification","valueRequired":true,"valueName":"search_term_string"}}],"inLanguage":"pt-PT"},{"@type":"Organization","@id":"https:\/\/jornaldasoficinas.com\/pt\/#organization","name":"Jornal das Oficinas","url":"https:\/\/jornaldasoficinas.com\/pt\/","logo":{"@type":"ImageObject","inLanguage":"pt-PT","@id":"https:\/\/jornaldasoficinas.com\/pt\/#\/schema\/logo\/image\/","url":"https:\/\/jornaldasoficinas.com\/pt\/wp-content\/uploads\/logoJO-SEO.png","contentUrl":"https:\/\/jornaldasoficinas.com\/pt\/wp-content\/uploads\/logoJO-SEO.png","width":285,"height":450,"caption":"Jornal das Oficinas"},"image":{"@id":"https:\/\/jornaldasoficinas.com\/pt\/#\/schema\/logo\/image\/"},"sameAs":["https:\/\/www.facebook.com\/jornaloficinas","https:\/\/x.com\/jornaloficinas","https:\/\/www.instagram.com\/jornal_oficinas\/","https:\/\/www.linkedin.com\/company\/jornal-das-oficinas\/","https:\/\/www.youtube.com\/channel\/UCbQZBqtcvV-oSQrr7RzINGg"]},{"@type":"Person","@id":"https:\/\/jornaldasoficinas.com\/pt\/#\/schema\/person\/a38eef5de2c41d9e7c9ac10141afddf3","name":"Reda\u00e7\u00e3o JO","image":{"@type":"ImageObject","inLanguage":"pt-PT","@id":"https:\/\/secure.gravatar.com\/avatar\/71f2fa71737ad68a84fea94bc708ddac8ea5b0c4788dc2ad202f3ccb2887742f?s=96&d=wp_user_avatar&r=g","url":"https:\/\/secure.gravatar.com\/avatar\/71f2fa71737ad68a84fea94bc708ddac8ea5b0c4788dc2ad202f3ccb2887742f?s=96&d=wp_user_avatar&r=g","contentUrl":"https:\/\/secure.gravatar.com\/avatar\/71f2fa71737ad68a84fea94bc708ddac8ea5b0c4788dc2ad202f3ccb2887742f?s=96&d=wp_user_avatar&r=g","caption":"Reda\u00e7\u00e3o JO"},"url":"https:\/\/jornaldasoficinas.com\/pt\/author\/joredacao\/"}]}},"_links":{"self":[{"href":"https:\/\/jornaldasoficinas.com\/pt\/wp-json\/wp\/v2\/posts\/111324","targetHints":{"allow":["GET"]}}],"collection":[{"href":"https:\/\/jornaldasoficinas.com\/pt\/wp-json\/wp\/v2\/posts"}],"about":[{"href":"https:\/\/jornaldasoficinas.com\/pt\/wp-json\/wp\/v2\/types\/post"}],"author":[{"embeddable":true,"href":"https:\/\/jornaldasoficinas.com\/pt\/wp-json\/wp\/v2\/users\/15"}],"replies":[{"embeddable":true,"href":"https:\/\/jornaldasoficinas.com\/pt\/wp-json\/wp\/v2\/comments?post=111324"}],"version-history":[{"count":6,"href":"https:\/\/jornaldasoficinas.com\/pt\/wp-json\/wp\/v2\/posts\/111324\/revisions"}],"predecessor-version":[{"id":111342,"href":"https:\/\/jornaldasoficinas.com\/pt\/wp-json\/wp\/v2\/posts\/111324\/revisions\/111342"}],"wp:featuredmedia":[{"embeddable":true,"href":"https:\/\/jornaldasoficinas.com\/pt\/wp-json\/wp\/v2\/media\/111329"}],"wp:attachment":[{"href":"https:\/\/jornaldasoficinas.com\/pt\/wp-json\/wp\/v2\/media?parent=111324"}],"wp:term":[{"taxonomy":"category","embeddable":true,"href":"https:\/\/jornaldasoficinas.com\/pt\/wp-json\/wp\/v2\/categories?post=111324"},{"taxonomy":"post_tag","embeddable":true,"href":"https:\/\/jornaldasoficinas.com\/pt\/wp-json\/wp\/v2\/tags?post=111324"}],"curies":[{"name":"wp","href":"https:\/\/api.w.org\/{rel}","templated":true}]}}