{"id":111352,"date":"2026-01-02T12:30:46","date_gmt":"2026-01-02T12:30:46","guid":{"rendered":"https:\/\/jornaldasoficinas.com\/pt\/?p=111352"},"modified":"2026-01-02T10:48:23","modified_gmt":"2026-01-02T10:48:23","slug":"drive360-adquire-create-by-sandia","status":"publish","type":"post","link":"https:\/\/jornaldasoficinas.com\/pt\/drive360-adquire-create-by-sandia\/","title":{"rendered":"Drive360 adquire Create by Sandia"},"content":{"rendered":"<p><strong><img loading=\"lazy\" decoding=\"async\" class=\"alignnone size-full wp-image-111356\" src=\"https:\/\/jornaldasoficinas.com\/pt\/wp-content\/uploads\/2026\/01\/Drive360-adquire-Create-by-Sandia.jpg\" alt=\"01 - Drive360 adquire Create by Sandia\" width=\"1024\" height=\"581\" srcset=\"https:\/\/jornaldasoficinas.com\/pt\/wp-content\/uploads\/2026\/01\/Drive360-adquire-Create-by-Sandia.jpg 1024w, https:\/\/jornaldasoficinas.com\/pt\/wp-content\/uploads\/2026\/01\/Drive360-adquire-Create-by-Sandia-300x170.jpg 300w, https:\/\/jornaldasoficinas.com\/pt\/wp-content\/uploads\/2026\/01\/Drive360-adquire-Create-by-Sandia-150x85.jpg 150w, https:\/\/jornaldasoficinas.com\/pt\/wp-content\/uploads\/2026\/01\/Drive360-adquire-Create-by-Sandia-768x436.jpg 768w\" sizes=\"auto, (max-width: 1024px) 100vw, 1024px\" \/><\/strong><\/p>\n<p><strong>A <a href=\"https:\/\/drive360.pt\/\" target=\"_blank\" rel=\"noopener\">Drive360 Parts &amp; Solutions<\/a>, o maior parceiro do universo <a href=\"https:\/\/intranet.createbusiness.pt\/\" target=\"_blank\" rel=\"noopener\">Create Business<\/a>, acaba de dar um passo decisivo na sua estrat\u00e9gia de expans\u00e3o: a aquisi\u00e7\u00e3o do neg\u00f3cio da <a href=\"https:\/\/createbysandia.pt\/\" target=\"_blank\" rel=\"noopener\">Create by Sandia<\/a>, empresa de refer\u00eancia no Sul do pa\u00eds, com presen\u00e7a nos distritos de Faro, Beja e \u00c9vora<\/strong><\/p>\n<p>Com esta opera\u00e7\u00e3o, a Drive360 consolida a sua posi\u00e7\u00e3o como refer\u00eancia nacional, alargando a cobertura geogr\u00e1fica e refor\u00e7ando a capacidade de resposta num mercado cada vez mais competitivo. &#8220;Esta aquisi\u00e7\u00e3o insere-se na nossa estrat\u00e9gia de crescimento e expans\u00e3o sustent\u00e1vel. Ao integrar a Create by Sandia, refor\u00e7amos a nossa cobertura nacional e elevamos a capacidade de inova\u00e7\u00e3o e proximidade junto dos clientes&#8221;, sublinhou Pedro Proen\u00e7a, CEO da Drive360.<\/p>\n<p>A integra\u00e7\u00e3o decorreu nos \u00faltimos dias de 2025 com a implementa\u00e7\u00e3o dos novos sistemas nos armaz\u00e9ns de Albufeira, Beja, \u00c9vora, Lagos, Loul\u00e9, Odemira e Portim\u00e3o, preparando uma transi\u00e7\u00e3o sem sobressaltos. Desde o dia 2 de janeiro, todos os clientes passaram a ser servidos pela estrutura Drive360.<\/p>\n<p>&#8220;Estou confiante na transmiss\u00e3o do neg\u00f3cio \u00e0 Drive360, e tenho a plena convic\u00e7\u00e3o no seu potencial. A partilha de valores como transpar\u00eancia, \u00e9tica e excel\u00eancia assegura continuidade e melhoria do servi\u00e7o prestado&#8221;, afirmou Fernanda Miguel, fundadora da Create by Sandia.<\/p>\n<p>A equipa da &#8220;Create by Sandia&#8221; transita para a nova estrutura, refor\u00e7ando o compromisso da Drive360 de honrar e potenciar o legado constru\u00eddo pela empresa na regi\u00e3o.<\/p>\n<p>&#8220;Estarei pessoalmente empenhado na transi\u00e7\u00e3o, garantindo que a qualidade, a proximidade e a excel\u00eancia caracter\u00edsticos da Create by Sandia se mantenham intactos e refor\u00e7ados&#8221;, assegurou Valter Martins, Area Manager da Drive360 para o Alentejo e o Algarve.<\/p>\n","protected":false},"excerpt":{"rendered":"<p>A Drive360 Parts &amp; Solutions, o&#8230;<\/p>\n","protected":false},"author":15,"featured_media":111356,"comment_status":"closed","ping_status":"closed","sticky":false,"template":"","format":"standard","meta":{"footnotes":""},"categories":[29],"tags":[4024,14305,874,2855,12889,5340],"class_list":["post-111352","post","type-post","status-publish","format-standard","has-post-thumbnail","hentry","category-empresas","tag-aquisicao","tag-cobertura-nacional","tag-create-business","tag-create-by-sandia","tag-drive360","tag-estrategia-de-expansao"],"yoast_head":"<!-- This site is optimized with the Yoast SEO plugin v27.4 - https:\/\/yoast.com\/product\/yoast-seo-wordpress\/ -->\n<title>Drive360 adquire Create by Sandia - Jornal das Oficinas<\/title>\n<meta name=\"description\" content=\"A Drive360 Parts &amp; Solutions adquiriu a Create by Sandia, empresa de refer\u00eancia no Sul do pa\u00eds, com presen\u00e7a em Faro, Beja e \u00c9vora\" \/>\n<meta name=\"robots\" content=\"index, follow, max-snippet:-1, max-image-preview:large, max-video-preview:-1\" \/>\n<link rel=\"canonical\" href=\"https:\/\/jornaldasoficinas.com\/pt\/drive360-adquire-create-by-sandia\/\" \/>\n<meta property=\"og:locale\" content=\"pt_PT\" \/>\n<meta property=\"og:type\" content=\"article\" \/>\n<meta property=\"og:title\" content=\"Drive360 adquire Create by Sandia - Jornal das Oficinas\" \/>\n<meta property=\"og:description\" content=\"A Drive360 Parts &amp; Solutions adquiriu a Create by Sandia, empresa de refer\u00eancia no Sul do pa\u00eds, com presen\u00e7a em Faro, Beja e \u00c9vora\" \/>\n<meta property=\"og:url\" content=\"https:\/\/jornaldasoficinas.com\/pt\/drive360-adquire-create-by-sandia\/\" \/>\n<meta property=\"og:site_name\" content=\"Jornal das Oficinas\" \/>\n<meta property=\"article:publisher\" content=\"https:\/\/www.facebook.com\/jornaloficinas\" \/>\n<meta property=\"article:published_time\" content=\"2026-01-02T12:30:46+00:00\" \/>\n<meta property=\"og:image\" content=\"https:\/\/jornaldasoficinas.com\/pt\/wp-content\/uploads\/2026\/01\/Drive360-adquire-Create-by-Sandia.jpg\" \/>\n\t<meta property=\"og:image:width\" content=\"1024\" \/>\n\t<meta property=\"og:image:height\" content=\"581\" \/>\n\t<meta property=\"og:image:type\" content=\"image\/jpeg\" \/>\n<meta name=\"author\" content=\"Reda\u00e7\u00e3o JO\" \/>\n<meta name=\"twitter:card\" content=\"summary_large_image\" \/>\n<meta name=\"twitter:creator\" content=\"@jornaloficinas\" \/>\n<meta name=\"twitter:site\" content=\"@jornaloficinas\" \/>\n<meta name=\"twitter:label1\" content=\"Escrito por\" \/>\n\t<meta name=\"twitter:data1\" content=\"Reda\u00e7\u00e3o JO\" \/>\n\t<meta name=\"twitter:label2\" content=\"Tempo estimado de leitura\" \/>\n\t<meta name=\"twitter:data2\" content=\"2 minutos\" \/>\n<script type=\"application\/ld+json\" class=\"yoast-schema-graph\">{\"@context\":\"https:\\\/\\\/schema.org\",\"@graph\":[{\"@type\":\"Article\",\"@id\":\"https:\\\/\\\/jornaldasoficinas.com\\\/pt\\\/drive360-adquire-create-by-sandia\\\/#article\",\"isPartOf\":{\"@id\":\"https:\\\/\\\/jornaldasoficinas.com\\\/pt\\\/drive360-adquire-create-by-sandia\\\/\"},\"author\":{\"name\":\"Reda\u00e7\u00e3o JO\",\"@id\":\"https:\\\/\\\/jornaldasoficinas.com\\\/pt\\\/#\\\/schema\\\/person\\\/a38eef5de2c41d9e7c9ac10141afddf3\"},\"headline\":\"Drive360 adquire Create by Sandia\",\"datePublished\":\"2026-01-02T12:30:46+00:00\",\"mainEntityOfPage\":{\"@id\":\"https:\\\/\\\/jornaldasoficinas.com\\\/pt\\\/drive360-adquire-create-by-sandia\\\/\"},\"wordCount\":303,\"publisher\":{\"@id\":\"https:\\\/\\\/jornaldasoficinas.com\\\/pt\\\/#organization\"},\"image\":{\"@id\":\"https:\\\/\\\/jornaldasoficinas.com\\\/pt\\\/drive360-adquire-create-by-sandia\\\/#primaryimage\"},\"thumbnailUrl\":\"https:\\\/\\\/jornaldasoficinas.com\\\/pt\\\/wp-content\\\/uploads\\\/2026\\\/01\\\/Drive360-adquire-Create-by-Sandia.jpg\",\"keywords\":[\"Aquisi\u00e7\u00e3o\",\"cobertura nacional\",\"Create Business\",\"Create by Sandia\",\"Drive360\",\"estrat\u00e9gia de expans\u00e3o\"],\"articleSection\":[\"Empresas\"],\"inLanguage\":\"pt-PT\"},{\"@type\":\"WebPage\",\"@id\":\"https:\\\/\\\/jornaldasoficinas.com\\\/pt\\\/drive360-adquire-create-by-sandia\\\/\",\"url\":\"https:\\\/\\\/jornaldasoficinas.com\\\/pt\\\/drive360-adquire-create-by-sandia\\\/\",\"name\":\"Drive360 adquire Create by Sandia - Jornal das Oficinas\",\"isPartOf\":{\"@id\":\"https:\\\/\\\/jornaldasoficinas.com\\\/pt\\\/#website\"},\"primaryImageOfPage\":{\"@id\":\"https:\\\/\\\/jornaldasoficinas.com\\\/pt\\\/drive360-adquire-create-by-sandia\\\/#primaryimage\"},\"image\":{\"@id\":\"https:\\\/\\\/jornaldasoficinas.com\\\/pt\\\/drive360-adquire-create-by-sandia\\\/#primaryimage\"},\"thumbnailUrl\":\"https:\\\/\\\/jornaldasoficinas.com\\\/pt\\\/wp-content\\\/uploads\\\/2026\\\/01\\\/Drive360-adquire-Create-by-Sandia.jpg\",\"datePublished\":\"2026-01-02T12:30:46+00:00\",\"description\":\"A Drive360 Parts & Solutions adquiriu a Create by Sandia, empresa de refer\u00eancia no Sul do pa\u00eds, com presen\u00e7a em Faro, Beja e \u00c9vora\",\"breadcrumb\":{\"@id\":\"https:\\\/\\\/jornaldasoficinas.com\\\/pt\\\/drive360-adquire-create-by-sandia\\\/#breadcrumb\"},\"inLanguage\":\"pt-PT\",\"potentialAction\":[{\"@type\":\"ReadAction\",\"target\":[\"https:\\\/\\\/jornaldasoficinas.com\\\/pt\\\/drive360-adquire-create-by-sandia\\\/\"]}]},{\"@type\":\"ImageObject\",\"inLanguage\":\"pt-PT\",\"@id\":\"https:\\\/\\\/jornaldasoficinas.com\\\/pt\\\/drive360-adquire-create-by-sandia\\\/#primaryimage\",\"url\":\"https:\\\/\\\/jornaldasoficinas.com\\\/pt\\\/wp-content\\\/uploads\\\/2026\\\/01\\\/Drive360-adquire-Create-by-Sandia.jpg\",\"contentUrl\":\"https:\\\/\\\/jornaldasoficinas.com\\\/pt\\\/wp-content\\\/uploads\\\/2026\\\/01\\\/Drive360-adquire-Create-by-Sandia.jpg\",\"width\":1024,\"height\":581,\"caption\":\"01 - Drive360 adquire Create by Sandia\"},{\"@type\":\"BreadcrumbList\",\"@id\":\"https:\\\/\\\/jornaldasoficinas.com\\\/pt\\\/drive360-adquire-create-by-sandia\\\/#breadcrumb\",\"itemListElement\":[{\"@type\":\"ListItem\",\"position\":1,\"name\":\"In\u00edcio\",\"item\":\"https:\\\/\\\/jornaldasoficinas.com\\\/pt\\\/\"},{\"@type\":\"ListItem\",\"position\":2,\"name\":\"Drive360 adquire Create by Sandia\"}]},{\"@type\":\"WebSite\",\"@id\":\"https:\\\/\\\/jornaldasoficinas.com\\\/pt\\\/#website\",\"url\":\"https:\\\/\\\/jornaldasoficinas.com\\\/pt\\\/\",\"name\":\"Jornal das Oficinas\",\"description\":\"Jornal independente do Aftermarket Autom\u00f3vel em Portugal\",\"publisher\":{\"@id\":\"https:\\\/\\\/jornaldasoficinas.com\\\/pt\\\/#organization\"},\"potentialAction\":[{\"@type\":\"SearchAction\",\"target\":{\"@type\":\"EntryPoint\",\"urlTemplate\":\"https:\\\/\\\/jornaldasoficinas.com\\\/pt\\\/?s={search_term_string}\"},\"query-input\":{\"@type\":\"PropertyValueSpecification\",\"valueRequired\":true,\"valueName\":\"search_term_string\"}}],\"inLanguage\":\"pt-PT\"},{\"@type\":\"Organization\",\"@id\":\"https:\\\/\\\/jornaldasoficinas.com\\\/pt\\\/#organization\",\"name\":\"Jornal das Oficinas\",\"url\":\"https:\\\/\\\/jornaldasoficinas.com\\\/pt\\\/\",\"logo\":{\"@type\":\"ImageObject\",\"inLanguage\":\"pt-PT\",\"@id\":\"https:\\\/\\\/jornaldasoficinas.com\\\/pt\\\/#\\\/schema\\\/logo\\\/image\\\/\",\"url\":\"https:\\\/\\\/jornaldasoficinas.com\\\/pt\\\/wp-content\\\/uploads\\\/logoJO-SEO.png\",\"contentUrl\":\"https:\\\/\\\/jornaldasoficinas.com\\\/pt\\\/wp-content\\\/uploads\\\/logoJO-SEO.png\",\"width\":285,\"height\":450,\"caption\":\"Jornal das Oficinas\"},\"image\":{\"@id\":\"https:\\\/\\\/jornaldasoficinas.com\\\/pt\\\/#\\\/schema\\\/logo\\\/image\\\/\"},\"sameAs\":[\"https:\\\/\\\/www.facebook.com\\\/jornaloficinas\",\"https:\\\/\\\/x.com\\\/jornaloficinas\",\"https:\\\/\\\/www.instagram.com\\\/jornal_oficinas\\\/\",\"https:\\\/\\\/www.linkedin.com\\\/company\\\/jornal-das-oficinas\\\/\",\"https:\\\/\\\/www.youtube.com\\\/channel\\\/UCbQZBqtcvV-oSQrr7RzINGg\"]},{\"@type\":\"Person\",\"@id\":\"https:\\\/\\\/jornaldasoficinas.com\\\/pt\\\/#\\\/schema\\\/person\\\/a38eef5de2c41d9e7c9ac10141afddf3\",\"name\":\"Reda\u00e7\u00e3o JO\",\"image\":{\"@type\":\"ImageObject\",\"inLanguage\":\"pt-PT\",\"@id\":\"https:\\\/\\\/secure.gravatar.com\\\/avatar\\\/71f2fa71737ad68a84fea94bc708ddac8ea5b0c4788dc2ad202f3ccb2887742f?s=96&d=wp_user_avatar&r=g\",\"url\":\"https:\\\/\\\/secure.gravatar.com\\\/avatar\\\/71f2fa71737ad68a84fea94bc708ddac8ea5b0c4788dc2ad202f3ccb2887742f?s=96&d=wp_user_avatar&r=g\",\"contentUrl\":\"https:\\\/\\\/secure.gravatar.com\\\/avatar\\\/71f2fa71737ad68a84fea94bc708ddac8ea5b0c4788dc2ad202f3ccb2887742f?s=96&d=wp_user_avatar&r=g\",\"caption\":\"Reda\u00e7\u00e3o JO\"},\"url\":\"https:\\\/\\\/jornaldasoficinas.com\\\/pt\\\/author\\\/joredacao\\\/\"}]}<\/script>\n<!-- \/ Yoast SEO plugin. -->","yoast_head_json":{"title":"Drive360 adquire Create by Sandia - Jornal das Oficinas","description":"A Drive360 Parts & Solutions adquiriu a Create by Sandia, empresa de refer\u00eancia no Sul do pa\u00eds, com presen\u00e7a em Faro, Beja e \u00c9vora","robots":{"index":"index","follow":"follow","max-snippet":"max-snippet:-1","max-image-preview":"max-image-preview:large","max-video-preview":"max-video-preview:-1"},"canonical":"https:\/\/jornaldasoficinas.com\/pt\/drive360-adquire-create-by-sandia\/","og_locale":"pt_PT","og_type":"article","og_title":"Drive360 adquire Create by Sandia - Jornal das Oficinas","og_description":"A Drive360 Parts & Solutions adquiriu a Create by Sandia, empresa de refer\u00eancia no Sul do pa\u00eds, com presen\u00e7a em Faro, Beja e \u00c9vora","og_url":"https:\/\/jornaldasoficinas.com\/pt\/drive360-adquire-create-by-sandia\/","og_site_name":"Jornal das Oficinas","article_publisher":"https:\/\/www.facebook.com\/jornaloficinas","article_published_time":"2026-01-02T12:30:46+00:00","og_image":[{"width":1024,"height":581,"url":"https:\/\/jornaldasoficinas.com\/pt\/wp-content\/uploads\/2026\/01\/Drive360-adquire-Create-by-Sandia.jpg","type":"image\/jpeg"}],"author":"Reda\u00e7\u00e3o JO","twitter_card":"summary_large_image","twitter_creator":"@jornaloficinas","twitter_site":"@jornaloficinas","twitter_misc":{"Escrito por":"Reda\u00e7\u00e3o JO","Tempo estimado de leitura":"2 minutos"},"schema":{"@context":"https:\/\/schema.org","@graph":[{"@type":"Article","@id":"https:\/\/jornaldasoficinas.com\/pt\/drive360-adquire-create-by-sandia\/#article","isPartOf":{"@id":"https:\/\/jornaldasoficinas.com\/pt\/drive360-adquire-create-by-sandia\/"},"author":{"name":"Reda\u00e7\u00e3o JO","@id":"https:\/\/jornaldasoficinas.com\/pt\/#\/schema\/person\/a38eef5de2c41d9e7c9ac10141afddf3"},"headline":"Drive360 adquire Create by Sandia","datePublished":"2026-01-02T12:30:46+00:00","mainEntityOfPage":{"@id":"https:\/\/jornaldasoficinas.com\/pt\/drive360-adquire-create-by-sandia\/"},"wordCount":303,"publisher":{"@id":"https:\/\/jornaldasoficinas.com\/pt\/#organization"},"image":{"@id":"https:\/\/jornaldasoficinas.com\/pt\/drive360-adquire-create-by-sandia\/#primaryimage"},"thumbnailUrl":"https:\/\/jornaldasoficinas.com\/pt\/wp-content\/uploads\/2026\/01\/Drive360-adquire-Create-by-Sandia.jpg","keywords":["Aquisi\u00e7\u00e3o","cobertura nacional","Create Business","Create by Sandia","Drive360","estrat\u00e9gia de expans\u00e3o"],"articleSection":["Empresas"],"inLanguage":"pt-PT"},{"@type":"WebPage","@id":"https:\/\/jornaldasoficinas.com\/pt\/drive360-adquire-create-by-sandia\/","url":"https:\/\/jornaldasoficinas.com\/pt\/drive360-adquire-create-by-sandia\/","name":"Drive360 adquire Create by Sandia - Jornal das Oficinas","isPartOf":{"@id":"https:\/\/jornaldasoficinas.com\/pt\/#website"},"primaryImageOfPage":{"@id":"https:\/\/jornaldasoficinas.com\/pt\/drive360-adquire-create-by-sandia\/#primaryimage"},"image":{"@id":"https:\/\/jornaldasoficinas.com\/pt\/drive360-adquire-create-by-sandia\/#primaryimage"},"thumbnailUrl":"https:\/\/jornaldasoficinas.com\/pt\/wp-content\/uploads\/2026\/01\/Drive360-adquire-Create-by-Sandia.jpg","datePublished":"2026-01-02T12:30:46+00:00","description":"A Drive360 Parts & Solutions adquiriu a Create by Sandia, empresa de refer\u00eancia no Sul do pa\u00eds, com presen\u00e7a em Faro, Beja e \u00c9vora","breadcrumb":{"@id":"https:\/\/jornaldasoficinas.com\/pt\/drive360-adquire-create-by-sandia\/#breadcrumb"},"inLanguage":"pt-PT","potentialAction":[{"@type":"ReadAction","target":["https:\/\/jornaldasoficinas.com\/pt\/drive360-adquire-create-by-sandia\/"]}]},{"@type":"ImageObject","inLanguage":"pt-PT","@id":"https:\/\/jornaldasoficinas.com\/pt\/drive360-adquire-create-by-sandia\/#primaryimage","url":"https:\/\/jornaldasoficinas.com\/pt\/wp-content\/uploads\/2026\/01\/Drive360-adquire-Create-by-Sandia.jpg","contentUrl":"https:\/\/jornaldasoficinas.com\/pt\/wp-content\/uploads\/2026\/01\/Drive360-adquire-Create-by-Sandia.jpg","width":1024,"height":581,"caption":"01 - Drive360 adquire Create by Sandia"},{"@type":"BreadcrumbList","@id":"https:\/\/jornaldasoficinas.com\/pt\/drive360-adquire-create-by-sandia\/#breadcrumb","itemListElement":[{"@type":"ListItem","position":1,"name":"In\u00edcio","item":"https:\/\/jornaldasoficinas.com\/pt\/"},{"@type":"ListItem","position":2,"name":"Drive360 adquire Create by Sandia"}]},{"@type":"WebSite","@id":"https:\/\/jornaldasoficinas.com\/pt\/#website","url":"https:\/\/jornaldasoficinas.com\/pt\/","name":"Jornal das Oficinas","description":"Jornal independente do Aftermarket Autom\u00f3vel em Portugal","publisher":{"@id":"https:\/\/jornaldasoficinas.com\/pt\/#organization"},"potentialAction":[{"@type":"SearchAction","target":{"@type":"EntryPoint","urlTemplate":"https:\/\/jornaldasoficinas.com\/pt\/?s={search_term_string}"},"query-input":{"@type":"PropertyValueSpecification","valueRequired":true,"valueName":"search_term_string"}}],"inLanguage":"pt-PT"},{"@type":"Organization","@id":"https:\/\/jornaldasoficinas.com\/pt\/#organization","name":"Jornal das Oficinas","url":"https:\/\/jornaldasoficinas.com\/pt\/","logo":{"@type":"ImageObject","inLanguage":"pt-PT","@id":"https:\/\/jornaldasoficinas.com\/pt\/#\/schema\/logo\/image\/","url":"https:\/\/jornaldasoficinas.com\/pt\/wp-content\/uploads\/logoJO-SEO.png","contentUrl":"https:\/\/jornaldasoficinas.com\/pt\/wp-content\/uploads\/logoJO-SEO.png","width":285,"height":450,"caption":"Jornal das Oficinas"},"image":{"@id":"https:\/\/jornaldasoficinas.com\/pt\/#\/schema\/logo\/image\/"},"sameAs":["https:\/\/www.facebook.com\/jornaloficinas","https:\/\/x.com\/jornaloficinas","https:\/\/www.instagram.com\/jornal_oficinas\/","https:\/\/www.linkedin.com\/company\/jornal-das-oficinas\/","https:\/\/www.youtube.com\/channel\/UCbQZBqtcvV-oSQrr7RzINGg"]},{"@type":"Person","@id":"https:\/\/jornaldasoficinas.com\/pt\/#\/schema\/person\/a38eef5de2c41d9e7c9ac10141afddf3","name":"Reda\u00e7\u00e3o JO","image":{"@type":"ImageObject","inLanguage":"pt-PT","@id":"https:\/\/secure.gravatar.com\/avatar\/71f2fa71737ad68a84fea94bc708ddac8ea5b0c4788dc2ad202f3ccb2887742f?s=96&d=wp_user_avatar&r=g","url":"https:\/\/secure.gravatar.com\/avatar\/71f2fa71737ad68a84fea94bc708ddac8ea5b0c4788dc2ad202f3ccb2887742f?s=96&d=wp_user_avatar&r=g","contentUrl":"https:\/\/secure.gravatar.com\/avatar\/71f2fa71737ad68a84fea94bc708ddac8ea5b0c4788dc2ad202f3ccb2887742f?s=96&d=wp_user_avatar&r=g","caption":"Reda\u00e7\u00e3o JO"},"url":"https:\/\/jornaldasoficinas.com\/pt\/author\/joredacao\/"}]}},"_links":{"self":[{"href":"https:\/\/jornaldasoficinas.com\/pt\/wp-json\/wp\/v2\/posts\/111352","targetHints":{"allow":["GET"]}}],"collection":[{"href":"https:\/\/jornaldasoficinas.com\/pt\/wp-json\/wp\/v2\/posts"}],"about":[{"href":"https:\/\/jornaldasoficinas.com\/pt\/wp-json\/wp\/v2\/types\/post"}],"author":[{"embeddable":true,"href":"https:\/\/jornaldasoficinas.com\/pt\/wp-json\/wp\/v2\/users\/15"}],"replies":[{"embeddable":true,"href":"https:\/\/jornaldasoficinas.com\/pt\/wp-json\/wp\/v2\/comments?post=111352"}],"version-history":[{"count":4,"href":"https:\/\/jornaldasoficinas.com\/pt\/wp-json\/wp\/v2\/posts\/111352\/revisions"}],"predecessor-version":[{"id":111357,"href":"https:\/\/jornaldasoficinas.com\/pt\/wp-json\/wp\/v2\/posts\/111352\/revisions\/111357"}],"wp:featuredmedia":[{"embeddable":true,"href":"https:\/\/jornaldasoficinas.com\/pt\/wp-json\/wp\/v2\/media\/111356"}],"wp:attachment":[{"href":"https:\/\/jornaldasoficinas.com\/pt\/wp-json\/wp\/v2\/media?parent=111352"}],"wp:term":[{"taxonomy":"category","embeddable":true,"href":"https:\/\/jornaldasoficinas.com\/pt\/wp-json\/wp\/v2\/categories?post=111352"},{"taxonomy":"post_tag","embeddable":true,"href":"https:\/\/jornaldasoficinas.com\/pt\/wp-json\/wp\/v2\/tags?post=111352"}],"curies":[{"name":"wp","href":"https:\/\/api.w.org\/{rel}","templated":true}]}}