{"id":111358,"date":"2026-01-05T12:30:08","date_gmt":"2026-01-05T12:30:08","guid":{"rendered":"https:\/\/jornaldasoficinas.com\/pt\/?p=111358"},"modified":"2026-01-02T12:01:17","modified_gmt":"2026-01-02T12:01:17","slug":"axalta-confirma-dominio-dos-tons-neutros-nos-automoveis-em-2025","status":"publish","type":"post","link":"https:\/\/jornaldasoficinas.com\/pt\/axalta-confirma-dominio-dos-tons-neutros-nos-automoveis-em-2025\/","title":{"rendered":"Axalta confirma dom\u00ednio dos tons neutros nos autom\u00f3veis em 2025"},"content":{"rendered":"<p><strong> <img loading=\"lazy\" decoding=\"async\" class=\"alignnone size-full wp-image-111371\" src=\"https:\/\/jornaldasoficinas.com\/pt\/wp-content\/uploads\/2026\/01\/Axalta-confirma-dominio-dos-tons-neutros-nos-automoveis-em-2025.jpg\" alt=\"01 - Axalta confirma dominio dos tons neutros nos automoveis em 2025\" width=\"1024\" height=\"581\" srcset=\"https:\/\/jornaldasoficinas.com\/pt\/wp-content\/uploads\/2026\/01\/Axalta-confirma-dominio-dos-tons-neutros-nos-automoveis-em-2025.jpg 1024w, https:\/\/jornaldasoficinas.com\/pt\/wp-content\/uploads\/2026\/01\/Axalta-confirma-dominio-dos-tons-neutros-nos-automoveis-em-2025-300x170.jpg 300w, https:\/\/jornaldasoficinas.com\/pt\/wp-content\/uploads\/2026\/01\/Axalta-confirma-dominio-dos-tons-neutros-nos-automoveis-em-2025-150x85.jpg 150w, https:\/\/jornaldasoficinas.com\/pt\/wp-content\/uploads\/2026\/01\/Axalta-confirma-dominio-dos-tons-neutros-nos-automoveis-em-2025-768x436.jpg 768w\" sizes=\"auto, (max-width: 1024px) 100vw, 1024px\" \/><\/strong><\/p>\n<p><strong>O branco, o preto e o cinzento continuam a liderar as prefer\u00eancias globais de cor autom\u00f3vel, segundo o mais recente Relat\u00f3rio Global de Popularidade de Cores Autom\u00f3veis 2025 da <a href=\"https:\/\/www.axalta.com\/\" target=\"_blank\" rel=\"noopener\">Axalta<\/a><\/strong><\/p>\n<p>A Axalta divulgou o seu Relat\u00f3rio Anual Global de Popularidade de Cores Autom\u00f3veis, o estudo mais antigo e abrangente do setor, publicado pela primeira vez em 1953. A 73.\u00aa edi\u00e7\u00e3o mostrou um mercado est\u00e1vel, sem mudan\u00e7as dr\u00e1sticas, com os tons neutros a manterem-se como base da paleta autom\u00f3vel mundial.<\/p>\n<p>O branco continua a ser a cor mais escolhida, com uma quota global de 29%, seguido do preto (23%) e do cinzento (22%), refletindo a prefer\u00eancia por um design limpo, intemporal e vers\u00e1til. O prateado perdeu express\u00e3o, descendo para 7%, enquanto o azul se mant\u00e9m nos 6%, refor\u00e7ando a sua posi\u00e7\u00e3o como a cor crom\u00e1tica mais forte. Vermelho, castanho\/bege, verde e amarelo\/dourado continuam a ter uma presen\u00e7a mais reduzida, mas consistente.<\/p>\n<p>&#8220;O relat\u00f3rio deste ano revela como os tons neutros intemporais continuam a ser a base da paleta global, mesmo com o crescente interesse em acabamentos que acrescentam profundidade, movimento e individualidade ao design dos ve\u00edculos&#8221;, afirmou Lei Qiao, vice-presidente de Tecnologia de Revestimentos para Mobilidade da Axalta. &#8220;No geral, o cen\u00e1rio para 2025 reflete um mercado ancorado na simplicidade, mas cada vez mais aberto a express\u00f5es crom\u00e1ticas refinadas e acabamentos contempor\u00e2neos&#8221;, acrescentou.<\/p>\n<p>O estudo evidencia tamb\u00e9m diferen\u00e7as regionais nas prefer\u00eancias de cor. Na Am\u00e9rica do Norte, o branco liderou com 31%, apesar de uma ligeira descida face a 2024, enquanto o azul (10%) e o vermelho (7%) ganharam express\u00e3o, sinalizando uma maior procura por personaliza\u00e7\u00e3o.<\/p>\n<p>Na Am\u00e9rica do Sul, o branco dominou com 35%, valorizado pela sua adequa\u00e7\u00e3o a climas quentes, seguido do cinzento (23%) e do prateado (14%).<\/p>\n<p>Na Europa, o cinzento assumiu a lideran\u00e7a com 26%, \u00e0 frente do branco (25%) e do preto (22%), refletindo uma prefer\u00eancia por estilos mais s\u00f3brios e sofisticados.<\/p>\n<p>Na \u00c1sia, observou-se uma maior abertura a cores expressivas, com crescimento do amarelo\/dourado (4%) e do verde (3%), embora o preto tamb\u00e9m aumente para 26% num mercado fortemente impulsionado pelos ve\u00edculos el\u00e9tricos.<\/p>\n<p>&#8220;A nossa f\u00f3rmula exclusiva de resinas permite \u00e0 Axalta desenvolver uma vasta paleta de cores adaptada \u00e0s exig\u00eancias de diferentes clientes, culturas e climas, garantindo simultaneamente durabilidade, desempenho e sustentabilidade&#8221;, sublinhou Robert Roop, vice-presidente s\u00e9nior e diretor de tecnologia da Axalta.<\/p>\n<p>Todos os anos, a Axalta analisa dados de produ\u00e7\u00e3o autom\u00f3vel das principais regi\u00f5es e mercados mundiais para identificar tend\u00eancias globais e regionais, oferecendo uma vis\u00e3o detalhada da evolu\u00e7\u00e3o das prefer\u00eancias de cor na ind\u00fastria autom\u00f3vel.<\/p>\n","protected":false},"excerpt":{"rendered":"<p>O branco, o preto e o&#8230;<\/p>\n","protected":false},"author":15,"featured_media":111371,"comment_status":"closed","ping_status":"closed","sticky":false,"template":"","format":"standard","meta":{"footnotes":""},"categories":[2],"tags":[14307,67,11691,14310,14306],"class_list":["post-111358","post","type-post","status-publish","format-standard","has-post-thumbnail","hentry","category-repintura","tag-automoveis-em-2025","tag-axalta","tag-relatorio-de-popularidade","tag-tendencias-globais","tag-tons-neutros"],"yoast_head":"<!-- This site is optimized with the Yoast SEO plugin v27.5 - https:\/\/yoast.com\/product\/yoast-seo-wordpress\/ -->\n<title>Axalta confirma dom\u00ednio dos tons neutros nos autom\u00f3veis em 2025 - Jornal das Oficinas<\/title>\n<meta name=\"description\" content=\"\u00a0O branco, o preto e o cinzento continuam a liderar as prefer\u00eancias globais de cor autom\u00f3vel, segundo a Axalta\" \/>\n<meta name=\"robots\" content=\"index, follow, max-snippet:-1, max-image-preview:large, max-video-preview:-1\" \/>\n<link rel=\"canonical\" href=\"https:\/\/jornaldasoficinas.com\/pt\/axalta-confirma-dominio-dos-tons-neutros-nos-automoveis-em-2025\/\" \/>\n<meta property=\"og:locale\" content=\"pt_PT\" \/>\n<meta property=\"og:type\" content=\"article\" \/>\n<meta property=\"og:title\" content=\"Axalta confirma dom\u00ednio dos tons neutros nos autom\u00f3veis em 2025 - Jornal das Oficinas\" \/>\n<meta property=\"og:description\" content=\"\u00a0O branco, o preto e o cinzento continuam a liderar as prefer\u00eancias globais de cor autom\u00f3vel, segundo a Axalta\" \/>\n<meta property=\"og:url\" content=\"https:\/\/jornaldasoficinas.com\/pt\/axalta-confirma-dominio-dos-tons-neutros-nos-automoveis-em-2025\/\" \/>\n<meta property=\"og:site_name\" content=\"Jornal das Oficinas\" \/>\n<meta property=\"article:publisher\" content=\"https:\/\/www.facebook.com\/jornaloficinas\" \/>\n<meta property=\"article:published_time\" content=\"2026-01-05T12:30:08+00:00\" \/>\n<meta property=\"og:image\" content=\"https:\/\/jornaldasoficinas.com\/pt\/wp-content\/uploads\/2026\/01\/Axalta-confirma-dominio-dos-tons-neutros-nos-automoveis-em-2025.jpg\" \/>\n\t<meta property=\"og:image:width\" content=\"1024\" \/>\n\t<meta property=\"og:image:height\" content=\"581\" \/>\n\t<meta property=\"og:image:type\" content=\"image\/jpeg\" \/>\n<meta name=\"author\" content=\"Reda\u00e7\u00e3o JO\" \/>\n<meta name=\"twitter:card\" content=\"summary_large_image\" \/>\n<meta name=\"twitter:creator\" content=\"@jornaloficinas\" \/>\n<meta name=\"twitter:site\" content=\"@jornaloficinas\" \/>\n<meta name=\"twitter:label1\" content=\"Escrito por\" \/>\n\t<meta name=\"twitter:data1\" content=\"Reda\u00e7\u00e3o JO\" \/>\n\t<meta name=\"twitter:label2\" content=\"Tempo estimado de leitura\" \/>\n\t<meta name=\"twitter:data2\" content=\"3 minutos\" \/>\n<script type=\"application\/ld+json\" class=\"yoast-schema-graph\">{\"@context\":\"https:\\\/\\\/schema.org\",\"@graph\":[{\"@type\":\"Article\",\"@id\":\"https:\\\/\\\/jornaldasoficinas.com\\\/pt\\\/axalta-confirma-dominio-dos-tons-neutros-nos-automoveis-em-2025\\\/#article\",\"isPartOf\":{\"@id\":\"https:\\\/\\\/jornaldasoficinas.com\\\/pt\\\/axalta-confirma-dominio-dos-tons-neutros-nos-automoveis-em-2025\\\/\"},\"author\":{\"name\":\"Reda\u00e7\u00e3o JO\",\"@id\":\"https:\\\/\\\/jornaldasoficinas.com\\\/pt\\\/#\\\/schema\\\/person\\\/a38eef5de2c41d9e7c9ac10141afddf3\"},\"headline\":\"Axalta confirma dom\u00ednio dos tons neutros nos autom\u00f3veis em 2025\",\"datePublished\":\"2026-01-05T12:30:08+00:00\",\"mainEntityOfPage\":{\"@id\":\"https:\\\/\\\/jornaldasoficinas.com\\\/pt\\\/axalta-confirma-dominio-dos-tons-neutros-nos-automoveis-em-2025\\\/\"},\"wordCount\":465,\"publisher\":{\"@id\":\"https:\\\/\\\/jornaldasoficinas.com\\\/pt\\\/#organization\"},\"image\":{\"@id\":\"https:\\\/\\\/jornaldasoficinas.com\\\/pt\\\/axalta-confirma-dominio-dos-tons-neutros-nos-automoveis-em-2025\\\/#primaryimage\"},\"thumbnailUrl\":\"https:\\\/\\\/jornaldasoficinas.com\\\/pt\\\/wp-content\\\/uploads\\\/2026\\\/01\\\/Axalta-confirma-dominio-dos-tons-neutros-nos-automoveis-em-2025.jpg\",\"keywords\":[\"autom\u00f3veis em 2025\",\"Axalta\",\"Relat\u00f3rio de Popularidade\",\"tend\u00eancias globais\",\"tons neutros\"],\"articleSection\":[\"Repintura\"],\"inLanguage\":\"pt-PT\"},{\"@type\":\"WebPage\",\"@id\":\"https:\\\/\\\/jornaldasoficinas.com\\\/pt\\\/axalta-confirma-dominio-dos-tons-neutros-nos-automoveis-em-2025\\\/\",\"url\":\"https:\\\/\\\/jornaldasoficinas.com\\\/pt\\\/axalta-confirma-dominio-dos-tons-neutros-nos-automoveis-em-2025\\\/\",\"name\":\"Axalta confirma dom\u00ednio dos tons neutros nos autom\u00f3veis em 2025 - Jornal das Oficinas\",\"isPartOf\":{\"@id\":\"https:\\\/\\\/jornaldasoficinas.com\\\/pt\\\/#website\"},\"primaryImageOfPage\":{\"@id\":\"https:\\\/\\\/jornaldasoficinas.com\\\/pt\\\/axalta-confirma-dominio-dos-tons-neutros-nos-automoveis-em-2025\\\/#primaryimage\"},\"image\":{\"@id\":\"https:\\\/\\\/jornaldasoficinas.com\\\/pt\\\/axalta-confirma-dominio-dos-tons-neutros-nos-automoveis-em-2025\\\/#primaryimage\"},\"thumbnailUrl\":\"https:\\\/\\\/jornaldasoficinas.com\\\/pt\\\/wp-content\\\/uploads\\\/2026\\\/01\\\/Axalta-confirma-dominio-dos-tons-neutros-nos-automoveis-em-2025.jpg\",\"datePublished\":\"2026-01-05T12:30:08+00:00\",\"description\":\"\u00a0O branco, o preto e o cinzento continuam a liderar as prefer\u00eancias globais de cor autom\u00f3vel, segundo a Axalta\",\"breadcrumb\":{\"@id\":\"https:\\\/\\\/jornaldasoficinas.com\\\/pt\\\/axalta-confirma-dominio-dos-tons-neutros-nos-automoveis-em-2025\\\/#breadcrumb\"},\"inLanguage\":\"pt-PT\",\"potentialAction\":[{\"@type\":\"ReadAction\",\"target\":[\"https:\\\/\\\/jornaldasoficinas.com\\\/pt\\\/axalta-confirma-dominio-dos-tons-neutros-nos-automoveis-em-2025\\\/\"]}]},{\"@type\":\"ImageObject\",\"inLanguage\":\"pt-PT\",\"@id\":\"https:\\\/\\\/jornaldasoficinas.com\\\/pt\\\/axalta-confirma-dominio-dos-tons-neutros-nos-automoveis-em-2025\\\/#primaryimage\",\"url\":\"https:\\\/\\\/jornaldasoficinas.com\\\/pt\\\/wp-content\\\/uploads\\\/2026\\\/01\\\/Axalta-confirma-dominio-dos-tons-neutros-nos-automoveis-em-2025.jpg\",\"contentUrl\":\"https:\\\/\\\/jornaldasoficinas.com\\\/pt\\\/wp-content\\\/uploads\\\/2026\\\/01\\\/Axalta-confirma-dominio-dos-tons-neutros-nos-automoveis-em-2025.jpg\",\"width\":1024,\"height\":581,\"caption\":\"01 - Axalta confirma dominio dos tons neutros nos automoveis em 2025\"},{\"@type\":\"BreadcrumbList\",\"@id\":\"https:\\\/\\\/jornaldasoficinas.com\\\/pt\\\/axalta-confirma-dominio-dos-tons-neutros-nos-automoveis-em-2025\\\/#breadcrumb\",\"itemListElement\":[{\"@type\":\"ListItem\",\"position\":1,\"name\":\"In\u00edcio\",\"item\":\"https:\\\/\\\/jornaldasoficinas.com\\\/pt\\\/\"},{\"@type\":\"ListItem\",\"position\":2,\"name\":\"Axalta confirma dom\u00ednio dos tons neutros nos autom\u00f3veis em 2025\"}]},{\"@type\":\"WebSite\",\"@id\":\"https:\\\/\\\/jornaldasoficinas.com\\\/pt\\\/#website\",\"url\":\"https:\\\/\\\/jornaldasoficinas.com\\\/pt\\\/\",\"name\":\"Jornal das Oficinas\",\"description\":\"Jornal independente do Aftermarket Autom\u00f3vel em Portugal\",\"publisher\":{\"@id\":\"https:\\\/\\\/jornaldasoficinas.com\\\/pt\\\/#organization\"},\"potentialAction\":[{\"@type\":\"SearchAction\",\"target\":{\"@type\":\"EntryPoint\",\"urlTemplate\":\"https:\\\/\\\/jornaldasoficinas.com\\\/pt\\\/?s={search_term_string}\"},\"query-input\":{\"@type\":\"PropertyValueSpecification\",\"valueRequired\":true,\"valueName\":\"search_term_string\"}}],\"inLanguage\":\"pt-PT\"},{\"@type\":\"Organization\",\"@id\":\"https:\\\/\\\/jornaldasoficinas.com\\\/pt\\\/#organization\",\"name\":\"Jornal das Oficinas\",\"url\":\"https:\\\/\\\/jornaldasoficinas.com\\\/pt\\\/\",\"logo\":{\"@type\":\"ImageObject\",\"inLanguage\":\"pt-PT\",\"@id\":\"https:\\\/\\\/jornaldasoficinas.com\\\/pt\\\/#\\\/schema\\\/logo\\\/image\\\/\",\"url\":\"https:\\\/\\\/jornaldasoficinas.com\\\/pt\\\/wp-content\\\/uploads\\\/logoJO-SEO.png\",\"contentUrl\":\"https:\\\/\\\/jornaldasoficinas.com\\\/pt\\\/wp-content\\\/uploads\\\/logoJO-SEO.png\",\"width\":285,\"height\":450,\"caption\":\"Jornal das Oficinas\"},\"image\":{\"@id\":\"https:\\\/\\\/jornaldasoficinas.com\\\/pt\\\/#\\\/schema\\\/logo\\\/image\\\/\"},\"sameAs\":[\"https:\\\/\\\/www.facebook.com\\\/jornaloficinas\",\"https:\\\/\\\/x.com\\\/jornaloficinas\",\"https:\\\/\\\/www.instagram.com\\\/jornal_oficinas\\\/\",\"https:\\\/\\\/www.linkedin.com\\\/company\\\/jornal-das-oficinas\\\/\",\"https:\\\/\\\/www.youtube.com\\\/channel\\\/UCbQZBqtcvV-oSQrr7RzINGg\"]},{\"@type\":\"Person\",\"@id\":\"https:\\\/\\\/jornaldasoficinas.com\\\/pt\\\/#\\\/schema\\\/person\\\/a38eef5de2c41d9e7c9ac10141afddf3\",\"name\":\"Reda\u00e7\u00e3o JO\",\"image\":{\"@type\":\"ImageObject\",\"inLanguage\":\"pt-PT\",\"@id\":\"https:\\\/\\\/secure.gravatar.com\\\/avatar\\\/71f2fa71737ad68a84fea94bc708ddac8ea5b0c4788dc2ad202f3ccb2887742f?s=96&d=wp_user_avatar&r=g\",\"url\":\"https:\\\/\\\/secure.gravatar.com\\\/avatar\\\/71f2fa71737ad68a84fea94bc708ddac8ea5b0c4788dc2ad202f3ccb2887742f?s=96&d=wp_user_avatar&r=g\",\"contentUrl\":\"https:\\\/\\\/secure.gravatar.com\\\/avatar\\\/71f2fa71737ad68a84fea94bc708ddac8ea5b0c4788dc2ad202f3ccb2887742f?s=96&d=wp_user_avatar&r=g\",\"caption\":\"Reda\u00e7\u00e3o JO\"},\"url\":\"https:\\\/\\\/jornaldasoficinas.com\\\/pt\\\/author\\\/joredacao\\\/\"}]}<\/script>\n<!-- \/ Yoast SEO plugin. -->","yoast_head_json":{"title":"Axalta confirma dom\u00ednio dos tons neutros nos autom\u00f3veis em 2025 - Jornal das Oficinas","description":"\u00a0O branco, o preto e o cinzento continuam a liderar as prefer\u00eancias globais de cor autom\u00f3vel, segundo a Axalta","robots":{"index":"index","follow":"follow","max-snippet":"max-snippet:-1","max-image-preview":"max-image-preview:large","max-video-preview":"max-video-preview:-1"},"canonical":"https:\/\/jornaldasoficinas.com\/pt\/axalta-confirma-dominio-dos-tons-neutros-nos-automoveis-em-2025\/","og_locale":"pt_PT","og_type":"article","og_title":"Axalta confirma dom\u00ednio dos tons neutros nos autom\u00f3veis em 2025 - Jornal das Oficinas","og_description":"\u00a0O branco, o preto e o cinzento continuam a liderar as prefer\u00eancias globais de cor autom\u00f3vel, segundo a Axalta","og_url":"https:\/\/jornaldasoficinas.com\/pt\/axalta-confirma-dominio-dos-tons-neutros-nos-automoveis-em-2025\/","og_site_name":"Jornal das Oficinas","article_publisher":"https:\/\/www.facebook.com\/jornaloficinas","article_published_time":"2026-01-05T12:30:08+00:00","og_image":[{"width":1024,"height":581,"url":"https:\/\/jornaldasoficinas.com\/pt\/wp-content\/uploads\/2026\/01\/Axalta-confirma-dominio-dos-tons-neutros-nos-automoveis-em-2025.jpg","type":"image\/jpeg"}],"author":"Reda\u00e7\u00e3o JO","twitter_card":"summary_large_image","twitter_creator":"@jornaloficinas","twitter_site":"@jornaloficinas","twitter_misc":{"Escrito por":"Reda\u00e7\u00e3o JO","Tempo estimado de leitura":"3 minutos"},"schema":{"@context":"https:\/\/schema.org","@graph":[{"@type":"Article","@id":"https:\/\/jornaldasoficinas.com\/pt\/axalta-confirma-dominio-dos-tons-neutros-nos-automoveis-em-2025\/#article","isPartOf":{"@id":"https:\/\/jornaldasoficinas.com\/pt\/axalta-confirma-dominio-dos-tons-neutros-nos-automoveis-em-2025\/"},"author":{"name":"Reda\u00e7\u00e3o JO","@id":"https:\/\/jornaldasoficinas.com\/pt\/#\/schema\/person\/a38eef5de2c41d9e7c9ac10141afddf3"},"headline":"Axalta confirma dom\u00ednio dos tons neutros nos autom\u00f3veis em 2025","datePublished":"2026-01-05T12:30:08+00:00","mainEntityOfPage":{"@id":"https:\/\/jornaldasoficinas.com\/pt\/axalta-confirma-dominio-dos-tons-neutros-nos-automoveis-em-2025\/"},"wordCount":465,"publisher":{"@id":"https:\/\/jornaldasoficinas.com\/pt\/#organization"},"image":{"@id":"https:\/\/jornaldasoficinas.com\/pt\/axalta-confirma-dominio-dos-tons-neutros-nos-automoveis-em-2025\/#primaryimage"},"thumbnailUrl":"https:\/\/jornaldasoficinas.com\/pt\/wp-content\/uploads\/2026\/01\/Axalta-confirma-dominio-dos-tons-neutros-nos-automoveis-em-2025.jpg","keywords":["autom\u00f3veis em 2025","Axalta","Relat\u00f3rio de Popularidade","tend\u00eancias globais","tons neutros"],"articleSection":["Repintura"],"inLanguage":"pt-PT"},{"@type":"WebPage","@id":"https:\/\/jornaldasoficinas.com\/pt\/axalta-confirma-dominio-dos-tons-neutros-nos-automoveis-em-2025\/","url":"https:\/\/jornaldasoficinas.com\/pt\/axalta-confirma-dominio-dos-tons-neutros-nos-automoveis-em-2025\/","name":"Axalta confirma dom\u00ednio dos tons neutros nos autom\u00f3veis em 2025 - Jornal das Oficinas","isPartOf":{"@id":"https:\/\/jornaldasoficinas.com\/pt\/#website"},"primaryImageOfPage":{"@id":"https:\/\/jornaldasoficinas.com\/pt\/axalta-confirma-dominio-dos-tons-neutros-nos-automoveis-em-2025\/#primaryimage"},"image":{"@id":"https:\/\/jornaldasoficinas.com\/pt\/axalta-confirma-dominio-dos-tons-neutros-nos-automoveis-em-2025\/#primaryimage"},"thumbnailUrl":"https:\/\/jornaldasoficinas.com\/pt\/wp-content\/uploads\/2026\/01\/Axalta-confirma-dominio-dos-tons-neutros-nos-automoveis-em-2025.jpg","datePublished":"2026-01-05T12:30:08+00:00","description":"\u00a0O branco, o preto e o cinzento continuam a liderar as prefer\u00eancias globais de cor autom\u00f3vel, segundo a Axalta","breadcrumb":{"@id":"https:\/\/jornaldasoficinas.com\/pt\/axalta-confirma-dominio-dos-tons-neutros-nos-automoveis-em-2025\/#breadcrumb"},"inLanguage":"pt-PT","potentialAction":[{"@type":"ReadAction","target":["https:\/\/jornaldasoficinas.com\/pt\/axalta-confirma-dominio-dos-tons-neutros-nos-automoveis-em-2025\/"]}]},{"@type":"ImageObject","inLanguage":"pt-PT","@id":"https:\/\/jornaldasoficinas.com\/pt\/axalta-confirma-dominio-dos-tons-neutros-nos-automoveis-em-2025\/#primaryimage","url":"https:\/\/jornaldasoficinas.com\/pt\/wp-content\/uploads\/2026\/01\/Axalta-confirma-dominio-dos-tons-neutros-nos-automoveis-em-2025.jpg","contentUrl":"https:\/\/jornaldasoficinas.com\/pt\/wp-content\/uploads\/2026\/01\/Axalta-confirma-dominio-dos-tons-neutros-nos-automoveis-em-2025.jpg","width":1024,"height":581,"caption":"01 - Axalta confirma dominio dos tons neutros nos automoveis em 2025"},{"@type":"BreadcrumbList","@id":"https:\/\/jornaldasoficinas.com\/pt\/axalta-confirma-dominio-dos-tons-neutros-nos-automoveis-em-2025\/#breadcrumb","itemListElement":[{"@type":"ListItem","position":1,"name":"In\u00edcio","item":"https:\/\/jornaldasoficinas.com\/pt\/"},{"@type":"ListItem","position":2,"name":"Axalta confirma dom\u00ednio dos tons neutros nos autom\u00f3veis em 2025"}]},{"@type":"WebSite","@id":"https:\/\/jornaldasoficinas.com\/pt\/#website","url":"https:\/\/jornaldasoficinas.com\/pt\/","name":"Jornal das Oficinas","description":"Jornal independente do Aftermarket Autom\u00f3vel em Portugal","publisher":{"@id":"https:\/\/jornaldasoficinas.com\/pt\/#organization"},"potentialAction":[{"@type":"SearchAction","target":{"@type":"EntryPoint","urlTemplate":"https:\/\/jornaldasoficinas.com\/pt\/?s={search_term_string}"},"query-input":{"@type":"PropertyValueSpecification","valueRequired":true,"valueName":"search_term_string"}}],"inLanguage":"pt-PT"},{"@type":"Organization","@id":"https:\/\/jornaldasoficinas.com\/pt\/#organization","name":"Jornal das Oficinas","url":"https:\/\/jornaldasoficinas.com\/pt\/","logo":{"@type":"ImageObject","inLanguage":"pt-PT","@id":"https:\/\/jornaldasoficinas.com\/pt\/#\/schema\/logo\/image\/","url":"https:\/\/jornaldasoficinas.com\/pt\/wp-content\/uploads\/logoJO-SEO.png","contentUrl":"https:\/\/jornaldasoficinas.com\/pt\/wp-content\/uploads\/logoJO-SEO.png","width":285,"height":450,"caption":"Jornal das Oficinas"},"image":{"@id":"https:\/\/jornaldasoficinas.com\/pt\/#\/schema\/logo\/image\/"},"sameAs":["https:\/\/www.facebook.com\/jornaloficinas","https:\/\/x.com\/jornaloficinas","https:\/\/www.instagram.com\/jornal_oficinas\/","https:\/\/www.linkedin.com\/company\/jornal-das-oficinas\/","https:\/\/www.youtube.com\/channel\/UCbQZBqtcvV-oSQrr7RzINGg"]},{"@type":"Person","@id":"https:\/\/jornaldasoficinas.com\/pt\/#\/schema\/person\/a38eef5de2c41d9e7c9ac10141afddf3","name":"Reda\u00e7\u00e3o JO","image":{"@type":"ImageObject","inLanguage":"pt-PT","@id":"https:\/\/secure.gravatar.com\/avatar\/71f2fa71737ad68a84fea94bc708ddac8ea5b0c4788dc2ad202f3ccb2887742f?s=96&d=wp_user_avatar&r=g","url":"https:\/\/secure.gravatar.com\/avatar\/71f2fa71737ad68a84fea94bc708ddac8ea5b0c4788dc2ad202f3ccb2887742f?s=96&d=wp_user_avatar&r=g","contentUrl":"https:\/\/secure.gravatar.com\/avatar\/71f2fa71737ad68a84fea94bc708ddac8ea5b0c4788dc2ad202f3ccb2887742f?s=96&d=wp_user_avatar&r=g","caption":"Reda\u00e7\u00e3o JO"},"url":"https:\/\/jornaldasoficinas.com\/pt\/author\/joredacao\/"}]}},"_links":{"self":[{"href":"https:\/\/jornaldasoficinas.com\/pt\/wp-json\/wp\/v2\/posts\/111358","targetHints":{"allow":["GET"]}}],"collection":[{"href":"https:\/\/jornaldasoficinas.com\/pt\/wp-json\/wp\/v2\/posts"}],"about":[{"href":"https:\/\/jornaldasoficinas.com\/pt\/wp-json\/wp\/v2\/types\/post"}],"author":[{"embeddable":true,"href":"https:\/\/jornaldasoficinas.com\/pt\/wp-json\/wp\/v2\/users\/15"}],"replies":[{"embeddable":true,"href":"https:\/\/jornaldasoficinas.com\/pt\/wp-json\/wp\/v2\/comments?post=111358"}],"version-history":[{"count":4,"href":"https:\/\/jornaldasoficinas.com\/pt\/wp-json\/wp\/v2\/posts\/111358\/revisions"}],"predecessor-version":[{"id":111372,"href":"https:\/\/jornaldasoficinas.com\/pt\/wp-json\/wp\/v2\/posts\/111358\/revisions\/111372"}],"wp:featuredmedia":[{"embeddable":true,"href":"https:\/\/jornaldasoficinas.com\/pt\/wp-json\/wp\/v2\/media\/111371"}],"wp:attachment":[{"href":"https:\/\/jornaldasoficinas.com\/pt\/wp-json\/wp\/v2\/media?parent=111358"}],"wp:term":[{"taxonomy":"category","embeddable":true,"href":"https:\/\/jornaldasoficinas.com\/pt\/wp-json\/wp\/v2\/categories?post=111358"},{"taxonomy":"post_tag","embeddable":true,"href":"https:\/\/jornaldasoficinas.com\/pt\/wp-json\/wp\/v2\/tags?post=111358"}],"curies":[{"name":"wp","href":"https:\/\/api.w.org\/{rel}","templated":true}]}}