{"id":111404,"date":"2026-01-06T08:00:18","date_gmt":"2026-01-06T08:00:18","guid":{"rendered":"https:\/\/jornaldasoficinas.com\/pt\/?p=111404"},"modified":"2026-01-05T12:58:22","modified_gmt":"2026-01-05T12:58:22","slug":"basf-coatings-e-stellantis-prolongam-parceria","status":"publish","type":"post","link":"https:\/\/jornaldasoficinas.com\/pt\/basf-coatings-e-stellantis-prolongam-parceria\/","title":{"rendered":"BASF Coatings e Stellantis prolongam parceria at\u00e9 2026"},"content":{"rendered":"<p><strong><img loading=\"lazy\" decoding=\"async\" class=\"alignnone size-full wp-image-111412\" src=\"https:\/\/jornaldasoficinas.com\/pt\/wp-content\/uploads\/2026\/01\/BASF-Coatings-e-Stellantis-prolongam-parceria-ate-2026.jpeg\" alt=\"01 - BASF Coatings e Stellantis prolongam parceria ate 2026\" width=\"1024\" height=\"581\" srcset=\"https:\/\/jornaldasoficinas.com\/pt\/wp-content\/uploads\/2026\/01\/BASF-Coatings-e-Stellantis-prolongam-parceria-ate-2026.jpeg 1024w, https:\/\/jornaldasoficinas.com\/pt\/wp-content\/uploads\/2026\/01\/BASF-Coatings-e-Stellantis-prolongam-parceria-ate-2026-300x170.jpeg 300w, https:\/\/jornaldasoficinas.com\/pt\/wp-content\/uploads\/2026\/01\/BASF-Coatings-e-Stellantis-prolongam-parceria-ate-2026-150x85.jpeg 150w, https:\/\/jornaldasoficinas.com\/pt\/wp-content\/uploads\/2026\/01\/BASF-Coatings-e-Stellantis-prolongam-parceria-ate-2026-768x436.jpeg 768w\" sizes=\"auto, (max-width: 1024px) 100vw, 1024px\" \/><\/strong><\/p>\n<p><strong>A <a href=\"https:\/\/www.basf-coatings.com\/\" target=\"_blank\" rel=\"noopener\">BASF Coatings<\/a> e o <a href=\"https:\/\/www.stellantis.com\/\" target=\"_blank\" rel=\"noopener\">grupo Stellantis<\/a> renovaram o seu acordo internacional de servi\u00e7os, estendendo a parceria global at\u00e9 2026, com o objetivo de continuar a fornecer solu\u00e7\u00f5es de repintura autom\u00f3vel premium, sustent\u00e1veis e eficientes \u00e0s redes de oficinas da Stellantis em todo o mundo<\/strong><\/p>\n<p>&#8220;As nossas solu\u00e7\u00f5es de repintura premium e sustent\u00e1veis melhoram simultaneamente o desempenho operacional e ambiental das oficinas. Estes esfor\u00e7os apoiam a Stellantis na resposta \u00e0s exig\u00eancias atuais e futuras dos mercados globais&#8221;, afirmou Fr\u00e9d\u00e9ric Fischer, respons\u00e1vel de Strategic Account Management EMEA para Automotive Refinish da BASF Coatings.<\/p>\n<p>A parceria prolongada permite dar continuidade ao desenvolvimento da rede global de oficinas da Stellantis, beneficiando da experi\u00eancia da BASF Coatings e das suas solu\u00e7\u00f5es de pintura inovadoras, incluindo as marcas Glasurit e R-M, apoiadas pela plataforma digital Refinity. O acordo garante tamb\u00e9m estabilidade estrat\u00e9gica, num contexto de r\u00e1pida evolu\u00e7\u00e3o do mercado autom\u00f3vel a n\u00edvel mundial.<\/p>\n","protected":false},"excerpt":{"rendered":"<p>A BASF Coatings e o grupo&#8230;<\/p>\n","protected":false},"author":15,"featured_media":111412,"comment_status":"closed","ping_status":"closed","sticky":false,"template":"","format":"standard","meta":{"footnotes":""},"categories":[2],"tags":[14316,605,386,14317,4477,2893],"class_list":["post-111404","post","type-post","status-publish","format-standard","has-post-thumbnail","hentry","category-repintura","tag-acordo-internacional","tag-basf-coatings","tag-oficinas","tag-parceria-ate-2026","tag-repintura-automovel","tag-stellantis"],"yoast_head":"<!-- This site is optimized with the Yoast SEO plugin v27.4 - https:\/\/yoast.com\/product\/yoast-seo-wordpress\/ -->\n<title>BASF Coatings e Stellantis prolongam parceria at\u00e9 2026 - Jornal das Oficinas<\/title>\n<meta name=\"description\" content=\"A BASF Coatings e o grupo Stellantis renovaram o seu acordo internacional de servi\u00e7os, estendendo a parceria global at\u00e9 2026\" \/>\n<meta name=\"robots\" content=\"index, follow, max-snippet:-1, max-image-preview:large, max-video-preview:-1\" \/>\n<link rel=\"canonical\" href=\"https:\/\/jornaldasoficinas.com\/pt\/basf-coatings-e-stellantis-prolongam-parceria\/\" \/>\n<meta property=\"og:locale\" content=\"pt_PT\" \/>\n<meta property=\"og:type\" content=\"article\" \/>\n<meta property=\"og:title\" content=\"BASF Coatings e Stellantis prolongam parceria at\u00e9 2026 - Jornal das Oficinas\" \/>\n<meta property=\"og:description\" content=\"A BASF Coatings e o grupo Stellantis renovaram o seu acordo internacional de servi\u00e7os, estendendo a parceria global at\u00e9 2026\" \/>\n<meta property=\"og:url\" content=\"https:\/\/jornaldasoficinas.com\/pt\/basf-coatings-e-stellantis-prolongam-parceria\/\" \/>\n<meta property=\"og:site_name\" content=\"Jornal das Oficinas\" \/>\n<meta property=\"article:publisher\" content=\"https:\/\/www.facebook.com\/jornaloficinas\" \/>\n<meta property=\"article:published_time\" content=\"2026-01-06T08:00:18+00:00\" \/>\n<meta property=\"og:image\" content=\"https:\/\/jornaldasoficinas.com\/pt\/wp-content\/uploads\/2026\/01\/BASF-Coatings-e-Stellantis-prolongam-parceria-ate-2026.jpeg\" \/>\n\t<meta property=\"og:image:width\" content=\"1024\" \/>\n\t<meta property=\"og:image:height\" content=\"581\" \/>\n\t<meta property=\"og:image:type\" content=\"image\/jpeg\" \/>\n<meta name=\"author\" content=\"Reda\u00e7\u00e3o JO\" \/>\n<meta name=\"twitter:card\" content=\"summary_large_image\" \/>\n<meta name=\"twitter:creator\" content=\"@jornaloficinas\" \/>\n<meta name=\"twitter:site\" content=\"@jornaloficinas\" \/>\n<meta name=\"twitter:label1\" content=\"Escrito por\" \/>\n\t<meta name=\"twitter:data1\" content=\"Reda\u00e7\u00e3o JO\" \/>\n\t<meta name=\"twitter:label2\" content=\"Tempo estimado de leitura\" \/>\n\t<meta name=\"twitter:data2\" content=\"2 minutos\" \/>\n<script type=\"application\/ld+json\" class=\"yoast-schema-graph\">{\"@context\":\"https:\\\/\\\/schema.org\",\"@graph\":[{\"@type\":\"Article\",\"@id\":\"https:\\\/\\\/jornaldasoficinas.com\\\/pt\\\/basf-coatings-e-stellantis-prolongam-parceria\\\/#article\",\"isPartOf\":{\"@id\":\"https:\\\/\\\/jornaldasoficinas.com\\\/pt\\\/basf-coatings-e-stellantis-prolongam-parceria\\\/\"},\"author\":{\"name\":\"Reda\u00e7\u00e3o JO\",\"@id\":\"https:\\\/\\\/jornaldasoficinas.com\\\/pt\\\/#\\\/schema\\\/person\\\/a38eef5de2c41d9e7c9ac10141afddf3\"},\"headline\":\"BASF Coatings e Stellantis prolongam parceria at\u00e9 2026\",\"datePublished\":\"2026-01-06T08:00:18+00:00\",\"mainEntityOfPage\":{\"@id\":\"https:\\\/\\\/jornaldasoficinas.com\\\/pt\\\/basf-coatings-e-stellantis-prolongam-parceria\\\/\"},\"wordCount\":173,\"publisher\":{\"@id\":\"https:\\\/\\\/jornaldasoficinas.com\\\/pt\\\/#organization\"},\"image\":{\"@id\":\"https:\\\/\\\/jornaldasoficinas.com\\\/pt\\\/basf-coatings-e-stellantis-prolongam-parceria\\\/#primaryimage\"},\"thumbnailUrl\":\"https:\\\/\\\/jornaldasoficinas.com\\\/pt\\\/wp-content\\\/uploads\\\/2026\\\/01\\\/BASF-Coatings-e-Stellantis-prolongam-parceria-ate-2026.jpeg\",\"keywords\":[\"acordo internacional\",\"BASF Coatings\",\"Oficinas\",\"parceria at\u00e9 2026\",\"repintura autom\u00f3vel\",\"Stellantis\"],\"articleSection\":[\"Repintura\"],\"inLanguage\":\"pt-PT\"},{\"@type\":\"WebPage\",\"@id\":\"https:\\\/\\\/jornaldasoficinas.com\\\/pt\\\/basf-coatings-e-stellantis-prolongam-parceria\\\/\",\"url\":\"https:\\\/\\\/jornaldasoficinas.com\\\/pt\\\/basf-coatings-e-stellantis-prolongam-parceria\\\/\",\"name\":\"BASF Coatings e Stellantis prolongam parceria at\u00e9 2026 - Jornal das Oficinas\",\"isPartOf\":{\"@id\":\"https:\\\/\\\/jornaldasoficinas.com\\\/pt\\\/#website\"},\"primaryImageOfPage\":{\"@id\":\"https:\\\/\\\/jornaldasoficinas.com\\\/pt\\\/basf-coatings-e-stellantis-prolongam-parceria\\\/#primaryimage\"},\"image\":{\"@id\":\"https:\\\/\\\/jornaldasoficinas.com\\\/pt\\\/basf-coatings-e-stellantis-prolongam-parceria\\\/#primaryimage\"},\"thumbnailUrl\":\"https:\\\/\\\/jornaldasoficinas.com\\\/pt\\\/wp-content\\\/uploads\\\/2026\\\/01\\\/BASF-Coatings-e-Stellantis-prolongam-parceria-ate-2026.jpeg\",\"datePublished\":\"2026-01-06T08:00:18+00:00\",\"description\":\"A BASF Coatings e o grupo Stellantis renovaram o seu acordo internacional de servi\u00e7os, estendendo a parceria global at\u00e9 2026\",\"breadcrumb\":{\"@id\":\"https:\\\/\\\/jornaldasoficinas.com\\\/pt\\\/basf-coatings-e-stellantis-prolongam-parceria\\\/#breadcrumb\"},\"inLanguage\":\"pt-PT\",\"potentialAction\":[{\"@type\":\"ReadAction\",\"target\":[\"https:\\\/\\\/jornaldasoficinas.com\\\/pt\\\/basf-coatings-e-stellantis-prolongam-parceria\\\/\"]}]},{\"@type\":\"ImageObject\",\"inLanguage\":\"pt-PT\",\"@id\":\"https:\\\/\\\/jornaldasoficinas.com\\\/pt\\\/basf-coatings-e-stellantis-prolongam-parceria\\\/#primaryimage\",\"url\":\"https:\\\/\\\/jornaldasoficinas.com\\\/pt\\\/wp-content\\\/uploads\\\/2026\\\/01\\\/BASF-Coatings-e-Stellantis-prolongam-parceria-ate-2026.jpeg\",\"contentUrl\":\"https:\\\/\\\/jornaldasoficinas.com\\\/pt\\\/wp-content\\\/uploads\\\/2026\\\/01\\\/BASF-Coatings-e-Stellantis-prolongam-parceria-ate-2026.jpeg\",\"width\":1024,\"height\":581,\"caption\":\"01 - BASF Coatings e Stellantis prolongam parceria ate 2026\"},{\"@type\":\"BreadcrumbList\",\"@id\":\"https:\\\/\\\/jornaldasoficinas.com\\\/pt\\\/basf-coatings-e-stellantis-prolongam-parceria\\\/#breadcrumb\",\"itemListElement\":[{\"@type\":\"ListItem\",\"position\":1,\"name\":\"In\u00edcio\",\"item\":\"https:\\\/\\\/jornaldasoficinas.com\\\/pt\\\/\"},{\"@type\":\"ListItem\",\"position\":2,\"name\":\"BASF Coatings e Stellantis prolongam parceria at\u00e9 2026\"}]},{\"@type\":\"WebSite\",\"@id\":\"https:\\\/\\\/jornaldasoficinas.com\\\/pt\\\/#website\",\"url\":\"https:\\\/\\\/jornaldasoficinas.com\\\/pt\\\/\",\"name\":\"Jornal das Oficinas\",\"description\":\"Jornal independente do Aftermarket Autom\u00f3vel em Portugal\",\"publisher\":{\"@id\":\"https:\\\/\\\/jornaldasoficinas.com\\\/pt\\\/#organization\"},\"potentialAction\":[{\"@type\":\"SearchAction\",\"target\":{\"@type\":\"EntryPoint\",\"urlTemplate\":\"https:\\\/\\\/jornaldasoficinas.com\\\/pt\\\/?s={search_term_string}\"},\"query-input\":{\"@type\":\"PropertyValueSpecification\",\"valueRequired\":true,\"valueName\":\"search_term_string\"}}],\"inLanguage\":\"pt-PT\"},{\"@type\":\"Organization\",\"@id\":\"https:\\\/\\\/jornaldasoficinas.com\\\/pt\\\/#organization\",\"name\":\"Jornal das Oficinas\",\"url\":\"https:\\\/\\\/jornaldasoficinas.com\\\/pt\\\/\",\"logo\":{\"@type\":\"ImageObject\",\"inLanguage\":\"pt-PT\",\"@id\":\"https:\\\/\\\/jornaldasoficinas.com\\\/pt\\\/#\\\/schema\\\/logo\\\/image\\\/\",\"url\":\"https:\\\/\\\/jornaldasoficinas.com\\\/pt\\\/wp-content\\\/uploads\\\/logoJO-SEO.png\",\"contentUrl\":\"https:\\\/\\\/jornaldasoficinas.com\\\/pt\\\/wp-content\\\/uploads\\\/logoJO-SEO.png\",\"width\":285,\"height\":450,\"caption\":\"Jornal das Oficinas\"},\"image\":{\"@id\":\"https:\\\/\\\/jornaldasoficinas.com\\\/pt\\\/#\\\/schema\\\/logo\\\/image\\\/\"},\"sameAs\":[\"https:\\\/\\\/www.facebook.com\\\/jornaloficinas\",\"https:\\\/\\\/x.com\\\/jornaloficinas\",\"https:\\\/\\\/www.instagram.com\\\/jornal_oficinas\\\/\",\"https:\\\/\\\/www.linkedin.com\\\/company\\\/jornal-das-oficinas\\\/\",\"https:\\\/\\\/www.youtube.com\\\/channel\\\/UCbQZBqtcvV-oSQrr7RzINGg\"]},{\"@type\":\"Person\",\"@id\":\"https:\\\/\\\/jornaldasoficinas.com\\\/pt\\\/#\\\/schema\\\/person\\\/a38eef5de2c41d9e7c9ac10141afddf3\",\"name\":\"Reda\u00e7\u00e3o JO\",\"image\":{\"@type\":\"ImageObject\",\"inLanguage\":\"pt-PT\",\"@id\":\"https:\\\/\\\/secure.gravatar.com\\\/avatar\\\/71f2fa71737ad68a84fea94bc708ddac8ea5b0c4788dc2ad202f3ccb2887742f?s=96&d=wp_user_avatar&r=g\",\"url\":\"https:\\\/\\\/secure.gravatar.com\\\/avatar\\\/71f2fa71737ad68a84fea94bc708ddac8ea5b0c4788dc2ad202f3ccb2887742f?s=96&d=wp_user_avatar&r=g\",\"contentUrl\":\"https:\\\/\\\/secure.gravatar.com\\\/avatar\\\/71f2fa71737ad68a84fea94bc708ddac8ea5b0c4788dc2ad202f3ccb2887742f?s=96&d=wp_user_avatar&r=g\",\"caption\":\"Reda\u00e7\u00e3o JO\"},\"url\":\"https:\\\/\\\/jornaldasoficinas.com\\\/pt\\\/author\\\/joredacao\\\/\"}]}<\/script>\n<!-- \/ Yoast SEO plugin. -->","yoast_head_json":{"title":"BASF Coatings e Stellantis prolongam parceria at\u00e9 2026 - Jornal das Oficinas","description":"A BASF Coatings e o grupo Stellantis renovaram o seu acordo internacional de servi\u00e7os, estendendo a parceria global at\u00e9 2026","robots":{"index":"index","follow":"follow","max-snippet":"max-snippet:-1","max-image-preview":"max-image-preview:large","max-video-preview":"max-video-preview:-1"},"canonical":"https:\/\/jornaldasoficinas.com\/pt\/basf-coatings-e-stellantis-prolongam-parceria\/","og_locale":"pt_PT","og_type":"article","og_title":"BASF Coatings e Stellantis prolongam parceria at\u00e9 2026 - Jornal das Oficinas","og_description":"A BASF Coatings e o grupo Stellantis renovaram o seu acordo internacional de servi\u00e7os, estendendo a parceria global at\u00e9 2026","og_url":"https:\/\/jornaldasoficinas.com\/pt\/basf-coatings-e-stellantis-prolongam-parceria\/","og_site_name":"Jornal das Oficinas","article_publisher":"https:\/\/www.facebook.com\/jornaloficinas","article_published_time":"2026-01-06T08:00:18+00:00","og_image":[{"width":1024,"height":581,"url":"https:\/\/jornaldasoficinas.com\/pt\/wp-content\/uploads\/2026\/01\/BASF-Coatings-e-Stellantis-prolongam-parceria-ate-2026.jpeg","type":"image\/jpeg"}],"author":"Reda\u00e7\u00e3o JO","twitter_card":"summary_large_image","twitter_creator":"@jornaloficinas","twitter_site":"@jornaloficinas","twitter_misc":{"Escrito por":"Reda\u00e7\u00e3o JO","Tempo estimado de leitura":"2 minutos"},"schema":{"@context":"https:\/\/schema.org","@graph":[{"@type":"Article","@id":"https:\/\/jornaldasoficinas.com\/pt\/basf-coatings-e-stellantis-prolongam-parceria\/#article","isPartOf":{"@id":"https:\/\/jornaldasoficinas.com\/pt\/basf-coatings-e-stellantis-prolongam-parceria\/"},"author":{"name":"Reda\u00e7\u00e3o JO","@id":"https:\/\/jornaldasoficinas.com\/pt\/#\/schema\/person\/a38eef5de2c41d9e7c9ac10141afddf3"},"headline":"BASF Coatings e Stellantis prolongam parceria at\u00e9 2026","datePublished":"2026-01-06T08:00:18+00:00","mainEntityOfPage":{"@id":"https:\/\/jornaldasoficinas.com\/pt\/basf-coatings-e-stellantis-prolongam-parceria\/"},"wordCount":173,"publisher":{"@id":"https:\/\/jornaldasoficinas.com\/pt\/#organization"},"image":{"@id":"https:\/\/jornaldasoficinas.com\/pt\/basf-coatings-e-stellantis-prolongam-parceria\/#primaryimage"},"thumbnailUrl":"https:\/\/jornaldasoficinas.com\/pt\/wp-content\/uploads\/2026\/01\/BASF-Coatings-e-Stellantis-prolongam-parceria-ate-2026.jpeg","keywords":["acordo internacional","BASF Coatings","Oficinas","parceria at\u00e9 2026","repintura autom\u00f3vel","Stellantis"],"articleSection":["Repintura"],"inLanguage":"pt-PT"},{"@type":"WebPage","@id":"https:\/\/jornaldasoficinas.com\/pt\/basf-coatings-e-stellantis-prolongam-parceria\/","url":"https:\/\/jornaldasoficinas.com\/pt\/basf-coatings-e-stellantis-prolongam-parceria\/","name":"BASF Coatings e Stellantis prolongam parceria at\u00e9 2026 - Jornal das Oficinas","isPartOf":{"@id":"https:\/\/jornaldasoficinas.com\/pt\/#website"},"primaryImageOfPage":{"@id":"https:\/\/jornaldasoficinas.com\/pt\/basf-coatings-e-stellantis-prolongam-parceria\/#primaryimage"},"image":{"@id":"https:\/\/jornaldasoficinas.com\/pt\/basf-coatings-e-stellantis-prolongam-parceria\/#primaryimage"},"thumbnailUrl":"https:\/\/jornaldasoficinas.com\/pt\/wp-content\/uploads\/2026\/01\/BASF-Coatings-e-Stellantis-prolongam-parceria-ate-2026.jpeg","datePublished":"2026-01-06T08:00:18+00:00","description":"A BASF Coatings e o grupo Stellantis renovaram o seu acordo internacional de servi\u00e7os, estendendo a parceria global at\u00e9 2026","breadcrumb":{"@id":"https:\/\/jornaldasoficinas.com\/pt\/basf-coatings-e-stellantis-prolongam-parceria\/#breadcrumb"},"inLanguage":"pt-PT","potentialAction":[{"@type":"ReadAction","target":["https:\/\/jornaldasoficinas.com\/pt\/basf-coatings-e-stellantis-prolongam-parceria\/"]}]},{"@type":"ImageObject","inLanguage":"pt-PT","@id":"https:\/\/jornaldasoficinas.com\/pt\/basf-coatings-e-stellantis-prolongam-parceria\/#primaryimage","url":"https:\/\/jornaldasoficinas.com\/pt\/wp-content\/uploads\/2026\/01\/BASF-Coatings-e-Stellantis-prolongam-parceria-ate-2026.jpeg","contentUrl":"https:\/\/jornaldasoficinas.com\/pt\/wp-content\/uploads\/2026\/01\/BASF-Coatings-e-Stellantis-prolongam-parceria-ate-2026.jpeg","width":1024,"height":581,"caption":"01 - BASF Coatings e Stellantis prolongam parceria ate 2026"},{"@type":"BreadcrumbList","@id":"https:\/\/jornaldasoficinas.com\/pt\/basf-coatings-e-stellantis-prolongam-parceria\/#breadcrumb","itemListElement":[{"@type":"ListItem","position":1,"name":"In\u00edcio","item":"https:\/\/jornaldasoficinas.com\/pt\/"},{"@type":"ListItem","position":2,"name":"BASF Coatings e Stellantis prolongam parceria at\u00e9 2026"}]},{"@type":"WebSite","@id":"https:\/\/jornaldasoficinas.com\/pt\/#website","url":"https:\/\/jornaldasoficinas.com\/pt\/","name":"Jornal das Oficinas","description":"Jornal independente do Aftermarket Autom\u00f3vel em Portugal","publisher":{"@id":"https:\/\/jornaldasoficinas.com\/pt\/#organization"},"potentialAction":[{"@type":"SearchAction","target":{"@type":"EntryPoint","urlTemplate":"https:\/\/jornaldasoficinas.com\/pt\/?s={search_term_string}"},"query-input":{"@type":"PropertyValueSpecification","valueRequired":true,"valueName":"search_term_string"}}],"inLanguage":"pt-PT"},{"@type":"Organization","@id":"https:\/\/jornaldasoficinas.com\/pt\/#organization","name":"Jornal das Oficinas","url":"https:\/\/jornaldasoficinas.com\/pt\/","logo":{"@type":"ImageObject","inLanguage":"pt-PT","@id":"https:\/\/jornaldasoficinas.com\/pt\/#\/schema\/logo\/image\/","url":"https:\/\/jornaldasoficinas.com\/pt\/wp-content\/uploads\/logoJO-SEO.png","contentUrl":"https:\/\/jornaldasoficinas.com\/pt\/wp-content\/uploads\/logoJO-SEO.png","width":285,"height":450,"caption":"Jornal das Oficinas"},"image":{"@id":"https:\/\/jornaldasoficinas.com\/pt\/#\/schema\/logo\/image\/"},"sameAs":["https:\/\/www.facebook.com\/jornaloficinas","https:\/\/x.com\/jornaloficinas","https:\/\/www.instagram.com\/jornal_oficinas\/","https:\/\/www.linkedin.com\/company\/jornal-das-oficinas\/","https:\/\/www.youtube.com\/channel\/UCbQZBqtcvV-oSQrr7RzINGg"]},{"@type":"Person","@id":"https:\/\/jornaldasoficinas.com\/pt\/#\/schema\/person\/a38eef5de2c41d9e7c9ac10141afddf3","name":"Reda\u00e7\u00e3o JO","image":{"@type":"ImageObject","inLanguage":"pt-PT","@id":"https:\/\/secure.gravatar.com\/avatar\/71f2fa71737ad68a84fea94bc708ddac8ea5b0c4788dc2ad202f3ccb2887742f?s=96&d=wp_user_avatar&r=g","url":"https:\/\/secure.gravatar.com\/avatar\/71f2fa71737ad68a84fea94bc708ddac8ea5b0c4788dc2ad202f3ccb2887742f?s=96&d=wp_user_avatar&r=g","contentUrl":"https:\/\/secure.gravatar.com\/avatar\/71f2fa71737ad68a84fea94bc708ddac8ea5b0c4788dc2ad202f3ccb2887742f?s=96&d=wp_user_avatar&r=g","caption":"Reda\u00e7\u00e3o JO"},"url":"https:\/\/jornaldasoficinas.com\/pt\/author\/joredacao\/"}]}},"_links":{"self":[{"href":"https:\/\/jornaldasoficinas.com\/pt\/wp-json\/wp\/v2\/posts\/111404","targetHints":{"allow":["GET"]}}],"collection":[{"href":"https:\/\/jornaldasoficinas.com\/pt\/wp-json\/wp\/v2\/posts"}],"about":[{"href":"https:\/\/jornaldasoficinas.com\/pt\/wp-json\/wp\/v2\/types\/post"}],"author":[{"embeddable":true,"href":"https:\/\/jornaldasoficinas.com\/pt\/wp-json\/wp\/v2\/users\/15"}],"replies":[{"embeddable":true,"href":"https:\/\/jornaldasoficinas.com\/pt\/wp-json\/wp\/v2\/comments?post=111404"}],"version-history":[{"count":4,"href":"https:\/\/jornaldasoficinas.com\/pt\/wp-json\/wp\/v2\/posts\/111404\/revisions"}],"predecessor-version":[{"id":111413,"href":"https:\/\/jornaldasoficinas.com\/pt\/wp-json\/wp\/v2\/posts\/111404\/revisions\/111413"}],"wp:featuredmedia":[{"embeddable":true,"href":"https:\/\/jornaldasoficinas.com\/pt\/wp-json\/wp\/v2\/media\/111412"}],"wp:attachment":[{"href":"https:\/\/jornaldasoficinas.com\/pt\/wp-json\/wp\/v2\/media?parent=111404"}],"wp:term":[{"taxonomy":"category","embeddable":true,"href":"https:\/\/jornaldasoficinas.com\/pt\/wp-json\/wp\/v2\/categories?post=111404"},{"taxonomy":"post_tag","embeddable":true,"href":"https:\/\/jornaldasoficinas.com\/pt\/wp-json\/wp\/v2\/tags?post=111404"}],"curies":[{"name":"wp","href":"https:\/\/api.w.org\/{rel}","templated":true}]}}