{"id":111458,"date":"2026-01-07T12:30:20","date_gmt":"2026-01-07T12:30:20","guid":{"rendered":"https:\/\/jornaldasoficinas.com\/pt\/?p=111458"},"modified":"2026-01-06T16:31:55","modified_gmt":"2026-01-06T16:31:55","slug":"daimler-truck-retail-adota-sistema-da-fuchs-em-portugal","status":"publish","type":"post","link":"https:\/\/jornaldasoficinas.com\/pt\/daimler-truck-retail-adota-sistema-da-fuchs-em-portugal\/","title":{"rendered":"Daimler Truck Retail adota sistema da FUCHS em Portugal"},"content":{"rendered":"<p><strong><img loading=\"lazy\" decoding=\"async\" class=\"alignnone size-full wp-image-111464\" src=\"https:\/\/jornaldasoficinas.com\/pt\/wp-content\/uploads\/2026\/01\/Daimler-Truck-Retail-adota-sistema-da-FUCHS-em-Portugal.jpg\" alt=\"01 - Daimler Truck Retail adota sistema da FUCHS em Portugal\" width=\"1024\" height=\"581\" srcset=\"https:\/\/jornaldasoficinas.com\/pt\/wp-content\/uploads\/2026\/01\/Daimler-Truck-Retail-adota-sistema-da-FUCHS-em-Portugal.jpg 1024w, https:\/\/jornaldasoficinas.com\/pt\/wp-content\/uploads\/2026\/01\/Daimler-Truck-Retail-adota-sistema-da-FUCHS-em-Portugal-300x170.jpg 300w, https:\/\/jornaldasoficinas.com\/pt\/wp-content\/uploads\/2026\/01\/Daimler-Truck-Retail-adota-sistema-da-FUCHS-em-Portugal-150x85.jpg 150w, https:\/\/jornaldasoficinas.com\/pt\/wp-content\/uploads\/2026\/01\/Daimler-Truck-Retail-adota-sistema-da-FUCHS-em-Portugal-768x436.jpg 768w\" sizes=\"auto, (max-width: 1024px) 100vw, 1024px\" \/><\/strong><\/p>\n<p><strong>A oficina da <a href=\"https:\/\/www.mercedes-benz-trucks-alverca.pt\/retail\/pt\/pt\/home.html\" target=\"_blank\" rel=\"noopener\">Daimler Truck Retail<\/a>, em Alverca, foi a primeira em Portugal a implementar o SMART LEVEL, um sistema da <a href=\"https:\/\/www.fuchs.com\/\" target=\"_blank\" rel=\"noopener\">FUCHS<\/a> que permite a monitoriza\u00e7\u00e3o autom\u00e1tica de lubrificantes e anticongelantes atrav\u00e9s de sensores ligados a uma plataforma digital<\/strong><\/p>\n<p>Chama-se SMART LEVEL, \u00e9 uma das mais recentes inova\u00e7\u00f5es de alta tecnologia da FUCHS e j\u00e1 chegou a Portugal, mais precisamente a Alverca. Em dezembro, a oficina da Daimler Truck Retail foi a primeira a receber este novo sistema que permite controlar lubrificantes e anticongelantes atrav\u00e9s de sensores.<\/p>\n<p>&#8220;Instal\u00e1mos sensores em quatro cubas, umas com \u00f3leo de motor outras com anticongelante, e ainda em dois tambores com \u00f3leo de transmiss\u00e3o e diferencial&#8221;, informou Miguel Ribeiro Pinto, respons\u00e1vel automotive da FUCHS e acrescentou: &#8220;Conclu\u00edmos a instala\u00e7\u00e3o com uma a\u00e7\u00e3o de forma\u00e7\u00e3o em sala para os principais intervenientes. O objetivo foi explicar como podem tirar o m\u00e1ximo proveito do SMART LEVEL atrav\u00e9s do portal FLUIDS CONNECT da FUCHS&#8221;.<\/p>\n<p>Rog\u00e9rio Silvestre, diretor do p\u00f3s-venda da Daimler Truck confirmou a import\u00e2ncia da inova\u00e7\u00e3o: &#8220;Este novo sistema da FUCHS ajuda-nos a aperfei\u00e7oar a nossa miss\u00e3o, que \u00e9 apoiar os nossos clientes da melhor forma nas suas atividades comerciais. Fornecemos cami\u00f5es e autocarros \u00e0 medida e tratamos da sua manuten\u00e7\u00e3o nas nossas oficinas. Para n\u00f3s \u00e9 essencial controlar o stock dos lubrificantes e anticongelantes. Com os sensores e o software da FUCHS, conseguimos este controlo de forma c\u00f3moda, r\u00e1pida e integrada&#8221;.<\/p>\n<p>O portal FLUIDS CONNECT centraliza todos os dados recolhidos pelos sensores, com medi\u00e7\u00f5es ajust\u00e1veis at\u00e9 uma periodicidade hor\u00e1ria. A plataforma permite consultar n\u00edveis atuais, hist\u00f3rico de consumos e alertas autom\u00e1ticos quando os limites definidos s\u00e3o atingidos: a laranja quando a reposi\u00e7\u00e3o se aproxima e a vermelho em situa\u00e7\u00f5es urgentes. O sistema inclui ainda previs\u00f5es de consumo e indica a data estimada de esgotamento do stock.<\/p>\n<p>&#8220;O sistema permite condicionar e diferenciar o acesso aos dados. A administra\u00e7\u00e3o pode ter acesso a outros dados do que o armaz\u00e9m, por exemplo. Se um grupo de oficinas quiser instalar o SMART LEVEL, pode configurar a visualiza\u00e7\u00e3o por oficina e depois por departamento. O sistema \u00e9 altamente ajust\u00e1vel \u00e0s necessidades&#8221;, referiu Miguel Ribeiro Pinto. A solu\u00e7\u00e3o possibilita ainda a emiss\u00e3o autom\u00e1tica de relat\u00f3rios peri\u00f3dicos, personalizados e enviados por e-mail. &#8220;A principal mais-valia deste sistema est\u00e1 no controlo di\u00e1rio do invent\u00e1rio e na possibilidade de agir atempadamente quanto ao reaprovisionamento. Para al\u00e9m disso, permite identificar irregularidades&#8221;, acrescentou.<\/p>\n<p><strong>Solu\u00e7\u00e3o aplic\u00e1vel tamb\u00e9m \u00e0 ind\u00fastria<\/strong><\/p>\n<p>O SMART LEVEL pode integrar at\u00e9 200 sensores num \u00fanico sistema, instal\u00e1veis em cubas, tambores ou dep\u00f3sitos subterr\u00e2neos. Os sensores utilizam tecnologia de ultrassons, comunicam por dados m\u00f3veis ou Wi-Fi, incluem GPS e funcionam com baterias substitu\u00edveis que podem durar at\u00e9 12 anos.<\/p>\n<p>&#8220;O SMART LEVEL \u00e9 um poderoso aliado para as f\u00e1bricas e oficinas, j\u00e1 que permite um controlo total, c\u00f3modo, autom\u00e1tico e permanente dos lubrificantes&#8221;, concluiu Miguel Ribeiro Pinto.<\/p>\n","protected":false},"excerpt":{"rendered":"<p>A oficina da Daimler Truck Retail,&#8230;<\/p>\n","protected":false},"author":15,"featured_media":111464,"comment_status":"closed","ping_status":"closed","sticky":false,"template":"","format":"standard","meta":{"footnotes":""},"categories":[36],"tags":[14323,277,155,14325,7225,14324],"class_list":["post-111458","post","type-post","status-publish","format-standard","has-post-thumbnail","hentry","category-pesados","tag-daimler-truck-retail","tag-fuchs","tag-lubrificantes","tag-monitorizacao-automatica","tag-plataforma-digital","tag-smart-level"],"yoast_head":"<!-- This site is optimized with the Yoast SEO plugin v27.5 - https:\/\/yoast.com\/product\/yoast-seo-wordpress\/ -->\n<title>Daimler Truck Retail adota sistema da FUCHS em Portugal - Jornal das Oficinas<\/title>\n<meta name=\"description\" content=\"A oficina da Daimler Truck Retail, em Alverca, foi a primeira em Portugal a implementar o SMART LEVEL, um sistema da FUCHS\" \/>\n<meta name=\"robots\" content=\"index, follow, max-snippet:-1, max-image-preview:large, max-video-preview:-1\" \/>\n<link rel=\"canonical\" href=\"https:\/\/jornaldasoficinas.com\/pt\/daimler-truck-retail-adota-sistema-da-fuchs-em-portugal\/\" \/>\n<meta property=\"og:locale\" content=\"pt_PT\" \/>\n<meta property=\"og:type\" content=\"article\" \/>\n<meta property=\"og:title\" content=\"Daimler Truck Retail adota sistema da FUCHS em Portugal - Jornal das Oficinas\" \/>\n<meta property=\"og:description\" content=\"A oficina da Daimler Truck Retail, em Alverca, foi a primeira em Portugal a implementar o SMART LEVEL, um sistema da FUCHS\" \/>\n<meta property=\"og:url\" content=\"https:\/\/jornaldasoficinas.com\/pt\/daimler-truck-retail-adota-sistema-da-fuchs-em-portugal\/\" \/>\n<meta property=\"og:site_name\" content=\"Jornal das Oficinas\" \/>\n<meta property=\"article:publisher\" content=\"https:\/\/www.facebook.com\/jornaloficinas\" \/>\n<meta property=\"article:published_time\" content=\"2026-01-07T12:30:20+00:00\" \/>\n<meta property=\"og:image\" content=\"https:\/\/jornaldasoficinas.com\/pt\/wp-content\/uploads\/2026\/01\/Daimler-Truck-Retail-adota-sistema-da-FUCHS-em-Portugal.jpg\" \/>\n\t<meta property=\"og:image:width\" content=\"1024\" \/>\n\t<meta property=\"og:image:height\" content=\"581\" \/>\n\t<meta property=\"og:image:type\" content=\"image\/jpeg\" \/>\n<meta name=\"author\" content=\"Reda\u00e7\u00e3o JO\" \/>\n<meta name=\"twitter:card\" content=\"summary_large_image\" \/>\n<meta name=\"twitter:creator\" content=\"@jornaloficinas\" \/>\n<meta name=\"twitter:site\" content=\"@jornaloficinas\" \/>\n<meta name=\"twitter:label1\" content=\"Escrito por\" \/>\n\t<meta name=\"twitter:data1\" content=\"Reda\u00e7\u00e3o JO\" \/>\n\t<meta name=\"twitter:label2\" content=\"Tempo estimado de leitura\" \/>\n\t<meta name=\"twitter:data2\" content=\"3 minutos\" \/>\n<script type=\"application\/ld+json\" class=\"yoast-schema-graph\">{\"@context\":\"https:\\\/\\\/schema.org\",\"@graph\":[{\"@type\":\"Article\",\"@id\":\"https:\\\/\\\/jornaldasoficinas.com\\\/pt\\\/daimler-truck-retail-adota-sistema-da-fuchs-em-portugal\\\/#article\",\"isPartOf\":{\"@id\":\"https:\\\/\\\/jornaldasoficinas.com\\\/pt\\\/daimler-truck-retail-adota-sistema-da-fuchs-em-portugal\\\/\"},\"author\":{\"name\":\"Reda\u00e7\u00e3o JO\",\"@id\":\"https:\\\/\\\/jornaldasoficinas.com\\\/pt\\\/#\\\/schema\\\/person\\\/a38eef5de2c41d9e7c9ac10141afddf3\"},\"headline\":\"Daimler Truck Retail adota sistema da FUCHS em Portugal\",\"datePublished\":\"2026-01-07T12:30:20+00:00\",\"mainEntityOfPage\":{\"@id\":\"https:\\\/\\\/jornaldasoficinas.com\\\/pt\\\/daimler-truck-retail-adota-sistema-da-fuchs-em-portugal\\\/\"},\"wordCount\":531,\"publisher\":{\"@id\":\"https:\\\/\\\/jornaldasoficinas.com\\\/pt\\\/#organization\"},\"image\":{\"@id\":\"https:\\\/\\\/jornaldasoficinas.com\\\/pt\\\/daimler-truck-retail-adota-sistema-da-fuchs-em-portugal\\\/#primaryimage\"},\"thumbnailUrl\":\"https:\\\/\\\/jornaldasoficinas.com\\\/pt\\\/wp-content\\\/uploads\\\/2026\\\/01\\\/Daimler-Truck-Retail-adota-sistema-da-FUCHS-em-Portugal.jpg\",\"keywords\":[\"Daimler Truck Retail\",\"Fuchs\",\"Lubrificantes\",\"monitoriza\u00e7\u00e3o autom\u00e1tica\",\"plataforma digital\",\"SMART LEVEL\"],\"articleSection\":[\"Pesados\"],\"inLanguage\":\"pt-PT\"},{\"@type\":\"WebPage\",\"@id\":\"https:\\\/\\\/jornaldasoficinas.com\\\/pt\\\/daimler-truck-retail-adota-sistema-da-fuchs-em-portugal\\\/\",\"url\":\"https:\\\/\\\/jornaldasoficinas.com\\\/pt\\\/daimler-truck-retail-adota-sistema-da-fuchs-em-portugal\\\/\",\"name\":\"Daimler Truck Retail adota sistema da FUCHS em Portugal - Jornal das Oficinas\",\"isPartOf\":{\"@id\":\"https:\\\/\\\/jornaldasoficinas.com\\\/pt\\\/#website\"},\"primaryImageOfPage\":{\"@id\":\"https:\\\/\\\/jornaldasoficinas.com\\\/pt\\\/daimler-truck-retail-adota-sistema-da-fuchs-em-portugal\\\/#primaryimage\"},\"image\":{\"@id\":\"https:\\\/\\\/jornaldasoficinas.com\\\/pt\\\/daimler-truck-retail-adota-sistema-da-fuchs-em-portugal\\\/#primaryimage\"},\"thumbnailUrl\":\"https:\\\/\\\/jornaldasoficinas.com\\\/pt\\\/wp-content\\\/uploads\\\/2026\\\/01\\\/Daimler-Truck-Retail-adota-sistema-da-FUCHS-em-Portugal.jpg\",\"datePublished\":\"2026-01-07T12:30:20+00:00\",\"description\":\"A oficina da Daimler Truck Retail, em Alverca, foi a primeira em Portugal a implementar o SMART LEVEL, um sistema da FUCHS\",\"breadcrumb\":{\"@id\":\"https:\\\/\\\/jornaldasoficinas.com\\\/pt\\\/daimler-truck-retail-adota-sistema-da-fuchs-em-portugal\\\/#breadcrumb\"},\"inLanguage\":\"pt-PT\",\"potentialAction\":[{\"@type\":\"ReadAction\",\"target\":[\"https:\\\/\\\/jornaldasoficinas.com\\\/pt\\\/daimler-truck-retail-adota-sistema-da-fuchs-em-portugal\\\/\"]}]},{\"@type\":\"ImageObject\",\"inLanguage\":\"pt-PT\",\"@id\":\"https:\\\/\\\/jornaldasoficinas.com\\\/pt\\\/daimler-truck-retail-adota-sistema-da-fuchs-em-portugal\\\/#primaryimage\",\"url\":\"https:\\\/\\\/jornaldasoficinas.com\\\/pt\\\/wp-content\\\/uploads\\\/2026\\\/01\\\/Daimler-Truck-Retail-adota-sistema-da-FUCHS-em-Portugal.jpg\",\"contentUrl\":\"https:\\\/\\\/jornaldasoficinas.com\\\/pt\\\/wp-content\\\/uploads\\\/2026\\\/01\\\/Daimler-Truck-Retail-adota-sistema-da-FUCHS-em-Portugal.jpg\",\"width\":1024,\"height\":581,\"caption\":\"01 - Daimler Truck Retail adota sistema da FUCHS em Portugal\"},{\"@type\":\"BreadcrumbList\",\"@id\":\"https:\\\/\\\/jornaldasoficinas.com\\\/pt\\\/daimler-truck-retail-adota-sistema-da-fuchs-em-portugal\\\/#breadcrumb\",\"itemListElement\":[{\"@type\":\"ListItem\",\"position\":1,\"name\":\"In\u00edcio\",\"item\":\"https:\\\/\\\/jornaldasoficinas.com\\\/pt\\\/\"},{\"@type\":\"ListItem\",\"position\":2,\"name\":\"Daimler Truck Retail adota sistema da FUCHS em Portugal\"}]},{\"@type\":\"WebSite\",\"@id\":\"https:\\\/\\\/jornaldasoficinas.com\\\/pt\\\/#website\",\"url\":\"https:\\\/\\\/jornaldasoficinas.com\\\/pt\\\/\",\"name\":\"Jornal das Oficinas\",\"description\":\"Jornal independente do Aftermarket Autom\u00f3vel em Portugal\",\"publisher\":{\"@id\":\"https:\\\/\\\/jornaldasoficinas.com\\\/pt\\\/#organization\"},\"potentialAction\":[{\"@type\":\"SearchAction\",\"target\":{\"@type\":\"EntryPoint\",\"urlTemplate\":\"https:\\\/\\\/jornaldasoficinas.com\\\/pt\\\/?s={search_term_string}\"},\"query-input\":{\"@type\":\"PropertyValueSpecification\",\"valueRequired\":true,\"valueName\":\"search_term_string\"}}],\"inLanguage\":\"pt-PT\"},{\"@type\":\"Organization\",\"@id\":\"https:\\\/\\\/jornaldasoficinas.com\\\/pt\\\/#organization\",\"name\":\"Jornal das Oficinas\",\"url\":\"https:\\\/\\\/jornaldasoficinas.com\\\/pt\\\/\",\"logo\":{\"@type\":\"ImageObject\",\"inLanguage\":\"pt-PT\",\"@id\":\"https:\\\/\\\/jornaldasoficinas.com\\\/pt\\\/#\\\/schema\\\/logo\\\/image\\\/\",\"url\":\"https:\\\/\\\/jornaldasoficinas.com\\\/pt\\\/wp-content\\\/uploads\\\/logoJO-SEO.png\",\"contentUrl\":\"https:\\\/\\\/jornaldasoficinas.com\\\/pt\\\/wp-content\\\/uploads\\\/logoJO-SEO.png\",\"width\":285,\"height\":450,\"caption\":\"Jornal das Oficinas\"},\"image\":{\"@id\":\"https:\\\/\\\/jornaldasoficinas.com\\\/pt\\\/#\\\/schema\\\/logo\\\/image\\\/\"},\"sameAs\":[\"https:\\\/\\\/www.facebook.com\\\/jornaloficinas\",\"https:\\\/\\\/x.com\\\/jornaloficinas\",\"https:\\\/\\\/www.instagram.com\\\/jornal_oficinas\\\/\",\"https:\\\/\\\/www.linkedin.com\\\/company\\\/jornal-das-oficinas\\\/\",\"https:\\\/\\\/www.youtube.com\\\/channel\\\/UCbQZBqtcvV-oSQrr7RzINGg\"]},{\"@type\":\"Person\",\"@id\":\"https:\\\/\\\/jornaldasoficinas.com\\\/pt\\\/#\\\/schema\\\/person\\\/a38eef5de2c41d9e7c9ac10141afddf3\",\"name\":\"Reda\u00e7\u00e3o JO\",\"image\":{\"@type\":\"ImageObject\",\"inLanguage\":\"pt-PT\",\"@id\":\"https:\\\/\\\/secure.gravatar.com\\\/avatar\\\/71f2fa71737ad68a84fea94bc708ddac8ea5b0c4788dc2ad202f3ccb2887742f?s=96&d=wp_user_avatar&r=g\",\"url\":\"https:\\\/\\\/secure.gravatar.com\\\/avatar\\\/71f2fa71737ad68a84fea94bc708ddac8ea5b0c4788dc2ad202f3ccb2887742f?s=96&d=wp_user_avatar&r=g\",\"contentUrl\":\"https:\\\/\\\/secure.gravatar.com\\\/avatar\\\/71f2fa71737ad68a84fea94bc708ddac8ea5b0c4788dc2ad202f3ccb2887742f?s=96&d=wp_user_avatar&r=g\",\"caption\":\"Reda\u00e7\u00e3o JO\"},\"url\":\"https:\\\/\\\/jornaldasoficinas.com\\\/pt\\\/author\\\/joredacao\\\/\"}]}<\/script>\n<!-- \/ Yoast SEO plugin. -->","yoast_head_json":{"title":"Daimler Truck Retail adota sistema da FUCHS em Portugal - Jornal das Oficinas","description":"A oficina da Daimler Truck Retail, em Alverca, foi a primeira em Portugal a implementar o SMART LEVEL, um sistema da FUCHS","robots":{"index":"index","follow":"follow","max-snippet":"max-snippet:-1","max-image-preview":"max-image-preview:large","max-video-preview":"max-video-preview:-1"},"canonical":"https:\/\/jornaldasoficinas.com\/pt\/daimler-truck-retail-adota-sistema-da-fuchs-em-portugal\/","og_locale":"pt_PT","og_type":"article","og_title":"Daimler Truck Retail adota sistema da FUCHS em Portugal - Jornal das Oficinas","og_description":"A oficina da Daimler Truck Retail, em Alverca, foi a primeira em Portugal a implementar o SMART LEVEL, um sistema da FUCHS","og_url":"https:\/\/jornaldasoficinas.com\/pt\/daimler-truck-retail-adota-sistema-da-fuchs-em-portugal\/","og_site_name":"Jornal das Oficinas","article_publisher":"https:\/\/www.facebook.com\/jornaloficinas","article_published_time":"2026-01-07T12:30:20+00:00","og_image":[{"width":1024,"height":581,"url":"https:\/\/jornaldasoficinas.com\/pt\/wp-content\/uploads\/2026\/01\/Daimler-Truck-Retail-adota-sistema-da-FUCHS-em-Portugal.jpg","type":"image\/jpeg"}],"author":"Reda\u00e7\u00e3o JO","twitter_card":"summary_large_image","twitter_creator":"@jornaloficinas","twitter_site":"@jornaloficinas","twitter_misc":{"Escrito por":"Reda\u00e7\u00e3o JO","Tempo estimado de leitura":"3 minutos"},"schema":{"@context":"https:\/\/schema.org","@graph":[{"@type":"Article","@id":"https:\/\/jornaldasoficinas.com\/pt\/daimler-truck-retail-adota-sistema-da-fuchs-em-portugal\/#article","isPartOf":{"@id":"https:\/\/jornaldasoficinas.com\/pt\/daimler-truck-retail-adota-sistema-da-fuchs-em-portugal\/"},"author":{"name":"Reda\u00e7\u00e3o JO","@id":"https:\/\/jornaldasoficinas.com\/pt\/#\/schema\/person\/a38eef5de2c41d9e7c9ac10141afddf3"},"headline":"Daimler Truck Retail adota sistema da FUCHS em Portugal","datePublished":"2026-01-07T12:30:20+00:00","mainEntityOfPage":{"@id":"https:\/\/jornaldasoficinas.com\/pt\/daimler-truck-retail-adota-sistema-da-fuchs-em-portugal\/"},"wordCount":531,"publisher":{"@id":"https:\/\/jornaldasoficinas.com\/pt\/#organization"},"image":{"@id":"https:\/\/jornaldasoficinas.com\/pt\/daimler-truck-retail-adota-sistema-da-fuchs-em-portugal\/#primaryimage"},"thumbnailUrl":"https:\/\/jornaldasoficinas.com\/pt\/wp-content\/uploads\/2026\/01\/Daimler-Truck-Retail-adota-sistema-da-FUCHS-em-Portugal.jpg","keywords":["Daimler Truck Retail","Fuchs","Lubrificantes","monitoriza\u00e7\u00e3o autom\u00e1tica","plataforma digital","SMART LEVEL"],"articleSection":["Pesados"],"inLanguage":"pt-PT"},{"@type":"WebPage","@id":"https:\/\/jornaldasoficinas.com\/pt\/daimler-truck-retail-adota-sistema-da-fuchs-em-portugal\/","url":"https:\/\/jornaldasoficinas.com\/pt\/daimler-truck-retail-adota-sistema-da-fuchs-em-portugal\/","name":"Daimler Truck Retail adota sistema da FUCHS em Portugal - Jornal das Oficinas","isPartOf":{"@id":"https:\/\/jornaldasoficinas.com\/pt\/#website"},"primaryImageOfPage":{"@id":"https:\/\/jornaldasoficinas.com\/pt\/daimler-truck-retail-adota-sistema-da-fuchs-em-portugal\/#primaryimage"},"image":{"@id":"https:\/\/jornaldasoficinas.com\/pt\/daimler-truck-retail-adota-sistema-da-fuchs-em-portugal\/#primaryimage"},"thumbnailUrl":"https:\/\/jornaldasoficinas.com\/pt\/wp-content\/uploads\/2026\/01\/Daimler-Truck-Retail-adota-sistema-da-FUCHS-em-Portugal.jpg","datePublished":"2026-01-07T12:30:20+00:00","description":"A oficina da Daimler Truck Retail, em Alverca, foi a primeira em Portugal a implementar o SMART LEVEL, um sistema da FUCHS","breadcrumb":{"@id":"https:\/\/jornaldasoficinas.com\/pt\/daimler-truck-retail-adota-sistema-da-fuchs-em-portugal\/#breadcrumb"},"inLanguage":"pt-PT","potentialAction":[{"@type":"ReadAction","target":["https:\/\/jornaldasoficinas.com\/pt\/daimler-truck-retail-adota-sistema-da-fuchs-em-portugal\/"]}]},{"@type":"ImageObject","inLanguage":"pt-PT","@id":"https:\/\/jornaldasoficinas.com\/pt\/daimler-truck-retail-adota-sistema-da-fuchs-em-portugal\/#primaryimage","url":"https:\/\/jornaldasoficinas.com\/pt\/wp-content\/uploads\/2026\/01\/Daimler-Truck-Retail-adota-sistema-da-FUCHS-em-Portugal.jpg","contentUrl":"https:\/\/jornaldasoficinas.com\/pt\/wp-content\/uploads\/2026\/01\/Daimler-Truck-Retail-adota-sistema-da-FUCHS-em-Portugal.jpg","width":1024,"height":581,"caption":"01 - Daimler Truck Retail adota sistema da FUCHS em Portugal"},{"@type":"BreadcrumbList","@id":"https:\/\/jornaldasoficinas.com\/pt\/daimler-truck-retail-adota-sistema-da-fuchs-em-portugal\/#breadcrumb","itemListElement":[{"@type":"ListItem","position":1,"name":"In\u00edcio","item":"https:\/\/jornaldasoficinas.com\/pt\/"},{"@type":"ListItem","position":2,"name":"Daimler Truck Retail adota sistema da FUCHS em Portugal"}]},{"@type":"WebSite","@id":"https:\/\/jornaldasoficinas.com\/pt\/#website","url":"https:\/\/jornaldasoficinas.com\/pt\/","name":"Jornal das Oficinas","description":"Jornal independente do Aftermarket Autom\u00f3vel em Portugal","publisher":{"@id":"https:\/\/jornaldasoficinas.com\/pt\/#organization"},"potentialAction":[{"@type":"SearchAction","target":{"@type":"EntryPoint","urlTemplate":"https:\/\/jornaldasoficinas.com\/pt\/?s={search_term_string}"},"query-input":{"@type":"PropertyValueSpecification","valueRequired":true,"valueName":"search_term_string"}}],"inLanguage":"pt-PT"},{"@type":"Organization","@id":"https:\/\/jornaldasoficinas.com\/pt\/#organization","name":"Jornal das Oficinas","url":"https:\/\/jornaldasoficinas.com\/pt\/","logo":{"@type":"ImageObject","inLanguage":"pt-PT","@id":"https:\/\/jornaldasoficinas.com\/pt\/#\/schema\/logo\/image\/","url":"https:\/\/jornaldasoficinas.com\/pt\/wp-content\/uploads\/logoJO-SEO.png","contentUrl":"https:\/\/jornaldasoficinas.com\/pt\/wp-content\/uploads\/logoJO-SEO.png","width":285,"height":450,"caption":"Jornal das Oficinas"},"image":{"@id":"https:\/\/jornaldasoficinas.com\/pt\/#\/schema\/logo\/image\/"},"sameAs":["https:\/\/www.facebook.com\/jornaloficinas","https:\/\/x.com\/jornaloficinas","https:\/\/www.instagram.com\/jornal_oficinas\/","https:\/\/www.linkedin.com\/company\/jornal-das-oficinas\/","https:\/\/www.youtube.com\/channel\/UCbQZBqtcvV-oSQrr7RzINGg"]},{"@type":"Person","@id":"https:\/\/jornaldasoficinas.com\/pt\/#\/schema\/person\/a38eef5de2c41d9e7c9ac10141afddf3","name":"Reda\u00e7\u00e3o JO","image":{"@type":"ImageObject","inLanguage":"pt-PT","@id":"https:\/\/secure.gravatar.com\/avatar\/71f2fa71737ad68a84fea94bc708ddac8ea5b0c4788dc2ad202f3ccb2887742f?s=96&d=wp_user_avatar&r=g","url":"https:\/\/secure.gravatar.com\/avatar\/71f2fa71737ad68a84fea94bc708ddac8ea5b0c4788dc2ad202f3ccb2887742f?s=96&d=wp_user_avatar&r=g","contentUrl":"https:\/\/secure.gravatar.com\/avatar\/71f2fa71737ad68a84fea94bc708ddac8ea5b0c4788dc2ad202f3ccb2887742f?s=96&d=wp_user_avatar&r=g","caption":"Reda\u00e7\u00e3o JO"},"url":"https:\/\/jornaldasoficinas.com\/pt\/author\/joredacao\/"}]}},"_links":{"self":[{"href":"https:\/\/jornaldasoficinas.com\/pt\/wp-json\/wp\/v2\/posts\/111458","targetHints":{"allow":["GET"]}}],"collection":[{"href":"https:\/\/jornaldasoficinas.com\/pt\/wp-json\/wp\/v2\/posts"}],"about":[{"href":"https:\/\/jornaldasoficinas.com\/pt\/wp-json\/wp\/v2\/types\/post"}],"author":[{"embeddable":true,"href":"https:\/\/jornaldasoficinas.com\/pt\/wp-json\/wp\/v2\/users\/15"}],"replies":[{"embeddable":true,"href":"https:\/\/jornaldasoficinas.com\/pt\/wp-json\/wp\/v2\/comments?post=111458"}],"version-history":[{"count":6,"href":"https:\/\/jornaldasoficinas.com\/pt\/wp-json\/wp\/v2\/posts\/111458\/revisions"}],"predecessor-version":[{"id":111465,"href":"https:\/\/jornaldasoficinas.com\/pt\/wp-json\/wp\/v2\/posts\/111458\/revisions\/111465"}],"wp:featuredmedia":[{"embeddable":true,"href":"https:\/\/jornaldasoficinas.com\/pt\/wp-json\/wp\/v2\/media\/111464"}],"wp:attachment":[{"href":"https:\/\/jornaldasoficinas.com\/pt\/wp-json\/wp\/v2\/media?parent=111458"}],"wp:term":[{"taxonomy":"category","embeddable":true,"href":"https:\/\/jornaldasoficinas.com\/pt\/wp-json\/wp\/v2\/categories?post=111458"},{"taxonomy":"post_tag","embeddable":true,"href":"https:\/\/jornaldasoficinas.com\/pt\/wp-json\/wp\/v2\/tags?post=111458"}],"curies":[{"name":"wp","href":"https:\/\/api.w.org\/{rel}","templated":true}]}}