{"id":111486,"date":"2026-01-07T14:00:22","date_gmt":"2026-01-07T14:00:22","guid":{"rendered":"https:\/\/jornaldasoficinas.com\/pt\/?p=111486"},"modified":"2026-01-07T13:21:57","modified_gmt":"2026-01-07T13:21:57","slug":"bosch-aposta-em-ia-e-software-na-ces-2026","status":"publish","type":"post","link":"https:\/\/jornaldasoficinas.com\/pt\/bosch-aposta-em-ia-e-software-na-ces-2026\/","title":{"rendered":"Bosch aposta em IA e software na CES 2026"},"content":{"rendered":"<p><img loading=\"lazy\" decoding=\"async\" class=\"alignnone size-full wp-image-111481\" src=\"https:\/\/jornaldasoficinas.com\/pt\/wp-content\/uploads\/2026\/01\/bosch_ai-agent.jpg\" alt=\"01 - bosch_ai agent\" width=\"1024\" height=\"581\" srcset=\"https:\/\/jornaldasoficinas.com\/pt\/wp-content\/uploads\/2026\/01\/bosch_ai-agent.jpg 1024w, https:\/\/jornaldasoficinas.com\/pt\/wp-content\/uploads\/2026\/01\/bosch_ai-agent-300x170.jpg 300w, https:\/\/jornaldasoficinas.com\/pt\/wp-content\/uploads\/2026\/01\/bosch_ai-agent-150x85.jpg 150w, https:\/\/jornaldasoficinas.com\/pt\/wp-content\/uploads\/2026\/01\/bosch_ai-agent-768x436.jpg 768w\" sizes=\"auto, (max-width: 1024px) 100vw, 1024px\" \/><\/p>\n<p><strong>Na <a href=\"https:\/\/www.ces.tech\/\" target=\"_blank\" rel=\"noopener\">CES 2026<\/a>, que decorre em Las Vegas entre 6 e 9 de janeiro, a <a href=\"https:\/\/www.bosch.pt\/\" target=\"_blank\" rel=\"noopener\">Bosch<\/a> est\u00e1 a apresentar novas solu\u00e7\u00f5es baseadas em intelig\u00eancia artificial e software, aplicadas \u00e0 mobilidade, \u00e0 ind\u00fastria e ao dia a dia, com foco na integra\u00e7\u00e3o entre hardware e software<\/strong><\/p>\n<p>Num contexto em que o software assume um papel central na inova\u00e7\u00e3o, a Bosch defende que o verdadeiro potencial tecnol\u00f3gico surge da combina\u00e7\u00e3o entre componentes f\u00edsicos e solu\u00e7\u00f5es digitais. Segundo Tanja Rueckert, membro do conselho de administra\u00e7\u00e3o da empresa, &#8220;Os nossos anos de experi\u00eancia em hardware e software permitem-nos ligar o f\u00edsico e o digital&#8221;. Paul Thomas, presidente da Bosch na Am\u00e9rica do Norte, sublinhou que esta integra\u00e7\u00e3o \u00e9 a base do sucesso do grupo.<\/p>\n<p>A empresa prev\u00ea gerar, no in\u00edcio da pr\u00f3xima d\u00e9cada, mais de 6 mil milh\u00f5es de euros em vendas de software e servi\u00e7os, grande parte sustentada por intelig\u00eancia artificial, com cerca de dois ter\u00e7os desse valor provenientes da \u00e1rea Mobility. At\u00e9 2027, a Bosch planeia investir mais de 2,5 mil milh\u00f5es de euros em IA.<\/p>\n<p><strong>Intelig\u00eancia artificial no interior do ve\u00edculo<\/strong><\/p>\n<p>Entre as principais novidades apresentadas est\u00e1 um cockpit autom\u00f3vel baseado em IA, capaz de interpretar linguagem natural e imagens do interior e do exterior do ve\u00edculo. O sistema permite, por exemplo, procurar automaticamente estacionamento ou apoiar reuni\u00f5es online, contribuindo para maior conforto e seguran\u00e7a.<\/p>\n<p>A Bosch destaca ainda o avan\u00e7o das tecnologias brake-by-wire e steer-by-wire, essenciais para a condu\u00e7\u00e3o automatizada e definida por software. A empresa estima que estas solu\u00e7\u00f5es possam gerar receitas acumuladas superiores a 7 mil milh\u00f5es de euros at\u00e9 2032.<\/p>\n<p><strong>Sensores, radar e condu\u00e7\u00e3o assistida<\/strong><\/p>\n<p>Outra inova\u00e7\u00e3o em destaque \u00e9 o Radar Gen 7 Premium, que melhora as fun\u00e7\u00f5es avan\u00e7adas de assist\u00eancia \u00e0 condu\u00e7\u00e3o ao permitir a dete\u00e7\u00e3o de objetos muito pequenos a mais de 200 metros, mesmo em cen\u00e1rios de tr\u00e1fego complexos.<\/p>\n<p>A Bosch apresenta tamb\u00e9m a nova plataforma de sensores MEMS com fun\u00e7\u00f5es de IA integradas, aplic\u00e1vel a autom\u00f3veis, rob\u00f3tica, realidade aumentada e ind\u00fastria, permitindo reconhecimento preciso de movimentos e contextos.<\/p>\n<p><strong>Ind\u00fastria, bicicletas el\u00e9tricas e combate \u00e0 contrafa\u00e7\u00e3o<\/strong><\/p>\n<p>No setor industrial, a Bosch anuncia o refor\u00e7o da parceria com a <a href=\"https:\/\/www.microsoft.com\/\" target=\"_blank\" rel=\"noopener\">Microsoft<\/a> atrav\u00e9s da iniciativa Manufacturing Co-Intelligence, que utiliza IA para otimizar processos produtivos, reduzir tempos de paragem e apoiar a tomada de decis\u00e3o.<\/p>\n<p>A empresa est\u00e1 a apresentar ainda novas funcionalidades de seguran\u00e7a para bicicletas el\u00e9tricas, atrav\u00e9s da aplica\u00e7\u00e3o eBike Flow, e a solu\u00e7\u00e3o Origify, destinada \u00e0 verifica\u00e7\u00e3o da autenticidade de produtos f\u00edsicos sem recurso a etiquetas ou chips adicionais.<\/p>\n","protected":false},"excerpt":{"rendered":"<p>Na CES 2026, que decorre em&#8230;<\/p>\n","protected":false},"author":15,"featured_media":111481,"comment_status":"closed","ping_status":"closed","sticky":false,"template":"","format":"standard","meta":{"footnotes":""},"categories":[29],"tags":[123,14329,12590,1087,7723,6929,156],"class_list":["post-111486","post","type-post","status-publish","format-standard","has-post-thumbnail","hentry","category-empresas","tag-bosch","tag-ces-2026","tag-conducao-assistida","tag-inteligencia-artificial","tag-microsoft","tag-novidades","tag-softwares"],"yoast_head":"<!-- This site is optimized with the Yoast SEO plugin v27.5 - https:\/\/yoast.com\/product\/yoast-seo-wordpress\/ -->\n<title>Bosch aposta em IA e software na CES 2026 - Jornal das Oficinas<\/title>\n<meta name=\"description\" content=\"Na CES 2026, que decorre em Las Vegas, a Bosch est\u00e1 a apresentar novas solu\u00e7\u00f5es baseadas em intelig\u00eancia artificial e software\" \/>\n<meta name=\"robots\" content=\"index, follow, max-snippet:-1, max-image-preview:large, max-video-preview:-1\" \/>\n<link rel=\"canonical\" href=\"https:\/\/jornaldasoficinas.com\/pt\/bosch-aposta-em-ia-e-software-na-ces-2026\/\" \/>\n<meta property=\"og:locale\" content=\"pt_PT\" \/>\n<meta property=\"og:type\" content=\"article\" \/>\n<meta property=\"og:title\" content=\"Bosch aposta em IA e software na CES 2026 - Jornal das Oficinas\" \/>\n<meta property=\"og:description\" content=\"Na CES 2026, que decorre em Las Vegas, a Bosch est\u00e1 a apresentar novas solu\u00e7\u00f5es baseadas em intelig\u00eancia artificial e software\" \/>\n<meta property=\"og:url\" content=\"https:\/\/jornaldasoficinas.com\/pt\/bosch-aposta-em-ia-e-software-na-ces-2026\/\" \/>\n<meta property=\"og:site_name\" content=\"Jornal das Oficinas\" \/>\n<meta property=\"article:publisher\" content=\"https:\/\/www.facebook.com\/jornaloficinas\" \/>\n<meta property=\"article:published_time\" content=\"2026-01-07T14:00:22+00:00\" \/>\n<meta property=\"og:image\" content=\"https:\/\/jornaldasoficinas.com\/pt\/wp-content\/uploads\/2026\/01\/bosch_ai-agent.jpg\" \/>\n\t<meta property=\"og:image:width\" content=\"1024\" \/>\n\t<meta property=\"og:image:height\" content=\"581\" \/>\n\t<meta property=\"og:image:type\" content=\"image\/jpeg\" \/>\n<meta name=\"author\" content=\"Reda\u00e7\u00e3o JO\" \/>\n<meta name=\"twitter:card\" content=\"summary_large_image\" \/>\n<meta name=\"twitter:creator\" content=\"@jornaloficinas\" \/>\n<meta name=\"twitter:site\" content=\"@jornaloficinas\" \/>\n<meta name=\"twitter:label1\" content=\"Escrito por\" \/>\n\t<meta name=\"twitter:data1\" content=\"Reda\u00e7\u00e3o JO\" \/>\n\t<meta name=\"twitter:label2\" content=\"Tempo estimado de leitura\" \/>\n\t<meta name=\"twitter:data2\" content=\"3 minutos\" \/>\n<script type=\"application\/ld+json\" class=\"yoast-schema-graph\">{\"@context\":\"https:\\\/\\\/schema.org\",\"@graph\":[{\"@type\":\"Article\",\"@id\":\"https:\\\/\\\/jornaldasoficinas.com\\\/pt\\\/bosch-aposta-em-ia-e-software-na-ces-2026\\\/#article\",\"isPartOf\":{\"@id\":\"https:\\\/\\\/jornaldasoficinas.com\\\/pt\\\/bosch-aposta-em-ia-e-software-na-ces-2026\\\/\"},\"author\":{\"name\":\"Reda\u00e7\u00e3o JO\",\"@id\":\"https:\\\/\\\/jornaldasoficinas.com\\\/pt\\\/#\\\/schema\\\/person\\\/a38eef5de2c41d9e7c9ac10141afddf3\"},\"headline\":\"Bosch aposta em IA e software na CES 2026\",\"datePublished\":\"2026-01-07T14:00:22+00:00\",\"mainEntityOfPage\":{\"@id\":\"https:\\\/\\\/jornaldasoficinas.com\\\/pt\\\/bosch-aposta-em-ia-e-software-na-ces-2026\\\/\"},\"wordCount\":466,\"publisher\":{\"@id\":\"https:\\\/\\\/jornaldasoficinas.com\\\/pt\\\/#organization\"},\"image\":{\"@id\":\"https:\\\/\\\/jornaldasoficinas.com\\\/pt\\\/bosch-aposta-em-ia-e-software-na-ces-2026\\\/#primaryimage\"},\"thumbnailUrl\":\"https:\\\/\\\/jornaldasoficinas.com\\\/pt\\\/wp-content\\\/uploads\\\/2026\\\/01\\\/bosch_ai-agent.jpg\",\"keywords\":[\"Bosch\",\"CES 2026\",\"condu\u00e7\u00e3o assistida\",\"Intelig\u00eancia artificial\",\"Microsoft\",\"Novidades\",\"Softwares\"],\"articleSection\":[\"Empresas\"],\"inLanguage\":\"pt-PT\"},{\"@type\":\"WebPage\",\"@id\":\"https:\\\/\\\/jornaldasoficinas.com\\\/pt\\\/bosch-aposta-em-ia-e-software-na-ces-2026\\\/\",\"url\":\"https:\\\/\\\/jornaldasoficinas.com\\\/pt\\\/bosch-aposta-em-ia-e-software-na-ces-2026\\\/\",\"name\":\"Bosch aposta em IA e software na CES 2026 - Jornal das Oficinas\",\"isPartOf\":{\"@id\":\"https:\\\/\\\/jornaldasoficinas.com\\\/pt\\\/#website\"},\"primaryImageOfPage\":{\"@id\":\"https:\\\/\\\/jornaldasoficinas.com\\\/pt\\\/bosch-aposta-em-ia-e-software-na-ces-2026\\\/#primaryimage\"},\"image\":{\"@id\":\"https:\\\/\\\/jornaldasoficinas.com\\\/pt\\\/bosch-aposta-em-ia-e-software-na-ces-2026\\\/#primaryimage\"},\"thumbnailUrl\":\"https:\\\/\\\/jornaldasoficinas.com\\\/pt\\\/wp-content\\\/uploads\\\/2026\\\/01\\\/bosch_ai-agent.jpg\",\"datePublished\":\"2026-01-07T14:00:22+00:00\",\"description\":\"Na CES 2026, que decorre em Las Vegas, a Bosch est\u00e1 a apresentar novas solu\u00e7\u00f5es baseadas em intelig\u00eancia artificial e software\",\"breadcrumb\":{\"@id\":\"https:\\\/\\\/jornaldasoficinas.com\\\/pt\\\/bosch-aposta-em-ia-e-software-na-ces-2026\\\/#breadcrumb\"},\"inLanguage\":\"pt-PT\",\"potentialAction\":[{\"@type\":\"ReadAction\",\"target\":[\"https:\\\/\\\/jornaldasoficinas.com\\\/pt\\\/bosch-aposta-em-ia-e-software-na-ces-2026\\\/\"]}]},{\"@type\":\"ImageObject\",\"inLanguage\":\"pt-PT\",\"@id\":\"https:\\\/\\\/jornaldasoficinas.com\\\/pt\\\/bosch-aposta-em-ia-e-software-na-ces-2026\\\/#primaryimage\",\"url\":\"https:\\\/\\\/jornaldasoficinas.com\\\/pt\\\/wp-content\\\/uploads\\\/2026\\\/01\\\/bosch_ai-agent.jpg\",\"contentUrl\":\"https:\\\/\\\/jornaldasoficinas.com\\\/pt\\\/wp-content\\\/uploads\\\/2026\\\/01\\\/bosch_ai-agent.jpg\",\"width\":1024,\"height\":581,\"caption\":\"Bosch aposta em IA e software na CES 2026\"},{\"@type\":\"BreadcrumbList\",\"@id\":\"https:\\\/\\\/jornaldasoficinas.com\\\/pt\\\/bosch-aposta-em-ia-e-software-na-ces-2026\\\/#breadcrumb\",\"itemListElement\":[{\"@type\":\"ListItem\",\"position\":1,\"name\":\"In\u00edcio\",\"item\":\"https:\\\/\\\/jornaldasoficinas.com\\\/pt\\\/\"},{\"@type\":\"ListItem\",\"position\":2,\"name\":\"Bosch aposta em IA e software na CES 2026\"}]},{\"@type\":\"WebSite\",\"@id\":\"https:\\\/\\\/jornaldasoficinas.com\\\/pt\\\/#website\",\"url\":\"https:\\\/\\\/jornaldasoficinas.com\\\/pt\\\/\",\"name\":\"Jornal das Oficinas\",\"description\":\"Jornal independente do Aftermarket Autom\u00f3vel em Portugal\",\"publisher\":{\"@id\":\"https:\\\/\\\/jornaldasoficinas.com\\\/pt\\\/#organization\"},\"potentialAction\":[{\"@type\":\"SearchAction\",\"target\":{\"@type\":\"EntryPoint\",\"urlTemplate\":\"https:\\\/\\\/jornaldasoficinas.com\\\/pt\\\/?s={search_term_string}\"},\"query-input\":{\"@type\":\"PropertyValueSpecification\",\"valueRequired\":true,\"valueName\":\"search_term_string\"}}],\"inLanguage\":\"pt-PT\"},{\"@type\":\"Organization\",\"@id\":\"https:\\\/\\\/jornaldasoficinas.com\\\/pt\\\/#organization\",\"name\":\"Jornal das Oficinas\",\"url\":\"https:\\\/\\\/jornaldasoficinas.com\\\/pt\\\/\",\"logo\":{\"@type\":\"ImageObject\",\"inLanguage\":\"pt-PT\",\"@id\":\"https:\\\/\\\/jornaldasoficinas.com\\\/pt\\\/#\\\/schema\\\/logo\\\/image\\\/\",\"url\":\"https:\\\/\\\/jornaldasoficinas.com\\\/pt\\\/wp-content\\\/uploads\\\/logoJO-SEO.png\",\"contentUrl\":\"https:\\\/\\\/jornaldasoficinas.com\\\/pt\\\/wp-content\\\/uploads\\\/logoJO-SEO.png\",\"width\":285,\"height\":450,\"caption\":\"Jornal das Oficinas\"},\"image\":{\"@id\":\"https:\\\/\\\/jornaldasoficinas.com\\\/pt\\\/#\\\/schema\\\/logo\\\/image\\\/\"},\"sameAs\":[\"https:\\\/\\\/www.facebook.com\\\/jornaloficinas\",\"https:\\\/\\\/x.com\\\/jornaloficinas\",\"https:\\\/\\\/www.instagram.com\\\/jornal_oficinas\\\/\",\"https:\\\/\\\/www.linkedin.com\\\/company\\\/jornal-das-oficinas\\\/\",\"https:\\\/\\\/www.youtube.com\\\/channel\\\/UCbQZBqtcvV-oSQrr7RzINGg\"]},{\"@type\":\"Person\",\"@id\":\"https:\\\/\\\/jornaldasoficinas.com\\\/pt\\\/#\\\/schema\\\/person\\\/a38eef5de2c41d9e7c9ac10141afddf3\",\"name\":\"Reda\u00e7\u00e3o JO\",\"image\":{\"@type\":\"ImageObject\",\"inLanguage\":\"pt-PT\",\"@id\":\"https:\\\/\\\/secure.gravatar.com\\\/avatar\\\/71f2fa71737ad68a84fea94bc708ddac8ea5b0c4788dc2ad202f3ccb2887742f?s=96&d=wp_user_avatar&r=g\",\"url\":\"https:\\\/\\\/secure.gravatar.com\\\/avatar\\\/71f2fa71737ad68a84fea94bc708ddac8ea5b0c4788dc2ad202f3ccb2887742f?s=96&d=wp_user_avatar&r=g\",\"contentUrl\":\"https:\\\/\\\/secure.gravatar.com\\\/avatar\\\/71f2fa71737ad68a84fea94bc708ddac8ea5b0c4788dc2ad202f3ccb2887742f?s=96&d=wp_user_avatar&r=g\",\"caption\":\"Reda\u00e7\u00e3o JO\"},\"url\":\"https:\\\/\\\/jornaldasoficinas.com\\\/pt\\\/author\\\/joredacao\\\/\"}]}<\/script>\n<!-- \/ Yoast SEO plugin. -->","yoast_head_json":{"title":"Bosch aposta em IA e software na CES 2026 - Jornal das Oficinas","description":"Na CES 2026, que decorre em Las Vegas, a Bosch est\u00e1 a apresentar novas solu\u00e7\u00f5es baseadas em intelig\u00eancia artificial e software","robots":{"index":"index","follow":"follow","max-snippet":"max-snippet:-1","max-image-preview":"max-image-preview:large","max-video-preview":"max-video-preview:-1"},"canonical":"https:\/\/jornaldasoficinas.com\/pt\/bosch-aposta-em-ia-e-software-na-ces-2026\/","og_locale":"pt_PT","og_type":"article","og_title":"Bosch aposta em IA e software na CES 2026 - Jornal das Oficinas","og_description":"Na CES 2026, que decorre em Las Vegas, a Bosch est\u00e1 a apresentar novas solu\u00e7\u00f5es baseadas em intelig\u00eancia artificial e software","og_url":"https:\/\/jornaldasoficinas.com\/pt\/bosch-aposta-em-ia-e-software-na-ces-2026\/","og_site_name":"Jornal das Oficinas","article_publisher":"https:\/\/www.facebook.com\/jornaloficinas","article_published_time":"2026-01-07T14:00:22+00:00","og_image":[{"width":1024,"height":581,"url":"https:\/\/jornaldasoficinas.com\/pt\/wp-content\/uploads\/2026\/01\/bosch_ai-agent.jpg","type":"image\/jpeg"}],"author":"Reda\u00e7\u00e3o JO","twitter_card":"summary_large_image","twitter_creator":"@jornaloficinas","twitter_site":"@jornaloficinas","twitter_misc":{"Escrito por":"Reda\u00e7\u00e3o JO","Tempo estimado de leitura":"3 minutos"},"schema":{"@context":"https:\/\/schema.org","@graph":[{"@type":"Article","@id":"https:\/\/jornaldasoficinas.com\/pt\/bosch-aposta-em-ia-e-software-na-ces-2026\/#article","isPartOf":{"@id":"https:\/\/jornaldasoficinas.com\/pt\/bosch-aposta-em-ia-e-software-na-ces-2026\/"},"author":{"name":"Reda\u00e7\u00e3o JO","@id":"https:\/\/jornaldasoficinas.com\/pt\/#\/schema\/person\/a38eef5de2c41d9e7c9ac10141afddf3"},"headline":"Bosch aposta em IA e software na CES 2026","datePublished":"2026-01-07T14:00:22+00:00","mainEntityOfPage":{"@id":"https:\/\/jornaldasoficinas.com\/pt\/bosch-aposta-em-ia-e-software-na-ces-2026\/"},"wordCount":466,"publisher":{"@id":"https:\/\/jornaldasoficinas.com\/pt\/#organization"},"image":{"@id":"https:\/\/jornaldasoficinas.com\/pt\/bosch-aposta-em-ia-e-software-na-ces-2026\/#primaryimage"},"thumbnailUrl":"https:\/\/jornaldasoficinas.com\/pt\/wp-content\/uploads\/2026\/01\/bosch_ai-agent.jpg","keywords":["Bosch","CES 2026","condu\u00e7\u00e3o assistida","Intelig\u00eancia artificial","Microsoft","Novidades","Softwares"],"articleSection":["Empresas"],"inLanguage":"pt-PT"},{"@type":"WebPage","@id":"https:\/\/jornaldasoficinas.com\/pt\/bosch-aposta-em-ia-e-software-na-ces-2026\/","url":"https:\/\/jornaldasoficinas.com\/pt\/bosch-aposta-em-ia-e-software-na-ces-2026\/","name":"Bosch aposta em IA e software na CES 2026 - Jornal das Oficinas","isPartOf":{"@id":"https:\/\/jornaldasoficinas.com\/pt\/#website"},"primaryImageOfPage":{"@id":"https:\/\/jornaldasoficinas.com\/pt\/bosch-aposta-em-ia-e-software-na-ces-2026\/#primaryimage"},"image":{"@id":"https:\/\/jornaldasoficinas.com\/pt\/bosch-aposta-em-ia-e-software-na-ces-2026\/#primaryimage"},"thumbnailUrl":"https:\/\/jornaldasoficinas.com\/pt\/wp-content\/uploads\/2026\/01\/bosch_ai-agent.jpg","datePublished":"2026-01-07T14:00:22+00:00","description":"Na CES 2026, que decorre em Las Vegas, a Bosch est\u00e1 a apresentar novas solu\u00e7\u00f5es baseadas em intelig\u00eancia artificial e software","breadcrumb":{"@id":"https:\/\/jornaldasoficinas.com\/pt\/bosch-aposta-em-ia-e-software-na-ces-2026\/#breadcrumb"},"inLanguage":"pt-PT","potentialAction":[{"@type":"ReadAction","target":["https:\/\/jornaldasoficinas.com\/pt\/bosch-aposta-em-ia-e-software-na-ces-2026\/"]}]},{"@type":"ImageObject","inLanguage":"pt-PT","@id":"https:\/\/jornaldasoficinas.com\/pt\/bosch-aposta-em-ia-e-software-na-ces-2026\/#primaryimage","url":"https:\/\/jornaldasoficinas.com\/pt\/wp-content\/uploads\/2026\/01\/bosch_ai-agent.jpg","contentUrl":"https:\/\/jornaldasoficinas.com\/pt\/wp-content\/uploads\/2026\/01\/bosch_ai-agent.jpg","width":1024,"height":581,"caption":"Bosch aposta em IA e software na CES 2026"},{"@type":"BreadcrumbList","@id":"https:\/\/jornaldasoficinas.com\/pt\/bosch-aposta-em-ia-e-software-na-ces-2026\/#breadcrumb","itemListElement":[{"@type":"ListItem","position":1,"name":"In\u00edcio","item":"https:\/\/jornaldasoficinas.com\/pt\/"},{"@type":"ListItem","position":2,"name":"Bosch aposta em IA e software na CES 2026"}]},{"@type":"WebSite","@id":"https:\/\/jornaldasoficinas.com\/pt\/#website","url":"https:\/\/jornaldasoficinas.com\/pt\/","name":"Jornal das Oficinas","description":"Jornal independente do Aftermarket Autom\u00f3vel em Portugal","publisher":{"@id":"https:\/\/jornaldasoficinas.com\/pt\/#organization"},"potentialAction":[{"@type":"SearchAction","target":{"@type":"EntryPoint","urlTemplate":"https:\/\/jornaldasoficinas.com\/pt\/?s={search_term_string}"},"query-input":{"@type":"PropertyValueSpecification","valueRequired":true,"valueName":"search_term_string"}}],"inLanguage":"pt-PT"},{"@type":"Organization","@id":"https:\/\/jornaldasoficinas.com\/pt\/#organization","name":"Jornal das Oficinas","url":"https:\/\/jornaldasoficinas.com\/pt\/","logo":{"@type":"ImageObject","inLanguage":"pt-PT","@id":"https:\/\/jornaldasoficinas.com\/pt\/#\/schema\/logo\/image\/","url":"https:\/\/jornaldasoficinas.com\/pt\/wp-content\/uploads\/logoJO-SEO.png","contentUrl":"https:\/\/jornaldasoficinas.com\/pt\/wp-content\/uploads\/logoJO-SEO.png","width":285,"height":450,"caption":"Jornal das Oficinas"},"image":{"@id":"https:\/\/jornaldasoficinas.com\/pt\/#\/schema\/logo\/image\/"},"sameAs":["https:\/\/www.facebook.com\/jornaloficinas","https:\/\/x.com\/jornaloficinas","https:\/\/www.instagram.com\/jornal_oficinas\/","https:\/\/www.linkedin.com\/company\/jornal-das-oficinas\/","https:\/\/www.youtube.com\/channel\/UCbQZBqtcvV-oSQrr7RzINGg"]},{"@type":"Person","@id":"https:\/\/jornaldasoficinas.com\/pt\/#\/schema\/person\/a38eef5de2c41d9e7c9ac10141afddf3","name":"Reda\u00e7\u00e3o JO","image":{"@type":"ImageObject","inLanguage":"pt-PT","@id":"https:\/\/secure.gravatar.com\/avatar\/71f2fa71737ad68a84fea94bc708ddac8ea5b0c4788dc2ad202f3ccb2887742f?s=96&d=wp_user_avatar&r=g","url":"https:\/\/secure.gravatar.com\/avatar\/71f2fa71737ad68a84fea94bc708ddac8ea5b0c4788dc2ad202f3ccb2887742f?s=96&d=wp_user_avatar&r=g","contentUrl":"https:\/\/secure.gravatar.com\/avatar\/71f2fa71737ad68a84fea94bc708ddac8ea5b0c4788dc2ad202f3ccb2887742f?s=96&d=wp_user_avatar&r=g","caption":"Reda\u00e7\u00e3o JO"},"url":"https:\/\/jornaldasoficinas.com\/pt\/author\/joredacao\/"}]}},"_links":{"self":[{"href":"https:\/\/jornaldasoficinas.com\/pt\/wp-json\/wp\/v2\/posts\/111486","targetHints":{"allow":["GET"]}}],"collection":[{"href":"https:\/\/jornaldasoficinas.com\/pt\/wp-json\/wp\/v2\/posts"}],"about":[{"href":"https:\/\/jornaldasoficinas.com\/pt\/wp-json\/wp\/v2\/types\/post"}],"author":[{"embeddable":true,"href":"https:\/\/jornaldasoficinas.com\/pt\/wp-json\/wp\/v2\/users\/15"}],"replies":[{"embeddable":true,"href":"https:\/\/jornaldasoficinas.com\/pt\/wp-json\/wp\/v2\/comments?post=111486"}],"version-history":[{"count":5,"href":"https:\/\/jornaldasoficinas.com\/pt\/wp-json\/wp\/v2\/posts\/111486\/revisions"}],"predecessor-version":[{"id":111491,"href":"https:\/\/jornaldasoficinas.com\/pt\/wp-json\/wp\/v2\/posts\/111486\/revisions\/111491"}],"wp:featuredmedia":[{"embeddable":true,"href":"https:\/\/jornaldasoficinas.com\/pt\/wp-json\/wp\/v2\/media\/111481"}],"wp:attachment":[{"href":"https:\/\/jornaldasoficinas.com\/pt\/wp-json\/wp\/v2\/media?parent=111486"}],"wp:term":[{"taxonomy":"category","embeddable":true,"href":"https:\/\/jornaldasoficinas.com\/pt\/wp-json\/wp\/v2\/categories?post=111486"},{"taxonomy":"post_tag","embeddable":true,"href":"https:\/\/jornaldasoficinas.com\/pt\/wp-json\/wp\/v2\/tags?post=111486"}],"curies":[{"name":"wp","href":"https:\/\/api.w.org\/{rel}","templated":true}]}}