{"id":111492,"date":"2026-01-07T18:00:00","date_gmt":"2026-01-07T18:00:00","guid":{"rendered":"https:\/\/jornaldasoficinas.com\/pt\/?p=111492"},"modified":"2026-01-07T15:00:21","modified_gmt":"2026-01-07T15:00:21","slug":"alex-gratti-assume-direcao-comercial-iberica-da-ufi-filters","status":"publish","type":"post","link":"https:\/\/jornaldasoficinas.com\/pt\/alex-gratti-assume-direcao-comercial-iberica-da-ufi-filters\/","title":{"rendered":"Alex Gratti assume dire\u00e7\u00e3o comercial ib\u00e9rica da UFI Filters"},"content":{"rendered":"<p><strong><img loading=\"lazy\" decoding=\"async\" class=\"alignnone size-full wp-image-111504\" src=\"https:\/\/jornaldasoficinas.com\/pt\/wp-content\/uploads\/2026\/01\/Alex-Gratti-assume-direcao-comercial-iberica-da-UFI-Filters.jpg\" alt=\"01 - Alex Gratti assume direcao comercial iberica da UFI Filters\" width=\"1024\" height=\"581\" srcset=\"https:\/\/jornaldasoficinas.com\/pt\/wp-content\/uploads\/2026\/01\/Alex-Gratti-assume-direcao-comercial-iberica-da-UFI-Filters.jpg 1024w, https:\/\/jornaldasoficinas.com\/pt\/wp-content\/uploads\/2026\/01\/Alex-Gratti-assume-direcao-comercial-iberica-da-UFI-Filters-300x170.jpg 300w, https:\/\/jornaldasoficinas.com\/pt\/wp-content\/uploads\/2026\/01\/Alex-Gratti-assume-direcao-comercial-iberica-da-UFI-Filters-150x85.jpg 150w, https:\/\/jornaldasoficinas.com\/pt\/wp-content\/uploads\/2026\/01\/Alex-Gratti-assume-direcao-comercial-iberica-da-UFI-Filters-768x436.jpg 768w\" sizes=\"auto, (max-width: 1024px) 100vw, 1024px\" \/><\/strong><\/p>\n<p><strong>Alex Gratti iniciou hoje, 7 de janeiro, fun\u00e7\u00f5es como diretor comercial da <a href=\"https:\/\/www.ufifilters.com\/\" target=\"_blank\" rel=\"noopener\">UFI Filters<\/a> Ib\u00e9rica, passando a liderar a \u00e1rea comercial da empresa nos mercados de Portugal e Espanha<\/strong><\/p>\n<p>Com esta nomea\u00e7\u00e3o, a UFI Filters refor\u00e7a a sua estrutura ib\u00e9rica, confiando-lhe a miss\u00e3o de consolidar a posi\u00e7\u00e3o atual da empresa e impulsionar o seu crescimento futuro, ap\u00f3s 18 anos de presen\u00e7a direta do Grupo UFI na Pen\u00ednsula Ib\u00e9rica. No exerc\u00edcio destas fun\u00e7\u00f5es, reportar\u00e1 diretamente a Eduardo Mart\u00ed, diretor-geral da UFI Filters Ib\u00e9rica.<\/p>\n<p>Licenciado em administra\u00e7\u00e3o e dire\u00e7\u00e3o de empresas e com MBA pela ESERP, Alex Gratti integra a UFI Filters Ib\u00e9rica ap\u00f3s mais de duas d\u00e9cadas de experi\u00eancia em cargos de dire\u00e7\u00e3o no mercado do p\u00f3s-venda autom\u00f3vel. Ao longo da sua carreira, desempenhou fun\u00e7\u00f5es de responsabilidade nas \u00e1reas de vendas, produto e marketing, tanto em fabricantes multinacionais como a Marelli e a KYB, como em empresas de distribui\u00e7\u00e3o do setor de pe\u00e7as de substitui\u00e7\u00e3o autom\u00f3vel em Espanha.<\/p>\n","protected":false},"excerpt":{"rendered":"<p>Alex Gratti iniciou hoje, 7 de&#8230;<\/p>\n","protected":false},"author":15,"featured_media":111504,"comment_status":"closed","ping_status":"closed","sticky":false,"template":"","format":"standard","meta":{"footnotes":""},"categories":[29],"tags":[14330,8433,2975,6131,546],"class_list":["post-111492","post","type-post","status-publish","format-standard","has-post-thumbnail","hentry","category-empresas","tag-alex-gratti","tag-diretor-comercial","tag-mercado-iberico","tag-nomeacao","tag-ufi-filters"],"yoast_head":"<!-- This site is optimized with the Yoast SEO plugin v27.5 - https:\/\/yoast.com\/product\/yoast-seo-wordpress\/ -->\n<title>Alex Gratti assume dire\u00e7\u00e3o comercial ib\u00e9rica da UFI Filters - Jornal das Oficinas<\/title>\n<meta name=\"description\" content=\"Alex Gratti iniciou hoje, 7 de janeiro, fun\u00e7\u00f5es como diretor comercial da UFI Filters Ib\u00e9rica, passando a liderar a \u00e1rea comercial da empresa\" \/>\n<meta name=\"robots\" content=\"index, follow, max-snippet:-1, max-image-preview:large, max-video-preview:-1\" \/>\n<link rel=\"canonical\" href=\"https:\/\/jornaldasoficinas.com\/pt\/alex-gratti-assume-direcao-comercial-iberica-da-ufi-filters\/\" \/>\n<meta property=\"og:locale\" content=\"pt_PT\" \/>\n<meta property=\"og:type\" content=\"article\" \/>\n<meta property=\"og:title\" content=\"Alex Gratti assume dire\u00e7\u00e3o comercial ib\u00e9rica da UFI Filters - Jornal das Oficinas\" \/>\n<meta property=\"og:description\" content=\"Alex Gratti iniciou hoje, 7 de janeiro, fun\u00e7\u00f5es como diretor comercial da UFI Filters Ib\u00e9rica, passando a liderar a \u00e1rea comercial da empresa\" \/>\n<meta property=\"og:url\" content=\"https:\/\/jornaldasoficinas.com\/pt\/alex-gratti-assume-direcao-comercial-iberica-da-ufi-filters\/\" \/>\n<meta property=\"og:site_name\" content=\"Jornal das Oficinas\" \/>\n<meta property=\"article:publisher\" content=\"https:\/\/www.facebook.com\/jornaloficinas\" \/>\n<meta property=\"article:published_time\" content=\"2026-01-07T18:00:00+00:00\" \/>\n<meta property=\"og:image\" content=\"https:\/\/jornaldasoficinas.com\/pt\/wp-content\/uploads\/2026\/01\/Alex-Gratti-assume-direcao-comercial-iberica-da-UFI-Filters.jpg\" \/>\n\t<meta property=\"og:image:width\" content=\"1024\" \/>\n\t<meta property=\"og:image:height\" content=\"581\" \/>\n\t<meta property=\"og:image:type\" content=\"image\/jpeg\" \/>\n<meta name=\"author\" content=\"Reda\u00e7\u00e3o JO\" \/>\n<meta name=\"twitter:card\" content=\"summary_large_image\" \/>\n<meta name=\"twitter:creator\" content=\"@jornaloficinas\" \/>\n<meta name=\"twitter:site\" content=\"@jornaloficinas\" \/>\n<meta name=\"twitter:label1\" content=\"Escrito por\" \/>\n\t<meta name=\"twitter:data1\" content=\"Reda\u00e7\u00e3o JO\" \/>\n\t<meta name=\"twitter:label2\" content=\"Tempo estimado de leitura\" \/>\n\t<meta name=\"twitter:data2\" content=\"1 minuto\" \/>\n<script type=\"application\/ld+json\" class=\"yoast-schema-graph\">{\"@context\":\"https:\\\/\\\/schema.org\",\"@graph\":[{\"@type\":\"Article\",\"@id\":\"https:\\\/\\\/jornaldasoficinas.com\\\/pt\\\/alex-gratti-assume-direcao-comercial-iberica-da-ufi-filters\\\/#article\",\"isPartOf\":{\"@id\":\"https:\\\/\\\/jornaldasoficinas.com\\\/pt\\\/alex-gratti-assume-direcao-comercial-iberica-da-ufi-filters\\\/\"},\"author\":{\"name\":\"Reda\u00e7\u00e3o JO\",\"@id\":\"https:\\\/\\\/jornaldasoficinas.com\\\/pt\\\/#\\\/schema\\\/person\\\/a38eef5de2c41d9e7c9ac10141afddf3\"},\"headline\":\"Alex Gratti assume dire\u00e7\u00e3o comercial ib\u00e9rica da UFI Filters\",\"datePublished\":\"2026-01-07T18:00:00+00:00\",\"mainEntityOfPage\":{\"@id\":\"https:\\\/\\\/jornaldasoficinas.com\\\/pt\\\/alex-gratti-assume-direcao-comercial-iberica-da-ufi-filters\\\/\"},\"wordCount\":194,\"publisher\":{\"@id\":\"https:\\\/\\\/jornaldasoficinas.com\\\/pt\\\/#organization\"},\"image\":{\"@id\":\"https:\\\/\\\/jornaldasoficinas.com\\\/pt\\\/alex-gratti-assume-direcao-comercial-iberica-da-ufi-filters\\\/#primaryimage\"},\"thumbnailUrl\":\"https:\\\/\\\/jornaldasoficinas.com\\\/pt\\\/wp-content\\\/uploads\\\/2026\\\/01\\\/Alex-Gratti-assume-direcao-comercial-iberica-da-UFI-Filters.jpg\",\"keywords\":[\"Alex Gratti\",\"Diretor Comercial\",\"mercado iberico\",\"Nomea\u00e7\u00e3o\",\"UFI Filters\"],\"articleSection\":[\"Empresas\"],\"inLanguage\":\"pt-PT\"},{\"@type\":\"WebPage\",\"@id\":\"https:\\\/\\\/jornaldasoficinas.com\\\/pt\\\/alex-gratti-assume-direcao-comercial-iberica-da-ufi-filters\\\/\",\"url\":\"https:\\\/\\\/jornaldasoficinas.com\\\/pt\\\/alex-gratti-assume-direcao-comercial-iberica-da-ufi-filters\\\/\",\"name\":\"Alex Gratti assume dire\u00e7\u00e3o comercial ib\u00e9rica da UFI Filters - Jornal das Oficinas\",\"isPartOf\":{\"@id\":\"https:\\\/\\\/jornaldasoficinas.com\\\/pt\\\/#website\"},\"primaryImageOfPage\":{\"@id\":\"https:\\\/\\\/jornaldasoficinas.com\\\/pt\\\/alex-gratti-assume-direcao-comercial-iberica-da-ufi-filters\\\/#primaryimage\"},\"image\":{\"@id\":\"https:\\\/\\\/jornaldasoficinas.com\\\/pt\\\/alex-gratti-assume-direcao-comercial-iberica-da-ufi-filters\\\/#primaryimage\"},\"thumbnailUrl\":\"https:\\\/\\\/jornaldasoficinas.com\\\/pt\\\/wp-content\\\/uploads\\\/2026\\\/01\\\/Alex-Gratti-assume-direcao-comercial-iberica-da-UFI-Filters.jpg\",\"datePublished\":\"2026-01-07T18:00:00+00:00\",\"description\":\"Alex Gratti iniciou hoje, 7 de janeiro, fun\u00e7\u00f5es como diretor comercial da UFI Filters Ib\u00e9rica, passando a liderar a \u00e1rea comercial da empresa\",\"breadcrumb\":{\"@id\":\"https:\\\/\\\/jornaldasoficinas.com\\\/pt\\\/alex-gratti-assume-direcao-comercial-iberica-da-ufi-filters\\\/#breadcrumb\"},\"inLanguage\":\"pt-PT\",\"potentialAction\":[{\"@type\":\"ReadAction\",\"target\":[\"https:\\\/\\\/jornaldasoficinas.com\\\/pt\\\/alex-gratti-assume-direcao-comercial-iberica-da-ufi-filters\\\/\"]}]},{\"@type\":\"ImageObject\",\"inLanguage\":\"pt-PT\",\"@id\":\"https:\\\/\\\/jornaldasoficinas.com\\\/pt\\\/alex-gratti-assume-direcao-comercial-iberica-da-ufi-filters\\\/#primaryimage\",\"url\":\"https:\\\/\\\/jornaldasoficinas.com\\\/pt\\\/wp-content\\\/uploads\\\/2026\\\/01\\\/Alex-Gratti-assume-direcao-comercial-iberica-da-UFI-Filters.jpg\",\"contentUrl\":\"https:\\\/\\\/jornaldasoficinas.com\\\/pt\\\/wp-content\\\/uploads\\\/2026\\\/01\\\/Alex-Gratti-assume-direcao-comercial-iberica-da-UFI-Filters.jpg\",\"width\":1024,\"height\":581,\"caption\":\"01 - Alex Gratti assume direcao comercial iberica da UFI Filters\"},{\"@type\":\"BreadcrumbList\",\"@id\":\"https:\\\/\\\/jornaldasoficinas.com\\\/pt\\\/alex-gratti-assume-direcao-comercial-iberica-da-ufi-filters\\\/#breadcrumb\",\"itemListElement\":[{\"@type\":\"ListItem\",\"position\":1,\"name\":\"In\u00edcio\",\"item\":\"https:\\\/\\\/jornaldasoficinas.com\\\/pt\\\/\"},{\"@type\":\"ListItem\",\"position\":2,\"name\":\"Alex Gratti assume dire\u00e7\u00e3o comercial ib\u00e9rica da UFI Filters\"}]},{\"@type\":\"WebSite\",\"@id\":\"https:\\\/\\\/jornaldasoficinas.com\\\/pt\\\/#website\",\"url\":\"https:\\\/\\\/jornaldasoficinas.com\\\/pt\\\/\",\"name\":\"Jornal das Oficinas\",\"description\":\"Jornal independente do Aftermarket Autom\u00f3vel em Portugal\",\"publisher\":{\"@id\":\"https:\\\/\\\/jornaldasoficinas.com\\\/pt\\\/#organization\"},\"potentialAction\":[{\"@type\":\"SearchAction\",\"target\":{\"@type\":\"EntryPoint\",\"urlTemplate\":\"https:\\\/\\\/jornaldasoficinas.com\\\/pt\\\/?s={search_term_string}\"},\"query-input\":{\"@type\":\"PropertyValueSpecification\",\"valueRequired\":true,\"valueName\":\"search_term_string\"}}],\"inLanguage\":\"pt-PT\"},{\"@type\":\"Organization\",\"@id\":\"https:\\\/\\\/jornaldasoficinas.com\\\/pt\\\/#organization\",\"name\":\"Jornal das Oficinas\",\"url\":\"https:\\\/\\\/jornaldasoficinas.com\\\/pt\\\/\",\"logo\":{\"@type\":\"ImageObject\",\"inLanguage\":\"pt-PT\",\"@id\":\"https:\\\/\\\/jornaldasoficinas.com\\\/pt\\\/#\\\/schema\\\/logo\\\/image\\\/\",\"url\":\"https:\\\/\\\/jornaldasoficinas.com\\\/pt\\\/wp-content\\\/uploads\\\/logoJO-SEO.png\",\"contentUrl\":\"https:\\\/\\\/jornaldasoficinas.com\\\/pt\\\/wp-content\\\/uploads\\\/logoJO-SEO.png\",\"width\":285,\"height\":450,\"caption\":\"Jornal das Oficinas\"},\"image\":{\"@id\":\"https:\\\/\\\/jornaldasoficinas.com\\\/pt\\\/#\\\/schema\\\/logo\\\/image\\\/\"},\"sameAs\":[\"https:\\\/\\\/www.facebook.com\\\/jornaloficinas\",\"https:\\\/\\\/x.com\\\/jornaloficinas\",\"https:\\\/\\\/www.instagram.com\\\/jornal_oficinas\\\/\",\"https:\\\/\\\/www.linkedin.com\\\/company\\\/jornal-das-oficinas\\\/\",\"https:\\\/\\\/www.youtube.com\\\/channel\\\/UCbQZBqtcvV-oSQrr7RzINGg\"]},{\"@type\":\"Person\",\"@id\":\"https:\\\/\\\/jornaldasoficinas.com\\\/pt\\\/#\\\/schema\\\/person\\\/a38eef5de2c41d9e7c9ac10141afddf3\",\"name\":\"Reda\u00e7\u00e3o JO\",\"image\":{\"@type\":\"ImageObject\",\"inLanguage\":\"pt-PT\",\"@id\":\"https:\\\/\\\/secure.gravatar.com\\\/avatar\\\/71f2fa71737ad68a84fea94bc708ddac8ea5b0c4788dc2ad202f3ccb2887742f?s=96&d=wp_user_avatar&r=g\",\"url\":\"https:\\\/\\\/secure.gravatar.com\\\/avatar\\\/71f2fa71737ad68a84fea94bc708ddac8ea5b0c4788dc2ad202f3ccb2887742f?s=96&d=wp_user_avatar&r=g\",\"contentUrl\":\"https:\\\/\\\/secure.gravatar.com\\\/avatar\\\/71f2fa71737ad68a84fea94bc708ddac8ea5b0c4788dc2ad202f3ccb2887742f?s=96&d=wp_user_avatar&r=g\",\"caption\":\"Reda\u00e7\u00e3o JO\"},\"url\":\"https:\\\/\\\/jornaldasoficinas.com\\\/pt\\\/author\\\/joredacao\\\/\"}]}<\/script>\n<!-- \/ Yoast SEO plugin. -->","yoast_head_json":{"title":"Alex Gratti assume dire\u00e7\u00e3o comercial ib\u00e9rica da UFI Filters - Jornal das Oficinas","description":"Alex Gratti iniciou hoje, 7 de janeiro, fun\u00e7\u00f5es como diretor comercial da UFI Filters Ib\u00e9rica, passando a liderar a \u00e1rea comercial da empresa","robots":{"index":"index","follow":"follow","max-snippet":"max-snippet:-1","max-image-preview":"max-image-preview:large","max-video-preview":"max-video-preview:-1"},"canonical":"https:\/\/jornaldasoficinas.com\/pt\/alex-gratti-assume-direcao-comercial-iberica-da-ufi-filters\/","og_locale":"pt_PT","og_type":"article","og_title":"Alex Gratti assume dire\u00e7\u00e3o comercial ib\u00e9rica da UFI Filters - Jornal das Oficinas","og_description":"Alex Gratti iniciou hoje, 7 de janeiro, fun\u00e7\u00f5es como diretor comercial da UFI Filters Ib\u00e9rica, passando a liderar a \u00e1rea comercial da empresa","og_url":"https:\/\/jornaldasoficinas.com\/pt\/alex-gratti-assume-direcao-comercial-iberica-da-ufi-filters\/","og_site_name":"Jornal das Oficinas","article_publisher":"https:\/\/www.facebook.com\/jornaloficinas","article_published_time":"2026-01-07T18:00:00+00:00","og_image":[{"width":1024,"height":581,"url":"https:\/\/jornaldasoficinas.com\/pt\/wp-content\/uploads\/2026\/01\/Alex-Gratti-assume-direcao-comercial-iberica-da-UFI-Filters.jpg","type":"image\/jpeg"}],"author":"Reda\u00e7\u00e3o JO","twitter_card":"summary_large_image","twitter_creator":"@jornaloficinas","twitter_site":"@jornaloficinas","twitter_misc":{"Escrito por":"Reda\u00e7\u00e3o JO","Tempo estimado de leitura":"1 minuto"},"schema":{"@context":"https:\/\/schema.org","@graph":[{"@type":"Article","@id":"https:\/\/jornaldasoficinas.com\/pt\/alex-gratti-assume-direcao-comercial-iberica-da-ufi-filters\/#article","isPartOf":{"@id":"https:\/\/jornaldasoficinas.com\/pt\/alex-gratti-assume-direcao-comercial-iberica-da-ufi-filters\/"},"author":{"name":"Reda\u00e7\u00e3o JO","@id":"https:\/\/jornaldasoficinas.com\/pt\/#\/schema\/person\/a38eef5de2c41d9e7c9ac10141afddf3"},"headline":"Alex Gratti assume dire\u00e7\u00e3o comercial ib\u00e9rica da UFI Filters","datePublished":"2026-01-07T18:00:00+00:00","mainEntityOfPage":{"@id":"https:\/\/jornaldasoficinas.com\/pt\/alex-gratti-assume-direcao-comercial-iberica-da-ufi-filters\/"},"wordCount":194,"publisher":{"@id":"https:\/\/jornaldasoficinas.com\/pt\/#organization"},"image":{"@id":"https:\/\/jornaldasoficinas.com\/pt\/alex-gratti-assume-direcao-comercial-iberica-da-ufi-filters\/#primaryimage"},"thumbnailUrl":"https:\/\/jornaldasoficinas.com\/pt\/wp-content\/uploads\/2026\/01\/Alex-Gratti-assume-direcao-comercial-iberica-da-UFI-Filters.jpg","keywords":["Alex Gratti","Diretor Comercial","mercado iberico","Nomea\u00e7\u00e3o","UFI Filters"],"articleSection":["Empresas"],"inLanguage":"pt-PT"},{"@type":"WebPage","@id":"https:\/\/jornaldasoficinas.com\/pt\/alex-gratti-assume-direcao-comercial-iberica-da-ufi-filters\/","url":"https:\/\/jornaldasoficinas.com\/pt\/alex-gratti-assume-direcao-comercial-iberica-da-ufi-filters\/","name":"Alex Gratti assume dire\u00e7\u00e3o comercial ib\u00e9rica da UFI Filters - Jornal das Oficinas","isPartOf":{"@id":"https:\/\/jornaldasoficinas.com\/pt\/#website"},"primaryImageOfPage":{"@id":"https:\/\/jornaldasoficinas.com\/pt\/alex-gratti-assume-direcao-comercial-iberica-da-ufi-filters\/#primaryimage"},"image":{"@id":"https:\/\/jornaldasoficinas.com\/pt\/alex-gratti-assume-direcao-comercial-iberica-da-ufi-filters\/#primaryimage"},"thumbnailUrl":"https:\/\/jornaldasoficinas.com\/pt\/wp-content\/uploads\/2026\/01\/Alex-Gratti-assume-direcao-comercial-iberica-da-UFI-Filters.jpg","datePublished":"2026-01-07T18:00:00+00:00","description":"Alex Gratti iniciou hoje, 7 de janeiro, fun\u00e7\u00f5es como diretor comercial da UFI Filters Ib\u00e9rica, passando a liderar a \u00e1rea comercial da empresa","breadcrumb":{"@id":"https:\/\/jornaldasoficinas.com\/pt\/alex-gratti-assume-direcao-comercial-iberica-da-ufi-filters\/#breadcrumb"},"inLanguage":"pt-PT","potentialAction":[{"@type":"ReadAction","target":["https:\/\/jornaldasoficinas.com\/pt\/alex-gratti-assume-direcao-comercial-iberica-da-ufi-filters\/"]}]},{"@type":"ImageObject","inLanguage":"pt-PT","@id":"https:\/\/jornaldasoficinas.com\/pt\/alex-gratti-assume-direcao-comercial-iberica-da-ufi-filters\/#primaryimage","url":"https:\/\/jornaldasoficinas.com\/pt\/wp-content\/uploads\/2026\/01\/Alex-Gratti-assume-direcao-comercial-iberica-da-UFI-Filters.jpg","contentUrl":"https:\/\/jornaldasoficinas.com\/pt\/wp-content\/uploads\/2026\/01\/Alex-Gratti-assume-direcao-comercial-iberica-da-UFI-Filters.jpg","width":1024,"height":581,"caption":"01 - Alex Gratti assume direcao comercial iberica da UFI Filters"},{"@type":"BreadcrumbList","@id":"https:\/\/jornaldasoficinas.com\/pt\/alex-gratti-assume-direcao-comercial-iberica-da-ufi-filters\/#breadcrumb","itemListElement":[{"@type":"ListItem","position":1,"name":"In\u00edcio","item":"https:\/\/jornaldasoficinas.com\/pt\/"},{"@type":"ListItem","position":2,"name":"Alex Gratti assume dire\u00e7\u00e3o comercial ib\u00e9rica da UFI Filters"}]},{"@type":"WebSite","@id":"https:\/\/jornaldasoficinas.com\/pt\/#website","url":"https:\/\/jornaldasoficinas.com\/pt\/","name":"Jornal das Oficinas","description":"Jornal independente do Aftermarket Autom\u00f3vel em Portugal","publisher":{"@id":"https:\/\/jornaldasoficinas.com\/pt\/#organization"},"potentialAction":[{"@type":"SearchAction","target":{"@type":"EntryPoint","urlTemplate":"https:\/\/jornaldasoficinas.com\/pt\/?s={search_term_string}"},"query-input":{"@type":"PropertyValueSpecification","valueRequired":true,"valueName":"search_term_string"}}],"inLanguage":"pt-PT"},{"@type":"Organization","@id":"https:\/\/jornaldasoficinas.com\/pt\/#organization","name":"Jornal das Oficinas","url":"https:\/\/jornaldasoficinas.com\/pt\/","logo":{"@type":"ImageObject","inLanguage":"pt-PT","@id":"https:\/\/jornaldasoficinas.com\/pt\/#\/schema\/logo\/image\/","url":"https:\/\/jornaldasoficinas.com\/pt\/wp-content\/uploads\/logoJO-SEO.png","contentUrl":"https:\/\/jornaldasoficinas.com\/pt\/wp-content\/uploads\/logoJO-SEO.png","width":285,"height":450,"caption":"Jornal das Oficinas"},"image":{"@id":"https:\/\/jornaldasoficinas.com\/pt\/#\/schema\/logo\/image\/"},"sameAs":["https:\/\/www.facebook.com\/jornaloficinas","https:\/\/x.com\/jornaloficinas","https:\/\/www.instagram.com\/jornal_oficinas\/","https:\/\/www.linkedin.com\/company\/jornal-das-oficinas\/","https:\/\/www.youtube.com\/channel\/UCbQZBqtcvV-oSQrr7RzINGg"]},{"@type":"Person","@id":"https:\/\/jornaldasoficinas.com\/pt\/#\/schema\/person\/a38eef5de2c41d9e7c9ac10141afddf3","name":"Reda\u00e7\u00e3o JO","image":{"@type":"ImageObject","inLanguage":"pt-PT","@id":"https:\/\/secure.gravatar.com\/avatar\/71f2fa71737ad68a84fea94bc708ddac8ea5b0c4788dc2ad202f3ccb2887742f?s=96&d=wp_user_avatar&r=g","url":"https:\/\/secure.gravatar.com\/avatar\/71f2fa71737ad68a84fea94bc708ddac8ea5b0c4788dc2ad202f3ccb2887742f?s=96&d=wp_user_avatar&r=g","contentUrl":"https:\/\/secure.gravatar.com\/avatar\/71f2fa71737ad68a84fea94bc708ddac8ea5b0c4788dc2ad202f3ccb2887742f?s=96&d=wp_user_avatar&r=g","caption":"Reda\u00e7\u00e3o JO"},"url":"https:\/\/jornaldasoficinas.com\/pt\/author\/joredacao\/"}]}},"_links":{"self":[{"href":"https:\/\/jornaldasoficinas.com\/pt\/wp-json\/wp\/v2\/posts\/111492","targetHints":{"allow":["GET"]}}],"collection":[{"href":"https:\/\/jornaldasoficinas.com\/pt\/wp-json\/wp\/v2\/posts"}],"about":[{"href":"https:\/\/jornaldasoficinas.com\/pt\/wp-json\/wp\/v2\/types\/post"}],"author":[{"embeddable":true,"href":"https:\/\/jornaldasoficinas.com\/pt\/wp-json\/wp\/v2\/users\/15"}],"replies":[{"embeddable":true,"href":"https:\/\/jornaldasoficinas.com\/pt\/wp-json\/wp\/v2\/comments?post=111492"}],"version-history":[{"count":4,"href":"https:\/\/jornaldasoficinas.com\/pt\/wp-json\/wp\/v2\/posts\/111492\/revisions"}],"predecessor-version":[{"id":111505,"href":"https:\/\/jornaldasoficinas.com\/pt\/wp-json\/wp\/v2\/posts\/111492\/revisions\/111505"}],"wp:featuredmedia":[{"embeddable":true,"href":"https:\/\/jornaldasoficinas.com\/pt\/wp-json\/wp\/v2\/media\/111504"}],"wp:attachment":[{"href":"https:\/\/jornaldasoficinas.com\/pt\/wp-json\/wp\/v2\/media?parent=111492"}],"wp:term":[{"taxonomy":"category","embeddable":true,"href":"https:\/\/jornaldasoficinas.com\/pt\/wp-json\/wp\/v2\/categories?post=111492"},{"taxonomy":"post_tag","embeddable":true,"href":"https:\/\/jornaldasoficinas.com\/pt\/wp-json\/wp\/v2\/tags?post=111492"}],"curies":[{"name":"wp","href":"https:\/\/api.w.org\/{rel}","templated":true}]}}