{"id":111541,"date":"2026-01-09T08:00:45","date_gmt":"2026-01-09T08:00:45","guid":{"rendered":"https:\/\/jornaldasoficinas.com\/pt\/?p=111541"},"modified":"2026-01-08T17:41:45","modified_gmt":"2026-01-08T17:41:45","slug":"nors-nomeia-novo-ceo-no-canada","status":"publish","type":"post","link":"https:\/\/jornaldasoficinas.com\/pt\/nors-nomeia-novo-ceo-no-canada\/","title":{"rendered":"Nors nomeia novo CEO no Canad\u00e1"},"content":{"rendered":"<p><img loading=\"lazy\" decoding=\"async\" class=\"alignnone size-full wp-image-111518\" src=\"https:\/\/jornaldasoficinas.com\/pt\/wp-content\/uploads\/2026\/01\/SS-Nors-Background-2-3-1.png\" alt=\"Nors nomeia novo CEO no Canad\u00e1\" width=\"1024\" height=\"581\" srcset=\"https:\/\/jornaldasoficinas.com\/pt\/wp-content\/uploads\/2026\/01\/SS-Nors-Background-2-3-1.png 1024w, https:\/\/jornaldasoficinas.com\/pt\/wp-content\/uploads\/2026\/01\/SS-Nors-Background-2-3-1-300x170.png 300w, https:\/\/jornaldasoficinas.com\/pt\/wp-content\/uploads\/2026\/01\/SS-Nors-Background-2-3-1-150x85.png 150w, https:\/\/jornaldasoficinas.com\/pt\/wp-content\/uploads\/2026\/01\/SS-Nors-Background-2-3-1-768x436.png 768w\" sizes=\"auto, (max-width: 1024px) 100vw, 1024px\" \/><\/p>\n<p><strong>Sudhanshu Singh assume a lideran\u00e7a da <a href=\"https:\/\/www.nors.com\/\" target=\"_blank\" rel=\"noopener\">Nors<\/a> no Canad\u00e1 a partir de 1 de mar\u00e7o, no \u00e2mbito da transi\u00e7\u00e3o para um modelo de gest\u00e3o nacional unificada no pa\u00eds<\/strong><\/p>\n<p>A Nors anunciou a nomea\u00e7\u00e3o de Sudhanshu Singh como Chief Executive Officer da Nors Construction Equipment Canad\u00e1, cargo que assumir\u00e1 a partir de 1 de mar\u00e7o. A decis\u00e3o insere-se no processo de transi\u00e7\u00e3o da empresa para uma lideran\u00e7a nacional \u00fanica no mercado canadiano, com o objetivo de refor\u00e7ar o alinhamento da gest\u00e3o, a efici\u00eancia operacional e a qualidade do servi\u00e7o ao cliente.<\/p>\n<p>Sudhanshu Singh foi nomeado CEO da Nors Construction Equipment Canada ST, empresa do grupo respons\u00e1vel pelas opera\u00e7\u00f5es no Leste do Canad\u00e1, a 5 de janeiro de 2026. Encontra-se atualmente a concluir um per\u00edodo de transi\u00e7\u00e3o de dois meses para assumir tamb\u00e9m a lideran\u00e7a da Nors Construction Equipment Canada GW, que opera no Oeste do pa\u00eds. Durante este per\u00edodo, trabalha em estreita articula\u00e7\u00e3o com o atual CEO, Colin Matejka, cujo mandato termina a 28 de fevereiro de 2026, assegurando a continuidade e a estabilidade das opera\u00e7\u00f5es.<\/p>\n<p>&#8220;A cria\u00e7\u00e3o de uma lideran\u00e7a nacional \u00fanica e esta nomea\u00e7\u00e3o assinalam o in\u00edcio de um novo cap\u00edtulo para a Nors no Canad\u00e1&#8221;, afirmou Tom\u00e1s Jervell, CEO da Nors. &#8220;A comprovada capacidade de lideran\u00e7a de Sudhanshu Singh e a sua vasta experi\u00eancia no setor colocam-no numa posi\u00e7\u00e3o privilegiada para refor\u00e7ar a nossa presen\u00e7a no mercado canadiano e criar valor de forma consistente para os nossos clientes em todo o pa\u00eds&#8221;, refor\u00e7ou. O respons\u00e1vel deixou ainda um agradecimento a Colin Matejka pelo contributo dado ao desenvolvimento da Great West e \u00e0 consolida\u00e7\u00e3o da reputa\u00e7\u00e3o da opera\u00e7\u00e3o no Canad\u00e1.<\/p>\n<p>Sudhanshu Singh destacou a colabora\u00e7\u00e3o e o alinhamento como prioridades num momento em que a Nors avan\u00e7a com a integra\u00e7\u00e3o das suas opera\u00e7\u00f5es no pa\u00eds. &#8220;A Nors tem um percurso s\u00f3lido e amplamente reconhecido, e estou totalmente empenhado em dar continuidade a esse legado, ao mesmo tempo que refor\u00e7amos as nossas opera\u00e7\u00f5es no Canad\u00e1 e mantemos um n\u00edvel de apoio excecional aos nossos clientes em todo o pa\u00eds&#8221;, sublinhou.<\/p>\n<p>Com mais de 30 anos de experi\u00eancia internacional no setor, Sudhanshu Singh desempenhou fun\u00e7\u00f5es de lideran\u00e7a s\u00e9nior em fabricantes de equipamentos de constru\u00e7\u00e3o como a Terex e a Caterpillar. Ao longo de mais de uma d\u00e9cada em cargos executivos, desenvolveu estrat\u00e9gias de crescimento focadas no cliente e no refor\u00e7o da presen\u00e7a no mercado norte-americano.<\/p>\n<p>No novo cargo, o respons\u00e1vel ter\u00e1 como principais prioridades aprofundar a integra\u00e7\u00e3o dos neg\u00f3cios da Nors no Canad\u00e1 e refor\u00e7ar o alinhamento da gest\u00e3o e das opera\u00e7\u00f5es a n\u00edvel nacional.<\/p>\n","protected":false},"excerpt":{"rendered":"<p>Sudhanshu Singh assume a lideran\u00e7a da&#8230;<\/p>\n","protected":false},"author":15,"featured_media":111518,"comment_status":"closed","ping_status":"closed","sticky":false,"template":"","format":"standard","meta":{"footnotes":""},"categories":[29],"tags":[14341,14340,6131,1309,6177,14339],"class_list":["post-111541","post","type-post","status-publish","format-standard","has-post-thumbnail","hentry","category-empresas","tag-a-partir-de-1-de-marco","tag-mercado-canadiano","tag-nomeacao","tag-nors","tag-novo-ceo","tag-sudhanshu-singh"],"yoast_head":"<!-- This site is optimized with the Yoast SEO plugin v27.5 - https:\/\/yoast.com\/product\/yoast-seo-wordpress\/ -->\n<title>Nors nomeia novo CEO no Canad\u00e1 - Jornal das Oficinas<\/title>\n<meta name=\"description\" content=\"Sudhanshu Singh assume a lideran\u00e7a da Nors no Canad\u00e1 a partir de 1 de mar\u00e7o, no \u00e2mbito da transi\u00e7\u00e3o para um modelo de gest\u00e3o nacional\" \/>\n<meta name=\"robots\" content=\"index, follow, max-snippet:-1, max-image-preview:large, max-video-preview:-1\" \/>\n<link rel=\"canonical\" href=\"https:\/\/jornaldasoficinas.com\/pt\/nors-nomeia-novo-ceo-no-canada\/\" \/>\n<meta property=\"og:locale\" content=\"pt_PT\" \/>\n<meta property=\"og:type\" content=\"article\" \/>\n<meta property=\"og:title\" content=\"Nors nomeia novo CEO no Canad\u00e1 - Jornal das Oficinas\" \/>\n<meta property=\"og:description\" content=\"Sudhanshu Singh assume a lideran\u00e7a da Nors no Canad\u00e1 a partir de 1 de mar\u00e7o, no \u00e2mbito da transi\u00e7\u00e3o para um modelo de gest\u00e3o nacional\" \/>\n<meta property=\"og:url\" content=\"https:\/\/jornaldasoficinas.com\/pt\/nors-nomeia-novo-ceo-no-canada\/\" \/>\n<meta property=\"og:site_name\" content=\"Jornal das Oficinas\" \/>\n<meta property=\"article:publisher\" content=\"https:\/\/www.facebook.com\/jornaloficinas\" \/>\n<meta property=\"article:published_time\" content=\"2026-01-09T08:00:45+00:00\" \/>\n<meta property=\"og:image\" content=\"https:\/\/jornaldasoficinas.com\/pt\/wp-content\/uploads\/2026\/01\/SS-Nors-Background-2-3-1.png\" \/>\n\t<meta property=\"og:image:width\" content=\"1024\" \/>\n\t<meta property=\"og:image:height\" content=\"581\" \/>\n\t<meta property=\"og:image:type\" content=\"image\/png\" \/>\n<meta name=\"author\" content=\"Reda\u00e7\u00e3o JO\" \/>\n<meta name=\"twitter:card\" content=\"summary_large_image\" \/>\n<meta name=\"twitter:creator\" content=\"@jornaloficinas\" \/>\n<meta name=\"twitter:site\" content=\"@jornaloficinas\" \/>\n<meta name=\"twitter:label1\" content=\"Escrito por\" \/>\n\t<meta name=\"twitter:data1\" content=\"Reda\u00e7\u00e3o JO\" \/>\n\t<meta name=\"twitter:label2\" content=\"Tempo estimado de leitura\" \/>\n\t<meta name=\"twitter:data2\" content=\"3 minutos\" \/>\n<script type=\"application\/ld+json\" class=\"yoast-schema-graph\">{\"@context\":\"https:\\\/\\\/schema.org\",\"@graph\":[{\"@type\":\"Article\",\"@id\":\"https:\\\/\\\/jornaldasoficinas.com\\\/pt\\\/nors-nomeia-novo-ceo-no-canada\\\/#article\",\"isPartOf\":{\"@id\":\"https:\\\/\\\/jornaldasoficinas.com\\\/pt\\\/nors-nomeia-novo-ceo-no-canada\\\/\"},\"author\":{\"name\":\"Reda\u00e7\u00e3o JO\",\"@id\":\"https:\\\/\\\/jornaldasoficinas.com\\\/pt\\\/#\\\/schema\\\/person\\\/a38eef5de2c41d9e7c9ac10141afddf3\"},\"headline\":\"Nors nomeia novo CEO no Canad\u00e1\",\"datePublished\":\"2026-01-09T08:00:45+00:00\",\"mainEntityOfPage\":{\"@id\":\"https:\\\/\\\/jornaldasoficinas.com\\\/pt\\\/nors-nomeia-novo-ceo-no-canada\\\/\"},\"wordCount\":489,\"publisher\":{\"@id\":\"https:\\\/\\\/jornaldasoficinas.com\\\/pt\\\/#organization\"},\"image\":{\"@id\":\"https:\\\/\\\/jornaldasoficinas.com\\\/pt\\\/nors-nomeia-novo-ceo-no-canada\\\/#primaryimage\"},\"thumbnailUrl\":\"https:\\\/\\\/jornaldasoficinas.com\\\/pt\\\/wp-content\\\/uploads\\\/2026\\\/01\\\/SS-Nors-Background-2-3-1.png\",\"keywords\":[\"a partir de 1 de mar\u00e7o\",\"mercado canadiano\",\"Nomea\u00e7\u00e3o\",\"Nors\",\"novo CEO\",\"Sudhanshu Singh\"],\"articleSection\":[\"Empresas\"],\"inLanguage\":\"pt-PT\"},{\"@type\":\"WebPage\",\"@id\":\"https:\\\/\\\/jornaldasoficinas.com\\\/pt\\\/nors-nomeia-novo-ceo-no-canada\\\/\",\"url\":\"https:\\\/\\\/jornaldasoficinas.com\\\/pt\\\/nors-nomeia-novo-ceo-no-canada\\\/\",\"name\":\"Nors nomeia novo CEO no Canad\u00e1 - Jornal das Oficinas\",\"isPartOf\":{\"@id\":\"https:\\\/\\\/jornaldasoficinas.com\\\/pt\\\/#website\"},\"primaryImageOfPage\":{\"@id\":\"https:\\\/\\\/jornaldasoficinas.com\\\/pt\\\/nors-nomeia-novo-ceo-no-canada\\\/#primaryimage\"},\"image\":{\"@id\":\"https:\\\/\\\/jornaldasoficinas.com\\\/pt\\\/nors-nomeia-novo-ceo-no-canada\\\/#primaryimage\"},\"thumbnailUrl\":\"https:\\\/\\\/jornaldasoficinas.com\\\/pt\\\/wp-content\\\/uploads\\\/2026\\\/01\\\/SS-Nors-Background-2-3-1.png\",\"datePublished\":\"2026-01-09T08:00:45+00:00\",\"description\":\"Sudhanshu Singh assume a lideran\u00e7a da Nors no Canad\u00e1 a partir de 1 de mar\u00e7o, no \u00e2mbito da transi\u00e7\u00e3o para um modelo de gest\u00e3o nacional\",\"breadcrumb\":{\"@id\":\"https:\\\/\\\/jornaldasoficinas.com\\\/pt\\\/nors-nomeia-novo-ceo-no-canada\\\/#breadcrumb\"},\"inLanguage\":\"pt-PT\",\"potentialAction\":[{\"@type\":\"ReadAction\",\"target\":[\"https:\\\/\\\/jornaldasoficinas.com\\\/pt\\\/nors-nomeia-novo-ceo-no-canada\\\/\"]}]},{\"@type\":\"ImageObject\",\"inLanguage\":\"pt-PT\",\"@id\":\"https:\\\/\\\/jornaldasoficinas.com\\\/pt\\\/nors-nomeia-novo-ceo-no-canada\\\/#primaryimage\",\"url\":\"https:\\\/\\\/jornaldasoficinas.com\\\/pt\\\/wp-content\\\/uploads\\\/2026\\\/01\\\/SS-Nors-Background-2-3-1.png\",\"contentUrl\":\"https:\\\/\\\/jornaldasoficinas.com\\\/pt\\\/wp-content\\\/uploads\\\/2026\\\/01\\\/SS-Nors-Background-2-3-1.png\",\"width\":1024,\"height\":581,\"caption\":\"Nors nomeia novo CEO no Canad\u00e1\"},{\"@type\":\"BreadcrumbList\",\"@id\":\"https:\\\/\\\/jornaldasoficinas.com\\\/pt\\\/nors-nomeia-novo-ceo-no-canada\\\/#breadcrumb\",\"itemListElement\":[{\"@type\":\"ListItem\",\"position\":1,\"name\":\"In\u00edcio\",\"item\":\"https:\\\/\\\/jornaldasoficinas.com\\\/pt\\\/\"},{\"@type\":\"ListItem\",\"position\":2,\"name\":\"Nors nomeia novo CEO no Canad\u00e1\"}]},{\"@type\":\"WebSite\",\"@id\":\"https:\\\/\\\/jornaldasoficinas.com\\\/pt\\\/#website\",\"url\":\"https:\\\/\\\/jornaldasoficinas.com\\\/pt\\\/\",\"name\":\"Jornal das Oficinas\",\"description\":\"Jornal independente do Aftermarket Autom\u00f3vel em Portugal\",\"publisher\":{\"@id\":\"https:\\\/\\\/jornaldasoficinas.com\\\/pt\\\/#organization\"},\"potentialAction\":[{\"@type\":\"SearchAction\",\"target\":{\"@type\":\"EntryPoint\",\"urlTemplate\":\"https:\\\/\\\/jornaldasoficinas.com\\\/pt\\\/?s={search_term_string}\"},\"query-input\":{\"@type\":\"PropertyValueSpecification\",\"valueRequired\":true,\"valueName\":\"search_term_string\"}}],\"inLanguage\":\"pt-PT\"},{\"@type\":\"Organization\",\"@id\":\"https:\\\/\\\/jornaldasoficinas.com\\\/pt\\\/#organization\",\"name\":\"Jornal das Oficinas\",\"url\":\"https:\\\/\\\/jornaldasoficinas.com\\\/pt\\\/\",\"logo\":{\"@type\":\"ImageObject\",\"inLanguage\":\"pt-PT\",\"@id\":\"https:\\\/\\\/jornaldasoficinas.com\\\/pt\\\/#\\\/schema\\\/logo\\\/image\\\/\",\"url\":\"https:\\\/\\\/jornaldasoficinas.com\\\/pt\\\/wp-content\\\/uploads\\\/logoJO-SEO.png\",\"contentUrl\":\"https:\\\/\\\/jornaldasoficinas.com\\\/pt\\\/wp-content\\\/uploads\\\/logoJO-SEO.png\",\"width\":285,\"height\":450,\"caption\":\"Jornal das Oficinas\"},\"image\":{\"@id\":\"https:\\\/\\\/jornaldasoficinas.com\\\/pt\\\/#\\\/schema\\\/logo\\\/image\\\/\"},\"sameAs\":[\"https:\\\/\\\/www.facebook.com\\\/jornaloficinas\",\"https:\\\/\\\/x.com\\\/jornaloficinas\",\"https:\\\/\\\/www.instagram.com\\\/jornal_oficinas\\\/\",\"https:\\\/\\\/www.linkedin.com\\\/company\\\/jornal-das-oficinas\\\/\",\"https:\\\/\\\/www.youtube.com\\\/channel\\\/UCbQZBqtcvV-oSQrr7RzINGg\"]},{\"@type\":\"Person\",\"@id\":\"https:\\\/\\\/jornaldasoficinas.com\\\/pt\\\/#\\\/schema\\\/person\\\/a38eef5de2c41d9e7c9ac10141afddf3\",\"name\":\"Reda\u00e7\u00e3o JO\",\"image\":{\"@type\":\"ImageObject\",\"inLanguage\":\"pt-PT\",\"@id\":\"https:\\\/\\\/secure.gravatar.com\\\/avatar\\\/71f2fa71737ad68a84fea94bc708ddac8ea5b0c4788dc2ad202f3ccb2887742f?s=96&d=wp_user_avatar&r=g\",\"url\":\"https:\\\/\\\/secure.gravatar.com\\\/avatar\\\/71f2fa71737ad68a84fea94bc708ddac8ea5b0c4788dc2ad202f3ccb2887742f?s=96&d=wp_user_avatar&r=g\",\"contentUrl\":\"https:\\\/\\\/secure.gravatar.com\\\/avatar\\\/71f2fa71737ad68a84fea94bc708ddac8ea5b0c4788dc2ad202f3ccb2887742f?s=96&d=wp_user_avatar&r=g\",\"caption\":\"Reda\u00e7\u00e3o JO\"},\"url\":\"https:\\\/\\\/jornaldasoficinas.com\\\/pt\\\/author\\\/joredacao\\\/\"}]}<\/script>\n<!-- \/ Yoast SEO plugin. -->","yoast_head_json":{"title":"Nors nomeia novo CEO no Canad\u00e1 - Jornal das Oficinas","description":"Sudhanshu Singh assume a lideran\u00e7a da Nors no Canad\u00e1 a partir de 1 de mar\u00e7o, no \u00e2mbito da transi\u00e7\u00e3o para um modelo de gest\u00e3o nacional","robots":{"index":"index","follow":"follow","max-snippet":"max-snippet:-1","max-image-preview":"max-image-preview:large","max-video-preview":"max-video-preview:-1"},"canonical":"https:\/\/jornaldasoficinas.com\/pt\/nors-nomeia-novo-ceo-no-canada\/","og_locale":"pt_PT","og_type":"article","og_title":"Nors nomeia novo CEO no Canad\u00e1 - Jornal das Oficinas","og_description":"Sudhanshu Singh assume a lideran\u00e7a da Nors no Canad\u00e1 a partir de 1 de mar\u00e7o, no \u00e2mbito da transi\u00e7\u00e3o para um modelo de gest\u00e3o nacional","og_url":"https:\/\/jornaldasoficinas.com\/pt\/nors-nomeia-novo-ceo-no-canada\/","og_site_name":"Jornal das Oficinas","article_publisher":"https:\/\/www.facebook.com\/jornaloficinas","article_published_time":"2026-01-09T08:00:45+00:00","og_image":[{"width":1024,"height":581,"url":"https:\/\/jornaldasoficinas.com\/pt\/wp-content\/uploads\/2026\/01\/SS-Nors-Background-2-3-1.png","type":"image\/png"}],"author":"Reda\u00e7\u00e3o JO","twitter_card":"summary_large_image","twitter_creator":"@jornaloficinas","twitter_site":"@jornaloficinas","twitter_misc":{"Escrito por":"Reda\u00e7\u00e3o JO","Tempo estimado de leitura":"3 minutos"},"schema":{"@context":"https:\/\/schema.org","@graph":[{"@type":"Article","@id":"https:\/\/jornaldasoficinas.com\/pt\/nors-nomeia-novo-ceo-no-canada\/#article","isPartOf":{"@id":"https:\/\/jornaldasoficinas.com\/pt\/nors-nomeia-novo-ceo-no-canada\/"},"author":{"name":"Reda\u00e7\u00e3o JO","@id":"https:\/\/jornaldasoficinas.com\/pt\/#\/schema\/person\/a38eef5de2c41d9e7c9ac10141afddf3"},"headline":"Nors nomeia novo CEO no Canad\u00e1","datePublished":"2026-01-09T08:00:45+00:00","mainEntityOfPage":{"@id":"https:\/\/jornaldasoficinas.com\/pt\/nors-nomeia-novo-ceo-no-canada\/"},"wordCount":489,"publisher":{"@id":"https:\/\/jornaldasoficinas.com\/pt\/#organization"},"image":{"@id":"https:\/\/jornaldasoficinas.com\/pt\/nors-nomeia-novo-ceo-no-canada\/#primaryimage"},"thumbnailUrl":"https:\/\/jornaldasoficinas.com\/pt\/wp-content\/uploads\/2026\/01\/SS-Nors-Background-2-3-1.png","keywords":["a partir de 1 de mar\u00e7o","mercado canadiano","Nomea\u00e7\u00e3o","Nors","novo CEO","Sudhanshu Singh"],"articleSection":["Empresas"],"inLanguage":"pt-PT"},{"@type":"WebPage","@id":"https:\/\/jornaldasoficinas.com\/pt\/nors-nomeia-novo-ceo-no-canada\/","url":"https:\/\/jornaldasoficinas.com\/pt\/nors-nomeia-novo-ceo-no-canada\/","name":"Nors nomeia novo CEO no Canad\u00e1 - Jornal das Oficinas","isPartOf":{"@id":"https:\/\/jornaldasoficinas.com\/pt\/#website"},"primaryImageOfPage":{"@id":"https:\/\/jornaldasoficinas.com\/pt\/nors-nomeia-novo-ceo-no-canada\/#primaryimage"},"image":{"@id":"https:\/\/jornaldasoficinas.com\/pt\/nors-nomeia-novo-ceo-no-canada\/#primaryimage"},"thumbnailUrl":"https:\/\/jornaldasoficinas.com\/pt\/wp-content\/uploads\/2026\/01\/SS-Nors-Background-2-3-1.png","datePublished":"2026-01-09T08:00:45+00:00","description":"Sudhanshu Singh assume a lideran\u00e7a da Nors no Canad\u00e1 a partir de 1 de mar\u00e7o, no \u00e2mbito da transi\u00e7\u00e3o para um modelo de gest\u00e3o nacional","breadcrumb":{"@id":"https:\/\/jornaldasoficinas.com\/pt\/nors-nomeia-novo-ceo-no-canada\/#breadcrumb"},"inLanguage":"pt-PT","potentialAction":[{"@type":"ReadAction","target":["https:\/\/jornaldasoficinas.com\/pt\/nors-nomeia-novo-ceo-no-canada\/"]}]},{"@type":"ImageObject","inLanguage":"pt-PT","@id":"https:\/\/jornaldasoficinas.com\/pt\/nors-nomeia-novo-ceo-no-canada\/#primaryimage","url":"https:\/\/jornaldasoficinas.com\/pt\/wp-content\/uploads\/2026\/01\/SS-Nors-Background-2-3-1.png","contentUrl":"https:\/\/jornaldasoficinas.com\/pt\/wp-content\/uploads\/2026\/01\/SS-Nors-Background-2-3-1.png","width":1024,"height":581,"caption":"Nors nomeia novo CEO no Canad\u00e1"},{"@type":"BreadcrumbList","@id":"https:\/\/jornaldasoficinas.com\/pt\/nors-nomeia-novo-ceo-no-canada\/#breadcrumb","itemListElement":[{"@type":"ListItem","position":1,"name":"In\u00edcio","item":"https:\/\/jornaldasoficinas.com\/pt\/"},{"@type":"ListItem","position":2,"name":"Nors nomeia novo CEO no Canad\u00e1"}]},{"@type":"WebSite","@id":"https:\/\/jornaldasoficinas.com\/pt\/#website","url":"https:\/\/jornaldasoficinas.com\/pt\/","name":"Jornal das Oficinas","description":"Jornal independente do Aftermarket Autom\u00f3vel em Portugal","publisher":{"@id":"https:\/\/jornaldasoficinas.com\/pt\/#organization"},"potentialAction":[{"@type":"SearchAction","target":{"@type":"EntryPoint","urlTemplate":"https:\/\/jornaldasoficinas.com\/pt\/?s={search_term_string}"},"query-input":{"@type":"PropertyValueSpecification","valueRequired":true,"valueName":"search_term_string"}}],"inLanguage":"pt-PT"},{"@type":"Organization","@id":"https:\/\/jornaldasoficinas.com\/pt\/#organization","name":"Jornal das Oficinas","url":"https:\/\/jornaldasoficinas.com\/pt\/","logo":{"@type":"ImageObject","inLanguage":"pt-PT","@id":"https:\/\/jornaldasoficinas.com\/pt\/#\/schema\/logo\/image\/","url":"https:\/\/jornaldasoficinas.com\/pt\/wp-content\/uploads\/logoJO-SEO.png","contentUrl":"https:\/\/jornaldasoficinas.com\/pt\/wp-content\/uploads\/logoJO-SEO.png","width":285,"height":450,"caption":"Jornal das Oficinas"},"image":{"@id":"https:\/\/jornaldasoficinas.com\/pt\/#\/schema\/logo\/image\/"},"sameAs":["https:\/\/www.facebook.com\/jornaloficinas","https:\/\/x.com\/jornaloficinas","https:\/\/www.instagram.com\/jornal_oficinas\/","https:\/\/www.linkedin.com\/company\/jornal-das-oficinas\/","https:\/\/www.youtube.com\/channel\/UCbQZBqtcvV-oSQrr7RzINGg"]},{"@type":"Person","@id":"https:\/\/jornaldasoficinas.com\/pt\/#\/schema\/person\/a38eef5de2c41d9e7c9ac10141afddf3","name":"Reda\u00e7\u00e3o JO","image":{"@type":"ImageObject","inLanguage":"pt-PT","@id":"https:\/\/secure.gravatar.com\/avatar\/71f2fa71737ad68a84fea94bc708ddac8ea5b0c4788dc2ad202f3ccb2887742f?s=96&d=wp_user_avatar&r=g","url":"https:\/\/secure.gravatar.com\/avatar\/71f2fa71737ad68a84fea94bc708ddac8ea5b0c4788dc2ad202f3ccb2887742f?s=96&d=wp_user_avatar&r=g","contentUrl":"https:\/\/secure.gravatar.com\/avatar\/71f2fa71737ad68a84fea94bc708ddac8ea5b0c4788dc2ad202f3ccb2887742f?s=96&d=wp_user_avatar&r=g","caption":"Reda\u00e7\u00e3o JO"},"url":"https:\/\/jornaldasoficinas.com\/pt\/author\/joredacao\/"}]}},"_links":{"self":[{"href":"https:\/\/jornaldasoficinas.com\/pt\/wp-json\/wp\/v2\/posts\/111541","targetHints":{"allow":["GET"]}}],"collection":[{"href":"https:\/\/jornaldasoficinas.com\/pt\/wp-json\/wp\/v2\/posts"}],"about":[{"href":"https:\/\/jornaldasoficinas.com\/pt\/wp-json\/wp\/v2\/types\/post"}],"author":[{"embeddable":true,"href":"https:\/\/jornaldasoficinas.com\/pt\/wp-json\/wp\/v2\/users\/15"}],"replies":[{"embeddable":true,"href":"https:\/\/jornaldasoficinas.com\/pt\/wp-json\/wp\/v2\/comments?post=111541"}],"version-history":[{"count":5,"href":"https:\/\/jornaldasoficinas.com\/pt\/wp-json\/wp\/v2\/posts\/111541\/revisions"}],"predecessor-version":[{"id":111546,"href":"https:\/\/jornaldasoficinas.com\/pt\/wp-json\/wp\/v2\/posts\/111541\/revisions\/111546"}],"wp:featuredmedia":[{"embeddable":true,"href":"https:\/\/jornaldasoficinas.com\/pt\/wp-json\/wp\/v2\/media\/111518"}],"wp:attachment":[{"href":"https:\/\/jornaldasoficinas.com\/pt\/wp-json\/wp\/v2\/media?parent=111541"}],"wp:term":[{"taxonomy":"category","embeddable":true,"href":"https:\/\/jornaldasoficinas.com\/pt\/wp-json\/wp\/v2\/categories?post=111541"},{"taxonomy":"post_tag","embeddable":true,"href":"https:\/\/jornaldasoficinas.com\/pt\/wp-json\/wp\/v2\/tags?post=111541"}],"curies":[{"name":"wp","href":"https:\/\/api.w.org\/{rel}","templated":true}]}}