{"id":111547,"date":"2026-01-08T18:00:57","date_gmt":"2026-01-08T18:00:57","guid":{"rendered":"https:\/\/jornaldasoficinas.com\/pt\/?p=111547"},"modified":"2026-01-08T17:46:10","modified_gmt":"2026-01-08T17:46:10","slug":"espanha-investe-13-mil-milhoes-na-mobilidade-eletrica-em-2026","status":"publish","type":"post","link":"https:\/\/jornaldasoficinas.com\/pt\/espanha-investe-13-mil-milhoes-na-mobilidade-eletrica-em-2026\/","title":{"rendered":"Espanha ir\u00e1 investir 1,3 mil milh\u00f5es na mobilidade el\u00e9trica em 2026"},"content":{"rendered":"<p><strong><img loading=\"lazy\" decoding=\"async\" class=\"alignnone size-full wp-image-111551\" src=\"https:\/\/jornaldasoficinas.com\/pt\/wp-content\/uploads\/2026\/01\/Espanha-investe-13-mil-milhoes-na-mobilidade-eletrica-em-2026.jpg\" alt=\"01 - Espanha investe 13 mil milhoes na mobilidade eletrica em 2026\" width=\"1024\" height=\"581\" srcset=\"https:\/\/jornaldasoficinas.com\/pt\/wp-content\/uploads\/2026\/01\/Espanha-investe-13-mil-milhoes-na-mobilidade-eletrica-em-2026.jpg 1024w, https:\/\/jornaldasoficinas.com\/pt\/wp-content\/uploads\/2026\/01\/Espanha-investe-13-mil-milhoes-na-mobilidade-eletrica-em-2026-300x170.jpg 300w, https:\/\/jornaldasoficinas.com\/pt\/wp-content\/uploads\/2026\/01\/Espanha-investe-13-mil-milhoes-na-mobilidade-eletrica-em-2026-150x85.jpg 150w, https:\/\/jornaldasoficinas.com\/pt\/wp-content\/uploads\/2026\/01\/Espanha-investe-13-mil-milhoes-na-mobilidade-eletrica-em-2026-768x436.jpg 768w\" sizes=\"auto, (max-width: 1024px) 100vw, 1024px\" \/><\/strong><\/p>\n<p><strong>O Governo espanhol vai destinar cerca de 1,3 mil milh\u00f5es de euros ao mercado e \u00e0 ind\u00fastria de ve\u00edculos el\u00e9tricos em 2026, com o objetivo de acelerar a transi\u00e7\u00e3o do setor autom\u00f3vel e garantir que 95% da produ\u00e7\u00e3o nacional seja eletrificada at\u00e9 2035<\/strong><\/p>\n<p>Espanha vai refor\u00e7ar o apoio p\u00fablico ao setor autom\u00f3vel com um investimento pr\u00f3ximo de 1,3 mil milh\u00f5es de euros em 2026, destinado a impulsionar tanto a procura como a capacidade industrial ligada aos ve\u00edculos el\u00e9tricos.<\/p>\n<p>De acordo com o plano apresentado pelo primeiro-ministro espanhol, Pedro S\u00e1nchez, cerca de 400 milh\u00f5es de euros ser\u00e3o atribu\u00eddos sob a forma de subs\u00eddios diretos \u00e0 compra de ve\u00edculos el\u00e9tricos por parte dos consumidores. Outros 580 milh\u00f5es de euros ser\u00e3o canalizados atrav\u00e9s de um regime de apoio ao investimento industrial financiado por fundos da <a href=\"https:\/\/european-union.europa.eu\" target=\"_blank\" rel=\"noopener\">Uni\u00e3o Europeia<\/a>. O programa inclui ainda 300 milh\u00f5es de euros para a instala\u00e7\u00e3o de pontos de carregamento em estradas que ainda n\u00e3o disp\u00f5em de cobertura adequada.<\/p>\n<p>O refor\u00e7o do apoio surge num contexto em que a produ\u00e7\u00e3o de ve\u00edculos totalmente el\u00e9tricos e h\u00edbridos plug-in em Espanha continua relativamente reduzida. Nos primeiros dez meses de 2025, estes modelos representaram cerca de 10% da produ\u00e7\u00e3o autom\u00f3vel nacional, enquanto os h\u00edbridos n\u00e3o plug-in atingiram 26,7%, segundo dados do setor. Em compara\u00e7\u00e3o, cerca de 20% dos ve\u00edculos vendidos na Uni\u00e3o Europeia em 2024 eram el\u00e9tricos ou h\u00edbridos plug-in.<\/p>\n<p>O Governo espanhol pretende acelerar esta transi\u00e7\u00e3o face \u00e0 r\u00e1pida expans\u00e3o de marcas chinesas de ve\u00edculos el\u00e9tricos, como a <a href=\"https:\/\/www.byd-auto.pt\/\" target=\"_blank\" rel=\"noopener\">BYD<\/a>, que t\u00eam vindo a ganhar quota de mercado na Europa, beneficiando da aus\u00eancia de uma base industrial dom\u00e9stica forte em alguns pa\u00edses. Segundo Pedro S\u00e1nchez, o plano visa proteger o emprego no setor autom\u00f3vel durante a mudan\u00e7a tecnol\u00f3gica e assegurar que Espanha mant\u00e9m a posi\u00e7\u00e3o de segundo maior fabricante de autom\u00f3veis da Europa.<\/p>\n<p>Embora projetos estrangeiros de baterias estejam a criar emprego no pa\u00eds, como a f\u00e1brica de quatro mil milh\u00f5es de euros da chinesa CATL, desenvolvida em parceria com a <a href=\"https:\/\/www.stellantis.com\/\" target=\"_blank\" rel=\"noopener\">Stellantis<\/a>, o executivo alertou que, sem um apoio nacional consistente, Espanha corre o risco de perder conhecimento tecnol\u00f3gico e quota de mercado no futuro.<\/p>\n<p>O roteiro definido pelo Governo prev\u00ea que, at\u00e9 2035, 100% das vendas de ve\u00edculos em Espanha correspondam a modelos eletrificados.<\/p>\n","protected":false},"excerpt":{"rendered":"<p>O Governo espanhol vai destinar cerca&#8230;<\/p>\n","protected":false},"author":15,"featured_media":111551,"comment_status":"closed","ping_status":"closed","sticky":false,"template":"","format":"standard","meta":{"footnotes":""},"categories":[37],"tags":[14342,5362,4272,1421,1819,89],"class_list":["post-111547","post","type-post","status-publish","format-standard","has-post-thumbnail","hentry","category-mercado","tag-governo-espanhol","tag-hibridos-plug-in","tag-investimento","tag-mobilidade-eletrica","tag-uniao-europeia","tag-veiculos-eletricos"],"yoast_head":"<!-- This site is optimized with the Yoast SEO plugin v27.5 - https:\/\/yoast.com\/product\/yoast-seo-wordpress\/ -->\n<title>Espanha ir\u00e1 investir 1,3 mil milh\u00f5es na mobilidade el\u00e9trica em 2026 - Jornal das Oficinas<\/title>\n<meta name=\"description\" content=\"O Governo espanhol vai destinar cerca de 1,3 mil milh\u00f5es de euros ao mercado e \u00e0 ind\u00fastria de ve\u00edculos el\u00e9tricos em 2026\" \/>\n<meta name=\"robots\" content=\"index, follow, max-snippet:-1, max-image-preview:large, max-video-preview:-1\" \/>\n<link rel=\"canonical\" href=\"https:\/\/jornaldasoficinas.com\/pt\/espanha-investe-13-mil-milhoes-na-mobilidade-eletrica-em-2026\/\" \/>\n<meta property=\"og:locale\" content=\"pt_PT\" \/>\n<meta property=\"og:type\" content=\"article\" \/>\n<meta property=\"og:title\" content=\"Espanha ir\u00e1 investir 1,3 mil milh\u00f5es na mobilidade el\u00e9trica em 2026 - Jornal das Oficinas\" \/>\n<meta property=\"og:description\" content=\"O Governo espanhol vai destinar cerca de 1,3 mil milh\u00f5es de euros ao mercado e \u00e0 ind\u00fastria de ve\u00edculos el\u00e9tricos em 2026\" \/>\n<meta property=\"og:url\" content=\"https:\/\/jornaldasoficinas.com\/pt\/espanha-investe-13-mil-milhoes-na-mobilidade-eletrica-em-2026\/\" \/>\n<meta property=\"og:site_name\" content=\"Jornal das Oficinas\" \/>\n<meta property=\"article:publisher\" content=\"https:\/\/www.facebook.com\/jornaloficinas\" \/>\n<meta property=\"article:published_time\" content=\"2026-01-08T18:00:57+00:00\" \/>\n<meta property=\"og:image\" content=\"https:\/\/jornaldasoficinas.com\/pt\/wp-content\/uploads\/2026\/01\/Espanha-investe-13-mil-milhoes-na-mobilidade-eletrica-em-2026.jpg\" \/>\n\t<meta property=\"og:image:width\" content=\"1024\" \/>\n\t<meta property=\"og:image:height\" content=\"581\" \/>\n\t<meta property=\"og:image:type\" content=\"image\/jpeg\" \/>\n<meta name=\"author\" content=\"Reda\u00e7\u00e3o JO\" \/>\n<meta name=\"twitter:card\" content=\"summary_large_image\" \/>\n<meta name=\"twitter:creator\" content=\"@jornaloficinas\" \/>\n<meta name=\"twitter:site\" content=\"@jornaloficinas\" \/>\n<meta name=\"twitter:label1\" content=\"Escrito por\" \/>\n\t<meta name=\"twitter:data1\" content=\"Reda\u00e7\u00e3o JO\" \/>\n\t<meta name=\"twitter:label2\" content=\"Tempo estimado de leitura\" \/>\n\t<meta name=\"twitter:data2\" content=\"3 minutos\" \/>\n<script type=\"application\/ld+json\" class=\"yoast-schema-graph\">{\"@context\":\"https:\\\/\\\/schema.org\",\"@graph\":[{\"@type\":\"Article\",\"@id\":\"https:\\\/\\\/jornaldasoficinas.com\\\/pt\\\/espanha-investe-13-mil-milhoes-na-mobilidade-eletrica-em-2026\\\/#article\",\"isPartOf\":{\"@id\":\"https:\\\/\\\/jornaldasoficinas.com\\\/pt\\\/espanha-investe-13-mil-milhoes-na-mobilidade-eletrica-em-2026\\\/\"},\"author\":{\"name\":\"Reda\u00e7\u00e3o JO\",\"@id\":\"https:\\\/\\\/jornaldasoficinas.com\\\/pt\\\/#\\\/schema\\\/person\\\/a38eef5de2c41d9e7c9ac10141afddf3\"},\"headline\":\"Espanha ir\u00e1 investir 1,3 mil milh\u00f5es na mobilidade el\u00e9trica em 2026\",\"datePublished\":\"2026-01-08T18:00:57+00:00\",\"mainEntityOfPage\":{\"@id\":\"https:\\\/\\\/jornaldasoficinas.com\\\/pt\\\/espanha-investe-13-mil-milhoes-na-mobilidade-eletrica-em-2026\\\/\"},\"wordCount\":427,\"publisher\":{\"@id\":\"https:\\\/\\\/jornaldasoficinas.com\\\/pt\\\/#organization\"},\"image\":{\"@id\":\"https:\\\/\\\/jornaldasoficinas.com\\\/pt\\\/espanha-investe-13-mil-milhoes-na-mobilidade-eletrica-em-2026\\\/#primaryimage\"},\"thumbnailUrl\":\"https:\\\/\\\/jornaldasoficinas.com\\\/pt\\\/wp-content\\\/uploads\\\/2026\\\/01\\\/Espanha-investe-13-mil-milhoes-na-mobilidade-eletrica-em-2026.jpg\",\"keywords\":[\"Governo Espanhol\",\"h\u00edbridos plug-in\",\"Investimento\",\"Mobilidade el\u00e9trica\",\"Uni\u00e3o Europeia\",\"Ve\u00edculos el\u00e9tricos\"],\"articleSection\":[\"Mercado\"],\"inLanguage\":\"pt-PT\"},{\"@type\":\"WebPage\",\"@id\":\"https:\\\/\\\/jornaldasoficinas.com\\\/pt\\\/espanha-investe-13-mil-milhoes-na-mobilidade-eletrica-em-2026\\\/\",\"url\":\"https:\\\/\\\/jornaldasoficinas.com\\\/pt\\\/espanha-investe-13-mil-milhoes-na-mobilidade-eletrica-em-2026\\\/\",\"name\":\"Espanha ir\u00e1 investir 1,3 mil milh\u00f5es na mobilidade el\u00e9trica em 2026 - Jornal das Oficinas\",\"isPartOf\":{\"@id\":\"https:\\\/\\\/jornaldasoficinas.com\\\/pt\\\/#website\"},\"primaryImageOfPage\":{\"@id\":\"https:\\\/\\\/jornaldasoficinas.com\\\/pt\\\/espanha-investe-13-mil-milhoes-na-mobilidade-eletrica-em-2026\\\/#primaryimage\"},\"image\":{\"@id\":\"https:\\\/\\\/jornaldasoficinas.com\\\/pt\\\/espanha-investe-13-mil-milhoes-na-mobilidade-eletrica-em-2026\\\/#primaryimage\"},\"thumbnailUrl\":\"https:\\\/\\\/jornaldasoficinas.com\\\/pt\\\/wp-content\\\/uploads\\\/2026\\\/01\\\/Espanha-investe-13-mil-milhoes-na-mobilidade-eletrica-em-2026.jpg\",\"datePublished\":\"2026-01-08T18:00:57+00:00\",\"description\":\"O Governo espanhol vai destinar cerca de 1,3 mil milh\u00f5es de euros ao mercado e \u00e0 ind\u00fastria de ve\u00edculos el\u00e9tricos em 2026\",\"breadcrumb\":{\"@id\":\"https:\\\/\\\/jornaldasoficinas.com\\\/pt\\\/espanha-investe-13-mil-milhoes-na-mobilidade-eletrica-em-2026\\\/#breadcrumb\"},\"inLanguage\":\"pt-PT\",\"potentialAction\":[{\"@type\":\"ReadAction\",\"target\":[\"https:\\\/\\\/jornaldasoficinas.com\\\/pt\\\/espanha-investe-13-mil-milhoes-na-mobilidade-eletrica-em-2026\\\/\"]}]},{\"@type\":\"ImageObject\",\"inLanguage\":\"pt-PT\",\"@id\":\"https:\\\/\\\/jornaldasoficinas.com\\\/pt\\\/espanha-investe-13-mil-milhoes-na-mobilidade-eletrica-em-2026\\\/#primaryimage\",\"url\":\"https:\\\/\\\/jornaldasoficinas.com\\\/pt\\\/wp-content\\\/uploads\\\/2026\\\/01\\\/Espanha-investe-13-mil-milhoes-na-mobilidade-eletrica-em-2026.jpg\",\"contentUrl\":\"https:\\\/\\\/jornaldasoficinas.com\\\/pt\\\/wp-content\\\/uploads\\\/2026\\\/01\\\/Espanha-investe-13-mil-milhoes-na-mobilidade-eletrica-em-2026.jpg\",\"width\":1024,\"height\":581,\"caption\":\"01 - Espanha investe 13 mil milhoes na mobilidade eletrica em 2026\"},{\"@type\":\"BreadcrumbList\",\"@id\":\"https:\\\/\\\/jornaldasoficinas.com\\\/pt\\\/espanha-investe-13-mil-milhoes-na-mobilidade-eletrica-em-2026\\\/#breadcrumb\",\"itemListElement\":[{\"@type\":\"ListItem\",\"position\":1,\"name\":\"In\u00edcio\",\"item\":\"https:\\\/\\\/jornaldasoficinas.com\\\/pt\\\/\"},{\"@type\":\"ListItem\",\"position\":2,\"name\":\"Espanha ir\u00e1 investir 1,3 mil milh\u00f5es na mobilidade el\u00e9trica em 2026\"}]},{\"@type\":\"WebSite\",\"@id\":\"https:\\\/\\\/jornaldasoficinas.com\\\/pt\\\/#website\",\"url\":\"https:\\\/\\\/jornaldasoficinas.com\\\/pt\\\/\",\"name\":\"Jornal das Oficinas\",\"description\":\"Jornal independente do Aftermarket Autom\u00f3vel em Portugal\",\"publisher\":{\"@id\":\"https:\\\/\\\/jornaldasoficinas.com\\\/pt\\\/#organization\"},\"potentialAction\":[{\"@type\":\"SearchAction\",\"target\":{\"@type\":\"EntryPoint\",\"urlTemplate\":\"https:\\\/\\\/jornaldasoficinas.com\\\/pt\\\/?s={search_term_string}\"},\"query-input\":{\"@type\":\"PropertyValueSpecification\",\"valueRequired\":true,\"valueName\":\"search_term_string\"}}],\"inLanguage\":\"pt-PT\"},{\"@type\":\"Organization\",\"@id\":\"https:\\\/\\\/jornaldasoficinas.com\\\/pt\\\/#organization\",\"name\":\"Jornal das Oficinas\",\"url\":\"https:\\\/\\\/jornaldasoficinas.com\\\/pt\\\/\",\"logo\":{\"@type\":\"ImageObject\",\"inLanguage\":\"pt-PT\",\"@id\":\"https:\\\/\\\/jornaldasoficinas.com\\\/pt\\\/#\\\/schema\\\/logo\\\/image\\\/\",\"url\":\"https:\\\/\\\/jornaldasoficinas.com\\\/pt\\\/wp-content\\\/uploads\\\/logoJO-SEO.png\",\"contentUrl\":\"https:\\\/\\\/jornaldasoficinas.com\\\/pt\\\/wp-content\\\/uploads\\\/logoJO-SEO.png\",\"width\":285,\"height\":450,\"caption\":\"Jornal das Oficinas\"},\"image\":{\"@id\":\"https:\\\/\\\/jornaldasoficinas.com\\\/pt\\\/#\\\/schema\\\/logo\\\/image\\\/\"},\"sameAs\":[\"https:\\\/\\\/www.facebook.com\\\/jornaloficinas\",\"https:\\\/\\\/x.com\\\/jornaloficinas\",\"https:\\\/\\\/www.instagram.com\\\/jornal_oficinas\\\/\",\"https:\\\/\\\/www.linkedin.com\\\/company\\\/jornal-das-oficinas\\\/\",\"https:\\\/\\\/www.youtube.com\\\/channel\\\/UCbQZBqtcvV-oSQrr7RzINGg\"]},{\"@type\":\"Person\",\"@id\":\"https:\\\/\\\/jornaldasoficinas.com\\\/pt\\\/#\\\/schema\\\/person\\\/a38eef5de2c41d9e7c9ac10141afddf3\",\"name\":\"Reda\u00e7\u00e3o JO\",\"image\":{\"@type\":\"ImageObject\",\"inLanguage\":\"pt-PT\",\"@id\":\"https:\\\/\\\/secure.gravatar.com\\\/avatar\\\/71f2fa71737ad68a84fea94bc708ddac8ea5b0c4788dc2ad202f3ccb2887742f?s=96&d=wp_user_avatar&r=g\",\"url\":\"https:\\\/\\\/secure.gravatar.com\\\/avatar\\\/71f2fa71737ad68a84fea94bc708ddac8ea5b0c4788dc2ad202f3ccb2887742f?s=96&d=wp_user_avatar&r=g\",\"contentUrl\":\"https:\\\/\\\/secure.gravatar.com\\\/avatar\\\/71f2fa71737ad68a84fea94bc708ddac8ea5b0c4788dc2ad202f3ccb2887742f?s=96&d=wp_user_avatar&r=g\",\"caption\":\"Reda\u00e7\u00e3o JO\"},\"url\":\"https:\\\/\\\/jornaldasoficinas.com\\\/pt\\\/author\\\/joredacao\\\/\"}]}<\/script>\n<!-- \/ Yoast SEO plugin. -->","yoast_head_json":{"title":"Espanha ir\u00e1 investir 1,3 mil milh\u00f5es na mobilidade el\u00e9trica em 2026 - Jornal das Oficinas","description":"O Governo espanhol vai destinar cerca de 1,3 mil milh\u00f5es de euros ao mercado e \u00e0 ind\u00fastria de ve\u00edculos el\u00e9tricos em 2026","robots":{"index":"index","follow":"follow","max-snippet":"max-snippet:-1","max-image-preview":"max-image-preview:large","max-video-preview":"max-video-preview:-1"},"canonical":"https:\/\/jornaldasoficinas.com\/pt\/espanha-investe-13-mil-milhoes-na-mobilidade-eletrica-em-2026\/","og_locale":"pt_PT","og_type":"article","og_title":"Espanha ir\u00e1 investir 1,3 mil milh\u00f5es na mobilidade el\u00e9trica em 2026 - Jornal das Oficinas","og_description":"O Governo espanhol vai destinar cerca de 1,3 mil milh\u00f5es de euros ao mercado e \u00e0 ind\u00fastria de ve\u00edculos el\u00e9tricos em 2026","og_url":"https:\/\/jornaldasoficinas.com\/pt\/espanha-investe-13-mil-milhoes-na-mobilidade-eletrica-em-2026\/","og_site_name":"Jornal das Oficinas","article_publisher":"https:\/\/www.facebook.com\/jornaloficinas","article_published_time":"2026-01-08T18:00:57+00:00","og_image":[{"width":1024,"height":581,"url":"https:\/\/jornaldasoficinas.com\/pt\/wp-content\/uploads\/2026\/01\/Espanha-investe-13-mil-milhoes-na-mobilidade-eletrica-em-2026.jpg","type":"image\/jpeg"}],"author":"Reda\u00e7\u00e3o JO","twitter_card":"summary_large_image","twitter_creator":"@jornaloficinas","twitter_site":"@jornaloficinas","twitter_misc":{"Escrito por":"Reda\u00e7\u00e3o JO","Tempo estimado de leitura":"3 minutos"},"schema":{"@context":"https:\/\/schema.org","@graph":[{"@type":"Article","@id":"https:\/\/jornaldasoficinas.com\/pt\/espanha-investe-13-mil-milhoes-na-mobilidade-eletrica-em-2026\/#article","isPartOf":{"@id":"https:\/\/jornaldasoficinas.com\/pt\/espanha-investe-13-mil-milhoes-na-mobilidade-eletrica-em-2026\/"},"author":{"name":"Reda\u00e7\u00e3o JO","@id":"https:\/\/jornaldasoficinas.com\/pt\/#\/schema\/person\/a38eef5de2c41d9e7c9ac10141afddf3"},"headline":"Espanha ir\u00e1 investir 1,3 mil milh\u00f5es na mobilidade el\u00e9trica em 2026","datePublished":"2026-01-08T18:00:57+00:00","mainEntityOfPage":{"@id":"https:\/\/jornaldasoficinas.com\/pt\/espanha-investe-13-mil-milhoes-na-mobilidade-eletrica-em-2026\/"},"wordCount":427,"publisher":{"@id":"https:\/\/jornaldasoficinas.com\/pt\/#organization"},"image":{"@id":"https:\/\/jornaldasoficinas.com\/pt\/espanha-investe-13-mil-milhoes-na-mobilidade-eletrica-em-2026\/#primaryimage"},"thumbnailUrl":"https:\/\/jornaldasoficinas.com\/pt\/wp-content\/uploads\/2026\/01\/Espanha-investe-13-mil-milhoes-na-mobilidade-eletrica-em-2026.jpg","keywords":["Governo Espanhol","h\u00edbridos plug-in","Investimento","Mobilidade el\u00e9trica","Uni\u00e3o Europeia","Ve\u00edculos el\u00e9tricos"],"articleSection":["Mercado"],"inLanguage":"pt-PT"},{"@type":"WebPage","@id":"https:\/\/jornaldasoficinas.com\/pt\/espanha-investe-13-mil-milhoes-na-mobilidade-eletrica-em-2026\/","url":"https:\/\/jornaldasoficinas.com\/pt\/espanha-investe-13-mil-milhoes-na-mobilidade-eletrica-em-2026\/","name":"Espanha ir\u00e1 investir 1,3 mil milh\u00f5es na mobilidade el\u00e9trica em 2026 - Jornal das Oficinas","isPartOf":{"@id":"https:\/\/jornaldasoficinas.com\/pt\/#website"},"primaryImageOfPage":{"@id":"https:\/\/jornaldasoficinas.com\/pt\/espanha-investe-13-mil-milhoes-na-mobilidade-eletrica-em-2026\/#primaryimage"},"image":{"@id":"https:\/\/jornaldasoficinas.com\/pt\/espanha-investe-13-mil-milhoes-na-mobilidade-eletrica-em-2026\/#primaryimage"},"thumbnailUrl":"https:\/\/jornaldasoficinas.com\/pt\/wp-content\/uploads\/2026\/01\/Espanha-investe-13-mil-milhoes-na-mobilidade-eletrica-em-2026.jpg","datePublished":"2026-01-08T18:00:57+00:00","description":"O Governo espanhol vai destinar cerca de 1,3 mil milh\u00f5es de euros ao mercado e \u00e0 ind\u00fastria de ve\u00edculos el\u00e9tricos em 2026","breadcrumb":{"@id":"https:\/\/jornaldasoficinas.com\/pt\/espanha-investe-13-mil-milhoes-na-mobilidade-eletrica-em-2026\/#breadcrumb"},"inLanguage":"pt-PT","potentialAction":[{"@type":"ReadAction","target":["https:\/\/jornaldasoficinas.com\/pt\/espanha-investe-13-mil-milhoes-na-mobilidade-eletrica-em-2026\/"]}]},{"@type":"ImageObject","inLanguage":"pt-PT","@id":"https:\/\/jornaldasoficinas.com\/pt\/espanha-investe-13-mil-milhoes-na-mobilidade-eletrica-em-2026\/#primaryimage","url":"https:\/\/jornaldasoficinas.com\/pt\/wp-content\/uploads\/2026\/01\/Espanha-investe-13-mil-milhoes-na-mobilidade-eletrica-em-2026.jpg","contentUrl":"https:\/\/jornaldasoficinas.com\/pt\/wp-content\/uploads\/2026\/01\/Espanha-investe-13-mil-milhoes-na-mobilidade-eletrica-em-2026.jpg","width":1024,"height":581,"caption":"01 - Espanha investe 13 mil milhoes na mobilidade eletrica em 2026"},{"@type":"BreadcrumbList","@id":"https:\/\/jornaldasoficinas.com\/pt\/espanha-investe-13-mil-milhoes-na-mobilidade-eletrica-em-2026\/#breadcrumb","itemListElement":[{"@type":"ListItem","position":1,"name":"In\u00edcio","item":"https:\/\/jornaldasoficinas.com\/pt\/"},{"@type":"ListItem","position":2,"name":"Espanha ir\u00e1 investir 1,3 mil milh\u00f5es na mobilidade el\u00e9trica em 2026"}]},{"@type":"WebSite","@id":"https:\/\/jornaldasoficinas.com\/pt\/#website","url":"https:\/\/jornaldasoficinas.com\/pt\/","name":"Jornal das Oficinas","description":"Jornal independente do Aftermarket Autom\u00f3vel em Portugal","publisher":{"@id":"https:\/\/jornaldasoficinas.com\/pt\/#organization"},"potentialAction":[{"@type":"SearchAction","target":{"@type":"EntryPoint","urlTemplate":"https:\/\/jornaldasoficinas.com\/pt\/?s={search_term_string}"},"query-input":{"@type":"PropertyValueSpecification","valueRequired":true,"valueName":"search_term_string"}}],"inLanguage":"pt-PT"},{"@type":"Organization","@id":"https:\/\/jornaldasoficinas.com\/pt\/#organization","name":"Jornal das Oficinas","url":"https:\/\/jornaldasoficinas.com\/pt\/","logo":{"@type":"ImageObject","inLanguage":"pt-PT","@id":"https:\/\/jornaldasoficinas.com\/pt\/#\/schema\/logo\/image\/","url":"https:\/\/jornaldasoficinas.com\/pt\/wp-content\/uploads\/logoJO-SEO.png","contentUrl":"https:\/\/jornaldasoficinas.com\/pt\/wp-content\/uploads\/logoJO-SEO.png","width":285,"height":450,"caption":"Jornal das Oficinas"},"image":{"@id":"https:\/\/jornaldasoficinas.com\/pt\/#\/schema\/logo\/image\/"},"sameAs":["https:\/\/www.facebook.com\/jornaloficinas","https:\/\/x.com\/jornaloficinas","https:\/\/www.instagram.com\/jornal_oficinas\/","https:\/\/www.linkedin.com\/company\/jornal-das-oficinas\/","https:\/\/www.youtube.com\/channel\/UCbQZBqtcvV-oSQrr7RzINGg"]},{"@type":"Person","@id":"https:\/\/jornaldasoficinas.com\/pt\/#\/schema\/person\/a38eef5de2c41d9e7c9ac10141afddf3","name":"Reda\u00e7\u00e3o JO","image":{"@type":"ImageObject","inLanguage":"pt-PT","@id":"https:\/\/secure.gravatar.com\/avatar\/71f2fa71737ad68a84fea94bc708ddac8ea5b0c4788dc2ad202f3ccb2887742f?s=96&d=wp_user_avatar&r=g","url":"https:\/\/secure.gravatar.com\/avatar\/71f2fa71737ad68a84fea94bc708ddac8ea5b0c4788dc2ad202f3ccb2887742f?s=96&d=wp_user_avatar&r=g","contentUrl":"https:\/\/secure.gravatar.com\/avatar\/71f2fa71737ad68a84fea94bc708ddac8ea5b0c4788dc2ad202f3ccb2887742f?s=96&d=wp_user_avatar&r=g","caption":"Reda\u00e7\u00e3o JO"},"url":"https:\/\/jornaldasoficinas.com\/pt\/author\/joredacao\/"}]}},"_links":{"self":[{"href":"https:\/\/jornaldasoficinas.com\/pt\/wp-json\/wp\/v2\/posts\/111547","targetHints":{"allow":["GET"]}}],"collection":[{"href":"https:\/\/jornaldasoficinas.com\/pt\/wp-json\/wp\/v2\/posts"}],"about":[{"href":"https:\/\/jornaldasoficinas.com\/pt\/wp-json\/wp\/v2\/types\/post"}],"author":[{"embeddable":true,"href":"https:\/\/jornaldasoficinas.com\/pt\/wp-json\/wp\/v2\/users\/15"}],"replies":[{"embeddable":true,"href":"https:\/\/jornaldasoficinas.com\/pt\/wp-json\/wp\/v2\/comments?post=111547"}],"version-history":[{"count":6,"href":"https:\/\/jornaldasoficinas.com\/pt\/wp-json\/wp\/v2\/posts\/111547\/revisions"}],"predecessor-version":[{"id":111554,"href":"https:\/\/jornaldasoficinas.com\/pt\/wp-json\/wp\/v2\/posts\/111547\/revisions\/111554"}],"wp:featuredmedia":[{"embeddable":true,"href":"https:\/\/jornaldasoficinas.com\/pt\/wp-json\/wp\/v2\/media\/111551"}],"wp:attachment":[{"href":"https:\/\/jornaldasoficinas.com\/pt\/wp-json\/wp\/v2\/media?parent=111547"}],"wp:term":[{"taxonomy":"category","embeddable":true,"href":"https:\/\/jornaldasoficinas.com\/pt\/wp-json\/wp\/v2\/categories?post=111547"},{"taxonomy":"post_tag","embeddable":true,"href":"https:\/\/jornaldasoficinas.com\/pt\/wp-json\/wp\/v2\/tags?post=111547"}],"curies":[{"name":"wp","href":"https:\/\/api.w.org\/{rel}","templated":true}]}}