{"id":111656,"date":"2026-01-13T08:00:56","date_gmt":"2026-01-13T08:00:56","guid":{"rendered":"https:\/\/jornaldasoficinas.com\/pt\/?p=111656"},"modified":"2026-01-12T14:38:15","modified_gmt":"2026-01-12T14:38:15","slug":"aag-iberia-reforca-compromisso-com-as-oficinas-em-2026","status":"publish","type":"post","link":"https:\/\/jornaldasoficinas.com\/pt\/aag-iberia-reforca-compromisso-com-as-oficinas-em-2026\/","title":{"rendered":"AAG Iberia define prioridades para 2026"},"content":{"rendered":"<p><img loading=\"lazy\" decoding=\"async\" class=\"size-full wp-image-111670\" src=\"https:\/\/jornaldasoficinas.com\/pt\/wp-content\/uploads\/2026\/01\/AAG-Iberia-define-prioridades-para-2026.jpg\" alt=\"01 - AAG Iberia define prioridades para 2026\" width=\"1024\" height=\"581\" srcset=\"https:\/\/jornaldasoficinas.com\/pt\/wp-content\/uploads\/2026\/01\/AAG-Iberia-define-prioridades-para-2026.jpg 1024w, https:\/\/jornaldasoficinas.com\/pt\/wp-content\/uploads\/2026\/01\/AAG-Iberia-define-prioridades-para-2026-300x170.jpg 300w, https:\/\/jornaldasoficinas.com\/pt\/wp-content\/uploads\/2026\/01\/AAG-Iberia-define-prioridades-para-2026-150x85.jpg 150w, https:\/\/jornaldasoficinas.com\/pt\/wp-content\/uploads\/2026\/01\/AAG-Iberia-define-prioridades-para-2026-768x436.jpg 768w\" sizes=\"auto, (max-width: 1024px) 100vw, 1024px\" \/><\/p>\n<p><strong>A <a href=\"https:\/\/allianceautomotivegroup.eu\/\" target=\"_blank\" rel=\"noopener\">Alliance Automotive Group Iberia<\/a> prepara 2026 com uma estrat\u00e9gia centrada na efici\u00eancia operacional, na digitaliza\u00e7\u00e3o e no apoio \u00e0s oficinas, num contexto de transforma\u00e7\u00e3o do mercado de reposi\u00e7\u00e3o autom\u00f3vel na Pen\u00ednsula Ib\u00e9rica<\/strong><\/p>\n<p>O grupo entra no novo ano com o objetivo de consolidar a sua posi\u00e7\u00e3o no mercado ib\u00e9rico de pe\u00e7as de substitui\u00e7\u00e3o, apostando na otimiza\u00e7\u00e3o da sua rede e na melhoria dos processos internos, num setor marcado por maiores exig\u00eancias ao n\u00edvel da rapidez de resposta, da disponibilidade de produto e da qualidade do servi\u00e7o prestado \u00e0s oficinas.<\/p>\n<p>Entre as linhas de atua\u00e7\u00e3o previstas para 2026 est\u00e1 o refor\u00e7o da efici\u00eancia log\u00edstica, atrav\u00e9s da digitaliza\u00e7\u00e3o de processos e de uma gest\u00e3o de stocks mais ajustada \u00e0 evolu\u00e7\u00e3o da procura. Estas medidas procuram reduzir prazos de entrega e aumentar a capacidade de resposta num mercado cada vez mais competitivo e sujeito a mudan\u00e7as r\u00e1pidas.<\/p>\n<p>A digitaliza\u00e7\u00e3o surge tamb\u00e9m como um instrumento de apoio \u00e0 rela\u00e7\u00e3o com as oficinas, com o desenvolvimento de ferramentas orientadas para a gest\u00e3o do neg\u00f3cio e para a melhoria da experi\u00eancia do cliente profissional. A utiliza\u00e7\u00e3o de dados e solu\u00e7\u00f5es tecnol\u00f3gicas \u00e9 apontada como um fator relevante para ajudar as oficinas a adaptarem-se \u00e0s novas exig\u00eancias do setor.<\/p>\n<p>Paralelamente, o grupo prev\u00ea manter a aposta na forma\u00e7\u00e3o t\u00e9cnica e comercial, tendo em conta a coexist\u00eancia de ve\u00edculos com motor de combust\u00e3o, h\u00edbridos e el\u00e9tricos. A atualiza\u00e7\u00e3o de compet\u00eancias e da oferta de produtos \u00e9 vista como essencial para acompanhar a evolu\u00e7\u00e3o do parque autom\u00f3vel e as necessidades das oficinas.<\/p>\n<p>A sustentabilidade integra igualmente a abordagem definida para 2026, atrav\u00e9s de iniciativas relacionadas com a otimiza\u00e7\u00e3o das opera\u00e7\u00f5es log\u00edsticas, a redu\u00e7\u00e3o do impacto ambiental e a colabora\u00e7\u00e3o com fornecedores alinhados com pr\u00e1ticas de crescimento respons\u00e1vel.<\/p>\n<p>Com este enquadramento, a Alliance Automotive Group Iberia encara 2026 com foco na efici\u00eancia, na adapta\u00e7\u00e3o \u00e0s mudan\u00e7as do mercado e no apoio continuado \u00e0s oficinas do aftermarket autom\u00f3vel.<\/p>\n","protected":false},"excerpt":{"rendered":"<p>A Alliance Automotive Group Iberia prepara&#8230;<\/p>\n","protected":false},"author":15,"featured_media":111670,"comment_status":"closed","ping_status":"closed","sticky":false,"template":"","format":"standard","meta":{"footnotes":""},"categories":[29],"tags":[8405,336,7994,2975,386],"class_list":["post-111656","post","type-post","status-publish","format-standard","has-post-thumbnail","hentry","category-empresas","tag-alliance-automotive-group-iberia","tag-digitalizacao","tag-eficiencia-operacional","tag-mercado-iberico","tag-oficinas"],"yoast_head":"<!-- This site is optimized with the Yoast SEO plugin v27.5 - https:\/\/yoast.com\/product\/yoast-seo-wordpress\/ -->\n<title>AAG Iberia define prioridades para 2026 - Jornal das Oficinas<\/title>\n<meta name=\"description\" content=\"A AAG Iberia prepara 2026 com uma estrat\u00e9gia centrada na efici\u00eancia operacional, na digitaliza\u00e7\u00e3o e no apoio \u00e0s oficinas\" \/>\n<meta name=\"robots\" content=\"index, follow, max-snippet:-1, max-image-preview:large, max-video-preview:-1\" \/>\n<link rel=\"canonical\" href=\"https:\/\/jornaldasoficinas.com\/pt\/aag-iberia-reforca-compromisso-com-as-oficinas-em-2026\/\" \/>\n<meta property=\"og:locale\" content=\"pt_PT\" \/>\n<meta property=\"og:type\" content=\"article\" \/>\n<meta property=\"og:title\" content=\"AAG Iberia define prioridades para 2026 - Jornal das Oficinas\" \/>\n<meta property=\"og:description\" content=\"A AAG Iberia prepara 2026 com uma estrat\u00e9gia centrada na efici\u00eancia operacional, na digitaliza\u00e7\u00e3o e no apoio \u00e0s oficinas\" \/>\n<meta property=\"og:url\" content=\"https:\/\/jornaldasoficinas.com\/pt\/aag-iberia-reforca-compromisso-com-as-oficinas-em-2026\/\" \/>\n<meta property=\"og:site_name\" content=\"Jornal das Oficinas\" \/>\n<meta property=\"article:publisher\" content=\"https:\/\/www.facebook.com\/jornaloficinas\" \/>\n<meta property=\"article:published_time\" content=\"2026-01-13T08:00:56+00:00\" \/>\n<meta property=\"og:image\" content=\"https:\/\/jornaldasoficinas.com\/pt\/wp-content\/uploads\/2026\/01\/AAG-Iberia-define-prioridades-para-2026.jpg\" \/>\n\t<meta property=\"og:image:width\" content=\"1024\" \/>\n\t<meta property=\"og:image:height\" content=\"581\" \/>\n\t<meta property=\"og:image:type\" content=\"image\/jpeg\" \/>\n<meta name=\"author\" content=\"Reda\u00e7\u00e3o JO\" \/>\n<meta name=\"twitter:card\" content=\"summary_large_image\" \/>\n<meta name=\"twitter:creator\" content=\"@jornaloficinas\" \/>\n<meta name=\"twitter:site\" content=\"@jornaloficinas\" \/>\n<meta name=\"twitter:label1\" content=\"Escrito por\" \/>\n\t<meta name=\"twitter:data1\" content=\"Reda\u00e7\u00e3o JO\" \/>\n\t<meta name=\"twitter:label2\" content=\"Tempo estimado de leitura\" \/>\n\t<meta name=\"twitter:data2\" content=\"2 minutos\" \/>\n<script type=\"application\/ld+json\" class=\"yoast-schema-graph\">{\"@context\":\"https:\\\/\\\/schema.org\",\"@graph\":[{\"@type\":\"Article\",\"@id\":\"https:\\\/\\\/jornaldasoficinas.com\\\/pt\\\/aag-iberia-reforca-compromisso-com-as-oficinas-em-2026\\\/#article\",\"isPartOf\":{\"@id\":\"https:\\\/\\\/jornaldasoficinas.com\\\/pt\\\/aag-iberia-reforca-compromisso-com-as-oficinas-em-2026\\\/\"},\"author\":{\"name\":\"Reda\u00e7\u00e3o JO\",\"@id\":\"https:\\\/\\\/jornaldasoficinas.com\\\/pt\\\/#\\\/schema\\\/person\\\/a38eef5de2c41d9e7c9ac10141afddf3\"},\"headline\":\"AAG Iberia define prioridades para 2026\",\"datePublished\":\"2026-01-13T08:00:56+00:00\",\"mainEntityOfPage\":{\"@id\":\"https:\\\/\\\/jornaldasoficinas.com\\\/pt\\\/aag-iberia-reforca-compromisso-com-as-oficinas-em-2026\\\/\"},\"wordCount\":374,\"publisher\":{\"@id\":\"https:\\\/\\\/jornaldasoficinas.com\\\/pt\\\/#organization\"},\"image\":{\"@id\":\"https:\\\/\\\/jornaldasoficinas.com\\\/pt\\\/aag-iberia-reforca-compromisso-com-as-oficinas-em-2026\\\/#primaryimage\"},\"thumbnailUrl\":\"https:\\\/\\\/jornaldasoficinas.com\\\/pt\\\/wp-content\\\/uploads\\\/2026\\\/01\\\/AAG-Iberia-define-prioridades-para-2026.jpg\",\"keywords\":[\"Alliance Automotive Group Iberia\",\"Digitaliza\u00e7\u00e3o\",\"efici\u00eancia operacional\",\"mercado iberico\",\"Oficinas\"],\"articleSection\":[\"Empresas\"],\"inLanguage\":\"pt-PT\"},{\"@type\":\"WebPage\",\"@id\":\"https:\\\/\\\/jornaldasoficinas.com\\\/pt\\\/aag-iberia-reforca-compromisso-com-as-oficinas-em-2026\\\/\",\"url\":\"https:\\\/\\\/jornaldasoficinas.com\\\/pt\\\/aag-iberia-reforca-compromisso-com-as-oficinas-em-2026\\\/\",\"name\":\"AAG Iberia define prioridades para 2026 - Jornal das Oficinas\",\"isPartOf\":{\"@id\":\"https:\\\/\\\/jornaldasoficinas.com\\\/pt\\\/#website\"},\"primaryImageOfPage\":{\"@id\":\"https:\\\/\\\/jornaldasoficinas.com\\\/pt\\\/aag-iberia-reforca-compromisso-com-as-oficinas-em-2026\\\/#primaryimage\"},\"image\":{\"@id\":\"https:\\\/\\\/jornaldasoficinas.com\\\/pt\\\/aag-iberia-reforca-compromisso-com-as-oficinas-em-2026\\\/#primaryimage\"},\"thumbnailUrl\":\"https:\\\/\\\/jornaldasoficinas.com\\\/pt\\\/wp-content\\\/uploads\\\/2026\\\/01\\\/AAG-Iberia-define-prioridades-para-2026.jpg\",\"datePublished\":\"2026-01-13T08:00:56+00:00\",\"description\":\"A AAG Iberia prepara 2026 com uma estrat\u00e9gia centrada na efici\u00eancia operacional, na digitaliza\u00e7\u00e3o e no apoio \u00e0s oficinas\",\"breadcrumb\":{\"@id\":\"https:\\\/\\\/jornaldasoficinas.com\\\/pt\\\/aag-iberia-reforca-compromisso-com-as-oficinas-em-2026\\\/#breadcrumb\"},\"inLanguage\":\"pt-PT\",\"potentialAction\":[{\"@type\":\"ReadAction\",\"target\":[\"https:\\\/\\\/jornaldasoficinas.com\\\/pt\\\/aag-iberia-reforca-compromisso-com-as-oficinas-em-2026\\\/\"]}]},{\"@type\":\"ImageObject\",\"inLanguage\":\"pt-PT\",\"@id\":\"https:\\\/\\\/jornaldasoficinas.com\\\/pt\\\/aag-iberia-reforca-compromisso-com-as-oficinas-em-2026\\\/#primaryimage\",\"url\":\"https:\\\/\\\/jornaldasoficinas.com\\\/pt\\\/wp-content\\\/uploads\\\/2026\\\/01\\\/AAG-Iberia-define-prioridades-para-2026.jpg\",\"contentUrl\":\"https:\\\/\\\/jornaldasoficinas.com\\\/pt\\\/wp-content\\\/uploads\\\/2026\\\/01\\\/AAG-Iberia-define-prioridades-para-2026.jpg\",\"width\":1024,\"height\":581,\"caption\":\"producionesalcobendas@hotmail.com\"},{\"@type\":\"BreadcrumbList\",\"@id\":\"https:\\\/\\\/jornaldasoficinas.com\\\/pt\\\/aag-iberia-reforca-compromisso-com-as-oficinas-em-2026\\\/#breadcrumb\",\"itemListElement\":[{\"@type\":\"ListItem\",\"position\":1,\"name\":\"In\u00edcio\",\"item\":\"https:\\\/\\\/jornaldasoficinas.com\\\/pt\\\/\"},{\"@type\":\"ListItem\",\"position\":2,\"name\":\"AAG Iberia define prioridades para 2026\"}]},{\"@type\":\"WebSite\",\"@id\":\"https:\\\/\\\/jornaldasoficinas.com\\\/pt\\\/#website\",\"url\":\"https:\\\/\\\/jornaldasoficinas.com\\\/pt\\\/\",\"name\":\"Jornal das Oficinas\",\"description\":\"Jornal independente do Aftermarket Autom\u00f3vel em Portugal\",\"publisher\":{\"@id\":\"https:\\\/\\\/jornaldasoficinas.com\\\/pt\\\/#organization\"},\"potentialAction\":[{\"@type\":\"SearchAction\",\"target\":{\"@type\":\"EntryPoint\",\"urlTemplate\":\"https:\\\/\\\/jornaldasoficinas.com\\\/pt\\\/?s={search_term_string}\"},\"query-input\":{\"@type\":\"PropertyValueSpecification\",\"valueRequired\":true,\"valueName\":\"search_term_string\"}}],\"inLanguage\":\"pt-PT\"},{\"@type\":\"Organization\",\"@id\":\"https:\\\/\\\/jornaldasoficinas.com\\\/pt\\\/#organization\",\"name\":\"Jornal das Oficinas\",\"url\":\"https:\\\/\\\/jornaldasoficinas.com\\\/pt\\\/\",\"logo\":{\"@type\":\"ImageObject\",\"inLanguage\":\"pt-PT\",\"@id\":\"https:\\\/\\\/jornaldasoficinas.com\\\/pt\\\/#\\\/schema\\\/logo\\\/image\\\/\",\"url\":\"https:\\\/\\\/jornaldasoficinas.com\\\/pt\\\/wp-content\\\/uploads\\\/logoJO-SEO.png\",\"contentUrl\":\"https:\\\/\\\/jornaldasoficinas.com\\\/pt\\\/wp-content\\\/uploads\\\/logoJO-SEO.png\",\"width\":285,\"height\":450,\"caption\":\"Jornal das Oficinas\"},\"image\":{\"@id\":\"https:\\\/\\\/jornaldasoficinas.com\\\/pt\\\/#\\\/schema\\\/logo\\\/image\\\/\"},\"sameAs\":[\"https:\\\/\\\/www.facebook.com\\\/jornaloficinas\",\"https:\\\/\\\/x.com\\\/jornaloficinas\",\"https:\\\/\\\/www.instagram.com\\\/jornal_oficinas\\\/\",\"https:\\\/\\\/www.linkedin.com\\\/company\\\/jornal-das-oficinas\\\/\",\"https:\\\/\\\/www.youtube.com\\\/channel\\\/UCbQZBqtcvV-oSQrr7RzINGg\"]},{\"@type\":\"Person\",\"@id\":\"https:\\\/\\\/jornaldasoficinas.com\\\/pt\\\/#\\\/schema\\\/person\\\/a38eef5de2c41d9e7c9ac10141afddf3\",\"name\":\"Reda\u00e7\u00e3o JO\",\"image\":{\"@type\":\"ImageObject\",\"inLanguage\":\"pt-PT\",\"@id\":\"https:\\\/\\\/secure.gravatar.com\\\/avatar\\\/71f2fa71737ad68a84fea94bc708ddac8ea5b0c4788dc2ad202f3ccb2887742f?s=96&d=wp_user_avatar&r=g\",\"url\":\"https:\\\/\\\/secure.gravatar.com\\\/avatar\\\/71f2fa71737ad68a84fea94bc708ddac8ea5b0c4788dc2ad202f3ccb2887742f?s=96&d=wp_user_avatar&r=g\",\"contentUrl\":\"https:\\\/\\\/secure.gravatar.com\\\/avatar\\\/71f2fa71737ad68a84fea94bc708ddac8ea5b0c4788dc2ad202f3ccb2887742f?s=96&d=wp_user_avatar&r=g\",\"caption\":\"Reda\u00e7\u00e3o JO\"},\"url\":\"https:\\\/\\\/jornaldasoficinas.com\\\/pt\\\/author\\\/joredacao\\\/\"}]}<\/script>\n<!-- \/ Yoast SEO plugin. -->","yoast_head_json":{"title":"AAG Iberia define prioridades para 2026 - Jornal das Oficinas","description":"A AAG Iberia prepara 2026 com uma estrat\u00e9gia centrada na efici\u00eancia operacional, na digitaliza\u00e7\u00e3o e no apoio \u00e0s oficinas","robots":{"index":"index","follow":"follow","max-snippet":"max-snippet:-1","max-image-preview":"max-image-preview:large","max-video-preview":"max-video-preview:-1"},"canonical":"https:\/\/jornaldasoficinas.com\/pt\/aag-iberia-reforca-compromisso-com-as-oficinas-em-2026\/","og_locale":"pt_PT","og_type":"article","og_title":"AAG Iberia define prioridades para 2026 - Jornal das Oficinas","og_description":"A AAG Iberia prepara 2026 com uma estrat\u00e9gia centrada na efici\u00eancia operacional, na digitaliza\u00e7\u00e3o e no apoio \u00e0s oficinas","og_url":"https:\/\/jornaldasoficinas.com\/pt\/aag-iberia-reforca-compromisso-com-as-oficinas-em-2026\/","og_site_name":"Jornal das Oficinas","article_publisher":"https:\/\/www.facebook.com\/jornaloficinas","article_published_time":"2026-01-13T08:00:56+00:00","og_image":[{"width":1024,"height":581,"url":"https:\/\/jornaldasoficinas.com\/pt\/wp-content\/uploads\/2026\/01\/AAG-Iberia-define-prioridades-para-2026.jpg","type":"image\/jpeg"}],"author":"Reda\u00e7\u00e3o JO","twitter_card":"summary_large_image","twitter_creator":"@jornaloficinas","twitter_site":"@jornaloficinas","twitter_misc":{"Escrito por":"Reda\u00e7\u00e3o JO","Tempo estimado de leitura":"2 minutos"},"schema":{"@context":"https:\/\/schema.org","@graph":[{"@type":"Article","@id":"https:\/\/jornaldasoficinas.com\/pt\/aag-iberia-reforca-compromisso-com-as-oficinas-em-2026\/#article","isPartOf":{"@id":"https:\/\/jornaldasoficinas.com\/pt\/aag-iberia-reforca-compromisso-com-as-oficinas-em-2026\/"},"author":{"name":"Reda\u00e7\u00e3o JO","@id":"https:\/\/jornaldasoficinas.com\/pt\/#\/schema\/person\/a38eef5de2c41d9e7c9ac10141afddf3"},"headline":"AAG Iberia define prioridades para 2026","datePublished":"2026-01-13T08:00:56+00:00","mainEntityOfPage":{"@id":"https:\/\/jornaldasoficinas.com\/pt\/aag-iberia-reforca-compromisso-com-as-oficinas-em-2026\/"},"wordCount":374,"publisher":{"@id":"https:\/\/jornaldasoficinas.com\/pt\/#organization"},"image":{"@id":"https:\/\/jornaldasoficinas.com\/pt\/aag-iberia-reforca-compromisso-com-as-oficinas-em-2026\/#primaryimage"},"thumbnailUrl":"https:\/\/jornaldasoficinas.com\/pt\/wp-content\/uploads\/2026\/01\/AAG-Iberia-define-prioridades-para-2026.jpg","keywords":["Alliance Automotive Group Iberia","Digitaliza\u00e7\u00e3o","efici\u00eancia operacional","mercado iberico","Oficinas"],"articleSection":["Empresas"],"inLanguage":"pt-PT"},{"@type":"WebPage","@id":"https:\/\/jornaldasoficinas.com\/pt\/aag-iberia-reforca-compromisso-com-as-oficinas-em-2026\/","url":"https:\/\/jornaldasoficinas.com\/pt\/aag-iberia-reforca-compromisso-com-as-oficinas-em-2026\/","name":"AAG Iberia define prioridades para 2026 - Jornal das Oficinas","isPartOf":{"@id":"https:\/\/jornaldasoficinas.com\/pt\/#website"},"primaryImageOfPage":{"@id":"https:\/\/jornaldasoficinas.com\/pt\/aag-iberia-reforca-compromisso-com-as-oficinas-em-2026\/#primaryimage"},"image":{"@id":"https:\/\/jornaldasoficinas.com\/pt\/aag-iberia-reforca-compromisso-com-as-oficinas-em-2026\/#primaryimage"},"thumbnailUrl":"https:\/\/jornaldasoficinas.com\/pt\/wp-content\/uploads\/2026\/01\/AAG-Iberia-define-prioridades-para-2026.jpg","datePublished":"2026-01-13T08:00:56+00:00","description":"A AAG Iberia prepara 2026 com uma estrat\u00e9gia centrada na efici\u00eancia operacional, na digitaliza\u00e7\u00e3o e no apoio \u00e0s oficinas","breadcrumb":{"@id":"https:\/\/jornaldasoficinas.com\/pt\/aag-iberia-reforca-compromisso-com-as-oficinas-em-2026\/#breadcrumb"},"inLanguage":"pt-PT","potentialAction":[{"@type":"ReadAction","target":["https:\/\/jornaldasoficinas.com\/pt\/aag-iberia-reforca-compromisso-com-as-oficinas-em-2026\/"]}]},{"@type":"ImageObject","inLanguage":"pt-PT","@id":"https:\/\/jornaldasoficinas.com\/pt\/aag-iberia-reforca-compromisso-com-as-oficinas-em-2026\/#primaryimage","url":"https:\/\/jornaldasoficinas.com\/pt\/wp-content\/uploads\/2026\/01\/AAG-Iberia-define-prioridades-para-2026.jpg","contentUrl":"https:\/\/jornaldasoficinas.com\/pt\/wp-content\/uploads\/2026\/01\/AAG-Iberia-define-prioridades-para-2026.jpg","width":1024,"height":581,"caption":"producionesalcobendas@hotmail.com"},{"@type":"BreadcrumbList","@id":"https:\/\/jornaldasoficinas.com\/pt\/aag-iberia-reforca-compromisso-com-as-oficinas-em-2026\/#breadcrumb","itemListElement":[{"@type":"ListItem","position":1,"name":"In\u00edcio","item":"https:\/\/jornaldasoficinas.com\/pt\/"},{"@type":"ListItem","position":2,"name":"AAG Iberia define prioridades para 2026"}]},{"@type":"WebSite","@id":"https:\/\/jornaldasoficinas.com\/pt\/#website","url":"https:\/\/jornaldasoficinas.com\/pt\/","name":"Jornal das Oficinas","description":"Jornal independente do Aftermarket Autom\u00f3vel em Portugal","publisher":{"@id":"https:\/\/jornaldasoficinas.com\/pt\/#organization"},"potentialAction":[{"@type":"SearchAction","target":{"@type":"EntryPoint","urlTemplate":"https:\/\/jornaldasoficinas.com\/pt\/?s={search_term_string}"},"query-input":{"@type":"PropertyValueSpecification","valueRequired":true,"valueName":"search_term_string"}}],"inLanguage":"pt-PT"},{"@type":"Organization","@id":"https:\/\/jornaldasoficinas.com\/pt\/#organization","name":"Jornal das Oficinas","url":"https:\/\/jornaldasoficinas.com\/pt\/","logo":{"@type":"ImageObject","inLanguage":"pt-PT","@id":"https:\/\/jornaldasoficinas.com\/pt\/#\/schema\/logo\/image\/","url":"https:\/\/jornaldasoficinas.com\/pt\/wp-content\/uploads\/logoJO-SEO.png","contentUrl":"https:\/\/jornaldasoficinas.com\/pt\/wp-content\/uploads\/logoJO-SEO.png","width":285,"height":450,"caption":"Jornal das Oficinas"},"image":{"@id":"https:\/\/jornaldasoficinas.com\/pt\/#\/schema\/logo\/image\/"},"sameAs":["https:\/\/www.facebook.com\/jornaloficinas","https:\/\/x.com\/jornaloficinas","https:\/\/www.instagram.com\/jornal_oficinas\/","https:\/\/www.linkedin.com\/company\/jornal-das-oficinas\/","https:\/\/www.youtube.com\/channel\/UCbQZBqtcvV-oSQrr7RzINGg"]},{"@type":"Person","@id":"https:\/\/jornaldasoficinas.com\/pt\/#\/schema\/person\/a38eef5de2c41d9e7c9ac10141afddf3","name":"Reda\u00e7\u00e3o JO","image":{"@type":"ImageObject","inLanguage":"pt-PT","@id":"https:\/\/secure.gravatar.com\/avatar\/71f2fa71737ad68a84fea94bc708ddac8ea5b0c4788dc2ad202f3ccb2887742f?s=96&d=wp_user_avatar&r=g","url":"https:\/\/secure.gravatar.com\/avatar\/71f2fa71737ad68a84fea94bc708ddac8ea5b0c4788dc2ad202f3ccb2887742f?s=96&d=wp_user_avatar&r=g","contentUrl":"https:\/\/secure.gravatar.com\/avatar\/71f2fa71737ad68a84fea94bc708ddac8ea5b0c4788dc2ad202f3ccb2887742f?s=96&d=wp_user_avatar&r=g","caption":"Reda\u00e7\u00e3o JO"},"url":"https:\/\/jornaldasoficinas.com\/pt\/author\/joredacao\/"}]}},"_links":{"self":[{"href":"https:\/\/jornaldasoficinas.com\/pt\/wp-json\/wp\/v2\/posts\/111656","targetHints":{"allow":["GET"]}}],"collection":[{"href":"https:\/\/jornaldasoficinas.com\/pt\/wp-json\/wp\/v2\/posts"}],"about":[{"href":"https:\/\/jornaldasoficinas.com\/pt\/wp-json\/wp\/v2\/types\/post"}],"author":[{"embeddable":true,"href":"https:\/\/jornaldasoficinas.com\/pt\/wp-json\/wp\/v2\/users\/15"}],"replies":[{"embeddable":true,"href":"https:\/\/jornaldasoficinas.com\/pt\/wp-json\/wp\/v2\/comments?post=111656"}],"version-history":[{"count":6,"href":"https:\/\/jornaldasoficinas.com\/pt\/wp-json\/wp\/v2\/posts\/111656\/revisions"}],"predecessor-version":[{"id":111671,"href":"https:\/\/jornaldasoficinas.com\/pt\/wp-json\/wp\/v2\/posts\/111656\/revisions\/111671"}],"wp:featuredmedia":[{"embeddable":true,"href":"https:\/\/jornaldasoficinas.com\/pt\/wp-json\/wp\/v2\/media\/111670"}],"wp:attachment":[{"href":"https:\/\/jornaldasoficinas.com\/pt\/wp-json\/wp\/v2\/media?parent=111656"}],"wp:term":[{"taxonomy":"category","embeddable":true,"href":"https:\/\/jornaldasoficinas.com\/pt\/wp-json\/wp\/v2\/categories?post=111656"},{"taxonomy":"post_tag","embeddable":true,"href":"https:\/\/jornaldasoficinas.com\/pt\/wp-json\/wp\/v2\/tags?post=111656"}],"curies":[{"name":"wp","href":"https:\/\/api.w.org\/{rel}","templated":true}]}}