{"id":111667,"date":"2026-01-12T18:00:25","date_gmt":"2026-01-12T18:00:25","guid":{"rendered":"https:\/\/jornaldasoficinas.com\/pt\/?p=111667"},"modified":"2026-01-12T15:40:07","modified_gmt":"2026-01-12T15:40:07","slug":"portugal-sob-crescente-risco-de-ciberataques-no-setor-automovel","status":"publish","type":"post","link":"https:\/\/jornaldasoficinas.com\/pt\/portugal-sob-crescente-risco-de-ciberataques-no-setor-automovel\/","title":{"rendered":"Portugal sob crescente risco de ciberataques no setor autom\u00f3vel"},"content":{"rendered":"<p><strong><img loading=\"lazy\" decoding=\"async\" class=\"alignnone size-full wp-image-111675\" src=\"https:\/\/jornaldasoficinas.com\/pt\/wp-content\/uploads\/2026\/01\/Portugal-sob-crescente-risco-de-ciberataques-no-setor-automovel.jpg\" alt=\"01 - Portugal sob crescente risco de ciberataques no setor automovel\" width=\"1024\" height=\"581\" srcset=\"https:\/\/jornaldasoficinas.com\/pt\/wp-content\/uploads\/2026\/01\/Portugal-sob-crescente-risco-de-ciberataques-no-setor-automovel.jpg 1024w, https:\/\/jornaldasoficinas.com\/pt\/wp-content\/uploads\/2026\/01\/Portugal-sob-crescente-risco-de-ciberataques-no-setor-automovel-300x170.jpg 300w, https:\/\/jornaldasoficinas.com\/pt\/wp-content\/uploads\/2026\/01\/Portugal-sob-crescente-risco-de-ciberataques-no-setor-automovel-150x85.jpg 150w, https:\/\/jornaldasoficinas.com\/pt\/wp-content\/uploads\/2026\/01\/Portugal-sob-crescente-risco-de-ciberataques-no-setor-automovel-768x436.jpg 768w\" sizes=\"auto, (max-width: 1024px) 100vw, 1024px\" \/><\/strong><\/p>\n<p><strong>Relat\u00f3rios recentes da <a href=\"https:\/\/www.microsoft.com\/\" target=\"_blank\" rel=\"noopener\">Microsoft<\/a> e da <a href=\"https:\/\/www.statista.com\/\" target=\"_blank\" rel=\"noopener\">Statista<\/a> indicam um agravamento do cibercrime na Europa, com Portugal a destacar-se como um dos pa\u00edses onde o risco cresceu mais rapidamente<\/strong><\/p>\n<p>O risco de ciberataques em Portugal aumentou de forma significativa no \u00faltimo ano. Segundo o <a href=\"https:\/\/www.microsoft.com\/en-us\/corporate-responsibility\/cybersecurity\/?utm_source=SAPO_HP&amp;utm_medium=app&amp;utm_campaign=destaques\" target=\"_blank\" rel=\"noopener\">Microsoft Digital Defense Report<\/a>, o pa\u00eds subiu do 34.\u00ba para o 12.\u00ba lugar no ranking global de risco, tornando-se um alvo cada vez mais relevante no panorama europeu. A pr\u00f3pria Microsoft admite que projetos estrat\u00e9gicos, como a futura f\u00e1brica de intelig\u00eancia artificial em Sines, poder\u00e3o aumentar ainda mais essa exposi\u00e7\u00e3o.<\/p>\n<p>Esta tend\u00eancia n\u00e3o \u00e9 exclusiva de Portugal. Dados da Statista indicam que pa\u00edses como Alemanha, Reino Unido e Fran\u00e7a dever\u00e3o registar um aumento significativo no volume e no custo do cibercrime at\u00e9 2028. Em Portugal, a consultora Strategy estima que os preju\u00edzos causados por ciberataques tenham atingido cerca de 10 mil milh\u00f5es de euros em 2024, com perspetivas de agravamento caso n\u00e3o sejam adotadas medidas urgentes.<\/p>\n<p>Apesar do aumento do risco, os investimentos em ciberseguran\u00e7a continuam a crescer a um ritmo limitado. Os or\u00e7amentos registaram um aumento m\u00e9dio anual de apenas 5,7%, um valor considerado insuficiente para setores cr\u00edticos como a ind\u00fastria transformadora, energia e transportes, que concentraram, respetivamente, 26%, 10% e 7% dos ataques registados em 2024.<\/p>\n<p>De acordo com o relat\u00f3rio do <a href=\"https:\/\/dyn.cncs.gov.pt\/pt\/detalhe\/art\/135949\/6-edicao-do-relatorio-de-ciberseguranca-riscos-conflitos-publicada\" target=\"_blank\" rel=\"noopener\">Centro Nacional de Ciberseguran\u00e7a de 2025<\/a>, as principais vulnerabilidades identificas s\u00e3o: senhas fracas, softwares desatualizados e falta de autentica\u00e7\u00e3o multifator que facilitam invas\u00f5es.<\/p>\n<p><strong>A prote\u00e7\u00e3o de endpoints \u00e9 fundamental<\/strong><\/p>\n<p>Um dos principais benef\u00edcios da transforma\u00e7\u00e3o digital \u00e9 o impacto que pode ter nas opera\u00e7\u00f5es remotas no terreno. A digitaliza\u00e7\u00e3o de processos tradicionais baseados em caneta e papel, atrav\u00e9s da utiliza\u00e7\u00e3o de solu\u00e7\u00f5es de computa\u00e7\u00e3o m\u00f3vel robustas e poderosas, pode reduzir drasticamente o tempo necess\u00e1rio para obter insights, permitindo aos trabalhadores comunicar e partilhar informa\u00e7\u00f5es em tempo real, diretamente a partir do terreno.<\/p>\n<p>No entanto, em setores cr\u00edticos, isto pode tamb\u00e9m introduzir desafios de seguran\u00e7a significativos que colocam em risco a infraestrutura essencial. Isto porque os trabalhadores remotos enfrentam uma combina\u00e7\u00e3o de amea\u00e7as cibern\u00e9ticas intensificadas e supervis\u00e3o inform\u00e1tica limitada, o que pode rapidamente comprometer tanto a seguran\u00e7a dos endpoints como a continuidade operacional.<\/p>\n<p>Nestes setores, muitas organiza\u00e7\u00f5es utilizam tecnologia robusta para ajudar os trabalhadores a operar eficientemente em ambientes desafiantes. Os port\u00e1teis e tablets robustos s\u00e3o constru\u00eddos com materiais resistentes a impactos e possuem certifica\u00e7\u00f5es MIL-STD e IP que lhes permitem prosperar nestas condi\u00e7\u00f5es. Al\u00e9m disso, muitos deles oferecem op\u00e7\u00f5es de conectividade avan\u00e7adas, como 4G LTE e 5G, para garantir uma comunica\u00e7\u00e3o cont\u00ednua em locais remotos onde as redes tradicionais podem ser inst\u00e1veis.<\/p>\n<p>No entanto, os riscos de ciberseguran\u00e7a nestes ambientes s\u00e3o t\u00e3o cr\u00edticos como a durabilidade f\u00edsica. Embora os dispositivos robustos sejam concebidos para resistir a condi\u00e7\u00f5es adversas, a sua maior conectividade pode tamb\u00e9m introduzir novas vulnerabilidades. A perda de dados, a adultera\u00e7\u00e3o e os dispositivos roubados ou extraviados representam amea\u00e7as significativas, especialmente quando os dados operacionais confidenciais s\u00e3o armazenados localmente ou transmitidos atrav\u00e9s de redes n\u00e3o seguras.<\/p>\n<p>&#8220;Para mitigar estas amea\u00e7as, as organiza\u00e7\u00f5es devem implementar estrat\u00e9gias de dados robustas que combinem m\u00faltiplas camadas de seguran\u00e7a para manter os mais elevados n\u00edveis de prote\u00e7\u00e3o de endpoints poss\u00edveis. Isto come\u00e7a com os pr\u00f3prios dispositivos, e um n\u00famero crescente de organiza\u00e7\u00f5es est\u00e1 a optar por port\u00e1teis robustos com tecnologia Microsoft Secured-Core, que integra firmware, hardware, software e prote\u00e7\u00e3o de identidade para oferecer seguran\u00e7a melhorada em cen\u00e1rios com dados sens\u00edveis&#8221;, explicou Amanda Ward, EMEA Director Technology &amp; Solutions da Getac.<\/p>\n<p>Al\u00e9m disso, a Getac recomendou a implementa\u00e7\u00e3o das seguintes quatro camadas para melhorar ainda mais a ciberseguran\u00e7a em dispositivos robustos:<\/p>\n<p><strong>1) Ativar a autentica\u00e7\u00e3o multifator (MFA) em todos os endpoints:<\/strong> A MFA acrescenta prote\u00e7\u00e3o ao exigir m\u00faltiplas formas de verifica\u00e7\u00e3o para aceder a uma conta, tornando muito mais dif\u00edcil para os utilizadores n\u00e3o autorizados obterem acesso, mesmo que utilizem uma palavra-passe v\u00e1lida.<\/p>\n<p><strong>2) Utilizar encripta\u00e7\u00e3o de ponta a ponta (E2EE) e liga\u00e7\u00f5es VPN seguras:<\/strong> A utiliza\u00e7\u00e3o de E2EE garante que apenas o remetente e o destinat\u00e1rio pretendido podem ler as mensagens, tornando-as seguras contra terceiros, incluindo o fornecedor de servi\u00e7os.<\/p>\n<p><strong>3) Manter o firmware e o software sempre atualizados:<\/strong> A instala\u00e7\u00e3o de patches e atualiza\u00e7\u00f5es de software assim que est\u00e3o dispon\u00edveis garante que os utilizadores e dispositivos est\u00e3o protegidos contra as vulnerabilidades mais recentes e amea\u00e7as de dia zero.<\/p>\n<p><strong>4) Estabelecer planos claros de resposta a incidentes e recupera\u00e7\u00e3o:<\/strong> Mesmo com planos robustos de prote\u00e7\u00e3o de dados em v\u00e1rias camadas, as viola\u00e7\u00f5es ainda podem ocorrer. Ao ter planos de resposta e recupera\u00e7\u00e3o claros, as organiza\u00e7\u00f5es podem agir de forma r\u00e1pida e decisiva, caso o pior aconte\u00e7a.<\/p>\n<p>A coopera\u00e7\u00e3o com parceiros tecnol\u00f3gicos especializados surge como um fator decisivo para refor\u00e7ar a resili\u00eancia digital. Solu\u00e7\u00f5es que integram prote\u00e7\u00e3o ao n\u00edvel do hardware, firmware e software permitem manter controlo e visibilidade sobre dispositivos e dados, mesmo em cen\u00e1rios adversos.<\/p>\n<p>Com o aumento da press\u00e3o regulat\u00f3ria e da sofistica\u00e7\u00e3o dos ataques, a ciberseguran\u00e7a deixou de ser uma op\u00e7\u00e3o para se tornar um requisito estrat\u00e9gico. No setor autom\u00f3vel, proteger os sistemas digitais \u00e9 hoje t\u00e3o cr\u00edtico quanto garantir a seguran\u00e7a f\u00edsica das opera\u00e7\u00f5es.<\/p>\n","protected":false},"excerpt":{"rendered":"<p>Relat\u00f3rios recentes da Microsoft e da&#8230;<\/p>\n","protected":false},"author":15,"featured_media":111675,"comment_status":"closed","ping_status":"closed","sticky":false,"template":"","format":"standard","meta":{"footnotes":""},"categories":[37],"tags":[3196,7370,2644,7723,6046,1497,1729],"class_list":["post-111667","post","type-post","status-publish","format-standard","has-post-thumbnail","hentry","category-mercado","tag-ciberseguranca","tag-estudos","tag-getac","tag-microsoft","tag-riscos","tag-setor-automovel","tag-statista"],"yoast_head":"<!-- This site is optimized with the Yoast SEO plugin v27.5 - https:\/\/yoast.com\/product\/yoast-seo-wordpress\/ -->\n<title>Portugal sob crescente risco de ciberataques no setor autom\u00f3vel - Jornal das Oficinas<\/title>\n<meta name=\"description\" content=\"Relat\u00f3rios recentes da Microsoft e da Statista indicam um agravamento do cibercrime na Europa, com Portugal a destacar-se\" \/>\n<meta name=\"robots\" content=\"index, follow, max-snippet:-1, max-image-preview:large, max-video-preview:-1\" \/>\n<link rel=\"canonical\" href=\"https:\/\/jornaldasoficinas.com\/pt\/portugal-sob-crescente-risco-de-ciberataques-no-setor-automovel\/\" \/>\n<meta property=\"og:locale\" content=\"pt_PT\" \/>\n<meta property=\"og:type\" content=\"article\" \/>\n<meta property=\"og:title\" content=\"Portugal sob crescente risco de ciberataques no setor autom\u00f3vel - Jornal das Oficinas\" \/>\n<meta property=\"og:description\" content=\"Relat\u00f3rios recentes da Microsoft e da Statista indicam um agravamento do cibercrime na Europa, com Portugal a destacar-se\" \/>\n<meta property=\"og:url\" content=\"https:\/\/jornaldasoficinas.com\/pt\/portugal-sob-crescente-risco-de-ciberataques-no-setor-automovel\/\" \/>\n<meta property=\"og:site_name\" content=\"Jornal das Oficinas\" \/>\n<meta property=\"article:publisher\" content=\"https:\/\/www.facebook.com\/jornaloficinas\" \/>\n<meta property=\"article:published_time\" content=\"2026-01-12T18:00:25+00:00\" \/>\n<meta property=\"og:image\" content=\"https:\/\/jornaldasoficinas.com\/pt\/wp-content\/uploads\/2026\/01\/Portugal-sob-crescente-risco-de-ciberataques-no-setor-automovel.jpg\" \/>\n\t<meta property=\"og:image:width\" content=\"1024\" \/>\n\t<meta property=\"og:image:height\" content=\"581\" \/>\n\t<meta property=\"og:image:type\" content=\"image\/jpeg\" \/>\n<meta name=\"author\" content=\"Reda\u00e7\u00e3o JO\" \/>\n<meta name=\"twitter:card\" content=\"summary_large_image\" \/>\n<meta name=\"twitter:creator\" content=\"@jornaloficinas\" \/>\n<meta name=\"twitter:site\" content=\"@jornaloficinas\" \/>\n<meta name=\"twitter:label1\" content=\"Escrito por\" \/>\n\t<meta name=\"twitter:data1\" content=\"Reda\u00e7\u00e3o JO\" \/>\n\t<meta name=\"twitter:label2\" content=\"Tempo estimado de leitura\" \/>\n\t<meta name=\"twitter:data2\" content=\"5 minutos\" \/>\n<script type=\"application\/ld+json\" class=\"yoast-schema-graph\">{\"@context\":\"https:\\\/\\\/schema.org\",\"@graph\":[{\"@type\":\"Article\",\"@id\":\"https:\\\/\\\/jornaldasoficinas.com\\\/pt\\\/portugal-sob-crescente-risco-de-ciberataques-no-setor-automovel\\\/#article\",\"isPartOf\":{\"@id\":\"https:\\\/\\\/jornaldasoficinas.com\\\/pt\\\/portugal-sob-crescente-risco-de-ciberataques-no-setor-automovel\\\/\"},\"author\":{\"name\":\"Reda\u00e7\u00e3o JO\",\"@id\":\"https:\\\/\\\/jornaldasoficinas.com\\\/pt\\\/#\\\/schema\\\/person\\\/a38eef5de2c41d9e7c9ac10141afddf3\"},\"headline\":\"Portugal sob crescente risco de ciberataques no setor autom\u00f3vel\",\"datePublished\":\"2026-01-12T18:00:25+00:00\",\"mainEntityOfPage\":{\"@id\":\"https:\\\/\\\/jornaldasoficinas.com\\\/pt\\\/portugal-sob-crescente-risco-de-ciberataques-no-setor-automovel\\\/\"},\"wordCount\":973,\"publisher\":{\"@id\":\"https:\\\/\\\/jornaldasoficinas.com\\\/pt\\\/#organization\"},\"image\":{\"@id\":\"https:\\\/\\\/jornaldasoficinas.com\\\/pt\\\/portugal-sob-crescente-risco-de-ciberataques-no-setor-automovel\\\/#primaryimage\"},\"thumbnailUrl\":\"https:\\\/\\\/jornaldasoficinas.com\\\/pt\\\/wp-content\\\/uploads\\\/2026\\\/01\\\/Portugal-sob-crescente-risco-de-ciberataques-no-setor-automovel.jpg\",\"keywords\":[\"Ciberseguran\u00e7a\",\"estudos\",\"Getac\",\"Microsoft\",\"Riscos\",\"Setor Autom\u00f3vel\",\"Statista\"],\"articleSection\":[\"Mercado\"],\"inLanguage\":\"pt-PT\"},{\"@type\":\"WebPage\",\"@id\":\"https:\\\/\\\/jornaldasoficinas.com\\\/pt\\\/portugal-sob-crescente-risco-de-ciberataques-no-setor-automovel\\\/\",\"url\":\"https:\\\/\\\/jornaldasoficinas.com\\\/pt\\\/portugal-sob-crescente-risco-de-ciberataques-no-setor-automovel\\\/\",\"name\":\"Portugal sob crescente risco de ciberataques no setor autom\u00f3vel - Jornal das Oficinas\",\"isPartOf\":{\"@id\":\"https:\\\/\\\/jornaldasoficinas.com\\\/pt\\\/#website\"},\"primaryImageOfPage\":{\"@id\":\"https:\\\/\\\/jornaldasoficinas.com\\\/pt\\\/portugal-sob-crescente-risco-de-ciberataques-no-setor-automovel\\\/#primaryimage\"},\"image\":{\"@id\":\"https:\\\/\\\/jornaldasoficinas.com\\\/pt\\\/portugal-sob-crescente-risco-de-ciberataques-no-setor-automovel\\\/#primaryimage\"},\"thumbnailUrl\":\"https:\\\/\\\/jornaldasoficinas.com\\\/pt\\\/wp-content\\\/uploads\\\/2026\\\/01\\\/Portugal-sob-crescente-risco-de-ciberataques-no-setor-automovel.jpg\",\"datePublished\":\"2026-01-12T18:00:25+00:00\",\"description\":\"Relat\u00f3rios recentes da Microsoft e da Statista indicam um agravamento do cibercrime na Europa, com Portugal a destacar-se\",\"breadcrumb\":{\"@id\":\"https:\\\/\\\/jornaldasoficinas.com\\\/pt\\\/portugal-sob-crescente-risco-de-ciberataques-no-setor-automovel\\\/#breadcrumb\"},\"inLanguage\":\"pt-PT\",\"potentialAction\":[{\"@type\":\"ReadAction\",\"target\":[\"https:\\\/\\\/jornaldasoficinas.com\\\/pt\\\/portugal-sob-crescente-risco-de-ciberataques-no-setor-automovel\\\/\"]}]},{\"@type\":\"ImageObject\",\"inLanguage\":\"pt-PT\",\"@id\":\"https:\\\/\\\/jornaldasoficinas.com\\\/pt\\\/portugal-sob-crescente-risco-de-ciberataques-no-setor-automovel\\\/#primaryimage\",\"url\":\"https:\\\/\\\/jornaldasoficinas.com\\\/pt\\\/wp-content\\\/uploads\\\/2026\\\/01\\\/Portugal-sob-crescente-risco-de-ciberataques-no-setor-automovel.jpg\",\"contentUrl\":\"https:\\\/\\\/jornaldasoficinas.com\\\/pt\\\/wp-content\\\/uploads\\\/2026\\\/01\\\/Portugal-sob-crescente-risco-de-ciberataques-no-setor-automovel.jpg\",\"width\":1024,\"height\":581,\"caption\":\"01 - Portugal sob crescente risco de ciberataques no setor automovel\"},{\"@type\":\"BreadcrumbList\",\"@id\":\"https:\\\/\\\/jornaldasoficinas.com\\\/pt\\\/portugal-sob-crescente-risco-de-ciberataques-no-setor-automovel\\\/#breadcrumb\",\"itemListElement\":[{\"@type\":\"ListItem\",\"position\":1,\"name\":\"In\u00edcio\",\"item\":\"https:\\\/\\\/jornaldasoficinas.com\\\/pt\\\/\"},{\"@type\":\"ListItem\",\"position\":2,\"name\":\"Portugal sob crescente risco de ciberataques no setor autom\u00f3vel\"}]},{\"@type\":\"WebSite\",\"@id\":\"https:\\\/\\\/jornaldasoficinas.com\\\/pt\\\/#website\",\"url\":\"https:\\\/\\\/jornaldasoficinas.com\\\/pt\\\/\",\"name\":\"Jornal das Oficinas\",\"description\":\"Jornal independente do Aftermarket Autom\u00f3vel em Portugal\",\"publisher\":{\"@id\":\"https:\\\/\\\/jornaldasoficinas.com\\\/pt\\\/#organization\"},\"potentialAction\":[{\"@type\":\"SearchAction\",\"target\":{\"@type\":\"EntryPoint\",\"urlTemplate\":\"https:\\\/\\\/jornaldasoficinas.com\\\/pt\\\/?s={search_term_string}\"},\"query-input\":{\"@type\":\"PropertyValueSpecification\",\"valueRequired\":true,\"valueName\":\"search_term_string\"}}],\"inLanguage\":\"pt-PT\"},{\"@type\":\"Organization\",\"@id\":\"https:\\\/\\\/jornaldasoficinas.com\\\/pt\\\/#organization\",\"name\":\"Jornal das Oficinas\",\"url\":\"https:\\\/\\\/jornaldasoficinas.com\\\/pt\\\/\",\"logo\":{\"@type\":\"ImageObject\",\"inLanguage\":\"pt-PT\",\"@id\":\"https:\\\/\\\/jornaldasoficinas.com\\\/pt\\\/#\\\/schema\\\/logo\\\/image\\\/\",\"url\":\"https:\\\/\\\/jornaldasoficinas.com\\\/pt\\\/wp-content\\\/uploads\\\/logoJO-SEO.png\",\"contentUrl\":\"https:\\\/\\\/jornaldasoficinas.com\\\/pt\\\/wp-content\\\/uploads\\\/logoJO-SEO.png\",\"width\":285,\"height\":450,\"caption\":\"Jornal das Oficinas\"},\"image\":{\"@id\":\"https:\\\/\\\/jornaldasoficinas.com\\\/pt\\\/#\\\/schema\\\/logo\\\/image\\\/\"},\"sameAs\":[\"https:\\\/\\\/www.facebook.com\\\/jornaloficinas\",\"https:\\\/\\\/x.com\\\/jornaloficinas\",\"https:\\\/\\\/www.instagram.com\\\/jornal_oficinas\\\/\",\"https:\\\/\\\/www.linkedin.com\\\/company\\\/jornal-das-oficinas\\\/\",\"https:\\\/\\\/www.youtube.com\\\/channel\\\/UCbQZBqtcvV-oSQrr7RzINGg\"]},{\"@type\":\"Person\",\"@id\":\"https:\\\/\\\/jornaldasoficinas.com\\\/pt\\\/#\\\/schema\\\/person\\\/a38eef5de2c41d9e7c9ac10141afddf3\",\"name\":\"Reda\u00e7\u00e3o JO\",\"image\":{\"@type\":\"ImageObject\",\"inLanguage\":\"pt-PT\",\"@id\":\"https:\\\/\\\/secure.gravatar.com\\\/avatar\\\/71f2fa71737ad68a84fea94bc708ddac8ea5b0c4788dc2ad202f3ccb2887742f?s=96&d=wp_user_avatar&r=g\",\"url\":\"https:\\\/\\\/secure.gravatar.com\\\/avatar\\\/71f2fa71737ad68a84fea94bc708ddac8ea5b0c4788dc2ad202f3ccb2887742f?s=96&d=wp_user_avatar&r=g\",\"contentUrl\":\"https:\\\/\\\/secure.gravatar.com\\\/avatar\\\/71f2fa71737ad68a84fea94bc708ddac8ea5b0c4788dc2ad202f3ccb2887742f?s=96&d=wp_user_avatar&r=g\",\"caption\":\"Reda\u00e7\u00e3o JO\"},\"url\":\"https:\\\/\\\/jornaldasoficinas.com\\\/pt\\\/author\\\/joredacao\\\/\"}]}<\/script>\n<!-- \/ Yoast SEO plugin. -->","yoast_head_json":{"title":"Portugal sob crescente risco de ciberataques no setor autom\u00f3vel - Jornal das Oficinas","description":"Relat\u00f3rios recentes da Microsoft e da Statista indicam um agravamento do cibercrime na Europa, com Portugal a destacar-se","robots":{"index":"index","follow":"follow","max-snippet":"max-snippet:-1","max-image-preview":"max-image-preview:large","max-video-preview":"max-video-preview:-1"},"canonical":"https:\/\/jornaldasoficinas.com\/pt\/portugal-sob-crescente-risco-de-ciberataques-no-setor-automovel\/","og_locale":"pt_PT","og_type":"article","og_title":"Portugal sob crescente risco de ciberataques no setor autom\u00f3vel - Jornal das Oficinas","og_description":"Relat\u00f3rios recentes da Microsoft e da Statista indicam um agravamento do cibercrime na Europa, com Portugal a destacar-se","og_url":"https:\/\/jornaldasoficinas.com\/pt\/portugal-sob-crescente-risco-de-ciberataques-no-setor-automovel\/","og_site_name":"Jornal das Oficinas","article_publisher":"https:\/\/www.facebook.com\/jornaloficinas","article_published_time":"2026-01-12T18:00:25+00:00","og_image":[{"width":1024,"height":581,"url":"https:\/\/jornaldasoficinas.com\/pt\/wp-content\/uploads\/2026\/01\/Portugal-sob-crescente-risco-de-ciberataques-no-setor-automovel.jpg","type":"image\/jpeg"}],"author":"Reda\u00e7\u00e3o JO","twitter_card":"summary_large_image","twitter_creator":"@jornaloficinas","twitter_site":"@jornaloficinas","twitter_misc":{"Escrito por":"Reda\u00e7\u00e3o JO","Tempo estimado de leitura":"5 minutos"},"schema":{"@context":"https:\/\/schema.org","@graph":[{"@type":"Article","@id":"https:\/\/jornaldasoficinas.com\/pt\/portugal-sob-crescente-risco-de-ciberataques-no-setor-automovel\/#article","isPartOf":{"@id":"https:\/\/jornaldasoficinas.com\/pt\/portugal-sob-crescente-risco-de-ciberataques-no-setor-automovel\/"},"author":{"name":"Reda\u00e7\u00e3o JO","@id":"https:\/\/jornaldasoficinas.com\/pt\/#\/schema\/person\/a38eef5de2c41d9e7c9ac10141afddf3"},"headline":"Portugal sob crescente risco de ciberataques no setor autom\u00f3vel","datePublished":"2026-01-12T18:00:25+00:00","mainEntityOfPage":{"@id":"https:\/\/jornaldasoficinas.com\/pt\/portugal-sob-crescente-risco-de-ciberataques-no-setor-automovel\/"},"wordCount":973,"publisher":{"@id":"https:\/\/jornaldasoficinas.com\/pt\/#organization"},"image":{"@id":"https:\/\/jornaldasoficinas.com\/pt\/portugal-sob-crescente-risco-de-ciberataques-no-setor-automovel\/#primaryimage"},"thumbnailUrl":"https:\/\/jornaldasoficinas.com\/pt\/wp-content\/uploads\/2026\/01\/Portugal-sob-crescente-risco-de-ciberataques-no-setor-automovel.jpg","keywords":["Ciberseguran\u00e7a","estudos","Getac","Microsoft","Riscos","Setor Autom\u00f3vel","Statista"],"articleSection":["Mercado"],"inLanguage":"pt-PT"},{"@type":"WebPage","@id":"https:\/\/jornaldasoficinas.com\/pt\/portugal-sob-crescente-risco-de-ciberataques-no-setor-automovel\/","url":"https:\/\/jornaldasoficinas.com\/pt\/portugal-sob-crescente-risco-de-ciberataques-no-setor-automovel\/","name":"Portugal sob crescente risco de ciberataques no setor autom\u00f3vel - Jornal das Oficinas","isPartOf":{"@id":"https:\/\/jornaldasoficinas.com\/pt\/#website"},"primaryImageOfPage":{"@id":"https:\/\/jornaldasoficinas.com\/pt\/portugal-sob-crescente-risco-de-ciberataques-no-setor-automovel\/#primaryimage"},"image":{"@id":"https:\/\/jornaldasoficinas.com\/pt\/portugal-sob-crescente-risco-de-ciberataques-no-setor-automovel\/#primaryimage"},"thumbnailUrl":"https:\/\/jornaldasoficinas.com\/pt\/wp-content\/uploads\/2026\/01\/Portugal-sob-crescente-risco-de-ciberataques-no-setor-automovel.jpg","datePublished":"2026-01-12T18:00:25+00:00","description":"Relat\u00f3rios recentes da Microsoft e da Statista indicam um agravamento do cibercrime na Europa, com Portugal a destacar-se","breadcrumb":{"@id":"https:\/\/jornaldasoficinas.com\/pt\/portugal-sob-crescente-risco-de-ciberataques-no-setor-automovel\/#breadcrumb"},"inLanguage":"pt-PT","potentialAction":[{"@type":"ReadAction","target":["https:\/\/jornaldasoficinas.com\/pt\/portugal-sob-crescente-risco-de-ciberataques-no-setor-automovel\/"]}]},{"@type":"ImageObject","inLanguage":"pt-PT","@id":"https:\/\/jornaldasoficinas.com\/pt\/portugal-sob-crescente-risco-de-ciberataques-no-setor-automovel\/#primaryimage","url":"https:\/\/jornaldasoficinas.com\/pt\/wp-content\/uploads\/2026\/01\/Portugal-sob-crescente-risco-de-ciberataques-no-setor-automovel.jpg","contentUrl":"https:\/\/jornaldasoficinas.com\/pt\/wp-content\/uploads\/2026\/01\/Portugal-sob-crescente-risco-de-ciberataques-no-setor-automovel.jpg","width":1024,"height":581,"caption":"01 - Portugal sob crescente risco de ciberataques no setor automovel"},{"@type":"BreadcrumbList","@id":"https:\/\/jornaldasoficinas.com\/pt\/portugal-sob-crescente-risco-de-ciberataques-no-setor-automovel\/#breadcrumb","itemListElement":[{"@type":"ListItem","position":1,"name":"In\u00edcio","item":"https:\/\/jornaldasoficinas.com\/pt\/"},{"@type":"ListItem","position":2,"name":"Portugal sob crescente risco de ciberataques no setor autom\u00f3vel"}]},{"@type":"WebSite","@id":"https:\/\/jornaldasoficinas.com\/pt\/#website","url":"https:\/\/jornaldasoficinas.com\/pt\/","name":"Jornal das Oficinas","description":"Jornal independente do Aftermarket Autom\u00f3vel em Portugal","publisher":{"@id":"https:\/\/jornaldasoficinas.com\/pt\/#organization"},"potentialAction":[{"@type":"SearchAction","target":{"@type":"EntryPoint","urlTemplate":"https:\/\/jornaldasoficinas.com\/pt\/?s={search_term_string}"},"query-input":{"@type":"PropertyValueSpecification","valueRequired":true,"valueName":"search_term_string"}}],"inLanguage":"pt-PT"},{"@type":"Organization","@id":"https:\/\/jornaldasoficinas.com\/pt\/#organization","name":"Jornal das Oficinas","url":"https:\/\/jornaldasoficinas.com\/pt\/","logo":{"@type":"ImageObject","inLanguage":"pt-PT","@id":"https:\/\/jornaldasoficinas.com\/pt\/#\/schema\/logo\/image\/","url":"https:\/\/jornaldasoficinas.com\/pt\/wp-content\/uploads\/logoJO-SEO.png","contentUrl":"https:\/\/jornaldasoficinas.com\/pt\/wp-content\/uploads\/logoJO-SEO.png","width":285,"height":450,"caption":"Jornal das Oficinas"},"image":{"@id":"https:\/\/jornaldasoficinas.com\/pt\/#\/schema\/logo\/image\/"},"sameAs":["https:\/\/www.facebook.com\/jornaloficinas","https:\/\/x.com\/jornaloficinas","https:\/\/www.instagram.com\/jornal_oficinas\/","https:\/\/www.linkedin.com\/company\/jornal-das-oficinas\/","https:\/\/www.youtube.com\/channel\/UCbQZBqtcvV-oSQrr7RzINGg"]},{"@type":"Person","@id":"https:\/\/jornaldasoficinas.com\/pt\/#\/schema\/person\/a38eef5de2c41d9e7c9ac10141afddf3","name":"Reda\u00e7\u00e3o JO","image":{"@type":"ImageObject","inLanguage":"pt-PT","@id":"https:\/\/secure.gravatar.com\/avatar\/71f2fa71737ad68a84fea94bc708ddac8ea5b0c4788dc2ad202f3ccb2887742f?s=96&d=wp_user_avatar&r=g","url":"https:\/\/secure.gravatar.com\/avatar\/71f2fa71737ad68a84fea94bc708ddac8ea5b0c4788dc2ad202f3ccb2887742f?s=96&d=wp_user_avatar&r=g","contentUrl":"https:\/\/secure.gravatar.com\/avatar\/71f2fa71737ad68a84fea94bc708ddac8ea5b0c4788dc2ad202f3ccb2887742f?s=96&d=wp_user_avatar&r=g","caption":"Reda\u00e7\u00e3o JO"},"url":"https:\/\/jornaldasoficinas.com\/pt\/author\/joredacao\/"}]}},"_links":{"self":[{"href":"https:\/\/jornaldasoficinas.com\/pt\/wp-json\/wp\/v2\/posts\/111667","targetHints":{"allow":["GET"]}}],"collection":[{"href":"https:\/\/jornaldasoficinas.com\/pt\/wp-json\/wp\/v2\/posts"}],"about":[{"href":"https:\/\/jornaldasoficinas.com\/pt\/wp-json\/wp\/v2\/types\/post"}],"author":[{"embeddable":true,"href":"https:\/\/jornaldasoficinas.com\/pt\/wp-json\/wp\/v2\/users\/15"}],"replies":[{"embeddable":true,"href":"https:\/\/jornaldasoficinas.com\/pt\/wp-json\/wp\/v2\/comments?post=111667"}],"version-history":[{"count":6,"href":"https:\/\/jornaldasoficinas.com\/pt\/wp-json\/wp\/v2\/posts\/111667\/revisions"}],"predecessor-version":[{"id":111676,"href":"https:\/\/jornaldasoficinas.com\/pt\/wp-json\/wp\/v2\/posts\/111667\/revisions\/111676"}],"wp:featuredmedia":[{"embeddable":true,"href":"https:\/\/jornaldasoficinas.com\/pt\/wp-json\/wp\/v2\/media\/111675"}],"wp:attachment":[{"href":"https:\/\/jornaldasoficinas.com\/pt\/wp-json\/wp\/v2\/media?parent=111667"}],"wp:term":[{"taxonomy":"category","embeddable":true,"href":"https:\/\/jornaldasoficinas.com\/pt\/wp-json\/wp\/v2\/categories?post=111667"},{"taxonomy":"post_tag","embeddable":true,"href":"https:\/\/jornaldasoficinas.com\/pt\/wp-json\/wp\/v2\/tags?post=111667"}],"curies":[{"name":"wp","href":"https:\/\/api.w.org\/{rel}","templated":true}]}}