{"id":111712,"date":"2026-01-14T08:00:05","date_gmt":"2026-01-14T08:00:05","guid":{"rendered":"https:\/\/jornaldasoficinas.com\/pt\/?p=111712"},"modified":"2026-01-13T15:12:22","modified_gmt":"2026-01-13T15:12:22","slug":"glassdrive-investe-em-dois-novos-centros-em-portugal","status":"publish","type":"post","link":"https:\/\/jornaldasoficinas.com\/pt\/glassdrive-investe-em-dois-novos-centros-em-portugal\/","title":{"rendered":"Glassdrive investe em dois novos centros em Portugal"},"content":{"rendered":"<p><strong><img loading=\"lazy\" decoding=\"async\" class=\"alignnone size-full wp-image-111722\" src=\"https:\/\/jornaldasoficinas.com\/pt\/wp-content\/uploads\/2026\/01\/Glassdrive-investe-em-dois-novos-centros-em-Portugal.jpg\" alt=\"01 - Glassdrive investe em dois novos centros em Portugal\" width=\"1024\" height=\"581\" srcset=\"https:\/\/jornaldasoficinas.com\/pt\/wp-content\/uploads\/2026\/01\/Glassdrive-investe-em-dois-novos-centros-em-Portugal.jpg 1024w, https:\/\/jornaldasoficinas.com\/pt\/wp-content\/uploads\/2026\/01\/Glassdrive-investe-em-dois-novos-centros-em-Portugal-300x170.jpg 300w, https:\/\/jornaldasoficinas.com\/pt\/wp-content\/uploads\/2026\/01\/Glassdrive-investe-em-dois-novos-centros-em-Portugal-150x85.jpg 150w, https:\/\/jornaldasoficinas.com\/pt\/wp-content\/uploads\/2026\/01\/Glassdrive-investe-em-dois-novos-centros-em-Portugal-768x436.jpg 768w\" sizes=\"auto, (max-width: 1024px) 100vw, 1024px\" \/><\/strong><\/p>\n<p><strong>A <a href=\"https:\/\/www.glassdrive.pt\/\" target=\"_blank\" rel=\"noopener\">Glassdrive<\/a> vai abrir dois novos centros em Portugal ao longo do primeiro trimestre de 2026, no \u00e2mbito de um plano de investimento destinado a refor\u00e7ar a sua presen\u00e7a no mercado nacional de repara\u00e7\u00e3o e substitui\u00e7\u00e3o de vidro autom\u00f3vel. As localiza\u00e7\u00f5es ainda n\u00e3o foram divulgadas<\/strong><\/p>\n<p>Ainda durante 2026, a empresa prev\u00ea tamb\u00e9m a mudan\u00e7a da sua sede, atualmente localizada no Norte do pa\u00eds, para novas instala\u00e7\u00f5es, num projeto que visa modernizar a infraestrutura operacional da marca em Portugal.<\/p>\n<p>Segundo Lucas Const\u00e2ncio, diretor-geral da Glassdrive Portugal, &#8220;2026 ser\u00e1 um ano de consolida\u00e7\u00e3o e prepara\u00e7\u00e3o para a pr\u00f3xima fase da Glassdrive em Portugal. Estamos a investir na moderniza\u00e7\u00e3o das nossas infraestruturas, com destaque para novas solu\u00e7\u00f5es log\u00edsticas que aumentam a capacidade de armazenagem e permitem responder mais rapidamente \u00e0s necessidades dos clientes, num mercado cada vez mais diversificado&#8221;.<\/p>\n<p>&#8220;Paralelamente, refor\u00e7amos a rede para que mais centros e servi\u00e7os m\u00f3veis possam atender a todos os modelos de viaturas ligeiras e pesadas, garantindo conveni\u00eancia e proximidade. A transforma\u00e7\u00e3o digital continua no centro da estrat\u00e9gia, com ferramentas que reduzem a burocracia e agilizam processos, melhorando a experi\u00eancia do cliente. Ao mesmo tempo, aprofundamos o nosso compromisso com a sustentabilidade, seguindo o roadmap definido, posicionando a Glassdrive como o prestador com maior contributo para a sustentabilidade do mercado&#8221;, acrescentou.<\/p>\n<p>&#8220;Queremos crescer de forma respons\u00e1vel e alinhada com as exig\u00eancias do futuro, mantendo o equil\u00edbrio entre a for\u00e7a internacional do Grupo Saint-Gobain e a proximidade local da nossa rede de franchisados&#8221;, sublinhou.<\/p>\n<p>A expans\u00e3o da rede e o refor\u00e7o dos servi\u00e7os m\u00f3veis continuam a ser prioridades, com o objetivo de assegurar cobertura a ve\u00edculos ligeiros e pesados em todo o territ\u00f3rio nacional. Paralelamente, a empresa mant\u00e9m a aposta na digitaliza\u00e7\u00e3o dos processos, procurando reduzir a burocracia e melhorar a efici\u00eancia operacional e a experi\u00eancia do cliente.<\/p>\n<p>A sustentabilidade \u00e9 outro eixo central da estrat\u00e9gia. Em 2025, a Glassdrive definiu um roadmap com metas at\u00e9 2028, que inclui a promo\u00e7\u00e3o da repara\u00e7\u00e3o sempre que poss\u00edvel, a efici\u00eancia energ\u00e9tica e a gest\u00e3o respons\u00e1vel de recursos. No \u00faltimo ano, a marca foi distinguida com pr\u00e9mios como Escolha do Consumidor, Escolha Sustent\u00e1vel e Portal da Queixa.<\/p>\n<p>O ano de 2025 ficou tamb\u00e9m marcado pela abertura de dez novos centros em v\u00e1rias regi\u00f5es do pa\u00eds e pela transfer\u00eancia das opera\u00e7\u00f5es log\u00edsticas de Vialonga para um novo armaz\u00e9m no Carregado, com maior capacidade e melhores condi\u00e7\u00f5es t\u00e9cnicas.<\/p>\n<p>Integrada no <a href=\"https:\/\/www.saint-gobain.pt\/\" target=\"_blank\" rel=\"noopener\">grupo Saint-Gobain<\/a>, a Glassdrive opera em toda a cadeia de valor do vidro autom\u00f3vel, conciliando a escala internacional com uma rede de franchisados de forte implanta\u00e7\u00e3o local.<\/p>\n","protected":false},"excerpt":{"rendered":"<p>A Glassdrive vai abrir dois novos&#8230;<\/p>\n","protected":false},"author":15,"featured_media":111722,"comment_status":"closed","ping_status":"closed","sticky":false,"template":"","format":"standard","meta":{"footnotes":""},"categories":[29],"tags":[12848,2311,10822,14367,14366,8280],"class_list":["post-111712","post","type-post","status-publish","format-standard","has-post-thumbnail","hentry","category-empresas","tag-aberturas","tag-glassdrive","tag-grupo-saint-gobain","tag-novos-centros","tag-plano-de-investimento","tag-primeiro-trimestre"],"yoast_head":"<!-- This site is optimized with the Yoast SEO plugin v27.5 - https:\/\/yoast.com\/product\/yoast-seo-wordpress\/ -->\n<title>Glassdrive investe em dois novos centros em Portugal - Jornal das Oficinas<\/title>\n<meta name=\"description\" content=\"A Glassdrive vai abrir dois novos centros em Portugal ao longo do primeiro trimestre de 2026, no \u00e2mbito de um plano de investimento\" \/>\n<meta name=\"robots\" content=\"index, follow, max-snippet:-1, max-image-preview:large, max-video-preview:-1\" \/>\n<link rel=\"canonical\" href=\"https:\/\/jornaldasoficinas.com\/pt\/glassdrive-investe-em-dois-novos-centros-em-portugal\/\" \/>\n<meta property=\"og:locale\" content=\"pt_PT\" \/>\n<meta property=\"og:type\" content=\"article\" \/>\n<meta property=\"og:title\" content=\"Glassdrive investe em dois novos centros em Portugal - Jornal das Oficinas\" \/>\n<meta property=\"og:description\" content=\"A Glassdrive vai abrir dois novos centros em Portugal ao longo do primeiro trimestre de 2026, no \u00e2mbito de um plano de investimento\" \/>\n<meta property=\"og:url\" content=\"https:\/\/jornaldasoficinas.com\/pt\/glassdrive-investe-em-dois-novos-centros-em-portugal\/\" \/>\n<meta property=\"og:site_name\" content=\"Jornal das Oficinas\" \/>\n<meta property=\"article:publisher\" content=\"https:\/\/www.facebook.com\/jornaloficinas\" \/>\n<meta property=\"article:published_time\" content=\"2026-01-14T08:00:05+00:00\" \/>\n<meta property=\"og:image\" content=\"https:\/\/jornaldasoficinas.com\/pt\/wp-content\/uploads\/2026\/01\/Glassdrive-investe-em-dois-novos-centros-em-Portugal.jpg\" \/>\n\t<meta property=\"og:image:width\" content=\"1024\" \/>\n\t<meta property=\"og:image:height\" content=\"581\" \/>\n\t<meta property=\"og:image:type\" content=\"image\/jpeg\" \/>\n<meta name=\"author\" content=\"Reda\u00e7\u00e3o JO\" \/>\n<meta name=\"twitter:card\" content=\"summary_large_image\" \/>\n<meta name=\"twitter:creator\" content=\"@jornaloficinas\" \/>\n<meta name=\"twitter:site\" content=\"@jornaloficinas\" \/>\n<meta name=\"twitter:label1\" content=\"Escrito por\" \/>\n\t<meta name=\"twitter:data1\" content=\"Reda\u00e7\u00e3o JO\" \/>\n\t<meta name=\"twitter:label2\" content=\"Tempo estimado de leitura\" \/>\n\t<meta name=\"twitter:data2\" content=\"3 minutos\" \/>\n<script type=\"application\/ld+json\" class=\"yoast-schema-graph\">{\"@context\":\"https:\\\/\\\/schema.org\",\"@graph\":[{\"@type\":\"Article\",\"@id\":\"https:\\\/\\\/jornaldasoficinas.com\\\/pt\\\/glassdrive-investe-em-dois-novos-centros-em-portugal\\\/#article\",\"isPartOf\":{\"@id\":\"https:\\\/\\\/jornaldasoficinas.com\\\/pt\\\/glassdrive-investe-em-dois-novos-centros-em-portugal\\\/\"},\"author\":{\"name\":\"Reda\u00e7\u00e3o JO\",\"@id\":\"https:\\\/\\\/jornaldasoficinas.com\\\/pt\\\/#\\\/schema\\\/person\\\/a38eef5de2c41d9e7c9ac10141afddf3\"},\"headline\":\"Glassdrive investe em dois novos centros em Portugal\",\"datePublished\":\"2026-01-14T08:00:05+00:00\",\"mainEntityOfPage\":{\"@id\":\"https:\\\/\\\/jornaldasoficinas.com\\\/pt\\\/glassdrive-investe-em-dois-novos-centros-em-portugal\\\/\"},\"wordCount\":485,\"publisher\":{\"@id\":\"https:\\\/\\\/jornaldasoficinas.com\\\/pt\\\/#organization\"},\"image\":{\"@id\":\"https:\\\/\\\/jornaldasoficinas.com\\\/pt\\\/glassdrive-investe-em-dois-novos-centros-em-portugal\\\/#primaryimage\"},\"thumbnailUrl\":\"https:\\\/\\\/jornaldasoficinas.com\\\/pt\\\/wp-content\\\/uploads\\\/2026\\\/01\\\/Glassdrive-investe-em-dois-novos-centros-em-Portugal.jpg\",\"keywords\":[\"aberturas\",\"Glassdrive\",\"Grupo Saint-Gobain\",\"novos centros\",\"plano de investimento\",\"primeiro trimestre\"],\"articleSection\":[\"Empresas\"],\"inLanguage\":\"pt-PT\"},{\"@type\":\"WebPage\",\"@id\":\"https:\\\/\\\/jornaldasoficinas.com\\\/pt\\\/glassdrive-investe-em-dois-novos-centros-em-portugal\\\/\",\"url\":\"https:\\\/\\\/jornaldasoficinas.com\\\/pt\\\/glassdrive-investe-em-dois-novos-centros-em-portugal\\\/\",\"name\":\"Glassdrive investe em dois novos centros em Portugal - Jornal das Oficinas\",\"isPartOf\":{\"@id\":\"https:\\\/\\\/jornaldasoficinas.com\\\/pt\\\/#website\"},\"primaryImageOfPage\":{\"@id\":\"https:\\\/\\\/jornaldasoficinas.com\\\/pt\\\/glassdrive-investe-em-dois-novos-centros-em-portugal\\\/#primaryimage\"},\"image\":{\"@id\":\"https:\\\/\\\/jornaldasoficinas.com\\\/pt\\\/glassdrive-investe-em-dois-novos-centros-em-portugal\\\/#primaryimage\"},\"thumbnailUrl\":\"https:\\\/\\\/jornaldasoficinas.com\\\/pt\\\/wp-content\\\/uploads\\\/2026\\\/01\\\/Glassdrive-investe-em-dois-novos-centros-em-Portugal.jpg\",\"datePublished\":\"2026-01-14T08:00:05+00:00\",\"description\":\"A Glassdrive vai abrir dois novos centros em Portugal ao longo do primeiro trimestre de 2026, no \u00e2mbito de um plano de investimento\",\"breadcrumb\":{\"@id\":\"https:\\\/\\\/jornaldasoficinas.com\\\/pt\\\/glassdrive-investe-em-dois-novos-centros-em-portugal\\\/#breadcrumb\"},\"inLanguage\":\"pt-PT\",\"potentialAction\":[{\"@type\":\"ReadAction\",\"target\":[\"https:\\\/\\\/jornaldasoficinas.com\\\/pt\\\/glassdrive-investe-em-dois-novos-centros-em-portugal\\\/\"]}]},{\"@type\":\"ImageObject\",\"inLanguage\":\"pt-PT\",\"@id\":\"https:\\\/\\\/jornaldasoficinas.com\\\/pt\\\/glassdrive-investe-em-dois-novos-centros-em-portugal\\\/#primaryimage\",\"url\":\"https:\\\/\\\/jornaldasoficinas.com\\\/pt\\\/wp-content\\\/uploads\\\/2026\\\/01\\\/Glassdrive-investe-em-dois-novos-centros-em-Portugal.jpg\",\"contentUrl\":\"https:\\\/\\\/jornaldasoficinas.com\\\/pt\\\/wp-content\\\/uploads\\\/2026\\\/01\\\/Glassdrive-investe-em-dois-novos-centros-em-Portugal.jpg\",\"width\":1024,\"height\":581,\"caption\":\"01 - Glassdrive investe em dois novos centros em Portugal\"},{\"@type\":\"BreadcrumbList\",\"@id\":\"https:\\\/\\\/jornaldasoficinas.com\\\/pt\\\/glassdrive-investe-em-dois-novos-centros-em-portugal\\\/#breadcrumb\",\"itemListElement\":[{\"@type\":\"ListItem\",\"position\":1,\"name\":\"In\u00edcio\",\"item\":\"https:\\\/\\\/jornaldasoficinas.com\\\/pt\\\/\"},{\"@type\":\"ListItem\",\"position\":2,\"name\":\"Glassdrive investe em dois novos centros em Portugal\"}]},{\"@type\":\"WebSite\",\"@id\":\"https:\\\/\\\/jornaldasoficinas.com\\\/pt\\\/#website\",\"url\":\"https:\\\/\\\/jornaldasoficinas.com\\\/pt\\\/\",\"name\":\"Jornal das Oficinas\",\"description\":\"Jornal independente do Aftermarket Autom\u00f3vel em Portugal\",\"publisher\":{\"@id\":\"https:\\\/\\\/jornaldasoficinas.com\\\/pt\\\/#organization\"},\"potentialAction\":[{\"@type\":\"SearchAction\",\"target\":{\"@type\":\"EntryPoint\",\"urlTemplate\":\"https:\\\/\\\/jornaldasoficinas.com\\\/pt\\\/?s={search_term_string}\"},\"query-input\":{\"@type\":\"PropertyValueSpecification\",\"valueRequired\":true,\"valueName\":\"search_term_string\"}}],\"inLanguage\":\"pt-PT\"},{\"@type\":\"Organization\",\"@id\":\"https:\\\/\\\/jornaldasoficinas.com\\\/pt\\\/#organization\",\"name\":\"Jornal das Oficinas\",\"url\":\"https:\\\/\\\/jornaldasoficinas.com\\\/pt\\\/\",\"logo\":{\"@type\":\"ImageObject\",\"inLanguage\":\"pt-PT\",\"@id\":\"https:\\\/\\\/jornaldasoficinas.com\\\/pt\\\/#\\\/schema\\\/logo\\\/image\\\/\",\"url\":\"https:\\\/\\\/jornaldasoficinas.com\\\/pt\\\/wp-content\\\/uploads\\\/logoJO-SEO.png\",\"contentUrl\":\"https:\\\/\\\/jornaldasoficinas.com\\\/pt\\\/wp-content\\\/uploads\\\/logoJO-SEO.png\",\"width\":285,\"height\":450,\"caption\":\"Jornal das Oficinas\"},\"image\":{\"@id\":\"https:\\\/\\\/jornaldasoficinas.com\\\/pt\\\/#\\\/schema\\\/logo\\\/image\\\/\"},\"sameAs\":[\"https:\\\/\\\/www.facebook.com\\\/jornaloficinas\",\"https:\\\/\\\/x.com\\\/jornaloficinas\",\"https:\\\/\\\/www.instagram.com\\\/jornal_oficinas\\\/\",\"https:\\\/\\\/www.linkedin.com\\\/company\\\/jornal-das-oficinas\\\/\",\"https:\\\/\\\/www.youtube.com\\\/channel\\\/UCbQZBqtcvV-oSQrr7RzINGg\"]},{\"@type\":\"Person\",\"@id\":\"https:\\\/\\\/jornaldasoficinas.com\\\/pt\\\/#\\\/schema\\\/person\\\/a38eef5de2c41d9e7c9ac10141afddf3\",\"name\":\"Reda\u00e7\u00e3o JO\",\"image\":{\"@type\":\"ImageObject\",\"inLanguage\":\"pt-PT\",\"@id\":\"https:\\\/\\\/secure.gravatar.com\\\/avatar\\\/71f2fa71737ad68a84fea94bc708ddac8ea5b0c4788dc2ad202f3ccb2887742f?s=96&d=wp_user_avatar&r=g\",\"url\":\"https:\\\/\\\/secure.gravatar.com\\\/avatar\\\/71f2fa71737ad68a84fea94bc708ddac8ea5b0c4788dc2ad202f3ccb2887742f?s=96&d=wp_user_avatar&r=g\",\"contentUrl\":\"https:\\\/\\\/secure.gravatar.com\\\/avatar\\\/71f2fa71737ad68a84fea94bc708ddac8ea5b0c4788dc2ad202f3ccb2887742f?s=96&d=wp_user_avatar&r=g\",\"caption\":\"Reda\u00e7\u00e3o JO\"},\"url\":\"https:\\\/\\\/jornaldasoficinas.com\\\/pt\\\/author\\\/joredacao\\\/\"}]}<\/script>\n<!-- \/ Yoast SEO plugin. -->","yoast_head_json":{"title":"Glassdrive investe em dois novos centros em Portugal - Jornal das Oficinas","description":"A Glassdrive vai abrir dois novos centros em Portugal ao longo do primeiro trimestre de 2026, no \u00e2mbito de um plano de investimento","robots":{"index":"index","follow":"follow","max-snippet":"max-snippet:-1","max-image-preview":"max-image-preview:large","max-video-preview":"max-video-preview:-1"},"canonical":"https:\/\/jornaldasoficinas.com\/pt\/glassdrive-investe-em-dois-novos-centros-em-portugal\/","og_locale":"pt_PT","og_type":"article","og_title":"Glassdrive investe em dois novos centros em Portugal - Jornal das Oficinas","og_description":"A Glassdrive vai abrir dois novos centros em Portugal ao longo do primeiro trimestre de 2026, no \u00e2mbito de um plano de investimento","og_url":"https:\/\/jornaldasoficinas.com\/pt\/glassdrive-investe-em-dois-novos-centros-em-portugal\/","og_site_name":"Jornal das Oficinas","article_publisher":"https:\/\/www.facebook.com\/jornaloficinas","article_published_time":"2026-01-14T08:00:05+00:00","og_image":[{"width":1024,"height":581,"url":"https:\/\/jornaldasoficinas.com\/pt\/wp-content\/uploads\/2026\/01\/Glassdrive-investe-em-dois-novos-centros-em-Portugal.jpg","type":"image\/jpeg"}],"author":"Reda\u00e7\u00e3o JO","twitter_card":"summary_large_image","twitter_creator":"@jornaloficinas","twitter_site":"@jornaloficinas","twitter_misc":{"Escrito por":"Reda\u00e7\u00e3o JO","Tempo estimado de leitura":"3 minutos"},"schema":{"@context":"https:\/\/schema.org","@graph":[{"@type":"Article","@id":"https:\/\/jornaldasoficinas.com\/pt\/glassdrive-investe-em-dois-novos-centros-em-portugal\/#article","isPartOf":{"@id":"https:\/\/jornaldasoficinas.com\/pt\/glassdrive-investe-em-dois-novos-centros-em-portugal\/"},"author":{"name":"Reda\u00e7\u00e3o JO","@id":"https:\/\/jornaldasoficinas.com\/pt\/#\/schema\/person\/a38eef5de2c41d9e7c9ac10141afddf3"},"headline":"Glassdrive investe em dois novos centros em Portugal","datePublished":"2026-01-14T08:00:05+00:00","mainEntityOfPage":{"@id":"https:\/\/jornaldasoficinas.com\/pt\/glassdrive-investe-em-dois-novos-centros-em-portugal\/"},"wordCount":485,"publisher":{"@id":"https:\/\/jornaldasoficinas.com\/pt\/#organization"},"image":{"@id":"https:\/\/jornaldasoficinas.com\/pt\/glassdrive-investe-em-dois-novos-centros-em-portugal\/#primaryimage"},"thumbnailUrl":"https:\/\/jornaldasoficinas.com\/pt\/wp-content\/uploads\/2026\/01\/Glassdrive-investe-em-dois-novos-centros-em-Portugal.jpg","keywords":["aberturas","Glassdrive","Grupo Saint-Gobain","novos centros","plano de investimento","primeiro trimestre"],"articleSection":["Empresas"],"inLanguage":"pt-PT"},{"@type":"WebPage","@id":"https:\/\/jornaldasoficinas.com\/pt\/glassdrive-investe-em-dois-novos-centros-em-portugal\/","url":"https:\/\/jornaldasoficinas.com\/pt\/glassdrive-investe-em-dois-novos-centros-em-portugal\/","name":"Glassdrive investe em dois novos centros em Portugal - Jornal das Oficinas","isPartOf":{"@id":"https:\/\/jornaldasoficinas.com\/pt\/#website"},"primaryImageOfPage":{"@id":"https:\/\/jornaldasoficinas.com\/pt\/glassdrive-investe-em-dois-novos-centros-em-portugal\/#primaryimage"},"image":{"@id":"https:\/\/jornaldasoficinas.com\/pt\/glassdrive-investe-em-dois-novos-centros-em-portugal\/#primaryimage"},"thumbnailUrl":"https:\/\/jornaldasoficinas.com\/pt\/wp-content\/uploads\/2026\/01\/Glassdrive-investe-em-dois-novos-centros-em-Portugal.jpg","datePublished":"2026-01-14T08:00:05+00:00","description":"A Glassdrive vai abrir dois novos centros em Portugal ao longo do primeiro trimestre de 2026, no \u00e2mbito de um plano de investimento","breadcrumb":{"@id":"https:\/\/jornaldasoficinas.com\/pt\/glassdrive-investe-em-dois-novos-centros-em-portugal\/#breadcrumb"},"inLanguage":"pt-PT","potentialAction":[{"@type":"ReadAction","target":["https:\/\/jornaldasoficinas.com\/pt\/glassdrive-investe-em-dois-novos-centros-em-portugal\/"]}]},{"@type":"ImageObject","inLanguage":"pt-PT","@id":"https:\/\/jornaldasoficinas.com\/pt\/glassdrive-investe-em-dois-novos-centros-em-portugal\/#primaryimage","url":"https:\/\/jornaldasoficinas.com\/pt\/wp-content\/uploads\/2026\/01\/Glassdrive-investe-em-dois-novos-centros-em-Portugal.jpg","contentUrl":"https:\/\/jornaldasoficinas.com\/pt\/wp-content\/uploads\/2026\/01\/Glassdrive-investe-em-dois-novos-centros-em-Portugal.jpg","width":1024,"height":581,"caption":"01 - Glassdrive investe em dois novos centros em Portugal"},{"@type":"BreadcrumbList","@id":"https:\/\/jornaldasoficinas.com\/pt\/glassdrive-investe-em-dois-novos-centros-em-portugal\/#breadcrumb","itemListElement":[{"@type":"ListItem","position":1,"name":"In\u00edcio","item":"https:\/\/jornaldasoficinas.com\/pt\/"},{"@type":"ListItem","position":2,"name":"Glassdrive investe em dois novos centros em Portugal"}]},{"@type":"WebSite","@id":"https:\/\/jornaldasoficinas.com\/pt\/#website","url":"https:\/\/jornaldasoficinas.com\/pt\/","name":"Jornal das Oficinas","description":"Jornal independente do Aftermarket Autom\u00f3vel em Portugal","publisher":{"@id":"https:\/\/jornaldasoficinas.com\/pt\/#organization"},"potentialAction":[{"@type":"SearchAction","target":{"@type":"EntryPoint","urlTemplate":"https:\/\/jornaldasoficinas.com\/pt\/?s={search_term_string}"},"query-input":{"@type":"PropertyValueSpecification","valueRequired":true,"valueName":"search_term_string"}}],"inLanguage":"pt-PT"},{"@type":"Organization","@id":"https:\/\/jornaldasoficinas.com\/pt\/#organization","name":"Jornal das Oficinas","url":"https:\/\/jornaldasoficinas.com\/pt\/","logo":{"@type":"ImageObject","inLanguage":"pt-PT","@id":"https:\/\/jornaldasoficinas.com\/pt\/#\/schema\/logo\/image\/","url":"https:\/\/jornaldasoficinas.com\/pt\/wp-content\/uploads\/logoJO-SEO.png","contentUrl":"https:\/\/jornaldasoficinas.com\/pt\/wp-content\/uploads\/logoJO-SEO.png","width":285,"height":450,"caption":"Jornal das Oficinas"},"image":{"@id":"https:\/\/jornaldasoficinas.com\/pt\/#\/schema\/logo\/image\/"},"sameAs":["https:\/\/www.facebook.com\/jornaloficinas","https:\/\/x.com\/jornaloficinas","https:\/\/www.instagram.com\/jornal_oficinas\/","https:\/\/www.linkedin.com\/company\/jornal-das-oficinas\/","https:\/\/www.youtube.com\/channel\/UCbQZBqtcvV-oSQrr7RzINGg"]},{"@type":"Person","@id":"https:\/\/jornaldasoficinas.com\/pt\/#\/schema\/person\/a38eef5de2c41d9e7c9ac10141afddf3","name":"Reda\u00e7\u00e3o JO","image":{"@type":"ImageObject","inLanguage":"pt-PT","@id":"https:\/\/secure.gravatar.com\/avatar\/71f2fa71737ad68a84fea94bc708ddac8ea5b0c4788dc2ad202f3ccb2887742f?s=96&d=wp_user_avatar&r=g","url":"https:\/\/secure.gravatar.com\/avatar\/71f2fa71737ad68a84fea94bc708ddac8ea5b0c4788dc2ad202f3ccb2887742f?s=96&d=wp_user_avatar&r=g","contentUrl":"https:\/\/secure.gravatar.com\/avatar\/71f2fa71737ad68a84fea94bc708ddac8ea5b0c4788dc2ad202f3ccb2887742f?s=96&d=wp_user_avatar&r=g","caption":"Reda\u00e7\u00e3o JO"},"url":"https:\/\/jornaldasoficinas.com\/pt\/author\/joredacao\/"}]}},"_links":{"self":[{"href":"https:\/\/jornaldasoficinas.com\/pt\/wp-json\/wp\/v2\/posts\/111712","targetHints":{"allow":["GET"]}}],"collection":[{"href":"https:\/\/jornaldasoficinas.com\/pt\/wp-json\/wp\/v2\/posts"}],"about":[{"href":"https:\/\/jornaldasoficinas.com\/pt\/wp-json\/wp\/v2\/types\/post"}],"author":[{"embeddable":true,"href":"https:\/\/jornaldasoficinas.com\/pt\/wp-json\/wp\/v2\/users\/15"}],"replies":[{"embeddable":true,"href":"https:\/\/jornaldasoficinas.com\/pt\/wp-json\/wp\/v2\/comments?post=111712"}],"version-history":[{"count":6,"href":"https:\/\/jornaldasoficinas.com\/pt\/wp-json\/wp\/v2\/posts\/111712\/revisions"}],"predecessor-version":[{"id":111723,"href":"https:\/\/jornaldasoficinas.com\/pt\/wp-json\/wp\/v2\/posts\/111712\/revisions\/111723"}],"wp:featuredmedia":[{"embeddable":true,"href":"https:\/\/jornaldasoficinas.com\/pt\/wp-json\/wp\/v2\/media\/111722"}],"wp:attachment":[{"href":"https:\/\/jornaldasoficinas.com\/pt\/wp-json\/wp\/v2\/media?parent=111712"}],"wp:term":[{"taxonomy":"category","embeddable":true,"href":"https:\/\/jornaldasoficinas.com\/pt\/wp-json\/wp\/v2\/categories?post=111712"},{"taxonomy":"post_tag","embeddable":true,"href":"https:\/\/jornaldasoficinas.com\/pt\/wp-json\/wp\/v2\/tags?post=111712"}],"curies":[{"name":"wp","href":"https:\/\/api.w.org\/{rel}","templated":true}]}}