{"id":111738,"date":"2026-01-14T14:00:45","date_gmt":"2026-01-14T14:00:45","guid":{"rendered":"https:\/\/jornaldasoficinas.com\/pt\/?p=111738"},"modified":"2026-01-14T12:38:46","modified_gmt":"2026-01-14T12:38:46","slug":"nexus-cria-nova-empresa-para-centralizar-compras-dos-membros","status":"publish","type":"post","link":"https:\/\/jornaldasoficinas.com\/pt\/nexus-cria-nova-empresa-para-centralizar-compras-dos-membros\/","title":{"rendered":"NEXUS cria nova empresa para centralizar compras dos membros"},"content":{"rendered":"<p><strong><img loading=\"lazy\" decoding=\"async\" class=\"alignnone size-full wp-image-111755\" src=\"https:\/\/jornaldasoficinas.com\/pt\/wp-content\/uploads\/2026\/01\/NEXUS-cria-nova-empresa-para-centralizar-compras-dos-membros.jpg\" alt=\"01 - NEXUS cria nova empresa para centralizar compras dos membros\" width=\"1024\" height=\"581\" srcset=\"https:\/\/jornaldasoficinas.com\/pt\/wp-content\/uploads\/2026\/01\/NEXUS-cria-nova-empresa-para-centralizar-compras-dos-membros.jpg 1024w, https:\/\/jornaldasoficinas.com\/pt\/wp-content\/uploads\/2026\/01\/NEXUS-cria-nova-empresa-para-centralizar-compras-dos-membros-300x170.jpg 300w, https:\/\/jornaldasoficinas.com\/pt\/wp-content\/uploads\/2026\/01\/NEXUS-cria-nova-empresa-para-centralizar-compras-dos-membros-150x85.jpg 150w, https:\/\/jornaldasoficinas.com\/pt\/wp-content\/uploads\/2026\/01\/NEXUS-cria-nova-empresa-para-centralizar-compras-dos-membros-768x436.jpg 768w\" sizes=\"auto, (max-width: 1024px) 100vw, 1024px\" \/><\/strong><\/p>\n<p><strong>A <a href=\"https:\/\/www.nexusautomotiveinternational.eu\/\" target=\"_blank\" rel=\"noopener\">NEXUS Automotive International<\/a> anunciou a cria\u00e7\u00e3o da Partivia, uma nova empresa destinada a centralizar e estruturar as atividades de compras dos seus membros\u00a0<\/strong><\/p>\n<p>Concebida de forma escal\u00e1vel, a Partivia assenta num plano de desenvolvimento de longo prazo que permitir\u00e1 a expans\u00e3o progressiva do seu \u00e2mbito e das suas capacidades, em linha com a satisfa\u00e7\u00e3o dos fornecedores, as necessidades dos membros e a evolu\u00e7\u00e3o da din\u00e2mica do mercado.<\/p>\n<p>Fundada por 13 acionistas do ecossistema NEXUS, a empresa nasce com um modelo aberto e j\u00e1 est\u00e1 a atrair o interesse de potenciais novos membros, sinalizando ambi\u00e7\u00f5es de \u00a0crescimento a longo prazo.<\/p>\n<p>A cria\u00e7\u00e3o da Partivia refor\u00e7a o segundo pilar da estrat\u00e9gia da NEXUS, dedicado \u00e0s atividades transacionais, que inclui o programa SmartParts. A integra\u00e7\u00e3o desta nova empresa representa, assim, um marco importante no percurso para a cria\u00e7\u00e3o do NEXUS Group at\u00e9 2028.<\/p>\n<p>A Partivia pretende refor\u00e7ar o alinhamento e aumentar a taxa de conformidade com os Parceiros Industriais da NEXUS, proporcionando condi\u00e7\u00f5es de compra mais competitivas, uma gest\u00e3o de categorias mais harmonizada e um modelo de compras colaborativo e orientado para o futuro, capaz de responder \u00e0s necessidades em constante evolu\u00e7\u00e3o de distribuidores e fornecedores do aftermarket.<\/p>\n<p>A implementa\u00e7\u00e3o das atividades da Partivia ser\u00e1 feita de forma faseada, come\u00e7ando por uma fase operacional inicial que envolver\u00e1 os acionistas fundadores e os primeiros membros. Esta abordagem permitir\u00e1 afinar o modelo de compras e alinhar as estrat\u00e9gias de gest\u00e3o de categorias, garantindo que a cria\u00e7\u00e3o de valor \u00e9 plenamente validada antes da expans\u00e3o a uma base mais alargada de membros.<\/p>\n<p>A Partivia ser\u00e1 liderada por Roberto Roggeband, profissional com 20 anos de experi\u00eancia no aftermarket autom\u00f3vel e um percurso s\u00f3lido na gest\u00e3o internacional de produto e compras. Ao longo da sua carreira, Roggeband desempenhou fun\u00e7\u00f5es tanto no lado dos fornecedores como da distribui\u00e7\u00e3o, com passagens por empresas como o ZF Group, o CWS-boco Group e a Magneti Marelli Aftermarket. A sua experi\u00eancia estrat\u00e9gica, operacional e internacional ser\u00e1 determinante para o desenvolvimento e sucesso da Partivia a longo prazo.<\/p>\n<p>&#8220;A Partivia tem como objetivo criar uma nova realidade para as compras no aftermarket \u2013 mais forte, mais estruturada e mais alinhada com a din\u00e2mica atual do mercado&#8221;, afirmou Roberto Roggeband, Chief Operating Officer da Partivia. &#8220;Ao reunir acionistas empenhados e com escala relevante, estamos a construir uma opera\u00e7\u00e3o que gera valor tang\u00edvel, mantendo-se aberta, \u00e1gil e orientada para o futuro&#8221;.<\/p>\n<p>&#8220;Com uma base acionista s\u00f3lida, uma vis\u00e3o estrat\u00e9gica clara e um crescente interesse por parte de potenciais membros, a Partivia representa um passo importante no compromisso cont\u00ednuo da NEXUS Automotive International com a consolida\u00e7\u00e3o, a colabora\u00e7\u00e3o e a cria\u00e7\u00e3o de valor no aftermarket autom\u00f3vel global&#8221;, finalizou Ga\u00ebl Escribe, CEO da NEXUS Automotive International.<\/p>\n","protected":false},"excerpt":{"rendered":"<p>A NEXUS Automotive International anunciou a&#8230;<\/p>\n","protected":false},"author":15,"featured_media":111755,"comment_status":"closed","ping_status":"closed","sticky":false,"template":"","format":"standard","meta":{"footnotes":""},"categories":[29],"tags":[14372,7390,3798,9042,14371,14373],"class_list":["post-111738","post","type-post","status-publish","format-standard","has-post-thumbnail","hentry","category-empresas","tag-centralizacao-de-compras","tag-membros","tag-nexus","tag-nova-empresa","tag-partivia","tag-programa-smartparts"],"yoast_head":"<!-- This site is optimized with the Yoast SEO plugin v27.5 - https:\/\/yoast.com\/product\/yoast-seo-wordpress\/ -->\n<title>NEXUS cria nova empresa para centralizar compras dos membros - Jornal das Oficinas<\/title>\n<meta name=\"description\" content=\"A NEXUS anunciou a cria\u00e7\u00e3o da Partivia, uma nova empresa destinada a centralizar e estruturar as atividades de compras dos seus membros\u00a0\" \/>\n<meta name=\"robots\" content=\"index, follow, max-snippet:-1, max-image-preview:large, max-video-preview:-1\" \/>\n<link rel=\"canonical\" href=\"https:\/\/jornaldasoficinas.com\/pt\/nexus-cria-nova-empresa-para-centralizar-compras-dos-membros\/\" \/>\n<meta property=\"og:locale\" content=\"pt_PT\" \/>\n<meta property=\"og:type\" content=\"article\" \/>\n<meta property=\"og:title\" content=\"NEXUS cria nova empresa para centralizar compras dos membros - Jornal das Oficinas\" \/>\n<meta property=\"og:description\" content=\"A NEXUS anunciou a cria\u00e7\u00e3o da Partivia, uma nova empresa destinada a centralizar e estruturar as atividades de compras dos seus membros\u00a0\" \/>\n<meta property=\"og:url\" content=\"https:\/\/jornaldasoficinas.com\/pt\/nexus-cria-nova-empresa-para-centralizar-compras-dos-membros\/\" \/>\n<meta property=\"og:site_name\" content=\"Jornal das Oficinas\" \/>\n<meta property=\"article:publisher\" content=\"https:\/\/www.facebook.com\/jornaloficinas\" \/>\n<meta property=\"article:published_time\" content=\"2026-01-14T14:00:45+00:00\" \/>\n<meta property=\"og:image\" content=\"https:\/\/jornaldasoficinas.com\/pt\/wp-content\/uploads\/2026\/01\/NEXUS-cria-nova-empresa-para-centralizar-compras-dos-membros.jpg\" \/>\n\t<meta property=\"og:image:width\" content=\"1024\" \/>\n\t<meta property=\"og:image:height\" content=\"581\" \/>\n\t<meta property=\"og:image:type\" content=\"image\/jpeg\" \/>\n<meta name=\"author\" content=\"Reda\u00e7\u00e3o JO\" \/>\n<meta name=\"twitter:card\" content=\"summary_large_image\" \/>\n<meta name=\"twitter:creator\" content=\"@jornaloficinas\" \/>\n<meta name=\"twitter:site\" content=\"@jornaloficinas\" \/>\n<meta name=\"twitter:label1\" content=\"Escrito por\" \/>\n\t<meta name=\"twitter:data1\" content=\"Reda\u00e7\u00e3o JO\" \/>\n\t<meta name=\"twitter:label2\" content=\"Tempo estimado de leitura\" \/>\n\t<meta name=\"twitter:data2\" content=\"3 minutos\" \/>\n<script type=\"application\/ld+json\" class=\"yoast-schema-graph\">{\"@context\":\"https:\\\/\\\/schema.org\",\"@graph\":[{\"@type\":\"Article\",\"@id\":\"https:\\\/\\\/jornaldasoficinas.com\\\/pt\\\/nexus-cria-nova-empresa-para-centralizar-compras-dos-membros\\\/#article\",\"isPartOf\":{\"@id\":\"https:\\\/\\\/jornaldasoficinas.com\\\/pt\\\/nexus-cria-nova-empresa-para-centralizar-compras-dos-membros\\\/\"},\"author\":{\"name\":\"Reda\u00e7\u00e3o JO\",\"@id\":\"https:\\\/\\\/jornaldasoficinas.com\\\/pt\\\/#\\\/schema\\\/person\\\/a38eef5de2c41d9e7c9ac10141afddf3\"},\"headline\":\"NEXUS cria nova empresa para centralizar compras dos membros\",\"datePublished\":\"2026-01-14T14:00:45+00:00\",\"mainEntityOfPage\":{\"@id\":\"https:\\\/\\\/jornaldasoficinas.com\\\/pt\\\/nexus-cria-nova-empresa-para-centralizar-compras-dos-membros\\\/\"},\"wordCount\":495,\"publisher\":{\"@id\":\"https:\\\/\\\/jornaldasoficinas.com\\\/pt\\\/#organization\"},\"image\":{\"@id\":\"https:\\\/\\\/jornaldasoficinas.com\\\/pt\\\/nexus-cria-nova-empresa-para-centralizar-compras-dos-membros\\\/#primaryimage\"},\"thumbnailUrl\":\"https:\\\/\\\/jornaldasoficinas.com\\\/pt\\\/wp-content\\\/uploads\\\/2026\\\/01\\\/NEXUS-cria-nova-empresa-para-centralizar-compras-dos-membros.jpg\",\"keywords\":[\"centraliza\u00e7\u00e3o de compras\",\"membros\",\"Nexus\",\"nova empresa\",\"Partivia\",\"programa SmartParts\"],\"articleSection\":[\"Empresas\"],\"inLanguage\":\"pt-PT\"},{\"@type\":\"WebPage\",\"@id\":\"https:\\\/\\\/jornaldasoficinas.com\\\/pt\\\/nexus-cria-nova-empresa-para-centralizar-compras-dos-membros\\\/\",\"url\":\"https:\\\/\\\/jornaldasoficinas.com\\\/pt\\\/nexus-cria-nova-empresa-para-centralizar-compras-dos-membros\\\/\",\"name\":\"NEXUS cria nova empresa para centralizar compras dos membros - Jornal das Oficinas\",\"isPartOf\":{\"@id\":\"https:\\\/\\\/jornaldasoficinas.com\\\/pt\\\/#website\"},\"primaryImageOfPage\":{\"@id\":\"https:\\\/\\\/jornaldasoficinas.com\\\/pt\\\/nexus-cria-nova-empresa-para-centralizar-compras-dos-membros\\\/#primaryimage\"},\"image\":{\"@id\":\"https:\\\/\\\/jornaldasoficinas.com\\\/pt\\\/nexus-cria-nova-empresa-para-centralizar-compras-dos-membros\\\/#primaryimage\"},\"thumbnailUrl\":\"https:\\\/\\\/jornaldasoficinas.com\\\/pt\\\/wp-content\\\/uploads\\\/2026\\\/01\\\/NEXUS-cria-nova-empresa-para-centralizar-compras-dos-membros.jpg\",\"datePublished\":\"2026-01-14T14:00:45+00:00\",\"description\":\"A NEXUS anunciou a cria\u00e7\u00e3o da Partivia, uma nova empresa destinada a centralizar e estruturar as atividades de compras dos seus membros\u00a0\",\"breadcrumb\":{\"@id\":\"https:\\\/\\\/jornaldasoficinas.com\\\/pt\\\/nexus-cria-nova-empresa-para-centralizar-compras-dos-membros\\\/#breadcrumb\"},\"inLanguage\":\"pt-PT\",\"potentialAction\":[{\"@type\":\"ReadAction\",\"target\":[\"https:\\\/\\\/jornaldasoficinas.com\\\/pt\\\/nexus-cria-nova-empresa-para-centralizar-compras-dos-membros\\\/\"]}]},{\"@type\":\"ImageObject\",\"inLanguage\":\"pt-PT\",\"@id\":\"https:\\\/\\\/jornaldasoficinas.com\\\/pt\\\/nexus-cria-nova-empresa-para-centralizar-compras-dos-membros\\\/#primaryimage\",\"url\":\"https:\\\/\\\/jornaldasoficinas.com\\\/pt\\\/wp-content\\\/uploads\\\/2026\\\/01\\\/NEXUS-cria-nova-empresa-para-centralizar-compras-dos-membros.jpg\",\"contentUrl\":\"https:\\\/\\\/jornaldasoficinas.com\\\/pt\\\/wp-content\\\/uploads\\\/2026\\\/01\\\/NEXUS-cria-nova-empresa-para-centralizar-compras-dos-membros.jpg\",\"width\":1024,\"height\":581,\"caption\":\"01 - NEXUS cria nova empresa para centralizar compras dos membros\"},{\"@type\":\"BreadcrumbList\",\"@id\":\"https:\\\/\\\/jornaldasoficinas.com\\\/pt\\\/nexus-cria-nova-empresa-para-centralizar-compras-dos-membros\\\/#breadcrumb\",\"itemListElement\":[{\"@type\":\"ListItem\",\"position\":1,\"name\":\"In\u00edcio\",\"item\":\"https:\\\/\\\/jornaldasoficinas.com\\\/pt\\\/\"},{\"@type\":\"ListItem\",\"position\":2,\"name\":\"NEXUS cria nova empresa para centralizar compras dos membros\"}]},{\"@type\":\"WebSite\",\"@id\":\"https:\\\/\\\/jornaldasoficinas.com\\\/pt\\\/#website\",\"url\":\"https:\\\/\\\/jornaldasoficinas.com\\\/pt\\\/\",\"name\":\"Jornal das Oficinas\",\"description\":\"Jornal independente do Aftermarket Autom\u00f3vel em Portugal\",\"publisher\":{\"@id\":\"https:\\\/\\\/jornaldasoficinas.com\\\/pt\\\/#organization\"},\"potentialAction\":[{\"@type\":\"SearchAction\",\"target\":{\"@type\":\"EntryPoint\",\"urlTemplate\":\"https:\\\/\\\/jornaldasoficinas.com\\\/pt\\\/?s={search_term_string}\"},\"query-input\":{\"@type\":\"PropertyValueSpecification\",\"valueRequired\":true,\"valueName\":\"search_term_string\"}}],\"inLanguage\":\"pt-PT\"},{\"@type\":\"Organization\",\"@id\":\"https:\\\/\\\/jornaldasoficinas.com\\\/pt\\\/#organization\",\"name\":\"Jornal das Oficinas\",\"url\":\"https:\\\/\\\/jornaldasoficinas.com\\\/pt\\\/\",\"logo\":{\"@type\":\"ImageObject\",\"inLanguage\":\"pt-PT\",\"@id\":\"https:\\\/\\\/jornaldasoficinas.com\\\/pt\\\/#\\\/schema\\\/logo\\\/image\\\/\",\"url\":\"https:\\\/\\\/jornaldasoficinas.com\\\/pt\\\/wp-content\\\/uploads\\\/logoJO-SEO.png\",\"contentUrl\":\"https:\\\/\\\/jornaldasoficinas.com\\\/pt\\\/wp-content\\\/uploads\\\/logoJO-SEO.png\",\"width\":285,\"height\":450,\"caption\":\"Jornal das Oficinas\"},\"image\":{\"@id\":\"https:\\\/\\\/jornaldasoficinas.com\\\/pt\\\/#\\\/schema\\\/logo\\\/image\\\/\"},\"sameAs\":[\"https:\\\/\\\/www.facebook.com\\\/jornaloficinas\",\"https:\\\/\\\/x.com\\\/jornaloficinas\",\"https:\\\/\\\/www.instagram.com\\\/jornal_oficinas\\\/\",\"https:\\\/\\\/www.linkedin.com\\\/company\\\/jornal-das-oficinas\\\/\",\"https:\\\/\\\/www.youtube.com\\\/channel\\\/UCbQZBqtcvV-oSQrr7RzINGg\"]},{\"@type\":\"Person\",\"@id\":\"https:\\\/\\\/jornaldasoficinas.com\\\/pt\\\/#\\\/schema\\\/person\\\/a38eef5de2c41d9e7c9ac10141afddf3\",\"name\":\"Reda\u00e7\u00e3o JO\",\"image\":{\"@type\":\"ImageObject\",\"inLanguage\":\"pt-PT\",\"@id\":\"https:\\\/\\\/secure.gravatar.com\\\/avatar\\\/71f2fa71737ad68a84fea94bc708ddac8ea5b0c4788dc2ad202f3ccb2887742f?s=96&d=wp_user_avatar&r=g\",\"url\":\"https:\\\/\\\/secure.gravatar.com\\\/avatar\\\/71f2fa71737ad68a84fea94bc708ddac8ea5b0c4788dc2ad202f3ccb2887742f?s=96&d=wp_user_avatar&r=g\",\"contentUrl\":\"https:\\\/\\\/secure.gravatar.com\\\/avatar\\\/71f2fa71737ad68a84fea94bc708ddac8ea5b0c4788dc2ad202f3ccb2887742f?s=96&d=wp_user_avatar&r=g\",\"caption\":\"Reda\u00e7\u00e3o JO\"},\"url\":\"https:\\\/\\\/jornaldasoficinas.com\\\/pt\\\/author\\\/joredacao\\\/\"}]}<\/script>\n<!-- \/ Yoast SEO plugin. -->","yoast_head_json":{"title":"NEXUS cria nova empresa para centralizar compras dos membros - Jornal das Oficinas","description":"A NEXUS anunciou a cria\u00e7\u00e3o da Partivia, uma nova empresa destinada a centralizar e estruturar as atividades de compras dos seus membros\u00a0","robots":{"index":"index","follow":"follow","max-snippet":"max-snippet:-1","max-image-preview":"max-image-preview:large","max-video-preview":"max-video-preview:-1"},"canonical":"https:\/\/jornaldasoficinas.com\/pt\/nexus-cria-nova-empresa-para-centralizar-compras-dos-membros\/","og_locale":"pt_PT","og_type":"article","og_title":"NEXUS cria nova empresa para centralizar compras dos membros - Jornal das Oficinas","og_description":"A NEXUS anunciou a cria\u00e7\u00e3o da Partivia, uma nova empresa destinada a centralizar e estruturar as atividades de compras dos seus membros\u00a0","og_url":"https:\/\/jornaldasoficinas.com\/pt\/nexus-cria-nova-empresa-para-centralizar-compras-dos-membros\/","og_site_name":"Jornal das Oficinas","article_publisher":"https:\/\/www.facebook.com\/jornaloficinas","article_published_time":"2026-01-14T14:00:45+00:00","og_image":[{"width":1024,"height":581,"url":"https:\/\/jornaldasoficinas.com\/pt\/wp-content\/uploads\/2026\/01\/NEXUS-cria-nova-empresa-para-centralizar-compras-dos-membros.jpg","type":"image\/jpeg"}],"author":"Reda\u00e7\u00e3o JO","twitter_card":"summary_large_image","twitter_creator":"@jornaloficinas","twitter_site":"@jornaloficinas","twitter_misc":{"Escrito por":"Reda\u00e7\u00e3o JO","Tempo estimado de leitura":"3 minutos"},"schema":{"@context":"https:\/\/schema.org","@graph":[{"@type":"Article","@id":"https:\/\/jornaldasoficinas.com\/pt\/nexus-cria-nova-empresa-para-centralizar-compras-dos-membros\/#article","isPartOf":{"@id":"https:\/\/jornaldasoficinas.com\/pt\/nexus-cria-nova-empresa-para-centralizar-compras-dos-membros\/"},"author":{"name":"Reda\u00e7\u00e3o JO","@id":"https:\/\/jornaldasoficinas.com\/pt\/#\/schema\/person\/a38eef5de2c41d9e7c9ac10141afddf3"},"headline":"NEXUS cria nova empresa para centralizar compras dos membros","datePublished":"2026-01-14T14:00:45+00:00","mainEntityOfPage":{"@id":"https:\/\/jornaldasoficinas.com\/pt\/nexus-cria-nova-empresa-para-centralizar-compras-dos-membros\/"},"wordCount":495,"publisher":{"@id":"https:\/\/jornaldasoficinas.com\/pt\/#organization"},"image":{"@id":"https:\/\/jornaldasoficinas.com\/pt\/nexus-cria-nova-empresa-para-centralizar-compras-dos-membros\/#primaryimage"},"thumbnailUrl":"https:\/\/jornaldasoficinas.com\/pt\/wp-content\/uploads\/2026\/01\/NEXUS-cria-nova-empresa-para-centralizar-compras-dos-membros.jpg","keywords":["centraliza\u00e7\u00e3o de compras","membros","Nexus","nova empresa","Partivia","programa SmartParts"],"articleSection":["Empresas"],"inLanguage":"pt-PT"},{"@type":"WebPage","@id":"https:\/\/jornaldasoficinas.com\/pt\/nexus-cria-nova-empresa-para-centralizar-compras-dos-membros\/","url":"https:\/\/jornaldasoficinas.com\/pt\/nexus-cria-nova-empresa-para-centralizar-compras-dos-membros\/","name":"NEXUS cria nova empresa para centralizar compras dos membros - Jornal das Oficinas","isPartOf":{"@id":"https:\/\/jornaldasoficinas.com\/pt\/#website"},"primaryImageOfPage":{"@id":"https:\/\/jornaldasoficinas.com\/pt\/nexus-cria-nova-empresa-para-centralizar-compras-dos-membros\/#primaryimage"},"image":{"@id":"https:\/\/jornaldasoficinas.com\/pt\/nexus-cria-nova-empresa-para-centralizar-compras-dos-membros\/#primaryimage"},"thumbnailUrl":"https:\/\/jornaldasoficinas.com\/pt\/wp-content\/uploads\/2026\/01\/NEXUS-cria-nova-empresa-para-centralizar-compras-dos-membros.jpg","datePublished":"2026-01-14T14:00:45+00:00","description":"A NEXUS anunciou a cria\u00e7\u00e3o da Partivia, uma nova empresa destinada a centralizar e estruturar as atividades de compras dos seus membros\u00a0","breadcrumb":{"@id":"https:\/\/jornaldasoficinas.com\/pt\/nexus-cria-nova-empresa-para-centralizar-compras-dos-membros\/#breadcrumb"},"inLanguage":"pt-PT","potentialAction":[{"@type":"ReadAction","target":["https:\/\/jornaldasoficinas.com\/pt\/nexus-cria-nova-empresa-para-centralizar-compras-dos-membros\/"]}]},{"@type":"ImageObject","inLanguage":"pt-PT","@id":"https:\/\/jornaldasoficinas.com\/pt\/nexus-cria-nova-empresa-para-centralizar-compras-dos-membros\/#primaryimage","url":"https:\/\/jornaldasoficinas.com\/pt\/wp-content\/uploads\/2026\/01\/NEXUS-cria-nova-empresa-para-centralizar-compras-dos-membros.jpg","contentUrl":"https:\/\/jornaldasoficinas.com\/pt\/wp-content\/uploads\/2026\/01\/NEXUS-cria-nova-empresa-para-centralizar-compras-dos-membros.jpg","width":1024,"height":581,"caption":"01 - NEXUS cria nova empresa para centralizar compras dos membros"},{"@type":"BreadcrumbList","@id":"https:\/\/jornaldasoficinas.com\/pt\/nexus-cria-nova-empresa-para-centralizar-compras-dos-membros\/#breadcrumb","itemListElement":[{"@type":"ListItem","position":1,"name":"In\u00edcio","item":"https:\/\/jornaldasoficinas.com\/pt\/"},{"@type":"ListItem","position":2,"name":"NEXUS cria nova empresa para centralizar compras dos membros"}]},{"@type":"WebSite","@id":"https:\/\/jornaldasoficinas.com\/pt\/#website","url":"https:\/\/jornaldasoficinas.com\/pt\/","name":"Jornal das Oficinas","description":"Jornal independente do Aftermarket Autom\u00f3vel em Portugal","publisher":{"@id":"https:\/\/jornaldasoficinas.com\/pt\/#organization"},"potentialAction":[{"@type":"SearchAction","target":{"@type":"EntryPoint","urlTemplate":"https:\/\/jornaldasoficinas.com\/pt\/?s={search_term_string}"},"query-input":{"@type":"PropertyValueSpecification","valueRequired":true,"valueName":"search_term_string"}}],"inLanguage":"pt-PT"},{"@type":"Organization","@id":"https:\/\/jornaldasoficinas.com\/pt\/#organization","name":"Jornal das Oficinas","url":"https:\/\/jornaldasoficinas.com\/pt\/","logo":{"@type":"ImageObject","inLanguage":"pt-PT","@id":"https:\/\/jornaldasoficinas.com\/pt\/#\/schema\/logo\/image\/","url":"https:\/\/jornaldasoficinas.com\/pt\/wp-content\/uploads\/logoJO-SEO.png","contentUrl":"https:\/\/jornaldasoficinas.com\/pt\/wp-content\/uploads\/logoJO-SEO.png","width":285,"height":450,"caption":"Jornal das Oficinas"},"image":{"@id":"https:\/\/jornaldasoficinas.com\/pt\/#\/schema\/logo\/image\/"},"sameAs":["https:\/\/www.facebook.com\/jornaloficinas","https:\/\/x.com\/jornaloficinas","https:\/\/www.instagram.com\/jornal_oficinas\/","https:\/\/www.linkedin.com\/company\/jornal-das-oficinas\/","https:\/\/www.youtube.com\/channel\/UCbQZBqtcvV-oSQrr7RzINGg"]},{"@type":"Person","@id":"https:\/\/jornaldasoficinas.com\/pt\/#\/schema\/person\/a38eef5de2c41d9e7c9ac10141afddf3","name":"Reda\u00e7\u00e3o JO","image":{"@type":"ImageObject","inLanguage":"pt-PT","@id":"https:\/\/secure.gravatar.com\/avatar\/71f2fa71737ad68a84fea94bc708ddac8ea5b0c4788dc2ad202f3ccb2887742f?s=96&d=wp_user_avatar&r=g","url":"https:\/\/secure.gravatar.com\/avatar\/71f2fa71737ad68a84fea94bc708ddac8ea5b0c4788dc2ad202f3ccb2887742f?s=96&d=wp_user_avatar&r=g","contentUrl":"https:\/\/secure.gravatar.com\/avatar\/71f2fa71737ad68a84fea94bc708ddac8ea5b0c4788dc2ad202f3ccb2887742f?s=96&d=wp_user_avatar&r=g","caption":"Reda\u00e7\u00e3o JO"},"url":"https:\/\/jornaldasoficinas.com\/pt\/author\/joredacao\/"}]}},"_links":{"self":[{"href":"https:\/\/jornaldasoficinas.com\/pt\/wp-json\/wp\/v2\/posts\/111738","targetHints":{"allow":["GET"]}}],"collection":[{"href":"https:\/\/jornaldasoficinas.com\/pt\/wp-json\/wp\/v2\/posts"}],"about":[{"href":"https:\/\/jornaldasoficinas.com\/pt\/wp-json\/wp\/v2\/types\/post"}],"author":[{"embeddable":true,"href":"https:\/\/jornaldasoficinas.com\/pt\/wp-json\/wp\/v2\/users\/15"}],"replies":[{"embeddable":true,"href":"https:\/\/jornaldasoficinas.com\/pt\/wp-json\/wp\/v2\/comments?post=111738"}],"version-history":[{"count":4,"href":"https:\/\/jornaldasoficinas.com\/pt\/wp-json\/wp\/v2\/posts\/111738\/revisions"}],"predecessor-version":[{"id":111756,"href":"https:\/\/jornaldasoficinas.com\/pt\/wp-json\/wp\/v2\/posts\/111738\/revisions\/111756"}],"wp:featuredmedia":[{"embeddable":true,"href":"https:\/\/jornaldasoficinas.com\/pt\/wp-json\/wp\/v2\/media\/111755"}],"wp:attachment":[{"href":"https:\/\/jornaldasoficinas.com\/pt\/wp-json\/wp\/v2\/media?parent=111738"}],"wp:term":[{"taxonomy":"category","embeddable":true,"href":"https:\/\/jornaldasoficinas.com\/pt\/wp-json\/wp\/v2\/categories?post=111738"},{"taxonomy":"post_tag","embeddable":true,"href":"https:\/\/jornaldasoficinas.com\/pt\/wp-json\/wp\/v2\/tags?post=111738"}],"curies":[{"name":"wp","href":"https:\/\/api.w.org\/{rel}","templated":true}]}}