{"id":111787,"date":"2026-01-15T18:00:46","date_gmt":"2026-01-15T18:00:46","guid":{"rendered":"https:\/\/jornaldasoficinas.com\/pt\/?p=111787"},"modified":"2026-01-14T16:21:12","modified_gmt":"2026-01-14T16:21:12","slug":"moeve-distinguida-nos-premios-escolha-do-consumidor-2026","status":"publish","type":"post","link":"https:\/\/jornaldasoficinas.com\/pt\/moeve-distinguida-nos-premios-escolha-do-consumidor-2026\/","title":{"rendered":"Moeve distinguida nos Pr\u00e9mios Escolha do Consumidor 2026"},"content":{"rendered":"<p><strong><img loading=\"lazy\" decoding=\"async\" class=\"alignnone size-full wp-image-111793\" src=\"https:\/\/jornaldasoficinas.com\/pt\/wp-content\/uploads\/2026\/01\/Moeve-distinguida-nos-Premios-Escolha-do-Consumidor-2026.jpg\" alt=\"01 - Moeve distinguida nos Premios Escolha do Consumidor 2026\" width=\"1024\" height=\"581\" srcset=\"https:\/\/jornaldasoficinas.com\/pt\/wp-content\/uploads\/2026\/01\/Moeve-distinguida-nos-Premios-Escolha-do-Consumidor-2026.jpg 1024w, https:\/\/jornaldasoficinas.com\/pt\/wp-content\/uploads\/2026\/01\/Moeve-distinguida-nos-Premios-Escolha-do-Consumidor-2026-300x170.jpg 300w, https:\/\/jornaldasoficinas.com\/pt\/wp-content\/uploads\/2026\/01\/Moeve-distinguida-nos-Premios-Escolha-do-Consumidor-2026-150x85.jpg 150w, https:\/\/jornaldasoficinas.com\/pt\/wp-content\/uploads\/2026\/01\/Moeve-distinguida-nos-Premios-Escolha-do-Consumidor-2026-768x436.jpg 768w\" sizes=\"auto, (max-width: 1024px) 100vw, 1024px\" \/><\/strong><\/p>\n<p><strong>A <a href=\"https:\/\/pt.moeveglobal.com\/\" target=\"_blank\" rel=\"noopener\">Moeve<\/a> recebeu duas distin\u00e7\u00f5es nos <a href=\"https:\/\/escolhadoconsumidor.com\/\" target=\"_blank\" rel=\"noopener\">Pr\u00e9mios Escolha do Consumidor 2026<\/a>, nas categorias de Carregamento El\u00e9trico Ultrarr\u00e1pido e Best Tech Experience, atribu\u00edda \u00e0 aplica\u00e7\u00e3o da marca, segundo a avalia\u00e7\u00e3o dos consumidores portugueses\u00a0<\/strong><\/p>\n<p>A cerim\u00f3nia de entrega de pr\u00e9mios decorreu no \u00e2mbito do evento anual da Consumer Choice, entidade respons\u00e1vel pelo sistema &#8220;Escolha do Consumidor&#8221;, que avalia marcas com base na experi\u00eancia real, satisfa\u00e7\u00e3o e aceitabilidade junto dos consumidores, apoiando decis\u00f5es de compra mais informadas e conscientes.<\/p>\n<p>O pr\u00e9mio Escolha do Consumidor na categoria de Carregamento El\u00e9trico Ultrarr\u00e1pido destaca o investimento da Moeve no desenvolvimento de uma rede de carregamento focada na fiabilidade e na rapidez. O reconhecimento surge num contexto em que o carregamento ultrr\u00e1pido \u00e9 apontado como um fator determinante para a expans\u00e3o da mobilidade el\u00e9trica, contribuindo para reduzir constragimentos associados ao tempo de carregamento.<\/p>\n<p>J\u00e1 a distin\u00e7\u00e3o Best Tech Experience, atribu\u00edda \u00e0 App Moeve, reconhece a aposta na digitaliza\u00e7\u00e3o da experi\u00eancia do utilizador. A aplica\u00e7\u00e3o permite o acesso integrado a diferentes servi\u00e7os, pagamentos e informa\u00e7\u00e3o, funcionando como um ponto de liga\u00e7\u00e3o entre solu\u00e7\u00f5es de mobilidade tradicional e eletr\u00edca.<\/p>\n<p>Para Cl\u00e1udia Soares-Mendes, diretora de marketing da Moeve, &#8220;estes pr\u00e9mios s\u00e3o particularmente relevantes porque refletem a confian\u00e7a dos consumidores ao longo do processo de transforma\u00e7\u00e3o da marca. O reconhecimento do carregamento ultrarr\u00e1pido e da app MOEVE mostra que estamos a responder \u00e0s novas necessidades de mobilidade com solu\u00e7\u00f5es concretas, tecnol\u00f3gicas e centradas na experi\u00eancia do utilizador. \u00c9 tamb\u00e9m um incentivo claro para continuarmos a investir numa mobilidade mais simples, acess\u00edvel e sustent\u00e1vel&#8221;.<\/p>\n<p>Al\u00e9m destas distin\u00e7\u00f5es, a Moeve foi tamb\u00e9m reconhecida com o pr\u00e9mio Boa Escolha na categoria de Esta\u00e7\u00f5es de Servi\u00e7o, refor\u00e7ando a perce\u00e7\u00e3o postiva dos consumidores relativamente \u00e0 rede de postos da marca.<\/p>\n","protected":false},"excerpt":{"rendered":"<p>A Moeve recebeu duas distin\u00e7\u00f5es nos&#8230;<\/p>\n","protected":false},"author":15,"featured_media":111793,"comment_status":"closed","ping_status":"closed","sticky":false,"template":"","format":"standard","meta":{"footnotes":""},"categories":[29],"tags":[14384,14383,8093,3574,11091,14382],"class_list":["post-111787","post","type-post","status-publish","format-standard","has-post-thumbnail","hentry","category-empresas","tag-best-tech-experience","tag-carregamento-eletrico-ultrarrapido","tag-consumer-choice","tag-distincao","tag-moeve","tag-premios-escolha-do-consumidor-2026"],"yoast_head":"<!-- This site is optimized with the Yoast SEO plugin v27.5 - https:\/\/yoast.com\/product\/yoast-seo-wordpress\/ -->\n<title>Moeve distinguida nos Pr\u00e9mios Escolha do Consumidor 2026 - Jornal das Oficinas<\/title>\n<meta name=\"description\" content=\"A Moeve foi distinguida nos Pr\u00e9mios Escolha do Consumidor 2026 nas categorias de Carregamento El\u00e9trico Ultrarr\u00e1pido e Best Tech Experience\" \/>\n<meta name=\"robots\" content=\"index, follow, max-snippet:-1, max-image-preview:large, max-video-preview:-1\" \/>\n<link rel=\"canonical\" href=\"https:\/\/jornaldasoficinas.com\/pt\/moeve-distinguida-nos-premios-escolha-do-consumidor-2026\/\" \/>\n<meta property=\"og:locale\" content=\"pt_PT\" \/>\n<meta property=\"og:type\" content=\"article\" \/>\n<meta property=\"og:title\" content=\"Moeve distinguida nos Pr\u00e9mios Escolha do Consumidor 2026 - Jornal das Oficinas\" \/>\n<meta property=\"og:description\" content=\"A Moeve foi distinguida nos Pr\u00e9mios Escolha do Consumidor 2026 nas categorias de Carregamento El\u00e9trico Ultrarr\u00e1pido e Best Tech Experience\" \/>\n<meta property=\"og:url\" content=\"https:\/\/jornaldasoficinas.com\/pt\/moeve-distinguida-nos-premios-escolha-do-consumidor-2026\/\" \/>\n<meta property=\"og:site_name\" content=\"Jornal das Oficinas\" \/>\n<meta property=\"article:publisher\" content=\"https:\/\/www.facebook.com\/jornaloficinas\" \/>\n<meta property=\"article:published_time\" content=\"2026-01-15T18:00:46+00:00\" \/>\n<meta property=\"og:image\" content=\"https:\/\/jornaldasoficinas.com\/pt\/wp-content\/uploads\/2026\/01\/Moeve-distinguida-nos-Premios-Escolha-do-Consumidor-2026.jpg\" \/>\n\t<meta property=\"og:image:width\" content=\"1024\" \/>\n\t<meta property=\"og:image:height\" content=\"581\" \/>\n\t<meta property=\"og:image:type\" content=\"image\/jpeg\" \/>\n<meta name=\"author\" content=\"Reda\u00e7\u00e3o JO\" \/>\n<meta name=\"twitter:card\" content=\"summary_large_image\" \/>\n<meta name=\"twitter:creator\" content=\"@jornaloficinas\" \/>\n<meta name=\"twitter:site\" content=\"@jornaloficinas\" \/>\n<meta name=\"twitter:label1\" content=\"Escrito por\" \/>\n\t<meta name=\"twitter:data1\" content=\"Reda\u00e7\u00e3o JO\" \/>\n\t<meta name=\"twitter:label2\" content=\"Tempo estimado de leitura\" \/>\n\t<meta name=\"twitter:data2\" content=\"2 minutos\" \/>\n<script type=\"application\/ld+json\" class=\"yoast-schema-graph\">{\"@context\":\"https:\\\/\\\/schema.org\",\"@graph\":[{\"@type\":\"Article\",\"@id\":\"https:\\\/\\\/jornaldasoficinas.com\\\/pt\\\/moeve-distinguida-nos-premios-escolha-do-consumidor-2026\\\/#article\",\"isPartOf\":{\"@id\":\"https:\\\/\\\/jornaldasoficinas.com\\\/pt\\\/moeve-distinguida-nos-premios-escolha-do-consumidor-2026\\\/\"},\"author\":{\"name\":\"Reda\u00e7\u00e3o JO\",\"@id\":\"https:\\\/\\\/jornaldasoficinas.com\\\/pt\\\/#\\\/schema\\\/person\\\/a38eef5de2c41d9e7c9ac10141afddf3\"},\"headline\":\"Moeve distinguida nos Pr\u00e9mios Escolha do Consumidor 2026\",\"datePublished\":\"2026-01-15T18:00:46+00:00\",\"mainEntityOfPage\":{\"@id\":\"https:\\\/\\\/jornaldasoficinas.com\\\/pt\\\/moeve-distinguida-nos-premios-escolha-do-consumidor-2026\\\/\"},\"wordCount\":335,\"publisher\":{\"@id\":\"https:\\\/\\\/jornaldasoficinas.com\\\/pt\\\/#organization\"},\"image\":{\"@id\":\"https:\\\/\\\/jornaldasoficinas.com\\\/pt\\\/moeve-distinguida-nos-premios-escolha-do-consumidor-2026\\\/#primaryimage\"},\"thumbnailUrl\":\"https:\\\/\\\/jornaldasoficinas.com\\\/pt\\\/wp-content\\\/uploads\\\/2026\\\/01\\\/Moeve-distinguida-nos-Premios-Escolha-do-Consumidor-2026.jpg\",\"keywords\":[\"Best Tech Experience\",\"Carregamento El\u00e9trico Ultrarr\u00e1pido\",\"Consumer Choice\",\"Distin\u00e7\u00e3o\",\"Moeve\",\"Pr\u00e9mios Escolha do Consumidor 2026\"],\"articleSection\":[\"Empresas\"],\"inLanguage\":\"pt-PT\"},{\"@type\":\"WebPage\",\"@id\":\"https:\\\/\\\/jornaldasoficinas.com\\\/pt\\\/moeve-distinguida-nos-premios-escolha-do-consumidor-2026\\\/\",\"url\":\"https:\\\/\\\/jornaldasoficinas.com\\\/pt\\\/moeve-distinguida-nos-premios-escolha-do-consumidor-2026\\\/\",\"name\":\"Moeve distinguida nos Pr\u00e9mios Escolha do Consumidor 2026 - Jornal das Oficinas\",\"isPartOf\":{\"@id\":\"https:\\\/\\\/jornaldasoficinas.com\\\/pt\\\/#website\"},\"primaryImageOfPage\":{\"@id\":\"https:\\\/\\\/jornaldasoficinas.com\\\/pt\\\/moeve-distinguida-nos-premios-escolha-do-consumidor-2026\\\/#primaryimage\"},\"image\":{\"@id\":\"https:\\\/\\\/jornaldasoficinas.com\\\/pt\\\/moeve-distinguida-nos-premios-escolha-do-consumidor-2026\\\/#primaryimage\"},\"thumbnailUrl\":\"https:\\\/\\\/jornaldasoficinas.com\\\/pt\\\/wp-content\\\/uploads\\\/2026\\\/01\\\/Moeve-distinguida-nos-Premios-Escolha-do-Consumidor-2026.jpg\",\"datePublished\":\"2026-01-15T18:00:46+00:00\",\"description\":\"A Moeve foi distinguida nos Pr\u00e9mios Escolha do Consumidor 2026 nas categorias de Carregamento El\u00e9trico Ultrarr\u00e1pido e Best Tech Experience\",\"breadcrumb\":{\"@id\":\"https:\\\/\\\/jornaldasoficinas.com\\\/pt\\\/moeve-distinguida-nos-premios-escolha-do-consumidor-2026\\\/#breadcrumb\"},\"inLanguage\":\"pt-PT\",\"potentialAction\":[{\"@type\":\"ReadAction\",\"target\":[\"https:\\\/\\\/jornaldasoficinas.com\\\/pt\\\/moeve-distinguida-nos-premios-escolha-do-consumidor-2026\\\/\"]}]},{\"@type\":\"ImageObject\",\"inLanguage\":\"pt-PT\",\"@id\":\"https:\\\/\\\/jornaldasoficinas.com\\\/pt\\\/moeve-distinguida-nos-premios-escolha-do-consumidor-2026\\\/#primaryimage\",\"url\":\"https:\\\/\\\/jornaldasoficinas.com\\\/pt\\\/wp-content\\\/uploads\\\/2026\\\/01\\\/Moeve-distinguida-nos-Premios-Escolha-do-Consumidor-2026.jpg\",\"contentUrl\":\"https:\\\/\\\/jornaldasoficinas.com\\\/pt\\\/wp-content\\\/uploads\\\/2026\\\/01\\\/Moeve-distinguida-nos-Premios-Escolha-do-Consumidor-2026.jpg\",\"width\":1024,\"height\":581,\"caption\":\"01 - Moeve distinguida nos Premios Escolha do Consumidor 2026\"},{\"@type\":\"BreadcrumbList\",\"@id\":\"https:\\\/\\\/jornaldasoficinas.com\\\/pt\\\/moeve-distinguida-nos-premios-escolha-do-consumidor-2026\\\/#breadcrumb\",\"itemListElement\":[{\"@type\":\"ListItem\",\"position\":1,\"name\":\"In\u00edcio\",\"item\":\"https:\\\/\\\/jornaldasoficinas.com\\\/pt\\\/\"},{\"@type\":\"ListItem\",\"position\":2,\"name\":\"Moeve distinguida nos Pr\u00e9mios Escolha do Consumidor 2026\"}]},{\"@type\":\"WebSite\",\"@id\":\"https:\\\/\\\/jornaldasoficinas.com\\\/pt\\\/#website\",\"url\":\"https:\\\/\\\/jornaldasoficinas.com\\\/pt\\\/\",\"name\":\"Jornal das Oficinas\",\"description\":\"Jornal independente do Aftermarket Autom\u00f3vel em Portugal\",\"publisher\":{\"@id\":\"https:\\\/\\\/jornaldasoficinas.com\\\/pt\\\/#organization\"},\"potentialAction\":[{\"@type\":\"SearchAction\",\"target\":{\"@type\":\"EntryPoint\",\"urlTemplate\":\"https:\\\/\\\/jornaldasoficinas.com\\\/pt\\\/?s={search_term_string}\"},\"query-input\":{\"@type\":\"PropertyValueSpecification\",\"valueRequired\":true,\"valueName\":\"search_term_string\"}}],\"inLanguage\":\"pt-PT\"},{\"@type\":\"Organization\",\"@id\":\"https:\\\/\\\/jornaldasoficinas.com\\\/pt\\\/#organization\",\"name\":\"Jornal das Oficinas\",\"url\":\"https:\\\/\\\/jornaldasoficinas.com\\\/pt\\\/\",\"logo\":{\"@type\":\"ImageObject\",\"inLanguage\":\"pt-PT\",\"@id\":\"https:\\\/\\\/jornaldasoficinas.com\\\/pt\\\/#\\\/schema\\\/logo\\\/image\\\/\",\"url\":\"https:\\\/\\\/jornaldasoficinas.com\\\/pt\\\/wp-content\\\/uploads\\\/logoJO-SEO.png\",\"contentUrl\":\"https:\\\/\\\/jornaldasoficinas.com\\\/pt\\\/wp-content\\\/uploads\\\/logoJO-SEO.png\",\"width\":285,\"height\":450,\"caption\":\"Jornal das Oficinas\"},\"image\":{\"@id\":\"https:\\\/\\\/jornaldasoficinas.com\\\/pt\\\/#\\\/schema\\\/logo\\\/image\\\/\"},\"sameAs\":[\"https:\\\/\\\/www.facebook.com\\\/jornaloficinas\",\"https:\\\/\\\/x.com\\\/jornaloficinas\",\"https:\\\/\\\/www.instagram.com\\\/jornal_oficinas\\\/\",\"https:\\\/\\\/www.linkedin.com\\\/company\\\/jornal-das-oficinas\\\/\",\"https:\\\/\\\/www.youtube.com\\\/channel\\\/UCbQZBqtcvV-oSQrr7RzINGg\"]},{\"@type\":\"Person\",\"@id\":\"https:\\\/\\\/jornaldasoficinas.com\\\/pt\\\/#\\\/schema\\\/person\\\/a38eef5de2c41d9e7c9ac10141afddf3\",\"name\":\"Reda\u00e7\u00e3o JO\",\"image\":{\"@type\":\"ImageObject\",\"inLanguage\":\"pt-PT\",\"@id\":\"https:\\\/\\\/secure.gravatar.com\\\/avatar\\\/71f2fa71737ad68a84fea94bc708ddac8ea5b0c4788dc2ad202f3ccb2887742f?s=96&d=wp_user_avatar&r=g\",\"url\":\"https:\\\/\\\/secure.gravatar.com\\\/avatar\\\/71f2fa71737ad68a84fea94bc708ddac8ea5b0c4788dc2ad202f3ccb2887742f?s=96&d=wp_user_avatar&r=g\",\"contentUrl\":\"https:\\\/\\\/secure.gravatar.com\\\/avatar\\\/71f2fa71737ad68a84fea94bc708ddac8ea5b0c4788dc2ad202f3ccb2887742f?s=96&d=wp_user_avatar&r=g\",\"caption\":\"Reda\u00e7\u00e3o JO\"},\"url\":\"https:\\\/\\\/jornaldasoficinas.com\\\/pt\\\/author\\\/joredacao\\\/\"}]}<\/script>\n<!-- \/ Yoast SEO plugin. -->","yoast_head_json":{"title":"Moeve distinguida nos Pr\u00e9mios Escolha do Consumidor 2026 - Jornal das Oficinas","description":"A Moeve foi distinguida nos Pr\u00e9mios Escolha do Consumidor 2026 nas categorias de Carregamento El\u00e9trico Ultrarr\u00e1pido e Best Tech Experience","robots":{"index":"index","follow":"follow","max-snippet":"max-snippet:-1","max-image-preview":"max-image-preview:large","max-video-preview":"max-video-preview:-1"},"canonical":"https:\/\/jornaldasoficinas.com\/pt\/moeve-distinguida-nos-premios-escolha-do-consumidor-2026\/","og_locale":"pt_PT","og_type":"article","og_title":"Moeve distinguida nos Pr\u00e9mios Escolha do Consumidor 2026 - Jornal das Oficinas","og_description":"A Moeve foi distinguida nos Pr\u00e9mios Escolha do Consumidor 2026 nas categorias de Carregamento El\u00e9trico Ultrarr\u00e1pido e Best Tech Experience","og_url":"https:\/\/jornaldasoficinas.com\/pt\/moeve-distinguida-nos-premios-escolha-do-consumidor-2026\/","og_site_name":"Jornal das Oficinas","article_publisher":"https:\/\/www.facebook.com\/jornaloficinas","article_published_time":"2026-01-15T18:00:46+00:00","og_image":[{"width":1024,"height":581,"url":"https:\/\/jornaldasoficinas.com\/pt\/wp-content\/uploads\/2026\/01\/Moeve-distinguida-nos-Premios-Escolha-do-Consumidor-2026.jpg","type":"image\/jpeg"}],"author":"Reda\u00e7\u00e3o JO","twitter_card":"summary_large_image","twitter_creator":"@jornaloficinas","twitter_site":"@jornaloficinas","twitter_misc":{"Escrito por":"Reda\u00e7\u00e3o JO","Tempo estimado de leitura":"2 minutos"},"schema":{"@context":"https:\/\/schema.org","@graph":[{"@type":"Article","@id":"https:\/\/jornaldasoficinas.com\/pt\/moeve-distinguida-nos-premios-escolha-do-consumidor-2026\/#article","isPartOf":{"@id":"https:\/\/jornaldasoficinas.com\/pt\/moeve-distinguida-nos-premios-escolha-do-consumidor-2026\/"},"author":{"name":"Reda\u00e7\u00e3o JO","@id":"https:\/\/jornaldasoficinas.com\/pt\/#\/schema\/person\/a38eef5de2c41d9e7c9ac10141afddf3"},"headline":"Moeve distinguida nos Pr\u00e9mios Escolha do Consumidor 2026","datePublished":"2026-01-15T18:00:46+00:00","mainEntityOfPage":{"@id":"https:\/\/jornaldasoficinas.com\/pt\/moeve-distinguida-nos-premios-escolha-do-consumidor-2026\/"},"wordCount":335,"publisher":{"@id":"https:\/\/jornaldasoficinas.com\/pt\/#organization"},"image":{"@id":"https:\/\/jornaldasoficinas.com\/pt\/moeve-distinguida-nos-premios-escolha-do-consumidor-2026\/#primaryimage"},"thumbnailUrl":"https:\/\/jornaldasoficinas.com\/pt\/wp-content\/uploads\/2026\/01\/Moeve-distinguida-nos-Premios-Escolha-do-Consumidor-2026.jpg","keywords":["Best Tech Experience","Carregamento El\u00e9trico Ultrarr\u00e1pido","Consumer Choice","Distin\u00e7\u00e3o","Moeve","Pr\u00e9mios Escolha do Consumidor 2026"],"articleSection":["Empresas"],"inLanguage":"pt-PT"},{"@type":"WebPage","@id":"https:\/\/jornaldasoficinas.com\/pt\/moeve-distinguida-nos-premios-escolha-do-consumidor-2026\/","url":"https:\/\/jornaldasoficinas.com\/pt\/moeve-distinguida-nos-premios-escolha-do-consumidor-2026\/","name":"Moeve distinguida nos Pr\u00e9mios Escolha do Consumidor 2026 - Jornal das Oficinas","isPartOf":{"@id":"https:\/\/jornaldasoficinas.com\/pt\/#website"},"primaryImageOfPage":{"@id":"https:\/\/jornaldasoficinas.com\/pt\/moeve-distinguida-nos-premios-escolha-do-consumidor-2026\/#primaryimage"},"image":{"@id":"https:\/\/jornaldasoficinas.com\/pt\/moeve-distinguida-nos-premios-escolha-do-consumidor-2026\/#primaryimage"},"thumbnailUrl":"https:\/\/jornaldasoficinas.com\/pt\/wp-content\/uploads\/2026\/01\/Moeve-distinguida-nos-Premios-Escolha-do-Consumidor-2026.jpg","datePublished":"2026-01-15T18:00:46+00:00","description":"A Moeve foi distinguida nos Pr\u00e9mios Escolha do Consumidor 2026 nas categorias de Carregamento El\u00e9trico Ultrarr\u00e1pido e Best Tech Experience","breadcrumb":{"@id":"https:\/\/jornaldasoficinas.com\/pt\/moeve-distinguida-nos-premios-escolha-do-consumidor-2026\/#breadcrumb"},"inLanguage":"pt-PT","potentialAction":[{"@type":"ReadAction","target":["https:\/\/jornaldasoficinas.com\/pt\/moeve-distinguida-nos-premios-escolha-do-consumidor-2026\/"]}]},{"@type":"ImageObject","inLanguage":"pt-PT","@id":"https:\/\/jornaldasoficinas.com\/pt\/moeve-distinguida-nos-premios-escolha-do-consumidor-2026\/#primaryimage","url":"https:\/\/jornaldasoficinas.com\/pt\/wp-content\/uploads\/2026\/01\/Moeve-distinguida-nos-Premios-Escolha-do-Consumidor-2026.jpg","contentUrl":"https:\/\/jornaldasoficinas.com\/pt\/wp-content\/uploads\/2026\/01\/Moeve-distinguida-nos-Premios-Escolha-do-Consumidor-2026.jpg","width":1024,"height":581,"caption":"01 - Moeve distinguida nos Premios Escolha do Consumidor 2026"},{"@type":"BreadcrumbList","@id":"https:\/\/jornaldasoficinas.com\/pt\/moeve-distinguida-nos-premios-escolha-do-consumidor-2026\/#breadcrumb","itemListElement":[{"@type":"ListItem","position":1,"name":"In\u00edcio","item":"https:\/\/jornaldasoficinas.com\/pt\/"},{"@type":"ListItem","position":2,"name":"Moeve distinguida nos Pr\u00e9mios Escolha do Consumidor 2026"}]},{"@type":"WebSite","@id":"https:\/\/jornaldasoficinas.com\/pt\/#website","url":"https:\/\/jornaldasoficinas.com\/pt\/","name":"Jornal das Oficinas","description":"Jornal independente do Aftermarket Autom\u00f3vel em Portugal","publisher":{"@id":"https:\/\/jornaldasoficinas.com\/pt\/#organization"},"potentialAction":[{"@type":"SearchAction","target":{"@type":"EntryPoint","urlTemplate":"https:\/\/jornaldasoficinas.com\/pt\/?s={search_term_string}"},"query-input":{"@type":"PropertyValueSpecification","valueRequired":true,"valueName":"search_term_string"}}],"inLanguage":"pt-PT"},{"@type":"Organization","@id":"https:\/\/jornaldasoficinas.com\/pt\/#organization","name":"Jornal das Oficinas","url":"https:\/\/jornaldasoficinas.com\/pt\/","logo":{"@type":"ImageObject","inLanguage":"pt-PT","@id":"https:\/\/jornaldasoficinas.com\/pt\/#\/schema\/logo\/image\/","url":"https:\/\/jornaldasoficinas.com\/pt\/wp-content\/uploads\/logoJO-SEO.png","contentUrl":"https:\/\/jornaldasoficinas.com\/pt\/wp-content\/uploads\/logoJO-SEO.png","width":285,"height":450,"caption":"Jornal das Oficinas"},"image":{"@id":"https:\/\/jornaldasoficinas.com\/pt\/#\/schema\/logo\/image\/"},"sameAs":["https:\/\/www.facebook.com\/jornaloficinas","https:\/\/x.com\/jornaloficinas","https:\/\/www.instagram.com\/jornal_oficinas\/","https:\/\/www.linkedin.com\/company\/jornal-das-oficinas\/","https:\/\/www.youtube.com\/channel\/UCbQZBqtcvV-oSQrr7RzINGg"]},{"@type":"Person","@id":"https:\/\/jornaldasoficinas.com\/pt\/#\/schema\/person\/a38eef5de2c41d9e7c9ac10141afddf3","name":"Reda\u00e7\u00e3o JO","image":{"@type":"ImageObject","inLanguage":"pt-PT","@id":"https:\/\/secure.gravatar.com\/avatar\/71f2fa71737ad68a84fea94bc708ddac8ea5b0c4788dc2ad202f3ccb2887742f?s=96&d=wp_user_avatar&r=g","url":"https:\/\/secure.gravatar.com\/avatar\/71f2fa71737ad68a84fea94bc708ddac8ea5b0c4788dc2ad202f3ccb2887742f?s=96&d=wp_user_avatar&r=g","contentUrl":"https:\/\/secure.gravatar.com\/avatar\/71f2fa71737ad68a84fea94bc708ddac8ea5b0c4788dc2ad202f3ccb2887742f?s=96&d=wp_user_avatar&r=g","caption":"Reda\u00e7\u00e3o JO"},"url":"https:\/\/jornaldasoficinas.com\/pt\/author\/joredacao\/"}]}},"_links":{"self":[{"href":"https:\/\/jornaldasoficinas.com\/pt\/wp-json\/wp\/v2\/posts\/111787","targetHints":{"allow":["GET"]}}],"collection":[{"href":"https:\/\/jornaldasoficinas.com\/pt\/wp-json\/wp\/v2\/posts"}],"about":[{"href":"https:\/\/jornaldasoficinas.com\/pt\/wp-json\/wp\/v2\/types\/post"}],"author":[{"embeddable":true,"href":"https:\/\/jornaldasoficinas.com\/pt\/wp-json\/wp\/v2\/users\/15"}],"replies":[{"embeddable":true,"href":"https:\/\/jornaldasoficinas.com\/pt\/wp-json\/wp\/v2\/comments?post=111787"}],"version-history":[{"count":5,"href":"https:\/\/jornaldasoficinas.com\/pt\/wp-json\/wp\/v2\/posts\/111787\/revisions"}],"predecessor-version":[{"id":111794,"href":"https:\/\/jornaldasoficinas.com\/pt\/wp-json\/wp\/v2\/posts\/111787\/revisions\/111794"}],"wp:featuredmedia":[{"embeddable":true,"href":"https:\/\/jornaldasoficinas.com\/pt\/wp-json\/wp\/v2\/media\/111793"}],"wp:attachment":[{"href":"https:\/\/jornaldasoficinas.com\/pt\/wp-json\/wp\/v2\/media?parent=111787"}],"wp:term":[{"taxonomy":"category","embeddable":true,"href":"https:\/\/jornaldasoficinas.com\/pt\/wp-json\/wp\/v2\/categories?post=111787"},{"taxonomy":"post_tag","embeddable":true,"href":"https:\/\/jornaldasoficinas.com\/pt\/wp-json\/wp\/v2\/tags?post=111787"}],"curies":[{"name":"wp","href":"https:\/\/api.w.org\/{rel}","templated":true}]}}