{"id":111862,"date":"2026-01-18T21:00:24","date_gmt":"2026-01-18T21:00:24","guid":{"rendered":"https:\/\/jornaldasoficinas.com\/pt\/?p=111862"},"modified":"2026-01-18T20:40:44","modified_gmt":"2026-01-18T20:40:44","slug":"pos-venda-um-setor-em-movimento","status":"publish","type":"post","link":"https:\/\/jornaldasoficinas.com\/pt\/pos-venda-um-setor-em-movimento\/","title":{"rendered":"P\u00f3s-venda: Um setor em movimento"},"content":{"rendered":"<p><img loading=\"lazy\" decoding=\"async\" class=\"alignnone size-full wp-image-111861\" src=\"https:\/\/jornaldasoficinas.com\/pt\/wp-content\/uploads\/2026\/01\/pos-venda-em-movimento.jpg\" alt=\"01 - pos venda em movimento\" width=\"1024\" height=\"581\" srcset=\"https:\/\/jornaldasoficinas.com\/pt\/wp-content\/uploads\/2026\/01\/pos-venda-em-movimento.jpg 1024w, https:\/\/jornaldasoficinas.com\/pt\/wp-content\/uploads\/2026\/01\/pos-venda-em-movimento-300x170.jpg 300w, https:\/\/jornaldasoficinas.com\/pt\/wp-content\/uploads\/2026\/01\/pos-venda-em-movimento-150x85.jpg 150w, https:\/\/jornaldasoficinas.com\/pt\/wp-content\/uploads\/2026\/01\/pos-venda-em-movimento-768x436.jpg 768w\" sizes=\"auto, (max-width: 1024px) 100vw, 1024px\" \/><\/p>\n<p><strong>O setor po\u0301s-venda automo\u0301vel enfrenta 2026 com uma combinac\u0327a\u0303o u\u0301nica de dinamismo e transformac\u0327a\u0303o acelerada. Apesar do avanc\u0327o gradual da consolidac\u0327a\u0303o, Portugal continua a ser um mosaico de realidades muito distintas, onde grupos internacionais, distribuidores de grande escala, redes regionais, retalhistas locais e empresas familiares competem lado a lado com concessiona\u0301rios oficiais. Esta diversidade mante\u0301m o setor vivo, competitivo e inovador, garantindo a\u0300s oficinas mu\u0301ltiplas opc\u0327o\u0303es de fornecimento<\/strong><\/p>\n<p>Hoje, mesmo os dez maiores distribuidores de pec\u0327as controlam apenas 30 a 40% do mercado independente, evidenciando que a forc\u0327a do po\u0301s-venda permanece amplamente distribui\u0301da. Para os grandes grupos, o desafio para 2026 sera\u0301 equilibrar crescimento e agilidade, assegurando integrac\u0327o\u0303es eficientes e uma resposta local eficaz num ambiente marcado pela digitalizac\u0327a\u0303o, eletrificac\u0327a\u0303o e exige\u0302ncias crescentes de sustentabilidade.<\/p>\n<p>A eletrificac\u0327a\u0303o continuara\u0301 a evoluir, mas o seu impacto nas oficinas permanece, para ja\u0301, limitado. Com os vei\u0301culos ele\u0301tricos a representarem apenas 2 a 3% do parque nacional, o motor de combusta\u0303o interna continuara\u0301 a dominar a manutenc\u0327a\u0303o durante a pro\u0301xima de\u0301cada. No entanto, os sinais da mudanc\u0327a sa\u0303o claros: cresce a procura por baterias, eletro\u0301nica, sistemas te\u0301rmicos e compete\u0302ncias especializadas em alta tensa\u0303o. A\u0300 medida que as necessidades tradicionais \u2014 como mudanc\u0327as de o\u0301leo ou reparac\u0327o\u0303es de motores e sistemas de escape \u2014 perdem releva\u0302ncia, o setor tera\u0301 de investir em diagno\u0301stico avanc\u0327ado, formac\u0327a\u0303o te\u0301cnica e novas ferramentas. O papel dos distribuidores sera\u0301 decisivo para apoiar oficinas nesta transic\u0327a\u0303o, garantindo acesso a componentes eletro\u0301nicos, conhecimento te\u0301cnico e soluc\u0327o\u0303es digitais que antecipem a evoluc\u0327a\u0303o do mercado.<\/p>\n<p>Tambe\u0301m as cadeias de abastecimento entrara\u0303o em 2026 sob o signo da intelige\u0302ncia e da resilie\u0302ncia. A indu\u0301stria aspira a modelos just-in-time mais afinados, mas continua condicionada por fatores como a diversidade do parque, a escassez de ma\u0303o de obra, a imprevisibilidade das avarias e a necessidade de reduzir a pegada ambiental. Eventos externos \u2014 tenso\u0303es geopoli\u0301ticas, ruturas logi\u0301sticas \u2014 reforc\u0327am a importa\u0302ncia de manter stocks estrate\u0301gicos. O futuro passara\u0301 por cadeias hi\u0301bridas, onde tecnologia, manutenc\u0327a\u0303o preditiva e, em certos casos, impressa\u0303o 3D assegurem disponibilidade, eficie\u0302ncia e rapidez.<\/p>\n<p>Finalmente, 2026 sera\u0301 um ano em que a intelige\u0302ncia artificial ganhara\u0301 terreno em toda a cadeia. Da produc\u0327a\u0303o ao balca\u0303o, a IA promete reforc\u0327ar o controlo de qualidade, prever falhas, apoiar oficinas em tempo real e personalizar a experie\u0302ncia do cliente. Chatbots especializados, algoritmos de previsa\u0303o de procura e ferramentas de diagno\u0301stico inteligente tornar-se-a\u0303o parte integrante da operac\u0327a\u0303o dia\u0301ria, elevando a produtividade e a precisa\u0303o das intervenc\u0327o\u0303es.<\/p>\n<p>Num setor em transformac\u0327a\u0303o, o po\u0301s-venda enfrenta 2026 com desafios significativos, mas tambe\u0301m com oportunidades u\u0301nicas para quem souber combinar inovac\u0327a\u0303o, proximidade ao cliente e capacidade de adaptac\u0327a\u0303o. E\u0301 este equili\u0301brio que definira\u0301 os vencedores da pro\u0301xima de\u0301cada.<\/p>\n<p>&nbsp;<\/p>\n","protected":false},"excerpt":{"rendered":"<p>O setor po\u0301s-venda automo\u0301vel enfrenta 2026&#8230;<\/p>\n","protected":false},"author":15,"featured_media":111861,"comment_status":"closed","ping_status":"closed","sticky":false,"template":"","format":"standard","meta":{"footnotes":""},"categories":[37],"tags":[1100,14397,14394,1912,14395,4584,14396,1767,10546],"class_list":["post-111862","post","type-post","status-publish","format-standard","has-post-thumbnail","hentry","category-mercado","tag-eletrificacao","tag-empresas-familiares","tag-grupos-internacionais","tag-pos-venda","tag-redes-regionais","tag-resiliencia","tag-retalhistas-locais","tag-sustentabilidade","tag-transformacao"],"yoast_head":"<!-- This site is optimized with the Yoast SEO plugin v27.5 - https:\/\/yoast.com\/product\/yoast-seo-wordpress\/ -->\n<title>P\u00f3s-venda: Um setor em movimento - Jornal das Oficinas<\/title>\n<meta name=\"description\" content=\"O setor po\u0301s-venda automo\u0301vel enfrenta 2026 com uma combinac\u0327a\u0303o u\u0301nica de dinamismo e transformac\u0327a\u0303o acelerada\" \/>\n<meta name=\"robots\" content=\"index, follow, max-snippet:-1, max-image-preview:large, max-video-preview:-1\" \/>\n<link rel=\"canonical\" href=\"https:\/\/jornaldasoficinas.com\/pt\/pos-venda-um-setor-em-movimento\/\" \/>\n<meta property=\"og:locale\" content=\"pt_PT\" \/>\n<meta property=\"og:type\" content=\"article\" \/>\n<meta property=\"og:title\" content=\"P\u00f3s-venda: Um setor em movimento - Jornal das Oficinas\" \/>\n<meta property=\"og:description\" content=\"O setor po\u0301s-venda automo\u0301vel enfrenta 2026 com uma combinac\u0327a\u0303o u\u0301nica de dinamismo e transformac\u0327a\u0303o acelerada\" \/>\n<meta property=\"og:url\" content=\"https:\/\/jornaldasoficinas.com\/pt\/pos-venda-um-setor-em-movimento\/\" \/>\n<meta property=\"og:site_name\" content=\"Jornal das Oficinas\" \/>\n<meta property=\"article:publisher\" content=\"https:\/\/www.facebook.com\/jornaloficinas\" \/>\n<meta property=\"article:published_time\" content=\"2026-01-18T21:00:24+00:00\" \/>\n<meta property=\"og:image\" content=\"https:\/\/jornaldasoficinas.com\/pt\/wp-content\/uploads\/2026\/01\/pos-venda-em-movimento.jpg\" \/>\n\t<meta property=\"og:image:width\" content=\"1024\" \/>\n\t<meta property=\"og:image:height\" content=\"581\" \/>\n\t<meta property=\"og:image:type\" content=\"image\/jpeg\" \/>\n<meta name=\"author\" content=\"Reda\u00e7\u00e3o JO\" \/>\n<meta name=\"twitter:card\" content=\"summary_large_image\" \/>\n<meta name=\"twitter:creator\" content=\"@jornaloficinas\" \/>\n<meta name=\"twitter:site\" content=\"@jornaloficinas\" \/>\n<meta name=\"twitter:label1\" content=\"Escrito por\" \/>\n\t<meta name=\"twitter:data1\" content=\"Reda\u00e7\u00e3o JO\" \/>\n\t<meta name=\"twitter:label2\" content=\"Tempo estimado de leitura\" \/>\n\t<meta name=\"twitter:data2\" content=\"3 minutos\" \/>\n<script type=\"application\/ld+json\" class=\"yoast-schema-graph\">{\"@context\":\"https:\\\/\\\/schema.org\",\"@graph\":[{\"@type\":\"Article\",\"@id\":\"https:\\\/\\\/jornaldasoficinas.com\\\/pt\\\/pos-venda-um-setor-em-movimento\\\/#article\",\"isPartOf\":{\"@id\":\"https:\\\/\\\/jornaldasoficinas.com\\\/pt\\\/pos-venda-um-setor-em-movimento\\\/\"},\"author\":{\"name\":\"Reda\u00e7\u00e3o JO\",\"@id\":\"https:\\\/\\\/jornaldasoficinas.com\\\/pt\\\/#\\\/schema\\\/person\\\/a38eef5de2c41d9e7c9ac10141afddf3\"},\"headline\":\"P\u00f3s-venda: Um setor em movimento\",\"datePublished\":\"2026-01-18T21:00:24+00:00\",\"mainEntityOfPage\":{\"@id\":\"https:\\\/\\\/jornaldasoficinas.com\\\/pt\\\/pos-venda-um-setor-em-movimento\\\/\"},\"wordCount\":542,\"publisher\":{\"@id\":\"https:\\\/\\\/jornaldasoficinas.com\\\/pt\\\/#organization\"},\"image\":{\"@id\":\"https:\\\/\\\/jornaldasoficinas.com\\\/pt\\\/pos-venda-um-setor-em-movimento\\\/#primaryimage\"},\"thumbnailUrl\":\"https:\\\/\\\/jornaldasoficinas.com\\\/pt\\\/wp-content\\\/uploads\\\/2026\\\/01\\\/pos-venda-em-movimento.jpg\",\"keywords\":[\"Eletrifica\u00e7\u00e3o\",\"empresas familiares\",\"grupos internacionais\",\"P\u00f3s-venda\",\"redes regionais\",\"Resili\u00eancia\",\"retalhistas locais\",\"Sustentabilidade\",\"transforma\u00e7\u00e3o\"],\"articleSection\":[\"Mercado\"],\"inLanguage\":\"pt-PT\"},{\"@type\":\"WebPage\",\"@id\":\"https:\\\/\\\/jornaldasoficinas.com\\\/pt\\\/pos-venda-um-setor-em-movimento\\\/\",\"url\":\"https:\\\/\\\/jornaldasoficinas.com\\\/pt\\\/pos-venda-um-setor-em-movimento\\\/\",\"name\":\"P\u00f3s-venda: Um setor em movimento - Jornal das Oficinas\",\"isPartOf\":{\"@id\":\"https:\\\/\\\/jornaldasoficinas.com\\\/pt\\\/#website\"},\"primaryImageOfPage\":{\"@id\":\"https:\\\/\\\/jornaldasoficinas.com\\\/pt\\\/pos-venda-um-setor-em-movimento\\\/#primaryimage\"},\"image\":{\"@id\":\"https:\\\/\\\/jornaldasoficinas.com\\\/pt\\\/pos-venda-um-setor-em-movimento\\\/#primaryimage\"},\"thumbnailUrl\":\"https:\\\/\\\/jornaldasoficinas.com\\\/pt\\\/wp-content\\\/uploads\\\/2026\\\/01\\\/pos-venda-em-movimento.jpg\",\"datePublished\":\"2026-01-18T21:00:24+00:00\",\"description\":\"O setor po\u0301s-venda automo\u0301vel enfrenta 2026 com uma combinac\u0327a\u0303o u\u0301nica de dinamismo e transformac\u0327a\u0303o acelerada\",\"breadcrumb\":{\"@id\":\"https:\\\/\\\/jornaldasoficinas.com\\\/pt\\\/pos-venda-um-setor-em-movimento\\\/#breadcrumb\"},\"inLanguage\":\"pt-PT\",\"potentialAction\":[{\"@type\":\"ReadAction\",\"target\":[\"https:\\\/\\\/jornaldasoficinas.com\\\/pt\\\/pos-venda-um-setor-em-movimento\\\/\"]}]},{\"@type\":\"ImageObject\",\"inLanguage\":\"pt-PT\",\"@id\":\"https:\\\/\\\/jornaldasoficinas.com\\\/pt\\\/pos-venda-um-setor-em-movimento\\\/#primaryimage\",\"url\":\"https:\\\/\\\/jornaldasoficinas.com\\\/pt\\\/wp-content\\\/uploads\\\/2026\\\/01\\\/pos-venda-em-movimento.jpg\",\"contentUrl\":\"https:\\\/\\\/jornaldasoficinas.com\\\/pt\\\/wp-content\\\/uploads\\\/2026\\\/01\\\/pos-venda-em-movimento.jpg\",\"width\":1024,\"height\":581,\"caption\":\"01 - pos venda em movimento\"},{\"@type\":\"BreadcrumbList\",\"@id\":\"https:\\\/\\\/jornaldasoficinas.com\\\/pt\\\/pos-venda-um-setor-em-movimento\\\/#breadcrumb\",\"itemListElement\":[{\"@type\":\"ListItem\",\"position\":1,\"name\":\"In\u00edcio\",\"item\":\"https:\\\/\\\/jornaldasoficinas.com\\\/pt\\\/\"},{\"@type\":\"ListItem\",\"position\":2,\"name\":\"P\u00f3s-venda: Um setor em movimento\"}]},{\"@type\":\"WebSite\",\"@id\":\"https:\\\/\\\/jornaldasoficinas.com\\\/pt\\\/#website\",\"url\":\"https:\\\/\\\/jornaldasoficinas.com\\\/pt\\\/\",\"name\":\"Jornal das Oficinas\",\"description\":\"Jornal independente do Aftermarket Autom\u00f3vel em Portugal\",\"publisher\":{\"@id\":\"https:\\\/\\\/jornaldasoficinas.com\\\/pt\\\/#organization\"},\"potentialAction\":[{\"@type\":\"SearchAction\",\"target\":{\"@type\":\"EntryPoint\",\"urlTemplate\":\"https:\\\/\\\/jornaldasoficinas.com\\\/pt\\\/?s={search_term_string}\"},\"query-input\":{\"@type\":\"PropertyValueSpecification\",\"valueRequired\":true,\"valueName\":\"search_term_string\"}}],\"inLanguage\":\"pt-PT\"},{\"@type\":\"Organization\",\"@id\":\"https:\\\/\\\/jornaldasoficinas.com\\\/pt\\\/#organization\",\"name\":\"Jornal das Oficinas\",\"url\":\"https:\\\/\\\/jornaldasoficinas.com\\\/pt\\\/\",\"logo\":{\"@type\":\"ImageObject\",\"inLanguage\":\"pt-PT\",\"@id\":\"https:\\\/\\\/jornaldasoficinas.com\\\/pt\\\/#\\\/schema\\\/logo\\\/image\\\/\",\"url\":\"https:\\\/\\\/jornaldasoficinas.com\\\/pt\\\/wp-content\\\/uploads\\\/logoJO-SEO.png\",\"contentUrl\":\"https:\\\/\\\/jornaldasoficinas.com\\\/pt\\\/wp-content\\\/uploads\\\/logoJO-SEO.png\",\"width\":285,\"height\":450,\"caption\":\"Jornal das Oficinas\"},\"image\":{\"@id\":\"https:\\\/\\\/jornaldasoficinas.com\\\/pt\\\/#\\\/schema\\\/logo\\\/image\\\/\"},\"sameAs\":[\"https:\\\/\\\/www.facebook.com\\\/jornaloficinas\",\"https:\\\/\\\/x.com\\\/jornaloficinas\",\"https:\\\/\\\/www.instagram.com\\\/jornal_oficinas\\\/\",\"https:\\\/\\\/www.linkedin.com\\\/company\\\/jornal-das-oficinas\\\/\",\"https:\\\/\\\/www.youtube.com\\\/channel\\\/UCbQZBqtcvV-oSQrr7RzINGg\"]},{\"@type\":\"Person\",\"@id\":\"https:\\\/\\\/jornaldasoficinas.com\\\/pt\\\/#\\\/schema\\\/person\\\/a38eef5de2c41d9e7c9ac10141afddf3\",\"name\":\"Reda\u00e7\u00e3o JO\",\"image\":{\"@type\":\"ImageObject\",\"inLanguage\":\"pt-PT\",\"@id\":\"https:\\\/\\\/secure.gravatar.com\\\/avatar\\\/71f2fa71737ad68a84fea94bc708ddac8ea5b0c4788dc2ad202f3ccb2887742f?s=96&d=wp_user_avatar&r=g\",\"url\":\"https:\\\/\\\/secure.gravatar.com\\\/avatar\\\/71f2fa71737ad68a84fea94bc708ddac8ea5b0c4788dc2ad202f3ccb2887742f?s=96&d=wp_user_avatar&r=g\",\"contentUrl\":\"https:\\\/\\\/secure.gravatar.com\\\/avatar\\\/71f2fa71737ad68a84fea94bc708ddac8ea5b0c4788dc2ad202f3ccb2887742f?s=96&d=wp_user_avatar&r=g\",\"caption\":\"Reda\u00e7\u00e3o JO\"},\"url\":\"https:\\\/\\\/jornaldasoficinas.com\\\/pt\\\/author\\\/joredacao\\\/\"}]}<\/script>\n<!-- \/ Yoast SEO plugin. -->","yoast_head_json":{"title":"P\u00f3s-venda: Um setor em movimento - Jornal das Oficinas","description":"O setor po\u0301s-venda automo\u0301vel enfrenta 2026 com uma combinac\u0327a\u0303o u\u0301nica de dinamismo e transformac\u0327a\u0303o acelerada","robots":{"index":"index","follow":"follow","max-snippet":"max-snippet:-1","max-image-preview":"max-image-preview:large","max-video-preview":"max-video-preview:-1"},"canonical":"https:\/\/jornaldasoficinas.com\/pt\/pos-venda-um-setor-em-movimento\/","og_locale":"pt_PT","og_type":"article","og_title":"P\u00f3s-venda: Um setor em movimento - Jornal das Oficinas","og_description":"O setor po\u0301s-venda automo\u0301vel enfrenta 2026 com uma combinac\u0327a\u0303o u\u0301nica de dinamismo e transformac\u0327a\u0303o acelerada","og_url":"https:\/\/jornaldasoficinas.com\/pt\/pos-venda-um-setor-em-movimento\/","og_site_name":"Jornal das Oficinas","article_publisher":"https:\/\/www.facebook.com\/jornaloficinas","article_published_time":"2026-01-18T21:00:24+00:00","og_image":[{"width":1024,"height":581,"url":"https:\/\/jornaldasoficinas.com\/pt\/wp-content\/uploads\/2026\/01\/pos-venda-em-movimento.jpg","type":"image\/jpeg"}],"author":"Reda\u00e7\u00e3o JO","twitter_card":"summary_large_image","twitter_creator":"@jornaloficinas","twitter_site":"@jornaloficinas","twitter_misc":{"Escrito por":"Reda\u00e7\u00e3o JO","Tempo estimado de leitura":"3 minutos"},"schema":{"@context":"https:\/\/schema.org","@graph":[{"@type":"Article","@id":"https:\/\/jornaldasoficinas.com\/pt\/pos-venda-um-setor-em-movimento\/#article","isPartOf":{"@id":"https:\/\/jornaldasoficinas.com\/pt\/pos-venda-um-setor-em-movimento\/"},"author":{"name":"Reda\u00e7\u00e3o JO","@id":"https:\/\/jornaldasoficinas.com\/pt\/#\/schema\/person\/a38eef5de2c41d9e7c9ac10141afddf3"},"headline":"P\u00f3s-venda: Um setor em movimento","datePublished":"2026-01-18T21:00:24+00:00","mainEntityOfPage":{"@id":"https:\/\/jornaldasoficinas.com\/pt\/pos-venda-um-setor-em-movimento\/"},"wordCount":542,"publisher":{"@id":"https:\/\/jornaldasoficinas.com\/pt\/#organization"},"image":{"@id":"https:\/\/jornaldasoficinas.com\/pt\/pos-venda-um-setor-em-movimento\/#primaryimage"},"thumbnailUrl":"https:\/\/jornaldasoficinas.com\/pt\/wp-content\/uploads\/2026\/01\/pos-venda-em-movimento.jpg","keywords":["Eletrifica\u00e7\u00e3o","empresas familiares","grupos internacionais","P\u00f3s-venda","redes regionais","Resili\u00eancia","retalhistas locais","Sustentabilidade","transforma\u00e7\u00e3o"],"articleSection":["Mercado"],"inLanguage":"pt-PT"},{"@type":"WebPage","@id":"https:\/\/jornaldasoficinas.com\/pt\/pos-venda-um-setor-em-movimento\/","url":"https:\/\/jornaldasoficinas.com\/pt\/pos-venda-um-setor-em-movimento\/","name":"P\u00f3s-venda: Um setor em movimento - Jornal das Oficinas","isPartOf":{"@id":"https:\/\/jornaldasoficinas.com\/pt\/#website"},"primaryImageOfPage":{"@id":"https:\/\/jornaldasoficinas.com\/pt\/pos-venda-um-setor-em-movimento\/#primaryimage"},"image":{"@id":"https:\/\/jornaldasoficinas.com\/pt\/pos-venda-um-setor-em-movimento\/#primaryimage"},"thumbnailUrl":"https:\/\/jornaldasoficinas.com\/pt\/wp-content\/uploads\/2026\/01\/pos-venda-em-movimento.jpg","datePublished":"2026-01-18T21:00:24+00:00","description":"O setor po\u0301s-venda automo\u0301vel enfrenta 2026 com uma combinac\u0327a\u0303o u\u0301nica de dinamismo e transformac\u0327a\u0303o acelerada","breadcrumb":{"@id":"https:\/\/jornaldasoficinas.com\/pt\/pos-venda-um-setor-em-movimento\/#breadcrumb"},"inLanguage":"pt-PT","potentialAction":[{"@type":"ReadAction","target":["https:\/\/jornaldasoficinas.com\/pt\/pos-venda-um-setor-em-movimento\/"]}]},{"@type":"ImageObject","inLanguage":"pt-PT","@id":"https:\/\/jornaldasoficinas.com\/pt\/pos-venda-um-setor-em-movimento\/#primaryimage","url":"https:\/\/jornaldasoficinas.com\/pt\/wp-content\/uploads\/2026\/01\/pos-venda-em-movimento.jpg","contentUrl":"https:\/\/jornaldasoficinas.com\/pt\/wp-content\/uploads\/2026\/01\/pos-venda-em-movimento.jpg","width":1024,"height":581,"caption":"01 - pos venda em movimento"},{"@type":"BreadcrumbList","@id":"https:\/\/jornaldasoficinas.com\/pt\/pos-venda-um-setor-em-movimento\/#breadcrumb","itemListElement":[{"@type":"ListItem","position":1,"name":"In\u00edcio","item":"https:\/\/jornaldasoficinas.com\/pt\/"},{"@type":"ListItem","position":2,"name":"P\u00f3s-venda: Um setor em movimento"}]},{"@type":"WebSite","@id":"https:\/\/jornaldasoficinas.com\/pt\/#website","url":"https:\/\/jornaldasoficinas.com\/pt\/","name":"Jornal das Oficinas","description":"Jornal independente do Aftermarket Autom\u00f3vel em Portugal","publisher":{"@id":"https:\/\/jornaldasoficinas.com\/pt\/#organization"},"potentialAction":[{"@type":"SearchAction","target":{"@type":"EntryPoint","urlTemplate":"https:\/\/jornaldasoficinas.com\/pt\/?s={search_term_string}"},"query-input":{"@type":"PropertyValueSpecification","valueRequired":true,"valueName":"search_term_string"}}],"inLanguage":"pt-PT"},{"@type":"Organization","@id":"https:\/\/jornaldasoficinas.com\/pt\/#organization","name":"Jornal das Oficinas","url":"https:\/\/jornaldasoficinas.com\/pt\/","logo":{"@type":"ImageObject","inLanguage":"pt-PT","@id":"https:\/\/jornaldasoficinas.com\/pt\/#\/schema\/logo\/image\/","url":"https:\/\/jornaldasoficinas.com\/pt\/wp-content\/uploads\/logoJO-SEO.png","contentUrl":"https:\/\/jornaldasoficinas.com\/pt\/wp-content\/uploads\/logoJO-SEO.png","width":285,"height":450,"caption":"Jornal das Oficinas"},"image":{"@id":"https:\/\/jornaldasoficinas.com\/pt\/#\/schema\/logo\/image\/"},"sameAs":["https:\/\/www.facebook.com\/jornaloficinas","https:\/\/x.com\/jornaloficinas","https:\/\/www.instagram.com\/jornal_oficinas\/","https:\/\/www.linkedin.com\/company\/jornal-das-oficinas\/","https:\/\/www.youtube.com\/channel\/UCbQZBqtcvV-oSQrr7RzINGg"]},{"@type":"Person","@id":"https:\/\/jornaldasoficinas.com\/pt\/#\/schema\/person\/a38eef5de2c41d9e7c9ac10141afddf3","name":"Reda\u00e7\u00e3o JO","image":{"@type":"ImageObject","inLanguage":"pt-PT","@id":"https:\/\/secure.gravatar.com\/avatar\/71f2fa71737ad68a84fea94bc708ddac8ea5b0c4788dc2ad202f3ccb2887742f?s=96&d=wp_user_avatar&r=g","url":"https:\/\/secure.gravatar.com\/avatar\/71f2fa71737ad68a84fea94bc708ddac8ea5b0c4788dc2ad202f3ccb2887742f?s=96&d=wp_user_avatar&r=g","contentUrl":"https:\/\/secure.gravatar.com\/avatar\/71f2fa71737ad68a84fea94bc708ddac8ea5b0c4788dc2ad202f3ccb2887742f?s=96&d=wp_user_avatar&r=g","caption":"Reda\u00e7\u00e3o JO"},"url":"https:\/\/jornaldasoficinas.com\/pt\/author\/joredacao\/"}]}},"_links":{"self":[{"href":"https:\/\/jornaldasoficinas.com\/pt\/wp-json\/wp\/v2\/posts\/111862","targetHints":{"allow":["GET"]}}],"collection":[{"href":"https:\/\/jornaldasoficinas.com\/pt\/wp-json\/wp\/v2\/posts"}],"about":[{"href":"https:\/\/jornaldasoficinas.com\/pt\/wp-json\/wp\/v2\/types\/post"}],"author":[{"embeddable":true,"href":"https:\/\/jornaldasoficinas.com\/pt\/wp-json\/wp\/v2\/users\/15"}],"replies":[{"embeddable":true,"href":"https:\/\/jornaldasoficinas.com\/pt\/wp-json\/wp\/v2\/comments?post=111862"}],"version-history":[{"count":6,"href":"https:\/\/jornaldasoficinas.com\/pt\/wp-json\/wp\/v2\/posts\/111862\/revisions"}],"predecessor-version":[{"id":111897,"href":"https:\/\/jornaldasoficinas.com\/pt\/wp-json\/wp\/v2\/posts\/111862\/revisions\/111897"}],"wp:featuredmedia":[{"embeddable":true,"href":"https:\/\/jornaldasoficinas.com\/pt\/wp-json\/wp\/v2\/media\/111861"}],"wp:attachment":[{"href":"https:\/\/jornaldasoficinas.com\/pt\/wp-json\/wp\/v2\/media?parent=111862"}],"wp:term":[{"taxonomy":"category","embeddable":true,"href":"https:\/\/jornaldasoficinas.com\/pt\/wp-json\/wp\/v2\/categories?post=111862"},{"taxonomy":"post_tag","embeddable":true,"href":"https:\/\/jornaldasoficinas.com\/pt\/wp-json\/wp\/v2\/tags?post=111862"}],"curies":[{"name":"wp","href":"https:\/\/api.w.org\/{rel}","templated":true}]}}