{"id":11191,"date":"2020-03-23T16:02:49","date_gmt":"2020-03-23T16:02:49","guid":{"rendered":"https:\/\/jornaldasoficinas.com\/pt\/?p=11191"},"modified":"2020-03-23T16:02:49","modified_gmt":"2020-03-23T16:02:49","slug":"vieira-freitas-emite-comunicado-para-distribuidores-e-clientes","status":"publish","type":"post","link":"https:\/\/jornaldasoficinas.com\/pt\/vieira-freitas-emite-comunicado-para-distribuidores-e-clientes\/","title":{"rendered":"Vieira &#038; Freitas emite comunicado para distribuidores e clientes"},"content":{"rendered":"<p><img loading=\"lazy\" decoding=\"async\" class=\"alignnone wp-image-11192 size-full\" src=\"https:\/\/jornaldasoficinas.com\/pt\/wp-content\/uploads\/2020\/03\/vieiraefreitas-1.png\" alt=\"03 - vieiraefreitas-1\" width=\"1024\" height=\"581\" srcset=\"https:\/\/jornaldasoficinas.com\/pt\/wp-content\/uploads\/2020\/03\/vieiraefreitas-1.png 1024w, https:\/\/jornaldasoficinas.com\/pt\/wp-content\/uploads\/2020\/03\/vieiraefreitas-1-300x170.png 300w, https:\/\/jornaldasoficinas.com\/pt\/wp-content\/uploads\/2020\/03\/vieiraefreitas-1-150x85.png 150w, https:\/\/jornaldasoficinas.com\/pt\/wp-content\/uploads\/2020\/03\/vieiraefreitas-1-768x436.png 768w\" sizes=\"auto, (max-width: 1024px) 100vw, 1024px\" \/><\/p>\n<p><strong>\u201cA crise do Covid-19 representa um grande desafio, tanto a n\u00edvel profissional quanto familiar. As pr\u00f3ximas semanas ser\u00e3o dif\u00edceis e complicadas para todos\u201d, pode ler-se no in\u00edcio do documento emitido pela empresa bracarense.<\/strong><\/p>\n<p>Aqui fica o restante teor do comunicado:<\/p>\n<p>\u201cCumprindo as normas legislativas, julgamos que \u00e9 o nosso dever, pelo menos, garantir um m\u00ednimo de atividade desde que com total seguran\u00e7a. Pelo que, ap\u00f3s tr\u00eas dias de reorganiza\u00e7\u00e3o, retomaremos alguma atividade comercial hoje, dia 23 de mar\u00e7o.<\/p>\n<p>Assim, com efeitos imediatos, implementamos as seguintes medidas:<\/p>\n<p>\u2022 De forma a garantir o distanciamento e a seguran\u00e7a dos nossos colaboradores, trabalharemos com equipas reduzidas, em hor\u00e1rio mais reduzido, o que ter\u00e1 alguns efeitos na execu\u00e7\u00e3o das encomendas.<\/p>\n<p>De forma a garantir a qualidade dos nossos servi\u00e7os, informamos que:<\/p>\n<p>\u2022 S\u00f3 aceitaremos encomendas at\u00e9 \u00e0s 16h30;<\/p>\n<p>\u2022 Daremos prefer\u00eancia a encomendas por via eletr\u00f3nica (portal de compras, Skype e <em>email<\/em>) ou via telefone (935\u00a0550\u00a0363 &#8211; 935\u00a0550 366 \u2013 935\u00a0550 369 \u2013 253\u00a0607 320);<\/p>\n<p>\u2022 Pedimos aos nossos parceiros que apenas encomendem pe\u00e7as urgentes e devidamente identificadas, pois n\u00e3o aceitaremos devolu\u00e7\u00f5es de pe\u00e7as fornecidas neste per\u00edodo;<\/p>\n<p>\u2022 As encomendas ser\u00e3o enviadas mediante a disponibilidade dos transportadores;<\/p>\n<p>\u2022 N\u00e3o ser\u00e1 permitido a entrada de pessoas estranhas dentro da empresa;<\/p>\n<p>\u2022 As encomendas ser\u00e3o entregues \u00e0 porta.<\/p>\n<p>Durante este per\u00edodo de crise, as decis\u00f5es ser\u00e3o tomadas dia a dia, pelo que este estado pode ser alterado a qualquer momento. Nesse caso, entraremos em contacto novamente para informar acerca do desempenho da nossa atividade.<\/p>\n<p>Neste momento, trabalharemos com 1\/3 dos colaboradores na empresa. Os restantes estar\u00e3o em casa, uns a trabalhar, outros em forma\u00e7\u00e3o <em>online<\/em>.<\/p>\n<p>Trata-se de um momento absolutamente extraordin\u00e1rio e, por isso, contamos com a colabora\u00e7\u00e3o e compreens\u00e3o de todos.<\/p>\n<p>Permanecemos \u00e0 vossa inteira disposi\u00e7\u00e3o e aproveitando para enviar um grande abra\u00e7o de toda equipa da <a href=\"http:\/\/www.vieirafreitas.pt\/\" target=\"_blank\" rel=\"noopener noreferrer\">Vieira &amp; Freitas<\/a> e refor\u00e7ar o nosso firme compromisso para com os nossos parceiros e clientes. Unidos, conseguiremos\u201d.<\/p>\n","protected":false},"excerpt":{"rendered":"<p>\u201cA crise do Covid-19 representa um&#8230;<\/p>\n","protected":false},"author":15,"featured_media":11192,"comment_status":"closed","ping_status":"closed","sticky":false,"template":"","format":"standard","meta":{"footnotes":""},"categories":[29],"tags":[1790,1789,367],"class_list":["post-11191","post","type-post","status-publish","format-standard","has-post-thumbnail","hentry","category-empresas","tag-coronavirus","tag-covid-19","tag-vieira-freitas"],"yoast_head":"<!-- This site is optimized with the Yoast SEO plugin v27.5 - https:\/\/yoast.com\/product\/yoast-seo-wordpress\/ -->\n<title>Vieira &amp; Freitas emite comunicado para distribuidores e clientes - Jornal das Oficinas<\/title>\n<meta name=\"robots\" content=\"index, follow, max-snippet:-1, max-image-preview:large, max-video-preview:-1\" \/>\n<link rel=\"canonical\" href=\"https:\/\/jornaldasoficinas.com\/pt\/vieira-freitas-emite-comunicado-para-distribuidores-e-clientes\/\" \/>\n<meta property=\"og:locale\" content=\"pt_PT\" \/>\n<meta property=\"og:type\" content=\"article\" \/>\n<meta property=\"og:title\" content=\"Vieira &amp; Freitas emite comunicado para distribuidores e clientes - Jornal das Oficinas\" \/>\n<meta property=\"og:description\" content=\"\u201cA crise do Covid-19 representa um...\" \/>\n<meta property=\"og:url\" content=\"https:\/\/jornaldasoficinas.com\/pt\/vieira-freitas-emite-comunicado-para-distribuidores-e-clientes\/\" \/>\n<meta property=\"og:site_name\" content=\"Jornal das Oficinas\" \/>\n<meta property=\"article:publisher\" content=\"https:\/\/www.facebook.com\/jornaloficinas\" \/>\n<meta property=\"article:published_time\" content=\"2020-03-23T16:02:49+00:00\" \/>\n<meta property=\"og:image\" content=\"https:\/\/jornaldasoficinas.com\/pt\/wp-content\/uploads\/2020\/03\/vieiraefreitas-1.png\" \/>\n\t<meta property=\"og:image:width\" content=\"1024\" \/>\n\t<meta property=\"og:image:height\" content=\"581\" \/>\n\t<meta property=\"og:image:type\" content=\"image\/png\" \/>\n<meta name=\"author\" content=\"Reda\u00e7\u00e3o JO\" \/>\n<meta name=\"twitter:card\" content=\"summary_large_image\" \/>\n<meta name=\"twitter:creator\" content=\"@jornaloficinas\" \/>\n<meta name=\"twitter:site\" content=\"@jornaloficinas\" \/>\n<meta name=\"twitter:label1\" content=\"Escrito por\" \/>\n\t<meta name=\"twitter:data1\" content=\"Reda\u00e7\u00e3o JO\" \/>\n\t<meta name=\"twitter:label2\" content=\"Tempo estimado de leitura\" \/>\n\t<meta name=\"twitter:data2\" content=\"2 minutos\" \/>\n<script type=\"application\/ld+json\" class=\"yoast-schema-graph\">{\"@context\":\"https:\\\/\\\/schema.org\",\"@graph\":[{\"@type\":\"Article\",\"@id\":\"https:\\\/\\\/jornaldasoficinas.com\\\/pt\\\/vieira-freitas-emite-comunicado-para-distribuidores-e-clientes\\\/#article\",\"isPartOf\":{\"@id\":\"https:\\\/\\\/jornaldasoficinas.com\\\/pt\\\/vieira-freitas-emite-comunicado-para-distribuidores-e-clientes\\\/\"},\"author\":{\"name\":\"Reda\u00e7\u00e3o JO\",\"@id\":\"https:\\\/\\\/jornaldasoficinas.com\\\/pt\\\/#\\\/schema\\\/person\\\/a38eef5de2c41d9e7c9ac10141afddf3\"},\"headline\":\"Vieira &#038; Freitas emite comunicado para distribuidores e clientes\",\"datePublished\":\"2020-03-23T16:02:49+00:00\",\"mainEntityOfPage\":{\"@id\":\"https:\\\/\\\/jornaldasoficinas.com\\\/pt\\\/vieira-freitas-emite-comunicado-para-distribuidores-e-clientes\\\/\"},\"wordCount\":343,\"publisher\":{\"@id\":\"https:\\\/\\\/jornaldasoficinas.com\\\/pt\\\/#organization\"},\"image\":{\"@id\":\"https:\\\/\\\/jornaldasoficinas.com\\\/pt\\\/vieira-freitas-emite-comunicado-para-distribuidores-e-clientes\\\/#primaryimage\"},\"thumbnailUrl\":\"https:\\\/\\\/jornaldasoficinas.com\\\/pt\\\/wp-content\\\/uploads\\\/2020\\\/03\\\/vieiraefreitas-1.png\",\"keywords\":[\"Coronav\u00edrus\",\"COVID-19\",\"Vieira &amp; Freitas\"],\"articleSection\":[\"Empresas\"],\"inLanguage\":\"pt-PT\"},{\"@type\":\"WebPage\",\"@id\":\"https:\\\/\\\/jornaldasoficinas.com\\\/pt\\\/vieira-freitas-emite-comunicado-para-distribuidores-e-clientes\\\/\",\"url\":\"https:\\\/\\\/jornaldasoficinas.com\\\/pt\\\/vieira-freitas-emite-comunicado-para-distribuidores-e-clientes\\\/\",\"name\":\"Vieira & Freitas emite comunicado para distribuidores e clientes - Jornal das Oficinas\",\"isPartOf\":{\"@id\":\"https:\\\/\\\/jornaldasoficinas.com\\\/pt\\\/#website\"},\"primaryImageOfPage\":{\"@id\":\"https:\\\/\\\/jornaldasoficinas.com\\\/pt\\\/vieira-freitas-emite-comunicado-para-distribuidores-e-clientes\\\/#primaryimage\"},\"image\":{\"@id\":\"https:\\\/\\\/jornaldasoficinas.com\\\/pt\\\/vieira-freitas-emite-comunicado-para-distribuidores-e-clientes\\\/#primaryimage\"},\"thumbnailUrl\":\"https:\\\/\\\/jornaldasoficinas.com\\\/pt\\\/wp-content\\\/uploads\\\/2020\\\/03\\\/vieiraefreitas-1.png\",\"datePublished\":\"2020-03-23T16:02:49+00:00\",\"breadcrumb\":{\"@id\":\"https:\\\/\\\/jornaldasoficinas.com\\\/pt\\\/vieira-freitas-emite-comunicado-para-distribuidores-e-clientes\\\/#breadcrumb\"},\"inLanguage\":\"pt-PT\",\"potentialAction\":[{\"@type\":\"ReadAction\",\"target\":[\"https:\\\/\\\/jornaldasoficinas.com\\\/pt\\\/vieira-freitas-emite-comunicado-para-distribuidores-e-clientes\\\/\"]}]},{\"@type\":\"ImageObject\",\"inLanguage\":\"pt-PT\",\"@id\":\"https:\\\/\\\/jornaldasoficinas.com\\\/pt\\\/vieira-freitas-emite-comunicado-para-distribuidores-e-clientes\\\/#primaryimage\",\"url\":\"https:\\\/\\\/jornaldasoficinas.com\\\/pt\\\/wp-content\\\/uploads\\\/2020\\\/03\\\/vieiraefreitas-1.png\",\"contentUrl\":\"https:\\\/\\\/jornaldasoficinas.com\\\/pt\\\/wp-content\\\/uploads\\\/2020\\\/03\\\/vieiraefreitas-1.png\",\"width\":1024,\"height\":581,\"caption\":\"03 - vieiraefreitas-1\"},{\"@type\":\"BreadcrumbList\",\"@id\":\"https:\\\/\\\/jornaldasoficinas.com\\\/pt\\\/vieira-freitas-emite-comunicado-para-distribuidores-e-clientes\\\/#breadcrumb\",\"itemListElement\":[{\"@type\":\"ListItem\",\"position\":1,\"name\":\"In\u00edcio\",\"item\":\"https:\\\/\\\/jornaldasoficinas.com\\\/pt\\\/\"},{\"@type\":\"ListItem\",\"position\":2,\"name\":\"Vieira &#038; Freitas emite comunicado para distribuidores e clientes\"}]},{\"@type\":\"WebSite\",\"@id\":\"https:\\\/\\\/jornaldasoficinas.com\\\/pt\\\/#website\",\"url\":\"https:\\\/\\\/jornaldasoficinas.com\\\/pt\\\/\",\"name\":\"Jornal das Oficinas\",\"description\":\"Jornal independente do Aftermarket Autom\u00f3vel em Portugal\",\"publisher\":{\"@id\":\"https:\\\/\\\/jornaldasoficinas.com\\\/pt\\\/#organization\"},\"potentialAction\":[{\"@type\":\"SearchAction\",\"target\":{\"@type\":\"EntryPoint\",\"urlTemplate\":\"https:\\\/\\\/jornaldasoficinas.com\\\/pt\\\/?s={search_term_string}\"},\"query-input\":{\"@type\":\"PropertyValueSpecification\",\"valueRequired\":true,\"valueName\":\"search_term_string\"}}],\"inLanguage\":\"pt-PT\"},{\"@type\":\"Organization\",\"@id\":\"https:\\\/\\\/jornaldasoficinas.com\\\/pt\\\/#organization\",\"name\":\"Jornal das Oficinas\",\"url\":\"https:\\\/\\\/jornaldasoficinas.com\\\/pt\\\/\",\"logo\":{\"@type\":\"ImageObject\",\"inLanguage\":\"pt-PT\",\"@id\":\"https:\\\/\\\/jornaldasoficinas.com\\\/pt\\\/#\\\/schema\\\/logo\\\/image\\\/\",\"url\":\"https:\\\/\\\/jornaldasoficinas.com\\\/pt\\\/wp-content\\\/uploads\\\/logoJO-SEO.png\",\"contentUrl\":\"https:\\\/\\\/jornaldasoficinas.com\\\/pt\\\/wp-content\\\/uploads\\\/logoJO-SEO.png\",\"width\":285,\"height\":450,\"caption\":\"Jornal das Oficinas\"},\"image\":{\"@id\":\"https:\\\/\\\/jornaldasoficinas.com\\\/pt\\\/#\\\/schema\\\/logo\\\/image\\\/\"},\"sameAs\":[\"https:\\\/\\\/www.facebook.com\\\/jornaloficinas\",\"https:\\\/\\\/x.com\\\/jornaloficinas\",\"https:\\\/\\\/www.instagram.com\\\/jornal_oficinas\\\/\",\"https:\\\/\\\/www.linkedin.com\\\/company\\\/jornal-das-oficinas\\\/\",\"https:\\\/\\\/www.youtube.com\\\/channel\\\/UCbQZBqtcvV-oSQrr7RzINGg\"]},{\"@type\":\"Person\",\"@id\":\"https:\\\/\\\/jornaldasoficinas.com\\\/pt\\\/#\\\/schema\\\/person\\\/a38eef5de2c41d9e7c9ac10141afddf3\",\"name\":\"Reda\u00e7\u00e3o JO\",\"image\":{\"@type\":\"ImageObject\",\"inLanguage\":\"pt-PT\",\"@id\":\"https:\\\/\\\/secure.gravatar.com\\\/avatar\\\/71f2fa71737ad68a84fea94bc708ddac8ea5b0c4788dc2ad202f3ccb2887742f?s=96&d=wp_user_avatar&r=g\",\"url\":\"https:\\\/\\\/secure.gravatar.com\\\/avatar\\\/71f2fa71737ad68a84fea94bc708ddac8ea5b0c4788dc2ad202f3ccb2887742f?s=96&d=wp_user_avatar&r=g\",\"contentUrl\":\"https:\\\/\\\/secure.gravatar.com\\\/avatar\\\/71f2fa71737ad68a84fea94bc708ddac8ea5b0c4788dc2ad202f3ccb2887742f?s=96&d=wp_user_avatar&r=g\",\"caption\":\"Reda\u00e7\u00e3o JO\"},\"url\":\"https:\\\/\\\/jornaldasoficinas.com\\\/pt\\\/author\\\/joredacao\\\/\"}]}<\/script>\n<!-- \/ Yoast SEO plugin. -->","yoast_head_json":{"title":"Vieira & Freitas emite comunicado para distribuidores e clientes - Jornal das Oficinas","robots":{"index":"index","follow":"follow","max-snippet":"max-snippet:-1","max-image-preview":"max-image-preview:large","max-video-preview":"max-video-preview:-1"},"canonical":"https:\/\/jornaldasoficinas.com\/pt\/vieira-freitas-emite-comunicado-para-distribuidores-e-clientes\/","og_locale":"pt_PT","og_type":"article","og_title":"Vieira & Freitas emite comunicado para distribuidores e clientes - Jornal das Oficinas","og_description":"\u201cA crise do Covid-19 representa um...","og_url":"https:\/\/jornaldasoficinas.com\/pt\/vieira-freitas-emite-comunicado-para-distribuidores-e-clientes\/","og_site_name":"Jornal das Oficinas","article_publisher":"https:\/\/www.facebook.com\/jornaloficinas","article_published_time":"2020-03-23T16:02:49+00:00","og_image":[{"width":1024,"height":581,"url":"https:\/\/jornaldasoficinas.com\/pt\/wp-content\/uploads\/2020\/03\/vieiraefreitas-1.png","type":"image\/png"}],"author":"Reda\u00e7\u00e3o JO","twitter_card":"summary_large_image","twitter_creator":"@jornaloficinas","twitter_site":"@jornaloficinas","twitter_misc":{"Escrito por":"Reda\u00e7\u00e3o JO","Tempo estimado de leitura":"2 minutos"},"schema":{"@context":"https:\/\/schema.org","@graph":[{"@type":"Article","@id":"https:\/\/jornaldasoficinas.com\/pt\/vieira-freitas-emite-comunicado-para-distribuidores-e-clientes\/#article","isPartOf":{"@id":"https:\/\/jornaldasoficinas.com\/pt\/vieira-freitas-emite-comunicado-para-distribuidores-e-clientes\/"},"author":{"name":"Reda\u00e7\u00e3o JO","@id":"https:\/\/jornaldasoficinas.com\/pt\/#\/schema\/person\/a38eef5de2c41d9e7c9ac10141afddf3"},"headline":"Vieira &#038; Freitas emite comunicado para distribuidores e clientes","datePublished":"2020-03-23T16:02:49+00:00","mainEntityOfPage":{"@id":"https:\/\/jornaldasoficinas.com\/pt\/vieira-freitas-emite-comunicado-para-distribuidores-e-clientes\/"},"wordCount":343,"publisher":{"@id":"https:\/\/jornaldasoficinas.com\/pt\/#organization"},"image":{"@id":"https:\/\/jornaldasoficinas.com\/pt\/vieira-freitas-emite-comunicado-para-distribuidores-e-clientes\/#primaryimage"},"thumbnailUrl":"https:\/\/jornaldasoficinas.com\/pt\/wp-content\/uploads\/2020\/03\/vieiraefreitas-1.png","keywords":["Coronav\u00edrus","COVID-19","Vieira &amp; Freitas"],"articleSection":["Empresas"],"inLanguage":"pt-PT"},{"@type":"WebPage","@id":"https:\/\/jornaldasoficinas.com\/pt\/vieira-freitas-emite-comunicado-para-distribuidores-e-clientes\/","url":"https:\/\/jornaldasoficinas.com\/pt\/vieira-freitas-emite-comunicado-para-distribuidores-e-clientes\/","name":"Vieira & Freitas emite comunicado para distribuidores e clientes - Jornal das Oficinas","isPartOf":{"@id":"https:\/\/jornaldasoficinas.com\/pt\/#website"},"primaryImageOfPage":{"@id":"https:\/\/jornaldasoficinas.com\/pt\/vieira-freitas-emite-comunicado-para-distribuidores-e-clientes\/#primaryimage"},"image":{"@id":"https:\/\/jornaldasoficinas.com\/pt\/vieira-freitas-emite-comunicado-para-distribuidores-e-clientes\/#primaryimage"},"thumbnailUrl":"https:\/\/jornaldasoficinas.com\/pt\/wp-content\/uploads\/2020\/03\/vieiraefreitas-1.png","datePublished":"2020-03-23T16:02:49+00:00","breadcrumb":{"@id":"https:\/\/jornaldasoficinas.com\/pt\/vieira-freitas-emite-comunicado-para-distribuidores-e-clientes\/#breadcrumb"},"inLanguage":"pt-PT","potentialAction":[{"@type":"ReadAction","target":["https:\/\/jornaldasoficinas.com\/pt\/vieira-freitas-emite-comunicado-para-distribuidores-e-clientes\/"]}]},{"@type":"ImageObject","inLanguage":"pt-PT","@id":"https:\/\/jornaldasoficinas.com\/pt\/vieira-freitas-emite-comunicado-para-distribuidores-e-clientes\/#primaryimage","url":"https:\/\/jornaldasoficinas.com\/pt\/wp-content\/uploads\/2020\/03\/vieiraefreitas-1.png","contentUrl":"https:\/\/jornaldasoficinas.com\/pt\/wp-content\/uploads\/2020\/03\/vieiraefreitas-1.png","width":1024,"height":581,"caption":"03 - vieiraefreitas-1"},{"@type":"BreadcrumbList","@id":"https:\/\/jornaldasoficinas.com\/pt\/vieira-freitas-emite-comunicado-para-distribuidores-e-clientes\/#breadcrumb","itemListElement":[{"@type":"ListItem","position":1,"name":"In\u00edcio","item":"https:\/\/jornaldasoficinas.com\/pt\/"},{"@type":"ListItem","position":2,"name":"Vieira &#038; Freitas emite comunicado para distribuidores e clientes"}]},{"@type":"WebSite","@id":"https:\/\/jornaldasoficinas.com\/pt\/#website","url":"https:\/\/jornaldasoficinas.com\/pt\/","name":"Jornal das Oficinas","description":"Jornal independente do Aftermarket Autom\u00f3vel em Portugal","publisher":{"@id":"https:\/\/jornaldasoficinas.com\/pt\/#organization"},"potentialAction":[{"@type":"SearchAction","target":{"@type":"EntryPoint","urlTemplate":"https:\/\/jornaldasoficinas.com\/pt\/?s={search_term_string}"},"query-input":{"@type":"PropertyValueSpecification","valueRequired":true,"valueName":"search_term_string"}}],"inLanguage":"pt-PT"},{"@type":"Organization","@id":"https:\/\/jornaldasoficinas.com\/pt\/#organization","name":"Jornal das Oficinas","url":"https:\/\/jornaldasoficinas.com\/pt\/","logo":{"@type":"ImageObject","inLanguage":"pt-PT","@id":"https:\/\/jornaldasoficinas.com\/pt\/#\/schema\/logo\/image\/","url":"https:\/\/jornaldasoficinas.com\/pt\/wp-content\/uploads\/logoJO-SEO.png","contentUrl":"https:\/\/jornaldasoficinas.com\/pt\/wp-content\/uploads\/logoJO-SEO.png","width":285,"height":450,"caption":"Jornal das Oficinas"},"image":{"@id":"https:\/\/jornaldasoficinas.com\/pt\/#\/schema\/logo\/image\/"},"sameAs":["https:\/\/www.facebook.com\/jornaloficinas","https:\/\/x.com\/jornaloficinas","https:\/\/www.instagram.com\/jornal_oficinas\/","https:\/\/www.linkedin.com\/company\/jornal-das-oficinas\/","https:\/\/www.youtube.com\/channel\/UCbQZBqtcvV-oSQrr7RzINGg"]},{"@type":"Person","@id":"https:\/\/jornaldasoficinas.com\/pt\/#\/schema\/person\/a38eef5de2c41d9e7c9ac10141afddf3","name":"Reda\u00e7\u00e3o JO","image":{"@type":"ImageObject","inLanguage":"pt-PT","@id":"https:\/\/secure.gravatar.com\/avatar\/71f2fa71737ad68a84fea94bc708ddac8ea5b0c4788dc2ad202f3ccb2887742f?s=96&d=wp_user_avatar&r=g","url":"https:\/\/secure.gravatar.com\/avatar\/71f2fa71737ad68a84fea94bc708ddac8ea5b0c4788dc2ad202f3ccb2887742f?s=96&d=wp_user_avatar&r=g","contentUrl":"https:\/\/secure.gravatar.com\/avatar\/71f2fa71737ad68a84fea94bc708ddac8ea5b0c4788dc2ad202f3ccb2887742f?s=96&d=wp_user_avatar&r=g","caption":"Reda\u00e7\u00e3o JO"},"url":"https:\/\/jornaldasoficinas.com\/pt\/author\/joredacao\/"}]}},"_links":{"self":[{"href":"https:\/\/jornaldasoficinas.com\/pt\/wp-json\/wp\/v2\/posts\/11191","targetHints":{"allow":["GET"]}}],"collection":[{"href":"https:\/\/jornaldasoficinas.com\/pt\/wp-json\/wp\/v2\/posts"}],"about":[{"href":"https:\/\/jornaldasoficinas.com\/pt\/wp-json\/wp\/v2\/types\/post"}],"author":[{"embeddable":true,"href":"https:\/\/jornaldasoficinas.com\/pt\/wp-json\/wp\/v2\/users\/15"}],"replies":[{"embeddable":true,"href":"https:\/\/jornaldasoficinas.com\/pt\/wp-json\/wp\/v2\/comments?post=11191"}],"version-history":[{"count":0,"href":"https:\/\/jornaldasoficinas.com\/pt\/wp-json\/wp\/v2\/posts\/11191\/revisions"}],"wp:featuredmedia":[{"embeddable":true,"href":"https:\/\/jornaldasoficinas.com\/pt\/wp-json\/wp\/v2\/media\/11192"}],"wp:attachment":[{"href":"https:\/\/jornaldasoficinas.com\/pt\/wp-json\/wp\/v2\/media?parent=11191"}],"wp:term":[{"taxonomy":"category","embeddable":true,"href":"https:\/\/jornaldasoficinas.com\/pt\/wp-json\/wp\/v2\/categories?post=11191"},{"taxonomy":"post_tag","embeddable":true,"href":"https:\/\/jornaldasoficinas.com\/pt\/wp-json\/wp\/v2\/tags?post=11191"}],"curies":[{"name":"wp","href":"https:\/\/api.w.org\/{rel}","templated":true}]}}