{"id":111921,"date":"2026-01-19T18:00:27","date_gmt":"2026-01-19T18:00:27","guid":{"rendered":"https:\/\/jornaldasoficinas.com\/pt\/?p=111921"},"modified":"2026-01-19T12:03:20","modified_gmt":"2026-01-19T12:03:20","slug":"moeve-e-deco-proteste-prolongam-parceria","status":"publish","type":"post","link":"https:\/\/jornaldasoficinas.com\/pt\/moeve-e-deco-proteste-prolongam-parceria\/","title":{"rendered":"Moeve e DECO PROteste prolongam parceria"},"content":{"rendered":"<p><strong><img loading=\"lazy\" decoding=\"async\" class=\"alignnone size-full wp-image-111930\" src=\"https:\/\/jornaldasoficinas.com\/pt\/wp-content\/uploads\/2026\/01\/Moeve-e-DECO-PROteste-prolongam-parceria.png\" alt=\"01 - Moeve e DECO PROteste prolongam parceria\" width=\"1024\" height=\"581\" srcset=\"https:\/\/jornaldasoficinas.com\/pt\/wp-content\/uploads\/2026\/01\/Moeve-e-DECO-PROteste-prolongam-parceria.png 1024w, https:\/\/jornaldasoficinas.com\/pt\/wp-content\/uploads\/2026\/01\/Moeve-e-DECO-PROteste-prolongam-parceria-300x170.png 300w, https:\/\/jornaldasoficinas.com\/pt\/wp-content\/uploads\/2026\/01\/Moeve-e-DECO-PROteste-prolongam-parceria-150x85.png 150w, https:\/\/jornaldasoficinas.com\/pt\/wp-content\/uploads\/2026\/01\/Moeve-e-DECO-PROteste-prolongam-parceria-768x436.png 768w\" sizes=\"auto, (max-width: 1024px) 100vw, 1024px\" \/><\/strong><\/p>\n<p><strong>A <a href=\"https:\/\/pt.moeveglobal.com\/\" target=\"_blank\" rel=\"noopener\">Moeve<\/a> e a <a href=\"https:\/\/www.deco.proteste.pt\/\" target=\"_blank\" rel=\"noopener\">DECO PROteste<\/a> renovaram a parceria que mant\u00eam h\u00e1 11 anos, refor\u00e7ando uma colabora\u00e7\u00e3o iniciada em 2014 que visa promover a defesa dos consumidores e gerar poupan\u00e7as diretas no setor da mobilidade e da energia em Portugal<\/strong><\/p>\n<p>Segundo o comunicado, a renova\u00e7\u00e3o da parceria decorre sob o mote &#8220;Juntos damos o Litro&#8221;, simbolizando o compromisso cont\u00ednuo da Moeve e da DECO PROteste na cria\u00e7\u00e3o de valor e de poupan\u00e7a efetiva para os consumidores portugueses.<\/p>\n<p>&#8220;A proposta de valor da parceria \u00e9 significativamente refor\u00e7ada, permitindo aos consumidores beneficiar de uma poupan\u00e7a que pode chegar a 10 euros por cada 50 litros, atrav\u00e9s da aplica\u00e7\u00e3o direta e imediata dos v\u00e1rios benef\u00edcios no momento do abastecimento nos postos Moeve e Cepsa&#8221;, pode ler-se.<\/p>\n<p>Na pr\u00e1tica, os associados da DECO PROteste usufruem agora de um desconto de 13 c\u00eantimos por litro (face aos anteriores 12 c\u00eantimos\/litro). Ao combinar este valor com descontos diretos nos postos, que podem chegar aos 7 c\u00eantimos, a poupan\u00e7a total atinge os 20 c\u00eantimos por litro.<\/p>\n<p>A estes benef\u00edcios juntam-se 4 c\u00eantimos por kWh de desconto em carregamentos el\u00e9tricos, 5 c\u00eantimos por cada euro gasto em lojas e lavagens MOEVE,\u00a0<em>cashback<\/em>\u00a0at\u00e9 10% em mais de 40 marcas parceiras do Clube Moeve gow, e uma oferta de boas-vindas de 5 euros para novos aderentes ao clube Moeve gow.<\/p>\n<p>&#8220;Esta renova\u00e7\u00e3o representa muito mais do que a continuidade de uma parceria. \u00c9 a confirma\u00e7\u00e3o de um compromisso de longo prazo com os consumidores, num setor que atravessa profundas transforma\u00e7\u00f5es. A MOEVE acredita que parcerias s\u00f3lidas, como a que mantemos com a DECO PROteste, s\u00e3o fundamentais para garantir transpar\u00eancia, confian\u00e7a e benef\u00edcios reais no dia a dia das fam\u00edlias&#8221;, afirmou Rui Romano, diretor da Rede Moeve Portugal.<\/p>\n<p>&#8220;Esta renova\u00e7\u00e3o reflete a consist\u00eancia de uma parceria constru\u00edda ao longo de mais de uma d\u00e9cada, sempre com um objetivo muito claro: gerar poupan\u00e7a efetiva e benef\u00edcios concretos para os consumidores. Num contexto de press\u00e3o sobre o or\u00e7amento das fam\u00edlias e de transforma\u00e7\u00e3o do setor da mobilidade, \u00e9 fundamental garantir solu\u00e7\u00f5es transparentes, cumulativas e de aplica\u00e7\u00e3o imediata, que fa\u00e7am realmente a diferen\u00e7a no dia a dia&#8221;, sublinhou Ricardo Rosa, diretor de Business Developement da DECO PROteste.<\/p>\n","protected":false},"excerpt":{"rendered":"<p>A Moeve e a DECO PROteste&#8230;<\/p>\n","protected":false},"author":15,"featured_media":111930,"comment_status":"closed","ping_status":"closed","sticky":false,"template":"","format":"standard","meta":{"footnotes":""},"categories":[29],"tags":[8145,2614,14407,11091,3217,5763,3997],"class_list":["post-111921","post","type-post","status-publish","format-standard","has-post-thumbnail","hentry","category-empresas","tag-consumidores-portugueses","tag-deco-proteste","tag-juntos-damos-o-litro","tag-moeve","tag-parceria","tag-poupanca","tag-renovacao"],"yoast_head":"<!-- This site is optimized with the Yoast SEO plugin v27.5 - https:\/\/yoast.com\/product\/yoast-seo-wordpress\/ -->\n<title>Moeve e DECO PROteste prolongam parceria - Jornal das Oficinas<\/title>\n<meta name=\"description\" content=\"A Moeve e a DECO PROteste renovaram a parceria que mant\u00eam h\u00e1 11 anos, refor\u00e7ando uma colabora\u00e7\u00e3o iniciada em 2014\" \/>\n<meta name=\"robots\" content=\"index, follow, max-snippet:-1, max-image-preview:large, max-video-preview:-1\" \/>\n<link rel=\"canonical\" href=\"https:\/\/jornaldasoficinas.com\/pt\/moeve-e-deco-proteste-prolongam-parceria\/\" \/>\n<meta property=\"og:locale\" content=\"pt_PT\" \/>\n<meta property=\"og:type\" content=\"article\" \/>\n<meta property=\"og:title\" content=\"Moeve e DECO PROteste prolongam parceria - Jornal das Oficinas\" \/>\n<meta property=\"og:description\" content=\"A Moeve e a DECO PROteste renovaram a parceria que mant\u00eam h\u00e1 11 anos, refor\u00e7ando uma colabora\u00e7\u00e3o iniciada em 2014\" \/>\n<meta property=\"og:url\" content=\"https:\/\/jornaldasoficinas.com\/pt\/moeve-e-deco-proteste-prolongam-parceria\/\" \/>\n<meta property=\"og:site_name\" content=\"Jornal das Oficinas\" \/>\n<meta property=\"article:publisher\" content=\"https:\/\/www.facebook.com\/jornaloficinas\" \/>\n<meta property=\"article:published_time\" content=\"2026-01-19T18:00:27+00:00\" \/>\n<meta property=\"og:image\" content=\"https:\/\/jornaldasoficinas.com\/pt\/wp-content\/uploads\/2026\/01\/Moeve-e-DECO-PROteste-prolongam-parceria.png\" \/>\n\t<meta property=\"og:image:width\" content=\"1024\" \/>\n\t<meta property=\"og:image:height\" content=\"581\" \/>\n\t<meta property=\"og:image:type\" content=\"image\/png\" \/>\n<meta name=\"author\" content=\"Reda\u00e7\u00e3o JO\" \/>\n<meta name=\"twitter:card\" content=\"summary_large_image\" \/>\n<meta name=\"twitter:creator\" content=\"@jornaloficinas\" \/>\n<meta name=\"twitter:site\" content=\"@jornaloficinas\" \/>\n<meta name=\"twitter:label1\" content=\"Escrito por\" \/>\n\t<meta name=\"twitter:data1\" content=\"Reda\u00e7\u00e3o JO\" \/>\n\t<meta name=\"twitter:label2\" content=\"Tempo estimado de leitura\" \/>\n\t<meta name=\"twitter:data2\" content=\"3 minutos\" \/>\n<script type=\"application\/ld+json\" class=\"yoast-schema-graph\">{\"@context\":\"https:\\\/\\\/schema.org\",\"@graph\":[{\"@type\":\"Article\",\"@id\":\"https:\\\/\\\/jornaldasoficinas.com\\\/pt\\\/moeve-e-deco-proteste-prolongam-parceria\\\/#article\",\"isPartOf\":{\"@id\":\"https:\\\/\\\/jornaldasoficinas.com\\\/pt\\\/moeve-e-deco-proteste-prolongam-parceria\\\/\"},\"author\":{\"name\":\"Reda\u00e7\u00e3o JO\",\"@id\":\"https:\\\/\\\/jornaldasoficinas.com\\\/pt\\\/#\\\/schema\\\/person\\\/a38eef5de2c41d9e7c9ac10141afddf3\"},\"headline\":\"Moeve e DECO PROteste prolongam parceria\",\"datePublished\":\"2026-01-19T18:00:27+00:00\",\"mainEntityOfPage\":{\"@id\":\"https:\\\/\\\/jornaldasoficinas.com\\\/pt\\\/moeve-e-deco-proteste-prolongam-parceria\\\/\"},\"wordCount\":402,\"publisher\":{\"@id\":\"https:\\\/\\\/jornaldasoficinas.com\\\/pt\\\/#organization\"},\"image\":{\"@id\":\"https:\\\/\\\/jornaldasoficinas.com\\\/pt\\\/moeve-e-deco-proteste-prolongam-parceria\\\/#primaryimage\"},\"thumbnailUrl\":\"https:\\\/\\\/jornaldasoficinas.com\\\/pt\\\/wp-content\\\/uploads\\\/2026\\\/01\\\/Moeve-e-DECO-PROteste-prolongam-parceria.png\",\"keywords\":[\"consumidores portugueses\",\"DECO PROTESTE\",\"Juntos damos o Litro\",\"Moeve\",\"Parceria\",\"Poupan\u00e7a\",\"renovacao\"],\"articleSection\":[\"Empresas\"],\"inLanguage\":\"pt-PT\"},{\"@type\":\"WebPage\",\"@id\":\"https:\\\/\\\/jornaldasoficinas.com\\\/pt\\\/moeve-e-deco-proteste-prolongam-parceria\\\/\",\"url\":\"https:\\\/\\\/jornaldasoficinas.com\\\/pt\\\/moeve-e-deco-proteste-prolongam-parceria\\\/\",\"name\":\"Moeve e DECO PROteste prolongam parceria - Jornal das Oficinas\",\"isPartOf\":{\"@id\":\"https:\\\/\\\/jornaldasoficinas.com\\\/pt\\\/#website\"},\"primaryImageOfPage\":{\"@id\":\"https:\\\/\\\/jornaldasoficinas.com\\\/pt\\\/moeve-e-deco-proteste-prolongam-parceria\\\/#primaryimage\"},\"image\":{\"@id\":\"https:\\\/\\\/jornaldasoficinas.com\\\/pt\\\/moeve-e-deco-proteste-prolongam-parceria\\\/#primaryimage\"},\"thumbnailUrl\":\"https:\\\/\\\/jornaldasoficinas.com\\\/pt\\\/wp-content\\\/uploads\\\/2026\\\/01\\\/Moeve-e-DECO-PROteste-prolongam-parceria.png\",\"datePublished\":\"2026-01-19T18:00:27+00:00\",\"description\":\"A Moeve e a DECO PROteste renovaram a parceria que mant\u00eam h\u00e1 11 anos, refor\u00e7ando uma colabora\u00e7\u00e3o iniciada em 2014\",\"breadcrumb\":{\"@id\":\"https:\\\/\\\/jornaldasoficinas.com\\\/pt\\\/moeve-e-deco-proteste-prolongam-parceria\\\/#breadcrumb\"},\"inLanguage\":\"pt-PT\",\"potentialAction\":[{\"@type\":\"ReadAction\",\"target\":[\"https:\\\/\\\/jornaldasoficinas.com\\\/pt\\\/moeve-e-deco-proteste-prolongam-parceria\\\/\"]}]},{\"@type\":\"ImageObject\",\"inLanguage\":\"pt-PT\",\"@id\":\"https:\\\/\\\/jornaldasoficinas.com\\\/pt\\\/moeve-e-deco-proteste-prolongam-parceria\\\/#primaryimage\",\"url\":\"https:\\\/\\\/jornaldasoficinas.com\\\/pt\\\/wp-content\\\/uploads\\\/2026\\\/01\\\/Moeve-e-DECO-PROteste-prolongam-parceria.png\",\"contentUrl\":\"https:\\\/\\\/jornaldasoficinas.com\\\/pt\\\/wp-content\\\/uploads\\\/2026\\\/01\\\/Moeve-e-DECO-PROteste-prolongam-parceria.png\",\"width\":1024,\"height\":581,\"caption\":\"01 - Moeve e DECO PROteste prolongam parceria\"},{\"@type\":\"BreadcrumbList\",\"@id\":\"https:\\\/\\\/jornaldasoficinas.com\\\/pt\\\/moeve-e-deco-proteste-prolongam-parceria\\\/#breadcrumb\",\"itemListElement\":[{\"@type\":\"ListItem\",\"position\":1,\"name\":\"In\u00edcio\",\"item\":\"https:\\\/\\\/jornaldasoficinas.com\\\/pt\\\/\"},{\"@type\":\"ListItem\",\"position\":2,\"name\":\"Moeve e DECO PROteste prolongam parceria\"}]},{\"@type\":\"WebSite\",\"@id\":\"https:\\\/\\\/jornaldasoficinas.com\\\/pt\\\/#website\",\"url\":\"https:\\\/\\\/jornaldasoficinas.com\\\/pt\\\/\",\"name\":\"Jornal das Oficinas\",\"description\":\"Jornal independente do Aftermarket Autom\u00f3vel em Portugal\",\"publisher\":{\"@id\":\"https:\\\/\\\/jornaldasoficinas.com\\\/pt\\\/#organization\"},\"potentialAction\":[{\"@type\":\"SearchAction\",\"target\":{\"@type\":\"EntryPoint\",\"urlTemplate\":\"https:\\\/\\\/jornaldasoficinas.com\\\/pt\\\/?s={search_term_string}\"},\"query-input\":{\"@type\":\"PropertyValueSpecification\",\"valueRequired\":true,\"valueName\":\"search_term_string\"}}],\"inLanguage\":\"pt-PT\"},{\"@type\":\"Organization\",\"@id\":\"https:\\\/\\\/jornaldasoficinas.com\\\/pt\\\/#organization\",\"name\":\"Jornal das Oficinas\",\"url\":\"https:\\\/\\\/jornaldasoficinas.com\\\/pt\\\/\",\"logo\":{\"@type\":\"ImageObject\",\"inLanguage\":\"pt-PT\",\"@id\":\"https:\\\/\\\/jornaldasoficinas.com\\\/pt\\\/#\\\/schema\\\/logo\\\/image\\\/\",\"url\":\"https:\\\/\\\/jornaldasoficinas.com\\\/pt\\\/wp-content\\\/uploads\\\/logoJO-SEO.png\",\"contentUrl\":\"https:\\\/\\\/jornaldasoficinas.com\\\/pt\\\/wp-content\\\/uploads\\\/logoJO-SEO.png\",\"width\":285,\"height\":450,\"caption\":\"Jornal das Oficinas\"},\"image\":{\"@id\":\"https:\\\/\\\/jornaldasoficinas.com\\\/pt\\\/#\\\/schema\\\/logo\\\/image\\\/\"},\"sameAs\":[\"https:\\\/\\\/www.facebook.com\\\/jornaloficinas\",\"https:\\\/\\\/x.com\\\/jornaloficinas\",\"https:\\\/\\\/www.instagram.com\\\/jornal_oficinas\\\/\",\"https:\\\/\\\/www.linkedin.com\\\/company\\\/jornal-das-oficinas\\\/\",\"https:\\\/\\\/www.youtube.com\\\/channel\\\/UCbQZBqtcvV-oSQrr7RzINGg\"]},{\"@type\":\"Person\",\"@id\":\"https:\\\/\\\/jornaldasoficinas.com\\\/pt\\\/#\\\/schema\\\/person\\\/a38eef5de2c41d9e7c9ac10141afddf3\",\"name\":\"Reda\u00e7\u00e3o JO\",\"image\":{\"@type\":\"ImageObject\",\"inLanguage\":\"pt-PT\",\"@id\":\"https:\\\/\\\/secure.gravatar.com\\\/avatar\\\/71f2fa71737ad68a84fea94bc708ddac8ea5b0c4788dc2ad202f3ccb2887742f?s=96&d=wp_user_avatar&r=g\",\"url\":\"https:\\\/\\\/secure.gravatar.com\\\/avatar\\\/71f2fa71737ad68a84fea94bc708ddac8ea5b0c4788dc2ad202f3ccb2887742f?s=96&d=wp_user_avatar&r=g\",\"contentUrl\":\"https:\\\/\\\/secure.gravatar.com\\\/avatar\\\/71f2fa71737ad68a84fea94bc708ddac8ea5b0c4788dc2ad202f3ccb2887742f?s=96&d=wp_user_avatar&r=g\",\"caption\":\"Reda\u00e7\u00e3o JO\"},\"url\":\"https:\\\/\\\/jornaldasoficinas.com\\\/pt\\\/author\\\/joredacao\\\/\"}]}<\/script>\n<!-- \/ Yoast SEO plugin. -->","yoast_head_json":{"title":"Moeve e DECO PROteste prolongam parceria - Jornal das Oficinas","description":"A Moeve e a DECO PROteste renovaram a parceria que mant\u00eam h\u00e1 11 anos, refor\u00e7ando uma colabora\u00e7\u00e3o iniciada em 2014","robots":{"index":"index","follow":"follow","max-snippet":"max-snippet:-1","max-image-preview":"max-image-preview:large","max-video-preview":"max-video-preview:-1"},"canonical":"https:\/\/jornaldasoficinas.com\/pt\/moeve-e-deco-proteste-prolongam-parceria\/","og_locale":"pt_PT","og_type":"article","og_title":"Moeve e DECO PROteste prolongam parceria - Jornal das Oficinas","og_description":"A Moeve e a DECO PROteste renovaram a parceria que mant\u00eam h\u00e1 11 anos, refor\u00e7ando uma colabora\u00e7\u00e3o iniciada em 2014","og_url":"https:\/\/jornaldasoficinas.com\/pt\/moeve-e-deco-proteste-prolongam-parceria\/","og_site_name":"Jornal das Oficinas","article_publisher":"https:\/\/www.facebook.com\/jornaloficinas","article_published_time":"2026-01-19T18:00:27+00:00","og_image":[{"width":1024,"height":581,"url":"https:\/\/jornaldasoficinas.com\/pt\/wp-content\/uploads\/2026\/01\/Moeve-e-DECO-PROteste-prolongam-parceria.png","type":"image\/png"}],"author":"Reda\u00e7\u00e3o JO","twitter_card":"summary_large_image","twitter_creator":"@jornaloficinas","twitter_site":"@jornaloficinas","twitter_misc":{"Escrito por":"Reda\u00e7\u00e3o JO","Tempo estimado de leitura":"3 minutos"},"schema":{"@context":"https:\/\/schema.org","@graph":[{"@type":"Article","@id":"https:\/\/jornaldasoficinas.com\/pt\/moeve-e-deco-proteste-prolongam-parceria\/#article","isPartOf":{"@id":"https:\/\/jornaldasoficinas.com\/pt\/moeve-e-deco-proteste-prolongam-parceria\/"},"author":{"name":"Reda\u00e7\u00e3o JO","@id":"https:\/\/jornaldasoficinas.com\/pt\/#\/schema\/person\/a38eef5de2c41d9e7c9ac10141afddf3"},"headline":"Moeve e DECO PROteste prolongam parceria","datePublished":"2026-01-19T18:00:27+00:00","mainEntityOfPage":{"@id":"https:\/\/jornaldasoficinas.com\/pt\/moeve-e-deco-proteste-prolongam-parceria\/"},"wordCount":402,"publisher":{"@id":"https:\/\/jornaldasoficinas.com\/pt\/#organization"},"image":{"@id":"https:\/\/jornaldasoficinas.com\/pt\/moeve-e-deco-proteste-prolongam-parceria\/#primaryimage"},"thumbnailUrl":"https:\/\/jornaldasoficinas.com\/pt\/wp-content\/uploads\/2026\/01\/Moeve-e-DECO-PROteste-prolongam-parceria.png","keywords":["consumidores portugueses","DECO PROTESTE","Juntos damos o Litro","Moeve","Parceria","Poupan\u00e7a","renovacao"],"articleSection":["Empresas"],"inLanguage":"pt-PT"},{"@type":"WebPage","@id":"https:\/\/jornaldasoficinas.com\/pt\/moeve-e-deco-proteste-prolongam-parceria\/","url":"https:\/\/jornaldasoficinas.com\/pt\/moeve-e-deco-proteste-prolongam-parceria\/","name":"Moeve e DECO PROteste prolongam parceria - Jornal das Oficinas","isPartOf":{"@id":"https:\/\/jornaldasoficinas.com\/pt\/#website"},"primaryImageOfPage":{"@id":"https:\/\/jornaldasoficinas.com\/pt\/moeve-e-deco-proteste-prolongam-parceria\/#primaryimage"},"image":{"@id":"https:\/\/jornaldasoficinas.com\/pt\/moeve-e-deco-proteste-prolongam-parceria\/#primaryimage"},"thumbnailUrl":"https:\/\/jornaldasoficinas.com\/pt\/wp-content\/uploads\/2026\/01\/Moeve-e-DECO-PROteste-prolongam-parceria.png","datePublished":"2026-01-19T18:00:27+00:00","description":"A Moeve e a DECO PROteste renovaram a parceria que mant\u00eam h\u00e1 11 anos, refor\u00e7ando uma colabora\u00e7\u00e3o iniciada em 2014","breadcrumb":{"@id":"https:\/\/jornaldasoficinas.com\/pt\/moeve-e-deco-proteste-prolongam-parceria\/#breadcrumb"},"inLanguage":"pt-PT","potentialAction":[{"@type":"ReadAction","target":["https:\/\/jornaldasoficinas.com\/pt\/moeve-e-deco-proteste-prolongam-parceria\/"]}]},{"@type":"ImageObject","inLanguage":"pt-PT","@id":"https:\/\/jornaldasoficinas.com\/pt\/moeve-e-deco-proteste-prolongam-parceria\/#primaryimage","url":"https:\/\/jornaldasoficinas.com\/pt\/wp-content\/uploads\/2026\/01\/Moeve-e-DECO-PROteste-prolongam-parceria.png","contentUrl":"https:\/\/jornaldasoficinas.com\/pt\/wp-content\/uploads\/2026\/01\/Moeve-e-DECO-PROteste-prolongam-parceria.png","width":1024,"height":581,"caption":"01 - Moeve e DECO PROteste prolongam parceria"},{"@type":"BreadcrumbList","@id":"https:\/\/jornaldasoficinas.com\/pt\/moeve-e-deco-proteste-prolongam-parceria\/#breadcrumb","itemListElement":[{"@type":"ListItem","position":1,"name":"In\u00edcio","item":"https:\/\/jornaldasoficinas.com\/pt\/"},{"@type":"ListItem","position":2,"name":"Moeve e DECO PROteste prolongam parceria"}]},{"@type":"WebSite","@id":"https:\/\/jornaldasoficinas.com\/pt\/#website","url":"https:\/\/jornaldasoficinas.com\/pt\/","name":"Jornal das Oficinas","description":"Jornal independente do Aftermarket Autom\u00f3vel em Portugal","publisher":{"@id":"https:\/\/jornaldasoficinas.com\/pt\/#organization"},"potentialAction":[{"@type":"SearchAction","target":{"@type":"EntryPoint","urlTemplate":"https:\/\/jornaldasoficinas.com\/pt\/?s={search_term_string}"},"query-input":{"@type":"PropertyValueSpecification","valueRequired":true,"valueName":"search_term_string"}}],"inLanguage":"pt-PT"},{"@type":"Organization","@id":"https:\/\/jornaldasoficinas.com\/pt\/#organization","name":"Jornal das Oficinas","url":"https:\/\/jornaldasoficinas.com\/pt\/","logo":{"@type":"ImageObject","inLanguage":"pt-PT","@id":"https:\/\/jornaldasoficinas.com\/pt\/#\/schema\/logo\/image\/","url":"https:\/\/jornaldasoficinas.com\/pt\/wp-content\/uploads\/logoJO-SEO.png","contentUrl":"https:\/\/jornaldasoficinas.com\/pt\/wp-content\/uploads\/logoJO-SEO.png","width":285,"height":450,"caption":"Jornal das Oficinas"},"image":{"@id":"https:\/\/jornaldasoficinas.com\/pt\/#\/schema\/logo\/image\/"},"sameAs":["https:\/\/www.facebook.com\/jornaloficinas","https:\/\/x.com\/jornaloficinas","https:\/\/www.instagram.com\/jornal_oficinas\/","https:\/\/www.linkedin.com\/company\/jornal-das-oficinas\/","https:\/\/www.youtube.com\/channel\/UCbQZBqtcvV-oSQrr7RzINGg"]},{"@type":"Person","@id":"https:\/\/jornaldasoficinas.com\/pt\/#\/schema\/person\/a38eef5de2c41d9e7c9ac10141afddf3","name":"Reda\u00e7\u00e3o JO","image":{"@type":"ImageObject","inLanguage":"pt-PT","@id":"https:\/\/secure.gravatar.com\/avatar\/71f2fa71737ad68a84fea94bc708ddac8ea5b0c4788dc2ad202f3ccb2887742f?s=96&d=wp_user_avatar&r=g","url":"https:\/\/secure.gravatar.com\/avatar\/71f2fa71737ad68a84fea94bc708ddac8ea5b0c4788dc2ad202f3ccb2887742f?s=96&d=wp_user_avatar&r=g","contentUrl":"https:\/\/secure.gravatar.com\/avatar\/71f2fa71737ad68a84fea94bc708ddac8ea5b0c4788dc2ad202f3ccb2887742f?s=96&d=wp_user_avatar&r=g","caption":"Reda\u00e7\u00e3o JO"},"url":"https:\/\/jornaldasoficinas.com\/pt\/author\/joredacao\/"}]}},"_links":{"self":[{"href":"https:\/\/jornaldasoficinas.com\/pt\/wp-json\/wp\/v2\/posts\/111921","targetHints":{"allow":["GET"]}}],"collection":[{"href":"https:\/\/jornaldasoficinas.com\/pt\/wp-json\/wp\/v2\/posts"}],"about":[{"href":"https:\/\/jornaldasoficinas.com\/pt\/wp-json\/wp\/v2\/types\/post"}],"author":[{"embeddable":true,"href":"https:\/\/jornaldasoficinas.com\/pt\/wp-json\/wp\/v2\/users\/15"}],"replies":[{"embeddable":true,"href":"https:\/\/jornaldasoficinas.com\/pt\/wp-json\/wp\/v2\/comments?post=111921"}],"version-history":[{"count":5,"href":"https:\/\/jornaldasoficinas.com\/pt\/wp-json\/wp\/v2\/posts\/111921\/revisions"}],"predecessor-version":[{"id":111932,"href":"https:\/\/jornaldasoficinas.com\/pt\/wp-json\/wp\/v2\/posts\/111921\/revisions\/111932"}],"wp:featuredmedia":[{"embeddable":true,"href":"https:\/\/jornaldasoficinas.com\/pt\/wp-json\/wp\/v2\/media\/111930"}],"wp:attachment":[{"href":"https:\/\/jornaldasoficinas.com\/pt\/wp-json\/wp\/v2\/media?parent=111921"}],"wp:term":[{"taxonomy":"category","embeddable":true,"href":"https:\/\/jornaldasoficinas.com\/pt\/wp-json\/wp\/v2\/categories?post=111921"},{"taxonomy":"post_tag","embeddable":true,"href":"https:\/\/jornaldasoficinas.com\/pt\/wp-json\/wp\/v2\/tags?post=111921"}],"curies":[{"name":"wp","href":"https:\/\/api.w.org\/{rel}","templated":true}]}}