{"id":112072,"date":"2026-01-23T14:00:57","date_gmt":"2026-01-23T14:00:57","guid":{"rendered":"https:\/\/jornaldasoficinas.com\/pt\/?p=112072"},"modified":"2026-01-23T16:11:57","modified_gmt":"2026-01-23T16:11:57","slug":"axalta-elege-tom-laranja-como-cor-automovel-de-2026","status":"publish","type":"post","link":"https:\/\/jornaldasoficinas.com\/pt\/axalta-elege-tom-laranja-como-cor-automovel-de-2026\/","title":{"rendered":"Axalta elege tom laranja como cor autom\u00f3vel de 2026"},"content":{"rendered":"<p><strong><img loading=\"lazy\" decoding=\"async\" class=\"alignnone size-full wp-image-112078\" src=\"https:\/\/jornaldasoficinas.com\/pt\/wp-content\/uploads\/2026\/01\/Axalta-elege-tom-laranja-como-cor-automovel-de-2026.jpg\" alt=\"01 - Axalta elege tom laranja como cor automovel de 2026\" width=\"1024\" height=\"581\" srcset=\"https:\/\/jornaldasoficinas.com\/pt\/wp-content\/uploads\/2026\/01\/Axalta-elege-tom-laranja-como-cor-automovel-de-2026.jpg 1024w, https:\/\/jornaldasoficinas.com\/pt\/wp-content\/uploads\/2026\/01\/Axalta-elege-tom-laranja-como-cor-automovel-de-2026-300x170.jpg 300w, https:\/\/jornaldasoficinas.com\/pt\/wp-content\/uploads\/2026\/01\/Axalta-elege-tom-laranja-como-cor-automovel-de-2026-150x85.jpg 150w, https:\/\/jornaldasoficinas.com\/pt\/wp-content\/uploads\/2026\/01\/Axalta-elege-tom-laranja-como-cor-automovel-de-2026-768x436.jpg 768w\" sizes=\"auto, (max-width: 1024px) 100vw, 1024px\" \/><\/strong><\/p>\n<p><strong>A <a href=\"https:\/\/www.axalta.com\/\" target=\"_blank\" rel=\"noopener\">Axalta Coating Systems<\/a> revelou a sua Cor Global para Autom\u00f3veis de 2026, denominada Solar Boost, um tom laranja vibrante que reflete a crescente procura por cores expressivas e individualidade no design autom\u00f3vel\u00a0<\/strong><\/p>\n<p>Com part\u00edculas subtis de tonalidade champanhe, a Solar Boost apresenta um efeito visual que varia com a luz natural, refor\u00e7ando a perce\u00e7\u00e3o de profundidade e brilho desde o nascer ao p\u00f4r do sol. A cor foi pensada para responder \u00e0s exig\u00eancias est\u00e9ticas dos ve\u00edculos modernos, incluindo modelos eletrificados e orientados para um p\u00fablico atento \u00e0s tend\u00eancias.<\/p>\n<p>&#8220;A cor de um ve\u00edculo influencia muito a perce\u00e7\u00e3o inicial dos compradores, afetando a forma como se sentem sobre a sua seguran\u00e7a, desportividade, eleg\u00e2ncia e at\u00e9 valor de revenda. Por conseguinte, a cor \u00e9 um elemento determinante na decis\u00e3o de compra&#8221;, afirmou Hadi Awada, presidente da Global Mobility Coatings da Axalta.<\/p>\n<p>&#8220;De facto, os estudos realizados pela Axalta demonstraram que mais de 80% dos compradores consideram-na um fator fundamental e \u00e9 por isso que \u00e9 muito importante que os OEM compreendam os sentimentos din\u00e2micos e globais dos clientes e adaptem a sua gama de cores de ve\u00edculos em conformidade&#8221;, explicou.<\/p>\n<p>A Solar Boost reflete uma mudan\u00e7a para escolhas de design individualistas \u00e0 medida que os clientes procuram cada vez mais ve\u00edculos que expressam a sua identidade pessoal. O seu tom arrojado est\u00e1 em conson\u00e2ncia com o interesse crescente em cores expressivas para al\u00e9m das cores neutras tradicionais, em particular entre os compradores mais jovens e conscientes das tend\u00eancias.<\/p>\n<p>Baseado na investiga\u00e7\u00e3o de cores globais da Axalta, o laranja est\u00e1 a emergir como um tom repleto de emo\u00e7\u00f5es em todo o mundo. Na Am\u00e9rica do Norte, evoca calor, otimismo e energia criativa, muitas vezes associado a amabilidade, marca de estilo de vida ousado ou roupa urbana. Na Am\u00e9rica Latina, reflete vitalidade e celebra\u00e7\u00e3o, simbolizando vida e express\u00e3o alegre. Na \u00c1sia-Pac\u00edfico, as cores arrojadas e intensas continuam a ganhar popularidade, incluindo os tons laranja que s\u00e3o cada mais utilizados para ajudar os ve\u00edculos a transmitir identidade e destacar-se nos segmentos de r\u00e1pido crescimento como o dos ve\u00edculos el\u00e9tricos (VE).<\/p>\n<p>&#8220;A Solar Boost capta esse sentido comum de positividade e dinamismo, o que faz com que seja uma cor potente e marcante para os condutores que querem que os seus ve\u00edculos reflitam individualidade e confian\u00e7a&#8221;, destacou a marca.<\/p>\n<p>&#8220;A Solar Boost \u00e9 o resultado da vasta experi\u00eancia da nossa equipa em arte e ci\u00eancia da cor&#8221;, declarou Robert Roop, senior vice president e chief technology officer da Axalta. &#8220;A nossa escolha de cores baseia-se nos elementos de psicologia humana e cultura popular e, em seguida, aplicamos a nossa experi\u00eancia em ci\u00eancia da cor, \u00f3tica e formula\u00e7\u00f5es de tintas para transformar a cor numa tinta fabric\u00e1vel que \u00e9 bonita, duradoura e sustent\u00e1vel&#8221;, sublinhou.<\/p>\n<p>Este \u00e9 o 12.\u00ba ano consecutivo em que a Axalta apresenta uma Cor Global para Autom\u00f3veis, iniciativa que reflete mais de 160 anos de experi\u00eancia em inova\u00e7\u00e3o, lideran\u00e7a no design de cor e antecipa\u00e7\u00e3o de tend\u00eancias no setor autom\u00f3vel. As equipas especializadas da empresa re\u00fanem-se regularmente para analisar a evolu\u00e7\u00e3o do mercado e apoiar os fabricantes na escolha de cores alinhadas com as expectativas dos consumidores.<\/p>\n","protected":false},"excerpt":{"rendered":"<p>A Axalta Coating Systems revelou a&#8230;<\/p>\n","protected":false},"author":15,"featured_media":112078,"comment_status":"closed","ping_status":"closed","sticky":false,"template":"","format":"standard","meta":{"footnotes":""},"categories":[2],"tags":[14426,67,3636,14427,14424,14425],"class_list":["post-112072","post","type-post","status-publish","format-standard","has-post-thumbnail","hentry","category-repintura","tag-160-anos-de-experiencia","tag-axalta","tag-cor-global-para-automoveis","tag-design-automovel","tag-solar-boost","tag-tom-laranja"],"yoast_head":"<!-- This site is optimized with the Yoast SEO plugin v27.5 - https:\/\/yoast.com\/product\/yoast-seo-wordpress\/ -->\n<title>Axalta elege tom laranja como cor autom\u00f3vel de 2026 - Jornal das Oficinas<\/title>\n<meta name=\"description\" content=\"A Axalta Coating Systems revelou a sua Cor Global para Autom\u00f3veis de 2026, denominada Solar Boost, um tom laranja vibrante\" \/>\n<meta name=\"robots\" content=\"index, follow, max-snippet:-1, max-image-preview:large, max-video-preview:-1\" \/>\n<link rel=\"canonical\" href=\"https:\/\/jornaldasoficinas.com\/pt\/axalta-elege-tom-laranja-como-cor-automovel-de-2026\/\" \/>\n<meta property=\"og:locale\" content=\"pt_PT\" \/>\n<meta property=\"og:type\" content=\"article\" \/>\n<meta property=\"og:title\" content=\"Axalta elege tom laranja como cor autom\u00f3vel de 2026 - Jornal das Oficinas\" \/>\n<meta property=\"og:description\" content=\"A Axalta Coating Systems revelou a sua Cor Global para Autom\u00f3veis de 2026, denominada Solar Boost, um tom laranja vibrante\" \/>\n<meta property=\"og:url\" content=\"https:\/\/jornaldasoficinas.com\/pt\/axalta-elege-tom-laranja-como-cor-automovel-de-2026\/\" \/>\n<meta property=\"og:site_name\" content=\"Jornal das Oficinas\" \/>\n<meta property=\"article:publisher\" content=\"https:\/\/www.facebook.com\/jornaloficinas\" \/>\n<meta property=\"article:published_time\" content=\"2026-01-23T14:00:57+00:00\" \/>\n<meta property=\"article:modified_time\" content=\"2026-01-23T16:11:57+00:00\" \/>\n<meta property=\"og:image\" content=\"https:\/\/jornaldasoficinas.com\/pt\/wp-content\/uploads\/2026\/01\/Axalta-elege-tom-laranja-como-cor-automovel-de-2026.jpg\" \/>\n\t<meta property=\"og:image:width\" content=\"1024\" \/>\n\t<meta property=\"og:image:height\" content=\"581\" \/>\n\t<meta property=\"og:image:type\" content=\"image\/jpeg\" \/>\n<meta name=\"author\" content=\"Reda\u00e7\u00e3o JO\" \/>\n<meta name=\"twitter:card\" content=\"summary_large_image\" \/>\n<meta name=\"twitter:creator\" content=\"@jornaloficinas\" \/>\n<meta name=\"twitter:site\" content=\"@jornaloficinas\" \/>\n<meta name=\"twitter:label1\" content=\"Escrito por\" \/>\n\t<meta name=\"twitter:data1\" content=\"Reda\u00e7\u00e3o JO\" \/>\n\t<meta name=\"twitter:label2\" content=\"Tempo estimado de leitura\" \/>\n\t<meta name=\"twitter:data2\" content=\"4 minutos\" \/>\n<script type=\"application\/ld+json\" class=\"yoast-schema-graph\">{\"@context\":\"https:\\\/\\\/schema.org\",\"@graph\":[{\"@type\":\"Article\",\"@id\":\"https:\\\/\\\/jornaldasoficinas.com\\\/pt\\\/axalta-elege-tom-laranja-como-cor-automovel-de-2026\\\/#article\",\"isPartOf\":{\"@id\":\"https:\\\/\\\/jornaldasoficinas.com\\\/pt\\\/axalta-elege-tom-laranja-como-cor-automovel-de-2026\\\/\"},\"author\":{\"name\":\"Reda\u00e7\u00e3o JO\",\"@id\":\"https:\\\/\\\/jornaldasoficinas.com\\\/pt\\\/#\\\/schema\\\/person\\\/a38eef5de2c41d9e7c9ac10141afddf3\"},\"headline\":\"Axalta elege tom laranja como cor autom\u00f3vel de 2026\",\"datePublished\":\"2026-01-23T14:00:57+00:00\",\"dateModified\":\"2026-01-23T16:11:57+00:00\",\"mainEntityOfPage\":{\"@id\":\"https:\\\/\\\/jornaldasoficinas.com\\\/pt\\\/axalta-elege-tom-laranja-como-cor-automovel-de-2026\\\/\"},\"wordCount\":575,\"publisher\":{\"@id\":\"https:\\\/\\\/jornaldasoficinas.com\\\/pt\\\/#organization\"},\"image\":{\"@id\":\"https:\\\/\\\/jornaldasoficinas.com\\\/pt\\\/axalta-elege-tom-laranja-como-cor-automovel-de-2026\\\/#primaryimage\"},\"thumbnailUrl\":\"https:\\\/\\\/jornaldasoficinas.com\\\/pt\\\/wp-content\\\/uploads\\\/2026\\\/01\\\/Axalta-elege-tom-laranja-como-cor-automovel-de-2026.jpg\",\"keywords\":[\"160 anos de experi\u00eancia\",\"Axalta\",\"Cor Global para Autom\u00f3veis\",\"design autom\u00f3vel\",\"Solar Boost\",\"tom laranja\"],\"articleSection\":[\"Repintura\"],\"inLanguage\":\"pt-PT\"},{\"@type\":\"WebPage\",\"@id\":\"https:\\\/\\\/jornaldasoficinas.com\\\/pt\\\/axalta-elege-tom-laranja-como-cor-automovel-de-2026\\\/\",\"url\":\"https:\\\/\\\/jornaldasoficinas.com\\\/pt\\\/axalta-elege-tom-laranja-como-cor-automovel-de-2026\\\/\",\"name\":\"Axalta elege tom laranja como cor autom\u00f3vel de 2026 - Jornal das Oficinas\",\"isPartOf\":{\"@id\":\"https:\\\/\\\/jornaldasoficinas.com\\\/pt\\\/#website\"},\"primaryImageOfPage\":{\"@id\":\"https:\\\/\\\/jornaldasoficinas.com\\\/pt\\\/axalta-elege-tom-laranja-como-cor-automovel-de-2026\\\/#primaryimage\"},\"image\":{\"@id\":\"https:\\\/\\\/jornaldasoficinas.com\\\/pt\\\/axalta-elege-tom-laranja-como-cor-automovel-de-2026\\\/#primaryimage\"},\"thumbnailUrl\":\"https:\\\/\\\/jornaldasoficinas.com\\\/pt\\\/wp-content\\\/uploads\\\/2026\\\/01\\\/Axalta-elege-tom-laranja-como-cor-automovel-de-2026.jpg\",\"datePublished\":\"2026-01-23T14:00:57+00:00\",\"dateModified\":\"2026-01-23T16:11:57+00:00\",\"description\":\"A Axalta Coating Systems revelou a sua Cor Global para Autom\u00f3veis de 2026, denominada Solar Boost, um tom laranja vibrante\",\"breadcrumb\":{\"@id\":\"https:\\\/\\\/jornaldasoficinas.com\\\/pt\\\/axalta-elege-tom-laranja-como-cor-automovel-de-2026\\\/#breadcrumb\"},\"inLanguage\":\"pt-PT\",\"potentialAction\":[{\"@type\":\"ReadAction\",\"target\":[\"https:\\\/\\\/jornaldasoficinas.com\\\/pt\\\/axalta-elege-tom-laranja-como-cor-automovel-de-2026\\\/\"]}]},{\"@type\":\"ImageObject\",\"inLanguage\":\"pt-PT\",\"@id\":\"https:\\\/\\\/jornaldasoficinas.com\\\/pt\\\/axalta-elege-tom-laranja-como-cor-automovel-de-2026\\\/#primaryimage\",\"url\":\"https:\\\/\\\/jornaldasoficinas.com\\\/pt\\\/wp-content\\\/uploads\\\/2026\\\/01\\\/Axalta-elege-tom-laranja-como-cor-automovel-de-2026.jpg\",\"contentUrl\":\"https:\\\/\\\/jornaldasoficinas.com\\\/pt\\\/wp-content\\\/uploads\\\/2026\\\/01\\\/Axalta-elege-tom-laranja-como-cor-automovel-de-2026.jpg\",\"width\":1024,\"height\":581,\"caption\":\"01 - Axalta elege tom laranja como cor automovel de 2026\"},{\"@type\":\"BreadcrumbList\",\"@id\":\"https:\\\/\\\/jornaldasoficinas.com\\\/pt\\\/axalta-elege-tom-laranja-como-cor-automovel-de-2026\\\/#breadcrumb\",\"itemListElement\":[{\"@type\":\"ListItem\",\"position\":1,\"name\":\"In\u00edcio\",\"item\":\"https:\\\/\\\/jornaldasoficinas.com\\\/pt\\\/\"},{\"@type\":\"ListItem\",\"position\":2,\"name\":\"Axalta elege tom laranja como cor autom\u00f3vel de 2026\"}]},{\"@type\":\"WebSite\",\"@id\":\"https:\\\/\\\/jornaldasoficinas.com\\\/pt\\\/#website\",\"url\":\"https:\\\/\\\/jornaldasoficinas.com\\\/pt\\\/\",\"name\":\"Jornal das Oficinas\",\"description\":\"Jornal independente do Aftermarket Autom\u00f3vel em Portugal\",\"publisher\":{\"@id\":\"https:\\\/\\\/jornaldasoficinas.com\\\/pt\\\/#organization\"},\"potentialAction\":[{\"@type\":\"SearchAction\",\"target\":{\"@type\":\"EntryPoint\",\"urlTemplate\":\"https:\\\/\\\/jornaldasoficinas.com\\\/pt\\\/?s={search_term_string}\"},\"query-input\":{\"@type\":\"PropertyValueSpecification\",\"valueRequired\":true,\"valueName\":\"search_term_string\"}}],\"inLanguage\":\"pt-PT\"},{\"@type\":\"Organization\",\"@id\":\"https:\\\/\\\/jornaldasoficinas.com\\\/pt\\\/#organization\",\"name\":\"Jornal das Oficinas\",\"url\":\"https:\\\/\\\/jornaldasoficinas.com\\\/pt\\\/\",\"logo\":{\"@type\":\"ImageObject\",\"inLanguage\":\"pt-PT\",\"@id\":\"https:\\\/\\\/jornaldasoficinas.com\\\/pt\\\/#\\\/schema\\\/logo\\\/image\\\/\",\"url\":\"https:\\\/\\\/jornaldasoficinas.com\\\/pt\\\/wp-content\\\/uploads\\\/logoJO-SEO.png\",\"contentUrl\":\"https:\\\/\\\/jornaldasoficinas.com\\\/pt\\\/wp-content\\\/uploads\\\/logoJO-SEO.png\",\"width\":285,\"height\":450,\"caption\":\"Jornal das Oficinas\"},\"image\":{\"@id\":\"https:\\\/\\\/jornaldasoficinas.com\\\/pt\\\/#\\\/schema\\\/logo\\\/image\\\/\"},\"sameAs\":[\"https:\\\/\\\/www.facebook.com\\\/jornaloficinas\",\"https:\\\/\\\/x.com\\\/jornaloficinas\",\"https:\\\/\\\/www.instagram.com\\\/jornal_oficinas\\\/\",\"https:\\\/\\\/www.linkedin.com\\\/company\\\/jornal-das-oficinas\\\/\",\"https:\\\/\\\/www.youtube.com\\\/channel\\\/UCbQZBqtcvV-oSQrr7RzINGg\"]},{\"@type\":\"Person\",\"@id\":\"https:\\\/\\\/jornaldasoficinas.com\\\/pt\\\/#\\\/schema\\\/person\\\/a38eef5de2c41d9e7c9ac10141afddf3\",\"name\":\"Reda\u00e7\u00e3o JO\",\"image\":{\"@type\":\"ImageObject\",\"inLanguage\":\"pt-PT\",\"@id\":\"https:\\\/\\\/secure.gravatar.com\\\/avatar\\\/71f2fa71737ad68a84fea94bc708ddac8ea5b0c4788dc2ad202f3ccb2887742f?s=96&d=wp_user_avatar&r=g\",\"url\":\"https:\\\/\\\/secure.gravatar.com\\\/avatar\\\/71f2fa71737ad68a84fea94bc708ddac8ea5b0c4788dc2ad202f3ccb2887742f?s=96&d=wp_user_avatar&r=g\",\"contentUrl\":\"https:\\\/\\\/secure.gravatar.com\\\/avatar\\\/71f2fa71737ad68a84fea94bc708ddac8ea5b0c4788dc2ad202f3ccb2887742f?s=96&d=wp_user_avatar&r=g\",\"caption\":\"Reda\u00e7\u00e3o JO\"},\"url\":\"https:\\\/\\\/jornaldasoficinas.com\\\/pt\\\/author\\\/joredacao\\\/\"}]}<\/script>\n<!-- \/ Yoast SEO plugin. -->","yoast_head_json":{"title":"Axalta elege tom laranja como cor autom\u00f3vel de 2026 - Jornal das Oficinas","description":"A Axalta Coating Systems revelou a sua Cor Global para Autom\u00f3veis de 2026, denominada Solar Boost, um tom laranja vibrante","robots":{"index":"index","follow":"follow","max-snippet":"max-snippet:-1","max-image-preview":"max-image-preview:large","max-video-preview":"max-video-preview:-1"},"canonical":"https:\/\/jornaldasoficinas.com\/pt\/axalta-elege-tom-laranja-como-cor-automovel-de-2026\/","og_locale":"pt_PT","og_type":"article","og_title":"Axalta elege tom laranja como cor autom\u00f3vel de 2026 - Jornal das Oficinas","og_description":"A Axalta Coating Systems revelou a sua Cor Global para Autom\u00f3veis de 2026, denominada Solar Boost, um tom laranja vibrante","og_url":"https:\/\/jornaldasoficinas.com\/pt\/axalta-elege-tom-laranja-como-cor-automovel-de-2026\/","og_site_name":"Jornal das Oficinas","article_publisher":"https:\/\/www.facebook.com\/jornaloficinas","article_published_time":"2026-01-23T14:00:57+00:00","article_modified_time":"2026-01-23T16:11:57+00:00","og_image":[{"width":1024,"height":581,"url":"https:\/\/jornaldasoficinas.com\/pt\/wp-content\/uploads\/2026\/01\/Axalta-elege-tom-laranja-como-cor-automovel-de-2026.jpg","type":"image\/jpeg"}],"author":"Reda\u00e7\u00e3o JO","twitter_card":"summary_large_image","twitter_creator":"@jornaloficinas","twitter_site":"@jornaloficinas","twitter_misc":{"Escrito por":"Reda\u00e7\u00e3o JO","Tempo estimado de leitura":"4 minutos"},"schema":{"@context":"https:\/\/schema.org","@graph":[{"@type":"Article","@id":"https:\/\/jornaldasoficinas.com\/pt\/axalta-elege-tom-laranja-como-cor-automovel-de-2026\/#article","isPartOf":{"@id":"https:\/\/jornaldasoficinas.com\/pt\/axalta-elege-tom-laranja-como-cor-automovel-de-2026\/"},"author":{"name":"Reda\u00e7\u00e3o JO","@id":"https:\/\/jornaldasoficinas.com\/pt\/#\/schema\/person\/a38eef5de2c41d9e7c9ac10141afddf3"},"headline":"Axalta elege tom laranja como cor autom\u00f3vel de 2026","datePublished":"2026-01-23T14:00:57+00:00","dateModified":"2026-01-23T16:11:57+00:00","mainEntityOfPage":{"@id":"https:\/\/jornaldasoficinas.com\/pt\/axalta-elege-tom-laranja-como-cor-automovel-de-2026\/"},"wordCount":575,"publisher":{"@id":"https:\/\/jornaldasoficinas.com\/pt\/#organization"},"image":{"@id":"https:\/\/jornaldasoficinas.com\/pt\/axalta-elege-tom-laranja-como-cor-automovel-de-2026\/#primaryimage"},"thumbnailUrl":"https:\/\/jornaldasoficinas.com\/pt\/wp-content\/uploads\/2026\/01\/Axalta-elege-tom-laranja-como-cor-automovel-de-2026.jpg","keywords":["160 anos de experi\u00eancia","Axalta","Cor Global para Autom\u00f3veis","design autom\u00f3vel","Solar Boost","tom laranja"],"articleSection":["Repintura"],"inLanguage":"pt-PT"},{"@type":"WebPage","@id":"https:\/\/jornaldasoficinas.com\/pt\/axalta-elege-tom-laranja-como-cor-automovel-de-2026\/","url":"https:\/\/jornaldasoficinas.com\/pt\/axalta-elege-tom-laranja-como-cor-automovel-de-2026\/","name":"Axalta elege tom laranja como cor autom\u00f3vel de 2026 - Jornal das Oficinas","isPartOf":{"@id":"https:\/\/jornaldasoficinas.com\/pt\/#website"},"primaryImageOfPage":{"@id":"https:\/\/jornaldasoficinas.com\/pt\/axalta-elege-tom-laranja-como-cor-automovel-de-2026\/#primaryimage"},"image":{"@id":"https:\/\/jornaldasoficinas.com\/pt\/axalta-elege-tom-laranja-como-cor-automovel-de-2026\/#primaryimage"},"thumbnailUrl":"https:\/\/jornaldasoficinas.com\/pt\/wp-content\/uploads\/2026\/01\/Axalta-elege-tom-laranja-como-cor-automovel-de-2026.jpg","datePublished":"2026-01-23T14:00:57+00:00","dateModified":"2026-01-23T16:11:57+00:00","description":"A Axalta Coating Systems revelou a sua Cor Global para Autom\u00f3veis de 2026, denominada Solar Boost, um tom laranja vibrante","breadcrumb":{"@id":"https:\/\/jornaldasoficinas.com\/pt\/axalta-elege-tom-laranja-como-cor-automovel-de-2026\/#breadcrumb"},"inLanguage":"pt-PT","potentialAction":[{"@type":"ReadAction","target":["https:\/\/jornaldasoficinas.com\/pt\/axalta-elege-tom-laranja-como-cor-automovel-de-2026\/"]}]},{"@type":"ImageObject","inLanguage":"pt-PT","@id":"https:\/\/jornaldasoficinas.com\/pt\/axalta-elege-tom-laranja-como-cor-automovel-de-2026\/#primaryimage","url":"https:\/\/jornaldasoficinas.com\/pt\/wp-content\/uploads\/2026\/01\/Axalta-elege-tom-laranja-como-cor-automovel-de-2026.jpg","contentUrl":"https:\/\/jornaldasoficinas.com\/pt\/wp-content\/uploads\/2026\/01\/Axalta-elege-tom-laranja-como-cor-automovel-de-2026.jpg","width":1024,"height":581,"caption":"01 - Axalta elege tom laranja como cor automovel de 2026"},{"@type":"BreadcrumbList","@id":"https:\/\/jornaldasoficinas.com\/pt\/axalta-elege-tom-laranja-como-cor-automovel-de-2026\/#breadcrumb","itemListElement":[{"@type":"ListItem","position":1,"name":"In\u00edcio","item":"https:\/\/jornaldasoficinas.com\/pt\/"},{"@type":"ListItem","position":2,"name":"Axalta elege tom laranja como cor autom\u00f3vel de 2026"}]},{"@type":"WebSite","@id":"https:\/\/jornaldasoficinas.com\/pt\/#website","url":"https:\/\/jornaldasoficinas.com\/pt\/","name":"Jornal das Oficinas","description":"Jornal independente do Aftermarket Autom\u00f3vel em Portugal","publisher":{"@id":"https:\/\/jornaldasoficinas.com\/pt\/#organization"},"potentialAction":[{"@type":"SearchAction","target":{"@type":"EntryPoint","urlTemplate":"https:\/\/jornaldasoficinas.com\/pt\/?s={search_term_string}"},"query-input":{"@type":"PropertyValueSpecification","valueRequired":true,"valueName":"search_term_string"}}],"inLanguage":"pt-PT"},{"@type":"Organization","@id":"https:\/\/jornaldasoficinas.com\/pt\/#organization","name":"Jornal das Oficinas","url":"https:\/\/jornaldasoficinas.com\/pt\/","logo":{"@type":"ImageObject","inLanguage":"pt-PT","@id":"https:\/\/jornaldasoficinas.com\/pt\/#\/schema\/logo\/image\/","url":"https:\/\/jornaldasoficinas.com\/pt\/wp-content\/uploads\/logoJO-SEO.png","contentUrl":"https:\/\/jornaldasoficinas.com\/pt\/wp-content\/uploads\/logoJO-SEO.png","width":285,"height":450,"caption":"Jornal das Oficinas"},"image":{"@id":"https:\/\/jornaldasoficinas.com\/pt\/#\/schema\/logo\/image\/"},"sameAs":["https:\/\/www.facebook.com\/jornaloficinas","https:\/\/x.com\/jornaloficinas","https:\/\/www.instagram.com\/jornal_oficinas\/","https:\/\/www.linkedin.com\/company\/jornal-das-oficinas\/","https:\/\/www.youtube.com\/channel\/UCbQZBqtcvV-oSQrr7RzINGg"]},{"@type":"Person","@id":"https:\/\/jornaldasoficinas.com\/pt\/#\/schema\/person\/a38eef5de2c41d9e7c9ac10141afddf3","name":"Reda\u00e7\u00e3o JO","image":{"@type":"ImageObject","inLanguage":"pt-PT","@id":"https:\/\/secure.gravatar.com\/avatar\/71f2fa71737ad68a84fea94bc708ddac8ea5b0c4788dc2ad202f3ccb2887742f?s=96&d=wp_user_avatar&r=g","url":"https:\/\/secure.gravatar.com\/avatar\/71f2fa71737ad68a84fea94bc708ddac8ea5b0c4788dc2ad202f3ccb2887742f?s=96&d=wp_user_avatar&r=g","contentUrl":"https:\/\/secure.gravatar.com\/avatar\/71f2fa71737ad68a84fea94bc708ddac8ea5b0c4788dc2ad202f3ccb2887742f?s=96&d=wp_user_avatar&r=g","caption":"Reda\u00e7\u00e3o JO"},"url":"https:\/\/jornaldasoficinas.com\/pt\/author\/joredacao\/"}]}},"_links":{"self":[{"href":"https:\/\/jornaldasoficinas.com\/pt\/wp-json\/wp\/v2\/posts\/112072","targetHints":{"allow":["GET"]}}],"collection":[{"href":"https:\/\/jornaldasoficinas.com\/pt\/wp-json\/wp\/v2\/posts"}],"about":[{"href":"https:\/\/jornaldasoficinas.com\/pt\/wp-json\/wp\/v2\/types\/post"}],"author":[{"embeddable":true,"href":"https:\/\/jornaldasoficinas.com\/pt\/wp-json\/wp\/v2\/users\/15"}],"replies":[{"embeddable":true,"href":"https:\/\/jornaldasoficinas.com\/pt\/wp-json\/wp\/v2\/comments?post=112072"}],"version-history":[{"count":6,"href":"https:\/\/jornaldasoficinas.com\/pt\/wp-json\/wp\/v2\/posts\/112072\/revisions"}],"predecessor-version":[{"id":112074,"href":"https:\/\/jornaldasoficinas.com\/pt\/wp-json\/wp\/v2\/posts\/112072\/revisions\/112074"}],"wp:featuredmedia":[{"embeddable":true,"href":"https:\/\/jornaldasoficinas.com\/pt\/wp-json\/wp\/v2\/media\/112078"}],"wp:attachment":[{"href":"https:\/\/jornaldasoficinas.com\/pt\/wp-json\/wp\/v2\/media?parent=112072"}],"wp:term":[{"taxonomy":"category","embeddable":true,"href":"https:\/\/jornaldasoficinas.com\/pt\/wp-json\/wp\/v2\/categories?post=112072"},{"taxonomy":"post_tag","embeddable":true,"href":"https:\/\/jornaldasoficinas.com\/pt\/wp-json\/wp\/v2\/tags?post=112072"}],"curies":[{"name":"wp","href":"https:\/\/api.w.org\/{rel}","templated":true}]}}