{"id":112080,"date":"2026-01-23T12:30:00","date_gmt":"2026-01-23T12:30:00","guid":{"rendered":"https:\/\/jornaldasoficinas.com\/pt\/?p=112080"},"modified":"2026-01-21T17:32:59","modified_gmt":"2026-01-21T17:32:59","slug":"procura-por-usados-ate-15-mil-euros-cresceu-32-em-dezembro","status":"publish","type":"post","link":"https:\/\/jornaldasoficinas.com\/pt\/procura-por-usados-ate-15-mil-euros-cresceu-32-em-dezembro\/","title":{"rendered":"Procura por usados at\u00e9 15 mil euros cresceu 32% em dezembro"},"content":{"rendered":"<p><strong><img loading=\"lazy\" decoding=\"async\" class=\"alignnone size-full wp-image-112085\" src=\"https:\/\/jornaldasoficinas.com\/pt\/wp-content\/uploads\/2026\/01\/Procura-por-usados-ate-15-mil-euros-cresceu-32-em-dezembro.jpg\" alt=\"01 - Procura por usados ate 15 mil euros cresceu 32 em dezembro\" width=\"1024\" height=\"581\" srcset=\"https:\/\/jornaldasoficinas.com\/pt\/wp-content\/uploads\/2026\/01\/Procura-por-usados-ate-15-mil-euros-cresceu-32-em-dezembro.jpg 1024w, https:\/\/jornaldasoficinas.com\/pt\/wp-content\/uploads\/2026\/01\/Procura-por-usados-ate-15-mil-euros-cresceu-32-em-dezembro-300x170.jpg 300w, https:\/\/jornaldasoficinas.com\/pt\/wp-content\/uploads\/2026\/01\/Procura-por-usados-ate-15-mil-euros-cresceu-32-em-dezembro-150x85.jpg 150w, https:\/\/jornaldasoficinas.com\/pt\/wp-content\/uploads\/2026\/01\/Procura-por-usados-ate-15-mil-euros-cresceu-32-em-dezembro-768x436.jpg 768w\" sizes=\"auto, (max-width: 1024px) 100vw, 1024px\" \/><\/strong><\/p>\n<p><strong>Dados do <a href=\"https:\/\/www.standvirtual.com\/\" target=\"_blank\" rel=\"noopener\">Standvirtual<\/a> indicam que a procura por ve\u00edculos usados abaixo dos 15 mil euros aumentou 32% em dezembro de 2025, face ao mesmo m\u00eas de 2024, num mercado que encerrou o ano com sinais consistentes de crescimento<\/strong><\/p>\n<p>O mercado de ve\u00edculos usados manteve uma trajet\u00f3ria positiva no final de 2025, com destaque para o aumento da procura em dezembro. De acordo com dados do Standvirtual, a procura global por autom\u00f3veis usados cresceu 25% face ao per\u00edodo hom\u00f3logo de 2024, enquanto a oferta registou uma subida mais moderada, de 3%, marcando o quinto m\u00eas consecutivo do ano com evolu\u00e7\u00e3o positiva do lado da oferta.<\/p>\n<p>A an\u00e1lise por escal\u00f5es de pre\u00e7o revela din\u00e2micas distintas. A oferta aumentou nos ve\u00edculos com valores superiores a 30 mil euros (+8%), mas recuou nos autom\u00f3veis abaixo dos 15 mil euros (-5%) e nos situados entre os 15 mil e os 30 mil euros (-3%). Em sentido inverso, a procura cresceu em todos os segmentos de pre\u00e7o, com maior express\u00e3o nos ve\u00edculos at\u00e9 15 mil euros (+32%), seguindo-se os autom\u00f3veis entre 15 mil e 30 mil euros (+20%) e os acima de 30 mil euros (+19%).<\/p>\n<p>No que respeita \u00e0s transfer\u00eancias de propriedade de ligeiros de passageiros, os dados mostram um decr\u00e9scimo de 2,9% em novembro de 2025 face ao mesmo m\u00eas de 2024, embora com uma estabiliza\u00e7\u00e3o em rela\u00e7\u00e3o a novembro de 2019. No acumulado dos primeiros onze meses de 2025, registou-se ainda um crescimento de 5,3% comparativamente ao mesmo per\u00edodo do ano anterior.<\/p>\n<p>Os ve\u00edculos importados continuam igualmente a ganhar peso no mercado. Em dezembro de 2025, verificou-se um aumento de 23% face ao mesmo m\u00eas de 2024 e de 46,5% em compara\u00e7\u00e3o com dezembro de 2019. No conjunto do ano, entre janeiro e dezembro de 2025, as importa\u00e7\u00f5es cresceram 13% face aos doze meses de 2024.<\/p>\n<p>Em termos de pre\u00e7os, o valor m\u00e9dio praticado pelos vendedores profissionais voltou a subir, fixando-se nos 24.200 euros em dezembro. Esta evolu\u00e7\u00e3o representa um aumento de 2,54% face a dezembro de 2024, quando o pre\u00e7o m\u00e9dio era de 23.600 euros.<\/p>\n<p>Segundo dados da <a href=\"https:\/\/www.bca.com\/\" target=\"_blank\" rel=\"noopener\">BCA<\/a>, relativos aos leil\u00f5es, os pre\u00e7os no retalho registaram uma ligeira descida em dezembro face ao m\u00eas anterior, mantendo-se, contudo, est\u00e1veis no com\u00e9rcio em rela\u00e7\u00e3o a novembro de 2025.<\/p>\n<p>J\u00e1 no mercado de ve\u00edculos novos, dados da<a href=\"https:\/\/www.acap.pt\/\" target=\"_blank\" rel=\"noopener\"> ACAP<\/a> indicam um crescimento de cerca de 3% em dezembro de 2025 face ao mesmo m\u00eas de 2024. No acumulado do ano, o aumento foi de 6,2%. As energias alternativas representaram aproximadamente 69% do total de ligeiros de passageiros novos vendidos em dezembro, um valor significativamente superior aos 57% registados no mesmo m\u00eas de 2024.<\/p>\n","protected":false},"excerpt":{"rendered":"<p>Dados do Standvirtual indicam que a&#8230;<\/p>\n","protected":false},"author":15,"featured_media":112085,"comment_status":"closed","ping_status":"closed","sticky":false,"template":"","format":"standard","meta":{"footnotes":""},"categories":[37],"tags":[157,10240,4094,4649,11530,2198,1568],"class_list":["post-112080","post","type-post","status-publish","format-standard","has-post-thumbnail","hentry","category-mercado","tag-acap","tag-analise-de-mercado","tag-bca","tag-oferta","tag-procura","tag-standvirtual","tag-veiculos-usados"],"yoast_head":"<!-- This site is optimized with the Yoast SEO plugin v27.5 - https:\/\/yoast.com\/product\/yoast-seo-wordpress\/ -->\n<title>Procura por usados at\u00e9 15 mil euros cresceu 32% em dezembro - Jornal das Oficinas<\/title>\n<meta name=\"description\" content=\"Dados do Standvirtual indicam que a procura por ve\u00edculos usados abaixo dos 15 mil euros aumentou 32% em dezembro de 2025\" \/>\n<meta name=\"robots\" content=\"index, follow, max-snippet:-1, max-image-preview:large, max-video-preview:-1\" \/>\n<link rel=\"canonical\" href=\"https:\/\/jornaldasoficinas.com\/pt\/procura-por-usados-ate-15-mil-euros-cresceu-32-em-dezembro\/\" \/>\n<meta property=\"og:locale\" content=\"pt_PT\" \/>\n<meta property=\"og:type\" content=\"article\" \/>\n<meta property=\"og:title\" content=\"Procura por usados at\u00e9 15 mil euros cresceu 32% em dezembro - Jornal das Oficinas\" \/>\n<meta property=\"og:description\" content=\"Dados do Standvirtual indicam que a procura por ve\u00edculos usados abaixo dos 15 mil euros aumentou 32% em dezembro de 2025\" \/>\n<meta property=\"og:url\" content=\"https:\/\/jornaldasoficinas.com\/pt\/procura-por-usados-ate-15-mil-euros-cresceu-32-em-dezembro\/\" \/>\n<meta property=\"og:site_name\" content=\"Jornal das Oficinas\" \/>\n<meta property=\"article:publisher\" content=\"https:\/\/www.facebook.com\/jornaloficinas\" \/>\n<meta property=\"article:published_time\" content=\"2026-01-23T12:30:00+00:00\" \/>\n<meta property=\"og:image\" content=\"https:\/\/jornaldasoficinas.com\/pt\/wp-content\/uploads\/2026\/01\/Procura-por-usados-ate-15-mil-euros-cresceu-32-em-dezembro.jpg\" \/>\n\t<meta property=\"og:image:width\" content=\"1024\" \/>\n\t<meta property=\"og:image:height\" content=\"581\" \/>\n\t<meta property=\"og:image:type\" content=\"image\/jpeg\" \/>\n<meta name=\"author\" content=\"Reda\u00e7\u00e3o JO\" \/>\n<meta name=\"twitter:card\" content=\"summary_large_image\" \/>\n<meta name=\"twitter:creator\" content=\"@jornaloficinas\" \/>\n<meta name=\"twitter:site\" content=\"@jornaloficinas\" \/>\n<meta name=\"twitter:label1\" content=\"Escrito por\" \/>\n\t<meta name=\"twitter:data1\" content=\"Reda\u00e7\u00e3o JO\" \/>\n\t<meta name=\"twitter:label2\" content=\"Tempo estimado de leitura\" \/>\n\t<meta name=\"twitter:data2\" content=\"3 minutos\" \/>\n<script type=\"application\/ld+json\" class=\"yoast-schema-graph\">{\"@context\":\"https:\\\/\\\/schema.org\",\"@graph\":[{\"@type\":\"Article\",\"@id\":\"https:\\\/\\\/jornaldasoficinas.com\\\/pt\\\/procura-por-usados-ate-15-mil-euros-cresceu-32-em-dezembro\\\/#article\",\"isPartOf\":{\"@id\":\"https:\\\/\\\/jornaldasoficinas.com\\\/pt\\\/procura-por-usados-ate-15-mil-euros-cresceu-32-em-dezembro\\\/\"},\"author\":{\"name\":\"Reda\u00e7\u00e3o JO\",\"@id\":\"https:\\\/\\\/jornaldasoficinas.com\\\/pt\\\/#\\\/schema\\\/person\\\/a38eef5de2c41d9e7c9ac10141afddf3\"},\"headline\":\"Procura por usados at\u00e9 15 mil euros cresceu 32% em dezembro\",\"datePublished\":\"2026-01-23T12:30:00+00:00\",\"mainEntityOfPage\":{\"@id\":\"https:\\\/\\\/jornaldasoficinas.com\\\/pt\\\/procura-por-usados-ate-15-mil-euros-cresceu-32-em-dezembro\\\/\"},\"wordCount\":444,\"publisher\":{\"@id\":\"https:\\\/\\\/jornaldasoficinas.com\\\/pt\\\/#organization\"},\"image\":{\"@id\":\"https:\\\/\\\/jornaldasoficinas.com\\\/pt\\\/procura-por-usados-ate-15-mil-euros-cresceu-32-em-dezembro\\\/#primaryimage\"},\"thumbnailUrl\":\"https:\\\/\\\/jornaldasoficinas.com\\\/pt\\\/wp-content\\\/uploads\\\/2026\\\/01\\\/Procura-por-usados-ate-15-mil-euros-cresceu-32-em-dezembro.jpg\",\"keywords\":[\"ACAP\",\"an\u00e1lise de mercado\",\"BCA\",\"Oferta\",\"procura\",\"Standvirtual\",\"Ve\u00edculos usados\"],\"articleSection\":[\"Mercado\"],\"inLanguage\":\"pt-PT\"},{\"@type\":\"WebPage\",\"@id\":\"https:\\\/\\\/jornaldasoficinas.com\\\/pt\\\/procura-por-usados-ate-15-mil-euros-cresceu-32-em-dezembro\\\/\",\"url\":\"https:\\\/\\\/jornaldasoficinas.com\\\/pt\\\/procura-por-usados-ate-15-mil-euros-cresceu-32-em-dezembro\\\/\",\"name\":\"Procura por usados at\u00e9 15 mil euros cresceu 32% em dezembro - Jornal das Oficinas\",\"isPartOf\":{\"@id\":\"https:\\\/\\\/jornaldasoficinas.com\\\/pt\\\/#website\"},\"primaryImageOfPage\":{\"@id\":\"https:\\\/\\\/jornaldasoficinas.com\\\/pt\\\/procura-por-usados-ate-15-mil-euros-cresceu-32-em-dezembro\\\/#primaryimage\"},\"image\":{\"@id\":\"https:\\\/\\\/jornaldasoficinas.com\\\/pt\\\/procura-por-usados-ate-15-mil-euros-cresceu-32-em-dezembro\\\/#primaryimage\"},\"thumbnailUrl\":\"https:\\\/\\\/jornaldasoficinas.com\\\/pt\\\/wp-content\\\/uploads\\\/2026\\\/01\\\/Procura-por-usados-ate-15-mil-euros-cresceu-32-em-dezembro.jpg\",\"datePublished\":\"2026-01-23T12:30:00+00:00\",\"description\":\"Dados do Standvirtual indicam que a procura por ve\u00edculos usados abaixo dos 15 mil euros aumentou 32% em dezembro de 2025\",\"breadcrumb\":{\"@id\":\"https:\\\/\\\/jornaldasoficinas.com\\\/pt\\\/procura-por-usados-ate-15-mil-euros-cresceu-32-em-dezembro\\\/#breadcrumb\"},\"inLanguage\":\"pt-PT\",\"potentialAction\":[{\"@type\":\"ReadAction\",\"target\":[\"https:\\\/\\\/jornaldasoficinas.com\\\/pt\\\/procura-por-usados-ate-15-mil-euros-cresceu-32-em-dezembro\\\/\"]}]},{\"@type\":\"ImageObject\",\"inLanguage\":\"pt-PT\",\"@id\":\"https:\\\/\\\/jornaldasoficinas.com\\\/pt\\\/procura-por-usados-ate-15-mil-euros-cresceu-32-em-dezembro\\\/#primaryimage\",\"url\":\"https:\\\/\\\/jornaldasoficinas.com\\\/pt\\\/wp-content\\\/uploads\\\/2026\\\/01\\\/Procura-por-usados-ate-15-mil-euros-cresceu-32-em-dezembro.jpg\",\"contentUrl\":\"https:\\\/\\\/jornaldasoficinas.com\\\/pt\\\/wp-content\\\/uploads\\\/2026\\\/01\\\/Procura-por-usados-ate-15-mil-euros-cresceu-32-em-dezembro.jpg\",\"width\":1024,\"height\":581,\"caption\":\"01 - Procura por usados ate 15 mil euros cresceu 32 em dezembro\"},{\"@type\":\"BreadcrumbList\",\"@id\":\"https:\\\/\\\/jornaldasoficinas.com\\\/pt\\\/procura-por-usados-ate-15-mil-euros-cresceu-32-em-dezembro\\\/#breadcrumb\",\"itemListElement\":[{\"@type\":\"ListItem\",\"position\":1,\"name\":\"In\u00edcio\",\"item\":\"https:\\\/\\\/jornaldasoficinas.com\\\/pt\\\/\"},{\"@type\":\"ListItem\",\"position\":2,\"name\":\"Procura por usados at\u00e9 15 mil euros cresceu 32% em dezembro\"}]},{\"@type\":\"WebSite\",\"@id\":\"https:\\\/\\\/jornaldasoficinas.com\\\/pt\\\/#website\",\"url\":\"https:\\\/\\\/jornaldasoficinas.com\\\/pt\\\/\",\"name\":\"Jornal das Oficinas\",\"description\":\"Jornal independente do Aftermarket Autom\u00f3vel em Portugal\",\"publisher\":{\"@id\":\"https:\\\/\\\/jornaldasoficinas.com\\\/pt\\\/#organization\"},\"potentialAction\":[{\"@type\":\"SearchAction\",\"target\":{\"@type\":\"EntryPoint\",\"urlTemplate\":\"https:\\\/\\\/jornaldasoficinas.com\\\/pt\\\/?s={search_term_string}\"},\"query-input\":{\"@type\":\"PropertyValueSpecification\",\"valueRequired\":true,\"valueName\":\"search_term_string\"}}],\"inLanguage\":\"pt-PT\"},{\"@type\":\"Organization\",\"@id\":\"https:\\\/\\\/jornaldasoficinas.com\\\/pt\\\/#organization\",\"name\":\"Jornal das Oficinas\",\"url\":\"https:\\\/\\\/jornaldasoficinas.com\\\/pt\\\/\",\"logo\":{\"@type\":\"ImageObject\",\"inLanguage\":\"pt-PT\",\"@id\":\"https:\\\/\\\/jornaldasoficinas.com\\\/pt\\\/#\\\/schema\\\/logo\\\/image\\\/\",\"url\":\"https:\\\/\\\/jornaldasoficinas.com\\\/pt\\\/wp-content\\\/uploads\\\/logoJO-SEO.png\",\"contentUrl\":\"https:\\\/\\\/jornaldasoficinas.com\\\/pt\\\/wp-content\\\/uploads\\\/logoJO-SEO.png\",\"width\":285,\"height\":450,\"caption\":\"Jornal das Oficinas\"},\"image\":{\"@id\":\"https:\\\/\\\/jornaldasoficinas.com\\\/pt\\\/#\\\/schema\\\/logo\\\/image\\\/\"},\"sameAs\":[\"https:\\\/\\\/www.facebook.com\\\/jornaloficinas\",\"https:\\\/\\\/x.com\\\/jornaloficinas\",\"https:\\\/\\\/www.instagram.com\\\/jornal_oficinas\\\/\",\"https:\\\/\\\/www.linkedin.com\\\/company\\\/jornal-das-oficinas\\\/\",\"https:\\\/\\\/www.youtube.com\\\/channel\\\/UCbQZBqtcvV-oSQrr7RzINGg\"]},{\"@type\":\"Person\",\"@id\":\"https:\\\/\\\/jornaldasoficinas.com\\\/pt\\\/#\\\/schema\\\/person\\\/a38eef5de2c41d9e7c9ac10141afddf3\",\"name\":\"Reda\u00e7\u00e3o JO\",\"image\":{\"@type\":\"ImageObject\",\"inLanguage\":\"pt-PT\",\"@id\":\"https:\\\/\\\/secure.gravatar.com\\\/avatar\\\/71f2fa71737ad68a84fea94bc708ddac8ea5b0c4788dc2ad202f3ccb2887742f?s=96&d=wp_user_avatar&r=g\",\"url\":\"https:\\\/\\\/secure.gravatar.com\\\/avatar\\\/71f2fa71737ad68a84fea94bc708ddac8ea5b0c4788dc2ad202f3ccb2887742f?s=96&d=wp_user_avatar&r=g\",\"contentUrl\":\"https:\\\/\\\/secure.gravatar.com\\\/avatar\\\/71f2fa71737ad68a84fea94bc708ddac8ea5b0c4788dc2ad202f3ccb2887742f?s=96&d=wp_user_avatar&r=g\",\"caption\":\"Reda\u00e7\u00e3o JO\"},\"url\":\"https:\\\/\\\/jornaldasoficinas.com\\\/pt\\\/author\\\/joredacao\\\/\"}]}<\/script>\n<!-- \/ Yoast SEO plugin. -->","yoast_head_json":{"title":"Procura por usados at\u00e9 15 mil euros cresceu 32% em dezembro - Jornal das Oficinas","description":"Dados do Standvirtual indicam que a procura por ve\u00edculos usados abaixo dos 15 mil euros aumentou 32% em dezembro de 2025","robots":{"index":"index","follow":"follow","max-snippet":"max-snippet:-1","max-image-preview":"max-image-preview:large","max-video-preview":"max-video-preview:-1"},"canonical":"https:\/\/jornaldasoficinas.com\/pt\/procura-por-usados-ate-15-mil-euros-cresceu-32-em-dezembro\/","og_locale":"pt_PT","og_type":"article","og_title":"Procura por usados at\u00e9 15 mil euros cresceu 32% em dezembro - Jornal das Oficinas","og_description":"Dados do Standvirtual indicam que a procura por ve\u00edculos usados abaixo dos 15 mil euros aumentou 32% em dezembro de 2025","og_url":"https:\/\/jornaldasoficinas.com\/pt\/procura-por-usados-ate-15-mil-euros-cresceu-32-em-dezembro\/","og_site_name":"Jornal das Oficinas","article_publisher":"https:\/\/www.facebook.com\/jornaloficinas","article_published_time":"2026-01-23T12:30:00+00:00","og_image":[{"width":1024,"height":581,"url":"https:\/\/jornaldasoficinas.com\/pt\/wp-content\/uploads\/2026\/01\/Procura-por-usados-ate-15-mil-euros-cresceu-32-em-dezembro.jpg","type":"image\/jpeg"}],"author":"Reda\u00e7\u00e3o JO","twitter_card":"summary_large_image","twitter_creator":"@jornaloficinas","twitter_site":"@jornaloficinas","twitter_misc":{"Escrito por":"Reda\u00e7\u00e3o JO","Tempo estimado de leitura":"3 minutos"},"schema":{"@context":"https:\/\/schema.org","@graph":[{"@type":"Article","@id":"https:\/\/jornaldasoficinas.com\/pt\/procura-por-usados-ate-15-mil-euros-cresceu-32-em-dezembro\/#article","isPartOf":{"@id":"https:\/\/jornaldasoficinas.com\/pt\/procura-por-usados-ate-15-mil-euros-cresceu-32-em-dezembro\/"},"author":{"name":"Reda\u00e7\u00e3o JO","@id":"https:\/\/jornaldasoficinas.com\/pt\/#\/schema\/person\/a38eef5de2c41d9e7c9ac10141afddf3"},"headline":"Procura por usados at\u00e9 15 mil euros cresceu 32% em dezembro","datePublished":"2026-01-23T12:30:00+00:00","mainEntityOfPage":{"@id":"https:\/\/jornaldasoficinas.com\/pt\/procura-por-usados-ate-15-mil-euros-cresceu-32-em-dezembro\/"},"wordCount":444,"publisher":{"@id":"https:\/\/jornaldasoficinas.com\/pt\/#organization"},"image":{"@id":"https:\/\/jornaldasoficinas.com\/pt\/procura-por-usados-ate-15-mil-euros-cresceu-32-em-dezembro\/#primaryimage"},"thumbnailUrl":"https:\/\/jornaldasoficinas.com\/pt\/wp-content\/uploads\/2026\/01\/Procura-por-usados-ate-15-mil-euros-cresceu-32-em-dezembro.jpg","keywords":["ACAP","an\u00e1lise de mercado","BCA","Oferta","procura","Standvirtual","Ve\u00edculos usados"],"articleSection":["Mercado"],"inLanguage":"pt-PT"},{"@type":"WebPage","@id":"https:\/\/jornaldasoficinas.com\/pt\/procura-por-usados-ate-15-mil-euros-cresceu-32-em-dezembro\/","url":"https:\/\/jornaldasoficinas.com\/pt\/procura-por-usados-ate-15-mil-euros-cresceu-32-em-dezembro\/","name":"Procura por usados at\u00e9 15 mil euros cresceu 32% em dezembro - Jornal das Oficinas","isPartOf":{"@id":"https:\/\/jornaldasoficinas.com\/pt\/#website"},"primaryImageOfPage":{"@id":"https:\/\/jornaldasoficinas.com\/pt\/procura-por-usados-ate-15-mil-euros-cresceu-32-em-dezembro\/#primaryimage"},"image":{"@id":"https:\/\/jornaldasoficinas.com\/pt\/procura-por-usados-ate-15-mil-euros-cresceu-32-em-dezembro\/#primaryimage"},"thumbnailUrl":"https:\/\/jornaldasoficinas.com\/pt\/wp-content\/uploads\/2026\/01\/Procura-por-usados-ate-15-mil-euros-cresceu-32-em-dezembro.jpg","datePublished":"2026-01-23T12:30:00+00:00","description":"Dados do Standvirtual indicam que a procura por ve\u00edculos usados abaixo dos 15 mil euros aumentou 32% em dezembro de 2025","breadcrumb":{"@id":"https:\/\/jornaldasoficinas.com\/pt\/procura-por-usados-ate-15-mil-euros-cresceu-32-em-dezembro\/#breadcrumb"},"inLanguage":"pt-PT","potentialAction":[{"@type":"ReadAction","target":["https:\/\/jornaldasoficinas.com\/pt\/procura-por-usados-ate-15-mil-euros-cresceu-32-em-dezembro\/"]}]},{"@type":"ImageObject","inLanguage":"pt-PT","@id":"https:\/\/jornaldasoficinas.com\/pt\/procura-por-usados-ate-15-mil-euros-cresceu-32-em-dezembro\/#primaryimage","url":"https:\/\/jornaldasoficinas.com\/pt\/wp-content\/uploads\/2026\/01\/Procura-por-usados-ate-15-mil-euros-cresceu-32-em-dezembro.jpg","contentUrl":"https:\/\/jornaldasoficinas.com\/pt\/wp-content\/uploads\/2026\/01\/Procura-por-usados-ate-15-mil-euros-cresceu-32-em-dezembro.jpg","width":1024,"height":581,"caption":"01 - Procura por usados ate 15 mil euros cresceu 32 em dezembro"},{"@type":"BreadcrumbList","@id":"https:\/\/jornaldasoficinas.com\/pt\/procura-por-usados-ate-15-mil-euros-cresceu-32-em-dezembro\/#breadcrumb","itemListElement":[{"@type":"ListItem","position":1,"name":"In\u00edcio","item":"https:\/\/jornaldasoficinas.com\/pt\/"},{"@type":"ListItem","position":2,"name":"Procura por usados at\u00e9 15 mil euros cresceu 32% em dezembro"}]},{"@type":"WebSite","@id":"https:\/\/jornaldasoficinas.com\/pt\/#website","url":"https:\/\/jornaldasoficinas.com\/pt\/","name":"Jornal das Oficinas","description":"Jornal independente do Aftermarket Autom\u00f3vel em Portugal","publisher":{"@id":"https:\/\/jornaldasoficinas.com\/pt\/#organization"},"potentialAction":[{"@type":"SearchAction","target":{"@type":"EntryPoint","urlTemplate":"https:\/\/jornaldasoficinas.com\/pt\/?s={search_term_string}"},"query-input":{"@type":"PropertyValueSpecification","valueRequired":true,"valueName":"search_term_string"}}],"inLanguage":"pt-PT"},{"@type":"Organization","@id":"https:\/\/jornaldasoficinas.com\/pt\/#organization","name":"Jornal das Oficinas","url":"https:\/\/jornaldasoficinas.com\/pt\/","logo":{"@type":"ImageObject","inLanguage":"pt-PT","@id":"https:\/\/jornaldasoficinas.com\/pt\/#\/schema\/logo\/image\/","url":"https:\/\/jornaldasoficinas.com\/pt\/wp-content\/uploads\/logoJO-SEO.png","contentUrl":"https:\/\/jornaldasoficinas.com\/pt\/wp-content\/uploads\/logoJO-SEO.png","width":285,"height":450,"caption":"Jornal das Oficinas"},"image":{"@id":"https:\/\/jornaldasoficinas.com\/pt\/#\/schema\/logo\/image\/"},"sameAs":["https:\/\/www.facebook.com\/jornaloficinas","https:\/\/x.com\/jornaloficinas","https:\/\/www.instagram.com\/jornal_oficinas\/","https:\/\/www.linkedin.com\/company\/jornal-das-oficinas\/","https:\/\/www.youtube.com\/channel\/UCbQZBqtcvV-oSQrr7RzINGg"]},{"@type":"Person","@id":"https:\/\/jornaldasoficinas.com\/pt\/#\/schema\/person\/a38eef5de2c41d9e7c9ac10141afddf3","name":"Reda\u00e7\u00e3o JO","image":{"@type":"ImageObject","inLanguage":"pt-PT","@id":"https:\/\/secure.gravatar.com\/avatar\/71f2fa71737ad68a84fea94bc708ddac8ea5b0c4788dc2ad202f3ccb2887742f?s=96&d=wp_user_avatar&r=g","url":"https:\/\/secure.gravatar.com\/avatar\/71f2fa71737ad68a84fea94bc708ddac8ea5b0c4788dc2ad202f3ccb2887742f?s=96&d=wp_user_avatar&r=g","contentUrl":"https:\/\/secure.gravatar.com\/avatar\/71f2fa71737ad68a84fea94bc708ddac8ea5b0c4788dc2ad202f3ccb2887742f?s=96&d=wp_user_avatar&r=g","caption":"Reda\u00e7\u00e3o JO"},"url":"https:\/\/jornaldasoficinas.com\/pt\/author\/joredacao\/"}]}},"_links":{"self":[{"href":"https:\/\/jornaldasoficinas.com\/pt\/wp-json\/wp\/v2\/posts\/112080","targetHints":{"allow":["GET"]}}],"collection":[{"href":"https:\/\/jornaldasoficinas.com\/pt\/wp-json\/wp\/v2\/posts"}],"about":[{"href":"https:\/\/jornaldasoficinas.com\/pt\/wp-json\/wp\/v2\/types\/post"}],"author":[{"embeddable":true,"href":"https:\/\/jornaldasoficinas.com\/pt\/wp-json\/wp\/v2\/users\/15"}],"replies":[{"embeddable":true,"href":"https:\/\/jornaldasoficinas.com\/pt\/wp-json\/wp\/v2\/comments?post=112080"}],"version-history":[{"count":5,"href":"https:\/\/jornaldasoficinas.com\/pt\/wp-json\/wp\/v2\/posts\/112080\/revisions"}],"predecessor-version":[{"id":112086,"href":"https:\/\/jornaldasoficinas.com\/pt\/wp-json\/wp\/v2\/posts\/112080\/revisions\/112086"}],"wp:featuredmedia":[{"embeddable":true,"href":"https:\/\/jornaldasoficinas.com\/pt\/wp-json\/wp\/v2\/media\/112085"}],"wp:attachment":[{"href":"https:\/\/jornaldasoficinas.com\/pt\/wp-json\/wp\/v2\/media?parent=112080"}],"wp:term":[{"taxonomy":"category","embeddable":true,"href":"https:\/\/jornaldasoficinas.com\/pt\/wp-json\/wp\/v2\/categories?post=112080"},{"taxonomy":"post_tag","embeddable":true,"href":"https:\/\/jornaldasoficinas.com\/pt\/wp-json\/wp\/v2\/tags?post=112080"}],"curies":[{"name":"wp","href":"https:\/\/api.w.org\/{rel}","templated":true}]}}