{"id":112100,"date":"2026-01-23T18:00:49","date_gmt":"2026-01-23T18:00:49","guid":{"rendered":"https:\/\/jornaldasoficinas.com\/pt\/?p=112100"},"modified":"2026-01-23T18:06:28","modified_gmt":"2026-01-23T18:06:28","slug":"denso-lanca-filtro-de-ar-premium-com-tecnologia-antiviral","status":"publish","type":"post","link":"https:\/\/jornaldasoficinas.com\/pt\/denso-lanca-filtro-de-ar-premium-com-tecnologia-antiviral\/","title":{"rendered":"DENSO lan\u00e7a filtro de ar premium com tecnologia antiviral"},"content":{"rendered":"<p><strong><img loading=\"lazy\" decoding=\"async\" class=\"alignnone size-full wp-image-112108\" src=\"https:\/\/jornaldasoficinas.com\/pt\/wp-content\/uploads\/2026\/01\/DENSO-lanca-filtro-de-ar-premium-com-tecnologia-antiviral.jpg\" alt=\"01 - DENSO lanca filtro de ar premium com tecnologia antiviral\" width=\"1024\" height=\"581\" srcset=\"https:\/\/jornaldasoficinas.com\/pt\/wp-content\/uploads\/2026\/01\/DENSO-lanca-filtro-de-ar-premium-com-tecnologia-antiviral.jpg 1024w, https:\/\/jornaldasoficinas.com\/pt\/wp-content\/uploads\/2026\/01\/DENSO-lanca-filtro-de-ar-premium-com-tecnologia-antiviral-300x170.jpg 300w, https:\/\/jornaldasoficinas.com\/pt\/wp-content\/uploads\/2026\/01\/DENSO-lanca-filtro-de-ar-premium-com-tecnologia-antiviral-150x85.jpg 150w, https:\/\/jornaldasoficinas.com\/pt\/wp-content\/uploads\/2026\/01\/DENSO-lanca-filtro-de-ar-premium-com-tecnologia-antiviral-768x436.jpg 768w\" sizes=\"auto, (max-width: 1024px) 100vw, 1024px\" \/><\/strong><\/p>\n<p><strong>A <a href=\"https:\/\/www.denso-am.eu\/\" target=\"_blank\" rel=\"noopener\">DENSO<\/a> apresentou uma nova gama de filtros de ar do habit\u00e1culo premium, com tecnologia antiviral e antibacteriana, concebida para melhorar a qualidade do ar no interior dos ve\u00edculos e garantir elevado desempenho do sistema de climatiza\u00e7\u00e3o<\/strong><\/p>\n<p>A qualidade do ar no interior dos ve\u00edculos tem vindo a assumir uma import\u00e2ncia crescente, sobretudo em contexto urbano e de tr\u00e1fego intenso, onde o ar n\u00e3o filtrado pode conter part\u00edculas nocivas para os ocupantes. Esta preocupa\u00e7\u00e3o \u00e9 partilhada por mais de metade dos fabricantes autom\u00f3veis europeus, que j\u00e1 recorrem aos filtros de ar do habit\u00e1culo da DENSO como equipamento original.<\/p>\n<p>Com a nova gama ClearAir+, a DENSO eleva o n\u00edvel de desempenho dos seus filtros ao integrar cinco camadas ativas que incorporam os mais recentes avan\u00e7os em tecnologia de filtragem. Esta solu\u00e7\u00e3o permite uma purifica\u00e7\u00e3o altamente eficaz do ar, oferecendo prote\u00e7\u00e3o avan\u00e7ada contra poeiras, gases e odores, bem como contra alerg\u00e9nios, bact\u00e9rias e v\u00edrus.<\/p>\n<p>Segundo a DENSO, os filtros ClearAir+ conseguem eliminar at\u00e9 99% das bact\u00e9rias e v\u00edrus, contribuindo para um ambiente mais saud\u00e1vel no habit\u00e1culo e aumentando o conforto e o bem-estar de todos os ocupantes. Ao mesmo tempo, o sistema de filtragem selado assegura um fluxo de ar limpo e cont\u00ednuo, sem comprometer o desempenho nem a fiabilidade do sistema de ar condicionado do ve\u00edculo.<\/p>\n<p>Por integrar-se no sistema de climatiza\u00e7\u00e3o original, a compatibilidade com os ve\u00edculos est\u00e1 garantida, prevenindo eventuais danos e assegurando um funcionamento eficiente a longo prazo. A nova gama representa tamb\u00e9m uma oportunidade para as oficinas disponibilizarem uma solu\u00e7\u00e3o de filtragem de elevado valor acrescentado, apoiada pela experi\u00eancia da DENSO enquanto especialista global em tecnologia de filtragem.<\/p>\n<p>Com 45 refer\u00eancias de pe\u00e7as, a gama DENSO ClearAir+ cobre cerca de 150 milh\u00f5es de ve\u00edculos em circula\u00e7\u00e3o na Europa, proporcionando uma ampla cobertura de aplica\u00e7\u00f5es de equipamento original e estabelecendo novos padr\u00f5es de qualidade do ar no habit\u00e1culo.<\/p>\n","protected":false},"excerpt":{"rendered":"<p>A DENSO apresentou uma nova gama&#8230;<\/p>\n","protected":false},"author":15,"featured_media":112108,"comment_status":"closed","ping_status":"closed","sticky":false,"template":"","format":"standard","meta":{"footnotes":""},"categories":[29],"tags":[14433,1356,7924,14434,7834,1387,14432],"class_list":["post-112100","post","type-post","status-publish","format-standard","has-post-thumbnail","hentry","category-empresas","tag-clearair","tag-denso","tag-equipamento-original","tag-filtro-premium","tag-lancamento","tag-qualidade-do-ar","tag-tecnologia-antiviral"],"yoast_head":"<!-- This site is optimized with the Yoast SEO plugin v27.5 - https:\/\/yoast.com\/product\/yoast-seo-wordpress\/ -->\n<title>DENSO lan\u00e7a filtro de ar premium com tecnologia antiviral - Jornal das Oficinas<\/title>\n<meta name=\"description\" content=\"A DENSO apresentou uma nova gama de filtros de ar do habit\u00e1culo premium, com tecnologia antiviral e antibacteriana\" \/>\n<meta name=\"robots\" content=\"index, follow, max-snippet:-1, max-image-preview:large, max-video-preview:-1\" \/>\n<link rel=\"canonical\" href=\"https:\/\/jornaldasoficinas.com\/pt\/denso-lanca-filtro-de-ar-premium-com-tecnologia-antiviral\/\" \/>\n<meta property=\"og:locale\" content=\"pt_PT\" \/>\n<meta property=\"og:type\" content=\"article\" \/>\n<meta property=\"og:title\" content=\"DENSO lan\u00e7a filtro de ar premium com tecnologia antiviral - Jornal das Oficinas\" \/>\n<meta property=\"og:description\" content=\"A DENSO apresentou uma nova gama de filtros de ar do habit\u00e1culo premium, com tecnologia antiviral e antibacteriana\" \/>\n<meta property=\"og:url\" content=\"https:\/\/jornaldasoficinas.com\/pt\/denso-lanca-filtro-de-ar-premium-com-tecnologia-antiviral\/\" \/>\n<meta property=\"og:site_name\" content=\"Jornal das Oficinas\" \/>\n<meta property=\"article:publisher\" content=\"https:\/\/www.facebook.com\/jornaloficinas\" \/>\n<meta property=\"article:published_time\" content=\"2026-01-23T18:00:49+00:00\" \/>\n<meta property=\"article:modified_time\" content=\"2026-01-23T18:06:28+00:00\" \/>\n<meta property=\"og:image\" content=\"https:\/\/jornaldasoficinas.com\/pt\/wp-content\/uploads\/2026\/01\/DENSO-lanca-filtro-de-ar-premium-com-tecnologia-antiviral.jpg\" \/>\n\t<meta property=\"og:image:width\" content=\"1024\" \/>\n\t<meta property=\"og:image:height\" content=\"581\" \/>\n\t<meta property=\"og:image:type\" content=\"image\/jpeg\" \/>\n<meta name=\"author\" content=\"Reda\u00e7\u00e3o JO\" \/>\n<meta name=\"twitter:card\" content=\"summary_large_image\" \/>\n<meta name=\"twitter:creator\" content=\"@jornaloficinas\" \/>\n<meta name=\"twitter:site\" content=\"@jornaloficinas\" \/>\n<meta name=\"twitter:label1\" content=\"Escrito por\" \/>\n\t<meta name=\"twitter:data1\" content=\"Reda\u00e7\u00e3o JO\" \/>\n\t<meta name=\"twitter:label2\" content=\"Tempo estimado de leitura\" \/>\n\t<meta name=\"twitter:data2\" content=\"3 minutos\" \/>\n<script type=\"application\/ld+json\" class=\"yoast-schema-graph\">{\"@context\":\"https:\\\/\\\/schema.org\",\"@graph\":[{\"@type\":\"Article\",\"@id\":\"https:\\\/\\\/jornaldasoficinas.com\\\/pt\\\/denso-lanca-filtro-de-ar-premium-com-tecnologia-antiviral\\\/#article\",\"isPartOf\":{\"@id\":\"https:\\\/\\\/jornaldasoficinas.com\\\/pt\\\/denso-lanca-filtro-de-ar-premium-com-tecnologia-antiviral\\\/\"},\"author\":{\"name\":\"Reda\u00e7\u00e3o JO\",\"@id\":\"https:\\\/\\\/jornaldasoficinas.com\\\/pt\\\/#\\\/schema\\\/person\\\/a38eef5de2c41d9e7c9ac10141afddf3\"},\"headline\":\"DENSO lan\u00e7a filtro de ar premium com tecnologia antiviral\",\"datePublished\":\"2026-01-23T18:00:49+00:00\",\"dateModified\":\"2026-01-23T18:06:28+00:00\",\"mainEntityOfPage\":{\"@id\":\"https:\\\/\\\/jornaldasoficinas.com\\\/pt\\\/denso-lanca-filtro-de-ar-premium-com-tecnologia-antiviral\\\/\"},\"wordCount\":355,\"publisher\":{\"@id\":\"https:\\\/\\\/jornaldasoficinas.com\\\/pt\\\/#organization\"},\"image\":{\"@id\":\"https:\\\/\\\/jornaldasoficinas.com\\\/pt\\\/denso-lanca-filtro-de-ar-premium-com-tecnologia-antiviral\\\/#primaryimage\"},\"thumbnailUrl\":\"https:\\\/\\\/jornaldasoficinas.com\\\/pt\\\/wp-content\\\/uploads\\\/2026\\\/01\\\/DENSO-lanca-filtro-de-ar-premium-com-tecnologia-antiviral.jpg\",\"keywords\":[\"ClearAir+\",\"Denso\",\"equipamento original\",\"filtro premium\",\"lan\u00e7amento\",\"Qualidade do ar\",\"tecnologia antiviral\"],\"articleSection\":[\"Empresas\"],\"inLanguage\":\"pt-PT\"},{\"@type\":\"WebPage\",\"@id\":\"https:\\\/\\\/jornaldasoficinas.com\\\/pt\\\/denso-lanca-filtro-de-ar-premium-com-tecnologia-antiviral\\\/\",\"url\":\"https:\\\/\\\/jornaldasoficinas.com\\\/pt\\\/denso-lanca-filtro-de-ar-premium-com-tecnologia-antiviral\\\/\",\"name\":\"DENSO lan\u00e7a filtro de ar premium com tecnologia antiviral - Jornal das Oficinas\",\"isPartOf\":{\"@id\":\"https:\\\/\\\/jornaldasoficinas.com\\\/pt\\\/#website\"},\"primaryImageOfPage\":{\"@id\":\"https:\\\/\\\/jornaldasoficinas.com\\\/pt\\\/denso-lanca-filtro-de-ar-premium-com-tecnologia-antiviral\\\/#primaryimage\"},\"image\":{\"@id\":\"https:\\\/\\\/jornaldasoficinas.com\\\/pt\\\/denso-lanca-filtro-de-ar-premium-com-tecnologia-antiviral\\\/#primaryimage\"},\"thumbnailUrl\":\"https:\\\/\\\/jornaldasoficinas.com\\\/pt\\\/wp-content\\\/uploads\\\/2026\\\/01\\\/DENSO-lanca-filtro-de-ar-premium-com-tecnologia-antiviral.jpg\",\"datePublished\":\"2026-01-23T18:00:49+00:00\",\"dateModified\":\"2026-01-23T18:06:28+00:00\",\"description\":\"A DENSO apresentou uma nova gama de filtros de ar do habit\u00e1culo premium, com tecnologia antiviral e antibacteriana\",\"breadcrumb\":{\"@id\":\"https:\\\/\\\/jornaldasoficinas.com\\\/pt\\\/denso-lanca-filtro-de-ar-premium-com-tecnologia-antiviral\\\/#breadcrumb\"},\"inLanguage\":\"pt-PT\",\"potentialAction\":[{\"@type\":\"ReadAction\",\"target\":[\"https:\\\/\\\/jornaldasoficinas.com\\\/pt\\\/denso-lanca-filtro-de-ar-premium-com-tecnologia-antiviral\\\/\"]}]},{\"@type\":\"ImageObject\",\"inLanguage\":\"pt-PT\",\"@id\":\"https:\\\/\\\/jornaldasoficinas.com\\\/pt\\\/denso-lanca-filtro-de-ar-premium-com-tecnologia-antiviral\\\/#primaryimage\",\"url\":\"https:\\\/\\\/jornaldasoficinas.com\\\/pt\\\/wp-content\\\/uploads\\\/2026\\\/01\\\/DENSO-lanca-filtro-de-ar-premium-com-tecnologia-antiviral.jpg\",\"contentUrl\":\"https:\\\/\\\/jornaldasoficinas.com\\\/pt\\\/wp-content\\\/uploads\\\/2026\\\/01\\\/DENSO-lanca-filtro-de-ar-premium-com-tecnologia-antiviral.jpg\",\"width\":1024,\"height\":581,\"caption\":\"01 - DENSO lanca filtro de ar premium com tecnologia antiviral\"},{\"@type\":\"BreadcrumbList\",\"@id\":\"https:\\\/\\\/jornaldasoficinas.com\\\/pt\\\/denso-lanca-filtro-de-ar-premium-com-tecnologia-antiviral\\\/#breadcrumb\",\"itemListElement\":[{\"@type\":\"ListItem\",\"position\":1,\"name\":\"In\u00edcio\",\"item\":\"https:\\\/\\\/jornaldasoficinas.com\\\/pt\\\/\"},{\"@type\":\"ListItem\",\"position\":2,\"name\":\"DENSO lan\u00e7a filtro de ar premium com tecnologia antiviral\"}]},{\"@type\":\"WebSite\",\"@id\":\"https:\\\/\\\/jornaldasoficinas.com\\\/pt\\\/#website\",\"url\":\"https:\\\/\\\/jornaldasoficinas.com\\\/pt\\\/\",\"name\":\"Jornal das Oficinas\",\"description\":\"Jornal independente do Aftermarket Autom\u00f3vel em Portugal\",\"publisher\":{\"@id\":\"https:\\\/\\\/jornaldasoficinas.com\\\/pt\\\/#organization\"},\"potentialAction\":[{\"@type\":\"SearchAction\",\"target\":{\"@type\":\"EntryPoint\",\"urlTemplate\":\"https:\\\/\\\/jornaldasoficinas.com\\\/pt\\\/?s={search_term_string}\"},\"query-input\":{\"@type\":\"PropertyValueSpecification\",\"valueRequired\":true,\"valueName\":\"search_term_string\"}}],\"inLanguage\":\"pt-PT\"},{\"@type\":\"Organization\",\"@id\":\"https:\\\/\\\/jornaldasoficinas.com\\\/pt\\\/#organization\",\"name\":\"Jornal das Oficinas\",\"url\":\"https:\\\/\\\/jornaldasoficinas.com\\\/pt\\\/\",\"logo\":{\"@type\":\"ImageObject\",\"inLanguage\":\"pt-PT\",\"@id\":\"https:\\\/\\\/jornaldasoficinas.com\\\/pt\\\/#\\\/schema\\\/logo\\\/image\\\/\",\"url\":\"https:\\\/\\\/jornaldasoficinas.com\\\/pt\\\/wp-content\\\/uploads\\\/logoJO-SEO.png\",\"contentUrl\":\"https:\\\/\\\/jornaldasoficinas.com\\\/pt\\\/wp-content\\\/uploads\\\/logoJO-SEO.png\",\"width\":285,\"height\":450,\"caption\":\"Jornal das Oficinas\"},\"image\":{\"@id\":\"https:\\\/\\\/jornaldasoficinas.com\\\/pt\\\/#\\\/schema\\\/logo\\\/image\\\/\"},\"sameAs\":[\"https:\\\/\\\/www.facebook.com\\\/jornaloficinas\",\"https:\\\/\\\/x.com\\\/jornaloficinas\",\"https:\\\/\\\/www.instagram.com\\\/jornal_oficinas\\\/\",\"https:\\\/\\\/www.linkedin.com\\\/company\\\/jornal-das-oficinas\\\/\",\"https:\\\/\\\/www.youtube.com\\\/channel\\\/UCbQZBqtcvV-oSQrr7RzINGg\"]},{\"@type\":\"Person\",\"@id\":\"https:\\\/\\\/jornaldasoficinas.com\\\/pt\\\/#\\\/schema\\\/person\\\/a38eef5de2c41d9e7c9ac10141afddf3\",\"name\":\"Reda\u00e7\u00e3o JO\",\"image\":{\"@type\":\"ImageObject\",\"inLanguage\":\"pt-PT\",\"@id\":\"https:\\\/\\\/secure.gravatar.com\\\/avatar\\\/71f2fa71737ad68a84fea94bc708ddac8ea5b0c4788dc2ad202f3ccb2887742f?s=96&d=wp_user_avatar&r=g\",\"url\":\"https:\\\/\\\/secure.gravatar.com\\\/avatar\\\/71f2fa71737ad68a84fea94bc708ddac8ea5b0c4788dc2ad202f3ccb2887742f?s=96&d=wp_user_avatar&r=g\",\"contentUrl\":\"https:\\\/\\\/secure.gravatar.com\\\/avatar\\\/71f2fa71737ad68a84fea94bc708ddac8ea5b0c4788dc2ad202f3ccb2887742f?s=96&d=wp_user_avatar&r=g\",\"caption\":\"Reda\u00e7\u00e3o JO\"},\"url\":\"https:\\\/\\\/jornaldasoficinas.com\\\/pt\\\/author\\\/joredacao\\\/\"}]}<\/script>\n<!-- \/ Yoast SEO plugin. -->","yoast_head_json":{"title":"DENSO lan\u00e7a filtro de ar premium com tecnologia antiviral - Jornal das Oficinas","description":"A DENSO apresentou uma nova gama de filtros de ar do habit\u00e1culo premium, com tecnologia antiviral e antibacteriana","robots":{"index":"index","follow":"follow","max-snippet":"max-snippet:-1","max-image-preview":"max-image-preview:large","max-video-preview":"max-video-preview:-1"},"canonical":"https:\/\/jornaldasoficinas.com\/pt\/denso-lanca-filtro-de-ar-premium-com-tecnologia-antiviral\/","og_locale":"pt_PT","og_type":"article","og_title":"DENSO lan\u00e7a filtro de ar premium com tecnologia antiviral - Jornal das Oficinas","og_description":"A DENSO apresentou uma nova gama de filtros de ar do habit\u00e1culo premium, com tecnologia antiviral e antibacteriana","og_url":"https:\/\/jornaldasoficinas.com\/pt\/denso-lanca-filtro-de-ar-premium-com-tecnologia-antiviral\/","og_site_name":"Jornal das Oficinas","article_publisher":"https:\/\/www.facebook.com\/jornaloficinas","article_published_time":"2026-01-23T18:00:49+00:00","article_modified_time":"2026-01-23T18:06:28+00:00","og_image":[{"width":1024,"height":581,"url":"https:\/\/jornaldasoficinas.com\/pt\/wp-content\/uploads\/2026\/01\/DENSO-lanca-filtro-de-ar-premium-com-tecnologia-antiviral.jpg","type":"image\/jpeg"}],"author":"Reda\u00e7\u00e3o JO","twitter_card":"summary_large_image","twitter_creator":"@jornaloficinas","twitter_site":"@jornaloficinas","twitter_misc":{"Escrito por":"Reda\u00e7\u00e3o JO","Tempo estimado de leitura":"3 minutos"},"schema":{"@context":"https:\/\/schema.org","@graph":[{"@type":"Article","@id":"https:\/\/jornaldasoficinas.com\/pt\/denso-lanca-filtro-de-ar-premium-com-tecnologia-antiviral\/#article","isPartOf":{"@id":"https:\/\/jornaldasoficinas.com\/pt\/denso-lanca-filtro-de-ar-premium-com-tecnologia-antiviral\/"},"author":{"name":"Reda\u00e7\u00e3o JO","@id":"https:\/\/jornaldasoficinas.com\/pt\/#\/schema\/person\/a38eef5de2c41d9e7c9ac10141afddf3"},"headline":"DENSO lan\u00e7a filtro de ar premium com tecnologia antiviral","datePublished":"2026-01-23T18:00:49+00:00","dateModified":"2026-01-23T18:06:28+00:00","mainEntityOfPage":{"@id":"https:\/\/jornaldasoficinas.com\/pt\/denso-lanca-filtro-de-ar-premium-com-tecnologia-antiviral\/"},"wordCount":355,"publisher":{"@id":"https:\/\/jornaldasoficinas.com\/pt\/#organization"},"image":{"@id":"https:\/\/jornaldasoficinas.com\/pt\/denso-lanca-filtro-de-ar-premium-com-tecnologia-antiviral\/#primaryimage"},"thumbnailUrl":"https:\/\/jornaldasoficinas.com\/pt\/wp-content\/uploads\/2026\/01\/DENSO-lanca-filtro-de-ar-premium-com-tecnologia-antiviral.jpg","keywords":["ClearAir+","Denso","equipamento original","filtro premium","lan\u00e7amento","Qualidade do ar","tecnologia antiviral"],"articleSection":["Empresas"],"inLanguage":"pt-PT"},{"@type":"WebPage","@id":"https:\/\/jornaldasoficinas.com\/pt\/denso-lanca-filtro-de-ar-premium-com-tecnologia-antiviral\/","url":"https:\/\/jornaldasoficinas.com\/pt\/denso-lanca-filtro-de-ar-premium-com-tecnologia-antiviral\/","name":"DENSO lan\u00e7a filtro de ar premium com tecnologia antiviral - Jornal das Oficinas","isPartOf":{"@id":"https:\/\/jornaldasoficinas.com\/pt\/#website"},"primaryImageOfPage":{"@id":"https:\/\/jornaldasoficinas.com\/pt\/denso-lanca-filtro-de-ar-premium-com-tecnologia-antiviral\/#primaryimage"},"image":{"@id":"https:\/\/jornaldasoficinas.com\/pt\/denso-lanca-filtro-de-ar-premium-com-tecnologia-antiviral\/#primaryimage"},"thumbnailUrl":"https:\/\/jornaldasoficinas.com\/pt\/wp-content\/uploads\/2026\/01\/DENSO-lanca-filtro-de-ar-premium-com-tecnologia-antiviral.jpg","datePublished":"2026-01-23T18:00:49+00:00","dateModified":"2026-01-23T18:06:28+00:00","description":"A DENSO apresentou uma nova gama de filtros de ar do habit\u00e1culo premium, com tecnologia antiviral e antibacteriana","breadcrumb":{"@id":"https:\/\/jornaldasoficinas.com\/pt\/denso-lanca-filtro-de-ar-premium-com-tecnologia-antiviral\/#breadcrumb"},"inLanguage":"pt-PT","potentialAction":[{"@type":"ReadAction","target":["https:\/\/jornaldasoficinas.com\/pt\/denso-lanca-filtro-de-ar-premium-com-tecnologia-antiviral\/"]}]},{"@type":"ImageObject","inLanguage":"pt-PT","@id":"https:\/\/jornaldasoficinas.com\/pt\/denso-lanca-filtro-de-ar-premium-com-tecnologia-antiviral\/#primaryimage","url":"https:\/\/jornaldasoficinas.com\/pt\/wp-content\/uploads\/2026\/01\/DENSO-lanca-filtro-de-ar-premium-com-tecnologia-antiviral.jpg","contentUrl":"https:\/\/jornaldasoficinas.com\/pt\/wp-content\/uploads\/2026\/01\/DENSO-lanca-filtro-de-ar-premium-com-tecnologia-antiviral.jpg","width":1024,"height":581,"caption":"01 - DENSO lanca filtro de ar premium com tecnologia antiviral"},{"@type":"BreadcrumbList","@id":"https:\/\/jornaldasoficinas.com\/pt\/denso-lanca-filtro-de-ar-premium-com-tecnologia-antiviral\/#breadcrumb","itemListElement":[{"@type":"ListItem","position":1,"name":"In\u00edcio","item":"https:\/\/jornaldasoficinas.com\/pt\/"},{"@type":"ListItem","position":2,"name":"DENSO lan\u00e7a filtro de ar premium com tecnologia antiviral"}]},{"@type":"WebSite","@id":"https:\/\/jornaldasoficinas.com\/pt\/#website","url":"https:\/\/jornaldasoficinas.com\/pt\/","name":"Jornal das Oficinas","description":"Jornal independente do Aftermarket Autom\u00f3vel em Portugal","publisher":{"@id":"https:\/\/jornaldasoficinas.com\/pt\/#organization"},"potentialAction":[{"@type":"SearchAction","target":{"@type":"EntryPoint","urlTemplate":"https:\/\/jornaldasoficinas.com\/pt\/?s={search_term_string}"},"query-input":{"@type":"PropertyValueSpecification","valueRequired":true,"valueName":"search_term_string"}}],"inLanguage":"pt-PT"},{"@type":"Organization","@id":"https:\/\/jornaldasoficinas.com\/pt\/#organization","name":"Jornal das Oficinas","url":"https:\/\/jornaldasoficinas.com\/pt\/","logo":{"@type":"ImageObject","inLanguage":"pt-PT","@id":"https:\/\/jornaldasoficinas.com\/pt\/#\/schema\/logo\/image\/","url":"https:\/\/jornaldasoficinas.com\/pt\/wp-content\/uploads\/logoJO-SEO.png","contentUrl":"https:\/\/jornaldasoficinas.com\/pt\/wp-content\/uploads\/logoJO-SEO.png","width":285,"height":450,"caption":"Jornal das Oficinas"},"image":{"@id":"https:\/\/jornaldasoficinas.com\/pt\/#\/schema\/logo\/image\/"},"sameAs":["https:\/\/www.facebook.com\/jornaloficinas","https:\/\/x.com\/jornaloficinas","https:\/\/www.instagram.com\/jornal_oficinas\/","https:\/\/www.linkedin.com\/company\/jornal-das-oficinas\/","https:\/\/www.youtube.com\/channel\/UCbQZBqtcvV-oSQrr7RzINGg"]},{"@type":"Person","@id":"https:\/\/jornaldasoficinas.com\/pt\/#\/schema\/person\/a38eef5de2c41d9e7c9ac10141afddf3","name":"Reda\u00e7\u00e3o JO","image":{"@type":"ImageObject","inLanguage":"pt-PT","@id":"https:\/\/secure.gravatar.com\/avatar\/71f2fa71737ad68a84fea94bc708ddac8ea5b0c4788dc2ad202f3ccb2887742f?s=96&d=wp_user_avatar&r=g","url":"https:\/\/secure.gravatar.com\/avatar\/71f2fa71737ad68a84fea94bc708ddac8ea5b0c4788dc2ad202f3ccb2887742f?s=96&d=wp_user_avatar&r=g","contentUrl":"https:\/\/secure.gravatar.com\/avatar\/71f2fa71737ad68a84fea94bc708ddac8ea5b0c4788dc2ad202f3ccb2887742f?s=96&d=wp_user_avatar&r=g","caption":"Reda\u00e7\u00e3o JO"},"url":"https:\/\/jornaldasoficinas.com\/pt\/author\/joredacao\/"}]}},"_links":{"self":[{"href":"https:\/\/jornaldasoficinas.com\/pt\/wp-json\/wp\/v2\/posts\/112100","targetHints":{"allow":["GET"]}}],"collection":[{"href":"https:\/\/jornaldasoficinas.com\/pt\/wp-json\/wp\/v2\/posts"}],"about":[{"href":"https:\/\/jornaldasoficinas.com\/pt\/wp-json\/wp\/v2\/types\/post"}],"author":[{"embeddable":true,"href":"https:\/\/jornaldasoficinas.com\/pt\/wp-json\/wp\/v2\/users\/15"}],"replies":[{"embeddable":true,"href":"https:\/\/jornaldasoficinas.com\/pt\/wp-json\/wp\/v2\/comments?post=112100"}],"version-history":[{"count":4,"href":"https:\/\/jornaldasoficinas.com\/pt\/wp-json\/wp\/v2\/posts\/112100\/revisions"}],"predecessor-version":[{"id":112111,"href":"https:\/\/jornaldasoficinas.com\/pt\/wp-json\/wp\/v2\/posts\/112100\/revisions\/112111"}],"wp:featuredmedia":[{"embeddable":true,"href":"https:\/\/jornaldasoficinas.com\/pt\/wp-json\/wp\/v2\/media\/112108"}],"wp:attachment":[{"href":"https:\/\/jornaldasoficinas.com\/pt\/wp-json\/wp\/v2\/media?parent=112100"}],"wp:term":[{"taxonomy":"category","embeddable":true,"href":"https:\/\/jornaldasoficinas.com\/pt\/wp-json\/wp\/v2\/categories?post=112100"},{"taxonomy":"post_tag","embeddable":true,"href":"https:\/\/jornaldasoficinas.com\/pt\/wp-json\/wp\/v2\/tags?post=112100"}],"curies":[{"name":"wp","href":"https:\/\/api.w.org\/{rel}","templated":true}]}}