{"id":112171,"date":"2026-01-26T14:00:06","date_gmt":"2026-01-26T14:00:06","guid":{"rendered":"https:\/\/jornaldasoficinas.com\/pt\/?p=112171"},"modified":"2026-01-23T18:05:05","modified_gmt":"2026-01-23T18:05:05","slug":"isto-nao-e-um-curso-e-uma-experiencia-de-transformacao-ucp-de-lisboa","status":"publish","type":"post","link":"https:\/\/jornaldasoficinas.com\/pt\/isto-nao-e-um-curso-e-uma-experiencia-de-transformacao-ucp-de-lisboa\/","title":{"rendered":"\u201cIsto n\u00e3o \u00e9 um curso &#8211; \u00e9 uma experi\u00eancia de transforma\u00e7\u00e3o!\u201d, UCP"},"content":{"rendered":"<p><strong><img loading=\"lazy\" decoding=\"async\" class=\"alignnone size-full wp-image-112180\" src=\"https:\/\/jornaldasoficinas.com\/pt\/wp-content\/uploads\/2026\/01\/Isto-nao-e-um-curso-e-uma-experiencia-de-transformacao-UCP.jpg\" alt=\"01 - Isto nao e um curso e uma experiencia de transformacao UCP\" width=\"1024\" height=\"581\" srcset=\"https:\/\/jornaldasoficinas.com\/pt\/wp-content\/uploads\/2026\/01\/Isto-nao-e-um-curso-e-uma-experiencia-de-transformacao-UCP.jpg 1024w, https:\/\/jornaldasoficinas.com\/pt\/wp-content\/uploads\/2026\/01\/Isto-nao-e-um-curso-e-uma-experiencia-de-transformacao-UCP-300x170.jpg 300w, https:\/\/jornaldasoficinas.com\/pt\/wp-content\/uploads\/2026\/01\/Isto-nao-e-um-curso-e-uma-experiencia-de-transformacao-UCP-150x85.jpg 150w, https:\/\/jornaldasoficinas.com\/pt\/wp-content\/uploads\/2026\/01\/Isto-nao-e-um-curso-e-uma-experiencia-de-transformacao-UCP-768x436.jpg 768w\" sizes=\"auto, (max-width: 1024px) 100vw, 1024px\" \/><\/strong><\/p>\n<p><strong>Jorge Cancella de Abreu est\u00e1 a coordenar para a <a href=\"https:\/\/www.ucp.pt\/\" target=\"_blank\" rel=\"noopener\">Universidade Cat\u00f3lica de Lisboa<\/a>, com o apoio da <a href=\"https:\/\/www.acap.pt\/\" target=\"_blank\" rel=\"noopener\">ACAP<\/a> e da <a href=\"https:\/\/www.salesforce.com\/\" target=\"_blank\" rel=\"noopener\">Salesforce<\/a>, o programa &#8220;Lideran\u00e7a e Transforma\u00e7\u00e3o do Setor Autom\u00f3vel&#8221;. Em entrevista ao JO destaca a import\u00e2ncia deste programa numa altura em que o setor atravessa uma das fases mais exigentes e transformadoras da sua hist\u00f3ria<\/strong><\/p>\n<p>Com um n\u00famero m\u00e1ximo de 30 participantes, o curso dirige-se a diretores comerciais e de p\u00f3s-venda, gestores de opera\u00e7\u00f5es, service managers, chefes de vendas, empres\u00e1rios do setor da mobilidade e consultores especializados em automotive business.<\/p>\n<p>O car\u00e1ter transformacional do programa assenta numa abordagem integrada que combina lideran\u00e7a adaptativa aplicada ao setor autom\u00f3vel, gest\u00e3o de equipas multigeracionais, desenvolvimento de equipas de alto desempenho, coaching e comunica\u00e7\u00e3o eficaz.<\/p>\n<p>Com uma metodologia assumidamente pr\u00e1tica \u2014 75% aplicada e 100% orientada \u00e0 realidade do participante \u2014 o curso recorre a workshops, simula\u00e7\u00f5es, role-plays, projetos reais e ferramentas de IA de uso imediato.<\/p>\n<p><strong>H\u00e1 quem diga que o setor autom\u00f3vel tradicional est\u00e1 &#8220;em crise existencial&#8221;. Concorda com este diagn\u00f3stico? E como \u00e9 que um programa de lideran\u00e7a pode ser parte da solu\u00e7\u00e3o?<\/strong><\/p>\n<p>Prefiro chamar-lhe &#8220;reinven\u00e7\u00e3o for\u00e7ada&#8221; do que crise. O modelo de neg\u00f3cio que funcionou durante d\u00e9cadas est\u00e1 a ser desafiado em todas as frentes: eletrifica\u00e7\u00e3o obriga a novas compet\u00eancias t\u00e9cnicas, digitaliza\u00e7\u00e3o muda completamente a rela\u00e7\u00e3o com o cliente, e as margens est\u00e3o cada vez mais apertadas. Mas aqui est\u00e1 o ponto: tecnologia sozinha n\u00e3o resolve nada. Vi empresas investirem milh\u00f5es em CRM, plataformas digitais, ferramentas de IA&#8230; e falharem redondamente. Porqu\u00ea? Porque a tecnologia sem lideran\u00e7a preparada \u00e9 dinheiro deitado fora. A verdadeira transforma\u00e7\u00e3o come\u00e7a nas pessoas que lideram. Um diretor comercial que n\u00e3o sabe interpretar dados em tempo real n\u00e3o consegue usar um dashboard. Um gestor que n\u00e3o domina motiva\u00e7\u00e3o multigeracional n\u00e3o consegue reter talento digital. Este programa existe porque percebemos que o elo mais fraco da transforma\u00e7\u00e3o n\u00e3o \u00e9 a tecnologia &#8211; s\u00e3o os l\u00edderes que n\u00e3o est\u00e3o equipados para a liderar.<\/p>\n<p><strong>Quais s\u00e3o os tr\u00eas erros mais comuns que v\u00ea os l\u00edderes do setor autom\u00f3vel a cometer neste momento de transforma\u00e7\u00e3o?<\/strong><\/p>\n<p>Erro n\u00famero um: tentar transformar tudo ao mesmo tempo. Vejo gestores paralisados porque querem mudar vendas, p\u00f3s-venda, digital, processos&#8230; tudo de uma vez. E acabam por n\u00e3o transformar nada. A chave est\u00e1 em identificar as alavancas cr\u00edticas e atac\u00e1-las sequencialmente com foco total.<br \/>\nErro n\u00famero dois: delegar a transforma\u00e7\u00e3o digital para &#8216;os mais novos&#8217; ou para IT. A transforma\u00e7\u00e3o n\u00e3o \u00e9 um projeto t\u00e9cnico &#8211; \u00e9 um projeto de neg\u00f3cio que precisa de estar no topo da agenda do l\u00edder. N\u00e3o podes liderar o que n\u00e3o entendes.<\/p>\n<p>E o terceiro erro, talvez o mais grave: achar que as velhas receitas de lideran\u00e7a ainda funcionam. Gerir pelo controlo, por micro-management, por hierarquia r\u00edgida&#8230; isso mata a agilidade e a inova\u00e7\u00e3o que s\u00e3o essenciais hoje. Os l\u00edderes precisam de evoluir da autoridade posicional para a influ\u00eancia real.<\/p>\n<p><strong>O programa foca-se especificamente no setor autom\u00f3vel. Porque \u00e9 que essa especializa\u00e7\u00e3o \u00e9 importante? Um bom l\u00edder n\u00e3o \u00e9 bom l\u00edder em qualquer setor?<\/strong><\/p>\n<p>\u00c9 uma \u00f3tima provoca\u00e7\u00e3o! Sim, h\u00e1 princ\u00edpios universais de lideran\u00e7a. Mas vou dar um exemplo concreto: gerir uma equipa de vendas num concession\u00e1rio n\u00e3o \u00e9 o mesmo que gerir vendas numa empresa tecnol\u00f3gica. No autom\u00f3vel, tens produtos de alto valor, ciclos de decis\u00e3o longos, clientes emocionalmente envolvidos, necessidade de integrar test-drives com experi\u00eancia digital, gest\u00e3o de stock f\u00edsico com todas as suas complexidades, e ainda a press\u00e3o para atingir objetivos mensais ambiciosos de vendas e de rentabilidade. Isto sem falar da especificidade t\u00e9cnica dos novos modelos e da rela\u00e7\u00e3o de longo prazo p\u00f3s-venda. Um programa gen\u00e9rico n\u00e3o toca nestes pontos. N\u00f3s trabalhamos com casos reais do setor: como gerir a transi\u00e7\u00e3o de vendedores de combust\u00e3o para el\u00e9tricos, como otimizar rentabilidade quando as margens por viatura est\u00e3o a encolher, como integrar leads digitais num processo de venda presencial. Passar da venda de um produto para a venda de um servi\u00e7o, que exige um grau de confian\u00e7a muito mais elevado. \u00c9 esta especificidade que faz participantes sa\u00edrem daqui e implementarem na segunda-feira &#8211; porque reconhecem os desafios e as solu\u00e7\u00f5es s\u00e3o diretamente aplic\u00e1veis.<\/p>\n<p><strong>Se tivesse de escolher UMA compet\u00eancia essencial que todo l\u00edder do setor autom\u00f3vel precisa dominar nos pr\u00f3ximos 3 anos, qual seria?<\/strong><\/p>\n<p>Sem d\u00favida: lideran\u00e7a orientada por dados. E aten\u00e7\u00e3o, n\u00e3o estou a falar de ser um analista de dados ou um expert em Excel. Estou a falar de tomar decis\u00f5es baseadas em evid\u00eancia em vez de intui\u00e7\u00e3o ou &#8216;sempre fizemos assim&#8217;. Vou dar um exemplo brutal: quantos gestores comerciais conseguem responder em 30 segundos &#8220;qual \u00e9 a minha taxa de convers\u00e3o por canal, por vendedor, por tipo de cliente, ou mesmo por modelo de viatura?&#8221; ou &#8220;qual \u00e9 o meu custo de aquisi\u00e7\u00e3o de cliente digital vs presencial?&#8221;. Poucos. E sem esta clareza, est\u00e3o a navegar \u00e0s cegas. A boa not\u00edcia \u00e9 que as ferramentas existem e s\u00e3o acess\u00edveis. A m\u00e1 not\u00edcia \u00e9 que poucos l\u00edderes sabem us\u00e1-las estrategicamente. No programa, desmontamos completamente esta barreira. Ensinamos n\u00e3o s\u00f3 a transformar os dados em informa\u00e7\u00e3o e a aplicar estas informa\u00e7\u00f5es transformando-as em conhecimento, que ser\u00e1 aplicado em decis\u00f5es que movem o neg\u00f3cio de forma a obter melhores resultados. Porque no final do dia, quem consegue transformar os dados em conhecimento aplic\u00e1vel chega primeiro e domina o mercado.<\/p>\n<p><strong>Fala-se muito de &#8220;customer centricity&#8221; e experi\u00eancia do cliente. Mas na pr\u00e1tica, como \u00e9 que um gestor de stand ou de p\u00f3s-venda coloca realmente o cliente no centro quando tem objetivos de fatura\u00e7\u00e3o agressivos para cumprir?<\/strong><\/p>\n<p>Essa tens\u00e3o \u00e9 real e \u00e9 uma das discuss\u00f5es mais ricas que temos no programa. Porque n\u00e3o \u00e9 uma quest\u00e3o de escolher cliente OU resultados &#8211; \u00e9 perceber que um alimenta o outro, mas num horizonte temporal diferente. Objetivo mensal? Podes empurrar uma venda, fazer press\u00e3o, fechar a qualquer custo. Vais cumprir o objetivo do m\u00eas. Mas o que acontece? O cliente n\u00e3o volta, n\u00e3o recomenda, deixa uma review negativa, e ainda cancela o contrato de manuten\u00e7\u00e3o. Perdeste para sempre. Agora imagina o contr\u00e1rio: criar uma experi\u00eancia que fa\u00e7a o cliente sentir-se genuinamente bem tratado. Pode demorar mais 2-3 dias a fechar a venda. Mas esse cliente vai voltar para a pr\u00f3xima viatura, vai trazer a fam\u00edlia, vai recomendar-te, e vai fazer todas as manuten\u00e7\u00f5es contigo. O lifetime value dispara. O que ensinamos \u00e9 como equilibrar: ter processos de venda eficientes que n\u00e3o sacrificam a experi\u00eancia, usar tecnologia para personalizar em escala, e criar m\u00e9tricas que valorizam reten\u00e7\u00e3o tanto quanto aquisi\u00e7\u00e3o. Quando fazes isto bem, os objetivos deixam de ser um problema &#8211; porque tens um pipeline constante de clientes felizes que v\u00eam e recomendam outros.<\/p>\n<p><strong>A IA generativa est\u00e1 a chegar ao setor. Como \u00e9 que isto vai mudar concretamente o dia-a-dia de um diretor comercial ou de um gestor de servi\u00e7o?<\/strong><\/p>\n<p>Vai mudar radicalmente, e mais r\u00e1pido do que as pessoas pensam. Vou dar exemplos muito concretos que j\u00e1 estamos a trabalhar no programa. Para um diretor comercial: imagina ter um assistente que analisa todas as intera\u00e7\u00f5es dos teus vendedores e sugere automaticamente quando fazer follow-up, que tipo de mensagem enviar, que argumento usar com base no perfil do cliente. Ou que gera propostas comerciais personalizadas em 30 segundos. Isto existe hoje. Para um gestor de servi\u00e7o: IA que prev\u00ea quando um cliente vai precisar de manuten\u00e7\u00e3o antes dele pr\u00f3prio saber, que identifica padr\u00f5es de falhas antes de se tornarem problemas graves, que otimiza a agenda da oficina. Isto n\u00e3o \u00e9 futuro &#8211; \u00e9 presente. Mas &#8211; e aqui est\u00e1 o grande mas &#8211; estas ferramentas s\u00f3 funcionam se o l\u00edder souber o que pedir, como interpretar e como implementar. Por isso dedicamos um m\u00f3dulo inteiro a capacitar os participantes n\u00e3o para serem t\u00e9cnicos de IA, mas para serem l\u00edderes que usam IA como vantagem competitiva.<\/p>\n<p><strong>&#8220;Hands-on&#8221; e &#8220;pr\u00e1tico&#8221; s\u00e3o palavras que todos os programas de forma\u00e7\u00e3o usam. O que \u00e9 que torna este realmente diferente?<\/strong><\/p>\n<p>Justo! Toda a gente diz que \u00e9 pr\u00e1tico. Deixa-me ser muito espec\u00edfico sobre o que fazemos diferente<\/p>\n<p>Primeiro: zero PowerPoints de 100 slides. Os conceitos s\u00e3o apresentados em formato executivo &#8211; 20-30 minutos m\u00e1ximo por t\u00f3pico. Depois, ferramentas na m\u00e3o. Por exemplo, no m\u00f3dulo de KPIs, cada participante traz o laptop e constru\u00edmos dashboards em tempo real com os dados deles. N\u00e3o \u00e9 &#8220;olhem para este exemplo bonito que eu fiz&#8221; &#8211; \u00e9 &#8220;fa\u00e7am voc\u00eas agora com os vossos dados&#8221;.<\/p>\n<p>Segundo: metodologia de workshop, n\u00e3o de aula. Os professores n\u00e3o s\u00e3o s\u00e1bios no palco a debitar conhecimento. S\u00e3o facilitadores que colocam desafios reais e guiam o grupo na resolu\u00e7\u00e3o.<\/p>\n<p>Terceiro: implementa\u00e7\u00e3o entre sess\u00f5es. N\u00e3o h\u00e1 &#8220;vamos fazer depois do curso&#8221;. \u00c9 &#8220;t\u00eam at\u00e9 \u00e0 pr\u00f3xima sess\u00e3o, e v\u00e3o implementar X, Y, Z nas vossas empresas&#8221;. Na sess\u00e3o seguinte, partilhamos resultados, desafios, ajustamos. \u00c9 um ciclo cont\u00ednuo de aprender-fazer-refletir-melhorar.<\/p>\n<p>E quarto: os participantes t\u00eam acesso a mim entre sess\u00f5es. D\u00favidas, bloqueios, desafios? Estou dispon\u00edvel. Isto n\u00e3o \u00e9 um curso &#8211; \u00e9 uma jornada de transforma\u00e7\u00e3o acompanhada.<\/p>\n<p><strong>Oito m\u00f3dulos de 8 horas cada \u00e9 um compromisso significativo para executivos com agendas sobrecarregadas. Como justifica este investimento de tempo?<\/strong><\/p>\n<p>Percebo perfeitamente a resist\u00eancia. &#8220;N\u00e3o tenho tempo&#8221; \u00e9 a obje\u00e7\u00e3o n\u00famero um. E vou dizer-te algo: \u00e9 exatamente por n\u00e3o teres tempo que precisam deste programa. Porque continuam sem tempo, presos em ciclos de inefici\u00eancia, a apagar fogos, a microgerir, porque n\u00e3o usam sistemas, para trabalhar &#8220;no&#8221; neg\u00f3cio em vez de &#8220;sobre&#8221; o neg\u00f3cio. O objetivo deste programa n\u00e3o \u00e9 ocupar mais 60 e tal horas. \u00c9 libertar centenas de horas ao longo do pr\u00f3ximo ano. Como? Implementando sistemas de performance que te d\u00e3o visibilidade instant\u00e2nea em vez de perder horas a compilar relat\u00f3rios. Desenvolvendo equipas mais aut\u00f3nomas que n\u00e3o precisam do l\u00edder para cada decis\u00e3o. Automatizando processos que hoje consomem tempo absurdo. Tomando decis\u00f5es mais r\u00e1pidas e acertadas porque t\u00eam melhores informa\u00e7\u00f5es. E depois h\u00e1 isto: quanto tempo passas por semana a resolver problemas que podiam ter sido evitados se tivesses as ferramentas certas? Esse \u00e9 o verdadeiro custo de n\u00e3o fazer o programa.<\/p>\n<p><strong>E para quem est\u00e1 c\u00e9tico &#8211; &#8216;j\u00e1 fiz programas de forma\u00e7\u00e3o antes e foi tempo perdido&#8217; &#8211; o que diria?<\/strong><\/p>\n<p>Entendo completamente o ceticismo. Ali\u00e1s, vejo isso no primeiro dia de cada edi\u00e7\u00e3o &#8211; h\u00e1 sempre 2-3 participantes com aquela postura de &#8220;vamos l\u00e1 ver se isto presta&#8221;. E sabes o que os converte? Tr\u00eas coisas. Primeiro: ver que n\u00e3o \u00e9 mais do mesmo. Quando percebem que n\u00e3o v\u00e3o passar dois dias a ouvir teoria em PowerPoint e que v\u00e3o estar com as m\u00e3os na massa desde a primeira hora, a resist\u00eancia baixa. Segundo: a qualidade dos pares. Quando est\u00e1s numa sala com 15-20 l\u00edderes do setor, todos com desafios similares, todos comprometidos, o n\u00edvel de discuss\u00e3o \u00e9 outro. N\u00e3o h\u00e1 espa\u00e7o para superficialidade. E terceiro: resultados r\u00e1pidos. Quando na segunda ou terceira semana j\u00e1 t\u00eam algo implementado nas suas empresas e j\u00e1 est\u00e3o a ver impacto, o ceticismo desaparece e transforma-se em entusiasmo. O meu desafio aos c\u00e9ticos \u00e9 simples: vem ao primeiro m\u00f3dulo com mente aberta. Se no final das 8 horas sentires que foi mais do mesmo, que n\u00e3o aprendeste nada aplic\u00e1vel, digo-te eu pr\u00f3prio para n\u00e3o voltares. Mas aposto contigo que n\u00e3o vai acontecer. Porque isto n\u00e3o \u00e9 um curso &#8211; \u00e9 uma experi\u00eancia de transforma\u00e7\u00e3o que s\u00f3 funciona se estiveres disposto a ser desafiado.<\/p>\n<p><strong>Olhando para 2030, como imagina que ser\u00e1 o perfil do l\u00edder de sucesso no setor autom\u00f3vel?<\/strong><\/p>\n<p>O l\u00edder de 2030 no setor autom\u00f3vel vai ser radicalmente diferente do l\u00edder de 2020. Vai ser algu\u00e9m confort\u00e1vel com ambiguidade e mudan\u00e7a constante &#8211; porque o ritmo de disrup\u00e7\u00e3o n\u00e3o vai abrandar. Vai ser fluente em tecnologia sem ser t\u00e9cnico &#8211; sabe usar IA, dados, automa\u00e7\u00e3o como ferramentas estrat\u00e9gicas. Vai liderar de forma mais horizontal e colaborativa &#8211; porque o talento digital exige autonomia, n\u00e3o comando-controlo. Vai ser obcecado com a experi\u00eancia do cliente de ponta a ponta, n\u00e3o apenas com vender carros. E vai ter uma mentalidade de aprendizagem cont\u00ednua &#8211; porque as compet\u00eancias de hoje ficam obsoletas em 3-4 anos. Mas aqui est\u00e1 o interessante: este perfil n\u00e3o se constr\u00f3i sozinho ou por osmose. Precisa de ser desenvolvido intencionalmente. E quanto mais cedo come\u00e7arem, maior a vantagem. Os l\u00edderes que esperarem at\u00e9 2030 para se adaptar v\u00e3o estar demasiado atr\u00e1s. Os que come\u00e7am agora v\u00e3o estar a definir as regras do jogo.<\/p>\n","protected":false},"excerpt":{"rendered":"<p>Jorge Cancella de Abreu est\u00e1 a&#8230;<\/p>\n","protected":false},"author":15,"featured_media":112180,"comment_status":"closed","ping_status":"closed","sticky":false,"template":"","format":"standard","meta":{"footnotes":""},"categories":[38],"tags":[157,14282,14442,2965,1497,14283],"class_list":["post-112171","post","type-post","status-publish","format-standard","has-post-thumbnail","hentry","category-entrevistas","tag-acap","tag-jorge-cancella-de-abreu","tag-lideranca-e-transformacao","tag-salesforce","tag-setor-automovel","tag-universidade-catolica-de-lisboa"],"yoast_head":"<!-- This site is optimized with the Yoast SEO plugin v27.5 - https:\/\/yoast.com\/product\/yoast-seo-wordpress\/ -->\n<title>\u201cIsto n\u00e3o \u00e9 um curso - \u00e9 uma experi\u00eancia de transforma\u00e7\u00e3o!\u201d, UCP - Jornal das Oficinas<\/title>\n<meta name=\"description\" content=\"Jorge Cancella de Abreu est\u00e1 a coordenar para a UCP de Lisboa o programa &quot;Lideran\u00e7a e Transforma\u00e7\u00e3o do Setor Autom\u00f3vel&quot;\" \/>\n<meta name=\"robots\" content=\"index, follow, max-snippet:-1, max-image-preview:large, max-video-preview:-1\" \/>\n<link rel=\"canonical\" href=\"https:\/\/jornaldasoficinas.com\/pt\/isto-nao-e-um-curso-e-uma-experiencia-de-transformacao-ucp-de-lisboa\/\" \/>\n<meta property=\"og:locale\" content=\"pt_PT\" \/>\n<meta property=\"og:type\" content=\"article\" \/>\n<meta property=\"og:title\" content=\"\u201cIsto n\u00e3o \u00e9 um curso - \u00e9 uma experi\u00eancia de transforma\u00e7\u00e3o!\u201d, UCP - Jornal das Oficinas\" \/>\n<meta property=\"og:description\" content=\"Jorge Cancella de Abreu est\u00e1 a coordenar para a UCP de Lisboa o programa &quot;Lideran\u00e7a e Transforma\u00e7\u00e3o do Setor Autom\u00f3vel&quot;\" \/>\n<meta property=\"og:url\" content=\"https:\/\/jornaldasoficinas.com\/pt\/isto-nao-e-um-curso-e-uma-experiencia-de-transformacao-ucp-de-lisboa\/\" \/>\n<meta property=\"og:site_name\" content=\"Jornal das Oficinas\" \/>\n<meta property=\"article:publisher\" content=\"https:\/\/www.facebook.com\/jornaloficinas\" \/>\n<meta property=\"article:published_time\" content=\"2026-01-26T14:00:06+00:00\" \/>\n<meta property=\"og:image\" content=\"https:\/\/jornaldasoficinas.com\/pt\/wp-content\/uploads\/2026\/01\/Isto-nao-e-um-curso-e-uma-experiencia-de-transformacao-UCP.jpg\" \/>\n\t<meta property=\"og:image:width\" content=\"1024\" \/>\n\t<meta property=\"og:image:height\" content=\"581\" \/>\n\t<meta property=\"og:image:type\" content=\"image\/jpeg\" \/>\n<meta name=\"author\" content=\"Reda\u00e7\u00e3o JO\" \/>\n<meta name=\"twitter:card\" content=\"summary_large_image\" \/>\n<meta name=\"twitter:creator\" content=\"@jornaloficinas\" \/>\n<meta name=\"twitter:site\" content=\"@jornaloficinas\" \/>\n<meta name=\"twitter:label1\" content=\"Escrito por\" \/>\n\t<meta name=\"twitter:data1\" content=\"Reda\u00e7\u00e3o JO\" \/>\n\t<meta name=\"twitter:label2\" content=\"Tempo estimado de leitura\" \/>\n\t<meta name=\"twitter:data2\" content=\"12 minutos\" \/>\n<script type=\"application\/ld+json\" class=\"yoast-schema-graph\">{\"@context\":\"https:\\\/\\\/schema.org\",\"@graph\":[{\"@type\":\"Article\",\"@id\":\"https:\\\/\\\/jornaldasoficinas.com\\\/pt\\\/isto-nao-e-um-curso-e-uma-experiencia-de-transformacao-ucp-de-lisboa\\\/#article\",\"isPartOf\":{\"@id\":\"https:\\\/\\\/jornaldasoficinas.com\\\/pt\\\/isto-nao-e-um-curso-e-uma-experiencia-de-transformacao-ucp-de-lisboa\\\/\"},\"author\":{\"name\":\"Reda\u00e7\u00e3o JO\",\"@id\":\"https:\\\/\\\/jornaldasoficinas.com\\\/pt\\\/#\\\/schema\\\/person\\\/a38eef5de2c41d9e7c9ac10141afddf3\"},\"headline\":\"\u201cIsto n\u00e3o \u00e9 um curso &#8211; \u00e9 uma experi\u00eancia de transforma\u00e7\u00e3o!\u201d, UCP\",\"datePublished\":\"2026-01-26T14:00:06+00:00\",\"mainEntityOfPage\":{\"@id\":\"https:\\\/\\\/jornaldasoficinas.com\\\/pt\\\/isto-nao-e-um-curso-e-uma-experiencia-de-transformacao-ucp-de-lisboa\\\/\"},\"wordCount\":2293,\"publisher\":{\"@id\":\"https:\\\/\\\/jornaldasoficinas.com\\\/pt\\\/#organization\"},\"image\":{\"@id\":\"https:\\\/\\\/jornaldasoficinas.com\\\/pt\\\/isto-nao-e-um-curso-e-uma-experiencia-de-transformacao-ucp-de-lisboa\\\/#primaryimage\"},\"thumbnailUrl\":\"https:\\\/\\\/jornaldasoficinas.com\\\/pt\\\/wp-content\\\/uploads\\\/2026\\\/01\\\/Isto-nao-e-um-curso-e-uma-experiencia-de-transformacao-UCP.jpg\",\"keywords\":[\"ACAP\",\"Jorge Cancella de Abreu\",\"Lideran\u00e7a e Transforma\u00e7\u00e3o\",\"Salesforce\",\"Setor Autom\u00f3vel\",\"Universidade Cat\u00f3lica de Lisboa\"],\"articleSection\":[\"Entrevistas\"],\"inLanguage\":\"pt-PT\"},{\"@type\":\"WebPage\",\"@id\":\"https:\\\/\\\/jornaldasoficinas.com\\\/pt\\\/isto-nao-e-um-curso-e-uma-experiencia-de-transformacao-ucp-de-lisboa\\\/\",\"url\":\"https:\\\/\\\/jornaldasoficinas.com\\\/pt\\\/isto-nao-e-um-curso-e-uma-experiencia-de-transformacao-ucp-de-lisboa\\\/\",\"name\":\"\u201cIsto n\u00e3o \u00e9 um curso - \u00e9 uma experi\u00eancia de transforma\u00e7\u00e3o!\u201d, UCP - Jornal das Oficinas\",\"isPartOf\":{\"@id\":\"https:\\\/\\\/jornaldasoficinas.com\\\/pt\\\/#website\"},\"primaryImageOfPage\":{\"@id\":\"https:\\\/\\\/jornaldasoficinas.com\\\/pt\\\/isto-nao-e-um-curso-e-uma-experiencia-de-transformacao-ucp-de-lisboa\\\/#primaryimage\"},\"image\":{\"@id\":\"https:\\\/\\\/jornaldasoficinas.com\\\/pt\\\/isto-nao-e-um-curso-e-uma-experiencia-de-transformacao-ucp-de-lisboa\\\/#primaryimage\"},\"thumbnailUrl\":\"https:\\\/\\\/jornaldasoficinas.com\\\/pt\\\/wp-content\\\/uploads\\\/2026\\\/01\\\/Isto-nao-e-um-curso-e-uma-experiencia-de-transformacao-UCP.jpg\",\"datePublished\":\"2026-01-26T14:00:06+00:00\",\"description\":\"Jorge Cancella de Abreu est\u00e1 a coordenar para a UCP de Lisboa o programa \\\"Lideran\u00e7a e Transforma\u00e7\u00e3o do Setor Autom\u00f3vel\\\"\",\"breadcrumb\":{\"@id\":\"https:\\\/\\\/jornaldasoficinas.com\\\/pt\\\/isto-nao-e-um-curso-e-uma-experiencia-de-transformacao-ucp-de-lisboa\\\/#breadcrumb\"},\"inLanguage\":\"pt-PT\",\"potentialAction\":[{\"@type\":\"ReadAction\",\"target\":[\"https:\\\/\\\/jornaldasoficinas.com\\\/pt\\\/isto-nao-e-um-curso-e-uma-experiencia-de-transformacao-ucp-de-lisboa\\\/\"]}]},{\"@type\":\"ImageObject\",\"inLanguage\":\"pt-PT\",\"@id\":\"https:\\\/\\\/jornaldasoficinas.com\\\/pt\\\/isto-nao-e-um-curso-e-uma-experiencia-de-transformacao-ucp-de-lisboa\\\/#primaryimage\",\"url\":\"https:\\\/\\\/jornaldasoficinas.com\\\/pt\\\/wp-content\\\/uploads\\\/2026\\\/01\\\/Isto-nao-e-um-curso-e-uma-experiencia-de-transformacao-UCP.jpg\",\"contentUrl\":\"https:\\\/\\\/jornaldasoficinas.com\\\/pt\\\/wp-content\\\/uploads\\\/2026\\\/01\\\/Isto-nao-e-um-curso-e-uma-experiencia-de-transformacao-UCP.jpg\",\"width\":1024,\"height\":581,\"caption\":\"01 - Isto nao e um curso e uma experiencia de transformacao UCP\"},{\"@type\":\"BreadcrumbList\",\"@id\":\"https:\\\/\\\/jornaldasoficinas.com\\\/pt\\\/isto-nao-e-um-curso-e-uma-experiencia-de-transformacao-ucp-de-lisboa\\\/#breadcrumb\",\"itemListElement\":[{\"@type\":\"ListItem\",\"position\":1,\"name\":\"In\u00edcio\",\"item\":\"https:\\\/\\\/jornaldasoficinas.com\\\/pt\\\/\"},{\"@type\":\"ListItem\",\"position\":2,\"name\":\"\u201cIsto n\u00e3o \u00e9 um curso &#8211; \u00e9 uma experi\u00eancia de transforma\u00e7\u00e3o!\u201d, UCP\"}]},{\"@type\":\"WebSite\",\"@id\":\"https:\\\/\\\/jornaldasoficinas.com\\\/pt\\\/#website\",\"url\":\"https:\\\/\\\/jornaldasoficinas.com\\\/pt\\\/\",\"name\":\"Jornal das Oficinas\",\"description\":\"Jornal independente do Aftermarket Autom\u00f3vel em Portugal\",\"publisher\":{\"@id\":\"https:\\\/\\\/jornaldasoficinas.com\\\/pt\\\/#organization\"},\"potentialAction\":[{\"@type\":\"SearchAction\",\"target\":{\"@type\":\"EntryPoint\",\"urlTemplate\":\"https:\\\/\\\/jornaldasoficinas.com\\\/pt\\\/?s={search_term_string}\"},\"query-input\":{\"@type\":\"PropertyValueSpecification\",\"valueRequired\":true,\"valueName\":\"search_term_string\"}}],\"inLanguage\":\"pt-PT\"},{\"@type\":\"Organization\",\"@id\":\"https:\\\/\\\/jornaldasoficinas.com\\\/pt\\\/#organization\",\"name\":\"Jornal das Oficinas\",\"url\":\"https:\\\/\\\/jornaldasoficinas.com\\\/pt\\\/\",\"logo\":{\"@type\":\"ImageObject\",\"inLanguage\":\"pt-PT\",\"@id\":\"https:\\\/\\\/jornaldasoficinas.com\\\/pt\\\/#\\\/schema\\\/logo\\\/image\\\/\",\"url\":\"https:\\\/\\\/jornaldasoficinas.com\\\/pt\\\/wp-content\\\/uploads\\\/logoJO-SEO.png\",\"contentUrl\":\"https:\\\/\\\/jornaldasoficinas.com\\\/pt\\\/wp-content\\\/uploads\\\/logoJO-SEO.png\",\"width\":285,\"height\":450,\"caption\":\"Jornal das Oficinas\"},\"image\":{\"@id\":\"https:\\\/\\\/jornaldasoficinas.com\\\/pt\\\/#\\\/schema\\\/logo\\\/image\\\/\"},\"sameAs\":[\"https:\\\/\\\/www.facebook.com\\\/jornaloficinas\",\"https:\\\/\\\/x.com\\\/jornaloficinas\",\"https:\\\/\\\/www.instagram.com\\\/jornal_oficinas\\\/\",\"https:\\\/\\\/www.linkedin.com\\\/company\\\/jornal-das-oficinas\\\/\",\"https:\\\/\\\/www.youtube.com\\\/channel\\\/UCbQZBqtcvV-oSQrr7RzINGg\"]},{\"@type\":\"Person\",\"@id\":\"https:\\\/\\\/jornaldasoficinas.com\\\/pt\\\/#\\\/schema\\\/person\\\/a38eef5de2c41d9e7c9ac10141afddf3\",\"name\":\"Reda\u00e7\u00e3o JO\",\"image\":{\"@type\":\"ImageObject\",\"inLanguage\":\"pt-PT\",\"@id\":\"https:\\\/\\\/secure.gravatar.com\\\/avatar\\\/71f2fa71737ad68a84fea94bc708ddac8ea5b0c4788dc2ad202f3ccb2887742f?s=96&d=wp_user_avatar&r=g\",\"url\":\"https:\\\/\\\/secure.gravatar.com\\\/avatar\\\/71f2fa71737ad68a84fea94bc708ddac8ea5b0c4788dc2ad202f3ccb2887742f?s=96&d=wp_user_avatar&r=g\",\"contentUrl\":\"https:\\\/\\\/secure.gravatar.com\\\/avatar\\\/71f2fa71737ad68a84fea94bc708ddac8ea5b0c4788dc2ad202f3ccb2887742f?s=96&d=wp_user_avatar&r=g\",\"caption\":\"Reda\u00e7\u00e3o JO\"},\"url\":\"https:\\\/\\\/jornaldasoficinas.com\\\/pt\\\/author\\\/joredacao\\\/\"}]}<\/script>\n<!-- \/ Yoast SEO plugin. -->","yoast_head_json":{"title":"\u201cIsto n\u00e3o \u00e9 um curso - \u00e9 uma experi\u00eancia de transforma\u00e7\u00e3o!\u201d, UCP - Jornal das Oficinas","description":"Jorge Cancella de Abreu est\u00e1 a coordenar para a UCP de Lisboa o programa \"Lideran\u00e7a e Transforma\u00e7\u00e3o do Setor Autom\u00f3vel\"","robots":{"index":"index","follow":"follow","max-snippet":"max-snippet:-1","max-image-preview":"max-image-preview:large","max-video-preview":"max-video-preview:-1"},"canonical":"https:\/\/jornaldasoficinas.com\/pt\/isto-nao-e-um-curso-e-uma-experiencia-de-transformacao-ucp-de-lisboa\/","og_locale":"pt_PT","og_type":"article","og_title":"\u201cIsto n\u00e3o \u00e9 um curso - \u00e9 uma experi\u00eancia de transforma\u00e7\u00e3o!\u201d, UCP - Jornal das Oficinas","og_description":"Jorge Cancella de Abreu est\u00e1 a coordenar para a UCP de Lisboa o programa \"Lideran\u00e7a e Transforma\u00e7\u00e3o do Setor Autom\u00f3vel\"","og_url":"https:\/\/jornaldasoficinas.com\/pt\/isto-nao-e-um-curso-e-uma-experiencia-de-transformacao-ucp-de-lisboa\/","og_site_name":"Jornal das Oficinas","article_publisher":"https:\/\/www.facebook.com\/jornaloficinas","article_published_time":"2026-01-26T14:00:06+00:00","og_image":[{"width":1024,"height":581,"url":"https:\/\/jornaldasoficinas.com\/pt\/wp-content\/uploads\/2026\/01\/Isto-nao-e-um-curso-e-uma-experiencia-de-transformacao-UCP.jpg","type":"image\/jpeg"}],"author":"Reda\u00e7\u00e3o JO","twitter_card":"summary_large_image","twitter_creator":"@jornaloficinas","twitter_site":"@jornaloficinas","twitter_misc":{"Escrito por":"Reda\u00e7\u00e3o JO","Tempo estimado de leitura":"12 minutos"},"schema":{"@context":"https:\/\/schema.org","@graph":[{"@type":"Article","@id":"https:\/\/jornaldasoficinas.com\/pt\/isto-nao-e-um-curso-e-uma-experiencia-de-transformacao-ucp-de-lisboa\/#article","isPartOf":{"@id":"https:\/\/jornaldasoficinas.com\/pt\/isto-nao-e-um-curso-e-uma-experiencia-de-transformacao-ucp-de-lisboa\/"},"author":{"name":"Reda\u00e7\u00e3o JO","@id":"https:\/\/jornaldasoficinas.com\/pt\/#\/schema\/person\/a38eef5de2c41d9e7c9ac10141afddf3"},"headline":"\u201cIsto n\u00e3o \u00e9 um curso &#8211; \u00e9 uma experi\u00eancia de transforma\u00e7\u00e3o!\u201d, UCP","datePublished":"2026-01-26T14:00:06+00:00","mainEntityOfPage":{"@id":"https:\/\/jornaldasoficinas.com\/pt\/isto-nao-e-um-curso-e-uma-experiencia-de-transformacao-ucp-de-lisboa\/"},"wordCount":2293,"publisher":{"@id":"https:\/\/jornaldasoficinas.com\/pt\/#organization"},"image":{"@id":"https:\/\/jornaldasoficinas.com\/pt\/isto-nao-e-um-curso-e-uma-experiencia-de-transformacao-ucp-de-lisboa\/#primaryimage"},"thumbnailUrl":"https:\/\/jornaldasoficinas.com\/pt\/wp-content\/uploads\/2026\/01\/Isto-nao-e-um-curso-e-uma-experiencia-de-transformacao-UCP.jpg","keywords":["ACAP","Jorge Cancella de Abreu","Lideran\u00e7a e Transforma\u00e7\u00e3o","Salesforce","Setor Autom\u00f3vel","Universidade Cat\u00f3lica de Lisboa"],"articleSection":["Entrevistas"],"inLanguage":"pt-PT"},{"@type":"WebPage","@id":"https:\/\/jornaldasoficinas.com\/pt\/isto-nao-e-um-curso-e-uma-experiencia-de-transformacao-ucp-de-lisboa\/","url":"https:\/\/jornaldasoficinas.com\/pt\/isto-nao-e-um-curso-e-uma-experiencia-de-transformacao-ucp-de-lisboa\/","name":"\u201cIsto n\u00e3o \u00e9 um curso - \u00e9 uma experi\u00eancia de transforma\u00e7\u00e3o!\u201d, UCP - Jornal das Oficinas","isPartOf":{"@id":"https:\/\/jornaldasoficinas.com\/pt\/#website"},"primaryImageOfPage":{"@id":"https:\/\/jornaldasoficinas.com\/pt\/isto-nao-e-um-curso-e-uma-experiencia-de-transformacao-ucp-de-lisboa\/#primaryimage"},"image":{"@id":"https:\/\/jornaldasoficinas.com\/pt\/isto-nao-e-um-curso-e-uma-experiencia-de-transformacao-ucp-de-lisboa\/#primaryimage"},"thumbnailUrl":"https:\/\/jornaldasoficinas.com\/pt\/wp-content\/uploads\/2026\/01\/Isto-nao-e-um-curso-e-uma-experiencia-de-transformacao-UCP.jpg","datePublished":"2026-01-26T14:00:06+00:00","description":"Jorge Cancella de Abreu est\u00e1 a coordenar para a UCP de Lisboa o programa \"Lideran\u00e7a e Transforma\u00e7\u00e3o do Setor Autom\u00f3vel\"","breadcrumb":{"@id":"https:\/\/jornaldasoficinas.com\/pt\/isto-nao-e-um-curso-e-uma-experiencia-de-transformacao-ucp-de-lisboa\/#breadcrumb"},"inLanguage":"pt-PT","potentialAction":[{"@type":"ReadAction","target":["https:\/\/jornaldasoficinas.com\/pt\/isto-nao-e-um-curso-e-uma-experiencia-de-transformacao-ucp-de-lisboa\/"]}]},{"@type":"ImageObject","inLanguage":"pt-PT","@id":"https:\/\/jornaldasoficinas.com\/pt\/isto-nao-e-um-curso-e-uma-experiencia-de-transformacao-ucp-de-lisboa\/#primaryimage","url":"https:\/\/jornaldasoficinas.com\/pt\/wp-content\/uploads\/2026\/01\/Isto-nao-e-um-curso-e-uma-experiencia-de-transformacao-UCP.jpg","contentUrl":"https:\/\/jornaldasoficinas.com\/pt\/wp-content\/uploads\/2026\/01\/Isto-nao-e-um-curso-e-uma-experiencia-de-transformacao-UCP.jpg","width":1024,"height":581,"caption":"01 - Isto nao e um curso e uma experiencia de transformacao UCP"},{"@type":"BreadcrumbList","@id":"https:\/\/jornaldasoficinas.com\/pt\/isto-nao-e-um-curso-e-uma-experiencia-de-transformacao-ucp-de-lisboa\/#breadcrumb","itemListElement":[{"@type":"ListItem","position":1,"name":"In\u00edcio","item":"https:\/\/jornaldasoficinas.com\/pt\/"},{"@type":"ListItem","position":2,"name":"\u201cIsto n\u00e3o \u00e9 um curso &#8211; \u00e9 uma experi\u00eancia de transforma\u00e7\u00e3o!\u201d, UCP"}]},{"@type":"WebSite","@id":"https:\/\/jornaldasoficinas.com\/pt\/#website","url":"https:\/\/jornaldasoficinas.com\/pt\/","name":"Jornal das Oficinas","description":"Jornal independente do Aftermarket Autom\u00f3vel em Portugal","publisher":{"@id":"https:\/\/jornaldasoficinas.com\/pt\/#organization"},"potentialAction":[{"@type":"SearchAction","target":{"@type":"EntryPoint","urlTemplate":"https:\/\/jornaldasoficinas.com\/pt\/?s={search_term_string}"},"query-input":{"@type":"PropertyValueSpecification","valueRequired":true,"valueName":"search_term_string"}}],"inLanguage":"pt-PT"},{"@type":"Organization","@id":"https:\/\/jornaldasoficinas.com\/pt\/#organization","name":"Jornal das Oficinas","url":"https:\/\/jornaldasoficinas.com\/pt\/","logo":{"@type":"ImageObject","inLanguage":"pt-PT","@id":"https:\/\/jornaldasoficinas.com\/pt\/#\/schema\/logo\/image\/","url":"https:\/\/jornaldasoficinas.com\/pt\/wp-content\/uploads\/logoJO-SEO.png","contentUrl":"https:\/\/jornaldasoficinas.com\/pt\/wp-content\/uploads\/logoJO-SEO.png","width":285,"height":450,"caption":"Jornal das Oficinas"},"image":{"@id":"https:\/\/jornaldasoficinas.com\/pt\/#\/schema\/logo\/image\/"},"sameAs":["https:\/\/www.facebook.com\/jornaloficinas","https:\/\/x.com\/jornaloficinas","https:\/\/www.instagram.com\/jornal_oficinas\/","https:\/\/www.linkedin.com\/company\/jornal-das-oficinas\/","https:\/\/www.youtube.com\/channel\/UCbQZBqtcvV-oSQrr7RzINGg"]},{"@type":"Person","@id":"https:\/\/jornaldasoficinas.com\/pt\/#\/schema\/person\/a38eef5de2c41d9e7c9ac10141afddf3","name":"Reda\u00e7\u00e3o JO","image":{"@type":"ImageObject","inLanguage":"pt-PT","@id":"https:\/\/secure.gravatar.com\/avatar\/71f2fa71737ad68a84fea94bc708ddac8ea5b0c4788dc2ad202f3ccb2887742f?s=96&d=wp_user_avatar&r=g","url":"https:\/\/secure.gravatar.com\/avatar\/71f2fa71737ad68a84fea94bc708ddac8ea5b0c4788dc2ad202f3ccb2887742f?s=96&d=wp_user_avatar&r=g","contentUrl":"https:\/\/secure.gravatar.com\/avatar\/71f2fa71737ad68a84fea94bc708ddac8ea5b0c4788dc2ad202f3ccb2887742f?s=96&d=wp_user_avatar&r=g","caption":"Reda\u00e7\u00e3o JO"},"url":"https:\/\/jornaldasoficinas.com\/pt\/author\/joredacao\/"}]}},"_links":{"self":[{"href":"https:\/\/jornaldasoficinas.com\/pt\/wp-json\/wp\/v2\/posts\/112171","targetHints":{"allow":["GET"]}}],"collection":[{"href":"https:\/\/jornaldasoficinas.com\/pt\/wp-json\/wp\/v2\/posts"}],"about":[{"href":"https:\/\/jornaldasoficinas.com\/pt\/wp-json\/wp\/v2\/types\/post"}],"author":[{"embeddable":true,"href":"https:\/\/jornaldasoficinas.com\/pt\/wp-json\/wp\/v2\/users\/15"}],"replies":[{"embeddable":true,"href":"https:\/\/jornaldasoficinas.com\/pt\/wp-json\/wp\/v2\/comments?post=112171"}],"version-history":[{"count":5,"href":"https:\/\/jornaldasoficinas.com\/pt\/wp-json\/wp\/v2\/posts\/112171\/revisions"}],"predecessor-version":[{"id":112184,"href":"https:\/\/jornaldasoficinas.com\/pt\/wp-json\/wp\/v2\/posts\/112171\/revisions\/112184"}],"wp:featuredmedia":[{"embeddable":true,"href":"https:\/\/jornaldasoficinas.com\/pt\/wp-json\/wp\/v2\/media\/112180"}],"wp:attachment":[{"href":"https:\/\/jornaldasoficinas.com\/pt\/wp-json\/wp\/v2\/media?parent=112171"}],"wp:term":[{"taxonomy":"category","embeddable":true,"href":"https:\/\/jornaldasoficinas.com\/pt\/wp-json\/wp\/v2\/categories?post=112171"},{"taxonomy":"post_tag","embeddable":true,"href":"https:\/\/jornaldasoficinas.com\/pt\/wp-json\/wp\/v2\/tags?post=112171"}],"curies":[{"name":"wp","href":"https:\/\/api.w.org\/{rel}","templated":true}]}}