{"id":112233,"date":"2026-01-27T14:00:02","date_gmt":"2026-01-27T14:00:02","guid":{"rendered":"https:\/\/jornaldasoficinas.com\/pt\/?p=112233"},"modified":"2026-01-27T10:58:57","modified_gmt":"2026-01-27T10:58:57","slug":"acp-alerta-para-riscos-no-novo-modelo-de-ensino-da-conducao","status":"publish","type":"post","link":"https:\/\/jornaldasoficinas.com\/pt\/acp-alerta-para-riscos-no-novo-modelo-de-ensino-da-conducao\/","title":{"rendered":"ACP alerta para riscos no novo modelo de ensino da condu\u00e7\u00e3o"},"content":{"rendered":"<p><strong><img loading=\"lazy\" decoding=\"async\" class=\"alignnone size-full wp-image-112251\" src=\"https:\/\/jornaldasoficinas.com\/pt\/wp-content\/uploads\/2026\/01\/ACP-alerta-para-riscos-no-novo-modelo-de-ensino-da-conducao.jpg\" alt=\"01 - ACP alerta para riscos no novo modelo de ensino da conducao\" width=\"1024\" height=\"581\" srcset=\"https:\/\/jornaldasoficinas.com\/pt\/wp-content\/uploads\/2026\/01\/ACP-alerta-para-riscos-no-novo-modelo-de-ensino-da-conducao.jpg 1024w, https:\/\/jornaldasoficinas.com\/pt\/wp-content\/uploads\/2026\/01\/ACP-alerta-para-riscos-no-novo-modelo-de-ensino-da-conducao-300x170.jpg 300w, https:\/\/jornaldasoficinas.com\/pt\/wp-content\/uploads\/2026\/01\/ACP-alerta-para-riscos-no-novo-modelo-de-ensino-da-conducao-150x85.jpg 150w, https:\/\/jornaldasoficinas.com\/pt\/wp-content\/uploads\/2026\/01\/ACP-alerta-para-riscos-no-novo-modelo-de-ensino-da-conducao-768x436.jpg 768w\" sizes=\"auto, (max-width: 1024px) 100vw, 1024px\" \/><\/strong><\/p>\n<p><strong>O <a href=\"https:\/\/www.acp.pt\/\" target=\"_blank\" rel=\"noopener\">Autom\u00f3vel Club de Portugal<\/a> (ACP) criticou as altera\u00e7\u00f5es ao regime jur\u00eddico do ensino da condu\u00e7\u00e3o que permitem aprender a conduzir com um tutor, alertando para riscos na seguran\u00e7a rodovi\u00e1ria e propondo alternativas ao modelo apresentado pelo Governo<\/strong><\/p>\n<p>No comunicado divulgado no seu site oficial, o ACP entende que o Governo &#8220;demite-se da sua fun\u00e7\u00e3o reguladora, criando um modelo que coloca em risco a seguran\u00e7a rodovi\u00e1ria e contribui para um cen\u00e1rio de desregula\u00e7\u00e3o incompat\u00edvel com a prote\u00e7\u00e3o de vidas humanas&#8221;.<\/p>\n<p>A associa\u00e7\u00e3o sublinhou tamb\u00e9m que h\u00e1 mais de seis anos n\u00e3o existe uma estrat\u00e9gia nacional de seguran\u00e7a rodovi\u00e1ria que enfrente o problema de forma estruturada, acrescentando que alertou o Executivo para a necessidade de regras claras, limites rigorosos e salvaguardas eficazes.<\/p>\n<p>Entre as solu\u00e7\u00f5es defendidas, o ACP prop\u00f5e que a forma\u00e7\u00e3o com tutor seja realizada exclusivamente em locais fechados ao tr\u00e2nsito, definidos pelos munic\u00edpios, e defende a manuten\u00e7\u00e3o obrigat\u00f3ria da forma\u00e7\u00e3o em escolas de condu\u00e7\u00e3o, com 28 horas de aulas te\u00f3ricas, pelo menos 16 horas de aulas pr\u00e1ticas e um m\u00ednimo de 250 quil\u00f3metros percorridos.<\/p>\n<p>A associa\u00e7\u00e3o defende ainda que a avalia\u00e7\u00e3o dos formandos e a sua proposta a exame continuem a ser da responsabilidade exclusiva das escolas de condu\u00e7\u00e3o.<\/p>\n<p>&#8220;O ACP espera que, no decurso do processo legislativo, o Parlamento possa corrigir as fragilidades da proposta apresentada pelo Governo&#8221;, referiu a organiza\u00e7\u00e3o, sublinhando que a seguran\u00e7a rodovi\u00e1ria &#8220;\u00e9 uma obriga\u00e7\u00e3o de quem legisla estas mat\u00e9rias&#8221;.<\/p>\n","protected":false},"excerpt":{"rendered":"<p>O Autom\u00f3vel Club de Portugal (ACP)&#8230;<\/p>\n","protected":false},"author":15,"featured_media":112251,"comment_status":"closed","ping_status":"closed","sticky":false,"template":"","format":"standard","meta":{"footnotes":""},"categories":[29],"tags":[1035,8064,14040,14124,14451,3563,12980],"class_list":["post-112233","post","type-post","status-publish","format-standard","has-post-thumbnail","hentry","category-empresas","tag-acp","tag-conducao","tag-governo","tag-medidas","tag-modelo-de-ensino","tag-seguranca-rodoviaria","tag-sinistralidade"],"yoast_head":"<!-- This site is optimized with the Yoast SEO plugin v27.5 - https:\/\/yoast.com\/product\/yoast-seo-wordpress\/ -->\n<title>ACP alerta para riscos no novo modelo de ensino da condu\u00e7\u00e3o - Jornal das Oficinas<\/title>\n<meta name=\"description\" content=\"O ACP criticou as altera\u00e7\u00f5es ao regime jur\u00eddico do ensino da condu\u00e7\u00e3o que permitem aprender a conduzir com um tutor\" \/>\n<meta name=\"robots\" content=\"index, follow, max-snippet:-1, max-image-preview:large, max-video-preview:-1\" \/>\n<link rel=\"canonical\" href=\"https:\/\/jornaldasoficinas.com\/pt\/acp-alerta-para-riscos-no-novo-modelo-de-ensino-da-conducao\/\" \/>\n<meta property=\"og:locale\" content=\"pt_PT\" \/>\n<meta property=\"og:type\" content=\"article\" \/>\n<meta property=\"og:title\" content=\"ACP alerta para riscos no novo modelo de ensino da condu\u00e7\u00e3o - Jornal das Oficinas\" \/>\n<meta property=\"og:description\" content=\"O ACP criticou as altera\u00e7\u00f5es ao regime jur\u00eddico do ensino da condu\u00e7\u00e3o que permitem aprender a conduzir com um tutor\" \/>\n<meta property=\"og:url\" content=\"https:\/\/jornaldasoficinas.com\/pt\/acp-alerta-para-riscos-no-novo-modelo-de-ensino-da-conducao\/\" \/>\n<meta property=\"og:site_name\" content=\"Jornal das Oficinas\" \/>\n<meta property=\"article:publisher\" content=\"https:\/\/www.facebook.com\/jornaloficinas\" \/>\n<meta property=\"article:published_time\" content=\"2026-01-27T14:00:02+00:00\" \/>\n<meta property=\"og:image\" content=\"https:\/\/jornaldasoficinas.com\/pt\/wp-content\/uploads\/2026\/01\/ACP-alerta-para-riscos-no-novo-modelo-de-ensino-da-conducao.jpg\" \/>\n\t<meta property=\"og:image:width\" content=\"1024\" \/>\n\t<meta property=\"og:image:height\" content=\"581\" \/>\n\t<meta property=\"og:image:type\" content=\"image\/jpeg\" \/>\n<meta name=\"author\" content=\"Reda\u00e7\u00e3o JO\" \/>\n<meta name=\"twitter:card\" content=\"summary_large_image\" \/>\n<meta name=\"twitter:creator\" content=\"@jornaloficinas\" \/>\n<meta name=\"twitter:site\" content=\"@jornaloficinas\" \/>\n<meta name=\"twitter:label1\" content=\"Escrito por\" \/>\n\t<meta name=\"twitter:data1\" content=\"Reda\u00e7\u00e3o JO\" \/>\n\t<meta name=\"twitter:label2\" content=\"Tempo estimado de leitura\" \/>\n\t<meta name=\"twitter:data2\" content=\"2 minutos\" \/>\n<script type=\"application\/ld+json\" class=\"yoast-schema-graph\">{\"@context\":\"https:\\\/\\\/schema.org\",\"@graph\":[{\"@type\":\"Article\",\"@id\":\"https:\\\/\\\/jornaldasoficinas.com\\\/pt\\\/acp-alerta-para-riscos-no-novo-modelo-de-ensino-da-conducao\\\/#article\",\"isPartOf\":{\"@id\":\"https:\\\/\\\/jornaldasoficinas.com\\\/pt\\\/acp-alerta-para-riscos-no-novo-modelo-de-ensino-da-conducao\\\/\"},\"author\":{\"name\":\"Reda\u00e7\u00e3o JO\",\"@id\":\"https:\\\/\\\/jornaldasoficinas.com\\\/pt\\\/#\\\/schema\\\/person\\\/a38eef5de2c41d9e7c9ac10141afddf3\"},\"headline\":\"ACP alerta para riscos no novo modelo de ensino da condu\u00e7\u00e3o\",\"datePublished\":\"2026-01-27T14:00:02+00:00\",\"mainEntityOfPage\":{\"@id\":\"https:\\\/\\\/jornaldasoficinas.com\\\/pt\\\/acp-alerta-para-riscos-no-novo-modelo-de-ensino-da-conducao\\\/\"},\"wordCount\":284,\"publisher\":{\"@id\":\"https:\\\/\\\/jornaldasoficinas.com\\\/pt\\\/#organization\"},\"image\":{\"@id\":\"https:\\\/\\\/jornaldasoficinas.com\\\/pt\\\/acp-alerta-para-riscos-no-novo-modelo-de-ensino-da-conducao\\\/#primaryimage\"},\"thumbnailUrl\":\"https:\\\/\\\/jornaldasoficinas.com\\\/pt\\\/wp-content\\\/uploads\\\/2026\\\/01\\\/ACP-alerta-para-riscos-no-novo-modelo-de-ensino-da-conducao.jpg\",\"keywords\":[\"ACP\",\"condu\u00e7\u00e3o\",\"Governo\",\"medidas\",\"modelo de ensino\",\"Seguran\u00e7a rodovi\u00e1ria\",\"Sinistralidade\"],\"articleSection\":[\"Empresas\"],\"inLanguage\":\"pt-PT\"},{\"@type\":\"WebPage\",\"@id\":\"https:\\\/\\\/jornaldasoficinas.com\\\/pt\\\/acp-alerta-para-riscos-no-novo-modelo-de-ensino-da-conducao\\\/\",\"url\":\"https:\\\/\\\/jornaldasoficinas.com\\\/pt\\\/acp-alerta-para-riscos-no-novo-modelo-de-ensino-da-conducao\\\/\",\"name\":\"ACP alerta para riscos no novo modelo de ensino da condu\u00e7\u00e3o - Jornal das Oficinas\",\"isPartOf\":{\"@id\":\"https:\\\/\\\/jornaldasoficinas.com\\\/pt\\\/#website\"},\"primaryImageOfPage\":{\"@id\":\"https:\\\/\\\/jornaldasoficinas.com\\\/pt\\\/acp-alerta-para-riscos-no-novo-modelo-de-ensino-da-conducao\\\/#primaryimage\"},\"image\":{\"@id\":\"https:\\\/\\\/jornaldasoficinas.com\\\/pt\\\/acp-alerta-para-riscos-no-novo-modelo-de-ensino-da-conducao\\\/#primaryimage\"},\"thumbnailUrl\":\"https:\\\/\\\/jornaldasoficinas.com\\\/pt\\\/wp-content\\\/uploads\\\/2026\\\/01\\\/ACP-alerta-para-riscos-no-novo-modelo-de-ensino-da-conducao.jpg\",\"datePublished\":\"2026-01-27T14:00:02+00:00\",\"description\":\"O ACP criticou as altera\u00e7\u00f5es ao regime jur\u00eddico do ensino da condu\u00e7\u00e3o que permitem aprender a conduzir com um tutor\",\"breadcrumb\":{\"@id\":\"https:\\\/\\\/jornaldasoficinas.com\\\/pt\\\/acp-alerta-para-riscos-no-novo-modelo-de-ensino-da-conducao\\\/#breadcrumb\"},\"inLanguage\":\"pt-PT\",\"potentialAction\":[{\"@type\":\"ReadAction\",\"target\":[\"https:\\\/\\\/jornaldasoficinas.com\\\/pt\\\/acp-alerta-para-riscos-no-novo-modelo-de-ensino-da-conducao\\\/\"]}]},{\"@type\":\"ImageObject\",\"inLanguage\":\"pt-PT\",\"@id\":\"https:\\\/\\\/jornaldasoficinas.com\\\/pt\\\/acp-alerta-para-riscos-no-novo-modelo-de-ensino-da-conducao\\\/#primaryimage\",\"url\":\"https:\\\/\\\/jornaldasoficinas.com\\\/pt\\\/wp-content\\\/uploads\\\/2026\\\/01\\\/ACP-alerta-para-riscos-no-novo-modelo-de-ensino-da-conducao.jpg\",\"contentUrl\":\"https:\\\/\\\/jornaldasoficinas.com\\\/pt\\\/wp-content\\\/uploads\\\/2026\\\/01\\\/ACP-alerta-para-riscos-no-novo-modelo-de-ensino-da-conducao.jpg\",\"width\":1024,\"height\":581,\"caption\":\"01 - ACP alerta para riscos no novo modelo de ensino da conducao\"},{\"@type\":\"BreadcrumbList\",\"@id\":\"https:\\\/\\\/jornaldasoficinas.com\\\/pt\\\/acp-alerta-para-riscos-no-novo-modelo-de-ensino-da-conducao\\\/#breadcrumb\",\"itemListElement\":[{\"@type\":\"ListItem\",\"position\":1,\"name\":\"In\u00edcio\",\"item\":\"https:\\\/\\\/jornaldasoficinas.com\\\/pt\\\/\"},{\"@type\":\"ListItem\",\"position\":2,\"name\":\"ACP alerta para riscos no novo modelo de ensino da condu\u00e7\u00e3o\"}]},{\"@type\":\"WebSite\",\"@id\":\"https:\\\/\\\/jornaldasoficinas.com\\\/pt\\\/#website\",\"url\":\"https:\\\/\\\/jornaldasoficinas.com\\\/pt\\\/\",\"name\":\"Jornal das Oficinas\",\"description\":\"Jornal independente do Aftermarket Autom\u00f3vel em Portugal\",\"publisher\":{\"@id\":\"https:\\\/\\\/jornaldasoficinas.com\\\/pt\\\/#organization\"},\"potentialAction\":[{\"@type\":\"SearchAction\",\"target\":{\"@type\":\"EntryPoint\",\"urlTemplate\":\"https:\\\/\\\/jornaldasoficinas.com\\\/pt\\\/?s={search_term_string}\"},\"query-input\":{\"@type\":\"PropertyValueSpecification\",\"valueRequired\":true,\"valueName\":\"search_term_string\"}}],\"inLanguage\":\"pt-PT\"},{\"@type\":\"Organization\",\"@id\":\"https:\\\/\\\/jornaldasoficinas.com\\\/pt\\\/#organization\",\"name\":\"Jornal das Oficinas\",\"url\":\"https:\\\/\\\/jornaldasoficinas.com\\\/pt\\\/\",\"logo\":{\"@type\":\"ImageObject\",\"inLanguage\":\"pt-PT\",\"@id\":\"https:\\\/\\\/jornaldasoficinas.com\\\/pt\\\/#\\\/schema\\\/logo\\\/image\\\/\",\"url\":\"https:\\\/\\\/jornaldasoficinas.com\\\/pt\\\/wp-content\\\/uploads\\\/logoJO-SEO.png\",\"contentUrl\":\"https:\\\/\\\/jornaldasoficinas.com\\\/pt\\\/wp-content\\\/uploads\\\/logoJO-SEO.png\",\"width\":285,\"height\":450,\"caption\":\"Jornal das Oficinas\"},\"image\":{\"@id\":\"https:\\\/\\\/jornaldasoficinas.com\\\/pt\\\/#\\\/schema\\\/logo\\\/image\\\/\"},\"sameAs\":[\"https:\\\/\\\/www.facebook.com\\\/jornaloficinas\",\"https:\\\/\\\/x.com\\\/jornaloficinas\",\"https:\\\/\\\/www.instagram.com\\\/jornal_oficinas\\\/\",\"https:\\\/\\\/www.linkedin.com\\\/company\\\/jornal-das-oficinas\\\/\",\"https:\\\/\\\/www.youtube.com\\\/channel\\\/UCbQZBqtcvV-oSQrr7RzINGg\"]},{\"@type\":\"Person\",\"@id\":\"https:\\\/\\\/jornaldasoficinas.com\\\/pt\\\/#\\\/schema\\\/person\\\/a38eef5de2c41d9e7c9ac10141afddf3\",\"name\":\"Reda\u00e7\u00e3o JO\",\"image\":{\"@type\":\"ImageObject\",\"inLanguage\":\"pt-PT\",\"@id\":\"https:\\\/\\\/secure.gravatar.com\\\/avatar\\\/71f2fa71737ad68a84fea94bc708ddac8ea5b0c4788dc2ad202f3ccb2887742f?s=96&d=wp_user_avatar&r=g\",\"url\":\"https:\\\/\\\/secure.gravatar.com\\\/avatar\\\/71f2fa71737ad68a84fea94bc708ddac8ea5b0c4788dc2ad202f3ccb2887742f?s=96&d=wp_user_avatar&r=g\",\"contentUrl\":\"https:\\\/\\\/secure.gravatar.com\\\/avatar\\\/71f2fa71737ad68a84fea94bc708ddac8ea5b0c4788dc2ad202f3ccb2887742f?s=96&d=wp_user_avatar&r=g\",\"caption\":\"Reda\u00e7\u00e3o JO\"},\"url\":\"https:\\\/\\\/jornaldasoficinas.com\\\/pt\\\/author\\\/joredacao\\\/\"}]}<\/script>\n<!-- \/ Yoast SEO plugin. -->","yoast_head_json":{"title":"ACP alerta para riscos no novo modelo de ensino da condu\u00e7\u00e3o - Jornal das Oficinas","description":"O ACP criticou as altera\u00e7\u00f5es ao regime jur\u00eddico do ensino da condu\u00e7\u00e3o que permitem aprender a conduzir com um tutor","robots":{"index":"index","follow":"follow","max-snippet":"max-snippet:-1","max-image-preview":"max-image-preview:large","max-video-preview":"max-video-preview:-1"},"canonical":"https:\/\/jornaldasoficinas.com\/pt\/acp-alerta-para-riscos-no-novo-modelo-de-ensino-da-conducao\/","og_locale":"pt_PT","og_type":"article","og_title":"ACP alerta para riscos no novo modelo de ensino da condu\u00e7\u00e3o - Jornal das Oficinas","og_description":"O ACP criticou as altera\u00e7\u00f5es ao regime jur\u00eddico do ensino da condu\u00e7\u00e3o que permitem aprender a conduzir com um tutor","og_url":"https:\/\/jornaldasoficinas.com\/pt\/acp-alerta-para-riscos-no-novo-modelo-de-ensino-da-conducao\/","og_site_name":"Jornal das Oficinas","article_publisher":"https:\/\/www.facebook.com\/jornaloficinas","article_published_time":"2026-01-27T14:00:02+00:00","og_image":[{"width":1024,"height":581,"url":"https:\/\/jornaldasoficinas.com\/pt\/wp-content\/uploads\/2026\/01\/ACP-alerta-para-riscos-no-novo-modelo-de-ensino-da-conducao.jpg","type":"image\/jpeg"}],"author":"Reda\u00e7\u00e3o JO","twitter_card":"summary_large_image","twitter_creator":"@jornaloficinas","twitter_site":"@jornaloficinas","twitter_misc":{"Escrito por":"Reda\u00e7\u00e3o JO","Tempo estimado de leitura":"2 minutos"},"schema":{"@context":"https:\/\/schema.org","@graph":[{"@type":"Article","@id":"https:\/\/jornaldasoficinas.com\/pt\/acp-alerta-para-riscos-no-novo-modelo-de-ensino-da-conducao\/#article","isPartOf":{"@id":"https:\/\/jornaldasoficinas.com\/pt\/acp-alerta-para-riscos-no-novo-modelo-de-ensino-da-conducao\/"},"author":{"name":"Reda\u00e7\u00e3o JO","@id":"https:\/\/jornaldasoficinas.com\/pt\/#\/schema\/person\/a38eef5de2c41d9e7c9ac10141afddf3"},"headline":"ACP alerta para riscos no novo modelo de ensino da condu\u00e7\u00e3o","datePublished":"2026-01-27T14:00:02+00:00","mainEntityOfPage":{"@id":"https:\/\/jornaldasoficinas.com\/pt\/acp-alerta-para-riscos-no-novo-modelo-de-ensino-da-conducao\/"},"wordCount":284,"publisher":{"@id":"https:\/\/jornaldasoficinas.com\/pt\/#organization"},"image":{"@id":"https:\/\/jornaldasoficinas.com\/pt\/acp-alerta-para-riscos-no-novo-modelo-de-ensino-da-conducao\/#primaryimage"},"thumbnailUrl":"https:\/\/jornaldasoficinas.com\/pt\/wp-content\/uploads\/2026\/01\/ACP-alerta-para-riscos-no-novo-modelo-de-ensino-da-conducao.jpg","keywords":["ACP","condu\u00e7\u00e3o","Governo","medidas","modelo de ensino","Seguran\u00e7a rodovi\u00e1ria","Sinistralidade"],"articleSection":["Empresas"],"inLanguage":"pt-PT"},{"@type":"WebPage","@id":"https:\/\/jornaldasoficinas.com\/pt\/acp-alerta-para-riscos-no-novo-modelo-de-ensino-da-conducao\/","url":"https:\/\/jornaldasoficinas.com\/pt\/acp-alerta-para-riscos-no-novo-modelo-de-ensino-da-conducao\/","name":"ACP alerta para riscos no novo modelo de ensino da condu\u00e7\u00e3o - Jornal das Oficinas","isPartOf":{"@id":"https:\/\/jornaldasoficinas.com\/pt\/#website"},"primaryImageOfPage":{"@id":"https:\/\/jornaldasoficinas.com\/pt\/acp-alerta-para-riscos-no-novo-modelo-de-ensino-da-conducao\/#primaryimage"},"image":{"@id":"https:\/\/jornaldasoficinas.com\/pt\/acp-alerta-para-riscos-no-novo-modelo-de-ensino-da-conducao\/#primaryimage"},"thumbnailUrl":"https:\/\/jornaldasoficinas.com\/pt\/wp-content\/uploads\/2026\/01\/ACP-alerta-para-riscos-no-novo-modelo-de-ensino-da-conducao.jpg","datePublished":"2026-01-27T14:00:02+00:00","description":"O ACP criticou as altera\u00e7\u00f5es ao regime jur\u00eddico do ensino da condu\u00e7\u00e3o que permitem aprender a conduzir com um tutor","breadcrumb":{"@id":"https:\/\/jornaldasoficinas.com\/pt\/acp-alerta-para-riscos-no-novo-modelo-de-ensino-da-conducao\/#breadcrumb"},"inLanguage":"pt-PT","potentialAction":[{"@type":"ReadAction","target":["https:\/\/jornaldasoficinas.com\/pt\/acp-alerta-para-riscos-no-novo-modelo-de-ensino-da-conducao\/"]}]},{"@type":"ImageObject","inLanguage":"pt-PT","@id":"https:\/\/jornaldasoficinas.com\/pt\/acp-alerta-para-riscos-no-novo-modelo-de-ensino-da-conducao\/#primaryimage","url":"https:\/\/jornaldasoficinas.com\/pt\/wp-content\/uploads\/2026\/01\/ACP-alerta-para-riscos-no-novo-modelo-de-ensino-da-conducao.jpg","contentUrl":"https:\/\/jornaldasoficinas.com\/pt\/wp-content\/uploads\/2026\/01\/ACP-alerta-para-riscos-no-novo-modelo-de-ensino-da-conducao.jpg","width":1024,"height":581,"caption":"01 - ACP alerta para riscos no novo modelo de ensino da conducao"},{"@type":"BreadcrumbList","@id":"https:\/\/jornaldasoficinas.com\/pt\/acp-alerta-para-riscos-no-novo-modelo-de-ensino-da-conducao\/#breadcrumb","itemListElement":[{"@type":"ListItem","position":1,"name":"In\u00edcio","item":"https:\/\/jornaldasoficinas.com\/pt\/"},{"@type":"ListItem","position":2,"name":"ACP alerta para riscos no novo modelo de ensino da condu\u00e7\u00e3o"}]},{"@type":"WebSite","@id":"https:\/\/jornaldasoficinas.com\/pt\/#website","url":"https:\/\/jornaldasoficinas.com\/pt\/","name":"Jornal das Oficinas","description":"Jornal independente do Aftermarket Autom\u00f3vel em Portugal","publisher":{"@id":"https:\/\/jornaldasoficinas.com\/pt\/#organization"},"potentialAction":[{"@type":"SearchAction","target":{"@type":"EntryPoint","urlTemplate":"https:\/\/jornaldasoficinas.com\/pt\/?s={search_term_string}"},"query-input":{"@type":"PropertyValueSpecification","valueRequired":true,"valueName":"search_term_string"}}],"inLanguage":"pt-PT"},{"@type":"Organization","@id":"https:\/\/jornaldasoficinas.com\/pt\/#organization","name":"Jornal das Oficinas","url":"https:\/\/jornaldasoficinas.com\/pt\/","logo":{"@type":"ImageObject","inLanguage":"pt-PT","@id":"https:\/\/jornaldasoficinas.com\/pt\/#\/schema\/logo\/image\/","url":"https:\/\/jornaldasoficinas.com\/pt\/wp-content\/uploads\/logoJO-SEO.png","contentUrl":"https:\/\/jornaldasoficinas.com\/pt\/wp-content\/uploads\/logoJO-SEO.png","width":285,"height":450,"caption":"Jornal das Oficinas"},"image":{"@id":"https:\/\/jornaldasoficinas.com\/pt\/#\/schema\/logo\/image\/"},"sameAs":["https:\/\/www.facebook.com\/jornaloficinas","https:\/\/x.com\/jornaloficinas","https:\/\/www.instagram.com\/jornal_oficinas\/","https:\/\/www.linkedin.com\/company\/jornal-das-oficinas\/","https:\/\/www.youtube.com\/channel\/UCbQZBqtcvV-oSQrr7RzINGg"]},{"@type":"Person","@id":"https:\/\/jornaldasoficinas.com\/pt\/#\/schema\/person\/a38eef5de2c41d9e7c9ac10141afddf3","name":"Reda\u00e7\u00e3o JO","image":{"@type":"ImageObject","inLanguage":"pt-PT","@id":"https:\/\/secure.gravatar.com\/avatar\/71f2fa71737ad68a84fea94bc708ddac8ea5b0c4788dc2ad202f3ccb2887742f?s=96&d=wp_user_avatar&r=g","url":"https:\/\/secure.gravatar.com\/avatar\/71f2fa71737ad68a84fea94bc708ddac8ea5b0c4788dc2ad202f3ccb2887742f?s=96&d=wp_user_avatar&r=g","contentUrl":"https:\/\/secure.gravatar.com\/avatar\/71f2fa71737ad68a84fea94bc708ddac8ea5b0c4788dc2ad202f3ccb2887742f?s=96&d=wp_user_avatar&r=g","caption":"Reda\u00e7\u00e3o JO"},"url":"https:\/\/jornaldasoficinas.com\/pt\/author\/joredacao\/"}]}},"_links":{"self":[{"href":"https:\/\/jornaldasoficinas.com\/pt\/wp-json\/wp\/v2\/posts\/112233","targetHints":{"allow":["GET"]}}],"collection":[{"href":"https:\/\/jornaldasoficinas.com\/pt\/wp-json\/wp\/v2\/posts"}],"about":[{"href":"https:\/\/jornaldasoficinas.com\/pt\/wp-json\/wp\/v2\/types\/post"}],"author":[{"embeddable":true,"href":"https:\/\/jornaldasoficinas.com\/pt\/wp-json\/wp\/v2\/users\/15"}],"replies":[{"embeddable":true,"href":"https:\/\/jornaldasoficinas.com\/pt\/wp-json\/wp\/v2\/comments?post=112233"}],"version-history":[{"count":5,"href":"https:\/\/jornaldasoficinas.com\/pt\/wp-json\/wp\/v2\/posts\/112233\/revisions"}],"predecessor-version":[{"id":112252,"href":"https:\/\/jornaldasoficinas.com\/pt\/wp-json\/wp\/v2\/posts\/112233\/revisions\/112252"}],"wp:featuredmedia":[{"embeddable":true,"href":"https:\/\/jornaldasoficinas.com\/pt\/wp-json\/wp\/v2\/media\/112251"}],"wp:attachment":[{"href":"https:\/\/jornaldasoficinas.com\/pt\/wp-json\/wp\/v2\/media?parent=112233"}],"wp:term":[{"taxonomy":"category","embeddable":true,"href":"https:\/\/jornaldasoficinas.com\/pt\/wp-json\/wp\/v2\/categories?post=112233"},{"taxonomy":"post_tag","embeddable":true,"href":"https:\/\/jornaldasoficinas.com\/pt\/wp-json\/wp\/v2\/tags?post=112233"}],"curies":[{"name":"wp","href":"https:\/\/api.w.org\/{rel}","templated":true}]}}