{"id":112311,"date":"2026-01-30T08:00:26","date_gmt":"2026-01-30T08:00:26","guid":{"rendered":"https:\/\/jornaldasoficinas.com\/pt\/?p=112311"},"modified":"2026-01-28T08:10:34","modified_gmt":"2026-01-28T08:10:34","slug":"man-truck-bus-aumenta-vendas-em-2025","status":"publish","type":"post","link":"https:\/\/jornaldasoficinas.com\/pt\/man-truck-bus-aumenta-vendas-em-2025\/","title":{"rendered":"MAN Truck &#038; Bus aumenta vendas em 2025"},"content":{"rendered":"<p><strong><img loading=\"lazy\" decoding=\"async\" class=\"alignnone size-full wp-image-112326\" src=\"https:\/\/jornaldasoficinas.com\/pt\/wp-content\/uploads\/2026\/01\/MAN-Truck-Bus-aumenta-vendas-em-2025.jpg\" alt=\"01 - MAN Truck Bus aumenta vendas em 2025\" width=\"1024\" height=\"581\" srcset=\"https:\/\/jornaldasoficinas.com\/pt\/wp-content\/uploads\/2026\/01\/MAN-Truck-Bus-aumenta-vendas-em-2025.jpg 1024w, https:\/\/jornaldasoficinas.com\/pt\/wp-content\/uploads\/2026\/01\/MAN-Truck-Bus-aumenta-vendas-em-2025-300x170.jpg 300w, https:\/\/jornaldasoficinas.com\/pt\/wp-content\/uploads\/2026\/01\/MAN-Truck-Bus-aumenta-vendas-em-2025-150x85.jpg 150w, https:\/\/jornaldasoficinas.com\/pt\/wp-content\/uploads\/2026\/01\/MAN-Truck-Bus-aumenta-vendas-em-2025-768x436.jpg 768w\" sizes=\"auto, (max-width: 1024px) 100vw, 1024px\" \/><\/strong><\/p>\n<p><strong>A <a href=\"https:\/\/www.man.eu\/\" target=\"_blank\" rel=\"noopener\">MAN Truck &amp; Bus<\/a> entregou cerca de 101.600 ve\u00edculos novos no ano fiscal de 2025, registando um aumento de quase 6 % nas vendas globais face ao ano anterior<\/strong><\/p>\n<p>Este resultado foi alcan\u00e7ado apesar da manuten\u00e7\u00e3o de condi\u00e7\u00f5es de mercado dif\u00edceis \u2013 em particular no mercado europeu de cami\u00f5es, que se encontra a um n\u00edvel semelhante ao registado durante a pandemia de coronav\u00edrus nos principais mercados. Um dos principais motores do crescimento das vendas foram os ve\u00edculos el\u00e9tricos a bateria (BEV), que registaram uma evolu\u00e7\u00e3o muito din\u00e2mica nos segmentos de cami\u00f5es e autocarros.<\/p>\n<p>&#8220;O forte crescimento nos ve\u00edculos el\u00e9tricos a bateria e um ano de sucesso no segmento das carrinhas mostram que estamos no caminho certo. Apesar de um enquadramento de mercado desafiante, com uma procura contida no mercado europeu de cami\u00f5es \u2013 compar\u00e1vel, na Alemanha, aos anos da pandemia \u2013 conseguimos aumentar as nossas vendas globais&#8221;, afirmou Friedrich Baumann, membro do conselho de administra\u00e7\u00e3o respons\u00e1vel pelas vendas e solu\u00e7\u00f5es ao cliente da MAN Truck &amp; Bus SE.<\/p>\n<p>&#8220;Estamos tamb\u00e9m a avan\u00e7ar de forma consistente com o aumento da nossa oferta el\u00e9trica a bateria. Com o in\u00edcio da produ\u00e7\u00e3o em s\u00e9rie do MAN eTGL e as primeiras entregas do eCoach, iremos completar a nossa gama em 2026 e enviar um sinal claro a favor da mobilidade sustent\u00e1vel&#8221;, acrescentou.<\/p>\n<p>&#8220;O segmento de cami\u00f5es manteve-se praticamente est\u00e1vel num contexto de mercado exigente&#8221;, destacou a empresa. &#8220;Com cerca de 63.300 unidades vendidas, as vendas ficaram apenas ligeiramente abaixo do valor do ano anterior, com uma redu\u00e7\u00e3o de 0,6 %&#8221;, revelou. O eTruck, cuja produ\u00e7\u00e3o em s\u00e9rie teve in\u00edcio apenas em 2025, registou &#8220;uma procura elevada&#8221;. &#8220;Em 2025 foram vendidas mais de 620 unidades e a carteira de encomendas dos eTrucks j\u00e1 se encontra bem preenchida para 2026. O in\u00edcio previsto da produ\u00e7\u00e3o em s\u00e9rie do novo MAN eTGL de 12 toneladas, no final de 2026, ir\u00e1 completar o portef\u00f3lio el\u00e9trico no segmento de cami\u00f5es e representa mais um passo importante da MAN rumo \u00e0 descarboniza\u00e7\u00e3o da sua gama de ve\u00edculos&#8221;, partilhou.<\/p>\n<p>O neg\u00f3cio de autocarros da MAN registou uma recupera\u00e7\u00e3o significativa em 2025, com um crescimento de quase 49%, para mais de 7.000 ve\u00edculos. De forma global, os ve\u00edculos el\u00e9tricos a bateria foram tamb\u00e9m os principais impulsionadores das vendas neste segmento. As vendas de autocarros el\u00e9tricos para \u00e1reas urbanas aumentaram mais de 118 %, para mais de 1.300 unidades, estabelecendo um novo recorde. &#8220;E isto sem contabilizar o MAN Lion&#8217;s Coach E, que celebrou a sua estreia mundial em 2025 e cuja entrega aos primeiros clientes no mercado europeu est\u00e1 prevista a partir do final de 2026&#8221;, referiu.<\/p>\n<p>Na Alemanha, \u00c1ustria e Su\u00ed\u00e7a, as vendas de cami\u00f5es mantiveram-se globalmente fracas, com cerca de 21.200 unidades, representando uma diminui\u00e7\u00e3o de quase 8 % face ao ano anterior. Os subsegmentos de ve\u00edculos municipais e de constru\u00e7\u00e3o, bem como o neg\u00f3cio de cami\u00f5es semirreboques, apresentaram um &#8220;bom desempenho&#8221;.<\/p>\n<p>As vendas de furg\u00f5es na Alemanha, \u00c1ustria e Su\u00ed\u00e7a aumentaram 32 % em 2025 em compara\u00e7\u00e3o com o ano anterior. Com vendas superiores a 12.300 ve\u00edculos, foi ultrapassada pela primeira vez a marca das 10.000 unidades. No segmento de autocarros, as vendas aumentaram 93 %, para cerca de 1.900 unidades, face ao fraco desempenho do ano anterior. No total, foram vendidos cerca de 35.400 ve\u00edculos novos na regi\u00e3o DACH.<\/p>\n<p>Num contexto desafiante, as vendas de cami\u00f5es na Europa (excluindo a regi\u00e3o DACH) aumentaram cerca de 3 % em termos hom\u00f3logos, para aproximadamente 31.300 ve\u00edculos. As vendas de autocarros cresceram mesmo em cerca de 1.200 unidades, para cerca de 3.700 ve\u00edculos. As vendas de furg\u00f5es aumentaram cerca de 15 % no mesmo per\u00edodo. Espanha registou um aumento total de 500 unidades \u2013 uma taxa de crescimento excecional num \u00fanico mercado. No total, foram vendidas cerca de 53.800 unidades nos segmentos de cami\u00f5es, autocarros e carrinhas.<\/p>\n<p>Fora da Europa, as vendas de cami\u00f5es em 2025 mantiveram-se em pouco menos de 10.000 unidades, cerca de 12 % abaixo do valor do ano anterior. &#8220;Isso deveu-se aos desafios geopol\u00edticos persistentes, que levaram a uma diminui\u00e7\u00e3o de at\u00e9 30 % nos mercados internacionais onde a MAN est\u00e1 presente. Ainda assim, a MAN conseguiu manter com sucesso a sua posi\u00e7\u00e3o nos principais mercados internacionais e at\u00e9 refor\u00e7\u00e1-la em alguns pa\u00edses, incluindo Marrocos, Coreia do Sul e Chile&#8221;, explicou.<\/p>\n<p>Gra\u00e7as ao forte segmento de chassis de autocarros de turismo, o neg\u00f3cio de autocarros cresceu 10 % face a 2024, e o furg\u00e3o passou a estar dispon\u00edvel em mercados fora da Europa pela primeira vez em 2025. Os principais impulsionadores das vendas internacionais foram os mercados do M\u00e9dio Oriente e dos pa\u00edses da CEI, que representaram 70 % das vendas internacionais de cami\u00f5es e autocarros. No total, foram vendidas mais de 11.000 unidades a n\u00edvel internacional nos segmentos de cami\u00f5es, autocarros e carrinhas.<\/p>\n","protected":false},"excerpt":{"rendered":"<p>A MAN Truck &amp; Bus entregou&#8230;<\/p>\n","protected":false},"author":15,"featured_media":112326,"comment_status":"closed","ping_status":"closed","sticky":false,"template":"","format":"standard","meta":{"footnotes":""},"categories":[36],"tags":[14065,3897,430,89,14466],"class_list":["post-112311","post","type-post","status-publish","format-standard","has-post-thumbnail","hentry","category-pesados","tag-ano-fiscal-de-2025","tag-aumento","tag-man-truck-bus","tag-veiculos-eletricos","tag-vendas-globais"],"yoast_head":"<!-- This site is optimized with the Yoast SEO plugin v27.5 - https:\/\/yoast.com\/product\/yoast-seo-wordpress\/ -->\n<title>MAN Truck &amp; Bus aumenta vendas em 2025 - Jornal das Oficinas<\/title>\n<meta name=\"description\" content=\"A MAN Truck &amp; Bus entregou cerca de 101.600 ve\u00edculos novos no ano fiscal de 2025, registando um aumento nas vendas globais\" \/>\n<meta name=\"robots\" content=\"index, follow, max-snippet:-1, max-image-preview:large, max-video-preview:-1\" \/>\n<link rel=\"canonical\" href=\"https:\/\/jornaldasoficinas.com\/pt\/man-truck-bus-aumenta-vendas-em-2025\/\" \/>\n<meta property=\"og:locale\" content=\"pt_PT\" \/>\n<meta property=\"og:type\" content=\"article\" \/>\n<meta property=\"og:title\" content=\"MAN Truck &amp; Bus aumenta vendas em 2025 - Jornal das Oficinas\" \/>\n<meta property=\"og:description\" content=\"A MAN Truck &amp; Bus entregou cerca de 101.600 ve\u00edculos novos no ano fiscal de 2025, registando um aumento nas vendas globais\" \/>\n<meta property=\"og:url\" content=\"https:\/\/jornaldasoficinas.com\/pt\/man-truck-bus-aumenta-vendas-em-2025\/\" \/>\n<meta property=\"og:site_name\" content=\"Jornal das Oficinas\" \/>\n<meta property=\"article:publisher\" content=\"https:\/\/www.facebook.com\/jornaloficinas\" \/>\n<meta property=\"article:published_time\" content=\"2026-01-30T08:00:26+00:00\" \/>\n<meta property=\"og:image\" content=\"https:\/\/jornaldasoficinas.com\/pt\/wp-content\/uploads\/2026\/01\/MAN-Truck-Bus-aumenta-vendas-em-2025.jpg\" \/>\n\t<meta property=\"og:image:width\" content=\"1024\" \/>\n\t<meta property=\"og:image:height\" content=\"581\" \/>\n\t<meta property=\"og:image:type\" content=\"image\/jpeg\" \/>\n<meta name=\"author\" content=\"Reda\u00e7\u00e3o JO\" \/>\n<meta name=\"twitter:card\" content=\"summary_large_image\" \/>\n<meta name=\"twitter:creator\" content=\"@jornaloficinas\" \/>\n<meta name=\"twitter:site\" content=\"@jornaloficinas\" \/>\n<meta name=\"twitter:label1\" content=\"Escrito por\" \/>\n\t<meta name=\"twitter:data1\" content=\"Reda\u00e7\u00e3o JO\" \/>\n\t<meta name=\"twitter:label2\" content=\"Tempo estimado de leitura\" \/>\n\t<meta name=\"twitter:data2\" content=\"5 minutos\" \/>\n<script type=\"application\/ld+json\" class=\"yoast-schema-graph\">{\"@context\":\"https:\\\/\\\/schema.org\",\"@graph\":[{\"@type\":\"Article\",\"@id\":\"https:\\\/\\\/jornaldasoficinas.com\\\/pt\\\/man-truck-bus-aumenta-vendas-em-2025\\\/#article\",\"isPartOf\":{\"@id\":\"https:\\\/\\\/jornaldasoficinas.com\\\/pt\\\/man-truck-bus-aumenta-vendas-em-2025\\\/\"},\"author\":{\"name\":\"Reda\u00e7\u00e3o JO\",\"@id\":\"https:\\\/\\\/jornaldasoficinas.com\\\/pt\\\/#\\\/schema\\\/person\\\/a38eef5de2c41d9e7c9ac10141afddf3\"},\"headline\":\"MAN Truck &#038; Bus aumenta vendas em 2025\",\"datePublished\":\"2026-01-30T08:00:26+00:00\",\"mainEntityOfPage\":{\"@id\":\"https:\\\/\\\/jornaldasoficinas.com\\\/pt\\\/man-truck-bus-aumenta-vendas-em-2025\\\/\"},\"wordCount\":828,\"publisher\":{\"@id\":\"https:\\\/\\\/jornaldasoficinas.com\\\/pt\\\/#organization\"},\"image\":{\"@id\":\"https:\\\/\\\/jornaldasoficinas.com\\\/pt\\\/man-truck-bus-aumenta-vendas-em-2025\\\/#primaryimage\"},\"thumbnailUrl\":\"https:\\\/\\\/jornaldasoficinas.com\\\/pt\\\/wp-content\\\/uploads\\\/2026\\\/01\\\/MAN-Truck-Bus-aumenta-vendas-em-2025.jpg\",\"keywords\":[\"ano fiscal de 2025\",\"Aumento\",\"MAN Truck &amp; Bus\",\"Ve\u00edculos el\u00e9tricos\",\"vendas globais\"],\"articleSection\":[\"Pesados\"],\"inLanguage\":\"pt-PT\"},{\"@type\":\"WebPage\",\"@id\":\"https:\\\/\\\/jornaldasoficinas.com\\\/pt\\\/man-truck-bus-aumenta-vendas-em-2025\\\/\",\"url\":\"https:\\\/\\\/jornaldasoficinas.com\\\/pt\\\/man-truck-bus-aumenta-vendas-em-2025\\\/\",\"name\":\"MAN Truck & Bus aumenta vendas em 2025 - Jornal das Oficinas\",\"isPartOf\":{\"@id\":\"https:\\\/\\\/jornaldasoficinas.com\\\/pt\\\/#website\"},\"primaryImageOfPage\":{\"@id\":\"https:\\\/\\\/jornaldasoficinas.com\\\/pt\\\/man-truck-bus-aumenta-vendas-em-2025\\\/#primaryimage\"},\"image\":{\"@id\":\"https:\\\/\\\/jornaldasoficinas.com\\\/pt\\\/man-truck-bus-aumenta-vendas-em-2025\\\/#primaryimage\"},\"thumbnailUrl\":\"https:\\\/\\\/jornaldasoficinas.com\\\/pt\\\/wp-content\\\/uploads\\\/2026\\\/01\\\/MAN-Truck-Bus-aumenta-vendas-em-2025.jpg\",\"datePublished\":\"2026-01-30T08:00:26+00:00\",\"description\":\"A MAN Truck & Bus entregou cerca de 101.600 ve\u00edculos novos no ano fiscal de 2025, registando um aumento nas vendas globais\",\"breadcrumb\":{\"@id\":\"https:\\\/\\\/jornaldasoficinas.com\\\/pt\\\/man-truck-bus-aumenta-vendas-em-2025\\\/#breadcrumb\"},\"inLanguage\":\"pt-PT\",\"potentialAction\":[{\"@type\":\"ReadAction\",\"target\":[\"https:\\\/\\\/jornaldasoficinas.com\\\/pt\\\/man-truck-bus-aumenta-vendas-em-2025\\\/\"]}]},{\"@type\":\"ImageObject\",\"inLanguage\":\"pt-PT\",\"@id\":\"https:\\\/\\\/jornaldasoficinas.com\\\/pt\\\/man-truck-bus-aumenta-vendas-em-2025\\\/#primaryimage\",\"url\":\"https:\\\/\\\/jornaldasoficinas.com\\\/pt\\\/wp-content\\\/uploads\\\/2026\\\/01\\\/MAN-Truck-Bus-aumenta-vendas-em-2025.jpg\",\"contentUrl\":\"https:\\\/\\\/jornaldasoficinas.com\\\/pt\\\/wp-content\\\/uploads\\\/2026\\\/01\\\/MAN-Truck-Bus-aumenta-vendas-em-2025.jpg\",\"width\":1024,\"height\":581,\"caption\":\"01 - MAN Truck Bus aumenta vendas em 2025\"},{\"@type\":\"BreadcrumbList\",\"@id\":\"https:\\\/\\\/jornaldasoficinas.com\\\/pt\\\/man-truck-bus-aumenta-vendas-em-2025\\\/#breadcrumb\",\"itemListElement\":[{\"@type\":\"ListItem\",\"position\":1,\"name\":\"In\u00edcio\",\"item\":\"https:\\\/\\\/jornaldasoficinas.com\\\/pt\\\/\"},{\"@type\":\"ListItem\",\"position\":2,\"name\":\"MAN Truck &#038; Bus aumenta vendas em 2025\"}]},{\"@type\":\"WebSite\",\"@id\":\"https:\\\/\\\/jornaldasoficinas.com\\\/pt\\\/#website\",\"url\":\"https:\\\/\\\/jornaldasoficinas.com\\\/pt\\\/\",\"name\":\"Jornal das Oficinas\",\"description\":\"Jornal independente do Aftermarket Autom\u00f3vel em Portugal\",\"publisher\":{\"@id\":\"https:\\\/\\\/jornaldasoficinas.com\\\/pt\\\/#organization\"},\"potentialAction\":[{\"@type\":\"SearchAction\",\"target\":{\"@type\":\"EntryPoint\",\"urlTemplate\":\"https:\\\/\\\/jornaldasoficinas.com\\\/pt\\\/?s={search_term_string}\"},\"query-input\":{\"@type\":\"PropertyValueSpecification\",\"valueRequired\":true,\"valueName\":\"search_term_string\"}}],\"inLanguage\":\"pt-PT\"},{\"@type\":\"Organization\",\"@id\":\"https:\\\/\\\/jornaldasoficinas.com\\\/pt\\\/#organization\",\"name\":\"Jornal das Oficinas\",\"url\":\"https:\\\/\\\/jornaldasoficinas.com\\\/pt\\\/\",\"logo\":{\"@type\":\"ImageObject\",\"inLanguage\":\"pt-PT\",\"@id\":\"https:\\\/\\\/jornaldasoficinas.com\\\/pt\\\/#\\\/schema\\\/logo\\\/image\\\/\",\"url\":\"https:\\\/\\\/jornaldasoficinas.com\\\/pt\\\/wp-content\\\/uploads\\\/logoJO-SEO.png\",\"contentUrl\":\"https:\\\/\\\/jornaldasoficinas.com\\\/pt\\\/wp-content\\\/uploads\\\/logoJO-SEO.png\",\"width\":285,\"height\":450,\"caption\":\"Jornal das Oficinas\"},\"image\":{\"@id\":\"https:\\\/\\\/jornaldasoficinas.com\\\/pt\\\/#\\\/schema\\\/logo\\\/image\\\/\"},\"sameAs\":[\"https:\\\/\\\/www.facebook.com\\\/jornaloficinas\",\"https:\\\/\\\/x.com\\\/jornaloficinas\",\"https:\\\/\\\/www.instagram.com\\\/jornal_oficinas\\\/\",\"https:\\\/\\\/www.linkedin.com\\\/company\\\/jornal-das-oficinas\\\/\",\"https:\\\/\\\/www.youtube.com\\\/channel\\\/UCbQZBqtcvV-oSQrr7RzINGg\"]},{\"@type\":\"Person\",\"@id\":\"https:\\\/\\\/jornaldasoficinas.com\\\/pt\\\/#\\\/schema\\\/person\\\/a38eef5de2c41d9e7c9ac10141afddf3\",\"name\":\"Reda\u00e7\u00e3o JO\",\"image\":{\"@type\":\"ImageObject\",\"inLanguage\":\"pt-PT\",\"@id\":\"https:\\\/\\\/secure.gravatar.com\\\/avatar\\\/71f2fa71737ad68a84fea94bc708ddac8ea5b0c4788dc2ad202f3ccb2887742f?s=96&d=wp_user_avatar&r=g\",\"url\":\"https:\\\/\\\/secure.gravatar.com\\\/avatar\\\/71f2fa71737ad68a84fea94bc708ddac8ea5b0c4788dc2ad202f3ccb2887742f?s=96&d=wp_user_avatar&r=g\",\"contentUrl\":\"https:\\\/\\\/secure.gravatar.com\\\/avatar\\\/71f2fa71737ad68a84fea94bc708ddac8ea5b0c4788dc2ad202f3ccb2887742f?s=96&d=wp_user_avatar&r=g\",\"caption\":\"Reda\u00e7\u00e3o JO\"},\"url\":\"https:\\\/\\\/jornaldasoficinas.com\\\/pt\\\/author\\\/joredacao\\\/\"}]}<\/script>\n<!-- \/ Yoast SEO plugin. -->","yoast_head_json":{"title":"MAN Truck & Bus aumenta vendas em 2025 - Jornal das Oficinas","description":"A MAN Truck & Bus entregou cerca de 101.600 ve\u00edculos novos no ano fiscal de 2025, registando um aumento nas vendas globais","robots":{"index":"index","follow":"follow","max-snippet":"max-snippet:-1","max-image-preview":"max-image-preview:large","max-video-preview":"max-video-preview:-1"},"canonical":"https:\/\/jornaldasoficinas.com\/pt\/man-truck-bus-aumenta-vendas-em-2025\/","og_locale":"pt_PT","og_type":"article","og_title":"MAN Truck & Bus aumenta vendas em 2025 - Jornal das Oficinas","og_description":"A MAN Truck & Bus entregou cerca de 101.600 ve\u00edculos novos no ano fiscal de 2025, registando um aumento nas vendas globais","og_url":"https:\/\/jornaldasoficinas.com\/pt\/man-truck-bus-aumenta-vendas-em-2025\/","og_site_name":"Jornal das Oficinas","article_publisher":"https:\/\/www.facebook.com\/jornaloficinas","article_published_time":"2026-01-30T08:00:26+00:00","og_image":[{"width":1024,"height":581,"url":"https:\/\/jornaldasoficinas.com\/pt\/wp-content\/uploads\/2026\/01\/MAN-Truck-Bus-aumenta-vendas-em-2025.jpg","type":"image\/jpeg"}],"author":"Reda\u00e7\u00e3o JO","twitter_card":"summary_large_image","twitter_creator":"@jornaloficinas","twitter_site":"@jornaloficinas","twitter_misc":{"Escrito por":"Reda\u00e7\u00e3o JO","Tempo estimado de leitura":"5 minutos"},"schema":{"@context":"https:\/\/schema.org","@graph":[{"@type":"Article","@id":"https:\/\/jornaldasoficinas.com\/pt\/man-truck-bus-aumenta-vendas-em-2025\/#article","isPartOf":{"@id":"https:\/\/jornaldasoficinas.com\/pt\/man-truck-bus-aumenta-vendas-em-2025\/"},"author":{"name":"Reda\u00e7\u00e3o JO","@id":"https:\/\/jornaldasoficinas.com\/pt\/#\/schema\/person\/a38eef5de2c41d9e7c9ac10141afddf3"},"headline":"MAN Truck &#038; Bus aumenta vendas em 2025","datePublished":"2026-01-30T08:00:26+00:00","mainEntityOfPage":{"@id":"https:\/\/jornaldasoficinas.com\/pt\/man-truck-bus-aumenta-vendas-em-2025\/"},"wordCount":828,"publisher":{"@id":"https:\/\/jornaldasoficinas.com\/pt\/#organization"},"image":{"@id":"https:\/\/jornaldasoficinas.com\/pt\/man-truck-bus-aumenta-vendas-em-2025\/#primaryimage"},"thumbnailUrl":"https:\/\/jornaldasoficinas.com\/pt\/wp-content\/uploads\/2026\/01\/MAN-Truck-Bus-aumenta-vendas-em-2025.jpg","keywords":["ano fiscal de 2025","Aumento","MAN Truck &amp; Bus","Ve\u00edculos el\u00e9tricos","vendas globais"],"articleSection":["Pesados"],"inLanguage":"pt-PT"},{"@type":"WebPage","@id":"https:\/\/jornaldasoficinas.com\/pt\/man-truck-bus-aumenta-vendas-em-2025\/","url":"https:\/\/jornaldasoficinas.com\/pt\/man-truck-bus-aumenta-vendas-em-2025\/","name":"MAN Truck & Bus aumenta vendas em 2025 - Jornal das Oficinas","isPartOf":{"@id":"https:\/\/jornaldasoficinas.com\/pt\/#website"},"primaryImageOfPage":{"@id":"https:\/\/jornaldasoficinas.com\/pt\/man-truck-bus-aumenta-vendas-em-2025\/#primaryimage"},"image":{"@id":"https:\/\/jornaldasoficinas.com\/pt\/man-truck-bus-aumenta-vendas-em-2025\/#primaryimage"},"thumbnailUrl":"https:\/\/jornaldasoficinas.com\/pt\/wp-content\/uploads\/2026\/01\/MAN-Truck-Bus-aumenta-vendas-em-2025.jpg","datePublished":"2026-01-30T08:00:26+00:00","description":"A MAN Truck & Bus entregou cerca de 101.600 ve\u00edculos novos no ano fiscal de 2025, registando um aumento nas vendas globais","breadcrumb":{"@id":"https:\/\/jornaldasoficinas.com\/pt\/man-truck-bus-aumenta-vendas-em-2025\/#breadcrumb"},"inLanguage":"pt-PT","potentialAction":[{"@type":"ReadAction","target":["https:\/\/jornaldasoficinas.com\/pt\/man-truck-bus-aumenta-vendas-em-2025\/"]}]},{"@type":"ImageObject","inLanguage":"pt-PT","@id":"https:\/\/jornaldasoficinas.com\/pt\/man-truck-bus-aumenta-vendas-em-2025\/#primaryimage","url":"https:\/\/jornaldasoficinas.com\/pt\/wp-content\/uploads\/2026\/01\/MAN-Truck-Bus-aumenta-vendas-em-2025.jpg","contentUrl":"https:\/\/jornaldasoficinas.com\/pt\/wp-content\/uploads\/2026\/01\/MAN-Truck-Bus-aumenta-vendas-em-2025.jpg","width":1024,"height":581,"caption":"01 - MAN Truck Bus aumenta vendas em 2025"},{"@type":"BreadcrumbList","@id":"https:\/\/jornaldasoficinas.com\/pt\/man-truck-bus-aumenta-vendas-em-2025\/#breadcrumb","itemListElement":[{"@type":"ListItem","position":1,"name":"In\u00edcio","item":"https:\/\/jornaldasoficinas.com\/pt\/"},{"@type":"ListItem","position":2,"name":"MAN Truck &#038; Bus aumenta vendas em 2025"}]},{"@type":"WebSite","@id":"https:\/\/jornaldasoficinas.com\/pt\/#website","url":"https:\/\/jornaldasoficinas.com\/pt\/","name":"Jornal das Oficinas","description":"Jornal independente do Aftermarket Autom\u00f3vel em Portugal","publisher":{"@id":"https:\/\/jornaldasoficinas.com\/pt\/#organization"},"potentialAction":[{"@type":"SearchAction","target":{"@type":"EntryPoint","urlTemplate":"https:\/\/jornaldasoficinas.com\/pt\/?s={search_term_string}"},"query-input":{"@type":"PropertyValueSpecification","valueRequired":true,"valueName":"search_term_string"}}],"inLanguage":"pt-PT"},{"@type":"Organization","@id":"https:\/\/jornaldasoficinas.com\/pt\/#organization","name":"Jornal das Oficinas","url":"https:\/\/jornaldasoficinas.com\/pt\/","logo":{"@type":"ImageObject","inLanguage":"pt-PT","@id":"https:\/\/jornaldasoficinas.com\/pt\/#\/schema\/logo\/image\/","url":"https:\/\/jornaldasoficinas.com\/pt\/wp-content\/uploads\/logoJO-SEO.png","contentUrl":"https:\/\/jornaldasoficinas.com\/pt\/wp-content\/uploads\/logoJO-SEO.png","width":285,"height":450,"caption":"Jornal das Oficinas"},"image":{"@id":"https:\/\/jornaldasoficinas.com\/pt\/#\/schema\/logo\/image\/"},"sameAs":["https:\/\/www.facebook.com\/jornaloficinas","https:\/\/x.com\/jornaloficinas","https:\/\/www.instagram.com\/jornal_oficinas\/","https:\/\/www.linkedin.com\/company\/jornal-das-oficinas\/","https:\/\/www.youtube.com\/channel\/UCbQZBqtcvV-oSQrr7RzINGg"]},{"@type":"Person","@id":"https:\/\/jornaldasoficinas.com\/pt\/#\/schema\/person\/a38eef5de2c41d9e7c9ac10141afddf3","name":"Reda\u00e7\u00e3o JO","image":{"@type":"ImageObject","inLanguage":"pt-PT","@id":"https:\/\/secure.gravatar.com\/avatar\/71f2fa71737ad68a84fea94bc708ddac8ea5b0c4788dc2ad202f3ccb2887742f?s=96&d=wp_user_avatar&r=g","url":"https:\/\/secure.gravatar.com\/avatar\/71f2fa71737ad68a84fea94bc708ddac8ea5b0c4788dc2ad202f3ccb2887742f?s=96&d=wp_user_avatar&r=g","contentUrl":"https:\/\/secure.gravatar.com\/avatar\/71f2fa71737ad68a84fea94bc708ddac8ea5b0c4788dc2ad202f3ccb2887742f?s=96&d=wp_user_avatar&r=g","caption":"Reda\u00e7\u00e3o JO"},"url":"https:\/\/jornaldasoficinas.com\/pt\/author\/joredacao\/"}]}},"_links":{"self":[{"href":"https:\/\/jornaldasoficinas.com\/pt\/wp-json\/wp\/v2\/posts\/112311","targetHints":{"allow":["GET"]}}],"collection":[{"href":"https:\/\/jornaldasoficinas.com\/pt\/wp-json\/wp\/v2\/posts"}],"about":[{"href":"https:\/\/jornaldasoficinas.com\/pt\/wp-json\/wp\/v2\/types\/post"}],"author":[{"embeddable":true,"href":"https:\/\/jornaldasoficinas.com\/pt\/wp-json\/wp\/v2\/users\/15"}],"replies":[{"embeddable":true,"href":"https:\/\/jornaldasoficinas.com\/pt\/wp-json\/wp\/v2\/comments?post=112311"}],"version-history":[{"count":6,"href":"https:\/\/jornaldasoficinas.com\/pt\/wp-json\/wp\/v2\/posts\/112311\/revisions"}],"predecessor-version":[{"id":112327,"href":"https:\/\/jornaldasoficinas.com\/pt\/wp-json\/wp\/v2\/posts\/112311\/revisions\/112327"}],"wp:featuredmedia":[{"embeddable":true,"href":"https:\/\/jornaldasoficinas.com\/pt\/wp-json\/wp\/v2\/media\/112326"}],"wp:attachment":[{"href":"https:\/\/jornaldasoficinas.com\/pt\/wp-json\/wp\/v2\/media?parent=112311"}],"wp:term":[{"taxonomy":"category","embeddable":true,"href":"https:\/\/jornaldasoficinas.com\/pt\/wp-json\/wp\/v2\/categories?post=112311"},{"taxonomy":"post_tag","embeddable":true,"href":"https:\/\/jornaldasoficinas.com\/pt\/wp-json\/wp\/v2\/tags?post=112311"}],"curies":[{"name":"wp","href":"https:\/\/api.w.org\/{rel}","templated":true}]}}