{"id":112353,"date":"2026-01-30T12:30:50","date_gmt":"2026-01-30T12:30:50","guid":{"rendered":"https:\/\/jornaldasoficinas.com\/pt\/?p=112353"},"modified":"2026-01-29T09:51:41","modified_gmt":"2026-01-29T09:51:41","slug":"cepra-reune-equipas-para-balanco-de-2025-e-perspetivas-futuras","status":"publish","type":"post","link":"https:\/\/jornaldasoficinas.com\/pt\/cepra-reune-equipas-para-balanco-de-2025-e-perspetivas-futuras\/","title":{"rendered":"CEPRA re\u00fane equipas para balan\u00e7o de 2025 e perspetivas futuras"},"content":{"rendered":"<p><strong><img loading=\"lazy\" decoding=\"async\" class=\"alignnone size-full wp-image-112365\" src=\"https:\/\/jornaldasoficinas.com\/pt\/wp-content\/uploads\/2026\/01\/CEPRA-reune-equipas-para-balanco-de-2025-e-perspetivas-futuras.jpg\" alt=\"01 - CEPRA reune equipas para balanco de 2025 e perspetivas futuras\" width=\"1024\" height=\"581\" srcset=\"https:\/\/jornaldasoficinas.com\/pt\/wp-content\/uploads\/2026\/01\/CEPRA-reune-equipas-para-balanco-de-2025-e-perspetivas-futuras.jpg 1024w, https:\/\/jornaldasoficinas.com\/pt\/wp-content\/uploads\/2026\/01\/CEPRA-reune-equipas-para-balanco-de-2025-e-perspetivas-futuras-300x170.jpg 300w, https:\/\/jornaldasoficinas.com\/pt\/wp-content\/uploads\/2026\/01\/CEPRA-reune-equipas-para-balanco-de-2025-e-perspetivas-futuras-150x85.jpg 150w, https:\/\/jornaldasoficinas.com\/pt\/wp-content\/uploads\/2026\/01\/CEPRA-reune-equipas-para-balanco-de-2025-e-perspetivas-futuras-768x436.jpg 768w\" sizes=\"auto, (max-width: 1024px) 100vw, 1024px\" \/><\/strong><\/p>\n<p><strong>O <a href=\"https:\/\/www.cepra.pt\/\" target=\"_blank\" rel=\"noopener\">CEPRA<\/a> reuniu os seus \u00f3rg\u00e3os sociais, dire\u00e7\u00e3o, dirigentes, chefias e colaboradores num encontro dedicado \u00e0 partilha e \u00e0 reflex\u00e3o sobre a atividade desenvolvida em 2025 e perspetivas para o pr\u00f3ximo ano<\/strong><\/p>\n<p>O programa incluiu uma visita cultural a Aveiro, com passagem pela Costa Nova e Farol da Barra, numa experi\u00eancia que culminou com um passeio de barco moliceiro pela ria.<\/p>\n<p>Durante o encontro realizou-se o balan\u00e7o do ano de 2025, assim como a an\u00e1lise das perspetivas, desafios e objetivos definidos para 2026.<\/p>\n<p>A iniciativa ficou igualmente marcada pela distin\u00e7\u00e3o dos 25 anos de servi\u00e7o da Dra. Edite In\u00eas e do Eng.\u00ba Alexandre Freire, em reconhecimento do seu contributo para o desenvolvimento da institui\u00e7\u00e3o, bem como pela apresenta\u00e7\u00e3o dos novos colaboradores integrados no quadro de Recursos Humanos.<\/p>\n<p>Segundo a institui\u00e7\u00e3o, o encontro contribuiu para refor\u00e7ar o relacionamento interpessoal entre os participantes e fortalecer o esp\u00edrito de perten\u00e7a \u00e0 organiza\u00e7\u00e3o.<\/p>\n","protected":false},"excerpt":{"rendered":"<p>O CEPRA reuniu os seus \u00f3rg\u00e3os&#8230;<\/p>\n","protected":false},"author":15,"featured_media":112365,"comment_status":"closed","ping_status":"closed","sticky":false,"template":"","format":"standard","meta":{"footnotes":""},"categories":[29],"tags":[14469,141,10204,14470,14471],"class_list":["post-112353","post","type-post","status-publish","format-standard","has-post-thumbnail","hentry","category-empresas","tag-balanco-de-2025","tag-cepra","tag-encontro","tag-perspetivas-para-2026","tag-visita-cultural"],"yoast_head":"<!-- This site is optimized with the Yoast SEO plugin v27.5 - https:\/\/yoast.com\/product\/yoast-seo-wordpress\/ -->\n<title>CEPRA re\u00fane equipas para balan\u00e7o de 2025 e perspetivas futuras - Jornal das Oficinas<\/title>\n<meta name=\"description\" content=\"O CEPRA reuniu \u00f3rg\u00e3os sociais, dire\u00e7\u00e3o, dirigentes, chefias e colaboradores num encontro dedicado \u00e0 partilha e \u00e0 reflex\u00e3o sobre a atividade\" \/>\n<meta name=\"robots\" content=\"index, follow, max-snippet:-1, max-image-preview:large, max-video-preview:-1\" \/>\n<link rel=\"canonical\" href=\"https:\/\/jornaldasoficinas.com\/pt\/cepra-reune-equipas-para-balanco-de-2025-e-perspetivas-futuras\/\" \/>\n<meta property=\"og:locale\" content=\"pt_PT\" \/>\n<meta property=\"og:type\" content=\"article\" \/>\n<meta property=\"og:title\" content=\"CEPRA re\u00fane equipas para balan\u00e7o de 2025 e perspetivas futuras - Jornal das Oficinas\" \/>\n<meta property=\"og:description\" content=\"O CEPRA reuniu \u00f3rg\u00e3os sociais, dire\u00e7\u00e3o, dirigentes, chefias e colaboradores num encontro dedicado \u00e0 partilha e \u00e0 reflex\u00e3o sobre a atividade\" \/>\n<meta property=\"og:url\" content=\"https:\/\/jornaldasoficinas.com\/pt\/cepra-reune-equipas-para-balanco-de-2025-e-perspetivas-futuras\/\" \/>\n<meta property=\"og:site_name\" content=\"Jornal das Oficinas\" \/>\n<meta property=\"article:publisher\" content=\"https:\/\/www.facebook.com\/jornaloficinas\" \/>\n<meta property=\"article:published_time\" content=\"2026-01-30T12:30:50+00:00\" \/>\n<meta property=\"og:image\" content=\"https:\/\/jornaldasoficinas.com\/pt\/wp-content\/uploads\/2026\/01\/CEPRA-reune-equipas-para-balanco-de-2025-e-perspetivas-futuras.jpg\" \/>\n\t<meta property=\"og:image:width\" content=\"1024\" \/>\n\t<meta property=\"og:image:height\" content=\"581\" \/>\n\t<meta property=\"og:image:type\" content=\"image\/jpeg\" \/>\n<meta name=\"author\" content=\"Reda\u00e7\u00e3o JO\" \/>\n<meta name=\"twitter:card\" content=\"summary_large_image\" \/>\n<meta name=\"twitter:creator\" content=\"@jornaloficinas\" \/>\n<meta name=\"twitter:site\" content=\"@jornaloficinas\" \/>\n<meta name=\"twitter:label1\" content=\"Escrito por\" \/>\n\t<meta name=\"twitter:data1\" content=\"Reda\u00e7\u00e3o JO\" \/>\n\t<meta name=\"twitter:label2\" content=\"Tempo estimado de leitura\" \/>\n\t<meta name=\"twitter:data2\" content=\"2 minutos\" \/>\n<script type=\"application\/ld+json\" class=\"yoast-schema-graph\">{\"@context\":\"https:\\\/\\\/schema.org\",\"@graph\":[{\"@type\":\"Article\",\"@id\":\"https:\\\/\\\/jornaldasoficinas.com\\\/pt\\\/cepra-reune-equipas-para-balanco-de-2025-e-perspetivas-futuras\\\/#article\",\"isPartOf\":{\"@id\":\"https:\\\/\\\/jornaldasoficinas.com\\\/pt\\\/cepra-reune-equipas-para-balanco-de-2025-e-perspetivas-futuras\\\/\"},\"author\":{\"name\":\"Reda\u00e7\u00e3o JO\",\"@id\":\"https:\\\/\\\/jornaldasoficinas.com\\\/pt\\\/#\\\/schema\\\/person\\\/a38eef5de2c41d9e7c9ac10141afddf3\"},\"headline\":\"CEPRA re\u00fane equipas para balan\u00e7o de 2025 e perspetivas futuras\",\"datePublished\":\"2026-01-30T12:30:50+00:00\",\"mainEntityOfPage\":{\"@id\":\"https:\\\/\\\/jornaldasoficinas.com\\\/pt\\\/cepra-reune-equipas-para-balanco-de-2025-e-perspetivas-futuras\\\/\"},\"wordCount\":170,\"publisher\":{\"@id\":\"https:\\\/\\\/jornaldasoficinas.com\\\/pt\\\/#organization\"},\"image\":{\"@id\":\"https:\\\/\\\/jornaldasoficinas.com\\\/pt\\\/cepra-reune-equipas-para-balanco-de-2025-e-perspetivas-futuras\\\/#primaryimage\"},\"thumbnailUrl\":\"https:\\\/\\\/jornaldasoficinas.com\\\/pt\\\/wp-content\\\/uploads\\\/2026\\\/01\\\/CEPRA-reune-equipas-para-balanco-de-2025-e-perspetivas-futuras.jpg\",\"keywords\":[\"balan\u00e7o de 2025\",\"CEPRA\",\"encontro\",\"perspetivas para 2026\",\"visita cultural\"],\"articleSection\":[\"Empresas\"],\"inLanguage\":\"pt-PT\"},{\"@type\":\"WebPage\",\"@id\":\"https:\\\/\\\/jornaldasoficinas.com\\\/pt\\\/cepra-reune-equipas-para-balanco-de-2025-e-perspetivas-futuras\\\/\",\"url\":\"https:\\\/\\\/jornaldasoficinas.com\\\/pt\\\/cepra-reune-equipas-para-balanco-de-2025-e-perspetivas-futuras\\\/\",\"name\":\"CEPRA re\u00fane equipas para balan\u00e7o de 2025 e perspetivas futuras - Jornal das Oficinas\",\"isPartOf\":{\"@id\":\"https:\\\/\\\/jornaldasoficinas.com\\\/pt\\\/#website\"},\"primaryImageOfPage\":{\"@id\":\"https:\\\/\\\/jornaldasoficinas.com\\\/pt\\\/cepra-reune-equipas-para-balanco-de-2025-e-perspetivas-futuras\\\/#primaryimage\"},\"image\":{\"@id\":\"https:\\\/\\\/jornaldasoficinas.com\\\/pt\\\/cepra-reune-equipas-para-balanco-de-2025-e-perspetivas-futuras\\\/#primaryimage\"},\"thumbnailUrl\":\"https:\\\/\\\/jornaldasoficinas.com\\\/pt\\\/wp-content\\\/uploads\\\/2026\\\/01\\\/CEPRA-reune-equipas-para-balanco-de-2025-e-perspetivas-futuras.jpg\",\"datePublished\":\"2026-01-30T12:30:50+00:00\",\"description\":\"O CEPRA reuniu \u00f3rg\u00e3os sociais, dire\u00e7\u00e3o, dirigentes, chefias e colaboradores num encontro dedicado \u00e0 partilha e \u00e0 reflex\u00e3o sobre a atividade\",\"breadcrumb\":{\"@id\":\"https:\\\/\\\/jornaldasoficinas.com\\\/pt\\\/cepra-reune-equipas-para-balanco-de-2025-e-perspetivas-futuras\\\/#breadcrumb\"},\"inLanguage\":\"pt-PT\",\"potentialAction\":[{\"@type\":\"ReadAction\",\"target\":[\"https:\\\/\\\/jornaldasoficinas.com\\\/pt\\\/cepra-reune-equipas-para-balanco-de-2025-e-perspetivas-futuras\\\/\"]}]},{\"@type\":\"ImageObject\",\"inLanguage\":\"pt-PT\",\"@id\":\"https:\\\/\\\/jornaldasoficinas.com\\\/pt\\\/cepra-reune-equipas-para-balanco-de-2025-e-perspetivas-futuras\\\/#primaryimage\",\"url\":\"https:\\\/\\\/jornaldasoficinas.com\\\/pt\\\/wp-content\\\/uploads\\\/2026\\\/01\\\/CEPRA-reune-equipas-para-balanco-de-2025-e-perspetivas-futuras.jpg\",\"contentUrl\":\"https:\\\/\\\/jornaldasoficinas.com\\\/pt\\\/wp-content\\\/uploads\\\/2026\\\/01\\\/CEPRA-reune-equipas-para-balanco-de-2025-e-perspetivas-futuras.jpg\",\"width\":1024,\"height\":581,\"caption\":\"01 - CEPRA reune equipas para balanco de 2025 e perspetivas futuras\"},{\"@type\":\"BreadcrumbList\",\"@id\":\"https:\\\/\\\/jornaldasoficinas.com\\\/pt\\\/cepra-reune-equipas-para-balanco-de-2025-e-perspetivas-futuras\\\/#breadcrumb\",\"itemListElement\":[{\"@type\":\"ListItem\",\"position\":1,\"name\":\"In\u00edcio\",\"item\":\"https:\\\/\\\/jornaldasoficinas.com\\\/pt\\\/\"},{\"@type\":\"ListItem\",\"position\":2,\"name\":\"CEPRA re\u00fane equipas para balan\u00e7o de 2025 e perspetivas futuras\"}]},{\"@type\":\"WebSite\",\"@id\":\"https:\\\/\\\/jornaldasoficinas.com\\\/pt\\\/#website\",\"url\":\"https:\\\/\\\/jornaldasoficinas.com\\\/pt\\\/\",\"name\":\"Jornal das Oficinas\",\"description\":\"Jornal independente do Aftermarket Autom\u00f3vel em Portugal\",\"publisher\":{\"@id\":\"https:\\\/\\\/jornaldasoficinas.com\\\/pt\\\/#organization\"},\"potentialAction\":[{\"@type\":\"SearchAction\",\"target\":{\"@type\":\"EntryPoint\",\"urlTemplate\":\"https:\\\/\\\/jornaldasoficinas.com\\\/pt\\\/?s={search_term_string}\"},\"query-input\":{\"@type\":\"PropertyValueSpecification\",\"valueRequired\":true,\"valueName\":\"search_term_string\"}}],\"inLanguage\":\"pt-PT\"},{\"@type\":\"Organization\",\"@id\":\"https:\\\/\\\/jornaldasoficinas.com\\\/pt\\\/#organization\",\"name\":\"Jornal das Oficinas\",\"url\":\"https:\\\/\\\/jornaldasoficinas.com\\\/pt\\\/\",\"logo\":{\"@type\":\"ImageObject\",\"inLanguage\":\"pt-PT\",\"@id\":\"https:\\\/\\\/jornaldasoficinas.com\\\/pt\\\/#\\\/schema\\\/logo\\\/image\\\/\",\"url\":\"https:\\\/\\\/jornaldasoficinas.com\\\/pt\\\/wp-content\\\/uploads\\\/logoJO-SEO.png\",\"contentUrl\":\"https:\\\/\\\/jornaldasoficinas.com\\\/pt\\\/wp-content\\\/uploads\\\/logoJO-SEO.png\",\"width\":285,\"height\":450,\"caption\":\"Jornal das Oficinas\"},\"image\":{\"@id\":\"https:\\\/\\\/jornaldasoficinas.com\\\/pt\\\/#\\\/schema\\\/logo\\\/image\\\/\"},\"sameAs\":[\"https:\\\/\\\/www.facebook.com\\\/jornaloficinas\",\"https:\\\/\\\/x.com\\\/jornaloficinas\",\"https:\\\/\\\/www.instagram.com\\\/jornal_oficinas\\\/\",\"https:\\\/\\\/www.linkedin.com\\\/company\\\/jornal-das-oficinas\\\/\",\"https:\\\/\\\/www.youtube.com\\\/channel\\\/UCbQZBqtcvV-oSQrr7RzINGg\"]},{\"@type\":\"Person\",\"@id\":\"https:\\\/\\\/jornaldasoficinas.com\\\/pt\\\/#\\\/schema\\\/person\\\/a38eef5de2c41d9e7c9ac10141afddf3\",\"name\":\"Reda\u00e7\u00e3o JO\",\"image\":{\"@type\":\"ImageObject\",\"inLanguage\":\"pt-PT\",\"@id\":\"https:\\\/\\\/secure.gravatar.com\\\/avatar\\\/71f2fa71737ad68a84fea94bc708ddac8ea5b0c4788dc2ad202f3ccb2887742f?s=96&d=wp_user_avatar&r=g\",\"url\":\"https:\\\/\\\/secure.gravatar.com\\\/avatar\\\/71f2fa71737ad68a84fea94bc708ddac8ea5b0c4788dc2ad202f3ccb2887742f?s=96&d=wp_user_avatar&r=g\",\"contentUrl\":\"https:\\\/\\\/secure.gravatar.com\\\/avatar\\\/71f2fa71737ad68a84fea94bc708ddac8ea5b0c4788dc2ad202f3ccb2887742f?s=96&d=wp_user_avatar&r=g\",\"caption\":\"Reda\u00e7\u00e3o JO\"},\"url\":\"https:\\\/\\\/jornaldasoficinas.com\\\/pt\\\/author\\\/joredacao\\\/\"}]}<\/script>\n<!-- \/ Yoast SEO plugin. -->","yoast_head_json":{"title":"CEPRA re\u00fane equipas para balan\u00e7o de 2025 e perspetivas futuras - Jornal das Oficinas","description":"O CEPRA reuniu \u00f3rg\u00e3os sociais, dire\u00e7\u00e3o, dirigentes, chefias e colaboradores num encontro dedicado \u00e0 partilha e \u00e0 reflex\u00e3o sobre a atividade","robots":{"index":"index","follow":"follow","max-snippet":"max-snippet:-1","max-image-preview":"max-image-preview:large","max-video-preview":"max-video-preview:-1"},"canonical":"https:\/\/jornaldasoficinas.com\/pt\/cepra-reune-equipas-para-balanco-de-2025-e-perspetivas-futuras\/","og_locale":"pt_PT","og_type":"article","og_title":"CEPRA re\u00fane equipas para balan\u00e7o de 2025 e perspetivas futuras - Jornal das Oficinas","og_description":"O CEPRA reuniu \u00f3rg\u00e3os sociais, dire\u00e7\u00e3o, dirigentes, chefias e colaboradores num encontro dedicado \u00e0 partilha e \u00e0 reflex\u00e3o sobre a atividade","og_url":"https:\/\/jornaldasoficinas.com\/pt\/cepra-reune-equipas-para-balanco-de-2025-e-perspetivas-futuras\/","og_site_name":"Jornal das Oficinas","article_publisher":"https:\/\/www.facebook.com\/jornaloficinas","article_published_time":"2026-01-30T12:30:50+00:00","og_image":[{"width":1024,"height":581,"url":"https:\/\/jornaldasoficinas.com\/pt\/wp-content\/uploads\/2026\/01\/CEPRA-reune-equipas-para-balanco-de-2025-e-perspetivas-futuras.jpg","type":"image\/jpeg"}],"author":"Reda\u00e7\u00e3o JO","twitter_card":"summary_large_image","twitter_creator":"@jornaloficinas","twitter_site":"@jornaloficinas","twitter_misc":{"Escrito por":"Reda\u00e7\u00e3o JO","Tempo estimado de leitura":"2 minutos"},"schema":{"@context":"https:\/\/schema.org","@graph":[{"@type":"Article","@id":"https:\/\/jornaldasoficinas.com\/pt\/cepra-reune-equipas-para-balanco-de-2025-e-perspetivas-futuras\/#article","isPartOf":{"@id":"https:\/\/jornaldasoficinas.com\/pt\/cepra-reune-equipas-para-balanco-de-2025-e-perspetivas-futuras\/"},"author":{"name":"Reda\u00e7\u00e3o JO","@id":"https:\/\/jornaldasoficinas.com\/pt\/#\/schema\/person\/a38eef5de2c41d9e7c9ac10141afddf3"},"headline":"CEPRA re\u00fane equipas para balan\u00e7o de 2025 e perspetivas futuras","datePublished":"2026-01-30T12:30:50+00:00","mainEntityOfPage":{"@id":"https:\/\/jornaldasoficinas.com\/pt\/cepra-reune-equipas-para-balanco-de-2025-e-perspetivas-futuras\/"},"wordCount":170,"publisher":{"@id":"https:\/\/jornaldasoficinas.com\/pt\/#organization"},"image":{"@id":"https:\/\/jornaldasoficinas.com\/pt\/cepra-reune-equipas-para-balanco-de-2025-e-perspetivas-futuras\/#primaryimage"},"thumbnailUrl":"https:\/\/jornaldasoficinas.com\/pt\/wp-content\/uploads\/2026\/01\/CEPRA-reune-equipas-para-balanco-de-2025-e-perspetivas-futuras.jpg","keywords":["balan\u00e7o de 2025","CEPRA","encontro","perspetivas para 2026","visita cultural"],"articleSection":["Empresas"],"inLanguage":"pt-PT"},{"@type":"WebPage","@id":"https:\/\/jornaldasoficinas.com\/pt\/cepra-reune-equipas-para-balanco-de-2025-e-perspetivas-futuras\/","url":"https:\/\/jornaldasoficinas.com\/pt\/cepra-reune-equipas-para-balanco-de-2025-e-perspetivas-futuras\/","name":"CEPRA re\u00fane equipas para balan\u00e7o de 2025 e perspetivas futuras - Jornal das Oficinas","isPartOf":{"@id":"https:\/\/jornaldasoficinas.com\/pt\/#website"},"primaryImageOfPage":{"@id":"https:\/\/jornaldasoficinas.com\/pt\/cepra-reune-equipas-para-balanco-de-2025-e-perspetivas-futuras\/#primaryimage"},"image":{"@id":"https:\/\/jornaldasoficinas.com\/pt\/cepra-reune-equipas-para-balanco-de-2025-e-perspetivas-futuras\/#primaryimage"},"thumbnailUrl":"https:\/\/jornaldasoficinas.com\/pt\/wp-content\/uploads\/2026\/01\/CEPRA-reune-equipas-para-balanco-de-2025-e-perspetivas-futuras.jpg","datePublished":"2026-01-30T12:30:50+00:00","description":"O CEPRA reuniu \u00f3rg\u00e3os sociais, dire\u00e7\u00e3o, dirigentes, chefias e colaboradores num encontro dedicado \u00e0 partilha e \u00e0 reflex\u00e3o sobre a atividade","breadcrumb":{"@id":"https:\/\/jornaldasoficinas.com\/pt\/cepra-reune-equipas-para-balanco-de-2025-e-perspetivas-futuras\/#breadcrumb"},"inLanguage":"pt-PT","potentialAction":[{"@type":"ReadAction","target":["https:\/\/jornaldasoficinas.com\/pt\/cepra-reune-equipas-para-balanco-de-2025-e-perspetivas-futuras\/"]}]},{"@type":"ImageObject","inLanguage":"pt-PT","@id":"https:\/\/jornaldasoficinas.com\/pt\/cepra-reune-equipas-para-balanco-de-2025-e-perspetivas-futuras\/#primaryimage","url":"https:\/\/jornaldasoficinas.com\/pt\/wp-content\/uploads\/2026\/01\/CEPRA-reune-equipas-para-balanco-de-2025-e-perspetivas-futuras.jpg","contentUrl":"https:\/\/jornaldasoficinas.com\/pt\/wp-content\/uploads\/2026\/01\/CEPRA-reune-equipas-para-balanco-de-2025-e-perspetivas-futuras.jpg","width":1024,"height":581,"caption":"01 - CEPRA reune equipas para balanco de 2025 e perspetivas futuras"},{"@type":"BreadcrumbList","@id":"https:\/\/jornaldasoficinas.com\/pt\/cepra-reune-equipas-para-balanco-de-2025-e-perspetivas-futuras\/#breadcrumb","itemListElement":[{"@type":"ListItem","position":1,"name":"In\u00edcio","item":"https:\/\/jornaldasoficinas.com\/pt\/"},{"@type":"ListItem","position":2,"name":"CEPRA re\u00fane equipas para balan\u00e7o de 2025 e perspetivas futuras"}]},{"@type":"WebSite","@id":"https:\/\/jornaldasoficinas.com\/pt\/#website","url":"https:\/\/jornaldasoficinas.com\/pt\/","name":"Jornal das Oficinas","description":"Jornal independente do Aftermarket Autom\u00f3vel em Portugal","publisher":{"@id":"https:\/\/jornaldasoficinas.com\/pt\/#organization"},"potentialAction":[{"@type":"SearchAction","target":{"@type":"EntryPoint","urlTemplate":"https:\/\/jornaldasoficinas.com\/pt\/?s={search_term_string}"},"query-input":{"@type":"PropertyValueSpecification","valueRequired":true,"valueName":"search_term_string"}}],"inLanguage":"pt-PT"},{"@type":"Organization","@id":"https:\/\/jornaldasoficinas.com\/pt\/#organization","name":"Jornal das Oficinas","url":"https:\/\/jornaldasoficinas.com\/pt\/","logo":{"@type":"ImageObject","inLanguage":"pt-PT","@id":"https:\/\/jornaldasoficinas.com\/pt\/#\/schema\/logo\/image\/","url":"https:\/\/jornaldasoficinas.com\/pt\/wp-content\/uploads\/logoJO-SEO.png","contentUrl":"https:\/\/jornaldasoficinas.com\/pt\/wp-content\/uploads\/logoJO-SEO.png","width":285,"height":450,"caption":"Jornal das Oficinas"},"image":{"@id":"https:\/\/jornaldasoficinas.com\/pt\/#\/schema\/logo\/image\/"},"sameAs":["https:\/\/www.facebook.com\/jornaloficinas","https:\/\/x.com\/jornaloficinas","https:\/\/www.instagram.com\/jornal_oficinas\/","https:\/\/www.linkedin.com\/company\/jornal-das-oficinas\/","https:\/\/www.youtube.com\/channel\/UCbQZBqtcvV-oSQrr7RzINGg"]},{"@type":"Person","@id":"https:\/\/jornaldasoficinas.com\/pt\/#\/schema\/person\/a38eef5de2c41d9e7c9ac10141afddf3","name":"Reda\u00e7\u00e3o JO","image":{"@type":"ImageObject","inLanguage":"pt-PT","@id":"https:\/\/secure.gravatar.com\/avatar\/71f2fa71737ad68a84fea94bc708ddac8ea5b0c4788dc2ad202f3ccb2887742f?s=96&d=wp_user_avatar&r=g","url":"https:\/\/secure.gravatar.com\/avatar\/71f2fa71737ad68a84fea94bc708ddac8ea5b0c4788dc2ad202f3ccb2887742f?s=96&d=wp_user_avatar&r=g","contentUrl":"https:\/\/secure.gravatar.com\/avatar\/71f2fa71737ad68a84fea94bc708ddac8ea5b0c4788dc2ad202f3ccb2887742f?s=96&d=wp_user_avatar&r=g","caption":"Reda\u00e7\u00e3o JO"},"url":"https:\/\/jornaldasoficinas.com\/pt\/author\/joredacao\/"}]}},"_links":{"self":[{"href":"https:\/\/jornaldasoficinas.com\/pt\/wp-json\/wp\/v2\/posts\/112353","targetHints":{"allow":["GET"]}}],"collection":[{"href":"https:\/\/jornaldasoficinas.com\/pt\/wp-json\/wp\/v2\/posts"}],"about":[{"href":"https:\/\/jornaldasoficinas.com\/pt\/wp-json\/wp\/v2\/types\/post"}],"author":[{"embeddable":true,"href":"https:\/\/jornaldasoficinas.com\/pt\/wp-json\/wp\/v2\/users\/15"}],"replies":[{"embeddable":true,"href":"https:\/\/jornaldasoficinas.com\/pt\/wp-json\/wp\/v2\/comments?post=112353"}],"version-history":[{"count":5,"href":"https:\/\/jornaldasoficinas.com\/pt\/wp-json\/wp\/v2\/posts\/112353\/revisions"}],"predecessor-version":[{"id":112367,"href":"https:\/\/jornaldasoficinas.com\/pt\/wp-json\/wp\/v2\/posts\/112353\/revisions\/112367"}],"wp:featuredmedia":[{"embeddable":true,"href":"https:\/\/jornaldasoficinas.com\/pt\/wp-json\/wp\/v2\/media\/112365"}],"wp:attachment":[{"href":"https:\/\/jornaldasoficinas.com\/pt\/wp-json\/wp\/v2\/media?parent=112353"}],"wp:term":[{"taxonomy":"category","embeddable":true,"href":"https:\/\/jornaldasoficinas.com\/pt\/wp-json\/wp\/v2\/categories?post=112353"},{"taxonomy":"post_tag","embeddable":true,"href":"https:\/\/jornaldasoficinas.com\/pt\/wp-json\/wp\/v2\/tags?post=112353"}],"curies":[{"name":"wp","href":"https:\/\/api.w.org\/{rel}","templated":true}]}}