{"id":112375,"date":"2026-01-30T18:00:07","date_gmt":"2026-01-30T18:00:07","guid":{"rendered":"https:\/\/jornaldasoficinas.com\/pt\/?p=112375"},"modified":"2026-01-29T11:20:08","modified_gmt":"2026-01-29T11:20:08","slug":"nissan-apresenta-eletrico-ariya-movido-a-energia-solar","status":"publish","type":"post","link":"https:\/\/jornaldasoficinas.com\/pt\/nissan-apresenta-eletrico-ariya-movido-a-energia-solar\/","title":{"rendered":"Nissan apresenta el\u00e9trico Ariya movido a energia solar"},"content":{"rendered":"<p><img loading=\"lazy\" decoding=\"async\" class=\"size-full wp-image-112379\" src=\"https:\/\/jornaldasoficinas.com\/pt\/wp-content\/uploads\/2026\/01\/Nissan-apresenta-eletrico-Ariya-movido-a-energia-solar.jpg\" alt=\"01 - Nissan apresenta eletrico Ariya movido a energia solar\" width=\"1024\" height=\"581\" srcset=\"https:\/\/jornaldasoficinas.com\/pt\/wp-content\/uploads\/2026\/01\/Nissan-apresenta-eletrico-Ariya-movido-a-energia-solar.jpg 1024w, https:\/\/jornaldasoficinas.com\/pt\/wp-content\/uploads\/2026\/01\/Nissan-apresenta-eletrico-Ariya-movido-a-energia-solar-300x170.jpg 300w, https:\/\/jornaldasoficinas.com\/pt\/wp-content\/uploads\/2026\/01\/Nissan-apresenta-eletrico-Ariya-movido-a-energia-solar-150x85.jpg 150w, https:\/\/jornaldasoficinas.com\/pt\/wp-content\/uploads\/2026\/01\/Nissan-apresenta-eletrico-Ariya-movido-a-energia-solar-768x436.jpg 768w\" sizes=\"auto, (max-width: 1024px) 100vw, 1024px\" \/><\/p>\n<p><strong>A <a href=\"https:\/\/www.nissan.pt\/\" target=\"_blank\" rel=\"noopener\">Nissan<\/a> revelou um Nissan Ariya equipado com pain\u00e9is solares integrados, num projeto conceptual que explora o potencial da energia solar como complemento ao carregamento de ve\u00edculos el\u00e9tricos<\/strong><\/p>\n<p>O prot\u00f3tipo foi desenvolvido por equipas de planeamento avan\u00e7ado da Nissan no Dubai e em Barcelona, e integra 3,8 metros quadrados de pain\u00e9is fotovoltaicos de alta efici\u00eancia no capot, tejadilho e porta da bagageira. O sistema converte a luz solar em energia el\u00e9trica, gerida por um controlo avan\u00e7ado que visa reduzir a depend\u00eancia de carregadores externos.<\/p>\n<p>Testes em ambiente real indicam que, em condi\u00e7\u00f5es ideais, o sistema pode gerar at\u00e9 23 quil\u00f3metros adicionais de autonomia por dia. Em cidades com elevada exposi\u00e7\u00e3o solar, como Barcelona, a produ\u00e7\u00e3o m\u00e9dia pode atingir 17,6 km di\u00e1rios, enquanto em Londres a m\u00e9dia anual ronda os 10,2 km. No Nova Deli e no Dubai, os valores m\u00e9dios anuais sobem para 18,9 km e 21,2 km, respetivamente.<\/p>\n<p>De acordo com a Nissan, esta tecnologia poder\u00e1 permitir uma redu\u00e7\u00e3o da frequ\u00eancia de carregamento entre 35% e 65%, dependendo do perfil de utiliza\u00e7\u00e3o. Em trajetos prolongados, como uma viagem de duas horas e 80 quil\u00f3metros, o sistema pode produzir cerca de 0,5 kWh de energia, acrescentando at\u00e9 tr\u00eas quil\u00f3metros de autonomia sem emiss\u00f5es.<\/p>\n<p>O desenvolvimento do projeto contou com a colabora\u00e7\u00e3o da Lightyear, especializada em mobilidade solar, que forneceu a tecnologia de pain\u00e9is utilizada no conceito. Testes de longa dist\u00e2ncia, incluindo uma viagem de 1.550 quil\u00f3metros entre os Pa\u00edses Baixos e Barcelona, demonstraram uma redu\u00e7\u00e3o significativa no n\u00famero de paragens para carregamento.<\/p>\n<p>&#8220;O Nissan Ariya movido a energia solar d\u00e1 forma \u00e0 cren\u00e7a da Nissan de que a inova\u00e7\u00e3o e a sustentabilidade devem avan\u00e7ar lado a lado. Ao explorar a ideia de que os ve\u00edculos podem criar a sua pr\u00f3pria energia renov\u00e1vel, estamos a abrir as portas para novas oportunidades para os clientes \u2013 maior liberdade, menor depend\u00eancia de carregamento e um futuro mais limpo. Este conceito n\u00e3o \u00e9 apenas um marco t\u00e9cnico; \u00e9 uma vis\u00e3o de como a Nissan pretende liderar a pr\u00f3xima fase da mobilidade el\u00e9trica&#8221;, afirmou Shunsuke Shigemoto, vice-presidente de ePowertrain &amp; Internal Combustion Engine Powertrain (ICE), Technology Research &amp; Advanced Engineering &amp; Chief Powertrain Engineer, Nissan AMIEO.<\/p>\n<p>O projeto enquadra-se na estrat\u00e9gia de longo prazo da Nissan, que prev\u00ea alcan\u00e7ar a neutralidade carb\u00f3nica em todo o ciclo de vida dos seus produtos e opera\u00e7\u00f5es at\u00e9 2050.<\/p>\n","protected":false},"excerpt":{"rendered":"<p>A Nissan revelou um Nissan Ariya&#8230;<\/p>\n","protected":false},"author":15,"featured_media":112379,"comment_status":"closed","ping_status":"closed","sticky":false,"template":"","format":"standard","meta":{"footnotes":""},"categories":[29],"tags":[14475,312,14474,14476,89],"class_list":["post-112375","post","type-post","status-publish","format-standard","has-post-thumbnail","hentry","category-empresas","tag-movido-a-energia-solar","tag-nissan","tag-nissan-ariya","tag-projeto-conceptual","tag-veiculos-eletricos"],"yoast_head":"<!-- This site is optimized with the Yoast SEO plugin v27.5 - https:\/\/yoast.com\/product\/yoast-seo-wordpress\/ -->\n<title>Nissan apresenta el\u00e9trico Ariya movido a energia solar - Jornal das Oficinas<\/title>\n<meta name=\"description\" content=\"A Nissan revelou um Nissan Ariya equipado com pain\u00e9is solares integrados, num projeto conceptual que explora o potencial da energia solar\" \/>\n<meta name=\"robots\" content=\"index, follow, max-snippet:-1, max-image-preview:large, max-video-preview:-1\" \/>\n<link rel=\"canonical\" href=\"https:\/\/jornaldasoficinas.com\/pt\/nissan-apresenta-eletrico-ariya-movido-a-energia-solar\/\" \/>\n<meta property=\"og:locale\" content=\"pt_PT\" \/>\n<meta property=\"og:type\" content=\"article\" \/>\n<meta property=\"og:title\" content=\"Nissan apresenta el\u00e9trico Ariya movido a energia solar - Jornal das Oficinas\" \/>\n<meta property=\"og:description\" content=\"A Nissan revelou um Nissan Ariya equipado com pain\u00e9is solares integrados, num projeto conceptual que explora o potencial da energia solar\" \/>\n<meta property=\"og:url\" content=\"https:\/\/jornaldasoficinas.com\/pt\/nissan-apresenta-eletrico-ariya-movido-a-energia-solar\/\" \/>\n<meta property=\"og:site_name\" content=\"Jornal das Oficinas\" \/>\n<meta property=\"article:publisher\" content=\"https:\/\/www.facebook.com\/jornaloficinas\" \/>\n<meta property=\"article:published_time\" content=\"2026-01-30T18:00:07+00:00\" \/>\n<meta property=\"og:image\" content=\"https:\/\/jornaldasoficinas.com\/pt\/wp-content\/uploads\/2026\/01\/Nissan-apresenta-eletrico-Ariya-movido-a-energia-solar.jpg\" \/>\n\t<meta property=\"og:image:width\" content=\"1024\" \/>\n\t<meta property=\"og:image:height\" content=\"581\" \/>\n\t<meta property=\"og:image:type\" content=\"image\/jpeg\" \/>\n<meta name=\"author\" content=\"Reda\u00e7\u00e3o JO\" \/>\n<meta name=\"twitter:card\" content=\"summary_large_image\" \/>\n<meta name=\"twitter:creator\" content=\"@jornaloficinas\" \/>\n<meta name=\"twitter:site\" content=\"@jornaloficinas\" \/>\n<meta name=\"twitter:label1\" content=\"Escrito por\" \/>\n\t<meta name=\"twitter:data1\" content=\"Reda\u00e7\u00e3o JO\" \/>\n\t<meta name=\"twitter:label2\" content=\"Tempo estimado de leitura\" \/>\n\t<meta name=\"twitter:data2\" content=\"3 minutos\" \/>\n<script type=\"application\/ld+json\" class=\"yoast-schema-graph\">{\"@context\":\"https:\\\/\\\/schema.org\",\"@graph\":[{\"@type\":\"Article\",\"@id\":\"https:\\\/\\\/jornaldasoficinas.com\\\/pt\\\/nissan-apresenta-eletrico-ariya-movido-a-energia-solar\\\/#article\",\"isPartOf\":{\"@id\":\"https:\\\/\\\/jornaldasoficinas.com\\\/pt\\\/nissan-apresenta-eletrico-ariya-movido-a-energia-solar\\\/\"},\"author\":{\"name\":\"Reda\u00e7\u00e3o JO\",\"@id\":\"https:\\\/\\\/jornaldasoficinas.com\\\/pt\\\/#\\\/schema\\\/person\\\/a38eef5de2c41d9e7c9ac10141afddf3\"},\"headline\":\"Nissan apresenta el\u00e9trico Ariya movido a energia solar\",\"datePublished\":\"2026-01-30T18:00:07+00:00\",\"mainEntityOfPage\":{\"@id\":\"https:\\\/\\\/jornaldasoficinas.com\\\/pt\\\/nissan-apresenta-eletrico-ariya-movido-a-energia-solar\\\/\"},\"wordCount\":431,\"publisher\":{\"@id\":\"https:\\\/\\\/jornaldasoficinas.com\\\/pt\\\/#organization\"},\"image\":{\"@id\":\"https:\\\/\\\/jornaldasoficinas.com\\\/pt\\\/nissan-apresenta-eletrico-ariya-movido-a-energia-solar\\\/#primaryimage\"},\"thumbnailUrl\":\"https:\\\/\\\/jornaldasoficinas.com\\\/pt\\\/wp-content\\\/uploads\\\/2026\\\/01\\\/Nissan-apresenta-eletrico-Ariya-movido-a-energia-solar.jpg\",\"keywords\":[\"movido a energia solar\",\"Nissan\",\"Nissan Ariya\",\"projeto conceptual\",\"Ve\u00edculos el\u00e9tricos\"],\"articleSection\":[\"Empresas\"],\"inLanguage\":\"pt-PT\"},{\"@type\":\"WebPage\",\"@id\":\"https:\\\/\\\/jornaldasoficinas.com\\\/pt\\\/nissan-apresenta-eletrico-ariya-movido-a-energia-solar\\\/\",\"url\":\"https:\\\/\\\/jornaldasoficinas.com\\\/pt\\\/nissan-apresenta-eletrico-ariya-movido-a-energia-solar\\\/\",\"name\":\"Nissan apresenta el\u00e9trico Ariya movido a energia solar - Jornal das Oficinas\",\"isPartOf\":{\"@id\":\"https:\\\/\\\/jornaldasoficinas.com\\\/pt\\\/#website\"},\"primaryImageOfPage\":{\"@id\":\"https:\\\/\\\/jornaldasoficinas.com\\\/pt\\\/nissan-apresenta-eletrico-ariya-movido-a-energia-solar\\\/#primaryimage\"},\"image\":{\"@id\":\"https:\\\/\\\/jornaldasoficinas.com\\\/pt\\\/nissan-apresenta-eletrico-ariya-movido-a-energia-solar\\\/#primaryimage\"},\"thumbnailUrl\":\"https:\\\/\\\/jornaldasoficinas.com\\\/pt\\\/wp-content\\\/uploads\\\/2026\\\/01\\\/Nissan-apresenta-eletrico-Ariya-movido-a-energia-solar.jpg\",\"datePublished\":\"2026-01-30T18:00:07+00:00\",\"description\":\"A Nissan revelou um Nissan Ariya equipado com pain\u00e9is solares integrados, num projeto conceptual que explora o potencial da energia solar\",\"breadcrumb\":{\"@id\":\"https:\\\/\\\/jornaldasoficinas.com\\\/pt\\\/nissan-apresenta-eletrico-ariya-movido-a-energia-solar\\\/#breadcrumb\"},\"inLanguage\":\"pt-PT\",\"potentialAction\":[{\"@type\":\"ReadAction\",\"target\":[\"https:\\\/\\\/jornaldasoficinas.com\\\/pt\\\/nissan-apresenta-eletrico-ariya-movido-a-energia-solar\\\/\"]}]},{\"@type\":\"ImageObject\",\"inLanguage\":\"pt-PT\",\"@id\":\"https:\\\/\\\/jornaldasoficinas.com\\\/pt\\\/nissan-apresenta-eletrico-ariya-movido-a-energia-solar\\\/#primaryimage\",\"url\":\"https:\\\/\\\/jornaldasoficinas.com\\\/pt\\\/wp-content\\\/uploads\\\/2026\\\/01\\\/Nissan-apresenta-eletrico-Ariya-movido-a-energia-solar.jpg\",\"contentUrl\":\"https:\\\/\\\/jornaldasoficinas.com\\\/pt\\\/wp-content\\\/uploads\\\/2026\\\/01\\\/Nissan-apresenta-eletrico-Ariya-movido-a-energia-solar.jpg\",\"width\":1024,\"height\":581,\"caption\":\"DRIVING ON SUNSHINE: Nissan Celebrates Clean Energy Day With A Solar\u2011Powered Ariya Concept\"},{\"@type\":\"BreadcrumbList\",\"@id\":\"https:\\\/\\\/jornaldasoficinas.com\\\/pt\\\/nissan-apresenta-eletrico-ariya-movido-a-energia-solar\\\/#breadcrumb\",\"itemListElement\":[{\"@type\":\"ListItem\",\"position\":1,\"name\":\"In\u00edcio\",\"item\":\"https:\\\/\\\/jornaldasoficinas.com\\\/pt\\\/\"},{\"@type\":\"ListItem\",\"position\":2,\"name\":\"Nissan apresenta el\u00e9trico Ariya movido a energia solar\"}]},{\"@type\":\"WebSite\",\"@id\":\"https:\\\/\\\/jornaldasoficinas.com\\\/pt\\\/#website\",\"url\":\"https:\\\/\\\/jornaldasoficinas.com\\\/pt\\\/\",\"name\":\"Jornal das Oficinas\",\"description\":\"Jornal independente do Aftermarket Autom\u00f3vel em Portugal\",\"publisher\":{\"@id\":\"https:\\\/\\\/jornaldasoficinas.com\\\/pt\\\/#organization\"},\"potentialAction\":[{\"@type\":\"SearchAction\",\"target\":{\"@type\":\"EntryPoint\",\"urlTemplate\":\"https:\\\/\\\/jornaldasoficinas.com\\\/pt\\\/?s={search_term_string}\"},\"query-input\":{\"@type\":\"PropertyValueSpecification\",\"valueRequired\":true,\"valueName\":\"search_term_string\"}}],\"inLanguage\":\"pt-PT\"},{\"@type\":\"Organization\",\"@id\":\"https:\\\/\\\/jornaldasoficinas.com\\\/pt\\\/#organization\",\"name\":\"Jornal das Oficinas\",\"url\":\"https:\\\/\\\/jornaldasoficinas.com\\\/pt\\\/\",\"logo\":{\"@type\":\"ImageObject\",\"inLanguage\":\"pt-PT\",\"@id\":\"https:\\\/\\\/jornaldasoficinas.com\\\/pt\\\/#\\\/schema\\\/logo\\\/image\\\/\",\"url\":\"https:\\\/\\\/jornaldasoficinas.com\\\/pt\\\/wp-content\\\/uploads\\\/logoJO-SEO.png\",\"contentUrl\":\"https:\\\/\\\/jornaldasoficinas.com\\\/pt\\\/wp-content\\\/uploads\\\/logoJO-SEO.png\",\"width\":285,\"height\":450,\"caption\":\"Jornal das Oficinas\"},\"image\":{\"@id\":\"https:\\\/\\\/jornaldasoficinas.com\\\/pt\\\/#\\\/schema\\\/logo\\\/image\\\/\"},\"sameAs\":[\"https:\\\/\\\/www.facebook.com\\\/jornaloficinas\",\"https:\\\/\\\/x.com\\\/jornaloficinas\",\"https:\\\/\\\/www.instagram.com\\\/jornal_oficinas\\\/\",\"https:\\\/\\\/www.linkedin.com\\\/company\\\/jornal-das-oficinas\\\/\",\"https:\\\/\\\/www.youtube.com\\\/channel\\\/UCbQZBqtcvV-oSQrr7RzINGg\"]},{\"@type\":\"Person\",\"@id\":\"https:\\\/\\\/jornaldasoficinas.com\\\/pt\\\/#\\\/schema\\\/person\\\/a38eef5de2c41d9e7c9ac10141afddf3\",\"name\":\"Reda\u00e7\u00e3o JO\",\"image\":{\"@type\":\"ImageObject\",\"inLanguage\":\"pt-PT\",\"@id\":\"https:\\\/\\\/secure.gravatar.com\\\/avatar\\\/71f2fa71737ad68a84fea94bc708ddac8ea5b0c4788dc2ad202f3ccb2887742f?s=96&d=wp_user_avatar&r=g\",\"url\":\"https:\\\/\\\/secure.gravatar.com\\\/avatar\\\/71f2fa71737ad68a84fea94bc708ddac8ea5b0c4788dc2ad202f3ccb2887742f?s=96&d=wp_user_avatar&r=g\",\"contentUrl\":\"https:\\\/\\\/secure.gravatar.com\\\/avatar\\\/71f2fa71737ad68a84fea94bc708ddac8ea5b0c4788dc2ad202f3ccb2887742f?s=96&d=wp_user_avatar&r=g\",\"caption\":\"Reda\u00e7\u00e3o JO\"},\"url\":\"https:\\\/\\\/jornaldasoficinas.com\\\/pt\\\/author\\\/joredacao\\\/\"}]}<\/script>\n<!-- \/ Yoast SEO plugin. -->","yoast_head_json":{"title":"Nissan apresenta el\u00e9trico Ariya movido a energia solar - Jornal das Oficinas","description":"A Nissan revelou um Nissan Ariya equipado com pain\u00e9is solares integrados, num projeto conceptual que explora o potencial da energia solar","robots":{"index":"index","follow":"follow","max-snippet":"max-snippet:-1","max-image-preview":"max-image-preview:large","max-video-preview":"max-video-preview:-1"},"canonical":"https:\/\/jornaldasoficinas.com\/pt\/nissan-apresenta-eletrico-ariya-movido-a-energia-solar\/","og_locale":"pt_PT","og_type":"article","og_title":"Nissan apresenta el\u00e9trico Ariya movido a energia solar - Jornal das Oficinas","og_description":"A Nissan revelou um Nissan Ariya equipado com pain\u00e9is solares integrados, num projeto conceptual que explora o potencial da energia solar","og_url":"https:\/\/jornaldasoficinas.com\/pt\/nissan-apresenta-eletrico-ariya-movido-a-energia-solar\/","og_site_name":"Jornal das Oficinas","article_publisher":"https:\/\/www.facebook.com\/jornaloficinas","article_published_time":"2026-01-30T18:00:07+00:00","og_image":[{"width":1024,"height":581,"url":"https:\/\/jornaldasoficinas.com\/pt\/wp-content\/uploads\/2026\/01\/Nissan-apresenta-eletrico-Ariya-movido-a-energia-solar.jpg","type":"image\/jpeg"}],"author":"Reda\u00e7\u00e3o JO","twitter_card":"summary_large_image","twitter_creator":"@jornaloficinas","twitter_site":"@jornaloficinas","twitter_misc":{"Escrito por":"Reda\u00e7\u00e3o JO","Tempo estimado de leitura":"3 minutos"},"schema":{"@context":"https:\/\/schema.org","@graph":[{"@type":"Article","@id":"https:\/\/jornaldasoficinas.com\/pt\/nissan-apresenta-eletrico-ariya-movido-a-energia-solar\/#article","isPartOf":{"@id":"https:\/\/jornaldasoficinas.com\/pt\/nissan-apresenta-eletrico-ariya-movido-a-energia-solar\/"},"author":{"name":"Reda\u00e7\u00e3o JO","@id":"https:\/\/jornaldasoficinas.com\/pt\/#\/schema\/person\/a38eef5de2c41d9e7c9ac10141afddf3"},"headline":"Nissan apresenta el\u00e9trico Ariya movido a energia solar","datePublished":"2026-01-30T18:00:07+00:00","mainEntityOfPage":{"@id":"https:\/\/jornaldasoficinas.com\/pt\/nissan-apresenta-eletrico-ariya-movido-a-energia-solar\/"},"wordCount":431,"publisher":{"@id":"https:\/\/jornaldasoficinas.com\/pt\/#organization"},"image":{"@id":"https:\/\/jornaldasoficinas.com\/pt\/nissan-apresenta-eletrico-ariya-movido-a-energia-solar\/#primaryimage"},"thumbnailUrl":"https:\/\/jornaldasoficinas.com\/pt\/wp-content\/uploads\/2026\/01\/Nissan-apresenta-eletrico-Ariya-movido-a-energia-solar.jpg","keywords":["movido a energia solar","Nissan","Nissan Ariya","projeto conceptual","Ve\u00edculos el\u00e9tricos"],"articleSection":["Empresas"],"inLanguage":"pt-PT"},{"@type":"WebPage","@id":"https:\/\/jornaldasoficinas.com\/pt\/nissan-apresenta-eletrico-ariya-movido-a-energia-solar\/","url":"https:\/\/jornaldasoficinas.com\/pt\/nissan-apresenta-eletrico-ariya-movido-a-energia-solar\/","name":"Nissan apresenta el\u00e9trico Ariya movido a energia solar - Jornal das Oficinas","isPartOf":{"@id":"https:\/\/jornaldasoficinas.com\/pt\/#website"},"primaryImageOfPage":{"@id":"https:\/\/jornaldasoficinas.com\/pt\/nissan-apresenta-eletrico-ariya-movido-a-energia-solar\/#primaryimage"},"image":{"@id":"https:\/\/jornaldasoficinas.com\/pt\/nissan-apresenta-eletrico-ariya-movido-a-energia-solar\/#primaryimage"},"thumbnailUrl":"https:\/\/jornaldasoficinas.com\/pt\/wp-content\/uploads\/2026\/01\/Nissan-apresenta-eletrico-Ariya-movido-a-energia-solar.jpg","datePublished":"2026-01-30T18:00:07+00:00","description":"A Nissan revelou um Nissan Ariya equipado com pain\u00e9is solares integrados, num projeto conceptual que explora o potencial da energia solar","breadcrumb":{"@id":"https:\/\/jornaldasoficinas.com\/pt\/nissan-apresenta-eletrico-ariya-movido-a-energia-solar\/#breadcrumb"},"inLanguage":"pt-PT","potentialAction":[{"@type":"ReadAction","target":["https:\/\/jornaldasoficinas.com\/pt\/nissan-apresenta-eletrico-ariya-movido-a-energia-solar\/"]}]},{"@type":"ImageObject","inLanguage":"pt-PT","@id":"https:\/\/jornaldasoficinas.com\/pt\/nissan-apresenta-eletrico-ariya-movido-a-energia-solar\/#primaryimage","url":"https:\/\/jornaldasoficinas.com\/pt\/wp-content\/uploads\/2026\/01\/Nissan-apresenta-eletrico-Ariya-movido-a-energia-solar.jpg","contentUrl":"https:\/\/jornaldasoficinas.com\/pt\/wp-content\/uploads\/2026\/01\/Nissan-apresenta-eletrico-Ariya-movido-a-energia-solar.jpg","width":1024,"height":581,"caption":"DRIVING ON SUNSHINE: Nissan Celebrates Clean Energy Day With A Solar\u2011Powered Ariya Concept"},{"@type":"BreadcrumbList","@id":"https:\/\/jornaldasoficinas.com\/pt\/nissan-apresenta-eletrico-ariya-movido-a-energia-solar\/#breadcrumb","itemListElement":[{"@type":"ListItem","position":1,"name":"In\u00edcio","item":"https:\/\/jornaldasoficinas.com\/pt\/"},{"@type":"ListItem","position":2,"name":"Nissan apresenta el\u00e9trico Ariya movido a energia solar"}]},{"@type":"WebSite","@id":"https:\/\/jornaldasoficinas.com\/pt\/#website","url":"https:\/\/jornaldasoficinas.com\/pt\/","name":"Jornal das Oficinas","description":"Jornal independente do Aftermarket Autom\u00f3vel em Portugal","publisher":{"@id":"https:\/\/jornaldasoficinas.com\/pt\/#organization"},"potentialAction":[{"@type":"SearchAction","target":{"@type":"EntryPoint","urlTemplate":"https:\/\/jornaldasoficinas.com\/pt\/?s={search_term_string}"},"query-input":{"@type":"PropertyValueSpecification","valueRequired":true,"valueName":"search_term_string"}}],"inLanguage":"pt-PT"},{"@type":"Organization","@id":"https:\/\/jornaldasoficinas.com\/pt\/#organization","name":"Jornal das Oficinas","url":"https:\/\/jornaldasoficinas.com\/pt\/","logo":{"@type":"ImageObject","inLanguage":"pt-PT","@id":"https:\/\/jornaldasoficinas.com\/pt\/#\/schema\/logo\/image\/","url":"https:\/\/jornaldasoficinas.com\/pt\/wp-content\/uploads\/logoJO-SEO.png","contentUrl":"https:\/\/jornaldasoficinas.com\/pt\/wp-content\/uploads\/logoJO-SEO.png","width":285,"height":450,"caption":"Jornal das Oficinas"},"image":{"@id":"https:\/\/jornaldasoficinas.com\/pt\/#\/schema\/logo\/image\/"},"sameAs":["https:\/\/www.facebook.com\/jornaloficinas","https:\/\/x.com\/jornaloficinas","https:\/\/www.instagram.com\/jornal_oficinas\/","https:\/\/www.linkedin.com\/company\/jornal-das-oficinas\/","https:\/\/www.youtube.com\/channel\/UCbQZBqtcvV-oSQrr7RzINGg"]},{"@type":"Person","@id":"https:\/\/jornaldasoficinas.com\/pt\/#\/schema\/person\/a38eef5de2c41d9e7c9ac10141afddf3","name":"Reda\u00e7\u00e3o JO","image":{"@type":"ImageObject","inLanguage":"pt-PT","@id":"https:\/\/secure.gravatar.com\/avatar\/71f2fa71737ad68a84fea94bc708ddac8ea5b0c4788dc2ad202f3ccb2887742f?s=96&d=wp_user_avatar&r=g","url":"https:\/\/secure.gravatar.com\/avatar\/71f2fa71737ad68a84fea94bc708ddac8ea5b0c4788dc2ad202f3ccb2887742f?s=96&d=wp_user_avatar&r=g","contentUrl":"https:\/\/secure.gravatar.com\/avatar\/71f2fa71737ad68a84fea94bc708ddac8ea5b0c4788dc2ad202f3ccb2887742f?s=96&d=wp_user_avatar&r=g","caption":"Reda\u00e7\u00e3o JO"},"url":"https:\/\/jornaldasoficinas.com\/pt\/author\/joredacao\/"}]}},"_links":{"self":[{"href":"https:\/\/jornaldasoficinas.com\/pt\/wp-json\/wp\/v2\/posts\/112375","targetHints":{"allow":["GET"]}}],"collection":[{"href":"https:\/\/jornaldasoficinas.com\/pt\/wp-json\/wp\/v2\/posts"}],"about":[{"href":"https:\/\/jornaldasoficinas.com\/pt\/wp-json\/wp\/v2\/types\/post"}],"author":[{"embeddable":true,"href":"https:\/\/jornaldasoficinas.com\/pt\/wp-json\/wp\/v2\/users\/15"}],"replies":[{"embeddable":true,"href":"https:\/\/jornaldasoficinas.com\/pt\/wp-json\/wp\/v2\/comments?post=112375"}],"version-history":[{"count":4,"href":"https:\/\/jornaldasoficinas.com\/pt\/wp-json\/wp\/v2\/posts\/112375\/revisions"}],"predecessor-version":[{"id":112380,"href":"https:\/\/jornaldasoficinas.com\/pt\/wp-json\/wp\/v2\/posts\/112375\/revisions\/112380"}],"wp:featuredmedia":[{"embeddable":true,"href":"https:\/\/jornaldasoficinas.com\/pt\/wp-json\/wp\/v2\/media\/112379"}],"wp:attachment":[{"href":"https:\/\/jornaldasoficinas.com\/pt\/wp-json\/wp\/v2\/media?parent=112375"}],"wp:term":[{"taxonomy":"category","embeddable":true,"href":"https:\/\/jornaldasoficinas.com\/pt\/wp-json\/wp\/v2\/categories?post=112375"},{"taxonomy":"post_tag","embeddable":true,"href":"https:\/\/jornaldasoficinas.com\/pt\/wp-json\/wp\/v2\/tags?post=112375"}],"curies":[{"name":"wp","href":"https:\/\/api.w.org\/{rel}","templated":true}]}}